{"id":76133,"date":"2021-10-15T22:08:44","date_gmt":"2021-10-15T21:08:44","guid":{"rendered":"https:\/\/radioljubuski.ba\/?p=76133"},"modified":"2021-10-15T22:08:46","modified_gmt":"2021-10-15T21:08:46","slug":"netko-krade-fotografije-mladih-zena-s-nadgrobnih-spomenika-ovo-mi-je-samo-rane-raskopalo","status":"publish","type":"post","link":"https:\/\/radioljubuski.ba\/index.php\/2021\/10\/15\/netko-krade-fotografije-mladih-zena-s-nadgrobnih-spomenika-ovo-mi-je-samo-rane-raskopalo\/","title":{"rendered":"Netko krade fotografije mladih \u017eena s nadgrobnih spomenika: &#8216;Ovo mi je samo rane raskopalo&#8217;"},"content":{"rendered":"\n<p>Vi\u0161e Spli\u0107ana ostalo je zaprepa\u0161teno nakon \u0161to su do\u017eivjeli oskvrnu\u0107e nadgrobnih spomenika \u010dlanova svojih obitelji, a sve su potvrdili i u &#8220;Lovrincu&#8221;, ali i u splitskoj policiji, pi\u0161e&nbsp;<a href=\"https:\/\/slobodnadalmacija.hr\/split\/splicani-nam-svjedoce-o-strasnoj-boli-koju-su-dozivjeli-na-groblju-netko-krade-fotografije-mladih-zena-s-nadgrobnih-spomenika-policija-sve-zna-direktor-lovrinca-je-u-soku-malo-je-reci-monstrum-1135152\" target=\"_blank\" rel=\"noreferrer noopener\">Slobodna Dalmacija.<\/a><\/p>\n\n\n\n<p>Jedna obitelj iz Splita po\u010detkom listopada uputila se na Lovrinac kako bi uredila grob i promijenila cvije\u0107e, a kada su do\u0161li do obiteljskoga grobnog mjesta, nisu mogli vjerovati svojim o\u010dima. Naime, s nadgrobnog spomenika nedostajala je fotografija jedne \u010dlanice obitelji.&nbsp;<\/p>\n\n\n\n<p>&#8221;Bili smo \u0161okirani jer je nedostajala jedna od \u010detiri slike, koja je pripadala mla\u0111oj \u017eenskoj osobi iz na\u0161e obitelji. To\u010dno su se vidjeli tragovi na kamenu kako je netko poku\u0161avao kacavidom skinuti njezinu sliku i u tome uspio. Pogledali smo oko groba da nije slu\u010dajno slika ba\u010dena, ali nigdje je nismo na\u0161li. Odmah smo zvali fotokerami\u010dara kako bi ponovno napravio fotografiju, a kada smo mu ispri\u010dali \u0161to se dogodilo, kazao nam je da su ga u zadnje vrijeme zvale brojne obitelji da im ponovno izradi slike jer su ukradene. Rekao nam je da je rije\u010d sve redom o fotografijama mla\u0111ih \u017eenskih osoba&#8221;, ispri\u010dala je jedna sugovornica.<\/p>\n\n\n\n<p>Jedan sugra\u0111anin ispri\u010dao je da mu je sa groba k\u0107eri, njena fotografija ukradena dva puta. &#8221;Ovo mi je samo rane raskopalo i vi\u0161e boli nego na po\u010detku. Cijelo vrijeme vrtim film, pitam se za\u0161to bi netko ukrao njezinu sliku&#8221;, kazao je.<\/p>\n\n\n\n<p>Petar Rodi\u0107, direktor Groblja Lovrinac, ka\u017ee da se s ovim problemom bore ve\u0107 vi\u0161e od godinu dana.<\/p>\n\n\n\n<p>&#8221;Skrenuli smo pozornost i na\u0161im \u010duvarima, ali i policiji koja je nedavno imala neke indicije oko takvih kra\u0111a. Na\u017ealost, akcija nije rezultirala hvatanjem po\u010dinitelja. Ne znam uop\u0107e kako bih nazvao tu osobu koja krade fotografije i koje rije\u010di upotrijebiti. Malo je re\u0107i monstrum&#8221;, rekao je Rodi\u0107.<\/p>\n\n\n\n<p>Sa svime je upoznata splitska policija. Od po\u010detka godine na podru\u010dju gradskoga groblja Lovrinac prijavljeno je 14 razli\u010ditih o\u0161te\u0107enja na grobnicama. Obavljen je o\u010devid i kriminalisti\u010dko istra\u017eivanje i dalje se provodi.<\/p>\n\n\n\n<p>Izvor:slobodnadalmacija.hr<\/p>\n","protected":false},"excerpt":{"rendered":"<p>Vi\u0161e Spli\u0107ana ostalo je zaprepa\u0161teno nakon \u0161to su do\u017eivjeli oskvrnu\u0107e nadgrobnih spomenika \u010dlanova svojih obitelji, a sve su potvrdili i u &#8220;Lovrincu&#8221;, ali i u splitskoj policiji, pi\u0161e&nbsp;Slobodna Dalmacija. Jedna obitelj iz Splita po\u010detkom listopada uputila se na Lovrinac kako bi uredila grob i promijenila cvije\u0107e, a kada su do\u0161li do obiteljskoga grobnog mjesta, nisu [&hellip;]<\/p>\n","protected":false},"author":2,"featured_media":76134,"comment_status":"closed","ping_status":"closed","sticky":false,"template":"","format":"standard","meta":{"h5ap_radio_sources":[],"footnotes":""},"categories":[1],"tags":[],"class_list":["post-76133","post","type-post","status-publish","format-standard","has-post-thumbnail","hentry","category-bihiregija"],"yoast_head":"<!-- This site is optimized with the Yoast SEO plugin v27.4 - https:\/\/yoast.com\/product\/yoast-seo-wordpress\/ -->\n<title>Netko krade fotografije mladih \u017eena s nadgrobnih spomenika: &#039;Ovo mi je samo rane raskopalo&#039; - RADIO LJUBU\u0160KI<\/title>\n<meta name=\"robots\" content=\"index, follow, max-snippet:-1, max-image-preview:large, max-video-preview:-1\" \/>\n<link rel=\"canonical\" href=\"https:\/\/radioljubuski.ba\/index.php\/2021\/10\/15\/netko-krade-fotografije-mladih-zena-s-nadgrobnih-spomenika-ovo-mi-je-samo-rane-raskopalo\/\" \/>\n<meta property=\"og:locale\" content=\"hr_HR\" \/>\n<meta property=\"og:type\" content=\"article\" \/>\n<meta property=\"og:title\" content=\"Netko krade fotografije mladih \u017eena s nadgrobnih spomenika: &#039;Ovo mi je samo rane raskopalo&#039; - RADIO LJUBU\u0160KI\" \/>\n<meta property=\"og:description\" content=\"Vi\u0161e Spli\u0107ana ostalo je zaprepa\u0161teno nakon \u0161to su do\u017eivjeli oskvrnu\u0107e nadgrobnih spomenika \u010dlanova svojih obitelji, a sve su potvrdili i u &#8220;Lovrincu&#8221;, ali i u splitskoj policiji, pi\u0161e&nbsp;Slobodna Dalmacija. Jedna obitelj iz Splita po\u010detkom listopada uputila se na Lovrinac kako bi uredila grob i promijenila cvije\u0107e, a kada su do\u0161li do obiteljskoga grobnog mjesta, nisu [&hellip;]\" \/>\n<meta property=\"og:url\" content=\"https:\/\/radioljubuski.ba\/index.php\/2021\/10\/15\/netko-krade-fotografije-mladih-zena-s-nadgrobnih-spomenika-ovo-mi-je-samo-rane-raskopalo\/\" \/>\n<meta property=\"og:site_name\" content=\"RADIO LJUBU\u0160KI\" \/>\n<meta property=\"article:publisher\" content=\"https:\/\/www.facebook.com\/Radiio-Ljubuski-1490835324566332\" \/>\n<meta property=\"article:published_time\" content=\"2021-10-15T21:08:44+00:00\" \/>\n<meta property=\"article:modified_time\" content=\"2021-10-15T21:08:46+00:00\" \/>\n<meta property=\"og:image\" content=\"https:\/\/radioljubuski.ba\/wp-content\/uploads\/2021\/10\/8-2021-10-15-09-11-10-Groblje_Lovrinac_011-1024x768-1.jpg\" \/>\n\t<meta property=\"og:image:width\" content=\"1000\" \/>\n\t<meta property=\"og:image:height\" content=\"625\" \/>\n\t<meta property=\"og:image:type\" content=\"image\/jpeg\" \/>\n<meta name=\"author\" content=\"Radio Ljubu\u0161ki\" \/>\n<meta name=\"twitter:card\" content=\"summary_large_image\" \/>\n<meta name=\"twitter:creator\" content=\"@radioljubuski\" \/>\n<meta name=\"twitter:site\" content=\"@radioljubuski\" \/>\n<meta name=\"twitter:label1\" content=\"Napisao\/la\" \/>\n\t<meta name=\"twitter:data1\" content=\"Radio Ljubu\u0161ki\" \/>\n\t<meta name=\"twitter:label2\" content=\"Procijenjeno vrijeme \u010ditanja\" \/>\n\t<meta name=\"twitter:data2\" content=\"2 minute\" \/>\n<script type=\"application\/ld+json\" class=\"yoast-schema-graph\">{\"@context\":\"https:\\\/\\\/schema.org\",\"@graph\":[{\"@type\":\"Article\",\"@id\":\"https:\\\/\\\/radioljubuski.ba\\\/index.php\\\/2021\\\/10\\\/15\\\/netko-krade-fotografije-mladih-zena-s-nadgrobnih-spomenika-ovo-mi-je-samo-rane-raskopalo\\\/#article\",\"isPartOf\":{\"@id\":\"https:\\\/\\\/radioljubuski.ba\\\/index.php\\\/2021\\\/10\\\/15\\\/netko-krade-fotografije-mladih-zena-s-nadgrobnih-spomenika-ovo-mi-je-samo-rane-raskopalo\\\/\"},\"author\":{\"name\":\"Radio Ljubu\u0161ki\",\"@id\":\"https:\\\/\\\/radioljubuski.ba\\\/#\\\/schema\\\/person\\\/19fc700381a780f69665d7956c469e3b\"},\"headline\":\"Netko krade fotografije mladih \u017eena s nadgrobnih spomenika: &#8216;Ovo mi je samo rane raskopalo&#8217;\",\"datePublished\":\"2021-10-15T21:08:44+00:00\",\"dateModified\":\"2021-10-15T21:08:46+00:00\",\"mainEntityOfPage\":{\"@id\":\"https:\\\/\\\/radioljubuski.ba\\\/index.php\\\/2021\\\/10\\\/15\\\/netko-krade-fotografije-mladih-zena-s-nadgrobnih-spomenika-ovo-mi-je-samo-rane-raskopalo\\\/\"},\"wordCount\":373,\"publisher\":{\"@id\":\"https:\\\/\\\/radioljubuski.ba\\\/#organization\"},\"image\":{\"@id\":\"https:\\\/\\\/radioljubuski.ba\\\/index.php\\\/2021\\\/10\\\/15\\\/netko-krade-fotografije-mladih-zena-s-nadgrobnih-spomenika-ovo-mi-je-samo-rane-raskopalo\\\/#primaryimage\"},\"thumbnailUrl\":\"https:\\\/\\\/radioljubuski.ba\\\/wp-content\\\/uploads\\\/2021\\\/10\\\/8-2021-10-15-09-11-10-Groblje_Lovrinac_011-1024x768-1.jpg\",\"articleSection\":[\"BIH i regija\"],\"inLanguage\":\"hr\"},{\"@type\":\"WebPage\",\"@id\":\"https:\\\/\\\/radioljubuski.ba\\\/index.php\\\/2021\\\/10\\\/15\\\/netko-krade-fotografije-mladih-zena-s-nadgrobnih-spomenika-ovo-mi-je-samo-rane-raskopalo\\\/\",\"url\":\"https:\\\/\\\/radioljubuski.ba\\\/index.php\\\/2021\\\/10\\\/15\\\/netko-krade-fotografije-mladih-zena-s-nadgrobnih-spomenika-ovo-mi-je-samo-rane-raskopalo\\\/\",\"name\":\"Netko krade fotografije mladih \u017eena s nadgrobnih spomenika: 'Ovo mi je samo rane raskopalo' - RADIO LJUBU\u0160KI\",\"isPartOf\":{\"@id\":\"https:\\\/\\\/radioljubuski.ba\\\/#website\"},\"primaryImageOfPage\":{\"@id\":\"https:\\\/\\\/radioljubuski.ba\\\/index.php\\\/2021\\\/10\\\/15\\\/netko-krade-fotografije-mladih-zena-s-nadgrobnih-spomenika-ovo-mi-je-samo-rane-raskopalo\\\/#primaryimage\"},\"image\":{\"@id\":\"https:\\\/\\\/radioljubuski.ba\\\/index.php\\\/2021\\\/10\\\/15\\\/netko-krade-fotografije-mladih-zena-s-nadgrobnih-spomenika-ovo-mi-je-samo-rane-raskopalo\\\/#primaryimage\"},\"thumbnailUrl\":\"https:\\\/\\\/radioljubuski.ba\\\/wp-content\\\/uploads\\\/2021\\\/10\\\/8-2021-10-15-09-11-10-Groblje_Lovrinac_011-1024x768-1.jpg\",\"datePublished\":\"2021-10-15T21:08:44+00:00\",\"dateModified\":\"2021-10-15T21:08:46+00:00\",\"breadcrumb\":{\"@id\":\"https:\\\/\\\/radioljubuski.ba\\\/index.php\\\/2021\\\/10\\\/15\\\/netko-krade-fotografije-mladih-zena-s-nadgrobnih-spomenika-ovo-mi-je-samo-rane-raskopalo\\\/#breadcrumb\"},\"inLanguage\":\"hr\",\"potentialAction\":[{\"@type\":\"ReadAction\",\"target\":[\"https:\\\/\\\/radioljubuski.ba\\\/index.php\\\/2021\\\/10\\\/15\\\/netko-krade-fotografije-mladih-zena-s-nadgrobnih-spomenika-ovo-mi-je-samo-rane-raskopalo\\\/\"]}]},{\"@type\":\"ImageObject\",\"inLanguage\":\"hr\",\"@id\":\"https:\\\/\\\/radioljubuski.ba\\\/index.php\\\/2021\\\/10\\\/15\\\/netko-krade-fotografije-mladih-zena-s-nadgrobnih-spomenika-ovo-mi-je-samo-rane-raskopalo\\\/#primaryimage\",\"url\":\"https:\\\/\\\/radioljubuski.ba\\\/wp-content\\\/uploads\\\/2021\\\/10\\\/8-2021-10-15-09-11-10-Groblje_Lovrinac_011-1024x768-1.jpg\",\"contentUrl\":\"https:\\\/\\\/radioljubuski.ba\\\/wp-content\\\/uploads\\\/2021\\\/10\\\/8-2021-10-15-09-11-10-Groblje_Lovrinac_011-1024x768-1.jpg\",\"width\":1000,\"height\":625},{\"@type\":\"BreadcrumbList\",\"@id\":\"https:\\\/\\\/radioljubuski.ba\\\/index.php\\\/2021\\\/10\\\/15\\\/netko-krade-fotografije-mladih-zena-s-nadgrobnih-spomenika-ovo-mi-je-samo-rane-raskopalo\\\/#breadcrumb\",\"itemListElement\":[{\"@type\":\"ListItem\",\"position\":1,\"name\":\"Po\u010detna stranica\",\"item\":\"https:\\\/\\\/radioljubuski.ba\\\/\"},{\"@type\":\"ListItem\",\"position\":2,\"name\":\"Netko krade fotografije mladih \u017eena s nadgrobnih spomenika: &#8216;Ovo mi je samo rane raskopalo&#8217;\"}]},{\"@type\":\"WebSite\",\"@id\":\"https:\\\/\\\/radioljubuski.ba\\\/#website\",\"url\":\"https:\\\/\\\/radioljubuski.ba\\\/\",\"name\":\"Radio Ljubu\u0161ki\",\"description\":\"Sun\u010dana frekvencija Hercegovine\",\"publisher\":{\"@id\":\"https:\\\/\\\/radioljubuski.ba\\\/#organization\"},\"potentialAction\":[{\"@type\":\"SearchAction\",\"target\":{\"@type\":\"EntryPoint\",\"urlTemplate\":\"https:\\\/\\\/radioljubuski.ba\\\/?s={search_term_string}\"},\"query-input\":{\"@type\":\"PropertyValueSpecification\",\"valueRequired\":true,\"valueName\":\"search_term_string\"}}],\"inLanguage\":\"hr\"},{\"@type\":\"Organization\",\"@id\":\"https:\\\/\\\/radioljubuski.ba\\\/#organization\",\"name\":\"Radio Ljubu\u0161ki\",\"url\":\"https:\\\/\\\/radioljubuski.ba\\\/\",\"logo\":{\"@type\":\"ImageObject\",\"inLanguage\":\"hr\",\"@id\":\"https:\\\/\\\/radioljubuski.ba\\\/#\\\/schema\\\/logo\\\/image\\\/\",\"url\":\"https:\\\/\\\/radioljubuski.ba\\\/wp-content\\\/uploads\\\/2021\\\/02\\\/cropped-Radio_Ljubuski_logo1.jpg\",\"contentUrl\":\"https:\\\/\\\/radioljubuski.ba\\\/wp-content\\\/uploads\\\/2021\\\/02\\\/cropped-Radio_Ljubuski_logo1.jpg\",\"width\":512,\"height\":512,\"caption\":\"Radio Ljubu\u0161ki\"},\"image\":{\"@id\":\"https:\\\/\\\/radioljubuski.ba\\\/#\\\/schema\\\/logo\\\/image\\\/\"},\"sameAs\":[\"https:\\\/\\\/www.facebook.com\\\/Radiio-Ljubuski-1490835324566332\",\"https:\\\/\\\/x.com\\\/radioljubuski\",\"https:\\\/\\\/hr.linkedin.com\\\/company\\\/radio-ljubuski\",\"https:\\\/\\\/www.youtube.com\\\/channel\\\/UCHYaeO_n0Db3tjNGudGpXyw\"]},{\"@type\":\"Person\",\"@id\":\"https:\\\/\\\/radioljubuski.ba\\\/#\\\/schema\\\/person\\\/19fc700381a780f69665d7956c469e3b\",\"name\":\"Radio Ljubu\u0161ki\"}]}<\/script>\n<!-- \/ Yoast SEO plugin. -->","yoast_head_json":{"title":"Netko krade fotografije mladih \u017eena s nadgrobnih spomenika: 'Ovo mi je samo rane raskopalo' - RADIO LJUBU\u0160KI","robots":{"index":"index","follow":"follow","max-snippet":"max-snippet:-1","max-image-preview":"max-image-preview:large","max-video-preview":"max-video-preview:-1"},"canonical":"https:\/\/radioljubuski.ba\/index.php\/2021\/10\/15\/netko-krade-fotografije-mladih-zena-s-nadgrobnih-spomenika-ovo-mi-je-samo-rane-raskopalo\/","og_locale":"hr_HR","og_type":"article","og_title":"Netko krade fotografije mladih \u017eena s nadgrobnih spomenika: 'Ovo mi je samo rane raskopalo' - RADIO LJUBU\u0160KI","og_description":"Vi\u0161e Spli\u0107ana ostalo je zaprepa\u0161teno nakon \u0161to su do\u017eivjeli oskvrnu\u0107e nadgrobnih spomenika \u010dlanova svojih obitelji, a sve su potvrdili i u &#8220;Lovrincu&#8221;, ali i u splitskoj policiji, pi\u0161e&nbsp;Slobodna Dalmacija. Jedna obitelj iz Splita po\u010detkom listopada uputila se na Lovrinac kako bi uredila grob i promijenila cvije\u0107e, a kada su do\u0161li do obiteljskoga grobnog mjesta, nisu [&hellip;]","og_url":"https:\/\/radioljubuski.ba\/index.php\/2021\/10\/15\/netko-krade-fotografije-mladih-zena-s-nadgrobnih-spomenika-ovo-mi-je-samo-rane-raskopalo\/","og_site_name":"RADIO LJUBU\u0160KI","article_publisher":"https:\/\/www.facebook.com\/Radiio-Ljubuski-1490835324566332","article_published_time":"2021-10-15T21:08:44+00:00","article_modified_time":"2021-10-15T21:08:46+00:00","og_image":[{"width":1000,"height":625,"url":"https:\/\/radioljubuski.ba\/wp-content\/uploads\/2021\/10\/8-2021-10-15-09-11-10-Groblje_Lovrinac_011-1024x768-1.jpg","type":"image\/jpeg"}],"author":"Radio Ljubu\u0161ki","twitter_card":"summary_large_image","twitter_creator":"@radioljubuski","twitter_site":"@radioljubuski","twitter_misc":{"Napisao\/la":"Radio Ljubu\u0161ki","Procijenjeno vrijeme \u010ditanja":"2 minute"},"schema":{"@context":"https:\/\/schema.org","@graph":[{"@type":"Article","@id":"https:\/\/radioljubuski.ba\/index.php\/2021\/10\/15\/netko-krade-fotografije-mladih-zena-s-nadgrobnih-spomenika-ovo-mi-je-samo-rane-raskopalo\/#article","isPartOf":{"@id":"https:\/\/radioljubuski.ba\/index.php\/2021\/10\/15\/netko-krade-fotografije-mladih-zena-s-nadgrobnih-spomenika-ovo-mi-je-samo-rane-raskopalo\/"},"author":{"name":"Radio Ljubu\u0161ki","@id":"https:\/\/radioljubuski.ba\/#\/schema\/person\/19fc700381a780f69665d7956c469e3b"},"headline":"Netko krade fotografije mladih \u017eena s nadgrobnih spomenika: &#8216;Ovo mi je samo rane raskopalo&#8217;","datePublished":"2021-10-15T21:08:44+00:00","dateModified":"2021-10-15T21:08:46+00:00","mainEntityOfPage":{"@id":"https:\/\/radioljubuski.ba\/index.php\/2021\/10\/15\/netko-krade-fotografije-mladih-zena-s-nadgrobnih-spomenika-ovo-mi-je-samo-rane-raskopalo\/"},"wordCount":373,"publisher":{"@id":"https:\/\/radioljubuski.ba\/#organization"},"image":{"@id":"https:\/\/radioljubuski.ba\/index.php\/2021\/10\/15\/netko-krade-fotografije-mladih-zena-s-nadgrobnih-spomenika-ovo-mi-je-samo-rane-raskopalo\/#primaryimage"},"thumbnailUrl":"https:\/\/radioljubuski.ba\/wp-content\/uploads\/2021\/10\/8-2021-10-15-09-11-10-Groblje_Lovrinac_011-1024x768-1.jpg","articleSection":["BIH i regija"],"inLanguage":"hr"},{"@type":"WebPage","@id":"https:\/\/radioljubuski.ba\/index.php\/2021\/10\/15\/netko-krade-fotografije-mladih-zena-s-nadgrobnih-spomenika-ovo-mi-je-samo-rane-raskopalo\/","url":"https:\/\/radioljubuski.ba\/index.php\/2021\/10\/15\/netko-krade-fotografije-mladih-zena-s-nadgrobnih-spomenika-ovo-mi-je-samo-rane-raskopalo\/","name":"Netko krade fotografije mladih \u017eena s nadgrobnih spomenika: 'Ovo mi je samo rane raskopalo' - RADIO LJUBU\u0160KI","isPartOf":{"@id":"https:\/\/radioljubuski.ba\/#website"},"primaryImageOfPage":{"@id":"https:\/\/radioljubuski.ba\/index.php\/2021\/10\/15\/netko-krade-fotografije-mladih-zena-s-nadgrobnih-spomenika-ovo-mi-je-samo-rane-raskopalo\/#primaryimage"},"image":{"@id":"https:\/\/radioljubuski.ba\/index.php\/2021\/10\/15\/netko-krade-fotografije-mladih-zena-s-nadgrobnih-spomenika-ovo-mi-je-samo-rane-raskopalo\/#primaryimage"},"thumbnailUrl":"https:\/\/radioljubuski.ba\/wp-content\/uploads\/2021\/10\/8-2021-10-15-09-11-10-Groblje_Lovrinac_011-1024x768-1.jpg","datePublished":"2021-10-15T21:08:44+00:00","dateModified":"2021-10-15T21:08:46+00:00","breadcrumb":{"@id":"https:\/\/radioljubuski.ba\/index.php\/2021\/10\/15\/netko-krade-fotografije-mladih-zena-s-nadgrobnih-spomenika-ovo-mi-je-samo-rane-raskopalo\/#breadcrumb"},"inLanguage":"hr","potentialAction":[{"@type":"ReadAction","target":["https:\/\/radioljubuski.ba\/index.php\/2021\/10\/15\/netko-krade-fotografije-mladih-zena-s-nadgrobnih-spomenika-ovo-mi-je-samo-rane-raskopalo\/"]}]},{"@type":"ImageObject","inLanguage":"hr","@id":"https:\/\/radioljubuski.ba\/index.php\/2021\/10\/15\/netko-krade-fotografije-mladih-zena-s-nadgrobnih-spomenika-ovo-mi-je-samo-rane-raskopalo\/#primaryimage","url":"https:\/\/radioljubuski.ba\/wp-content\/uploads\/2021\/10\/8-2021-10-15-09-11-10-Groblje_Lovrinac_011-1024x768-1.jpg","contentUrl":"https:\/\/radioljubuski.ba\/wp-content\/uploads\/2021\/10\/8-2021-10-15-09-11-10-Groblje_Lovrinac_011-1024x768-1.jpg","width":1000,"height":625},{"@type":"BreadcrumbList","@id":"https:\/\/radioljubuski.ba\/index.php\/2021\/10\/15\/netko-krade-fotografije-mladih-zena-s-nadgrobnih-spomenika-ovo-mi-je-samo-rane-raskopalo\/#breadcrumb","itemListElement":[{"@type":"ListItem","position":1,"name":"Po\u010detna stranica","item":"https:\/\/radioljubuski.ba\/"},{"@type":"ListItem","position":2,"name":"Netko krade fotografije mladih \u017eena s nadgrobnih spomenika: &#8216;Ovo mi je samo rane raskopalo&#8217;"}]},{"@type":"WebSite","@id":"https:\/\/radioljubuski.ba\/#website","url":"https:\/\/radioljubuski.ba\/","name":"Radio Ljubu\u0161ki","description":"Sun\u010dana frekvencija Hercegovine","publisher":{"@id":"https:\/\/radioljubuski.ba\/#organization"},"potentialAction":[{"@type":"SearchAction","target":{"@type":"EntryPoint","urlTemplate":"https:\/\/radioljubuski.ba\/?s={search_term_string}"},"query-input":{"@type":"PropertyValueSpecification","valueRequired":true,"valueName":"search_term_string"}}],"inLanguage":"hr"},{"@type":"Organization","@id":"https:\/\/radioljubuski.ba\/#organization","name":"Radio Ljubu\u0161ki","url":"https:\/\/radioljubuski.ba\/","logo":{"@type":"ImageObject","inLanguage":"hr","@id":"https:\/\/radioljubuski.ba\/#\/schema\/logo\/image\/","url":"https:\/\/radioljubuski.ba\/wp-content\/uploads\/2021\/02\/cropped-Radio_Ljubuski_logo1.jpg","contentUrl":"https:\/\/radioljubuski.ba\/wp-content\/uploads\/2021\/02\/cropped-Radio_Ljubuski_logo1.jpg","width":512,"height":512,"caption":"Radio Ljubu\u0161ki"},"image":{"@id":"https:\/\/radioljubuski.ba\/#\/schema\/logo\/image\/"},"sameAs":["https:\/\/www.facebook.com\/Radiio-Ljubuski-1490835324566332","https:\/\/x.com\/radioljubuski","https:\/\/hr.linkedin.com\/company\/radio-ljubuski","https:\/\/www.youtube.com\/channel\/UCHYaeO_n0Db3tjNGudGpXyw"]},{"@type":"Person","@id":"https:\/\/radioljubuski.ba\/#\/schema\/person\/19fc700381a780f69665d7956c469e3b","name":"Radio Ljubu\u0161ki"}]}},"_links":{"self":[{"href":"https:\/\/radioljubuski.ba\/index.php\/wp-json\/wp\/v2\/posts\/76133","targetHints":{"allow":["GET"]}}],"collection":[{"href":"https:\/\/radioljubuski.ba\/index.php\/wp-json\/wp\/v2\/posts"}],"about":[{"href":"https:\/\/radioljubuski.ba\/index.php\/wp-json\/wp\/v2\/types\/post"}],"author":[{"embeddable":true,"href":"https:\/\/radioljubuski.ba\/index.php\/wp-json\/wp\/v2\/users\/2"}],"replies":[{"embeddable":true,"href":"https:\/\/radioljubuski.ba\/index.php\/wp-json\/wp\/v2\/comments?post=76133"}],"version-history":[{"count":1,"href":"https:\/\/radioljubuski.ba\/index.php\/wp-json\/wp\/v2\/posts\/76133\/revisions"}],"predecessor-version":[{"id":76135,"href":"https:\/\/radioljubuski.ba\/index.php\/wp-json\/wp\/v2\/posts\/76133\/revisions\/76135"}],"wp:featuredmedia":[{"embeddable":true,"href":"https:\/\/radioljubuski.ba\/index.php\/wp-json\/wp\/v2\/media\/76134"}],"wp:attachment":[{"href":"https:\/\/radioljubuski.ba\/index.php\/wp-json\/wp\/v2\/media?parent=76133"}],"wp:term":[{"taxonomy":"category","embeddable":true,"href":"https:\/\/radioljubuski.ba\/index.php\/wp-json\/wp\/v2\/categories?post=76133"},{"taxonomy":"post_tag","embeddable":true,"href":"https:\/\/radioljubuski.ba\/index.php\/wp-json\/wp\/v2\/tags?post=76133"}],"curies":[{"name":"wp","href":"https:\/\/api.w.org\/{rel}","templated":true}]}}