{"id":76148,"date":"2021-10-15T22:16:32","date_gmt":"2021-10-15T21:16:32","guid":{"rendered":"https:\/\/radioljubuski.ba\/?p=76148"},"modified":"2021-10-15T22:16:33","modified_gmt":"2021-10-15T21:16:33","slug":"borba-sa-svercerima-cigareta-sve-uspjesnija-ali-samo-smanjenje-trosarina-moze-maknuti-sverc-s-ulica","status":"publish","type":"post","link":"https:\/\/radioljubuski.ba\/index.php\/2021\/10\/15\/borba-sa-svercerima-cigareta-sve-uspjesnija-ali-samo-smanjenje-trosarina-moze-maknuti-sverc-s-ulica\/","title":{"rendered":"Borba sa \u0161vercerima cigareta sve uspje\u0161nija, ali samo smanjenje tro\u0161arina mo\u017ee maknuti \u0161verc s ulica"},"content":{"rendered":"\n<p>Dr\u017eavna agencija za istrage i za\u0161titu SIPA u pro\u0161loj godini otkrila je i privremeno oduzela 28.174 kutije cigareta bez akciznih markica, 32.400 komada ru\u010dno punjenih cigareta, 727 kilograma rezanog duhana i 420 kilograma duhana u listu.<\/p>\n\n\n\n<p>Za sedam mjeseci ove godine zaplijenjene koli\u010dine znatno su ve\u0107e te je oduzeto 548.850 kutija cigareta bez akciznih markica, 133.284 komada ru\u010dno punjenih cigareta i 517 kilograma rezanog duhana.<\/p>\n\n\n\n<p>&#8220;U operativnim akcijama koje se odnose na nedozvoljeni promet akciznim proizvodima slobode su li\u0161ene 22 osobe, od toga je u prvih sedam mjeseci 2021. godine slobode li\u0161eno 15 osoba. Privremeno oduzeti predmeti, odnosno duhanski proizvodi, se odlukom Suda BiH deponuju u skladi\u0161tu UIO do kona\u010dne sudske odluke&#8221;, kazali su nam iz SIPA-e.<\/p>\n\n\n\n<p>Kada je rije\u010d o daljnjem radu na spre\u010davanju i suzbijanju nedozvoljenog prometa akciznih proizvoda, iz SIPA-e su nam kazali kako \u0107e i u sljede\u0107em periodu, u okviru svojih nadle\u017enosti, proaktivno djelovati u smislu spre\u010davanja, otkrivanja i istraga krivi\u010dnih djela koja se odnose na ilegalni promet duhana i cigareta na bh. tr\u017ei\u0161tu.<\/p>\n\n\n\n<p>Kontrole i zapljene u posljednjem periodu jesu poja\u010dane, ali osim toga, trebalo bi raditi i puno vi\u0161e, smatra ekonomski analiti\u010dar Admir \u010cavali\u0107.<\/p>\n\n\n\n<p>Bosna i Hercegovina zemlja je s najve\u0107im nametima u Europi, \u0161to pogoduje razvoju crnog tr\u017ei\u0161ta duhana i duhanskih proizvoda, a \u010cavali\u0107 smatra da nameti treba da prate razvijenost i dinamiku ekonomije, odnosno \u017eivotni standard gra\u0111ana.<\/p>\n\n\n\n<p>&#8220;To nije slu\u010daj u Bosni i Hercegovini, naro\u010dito u vezi s fiskalnim politikama koje obuhva\u0107aju duhan i duhanske proizvode. Posljedi\u010dno, alternativno, neformalno tr\u017ei\u0161te je izvjesnost. Dakle, nameti kao takvi nisu opravdani, prije svega iz pozicije kona\u010dnih rezultata istih \u2013 formiranje neformalnog, crnog tr\u017ei\u0161ta, pad javnih prihoda, degradacija ponude proizvoda, lo\u0161i efekti po zdravstveni sustav, odnosno zdravlje gra\u0111ana&#8221;, istakao je \u010cavali\u0107.<\/p>\n\n\n\n<p>Bosna i Hercegovina ima najve\u0107i udio poreza u maloprodajnoj cijeni kutije cigareta u pore\u0111enju sa zemljama regije. Porezi \u010dine oko 90,1 posto prosje\u010dne maloprodajne cijene, jednostavno re\u010deno, od najni\u017ee maloprodajne cijene jedne kutije cigareta, koja ko\u0161ta 5 KM, dr\u017eava kroz akcizu i PDV dobije 4,5 KM.<\/p>\n\n\n\n<p>&#8220;To je mnogo vi\u0161e nego u Crnoj Gori, gdje je to 75,2 posto, Hrvatskoj gdje je 81 i Srbiji gdje je 77,1 posto. Bosna i Hercegovina je po ovom pitanju \u010dak iznad EU prosjeka od 80,3 posto. Ovakav porezni manevar ozbiljno naru\u0161ava tr\u017ei\u0161ne odnose, naro\u010dito inicijative razli\u010ditih stakeholdera na tr\u017ei\u0161tu \u2013 proizvo\u0111a\u010da, distributera, kriminalnih grupacija, potro\u0161a\u010da i drugih&#8221;, kazao je \u010cavali\u0107.<\/p>\n\n\n\n<p>&#8220;Osim represivne politike koja se svodi na zapljene, ne postoji adekvatna ekonomska politika koja bi dugoro\u010dno rije\u0161ila ovaj problem. Ono \u0161to je potrebno uraditi jeste izvr\u0161iti druga\u010dije modeliranje akcizne i ukupne fiskalne politike, s ciljem smanjivanja udjela neformalnog tr\u017ei\u0161ta i posljedi\u010dno unapre\u0111enja javnih prihoda. Vjerojatno da smo pre\u0161li nevidljivu granicu Lafferove krive, \u0161to mo\u017ee objasniti da postoje\u0107a situacija izmi\u010de kontroli i da imamo toliko tr\u017ei\u0161nih anomalija&#8221;, kazao je \u010cavali\u0107.<\/p>\n\n\n\n<p>U narednom periodu, ka\u017ee, sigurno \u0107e se morati raditi i vi\u0161e na suzbijanju crnog tr\u017ei\u0161ta, ali se boji da &#8220;trenutni gospodari ovog tr\u017ei\u0161ta lobiraju da se o\u010duva status quo. Brojne su interesne grupacije koje profitiraju shodno postoje\u0107oj situaciji&#8221;. Promjena je, dodaje, trenutno neizvjesna, ali vjerojatno je da \u0107e je sama budu\u0107a situacija determinirati.<\/p>\n\n\n\n<p>&#8220;Cigarete su naj\u010de\u0161\u0107e neformalno kupljen proizvod u na\u0161oj zemlji. To zna\u010di da gubimo na stotine milijuna KM godi\u0161nje po osnovu neupla\u0107enih poreznih i drugih obaveza. Iako jo\u0161 uvijek nije uspostavljena namjenska upotreba sredstava po osnovu akciza, bilo bi dobro da se kroz reforme ovo fokusira na zdravstveni sustav. Shodno navedenom, gubitnici su svi \u2013 izuzev onih koji imaju interesa da djeluju na crnom tr\u017ei\u0161tu. Svi postoje\u0107i problemi odnose se na pad \u017eivotnog standarda gra\u0111ana, \u0161to stvara inicijative za kupovinu na crnom tr\u017ei\u0161tu. Globalna energetska kriza, restrukturiranje tr\u017ei\u0161ta te rast transportnih tro\u0161kova uvjetuju da raste cijena i formalnih proizvoda. Crno tr\u017ei\u0161te u takvim uvjetima prirodno prosperira, tako da je kriza dodatno naglasila negativne trendove od ranije&#8221;, zaklju\u010dio je \u010cavali\u0107.<\/p>\n\n\n\n<p>Da se pomak u kontrolama vidi smatra i Sa\u0161a Grabovac, izvr\u0161ni direktor Udru\u017eenja ekonomista Republike Srpske SWOT, koji ka\u017ee i kako je neophodno kompanije koje se bave prometom duhanom i duhanskim proizvodima za\u0161tititi od nelojalne konkurencije.<\/p>\n\n\n\n<p>&#8220;Neke analize i primjeri zemalja iz okru\u017eenja ka\u017eu nam da kada nameti postanu previsoki, onda dolazi do smanjenja prihoda u zemlji. Bosni i Hercegovini se to desilo pro\u0161le godine. Ako porezna politika ne uva\u017eava standard gra\u0111ana, ako su porezi previsoki za gra\u0111ane, logi\u010dno je da \u0107e do\u0107i do toga da gra\u0111ani posegnu za alternativnim, pa i nelegalnim na\u010dinima snabdijevanja odre\u0111enim proizvodima&#8221;, zaklju\u010duje Grabovac.<\/p>\n\n\n\n<p>Nadalje navodi da su poja\u010dane kontrole do sada dale dobre efekte, tako da ih treba nastaviti i dalje, kako se ti efekti ne bi izgubili, ali da treba uklju\u010diti i neka druga razmi\u0161ljanja vezana za postoje\u0107u akciznu i poreznu politiku vezanu za promet akciznih proizvoda. &#8220;Mislim da \u0107e se u narednom periodu raditi neke analize po pitanju na\u010dina na koji bi se dalje trebalo regulirati crno tr\u017ei\u0161te duhana i duhanskih proizvoda, jer se radi o velikom ekonomskom, dru\u0161tvenom i zdravstvenom problemu&#8221;, kazao je Grabovac.<\/p>\n\n\n\n<p>I rezultati akcija Uprave za indirektno oporezivanje BiH pokazuju da je u sedam mjeseci ove godine znatno pove\u0107ana koli\u010dina oduzete robe te da je njena vrijednost bila oko 4,4 milijuna KM. Pro\u0161le godine vrijednost zaplijenjene robe bila je oko 2,4 milijuna KM, a u 2019. godini taj iznos bio je tek oko 1,6 milijuna KM.<\/p>\n\n\n\n<p>&#8220;I u narednom periodu UIO \u0107e kontinuirano provoditi nadzor nad primjenom propisa iz oblasti indirektnih poreza u cilju otkrivanja, istra\u017eivanja i procesuiranja prekr\u0161aja i krivi\u010dnih djela, posebno na suzbijanju nelegalnog prometa robe bez porijekla na teritoriji BiH, s posebnim naglaskom na nedozvoljeni promet akciznih proizvoda, prvenstveno duhana i duhanskih prera\u0111evina, odnosno cigareta&#8221;, kazali su iz UIO.<\/p>\n\n\n\n<p>Dakle, kontrole se provode i sve nadle\u017ene slu\u017ebe rade na tome da crno tr\u017ei\u0161te bude \u0161to manje, ali je potrebno vremena da se ta promjena osjeti. Ono \u0161to je jo\u0161 potrebno jeste strategija dr\u017eave koja \u0107e jasno definirati i ostale na\u010dine regulacije crnog tr\u017ei\u0161ta, mimo kontrola koje se vr\u0161e. Izvjesno je da samo smanjenje akciza, pa zatim i maloprodajnih cijena, mo\u017ee maknuti \u0161verc s ulica. Samo tako, smatraju na\u0161i sugovornici, mo\u017ee se u narednim godinama o\u010dekivati da se stanje popravi, pi\u0161e&nbsp;<a href=\"https:\/\/www.klix.ba\/biznis\/privreda\/borba-sa-svercerima-cigareta-sve-uspjesnija-ali-samo-smanjenje-akciza-moze-maknuti-sverc-s-ulica\/211013096\">Klix.<\/a><\/p>\n\n\n\n<p>Izvor:klix.ba<\/p>\n","protected":false},"excerpt":{"rendered":"<p>Dr\u017eavna agencija za istrage i za\u0161titu SIPA u pro\u0161loj godini otkrila je i privremeno oduzela 28.174 kutije cigareta bez akciznih markica, 32.400 komada ru\u010dno punjenih cigareta, 727 kilograma rezanog duhana i 420 kilograma duhana u listu. Za sedam mjeseci ove godine zaplijenjene koli\u010dine znatno su ve\u0107e te je oduzeto 548.850 kutija cigareta bez akciznih markica, [&hellip;]<\/p>\n","protected":false},"author":2,"featured_media":76149,"comment_status":"closed","ping_status":"closed","sticky":false,"template":"","format":"standard","meta":{"h5ap_radio_sources":[],"footnotes":""},"categories":[1],"tags":[],"class_list":["post-76148","post","type-post","status-publish","format-standard","has-post-thumbnail","hentry","category-bihiregija"],"yoast_head":"<!-- This site is optimized with the Yoast SEO plugin v27.4 - https:\/\/yoast.com\/product\/yoast-seo-wordpress\/ -->\n<title>Borba sa \u0161vercerima cigareta sve uspje\u0161nija, ali samo smanjenje tro\u0161arina mo\u017ee maknuti \u0161verc s ulica - RADIO LJUBU\u0160KI<\/title>\n<meta name=\"robots\" content=\"index, follow, max-snippet:-1, max-image-preview:large, max-video-preview:-1\" \/>\n<link rel=\"canonical\" href=\"https:\/\/radioljubuski.ba\/index.php\/2021\/10\/15\/borba-sa-svercerima-cigareta-sve-uspjesnija-ali-samo-smanjenje-trosarina-moze-maknuti-sverc-s-ulica\/\" \/>\n<meta property=\"og:locale\" content=\"hr_HR\" \/>\n<meta property=\"og:type\" content=\"article\" \/>\n<meta property=\"og:title\" content=\"Borba sa \u0161vercerima cigareta sve uspje\u0161nija, ali samo smanjenje tro\u0161arina mo\u017ee maknuti \u0161verc s ulica - RADIO LJUBU\u0160KI\" \/>\n<meta property=\"og:description\" content=\"Dr\u017eavna agencija za istrage i za\u0161titu SIPA u pro\u0161loj godini otkrila je i privremeno oduzela 28.174 kutije cigareta bez akciznih markica, 32.400 komada ru\u010dno punjenih cigareta, 727 kilograma rezanog duhana i 420 kilograma duhana u listu. Za sedam mjeseci ove godine zaplijenjene koli\u010dine znatno su ve\u0107e te je oduzeto 548.850 kutija cigareta bez akciznih markica, [&hellip;]\" \/>\n<meta property=\"og:url\" content=\"https:\/\/radioljubuski.ba\/index.php\/2021\/10\/15\/borba-sa-svercerima-cigareta-sve-uspjesnija-ali-samo-smanjenje-trosarina-moze-maknuti-sverc-s-ulica\/\" \/>\n<meta property=\"og:site_name\" content=\"RADIO LJUBU\u0160KI\" \/>\n<meta property=\"article:publisher\" content=\"https:\/\/www.facebook.com\/Radiio-Ljubuski-1490835324566332\" \/>\n<meta property=\"article:published_time\" content=\"2021-10-15T21:16:32+00:00\" \/>\n<meta property=\"article:modified_time\" content=\"2021-10-15T21:16:33+00:00\" \/>\n<meta property=\"og:image\" content=\"https:\/\/radioljubuski.ba\/wp-content\/uploads\/2021\/10\/rCRKn0mp_duhan.jpg\" \/>\n\t<meta property=\"og:image:width\" content=\"1000\" \/>\n\t<meta property=\"og:image:height\" content=\"625\" \/>\n\t<meta property=\"og:image:type\" content=\"image\/jpeg\" \/>\n<meta name=\"author\" content=\"Radio Ljubu\u0161ki\" \/>\n<meta name=\"twitter:card\" content=\"summary_large_image\" \/>\n<meta name=\"twitter:creator\" content=\"@radioljubuski\" \/>\n<meta name=\"twitter:site\" content=\"@radioljubuski\" \/>\n<meta name=\"twitter:label1\" content=\"Napisao\/la\" \/>\n\t<meta name=\"twitter:data1\" content=\"Radio Ljubu\u0161ki\" \/>\n\t<meta name=\"twitter:label2\" content=\"Procijenjeno vrijeme \u010ditanja\" \/>\n\t<meta name=\"twitter:data2\" content=\"5 minuta\" \/>\n<script type=\"application\/ld+json\" class=\"yoast-schema-graph\">{\"@context\":\"https:\\\/\\\/schema.org\",\"@graph\":[{\"@type\":\"Article\",\"@id\":\"https:\\\/\\\/radioljubuski.ba\\\/index.php\\\/2021\\\/10\\\/15\\\/borba-sa-svercerima-cigareta-sve-uspjesnija-ali-samo-smanjenje-trosarina-moze-maknuti-sverc-s-ulica\\\/#article\",\"isPartOf\":{\"@id\":\"https:\\\/\\\/radioljubuski.ba\\\/index.php\\\/2021\\\/10\\\/15\\\/borba-sa-svercerima-cigareta-sve-uspjesnija-ali-samo-smanjenje-trosarina-moze-maknuti-sverc-s-ulica\\\/\"},\"author\":{\"name\":\"Radio Ljubu\u0161ki\",\"@id\":\"https:\\\/\\\/radioljubuski.ba\\\/#\\\/schema\\\/person\\\/19fc700381a780f69665d7956c469e3b\"},\"headline\":\"Borba sa \u0161vercerima cigareta sve uspje\u0161nija, ali samo smanjenje tro\u0161arina mo\u017ee maknuti \u0161verc s ulica\",\"datePublished\":\"2021-10-15T21:16:32+00:00\",\"dateModified\":\"2021-10-15T21:16:33+00:00\",\"mainEntityOfPage\":{\"@id\":\"https:\\\/\\\/radioljubuski.ba\\\/index.php\\\/2021\\\/10\\\/15\\\/borba-sa-svercerima-cigareta-sve-uspjesnija-ali-samo-smanjenje-trosarina-moze-maknuti-sverc-s-ulica\\\/\"},\"wordCount\":1148,\"publisher\":{\"@id\":\"https:\\\/\\\/radioljubuski.ba\\\/#organization\"},\"image\":{\"@id\":\"https:\\\/\\\/radioljubuski.ba\\\/index.php\\\/2021\\\/10\\\/15\\\/borba-sa-svercerima-cigareta-sve-uspjesnija-ali-samo-smanjenje-trosarina-moze-maknuti-sverc-s-ulica\\\/#primaryimage\"},\"thumbnailUrl\":\"https:\\\/\\\/radioljubuski.ba\\\/wp-content\\\/uploads\\\/2021\\\/10\\\/rCRKn0mp_duhan.jpg\",\"articleSection\":[\"BIH i regija\"],\"inLanguage\":\"hr\"},{\"@type\":\"WebPage\",\"@id\":\"https:\\\/\\\/radioljubuski.ba\\\/index.php\\\/2021\\\/10\\\/15\\\/borba-sa-svercerima-cigareta-sve-uspjesnija-ali-samo-smanjenje-trosarina-moze-maknuti-sverc-s-ulica\\\/\",\"url\":\"https:\\\/\\\/radioljubuski.ba\\\/index.php\\\/2021\\\/10\\\/15\\\/borba-sa-svercerima-cigareta-sve-uspjesnija-ali-samo-smanjenje-trosarina-moze-maknuti-sverc-s-ulica\\\/\",\"name\":\"Borba sa \u0161vercerima cigareta sve uspje\u0161nija, ali samo smanjenje tro\u0161arina mo\u017ee maknuti \u0161verc s ulica - RADIO LJUBU\u0160KI\",\"isPartOf\":{\"@id\":\"https:\\\/\\\/radioljubuski.ba\\\/#website\"},\"primaryImageOfPage\":{\"@id\":\"https:\\\/\\\/radioljubuski.ba\\\/index.php\\\/2021\\\/10\\\/15\\\/borba-sa-svercerima-cigareta-sve-uspjesnija-ali-samo-smanjenje-trosarina-moze-maknuti-sverc-s-ulica\\\/#primaryimage\"},\"image\":{\"@id\":\"https:\\\/\\\/radioljubuski.ba\\\/index.php\\\/2021\\\/10\\\/15\\\/borba-sa-svercerima-cigareta-sve-uspjesnija-ali-samo-smanjenje-trosarina-moze-maknuti-sverc-s-ulica\\\/#primaryimage\"},\"thumbnailUrl\":\"https:\\\/\\\/radioljubuski.ba\\\/wp-content\\\/uploads\\\/2021\\\/10\\\/rCRKn0mp_duhan.jpg\",\"datePublished\":\"2021-10-15T21:16:32+00:00\",\"dateModified\":\"2021-10-15T21:16:33+00:00\",\"breadcrumb\":{\"@id\":\"https:\\\/\\\/radioljubuski.ba\\\/index.php\\\/2021\\\/10\\\/15\\\/borba-sa-svercerima-cigareta-sve-uspjesnija-ali-samo-smanjenje-trosarina-moze-maknuti-sverc-s-ulica\\\/#breadcrumb\"},\"inLanguage\":\"hr\",\"potentialAction\":[{\"@type\":\"ReadAction\",\"target\":[\"https:\\\/\\\/radioljubuski.ba\\\/index.php\\\/2021\\\/10\\\/15\\\/borba-sa-svercerima-cigareta-sve-uspjesnija-ali-samo-smanjenje-trosarina-moze-maknuti-sverc-s-ulica\\\/\"]}]},{\"@type\":\"ImageObject\",\"inLanguage\":\"hr\",\"@id\":\"https:\\\/\\\/radioljubuski.ba\\\/index.php\\\/2021\\\/10\\\/15\\\/borba-sa-svercerima-cigareta-sve-uspjesnija-ali-samo-smanjenje-trosarina-moze-maknuti-sverc-s-ulica\\\/#primaryimage\",\"url\":\"https:\\\/\\\/radioljubuski.ba\\\/wp-content\\\/uploads\\\/2021\\\/10\\\/rCRKn0mp_duhan.jpg\",\"contentUrl\":\"https:\\\/\\\/radioljubuski.ba\\\/wp-content\\\/uploads\\\/2021\\\/10\\\/rCRKn0mp_duhan.jpg\",\"width\":1000,\"height\":625},{\"@type\":\"BreadcrumbList\",\"@id\":\"https:\\\/\\\/radioljubuski.ba\\\/index.php\\\/2021\\\/10\\\/15\\\/borba-sa-svercerima-cigareta-sve-uspjesnija-ali-samo-smanjenje-trosarina-moze-maknuti-sverc-s-ulica\\\/#breadcrumb\",\"itemListElement\":[{\"@type\":\"ListItem\",\"position\":1,\"name\":\"Po\u010detna stranica\",\"item\":\"https:\\\/\\\/radioljubuski.ba\\\/\"},{\"@type\":\"ListItem\",\"position\":2,\"name\":\"Borba sa \u0161vercerima cigareta sve uspje\u0161nija, ali samo smanjenje tro\u0161arina mo\u017ee maknuti \u0161verc s ulica\"}]},{\"@type\":\"WebSite\",\"@id\":\"https:\\\/\\\/radioljubuski.ba\\\/#website\",\"url\":\"https:\\\/\\\/radioljubuski.ba\\\/\",\"name\":\"Radio Ljubu\u0161ki\",\"description\":\"Sun\u010dana frekvencija Hercegovine\",\"publisher\":{\"@id\":\"https:\\\/\\\/radioljubuski.ba\\\/#organization\"},\"potentialAction\":[{\"@type\":\"SearchAction\",\"target\":{\"@type\":\"EntryPoint\",\"urlTemplate\":\"https:\\\/\\\/radioljubuski.ba\\\/?s={search_term_string}\"},\"query-input\":{\"@type\":\"PropertyValueSpecification\",\"valueRequired\":true,\"valueName\":\"search_term_string\"}}],\"inLanguage\":\"hr\"},{\"@type\":\"Organization\",\"@id\":\"https:\\\/\\\/radioljubuski.ba\\\/#organization\",\"name\":\"Radio Ljubu\u0161ki\",\"url\":\"https:\\\/\\\/radioljubuski.ba\\\/\",\"logo\":{\"@type\":\"ImageObject\",\"inLanguage\":\"hr\",\"@id\":\"https:\\\/\\\/radioljubuski.ba\\\/#\\\/schema\\\/logo\\\/image\\\/\",\"url\":\"https:\\\/\\\/radioljubuski.ba\\\/wp-content\\\/uploads\\\/2021\\\/02\\\/cropped-Radio_Ljubuski_logo1.jpg\",\"contentUrl\":\"https:\\\/\\\/radioljubuski.ba\\\/wp-content\\\/uploads\\\/2021\\\/02\\\/cropped-Radio_Ljubuski_logo1.jpg\",\"width\":512,\"height\":512,\"caption\":\"Radio Ljubu\u0161ki\"},\"image\":{\"@id\":\"https:\\\/\\\/radioljubuski.ba\\\/#\\\/schema\\\/logo\\\/image\\\/\"},\"sameAs\":[\"https:\\\/\\\/www.facebook.com\\\/Radiio-Ljubuski-1490835324566332\",\"https:\\\/\\\/x.com\\\/radioljubuski\",\"https:\\\/\\\/hr.linkedin.com\\\/company\\\/radio-ljubuski\",\"https:\\\/\\\/www.youtube.com\\\/channel\\\/UCHYaeO_n0Db3tjNGudGpXyw\"]},{\"@type\":\"Person\",\"@id\":\"https:\\\/\\\/radioljubuski.ba\\\/#\\\/schema\\\/person\\\/19fc700381a780f69665d7956c469e3b\",\"name\":\"Radio Ljubu\u0161ki\"}]}<\/script>\n<!-- \/ Yoast SEO plugin. -->","yoast_head_json":{"title":"Borba sa \u0161vercerima cigareta sve uspje\u0161nija, ali samo smanjenje tro\u0161arina mo\u017ee maknuti \u0161verc s ulica - RADIO LJUBU\u0160KI","robots":{"index":"index","follow":"follow","max-snippet":"max-snippet:-1","max-image-preview":"max-image-preview:large","max-video-preview":"max-video-preview:-1"},"canonical":"https:\/\/radioljubuski.ba\/index.php\/2021\/10\/15\/borba-sa-svercerima-cigareta-sve-uspjesnija-ali-samo-smanjenje-trosarina-moze-maknuti-sverc-s-ulica\/","og_locale":"hr_HR","og_type":"article","og_title":"Borba sa \u0161vercerima cigareta sve uspje\u0161nija, ali samo smanjenje tro\u0161arina mo\u017ee maknuti \u0161verc s ulica - RADIO LJUBU\u0160KI","og_description":"Dr\u017eavna agencija za istrage i za\u0161titu SIPA u pro\u0161loj godini otkrila je i privremeno oduzela 28.174 kutije cigareta bez akciznih markica, 32.400 komada ru\u010dno punjenih cigareta, 727 kilograma rezanog duhana i 420 kilograma duhana u listu. Za sedam mjeseci ove godine zaplijenjene koli\u010dine znatno su ve\u0107e te je oduzeto 548.850 kutija cigareta bez akciznih markica, [&hellip;]","og_url":"https:\/\/radioljubuski.ba\/index.php\/2021\/10\/15\/borba-sa-svercerima-cigareta-sve-uspjesnija-ali-samo-smanjenje-trosarina-moze-maknuti-sverc-s-ulica\/","og_site_name":"RADIO LJUBU\u0160KI","article_publisher":"https:\/\/www.facebook.com\/Radiio-Ljubuski-1490835324566332","article_published_time":"2021-10-15T21:16:32+00:00","article_modified_time":"2021-10-15T21:16:33+00:00","og_image":[{"width":1000,"height":625,"url":"https:\/\/radioljubuski.ba\/wp-content\/uploads\/2021\/10\/rCRKn0mp_duhan.jpg","type":"image\/jpeg"}],"author":"Radio Ljubu\u0161ki","twitter_card":"summary_large_image","twitter_creator":"@radioljubuski","twitter_site":"@radioljubuski","twitter_misc":{"Napisao\/la":"Radio Ljubu\u0161ki","Procijenjeno vrijeme \u010ditanja":"5 minuta"},"schema":{"@context":"https:\/\/schema.org","@graph":[{"@type":"Article","@id":"https:\/\/radioljubuski.ba\/index.php\/2021\/10\/15\/borba-sa-svercerima-cigareta-sve-uspjesnija-ali-samo-smanjenje-trosarina-moze-maknuti-sverc-s-ulica\/#article","isPartOf":{"@id":"https:\/\/radioljubuski.ba\/index.php\/2021\/10\/15\/borba-sa-svercerima-cigareta-sve-uspjesnija-ali-samo-smanjenje-trosarina-moze-maknuti-sverc-s-ulica\/"},"author":{"name":"Radio Ljubu\u0161ki","@id":"https:\/\/radioljubuski.ba\/#\/schema\/person\/19fc700381a780f69665d7956c469e3b"},"headline":"Borba sa \u0161vercerima cigareta sve uspje\u0161nija, ali samo smanjenje tro\u0161arina mo\u017ee maknuti \u0161verc s ulica","datePublished":"2021-10-15T21:16:32+00:00","dateModified":"2021-10-15T21:16:33+00:00","mainEntityOfPage":{"@id":"https:\/\/radioljubuski.ba\/index.php\/2021\/10\/15\/borba-sa-svercerima-cigareta-sve-uspjesnija-ali-samo-smanjenje-trosarina-moze-maknuti-sverc-s-ulica\/"},"wordCount":1148,"publisher":{"@id":"https:\/\/radioljubuski.ba\/#organization"},"image":{"@id":"https:\/\/radioljubuski.ba\/index.php\/2021\/10\/15\/borba-sa-svercerima-cigareta-sve-uspjesnija-ali-samo-smanjenje-trosarina-moze-maknuti-sverc-s-ulica\/#primaryimage"},"thumbnailUrl":"https:\/\/radioljubuski.ba\/wp-content\/uploads\/2021\/10\/rCRKn0mp_duhan.jpg","articleSection":["BIH i regija"],"inLanguage":"hr"},{"@type":"WebPage","@id":"https:\/\/radioljubuski.ba\/index.php\/2021\/10\/15\/borba-sa-svercerima-cigareta-sve-uspjesnija-ali-samo-smanjenje-trosarina-moze-maknuti-sverc-s-ulica\/","url":"https:\/\/radioljubuski.ba\/index.php\/2021\/10\/15\/borba-sa-svercerima-cigareta-sve-uspjesnija-ali-samo-smanjenje-trosarina-moze-maknuti-sverc-s-ulica\/","name":"Borba sa \u0161vercerima cigareta sve uspje\u0161nija, ali samo smanjenje tro\u0161arina mo\u017ee maknuti \u0161verc s ulica - RADIO LJUBU\u0160KI","isPartOf":{"@id":"https:\/\/radioljubuski.ba\/#website"},"primaryImageOfPage":{"@id":"https:\/\/radioljubuski.ba\/index.php\/2021\/10\/15\/borba-sa-svercerima-cigareta-sve-uspjesnija-ali-samo-smanjenje-trosarina-moze-maknuti-sverc-s-ulica\/#primaryimage"},"image":{"@id":"https:\/\/radioljubuski.ba\/index.php\/2021\/10\/15\/borba-sa-svercerima-cigareta-sve-uspjesnija-ali-samo-smanjenje-trosarina-moze-maknuti-sverc-s-ulica\/#primaryimage"},"thumbnailUrl":"https:\/\/radioljubuski.ba\/wp-content\/uploads\/2021\/10\/rCRKn0mp_duhan.jpg","datePublished":"2021-10-15T21:16:32+00:00","dateModified":"2021-10-15T21:16:33+00:00","breadcrumb":{"@id":"https:\/\/radioljubuski.ba\/index.php\/2021\/10\/15\/borba-sa-svercerima-cigareta-sve-uspjesnija-ali-samo-smanjenje-trosarina-moze-maknuti-sverc-s-ulica\/#breadcrumb"},"inLanguage":"hr","potentialAction":[{"@type":"ReadAction","target":["https:\/\/radioljubuski.ba\/index.php\/2021\/10\/15\/borba-sa-svercerima-cigareta-sve-uspjesnija-ali-samo-smanjenje-trosarina-moze-maknuti-sverc-s-ulica\/"]}]},{"@type":"ImageObject","inLanguage":"hr","@id":"https:\/\/radioljubuski.ba\/index.php\/2021\/10\/15\/borba-sa-svercerima-cigareta-sve-uspjesnija-ali-samo-smanjenje-trosarina-moze-maknuti-sverc-s-ulica\/#primaryimage","url":"https:\/\/radioljubuski.ba\/wp-content\/uploads\/2021\/10\/rCRKn0mp_duhan.jpg","contentUrl":"https:\/\/radioljubuski.ba\/wp-content\/uploads\/2021\/10\/rCRKn0mp_duhan.jpg","width":1000,"height":625},{"@type":"BreadcrumbList","@id":"https:\/\/radioljubuski.ba\/index.php\/2021\/10\/15\/borba-sa-svercerima-cigareta-sve-uspjesnija-ali-samo-smanjenje-trosarina-moze-maknuti-sverc-s-ulica\/#breadcrumb","itemListElement":[{"@type":"ListItem","position":1,"name":"Po\u010detna stranica","item":"https:\/\/radioljubuski.ba\/"},{"@type":"ListItem","position":2,"name":"Borba sa \u0161vercerima cigareta sve uspje\u0161nija, ali samo smanjenje tro\u0161arina mo\u017ee maknuti \u0161verc s ulica"}]},{"@type":"WebSite","@id":"https:\/\/radioljubuski.ba\/#website","url":"https:\/\/radioljubuski.ba\/","name":"Radio Ljubu\u0161ki","description":"Sun\u010dana frekvencija Hercegovine","publisher":{"@id":"https:\/\/radioljubuski.ba\/#organization"},"potentialAction":[{"@type":"SearchAction","target":{"@type":"EntryPoint","urlTemplate":"https:\/\/radioljubuski.ba\/?s={search_term_string}"},"query-input":{"@type":"PropertyValueSpecification","valueRequired":true,"valueName":"search_term_string"}}],"inLanguage":"hr"},{"@type":"Organization","@id":"https:\/\/radioljubuski.ba\/#organization","name":"Radio Ljubu\u0161ki","url":"https:\/\/radioljubuski.ba\/","logo":{"@type":"ImageObject","inLanguage":"hr","@id":"https:\/\/radioljubuski.ba\/#\/schema\/logo\/image\/","url":"https:\/\/radioljubuski.ba\/wp-content\/uploads\/2021\/02\/cropped-Radio_Ljubuski_logo1.jpg","contentUrl":"https:\/\/radioljubuski.ba\/wp-content\/uploads\/2021\/02\/cropped-Radio_Ljubuski_logo1.jpg","width":512,"height":512,"caption":"Radio Ljubu\u0161ki"},"image":{"@id":"https:\/\/radioljubuski.ba\/#\/schema\/logo\/image\/"},"sameAs":["https:\/\/www.facebook.com\/Radiio-Ljubuski-1490835324566332","https:\/\/x.com\/radioljubuski","https:\/\/hr.linkedin.com\/company\/radio-ljubuski","https:\/\/www.youtube.com\/channel\/UCHYaeO_n0Db3tjNGudGpXyw"]},{"@type":"Person","@id":"https:\/\/radioljubuski.ba\/#\/schema\/person\/19fc700381a780f69665d7956c469e3b","name":"Radio Ljubu\u0161ki"}]}},"_links":{"self":[{"href":"https:\/\/radioljubuski.ba\/index.php\/wp-json\/wp\/v2\/posts\/76148","targetHints":{"allow":["GET"]}}],"collection":[{"href":"https:\/\/radioljubuski.ba\/index.php\/wp-json\/wp\/v2\/posts"}],"about":[{"href":"https:\/\/radioljubuski.ba\/index.php\/wp-json\/wp\/v2\/types\/post"}],"author":[{"embeddable":true,"href":"https:\/\/radioljubuski.ba\/index.php\/wp-json\/wp\/v2\/users\/2"}],"replies":[{"embeddable":true,"href":"https:\/\/radioljubuski.ba\/index.php\/wp-json\/wp\/v2\/comments?post=76148"}],"version-history":[{"count":1,"href":"https:\/\/radioljubuski.ba\/index.php\/wp-json\/wp\/v2\/posts\/76148\/revisions"}],"predecessor-version":[{"id":76150,"href":"https:\/\/radioljubuski.ba\/index.php\/wp-json\/wp\/v2\/posts\/76148\/revisions\/76150"}],"wp:featuredmedia":[{"embeddable":true,"href":"https:\/\/radioljubuski.ba\/index.php\/wp-json\/wp\/v2\/media\/76149"}],"wp:attachment":[{"href":"https:\/\/radioljubuski.ba\/index.php\/wp-json\/wp\/v2\/media?parent=76148"}],"wp:term":[{"taxonomy":"category","embeddable":true,"href":"https:\/\/radioljubuski.ba\/index.php\/wp-json\/wp\/v2\/categories?post=76148"},{"taxonomy":"post_tag","embeddable":true,"href":"https:\/\/radioljubuski.ba\/index.php\/wp-json\/wp\/v2\/tags?post=76148"}],"curies":[{"name":"wp","href":"https:\/\/api.w.org\/{rel}","templated":true}]}}