{"id":76155,"date":"2021-10-15T22:20:47","date_gmt":"2021-10-15T21:20:47","guid":{"rendered":"https:\/\/radioljubuski.ba\/?p=76155"},"modified":"2021-10-15T22:20:48","modified_gmt":"2021-10-15T21:20:48","slug":"roditelji-sina-13-poslali-busom-djedu-samog-iz-njemacke-prijeti-im-zatvor","status":"publish","type":"post","link":"https:\/\/radioljubuski.ba\/index.php\/2021\/10\/15\/roditelji-sina-13-poslali-busom-djedu-samog-iz-njemacke-prijeti-im-zatvor\/","title":{"rendered":"Roditelji sina (13) poslali busom djedu samog iz Njema\u010dke. Prijeti im zatvor"},"content":{"rendered":"\n<p>Prema optu\u017enici roditelji su od kolovoza 2019. do rujna lani kao roditelji na \u0161irem pakra\u010dkom podru\u010dju zanemarili vlastito dijete (13) koje su autobusom poslali iz Njema\u010dke u Hrvatsku kod djeda i bake, nakon \u010dega su svu brigu o djetetu prepustili djedu svjesni da se on zbog svoje starosti ne\u0107e mo\u0107i adekvatno brinuti o djetetu, donosi&nbsp;<a href=\"https:\/\/danica.hr\/roditelji-sina-13-poslali-busom-djedu-samog-iz-njemacke-prijeti-im-zatvor\/\" target=\"_blank\" rel=\"noreferrer noopener\">danica.hr<\/a><\/p>\n\n\n\n<p>&nbsp;&#8211; Dijete je u\u010destalo izlazilo u no\u0107nim satima te uzimalo djedov novac bez dozvole. Unato\u010d upozorenjima i pozivima Centra za socijalnu skrb, nisu do\u0161li po dijete, niti su osigurali stambene uvjete za njegov povratak u Njema\u010dku. Dijete im je zbog toga oduzeto &#8211; &nbsp;navode tu\u017eitelji.<\/p>\n\n\n\n<p>Naime, majka je tijekom istrage navela da dijete nije htjelo i\u0107u u \u0161kolu u Njema\u010dku, pa je dobivala kazne. Upao je u lo\u0161e dru\u0161tvo te je svako jutro redovno odlazio od ku\u0107e, a ona je mislila da ide u \u0161kolu. Posjetili su Centar za socijalnu skrb gdje su joj rekli da je najbolje da se malo smiri i ode u Hrvatsku na praznike.<\/p>\n\n\n\n<p>&nbsp;&#8211; Imao je 13 godina, poslala sam ga samog autobusom jer je to u Njema\u010dkoj normalno i on je ve\u0107 tako dolazio. Moj novi partner, osim toga, nije htio da dijete \u017eivi s nama, a stan u Njema\u010dkoj je na njega &#8211; &nbsp;ispri\u010dala je \u017eena.<\/p>\n\n\n\n<p>Njezin biv\u0161i suprug tijekom istrage branio se \u0161utnjom i nije \u017eelio iznositi obranu. Dijete je pak svjedo\u010dilo kako je o\u010duh u Njema\u010dkoj izlazio i pio, pa su se majka i on sva\u0111ali.<\/p>\n\n\n\n<p>&nbsp;&#8211; O\u010duh je po\u010deo tu\u0107i mamu, ja sam je branio, pa je i mene tukao. Onda sam oti\u0161ao kod prijatelja, a majka bi me ujutro pu\u0161tala u stan kada je o\u010duh bio na poslu. Bio sam kasnije i kod tate u Hrvatskoj, ali on ima mali stan i novu \u017eenu s kojom \u010deka dijete, pa nisam mogao ostati &#8211; &nbsp;ispri\u010dao je dje\u010dak.<\/p>\n\n\n\n<p>Roditelji su optu\u017eeni za kazneno djelo povrede djetetovih prava te ih se tereti da su grubo zanemarili svoju du\u017enost podizanja, odgoja i obrazovanja djeteta. Policija ih je prvotno bila prijavila za kazneno djelo napu\u0161tanja djeteta, ali dr\u017eavno odvjetni\u0161tvo odbacilo je takvu kvalifikaciju.<\/p>\n\n\n\n<p>Doka\u017ee li mi se krivnja tijekom sudskog postupka, prijeti im godinu dana bezuvjetnog zatvora.<\/p>\n\n\n\n<p>Izvor:danica.hr<\/p>\n","protected":false},"excerpt":{"rendered":"<p>Prema optu\u017enici roditelji su od kolovoza 2019. do rujna lani kao roditelji na \u0161irem pakra\u010dkom podru\u010dju zanemarili vlastito dijete (13) koje su autobusom poslali iz Njema\u010dke u Hrvatsku kod djeda i bake, nakon \u010dega su svu brigu o djetetu prepustili djedu svjesni da se on zbog svoje starosti ne\u0107e mo\u0107i adekvatno brinuti o djetetu, donosi&nbsp;danica.hr [&hellip;]<\/p>\n","protected":false},"author":2,"featured_media":76156,"comment_status":"closed","ping_status":"closed","sticky":false,"template":"","format":"standard","meta":{"h5ap_radio_sources":[],"footnotes":""},"categories":[1],"tags":[],"class_list":["post-76155","post","type-post","status-publish","format-standard","has-post-thumbnail","hentry","category-bihiregija"],"yoast_head":"<!-- This site is optimized with the Yoast SEO plugin v27.4 - https:\/\/yoast.com\/product\/yoast-seo-wordpress\/ -->\n<title>Roditelji sina (13) poslali busom djedu samog iz Njema\u010dke. Prijeti im zatvor - RADIO LJUBU\u0160KI<\/title>\n<meta name=\"robots\" content=\"index, follow, max-snippet:-1, max-image-preview:large, max-video-preview:-1\" \/>\n<link rel=\"canonical\" href=\"https:\/\/radioljubuski.ba\/index.php\/2021\/10\/15\/roditelji-sina-13-poslali-busom-djedu-samog-iz-njemacke-prijeti-im-zatvor\/\" \/>\n<meta property=\"og:locale\" content=\"hr_HR\" \/>\n<meta property=\"og:type\" content=\"article\" \/>\n<meta property=\"og:title\" content=\"Roditelji sina (13) poslali busom djedu samog iz Njema\u010dke. Prijeti im zatvor - RADIO LJUBU\u0160KI\" \/>\n<meta property=\"og:description\" content=\"Prema optu\u017enici roditelji su od kolovoza 2019. do rujna lani kao roditelji na \u0161irem pakra\u010dkom podru\u010dju zanemarili vlastito dijete (13) koje su autobusom poslali iz Njema\u010dke u Hrvatsku kod djeda i bake, nakon \u010dega su svu brigu o djetetu prepustili djedu svjesni da se on zbog svoje starosti ne\u0107e mo\u0107i adekvatno brinuti o djetetu, donosi&nbsp;danica.hr [&hellip;]\" \/>\n<meta property=\"og:url\" content=\"https:\/\/radioljubuski.ba\/index.php\/2021\/10\/15\/roditelji-sina-13-poslali-busom-djedu-samog-iz-njemacke-prijeti-im-zatvor\/\" \/>\n<meta property=\"og:site_name\" content=\"RADIO LJUBU\u0160KI\" \/>\n<meta property=\"article:publisher\" content=\"https:\/\/www.facebook.com\/Radiio-Ljubuski-1490835324566332\" \/>\n<meta property=\"article:published_time\" content=\"2021-10-15T21:20:47+00:00\" \/>\n<meta property=\"article:modified_time\" content=\"2021-10-15T21:20:48+00:00\" \/>\n<meta property=\"og:image\" content=\"https:\/\/radioljubuski.ba\/wp-content\/uploads\/2021\/10\/autobus-kolodvor.jpg\" \/>\n\t<meta property=\"og:image:width\" content=\"900\" \/>\n\t<meta property=\"og:image:height\" content=\"536\" \/>\n\t<meta property=\"og:image:type\" content=\"image\/jpeg\" \/>\n<meta name=\"author\" content=\"Radio Ljubu\u0161ki\" \/>\n<meta name=\"twitter:card\" content=\"summary_large_image\" \/>\n<meta name=\"twitter:creator\" content=\"@radioljubuski\" \/>\n<meta name=\"twitter:site\" content=\"@radioljubuski\" \/>\n<meta name=\"twitter:label1\" content=\"Napisao\/la\" \/>\n\t<meta name=\"twitter:data1\" content=\"Radio Ljubu\u0161ki\" \/>\n\t<meta name=\"twitter:label2\" content=\"Procijenjeno vrijeme \u010ditanja\" \/>\n\t<meta name=\"twitter:data2\" content=\"2 minute\" \/>\n<script type=\"application\/ld+json\" class=\"yoast-schema-graph\">{\"@context\":\"https:\\\/\\\/schema.org\",\"@graph\":[{\"@type\":\"Article\",\"@id\":\"https:\\\/\\\/radioljubuski.ba\\\/index.php\\\/2021\\\/10\\\/15\\\/roditelji-sina-13-poslali-busom-djedu-samog-iz-njemacke-prijeti-im-zatvor\\\/#article\",\"isPartOf\":{\"@id\":\"https:\\\/\\\/radioljubuski.ba\\\/index.php\\\/2021\\\/10\\\/15\\\/roditelji-sina-13-poslali-busom-djedu-samog-iz-njemacke-prijeti-im-zatvor\\\/\"},\"author\":{\"name\":\"Radio Ljubu\u0161ki\",\"@id\":\"https:\\\/\\\/radioljubuski.ba\\\/#\\\/schema\\\/person\\\/19fc700381a780f69665d7956c469e3b\"},\"headline\":\"Roditelji sina (13) poslali busom djedu samog iz Njema\u010dke. Prijeti im zatvor\",\"datePublished\":\"2021-10-15T21:20:47+00:00\",\"dateModified\":\"2021-10-15T21:20:48+00:00\",\"mainEntityOfPage\":{\"@id\":\"https:\\\/\\\/radioljubuski.ba\\\/index.php\\\/2021\\\/10\\\/15\\\/roditelji-sina-13-poslali-busom-djedu-samog-iz-njemacke-prijeti-im-zatvor\\\/\"},\"wordCount\":417,\"publisher\":{\"@id\":\"https:\\\/\\\/radioljubuski.ba\\\/#organization\"},\"image\":{\"@id\":\"https:\\\/\\\/radioljubuski.ba\\\/index.php\\\/2021\\\/10\\\/15\\\/roditelji-sina-13-poslali-busom-djedu-samog-iz-njemacke-prijeti-im-zatvor\\\/#primaryimage\"},\"thumbnailUrl\":\"https:\\\/\\\/radioljubuski.ba\\\/wp-content\\\/uploads\\\/2021\\\/10\\\/autobus-kolodvor.jpg\",\"articleSection\":[\"BIH i regija\"],\"inLanguage\":\"hr\"},{\"@type\":\"WebPage\",\"@id\":\"https:\\\/\\\/radioljubuski.ba\\\/index.php\\\/2021\\\/10\\\/15\\\/roditelji-sina-13-poslali-busom-djedu-samog-iz-njemacke-prijeti-im-zatvor\\\/\",\"url\":\"https:\\\/\\\/radioljubuski.ba\\\/index.php\\\/2021\\\/10\\\/15\\\/roditelji-sina-13-poslali-busom-djedu-samog-iz-njemacke-prijeti-im-zatvor\\\/\",\"name\":\"Roditelji sina (13) poslali busom djedu samog iz Njema\u010dke. Prijeti im zatvor - RADIO LJUBU\u0160KI\",\"isPartOf\":{\"@id\":\"https:\\\/\\\/radioljubuski.ba\\\/#website\"},\"primaryImageOfPage\":{\"@id\":\"https:\\\/\\\/radioljubuski.ba\\\/index.php\\\/2021\\\/10\\\/15\\\/roditelji-sina-13-poslali-busom-djedu-samog-iz-njemacke-prijeti-im-zatvor\\\/#primaryimage\"},\"image\":{\"@id\":\"https:\\\/\\\/radioljubuski.ba\\\/index.php\\\/2021\\\/10\\\/15\\\/roditelji-sina-13-poslali-busom-djedu-samog-iz-njemacke-prijeti-im-zatvor\\\/#primaryimage\"},\"thumbnailUrl\":\"https:\\\/\\\/radioljubuski.ba\\\/wp-content\\\/uploads\\\/2021\\\/10\\\/autobus-kolodvor.jpg\",\"datePublished\":\"2021-10-15T21:20:47+00:00\",\"dateModified\":\"2021-10-15T21:20:48+00:00\",\"breadcrumb\":{\"@id\":\"https:\\\/\\\/radioljubuski.ba\\\/index.php\\\/2021\\\/10\\\/15\\\/roditelji-sina-13-poslali-busom-djedu-samog-iz-njemacke-prijeti-im-zatvor\\\/#breadcrumb\"},\"inLanguage\":\"hr\",\"potentialAction\":[{\"@type\":\"ReadAction\",\"target\":[\"https:\\\/\\\/radioljubuski.ba\\\/index.php\\\/2021\\\/10\\\/15\\\/roditelji-sina-13-poslali-busom-djedu-samog-iz-njemacke-prijeti-im-zatvor\\\/\"]}]},{\"@type\":\"ImageObject\",\"inLanguage\":\"hr\",\"@id\":\"https:\\\/\\\/radioljubuski.ba\\\/index.php\\\/2021\\\/10\\\/15\\\/roditelji-sina-13-poslali-busom-djedu-samog-iz-njemacke-prijeti-im-zatvor\\\/#primaryimage\",\"url\":\"https:\\\/\\\/radioljubuski.ba\\\/wp-content\\\/uploads\\\/2021\\\/10\\\/autobus-kolodvor.jpg\",\"contentUrl\":\"https:\\\/\\\/radioljubuski.ba\\\/wp-content\\\/uploads\\\/2021\\\/10\\\/autobus-kolodvor.jpg\",\"width\":900,\"height\":536},{\"@type\":\"BreadcrumbList\",\"@id\":\"https:\\\/\\\/radioljubuski.ba\\\/index.php\\\/2021\\\/10\\\/15\\\/roditelji-sina-13-poslali-busom-djedu-samog-iz-njemacke-prijeti-im-zatvor\\\/#breadcrumb\",\"itemListElement\":[{\"@type\":\"ListItem\",\"position\":1,\"name\":\"Po\u010detna stranica\",\"item\":\"https:\\\/\\\/radioljubuski.ba\\\/\"},{\"@type\":\"ListItem\",\"position\":2,\"name\":\"Roditelji sina (13) poslali busom djedu samog iz Njema\u010dke. Prijeti im zatvor\"}]},{\"@type\":\"WebSite\",\"@id\":\"https:\\\/\\\/radioljubuski.ba\\\/#website\",\"url\":\"https:\\\/\\\/radioljubuski.ba\\\/\",\"name\":\"Radio Ljubu\u0161ki\",\"description\":\"Sun\u010dana frekvencija Hercegovine\",\"publisher\":{\"@id\":\"https:\\\/\\\/radioljubuski.ba\\\/#organization\"},\"potentialAction\":[{\"@type\":\"SearchAction\",\"target\":{\"@type\":\"EntryPoint\",\"urlTemplate\":\"https:\\\/\\\/radioljubuski.ba\\\/?s={search_term_string}\"},\"query-input\":{\"@type\":\"PropertyValueSpecification\",\"valueRequired\":true,\"valueName\":\"search_term_string\"}}],\"inLanguage\":\"hr\"},{\"@type\":\"Organization\",\"@id\":\"https:\\\/\\\/radioljubuski.ba\\\/#organization\",\"name\":\"Radio Ljubu\u0161ki\",\"url\":\"https:\\\/\\\/radioljubuski.ba\\\/\",\"logo\":{\"@type\":\"ImageObject\",\"inLanguage\":\"hr\",\"@id\":\"https:\\\/\\\/radioljubuski.ba\\\/#\\\/schema\\\/logo\\\/image\\\/\",\"url\":\"https:\\\/\\\/radioljubuski.ba\\\/wp-content\\\/uploads\\\/2021\\\/02\\\/cropped-Radio_Ljubuski_logo1.jpg\",\"contentUrl\":\"https:\\\/\\\/radioljubuski.ba\\\/wp-content\\\/uploads\\\/2021\\\/02\\\/cropped-Radio_Ljubuski_logo1.jpg\",\"width\":512,\"height\":512,\"caption\":\"Radio Ljubu\u0161ki\"},\"image\":{\"@id\":\"https:\\\/\\\/radioljubuski.ba\\\/#\\\/schema\\\/logo\\\/image\\\/\"},\"sameAs\":[\"https:\\\/\\\/www.facebook.com\\\/Radiio-Ljubuski-1490835324566332\",\"https:\\\/\\\/x.com\\\/radioljubuski\",\"https:\\\/\\\/hr.linkedin.com\\\/company\\\/radio-ljubuski\",\"https:\\\/\\\/www.youtube.com\\\/channel\\\/UCHYaeO_n0Db3tjNGudGpXyw\"]},{\"@type\":\"Person\",\"@id\":\"https:\\\/\\\/radioljubuski.ba\\\/#\\\/schema\\\/person\\\/19fc700381a780f69665d7956c469e3b\",\"name\":\"Radio Ljubu\u0161ki\"}]}<\/script>\n<!-- \/ Yoast SEO plugin. -->","yoast_head_json":{"title":"Roditelji sina (13) poslali busom djedu samog iz Njema\u010dke. Prijeti im zatvor - RADIO LJUBU\u0160KI","robots":{"index":"index","follow":"follow","max-snippet":"max-snippet:-1","max-image-preview":"max-image-preview:large","max-video-preview":"max-video-preview:-1"},"canonical":"https:\/\/radioljubuski.ba\/index.php\/2021\/10\/15\/roditelji-sina-13-poslali-busom-djedu-samog-iz-njemacke-prijeti-im-zatvor\/","og_locale":"hr_HR","og_type":"article","og_title":"Roditelji sina (13) poslali busom djedu samog iz Njema\u010dke. Prijeti im zatvor - RADIO LJUBU\u0160KI","og_description":"Prema optu\u017enici roditelji su od kolovoza 2019. do rujna lani kao roditelji na \u0161irem pakra\u010dkom podru\u010dju zanemarili vlastito dijete (13) koje su autobusom poslali iz Njema\u010dke u Hrvatsku kod djeda i bake, nakon \u010dega su svu brigu o djetetu prepustili djedu svjesni da se on zbog svoje starosti ne\u0107e mo\u0107i adekvatno brinuti o djetetu, donosi&nbsp;danica.hr [&hellip;]","og_url":"https:\/\/radioljubuski.ba\/index.php\/2021\/10\/15\/roditelji-sina-13-poslali-busom-djedu-samog-iz-njemacke-prijeti-im-zatvor\/","og_site_name":"RADIO LJUBU\u0160KI","article_publisher":"https:\/\/www.facebook.com\/Radiio-Ljubuski-1490835324566332","article_published_time":"2021-10-15T21:20:47+00:00","article_modified_time":"2021-10-15T21:20:48+00:00","og_image":[{"width":900,"height":536,"url":"https:\/\/radioljubuski.ba\/wp-content\/uploads\/2021\/10\/autobus-kolodvor.jpg","type":"image\/jpeg"}],"author":"Radio Ljubu\u0161ki","twitter_card":"summary_large_image","twitter_creator":"@radioljubuski","twitter_site":"@radioljubuski","twitter_misc":{"Napisao\/la":"Radio Ljubu\u0161ki","Procijenjeno vrijeme \u010ditanja":"2 minute"},"schema":{"@context":"https:\/\/schema.org","@graph":[{"@type":"Article","@id":"https:\/\/radioljubuski.ba\/index.php\/2021\/10\/15\/roditelji-sina-13-poslali-busom-djedu-samog-iz-njemacke-prijeti-im-zatvor\/#article","isPartOf":{"@id":"https:\/\/radioljubuski.ba\/index.php\/2021\/10\/15\/roditelji-sina-13-poslali-busom-djedu-samog-iz-njemacke-prijeti-im-zatvor\/"},"author":{"name":"Radio Ljubu\u0161ki","@id":"https:\/\/radioljubuski.ba\/#\/schema\/person\/19fc700381a780f69665d7956c469e3b"},"headline":"Roditelji sina (13) poslali busom djedu samog iz Njema\u010dke. Prijeti im zatvor","datePublished":"2021-10-15T21:20:47+00:00","dateModified":"2021-10-15T21:20:48+00:00","mainEntityOfPage":{"@id":"https:\/\/radioljubuski.ba\/index.php\/2021\/10\/15\/roditelji-sina-13-poslali-busom-djedu-samog-iz-njemacke-prijeti-im-zatvor\/"},"wordCount":417,"publisher":{"@id":"https:\/\/radioljubuski.ba\/#organization"},"image":{"@id":"https:\/\/radioljubuski.ba\/index.php\/2021\/10\/15\/roditelji-sina-13-poslali-busom-djedu-samog-iz-njemacke-prijeti-im-zatvor\/#primaryimage"},"thumbnailUrl":"https:\/\/radioljubuski.ba\/wp-content\/uploads\/2021\/10\/autobus-kolodvor.jpg","articleSection":["BIH i regija"],"inLanguage":"hr"},{"@type":"WebPage","@id":"https:\/\/radioljubuski.ba\/index.php\/2021\/10\/15\/roditelji-sina-13-poslali-busom-djedu-samog-iz-njemacke-prijeti-im-zatvor\/","url":"https:\/\/radioljubuski.ba\/index.php\/2021\/10\/15\/roditelji-sina-13-poslali-busom-djedu-samog-iz-njemacke-prijeti-im-zatvor\/","name":"Roditelji sina (13) poslali busom djedu samog iz Njema\u010dke. Prijeti im zatvor - RADIO LJUBU\u0160KI","isPartOf":{"@id":"https:\/\/radioljubuski.ba\/#website"},"primaryImageOfPage":{"@id":"https:\/\/radioljubuski.ba\/index.php\/2021\/10\/15\/roditelji-sina-13-poslali-busom-djedu-samog-iz-njemacke-prijeti-im-zatvor\/#primaryimage"},"image":{"@id":"https:\/\/radioljubuski.ba\/index.php\/2021\/10\/15\/roditelji-sina-13-poslali-busom-djedu-samog-iz-njemacke-prijeti-im-zatvor\/#primaryimage"},"thumbnailUrl":"https:\/\/radioljubuski.ba\/wp-content\/uploads\/2021\/10\/autobus-kolodvor.jpg","datePublished":"2021-10-15T21:20:47+00:00","dateModified":"2021-10-15T21:20:48+00:00","breadcrumb":{"@id":"https:\/\/radioljubuski.ba\/index.php\/2021\/10\/15\/roditelji-sina-13-poslali-busom-djedu-samog-iz-njemacke-prijeti-im-zatvor\/#breadcrumb"},"inLanguage":"hr","potentialAction":[{"@type":"ReadAction","target":["https:\/\/radioljubuski.ba\/index.php\/2021\/10\/15\/roditelji-sina-13-poslali-busom-djedu-samog-iz-njemacke-prijeti-im-zatvor\/"]}]},{"@type":"ImageObject","inLanguage":"hr","@id":"https:\/\/radioljubuski.ba\/index.php\/2021\/10\/15\/roditelji-sina-13-poslali-busom-djedu-samog-iz-njemacke-prijeti-im-zatvor\/#primaryimage","url":"https:\/\/radioljubuski.ba\/wp-content\/uploads\/2021\/10\/autobus-kolodvor.jpg","contentUrl":"https:\/\/radioljubuski.ba\/wp-content\/uploads\/2021\/10\/autobus-kolodvor.jpg","width":900,"height":536},{"@type":"BreadcrumbList","@id":"https:\/\/radioljubuski.ba\/index.php\/2021\/10\/15\/roditelji-sina-13-poslali-busom-djedu-samog-iz-njemacke-prijeti-im-zatvor\/#breadcrumb","itemListElement":[{"@type":"ListItem","position":1,"name":"Po\u010detna stranica","item":"https:\/\/radioljubuski.ba\/"},{"@type":"ListItem","position":2,"name":"Roditelji sina (13) poslali busom djedu samog iz Njema\u010dke. Prijeti im zatvor"}]},{"@type":"WebSite","@id":"https:\/\/radioljubuski.ba\/#website","url":"https:\/\/radioljubuski.ba\/","name":"Radio Ljubu\u0161ki","description":"Sun\u010dana frekvencija Hercegovine","publisher":{"@id":"https:\/\/radioljubuski.ba\/#organization"},"potentialAction":[{"@type":"SearchAction","target":{"@type":"EntryPoint","urlTemplate":"https:\/\/radioljubuski.ba\/?s={search_term_string}"},"query-input":{"@type":"PropertyValueSpecification","valueRequired":true,"valueName":"search_term_string"}}],"inLanguage":"hr"},{"@type":"Organization","@id":"https:\/\/radioljubuski.ba\/#organization","name":"Radio Ljubu\u0161ki","url":"https:\/\/radioljubuski.ba\/","logo":{"@type":"ImageObject","inLanguage":"hr","@id":"https:\/\/radioljubuski.ba\/#\/schema\/logo\/image\/","url":"https:\/\/radioljubuski.ba\/wp-content\/uploads\/2021\/02\/cropped-Radio_Ljubuski_logo1.jpg","contentUrl":"https:\/\/radioljubuski.ba\/wp-content\/uploads\/2021\/02\/cropped-Radio_Ljubuski_logo1.jpg","width":512,"height":512,"caption":"Radio Ljubu\u0161ki"},"image":{"@id":"https:\/\/radioljubuski.ba\/#\/schema\/logo\/image\/"},"sameAs":["https:\/\/www.facebook.com\/Radiio-Ljubuski-1490835324566332","https:\/\/x.com\/radioljubuski","https:\/\/hr.linkedin.com\/company\/radio-ljubuski","https:\/\/www.youtube.com\/channel\/UCHYaeO_n0Db3tjNGudGpXyw"]},{"@type":"Person","@id":"https:\/\/radioljubuski.ba\/#\/schema\/person\/19fc700381a780f69665d7956c469e3b","name":"Radio Ljubu\u0161ki"}]}},"_links":{"self":[{"href":"https:\/\/radioljubuski.ba\/index.php\/wp-json\/wp\/v2\/posts\/76155","targetHints":{"allow":["GET"]}}],"collection":[{"href":"https:\/\/radioljubuski.ba\/index.php\/wp-json\/wp\/v2\/posts"}],"about":[{"href":"https:\/\/radioljubuski.ba\/index.php\/wp-json\/wp\/v2\/types\/post"}],"author":[{"embeddable":true,"href":"https:\/\/radioljubuski.ba\/index.php\/wp-json\/wp\/v2\/users\/2"}],"replies":[{"embeddable":true,"href":"https:\/\/radioljubuski.ba\/index.php\/wp-json\/wp\/v2\/comments?post=76155"}],"version-history":[{"count":1,"href":"https:\/\/radioljubuski.ba\/index.php\/wp-json\/wp\/v2\/posts\/76155\/revisions"}],"predecessor-version":[{"id":76157,"href":"https:\/\/radioljubuski.ba\/index.php\/wp-json\/wp\/v2\/posts\/76155\/revisions\/76157"}],"wp:featuredmedia":[{"embeddable":true,"href":"https:\/\/radioljubuski.ba\/index.php\/wp-json\/wp\/v2\/media\/76156"}],"wp:attachment":[{"href":"https:\/\/radioljubuski.ba\/index.php\/wp-json\/wp\/v2\/media?parent=76155"}],"wp:term":[{"taxonomy":"category","embeddable":true,"href":"https:\/\/radioljubuski.ba\/index.php\/wp-json\/wp\/v2\/categories?post=76155"},{"taxonomy":"post_tag","embeddable":true,"href":"https:\/\/radioljubuski.ba\/index.php\/wp-json\/wp\/v2\/tags?post=76155"}],"curies":[{"name":"wp","href":"https:\/\/api.w.org\/{rel}","templated":true}]}}