{"id":76158,"date":"2021-10-15T22:23:22","date_gmt":"2021-10-15T21:23:22","guid":{"rendered":"https:\/\/radioljubuski.ba\/?p=76158"},"modified":"2021-10-15T22:23:23","modified_gmt":"2021-10-15T21:23:23","slug":"podnesena-krivicna-prijava-protiv-zeljke-cvijanovic","status":"publish","type":"post","link":"https:\/\/radioljubuski.ba\/index.php\/2021\/10\/15\/podnesena-krivicna-prijava-protiv-zeljke-cvijanovic\/","title":{"rendered":"Podnesena krivi\u010dna prijava protiv \u017deljke Cvijanovi\u0107"},"content":{"rendered":"\n<p>Institut za istra\u017eivanje genocida Kanada (IGK) podnio je krivi\u010dnu prijavu protiv predsjednice RS \u017deljke Cvijanovi\u0107. Prijava je podnesena zbog kr\u0161enja Zakona o zabrani negiranja genocida, kao i zbog poku\u0161aja ru\u0161enja ustavnopravnog poretka BiH.<\/p>\n\n\n\n<p>Iz IGK-a su priop\u0107ili da se prijava podnosi i zbog naru\u0161avanja suvereniteta, teritorijalnog integriteta, politi\u010dke nezavisnosti i me\u0111unarodnog pravnog subjektiviteta Bosne i Hercegovine.<\/p>\n\n\n\n<p>&#8211; Cvijanovi\u0107 je donijela ukaz prema kojem u tom entitetu ne va\u017ee izmjene Krivi\u010dnog zakona Bosne i Hercegovine, koje je donio biv\u0161i visoki predstavnik u Bosni i Hercegovini Valentin Inzko, a kojima se krivi\u010dno ka\u017enjava negiranje genocida i drugih zlo\u010dina presu\u0111enih na doma\u0107im i me\u0111unarodnim sudovima &#8211; ka\u017eu iz IGK-a.<\/p>\n\n\n\n<p>Naveli su da je ovim ukazom Cvijanovi\u0107, s ciljem izazivanja me\u0111unacionalne netrpeljivosti, razdora i mr\u017enje, svjesno, namjerno, javno i opasno derogirala ustavnopravni poredak dr\u017eave BiH kr\u0161e\u0107i odredbe Ustava BiH, odredbe Krivi\u010dnog zakona BiH i odredbe Dejtonskog mirovnog sporazuma, \u0161to ima veoma opasne reperkusije na mir i sigurnost, ne samo u na\u0161oj zemlji nego i u regiji i \u0161ire.<\/p>\n\n\n\n<p>Podsjetimo, nedavno je Institut za istra\u017eivanje genocida Kanada podnio krivi\u010dnu prijavu zbog negiranja genocida u Srebrenici protiv Milorada Dodika, \u010dlana Predsjedni\u0161tva Bosne i Hercegovine.<\/p>\n\n\n\n<p>Izvor:avaz.ba<\/p>\n","protected":false},"excerpt":{"rendered":"<p>Institut za istra\u017eivanje genocida Kanada (IGK) podnio je krivi\u010dnu prijavu protiv predsjednice RS \u017deljke Cvijanovi\u0107. Prijava je podnesena zbog kr\u0161enja Zakona o zabrani negiranja genocida, kao i zbog poku\u0161aja ru\u0161enja ustavnopravnog poretka BiH. Iz IGK-a su priop\u0107ili da se prijava podnosi i zbog naru\u0161avanja suvereniteta, teritorijalnog integriteta, politi\u010dke nezavisnosti i me\u0111unarodnog pravnog subjektiviteta Bosne i [&hellip;]<\/p>\n","protected":false},"author":2,"featured_media":51981,"comment_status":"closed","ping_status":"closed","sticky":false,"template":"","format":"standard","meta":{"h5ap_radio_sources":[],"footnotes":""},"categories":[1],"tags":[],"class_list":["post-76158","post","type-post","status-publish","format-standard","has-post-thumbnail","hentry","category-bihiregija"],"yoast_head":"<!-- This site is optimized with the Yoast SEO plugin v27.4 - https:\/\/yoast.com\/product\/yoast-seo-wordpress\/ -->\n<title>Podnesena krivi\u010dna prijava protiv \u017deljke Cvijanovi\u0107 - RADIO LJUBU\u0160KI<\/title>\n<meta name=\"robots\" content=\"index, follow, max-snippet:-1, max-image-preview:large, max-video-preview:-1\" \/>\n<link rel=\"canonical\" href=\"https:\/\/radioljubuski.ba\/index.php\/2021\/10\/15\/podnesena-krivicna-prijava-protiv-zeljke-cvijanovic\/\" \/>\n<meta property=\"og:locale\" content=\"hr_HR\" \/>\n<meta property=\"og:type\" content=\"article\" \/>\n<meta property=\"og:title\" content=\"Podnesena krivi\u010dna prijava protiv \u017deljke Cvijanovi\u0107 - RADIO LJUBU\u0160KI\" \/>\n<meta property=\"og:description\" content=\"Institut za istra\u017eivanje genocida Kanada (IGK) podnio je krivi\u010dnu prijavu protiv predsjednice RS \u017deljke Cvijanovi\u0107. Prijava je podnesena zbog kr\u0161enja Zakona o zabrani negiranja genocida, kao i zbog poku\u0161aja ru\u0161enja ustavnopravnog poretka BiH. Iz IGK-a su priop\u0107ili da se prijava podnosi i zbog naru\u0161avanja suvereniteta, teritorijalnog integriteta, politi\u010dke nezavisnosti i me\u0111unarodnog pravnog subjektiviteta Bosne i [&hellip;]\" \/>\n<meta property=\"og:url\" content=\"https:\/\/radioljubuski.ba\/index.php\/2021\/10\/15\/podnesena-krivicna-prijava-protiv-zeljke-cvijanovic\/\" \/>\n<meta property=\"og:site_name\" content=\"RADIO LJUBU\u0160KI\" \/>\n<meta property=\"article:publisher\" content=\"https:\/\/www.facebook.com\/Radiio-Ljubuski-1490835324566332\" \/>\n<meta property=\"article:published_time\" content=\"2021-10-15T21:23:22+00:00\" \/>\n<meta property=\"article:modified_time\" content=\"2021-10-15T21:23:23+00:00\" \/>\n<meta property=\"og:image\" content=\"https:\/\/radioljubuski.ba\/wp-content\/uploads\/2021\/08\/zeljka_cvijanovic_3.jpg\" \/>\n\t<meta property=\"og:image:width\" content=\"840\" \/>\n\t<meta property=\"og:image:height\" content=\"470\" \/>\n\t<meta property=\"og:image:type\" content=\"image\/jpeg\" \/>\n<meta name=\"author\" content=\"Radio Ljubu\u0161ki\" \/>\n<meta name=\"twitter:card\" content=\"summary_large_image\" \/>\n<meta name=\"twitter:creator\" content=\"@radioljubuski\" \/>\n<meta name=\"twitter:site\" content=\"@radioljubuski\" \/>\n<meta name=\"twitter:label1\" content=\"Napisao\/la\" \/>\n\t<meta name=\"twitter:data1\" content=\"Radio Ljubu\u0161ki\" \/>\n\t<meta name=\"twitter:label2\" content=\"Procijenjeno vrijeme \u010ditanja\" \/>\n\t<meta name=\"twitter:data2\" content=\"1 minuta\" \/>\n<script type=\"application\/ld+json\" class=\"yoast-schema-graph\">{\"@context\":\"https:\\\/\\\/schema.org\",\"@graph\":[{\"@type\":\"Article\",\"@id\":\"https:\\\/\\\/radioljubuski.ba\\\/index.php\\\/2021\\\/10\\\/15\\\/podnesena-krivicna-prijava-protiv-zeljke-cvijanovic\\\/#article\",\"isPartOf\":{\"@id\":\"https:\\\/\\\/radioljubuski.ba\\\/index.php\\\/2021\\\/10\\\/15\\\/podnesena-krivicna-prijava-protiv-zeljke-cvijanovic\\\/\"},\"author\":{\"name\":\"Radio Ljubu\u0161ki\",\"@id\":\"https:\\\/\\\/radioljubuski.ba\\\/#\\\/schema\\\/person\\\/19fc700381a780f69665d7956c469e3b\"},\"headline\":\"Podnesena krivi\u010dna prijava protiv \u017deljke Cvijanovi\u0107\",\"datePublished\":\"2021-10-15T21:23:22+00:00\",\"dateModified\":\"2021-10-15T21:23:23+00:00\",\"mainEntityOfPage\":{\"@id\":\"https:\\\/\\\/radioljubuski.ba\\\/index.php\\\/2021\\\/10\\\/15\\\/podnesena-krivicna-prijava-protiv-zeljke-cvijanovic\\\/\"},\"wordCount\":227,\"publisher\":{\"@id\":\"https:\\\/\\\/radioljubuski.ba\\\/#organization\"},\"image\":{\"@id\":\"https:\\\/\\\/radioljubuski.ba\\\/index.php\\\/2021\\\/10\\\/15\\\/podnesena-krivicna-prijava-protiv-zeljke-cvijanovic\\\/#primaryimage\"},\"thumbnailUrl\":\"https:\\\/\\\/radioljubuski.ba\\\/wp-content\\\/uploads\\\/2021\\\/08\\\/zeljka_cvijanovic_3.jpg\",\"articleSection\":[\"BIH i regija\"],\"inLanguage\":\"hr\"},{\"@type\":\"WebPage\",\"@id\":\"https:\\\/\\\/radioljubuski.ba\\\/index.php\\\/2021\\\/10\\\/15\\\/podnesena-krivicna-prijava-protiv-zeljke-cvijanovic\\\/\",\"url\":\"https:\\\/\\\/radioljubuski.ba\\\/index.php\\\/2021\\\/10\\\/15\\\/podnesena-krivicna-prijava-protiv-zeljke-cvijanovic\\\/\",\"name\":\"Podnesena krivi\u010dna prijava protiv \u017deljke Cvijanovi\u0107 - RADIO LJUBU\u0160KI\",\"isPartOf\":{\"@id\":\"https:\\\/\\\/radioljubuski.ba\\\/#website\"},\"primaryImageOfPage\":{\"@id\":\"https:\\\/\\\/radioljubuski.ba\\\/index.php\\\/2021\\\/10\\\/15\\\/podnesena-krivicna-prijava-protiv-zeljke-cvijanovic\\\/#primaryimage\"},\"image\":{\"@id\":\"https:\\\/\\\/radioljubuski.ba\\\/index.php\\\/2021\\\/10\\\/15\\\/podnesena-krivicna-prijava-protiv-zeljke-cvijanovic\\\/#primaryimage\"},\"thumbnailUrl\":\"https:\\\/\\\/radioljubuski.ba\\\/wp-content\\\/uploads\\\/2021\\\/08\\\/zeljka_cvijanovic_3.jpg\",\"datePublished\":\"2021-10-15T21:23:22+00:00\",\"dateModified\":\"2021-10-15T21:23:23+00:00\",\"breadcrumb\":{\"@id\":\"https:\\\/\\\/radioljubuski.ba\\\/index.php\\\/2021\\\/10\\\/15\\\/podnesena-krivicna-prijava-protiv-zeljke-cvijanovic\\\/#breadcrumb\"},\"inLanguage\":\"hr\",\"potentialAction\":[{\"@type\":\"ReadAction\",\"target\":[\"https:\\\/\\\/radioljubuski.ba\\\/index.php\\\/2021\\\/10\\\/15\\\/podnesena-krivicna-prijava-protiv-zeljke-cvijanovic\\\/\"]}]},{\"@type\":\"ImageObject\",\"inLanguage\":\"hr\",\"@id\":\"https:\\\/\\\/radioljubuski.ba\\\/index.php\\\/2021\\\/10\\\/15\\\/podnesena-krivicna-prijava-protiv-zeljke-cvijanovic\\\/#primaryimage\",\"url\":\"https:\\\/\\\/radioljubuski.ba\\\/wp-content\\\/uploads\\\/2021\\\/08\\\/zeljka_cvijanovic_3.jpg\",\"contentUrl\":\"https:\\\/\\\/radioljubuski.ba\\\/wp-content\\\/uploads\\\/2021\\\/08\\\/zeljka_cvijanovic_3.jpg\",\"width\":840,\"height\":470},{\"@type\":\"BreadcrumbList\",\"@id\":\"https:\\\/\\\/radioljubuski.ba\\\/index.php\\\/2021\\\/10\\\/15\\\/podnesena-krivicna-prijava-protiv-zeljke-cvijanovic\\\/#breadcrumb\",\"itemListElement\":[{\"@type\":\"ListItem\",\"position\":1,\"name\":\"Po\u010detna stranica\",\"item\":\"https:\\\/\\\/radioljubuski.ba\\\/\"},{\"@type\":\"ListItem\",\"position\":2,\"name\":\"Podnesena krivi\u010dna prijava protiv \u017deljke Cvijanovi\u0107\"}]},{\"@type\":\"WebSite\",\"@id\":\"https:\\\/\\\/radioljubuski.ba\\\/#website\",\"url\":\"https:\\\/\\\/radioljubuski.ba\\\/\",\"name\":\"Radio Ljubu\u0161ki\",\"description\":\"Sun\u010dana frekvencija Hercegovine\",\"publisher\":{\"@id\":\"https:\\\/\\\/radioljubuski.ba\\\/#organization\"},\"potentialAction\":[{\"@type\":\"SearchAction\",\"target\":{\"@type\":\"EntryPoint\",\"urlTemplate\":\"https:\\\/\\\/radioljubuski.ba\\\/?s={search_term_string}\"},\"query-input\":{\"@type\":\"PropertyValueSpecification\",\"valueRequired\":true,\"valueName\":\"search_term_string\"}}],\"inLanguage\":\"hr\"},{\"@type\":\"Organization\",\"@id\":\"https:\\\/\\\/radioljubuski.ba\\\/#organization\",\"name\":\"Radio Ljubu\u0161ki\",\"url\":\"https:\\\/\\\/radioljubuski.ba\\\/\",\"logo\":{\"@type\":\"ImageObject\",\"inLanguage\":\"hr\",\"@id\":\"https:\\\/\\\/radioljubuski.ba\\\/#\\\/schema\\\/logo\\\/image\\\/\",\"url\":\"https:\\\/\\\/radioljubuski.ba\\\/wp-content\\\/uploads\\\/2021\\\/02\\\/cropped-Radio_Ljubuski_logo1.jpg\",\"contentUrl\":\"https:\\\/\\\/radioljubuski.ba\\\/wp-content\\\/uploads\\\/2021\\\/02\\\/cropped-Radio_Ljubuski_logo1.jpg\",\"width\":512,\"height\":512,\"caption\":\"Radio Ljubu\u0161ki\"},\"image\":{\"@id\":\"https:\\\/\\\/radioljubuski.ba\\\/#\\\/schema\\\/logo\\\/image\\\/\"},\"sameAs\":[\"https:\\\/\\\/www.facebook.com\\\/Radiio-Ljubuski-1490835324566332\",\"https:\\\/\\\/x.com\\\/radioljubuski\",\"https:\\\/\\\/hr.linkedin.com\\\/company\\\/radio-ljubuski\",\"https:\\\/\\\/www.youtube.com\\\/channel\\\/UCHYaeO_n0Db3tjNGudGpXyw\"]},{\"@type\":\"Person\",\"@id\":\"https:\\\/\\\/radioljubuski.ba\\\/#\\\/schema\\\/person\\\/19fc700381a780f69665d7956c469e3b\",\"name\":\"Radio Ljubu\u0161ki\"}]}<\/script>\n<!-- \/ Yoast SEO plugin. -->","yoast_head_json":{"title":"Podnesena krivi\u010dna prijava protiv \u017deljke Cvijanovi\u0107 - RADIO LJUBU\u0160KI","robots":{"index":"index","follow":"follow","max-snippet":"max-snippet:-1","max-image-preview":"max-image-preview:large","max-video-preview":"max-video-preview:-1"},"canonical":"https:\/\/radioljubuski.ba\/index.php\/2021\/10\/15\/podnesena-krivicna-prijava-protiv-zeljke-cvijanovic\/","og_locale":"hr_HR","og_type":"article","og_title":"Podnesena krivi\u010dna prijava protiv \u017deljke Cvijanovi\u0107 - RADIO LJUBU\u0160KI","og_description":"Institut za istra\u017eivanje genocida Kanada (IGK) podnio je krivi\u010dnu prijavu protiv predsjednice RS \u017deljke Cvijanovi\u0107. Prijava je podnesena zbog kr\u0161enja Zakona o zabrani negiranja genocida, kao i zbog poku\u0161aja ru\u0161enja ustavnopravnog poretka BiH. Iz IGK-a su priop\u0107ili da se prijava podnosi i zbog naru\u0161avanja suvereniteta, teritorijalnog integriteta, politi\u010dke nezavisnosti i me\u0111unarodnog pravnog subjektiviteta Bosne i [&hellip;]","og_url":"https:\/\/radioljubuski.ba\/index.php\/2021\/10\/15\/podnesena-krivicna-prijava-protiv-zeljke-cvijanovic\/","og_site_name":"RADIO LJUBU\u0160KI","article_publisher":"https:\/\/www.facebook.com\/Radiio-Ljubuski-1490835324566332","article_published_time":"2021-10-15T21:23:22+00:00","article_modified_time":"2021-10-15T21:23:23+00:00","og_image":[{"width":840,"height":470,"url":"https:\/\/radioljubuski.ba\/wp-content\/uploads\/2021\/08\/zeljka_cvijanovic_3.jpg","type":"image\/jpeg"}],"author":"Radio Ljubu\u0161ki","twitter_card":"summary_large_image","twitter_creator":"@radioljubuski","twitter_site":"@radioljubuski","twitter_misc":{"Napisao\/la":"Radio Ljubu\u0161ki","Procijenjeno vrijeme \u010ditanja":"1 minuta"},"schema":{"@context":"https:\/\/schema.org","@graph":[{"@type":"Article","@id":"https:\/\/radioljubuski.ba\/index.php\/2021\/10\/15\/podnesena-krivicna-prijava-protiv-zeljke-cvijanovic\/#article","isPartOf":{"@id":"https:\/\/radioljubuski.ba\/index.php\/2021\/10\/15\/podnesena-krivicna-prijava-protiv-zeljke-cvijanovic\/"},"author":{"name":"Radio Ljubu\u0161ki","@id":"https:\/\/radioljubuski.ba\/#\/schema\/person\/19fc700381a780f69665d7956c469e3b"},"headline":"Podnesena krivi\u010dna prijava protiv \u017deljke Cvijanovi\u0107","datePublished":"2021-10-15T21:23:22+00:00","dateModified":"2021-10-15T21:23:23+00:00","mainEntityOfPage":{"@id":"https:\/\/radioljubuski.ba\/index.php\/2021\/10\/15\/podnesena-krivicna-prijava-protiv-zeljke-cvijanovic\/"},"wordCount":227,"publisher":{"@id":"https:\/\/radioljubuski.ba\/#organization"},"image":{"@id":"https:\/\/radioljubuski.ba\/index.php\/2021\/10\/15\/podnesena-krivicna-prijava-protiv-zeljke-cvijanovic\/#primaryimage"},"thumbnailUrl":"https:\/\/radioljubuski.ba\/wp-content\/uploads\/2021\/08\/zeljka_cvijanovic_3.jpg","articleSection":["BIH i regija"],"inLanguage":"hr"},{"@type":"WebPage","@id":"https:\/\/radioljubuski.ba\/index.php\/2021\/10\/15\/podnesena-krivicna-prijava-protiv-zeljke-cvijanovic\/","url":"https:\/\/radioljubuski.ba\/index.php\/2021\/10\/15\/podnesena-krivicna-prijava-protiv-zeljke-cvijanovic\/","name":"Podnesena krivi\u010dna prijava protiv \u017deljke Cvijanovi\u0107 - RADIO LJUBU\u0160KI","isPartOf":{"@id":"https:\/\/radioljubuski.ba\/#website"},"primaryImageOfPage":{"@id":"https:\/\/radioljubuski.ba\/index.php\/2021\/10\/15\/podnesena-krivicna-prijava-protiv-zeljke-cvijanovic\/#primaryimage"},"image":{"@id":"https:\/\/radioljubuski.ba\/index.php\/2021\/10\/15\/podnesena-krivicna-prijava-protiv-zeljke-cvijanovic\/#primaryimage"},"thumbnailUrl":"https:\/\/radioljubuski.ba\/wp-content\/uploads\/2021\/08\/zeljka_cvijanovic_3.jpg","datePublished":"2021-10-15T21:23:22+00:00","dateModified":"2021-10-15T21:23:23+00:00","breadcrumb":{"@id":"https:\/\/radioljubuski.ba\/index.php\/2021\/10\/15\/podnesena-krivicna-prijava-protiv-zeljke-cvijanovic\/#breadcrumb"},"inLanguage":"hr","potentialAction":[{"@type":"ReadAction","target":["https:\/\/radioljubuski.ba\/index.php\/2021\/10\/15\/podnesena-krivicna-prijava-protiv-zeljke-cvijanovic\/"]}]},{"@type":"ImageObject","inLanguage":"hr","@id":"https:\/\/radioljubuski.ba\/index.php\/2021\/10\/15\/podnesena-krivicna-prijava-protiv-zeljke-cvijanovic\/#primaryimage","url":"https:\/\/radioljubuski.ba\/wp-content\/uploads\/2021\/08\/zeljka_cvijanovic_3.jpg","contentUrl":"https:\/\/radioljubuski.ba\/wp-content\/uploads\/2021\/08\/zeljka_cvijanovic_3.jpg","width":840,"height":470},{"@type":"BreadcrumbList","@id":"https:\/\/radioljubuski.ba\/index.php\/2021\/10\/15\/podnesena-krivicna-prijava-protiv-zeljke-cvijanovic\/#breadcrumb","itemListElement":[{"@type":"ListItem","position":1,"name":"Po\u010detna stranica","item":"https:\/\/radioljubuski.ba\/"},{"@type":"ListItem","position":2,"name":"Podnesena krivi\u010dna prijava protiv \u017deljke Cvijanovi\u0107"}]},{"@type":"WebSite","@id":"https:\/\/radioljubuski.ba\/#website","url":"https:\/\/radioljubuski.ba\/","name":"Radio Ljubu\u0161ki","description":"Sun\u010dana frekvencija Hercegovine","publisher":{"@id":"https:\/\/radioljubuski.ba\/#organization"},"potentialAction":[{"@type":"SearchAction","target":{"@type":"EntryPoint","urlTemplate":"https:\/\/radioljubuski.ba\/?s={search_term_string}"},"query-input":{"@type":"PropertyValueSpecification","valueRequired":true,"valueName":"search_term_string"}}],"inLanguage":"hr"},{"@type":"Organization","@id":"https:\/\/radioljubuski.ba\/#organization","name":"Radio Ljubu\u0161ki","url":"https:\/\/radioljubuski.ba\/","logo":{"@type":"ImageObject","inLanguage":"hr","@id":"https:\/\/radioljubuski.ba\/#\/schema\/logo\/image\/","url":"https:\/\/radioljubuski.ba\/wp-content\/uploads\/2021\/02\/cropped-Radio_Ljubuski_logo1.jpg","contentUrl":"https:\/\/radioljubuski.ba\/wp-content\/uploads\/2021\/02\/cropped-Radio_Ljubuski_logo1.jpg","width":512,"height":512,"caption":"Radio Ljubu\u0161ki"},"image":{"@id":"https:\/\/radioljubuski.ba\/#\/schema\/logo\/image\/"},"sameAs":["https:\/\/www.facebook.com\/Radiio-Ljubuski-1490835324566332","https:\/\/x.com\/radioljubuski","https:\/\/hr.linkedin.com\/company\/radio-ljubuski","https:\/\/www.youtube.com\/channel\/UCHYaeO_n0Db3tjNGudGpXyw"]},{"@type":"Person","@id":"https:\/\/radioljubuski.ba\/#\/schema\/person\/19fc700381a780f69665d7956c469e3b","name":"Radio Ljubu\u0161ki"}]}},"_links":{"self":[{"href":"https:\/\/radioljubuski.ba\/index.php\/wp-json\/wp\/v2\/posts\/76158","targetHints":{"allow":["GET"]}}],"collection":[{"href":"https:\/\/radioljubuski.ba\/index.php\/wp-json\/wp\/v2\/posts"}],"about":[{"href":"https:\/\/radioljubuski.ba\/index.php\/wp-json\/wp\/v2\/types\/post"}],"author":[{"embeddable":true,"href":"https:\/\/radioljubuski.ba\/index.php\/wp-json\/wp\/v2\/users\/2"}],"replies":[{"embeddable":true,"href":"https:\/\/radioljubuski.ba\/index.php\/wp-json\/wp\/v2\/comments?post=76158"}],"version-history":[{"count":1,"href":"https:\/\/radioljubuski.ba\/index.php\/wp-json\/wp\/v2\/posts\/76158\/revisions"}],"predecessor-version":[{"id":76159,"href":"https:\/\/radioljubuski.ba\/index.php\/wp-json\/wp\/v2\/posts\/76158\/revisions\/76159"}],"wp:featuredmedia":[{"embeddable":true,"href":"https:\/\/radioljubuski.ba\/index.php\/wp-json\/wp\/v2\/media\/51981"}],"wp:attachment":[{"href":"https:\/\/radioljubuski.ba\/index.php\/wp-json\/wp\/v2\/media?parent=76158"}],"wp:term":[{"taxonomy":"category","embeddable":true,"href":"https:\/\/radioljubuski.ba\/index.php\/wp-json\/wp\/v2\/categories?post=76158"},{"taxonomy":"post_tag","embeddable":true,"href":"https:\/\/radioljubuski.ba\/index.php\/wp-json\/wp\/v2\/tags?post=76158"}],"curies":[{"name":"wp","href":"https:\/\/api.w.org\/{rel}","templated":true}]}}