{"id":76178,"date":"2021-10-15T22:36:59","date_gmt":"2021-10-15T21:36:59","guid":{"rendered":"https:\/\/radioljubuski.ba\/?p=76178"},"modified":"2021-10-15T22:36:59","modified_gmt":"2021-10-15T21:36:59","slug":"ivankovic-nakon-pobjede-nad-tuzlom-poletjeli-smo-sad-smo-cvrsto-na-zemlji","status":"publish","type":"post","link":"https:\/\/radioljubuski.ba\/index.php\/2021\/10\/15\/ivankovic-nakon-pobjede-nad-tuzlom-poletjeli-smo-sad-smo-cvrsto-na-zemlji\/","title":{"rendered":"Ivankovi\u0107: Nakon pobjede nad Tuzlom poletjeli smo, sad smo \u010dvrsto na zemlji"},"content":{"rendered":"\n<p>U 13. kolu m:tel Premijer lige BiH \u0160iroki Brijeg \u0107e na stadionu Pecara u nedjelju ugostiti Rudar iz Prijedora.<\/p>\n\n\n\n<p>Trener \u0160irokobrije\u017eana Jure Ivankovi\u0107 istaknuo je kako je nakon uvjerljivog poraza od Zrinjskog u hercegova\u010dkim derbiju (4:0) njegovoj mom\u010dadi reprezentativna stanka itekako dobro do\u0161la.<\/p>\n\n\n\n<p>&#8211; Na mini pripremama u Vukovaru odradili smo dobar posao, napravili smo plan za dalje i jo\u0161 vi\u0161e se povezali. Odlu\u010dili smo promijeniti neke stvari i ve\u0107 sada se vide razlike u pristupu radu. Iako su svi igra\u010di dobili priliku u odre\u0111enoj minuta\u017ei, najve\u0107i dobitak su svakako povratci Ivana Iki\u0107a i kapetana Bo\u017ee Muse nakon ozljeda. Oni sigurno konkuriraju za nedjeljnu utakmicu \u2013 najavio je Ivankovi\u0107 nedjeljnu utakmicu.<\/p>\n\n\n\n<p>Po njegovim rije\u010dima, nakon pobjede nad tada vode\u0107om mom\u010dadi prvenstva Tuzla Cityjem njegovi igra\u010di su &#8220;poletjeli&#8221;, ali sada su \u010dvrsto na zemlji, svjesni situacije u kojoj se nalaze.<\/p>\n\n\n\n<p>&#8211; Pred nama je pet utakmica u nizu i iz njih \u017eelimo izvu\u0107i \u0161to vi\u0161e. Vjerujem kako pobjedom protiv Rudara mo\u017eemo otvoriti pozitivnu seriju. Oni su najopasniji po krilnim pozicijama, ne gaje neki prepoznatljiv stil, igraju nepredvidivo \u2013 rekao je Ivankovi\u0107.<\/p>\n\n\n\n<p>S trenerom se slo\u017eio i desni bo\u010dni Kristijan Medi\u0107, koji je istaknuo da \u0107e glavna zada\u0107a defanzivne linije biti zaustaviti Rudarova krila.<\/p>\n\n\n\n<p>&#8211; Znaju biti nezgodna mom\u010dad. Njihovim krilima ne smijemo dopustiti previ\u0161e prostora. Odradili smo dobru analizu, spremni smo i zanima nas samo pobjeda. Me\u0111u nama vlada pravo ozra\u010dje. Sigurni smo kako vrijedimo puno vi\u0161e od sada\u0161nje pozicije na tablici. Puni motiva do\u010dekujemo sljede\u0107e utakmice \u2013 naglasio je Medi\u0107.<\/p>\n\n\n\n<p>Nakon 12 odigranih kola \u0160iroki Brijeg je deveti na ljestvici s 13 bodova, dok je Rudar s bodom manje mjesto ispod \u0160irokog.<\/p>\n\n\n\n<p>Izvor:pogled.ba<\/p>\n","protected":false},"excerpt":{"rendered":"<p>U 13. kolu m:tel Premijer lige BiH \u0160iroki Brijeg \u0107e na stadionu Pecara u nedjelju ugostiti Rudar iz Prijedora. Trener \u0160irokobrije\u017eana Jure Ivankovi\u0107 istaknuo je kako je nakon uvjerljivog poraza od Zrinjskog u hercegova\u010dkim derbiju (4:0) njegovoj mom\u010dadi reprezentativna stanka itekako dobro do\u0161la. &#8211; Na mini pripremama u Vukovaru odradili smo dobar posao, napravili smo [&hellip;]<\/p>\n","protected":false},"author":2,"featured_media":76179,"comment_status":"closed","ping_status":"closed","sticky":false,"template":"","format":"standard","meta":{"h5ap_radio_sources":[],"footnotes":""},"categories":[7],"tags":[],"class_list":["post-76178","post","type-post","status-publish","format-standard","has-post-thumbnail","hentry","category-sport"],"yoast_head":"<!-- This site is optimized with the Yoast SEO plugin v27.4 - https:\/\/yoast.com\/product\/yoast-seo-wordpress\/ -->\n<title>Ivankovi\u0107: Nakon pobjede nad Tuzlom poletjeli smo, sad smo \u010dvrsto na zemlji - RADIO LJUBU\u0160KI<\/title>\n<meta name=\"robots\" content=\"index, follow, max-snippet:-1, max-image-preview:large, max-video-preview:-1\" \/>\n<link rel=\"canonical\" href=\"https:\/\/radioljubuski.ba\/index.php\/2021\/10\/15\/ivankovic-nakon-pobjede-nad-tuzlom-poletjeli-smo-sad-smo-cvrsto-na-zemlji\/\" \/>\n<meta property=\"og:locale\" content=\"hr_HR\" \/>\n<meta property=\"og:type\" content=\"article\" \/>\n<meta property=\"og:title\" content=\"Ivankovi\u0107: Nakon pobjede nad Tuzlom poletjeli smo, sad smo \u010dvrsto na zemlji - RADIO LJUBU\u0160KI\" \/>\n<meta property=\"og:description\" content=\"U 13. kolu m:tel Premijer lige BiH \u0160iroki Brijeg \u0107e na stadionu Pecara u nedjelju ugostiti Rudar iz Prijedora. Trener \u0160irokobrije\u017eana Jure Ivankovi\u0107 istaknuo je kako je nakon uvjerljivog poraza od Zrinjskog u hercegova\u010dkim derbiju (4:0) njegovoj mom\u010dadi reprezentativna stanka itekako dobro do\u0161la. &#8211; Na mini pripremama u Vukovaru odradili smo dobar posao, napravili smo [&hellip;]\" \/>\n<meta property=\"og:url\" content=\"https:\/\/radioljubuski.ba\/index.php\/2021\/10\/15\/ivankovic-nakon-pobjede-nad-tuzlom-poletjeli-smo-sad-smo-cvrsto-na-zemlji\/\" \/>\n<meta property=\"og:site_name\" content=\"RADIO LJUBU\u0160KI\" \/>\n<meta property=\"article:publisher\" content=\"https:\/\/www.facebook.com\/Radiio-Ljubuski-1490835324566332\" \/>\n<meta property=\"article:published_time\" content=\"2021-10-15T21:36:59+00:00\" \/>\n<meta property=\"og:image\" content=\"https:\/\/radioljubuski.ba\/wp-content\/uploads\/2021\/10\/2-2021-10-15-12-28-58-20211015_100244.jpg\" \/>\n\t<meta property=\"og:image:width\" content=\"1000\" \/>\n\t<meta property=\"og:image:height\" content=\"625\" \/>\n\t<meta property=\"og:image:type\" content=\"image\/jpeg\" \/>\n<meta name=\"author\" content=\"Radio Ljubu\u0161ki\" \/>\n<meta name=\"twitter:card\" content=\"summary_large_image\" \/>\n<meta name=\"twitter:creator\" content=\"@radioljubuski\" \/>\n<meta name=\"twitter:site\" content=\"@radioljubuski\" \/>\n<meta name=\"twitter:label1\" content=\"Napisao\/la\" \/>\n\t<meta name=\"twitter:data1\" content=\"Radio Ljubu\u0161ki\" \/>\n\t<meta name=\"twitter:label2\" content=\"Procijenjeno vrijeme \u010ditanja\" \/>\n\t<meta name=\"twitter:data2\" content=\"2 minute\" \/>\n<script type=\"application\/ld+json\" class=\"yoast-schema-graph\">{\"@context\":\"https:\\\/\\\/schema.org\",\"@graph\":[{\"@type\":\"Article\",\"@id\":\"https:\\\/\\\/radioljubuski.ba\\\/index.php\\\/2021\\\/10\\\/15\\\/ivankovic-nakon-pobjede-nad-tuzlom-poletjeli-smo-sad-smo-cvrsto-na-zemlji\\\/#article\",\"isPartOf\":{\"@id\":\"https:\\\/\\\/radioljubuski.ba\\\/index.php\\\/2021\\\/10\\\/15\\\/ivankovic-nakon-pobjede-nad-tuzlom-poletjeli-smo-sad-smo-cvrsto-na-zemlji\\\/\"},\"author\":{\"name\":\"Radio Ljubu\u0161ki\",\"@id\":\"https:\\\/\\\/radioljubuski.ba\\\/#\\\/schema\\\/person\\\/19fc700381a780f69665d7956c469e3b\"},\"headline\":\"Ivankovi\u0107: Nakon pobjede nad Tuzlom poletjeli smo, sad smo \u010dvrsto na zemlji\",\"datePublished\":\"2021-10-15T21:36:59+00:00\",\"mainEntityOfPage\":{\"@id\":\"https:\\\/\\\/radioljubuski.ba\\\/index.php\\\/2021\\\/10\\\/15\\\/ivankovic-nakon-pobjede-nad-tuzlom-poletjeli-smo-sad-smo-cvrsto-na-zemlji\\\/\"},\"wordCount\":311,\"publisher\":{\"@id\":\"https:\\\/\\\/radioljubuski.ba\\\/#organization\"},\"image\":{\"@id\":\"https:\\\/\\\/radioljubuski.ba\\\/index.php\\\/2021\\\/10\\\/15\\\/ivankovic-nakon-pobjede-nad-tuzlom-poletjeli-smo-sad-smo-cvrsto-na-zemlji\\\/#primaryimage\"},\"thumbnailUrl\":\"https:\\\/\\\/radioljubuski.ba\\\/wp-content\\\/uploads\\\/2021\\\/10\\\/2-2021-10-15-12-28-58-20211015_100244.jpg\",\"articleSection\":[\"\u0160port\"],\"inLanguage\":\"hr\"},{\"@type\":\"WebPage\",\"@id\":\"https:\\\/\\\/radioljubuski.ba\\\/index.php\\\/2021\\\/10\\\/15\\\/ivankovic-nakon-pobjede-nad-tuzlom-poletjeli-smo-sad-smo-cvrsto-na-zemlji\\\/\",\"url\":\"https:\\\/\\\/radioljubuski.ba\\\/index.php\\\/2021\\\/10\\\/15\\\/ivankovic-nakon-pobjede-nad-tuzlom-poletjeli-smo-sad-smo-cvrsto-na-zemlji\\\/\",\"name\":\"Ivankovi\u0107: Nakon pobjede nad Tuzlom poletjeli smo, sad smo \u010dvrsto na zemlji - RADIO LJUBU\u0160KI\",\"isPartOf\":{\"@id\":\"https:\\\/\\\/radioljubuski.ba\\\/#website\"},\"primaryImageOfPage\":{\"@id\":\"https:\\\/\\\/radioljubuski.ba\\\/index.php\\\/2021\\\/10\\\/15\\\/ivankovic-nakon-pobjede-nad-tuzlom-poletjeli-smo-sad-smo-cvrsto-na-zemlji\\\/#primaryimage\"},\"image\":{\"@id\":\"https:\\\/\\\/radioljubuski.ba\\\/index.php\\\/2021\\\/10\\\/15\\\/ivankovic-nakon-pobjede-nad-tuzlom-poletjeli-smo-sad-smo-cvrsto-na-zemlji\\\/#primaryimage\"},\"thumbnailUrl\":\"https:\\\/\\\/radioljubuski.ba\\\/wp-content\\\/uploads\\\/2021\\\/10\\\/2-2021-10-15-12-28-58-20211015_100244.jpg\",\"datePublished\":\"2021-10-15T21:36:59+00:00\",\"breadcrumb\":{\"@id\":\"https:\\\/\\\/radioljubuski.ba\\\/index.php\\\/2021\\\/10\\\/15\\\/ivankovic-nakon-pobjede-nad-tuzlom-poletjeli-smo-sad-smo-cvrsto-na-zemlji\\\/#breadcrumb\"},\"inLanguage\":\"hr\",\"potentialAction\":[{\"@type\":\"ReadAction\",\"target\":[\"https:\\\/\\\/radioljubuski.ba\\\/index.php\\\/2021\\\/10\\\/15\\\/ivankovic-nakon-pobjede-nad-tuzlom-poletjeli-smo-sad-smo-cvrsto-na-zemlji\\\/\"]}]},{\"@type\":\"ImageObject\",\"inLanguage\":\"hr\",\"@id\":\"https:\\\/\\\/radioljubuski.ba\\\/index.php\\\/2021\\\/10\\\/15\\\/ivankovic-nakon-pobjede-nad-tuzlom-poletjeli-smo-sad-smo-cvrsto-na-zemlji\\\/#primaryimage\",\"url\":\"https:\\\/\\\/radioljubuski.ba\\\/wp-content\\\/uploads\\\/2021\\\/10\\\/2-2021-10-15-12-28-58-20211015_100244.jpg\",\"contentUrl\":\"https:\\\/\\\/radioljubuski.ba\\\/wp-content\\\/uploads\\\/2021\\\/10\\\/2-2021-10-15-12-28-58-20211015_100244.jpg\",\"width\":1000,\"height\":625},{\"@type\":\"BreadcrumbList\",\"@id\":\"https:\\\/\\\/radioljubuski.ba\\\/index.php\\\/2021\\\/10\\\/15\\\/ivankovic-nakon-pobjede-nad-tuzlom-poletjeli-smo-sad-smo-cvrsto-na-zemlji\\\/#breadcrumb\",\"itemListElement\":[{\"@type\":\"ListItem\",\"position\":1,\"name\":\"Po\u010detna stranica\",\"item\":\"https:\\\/\\\/radioljubuski.ba\\\/\"},{\"@type\":\"ListItem\",\"position\":2,\"name\":\"Ivankovi\u0107: Nakon pobjede nad Tuzlom poletjeli smo, sad smo \u010dvrsto na zemlji\"}]},{\"@type\":\"WebSite\",\"@id\":\"https:\\\/\\\/radioljubuski.ba\\\/#website\",\"url\":\"https:\\\/\\\/radioljubuski.ba\\\/\",\"name\":\"Radio Ljubu\u0161ki\",\"description\":\"Sun\u010dana frekvencija Hercegovine\",\"publisher\":{\"@id\":\"https:\\\/\\\/radioljubuski.ba\\\/#organization\"},\"potentialAction\":[{\"@type\":\"SearchAction\",\"target\":{\"@type\":\"EntryPoint\",\"urlTemplate\":\"https:\\\/\\\/radioljubuski.ba\\\/?s={search_term_string}\"},\"query-input\":{\"@type\":\"PropertyValueSpecification\",\"valueRequired\":true,\"valueName\":\"search_term_string\"}}],\"inLanguage\":\"hr\"},{\"@type\":\"Organization\",\"@id\":\"https:\\\/\\\/radioljubuski.ba\\\/#organization\",\"name\":\"Radio Ljubu\u0161ki\",\"url\":\"https:\\\/\\\/radioljubuski.ba\\\/\",\"logo\":{\"@type\":\"ImageObject\",\"inLanguage\":\"hr\",\"@id\":\"https:\\\/\\\/radioljubuski.ba\\\/#\\\/schema\\\/logo\\\/image\\\/\",\"url\":\"https:\\\/\\\/radioljubuski.ba\\\/wp-content\\\/uploads\\\/2021\\\/02\\\/cropped-Radio_Ljubuski_logo1.jpg\",\"contentUrl\":\"https:\\\/\\\/radioljubuski.ba\\\/wp-content\\\/uploads\\\/2021\\\/02\\\/cropped-Radio_Ljubuski_logo1.jpg\",\"width\":512,\"height\":512,\"caption\":\"Radio Ljubu\u0161ki\"},\"image\":{\"@id\":\"https:\\\/\\\/radioljubuski.ba\\\/#\\\/schema\\\/logo\\\/image\\\/\"},\"sameAs\":[\"https:\\\/\\\/www.facebook.com\\\/Radiio-Ljubuski-1490835324566332\",\"https:\\\/\\\/x.com\\\/radioljubuski\",\"https:\\\/\\\/hr.linkedin.com\\\/company\\\/radio-ljubuski\",\"https:\\\/\\\/www.youtube.com\\\/channel\\\/UCHYaeO_n0Db3tjNGudGpXyw\"]},{\"@type\":\"Person\",\"@id\":\"https:\\\/\\\/radioljubuski.ba\\\/#\\\/schema\\\/person\\\/19fc700381a780f69665d7956c469e3b\",\"name\":\"Radio Ljubu\u0161ki\"}]}<\/script>\n<!-- \/ Yoast SEO plugin. -->","yoast_head_json":{"title":"Ivankovi\u0107: Nakon pobjede nad Tuzlom poletjeli smo, sad smo \u010dvrsto na zemlji - RADIO LJUBU\u0160KI","robots":{"index":"index","follow":"follow","max-snippet":"max-snippet:-1","max-image-preview":"max-image-preview:large","max-video-preview":"max-video-preview:-1"},"canonical":"https:\/\/radioljubuski.ba\/index.php\/2021\/10\/15\/ivankovic-nakon-pobjede-nad-tuzlom-poletjeli-smo-sad-smo-cvrsto-na-zemlji\/","og_locale":"hr_HR","og_type":"article","og_title":"Ivankovi\u0107: Nakon pobjede nad Tuzlom poletjeli smo, sad smo \u010dvrsto na zemlji - RADIO LJUBU\u0160KI","og_description":"U 13. kolu m:tel Premijer lige BiH \u0160iroki Brijeg \u0107e na stadionu Pecara u nedjelju ugostiti Rudar iz Prijedora. Trener \u0160irokobrije\u017eana Jure Ivankovi\u0107 istaknuo je kako je nakon uvjerljivog poraza od Zrinjskog u hercegova\u010dkim derbiju (4:0) njegovoj mom\u010dadi reprezentativna stanka itekako dobro do\u0161la. &#8211; Na mini pripremama u Vukovaru odradili smo dobar posao, napravili smo [&hellip;]","og_url":"https:\/\/radioljubuski.ba\/index.php\/2021\/10\/15\/ivankovic-nakon-pobjede-nad-tuzlom-poletjeli-smo-sad-smo-cvrsto-na-zemlji\/","og_site_name":"RADIO LJUBU\u0160KI","article_publisher":"https:\/\/www.facebook.com\/Radiio-Ljubuski-1490835324566332","article_published_time":"2021-10-15T21:36:59+00:00","og_image":[{"width":1000,"height":625,"url":"https:\/\/radioljubuski.ba\/wp-content\/uploads\/2021\/10\/2-2021-10-15-12-28-58-20211015_100244.jpg","type":"image\/jpeg"}],"author":"Radio Ljubu\u0161ki","twitter_card":"summary_large_image","twitter_creator":"@radioljubuski","twitter_site":"@radioljubuski","twitter_misc":{"Napisao\/la":"Radio Ljubu\u0161ki","Procijenjeno vrijeme \u010ditanja":"2 minute"},"schema":{"@context":"https:\/\/schema.org","@graph":[{"@type":"Article","@id":"https:\/\/radioljubuski.ba\/index.php\/2021\/10\/15\/ivankovic-nakon-pobjede-nad-tuzlom-poletjeli-smo-sad-smo-cvrsto-na-zemlji\/#article","isPartOf":{"@id":"https:\/\/radioljubuski.ba\/index.php\/2021\/10\/15\/ivankovic-nakon-pobjede-nad-tuzlom-poletjeli-smo-sad-smo-cvrsto-na-zemlji\/"},"author":{"name":"Radio Ljubu\u0161ki","@id":"https:\/\/radioljubuski.ba\/#\/schema\/person\/19fc700381a780f69665d7956c469e3b"},"headline":"Ivankovi\u0107: Nakon pobjede nad Tuzlom poletjeli smo, sad smo \u010dvrsto na zemlji","datePublished":"2021-10-15T21:36:59+00:00","mainEntityOfPage":{"@id":"https:\/\/radioljubuski.ba\/index.php\/2021\/10\/15\/ivankovic-nakon-pobjede-nad-tuzlom-poletjeli-smo-sad-smo-cvrsto-na-zemlji\/"},"wordCount":311,"publisher":{"@id":"https:\/\/radioljubuski.ba\/#organization"},"image":{"@id":"https:\/\/radioljubuski.ba\/index.php\/2021\/10\/15\/ivankovic-nakon-pobjede-nad-tuzlom-poletjeli-smo-sad-smo-cvrsto-na-zemlji\/#primaryimage"},"thumbnailUrl":"https:\/\/radioljubuski.ba\/wp-content\/uploads\/2021\/10\/2-2021-10-15-12-28-58-20211015_100244.jpg","articleSection":["\u0160port"],"inLanguage":"hr"},{"@type":"WebPage","@id":"https:\/\/radioljubuski.ba\/index.php\/2021\/10\/15\/ivankovic-nakon-pobjede-nad-tuzlom-poletjeli-smo-sad-smo-cvrsto-na-zemlji\/","url":"https:\/\/radioljubuski.ba\/index.php\/2021\/10\/15\/ivankovic-nakon-pobjede-nad-tuzlom-poletjeli-smo-sad-smo-cvrsto-na-zemlji\/","name":"Ivankovi\u0107: Nakon pobjede nad Tuzlom poletjeli smo, sad smo \u010dvrsto na zemlji - RADIO LJUBU\u0160KI","isPartOf":{"@id":"https:\/\/radioljubuski.ba\/#website"},"primaryImageOfPage":{"@id":"https:\/\/radioljubuski.ba\/index.php\/2021\/10\/15\/ivankovic-nakon-pobjede-nad-tuzlom-poletjeli-smo-sad-smo-cvrsto-na-zemlji\/#primaryimage"},"image":{"@id":"https:\/\/radioljubuski.ba\/index.php\/2021\/10\/15\/ivankovic-nakon-pobjede-nad-tuzlom-poletjeli-smo-sad-smo-cvrsto-na-zemlji\/#primaryimage"},"thumbnailUrl":"https:\/\/radioljubuski.ba\/wp-content\/uploads\/2021\/10\/2-2021-10-15-12-28-58-20211015_100244.jpg","datePublished":"2021-10-15T21:36:59+00:00","breadcrumb":{"@id":"https:\/\/radioljubuski.ba\/index.php\/2021\/10\/15\/ivankovic-nakon-pobjede-nad-tuzlom-poletjeli-smo-sad-smo-cvrsto-na-zemlji\/#breadcrumb"},"inLanguage":"hr","potentialAction":[{"@type":"ReadAction","target":["https:\/\/radioljubuski.ba\/index.php\/2021\/10\/15\/ivankovic-nakon-pobjede-nad-tuzlom-poletjeli-smo-sad-smo-cvrsto-na-zemlji\/"]}]},{"@type":"ImageObject","inLanguage":"hr","@id":"https:\/\/radioljubuski.ba\/index.php\/2021\/10\/15\/ivankovic-nakon-pobjede-nad-tuzlom-poletjeli-smo-sad-smo-cvrsto-na-zemlji\/#primaryimage","url":"https:\/\/radioljubuski.ba\/wp-content\/uploads\/2021\/10\/2-2021-10-15-12-28-58-20211015_100244.jpg","contentUrl":"https:\/\/radioljubuski.ba\/wp-content\/uploads\/2021\/10\/2-2021-10-15-12-28-58-20211015_100244.jpg","width":1000,"height":625},{"@type":"BreadcrumbList","@id":"https:\/\/radioljubuski.ba\/index.php\/2021\/10\/15\/ivankovic-nakon-pobjede-nad-tuzlom-poletjeli-smo-sad-smo-cvrsto-na-zemlji\/#breadcrumb","itemListElement":[{"@type":"ListItem","position":1,"name":"Po\u010detna stranica","item":"https:\/\/radioljubuski.ba\/"},{"@type":"ListItem","position":2,"name":"Ivankovi\u0107: Nakon pobjede nad Tuzlom poletjeli smo, sad smo \u010dvrsto na zemlji"}]},{"@type":"WebSite","@id":"https:\/\/radioljubuski.ba\/#website","url":"https:\/\/radioljubuski.ba\/","name":"Radio Ljubu\u0161ki","description":"Sun\u010dana frekvencija Hercegovine","publisher":{"@id":"https:\/\/radioljubuski.ba\/#organization"},"potentialAction":[{"@type":"SearchAction","target":{"@type":"EntryPoint","urlTemplate":"https:\/\/radioljubuski.ba\/?s={search_term_string}"},"query-input":{"@type":"PropertyValueSpecification","valueRequired":true,"valueName":"search_term_string"}}],"inLanguage":"hr"},{"@type":"Organization","@id":"https:\/\/radioljubuski.ba\/#organization","name":"Radio Ljubu\u0161ki","url":"https:\/\/radioljubuski.ba\/","logo":{"@type":"ImageObject","inLanguage":"hr","@id":"https:\/\/radioljubuski.ba\/#\/schema\/logo\/image\/","url":"https:\/\/radioljubuski.ba\/wp-content\/uploads\/2021\/02\/cropped-Radio_Ljubuski_logo1.jpg","contentUrl":"https:\/\/radioljubuski.ba\/wp-content\/uploads\/2021\/02\/cropped-Radio_Ljubuski_logo1.jpg","width":512,"height":512,"caption":"Radio Ljubu\u0161ki"},"image":{"@id":"https:\/\/radioljubuski.ba\/#\/schema\/logo\/image\/"},"sameAs":["https:\/\/www.facebook.com\/Radiio-Ljubuski-1490835324566332","https:\/\/x.com\/radioljubuski","https:\/\/hr.linkedin.com\/company\/radio-ljubuski","https:\/\/www.youtube.com\/channel\/UCHYaeO_n0Db3tjNGudGpXyw"]},{"@type":"Person","@id":"https:\/\/radioljubuski.ba\/#\/schema\/person\/19fc700381a780f69665d7956c469e3b","name":"Radio Ljubu\u0161ki"}]}},"_links":{"self":[{"href":"https:\/\/radioljubuski.ba\/index.php\/wp-json\/wp\/v2\/posts\/76178","targetHints":{"allow":["GET"]}}],"collection":[{"href":"https:\/\/radioljubuski.ba\/index.php\/wp-json\/wp\/v2\/posts"}],"about":[{"href":"https:\/\/radioljubuski.ba\/index.php\/wp-json\/wp\/v2\/types\/post"}],"author":[{"embeddable":true,"href":"https:\/\/radioljubuski.ba\/index.php\/wp-json\/wp\/v2\/users\/2"}],"replies":[{"embeddable":true,"href":"https:\/\/radioljubuski.ba\/index.php\/wp-json\/wp\/v2\/comments?post=76178"}],"version-history":[{"count":1,"href":"https:\/\/radioljubuski.ba\/index.php\/wp-json\/wp\/v2\/posts\/76178\/revisions"}],"predecessor-version":[{"id":76180,"href":"https:\/\/radioljubuski.ba\/index.php\/wp-json\/wp\/v2\/posts\/76178\/revisions\/76180"}],"wp:featuredmedia":[{"embeddable":true,"href":"https:\/\/radioljubuski.ba\/index.php\/wp-json\/wp\/v2\/media\/76179"}],"wp:attachment":[{"href":"https:\/\/radioljubuski.ba\/index.php\/wp-json\/wp\/v2\/media?parent=76178"}],"wp:term":[{"taxonomy":"category","embeddable":true,"href":"https:\/\/radioljubuski.ba\/index.php\/wp-json\/wp\/v2\/categories?post=76178"},{"taxonomy":"post_tag","embeddable":true,"href":"https:\/\/radioljubuski.ba\/index.php\/wp-json\/wp\/v2\/tags?post=76178"}],"curies":[{"name":"wp","href":"https:\/\/api.w.org\/{rel}","templated":true}]}}