{"id":76184,"date":"2021-10-15T22:39:08","date_gmt":"2021-10-15T21:39:08","guid":{"rendered":"https:\/\/radioljubuski.ba\/?p=76184"},"modified":"2021-10-15T22:39:08","modified_gmt":"2021-10-15T21:39:08","slug":"sluzbenik-ureda-za-upravljanje-javnom-imovinom-distrikta-prisvojio-41-360-km","status":"publish","type":"post","link":"https:\/\/radioljubuski.ba\/index.php\/2021\/10\/15\/sluzbenik-ureda-za-upravljanje-javnom-imovinom-distrikta-prisvojio-41-360-km\/","title":{"rendered":"Slu\u017ebenik Ureda za upravljanje javnom imovinom Distrikta prisvojio 41.360 KM"},"content":{"rendered":"\n<p>Tu\u017eiteljstvo Br\u010dko distrikta BiH podiglo je optu\u017enicu protiv Amera Korjeni\u0107a (48), slu\u017ebenika Ureda za upravljanje javnom imovinom u Br\u010dkom, zbog sumnje da je iskori\u0161tavanjem slu\u017ebenog ovla\u0161tenja pribavio imovinsku korist ve\u0107u od 40.000 konvertibilnih maraka (KM).<\/p>\n\n\n\n<p>Korjeni\u0107 je optu\u017een za zloupotrebu polo\u017eaja ili ovla\u0161tenja po\u010dinjenu tako \u0161to je ve\u0107e iznose novca, koji su mu za administrativne takse i naknade predavale stranke, zadr\u017eao za sebe.<\/p>\n\n\n\n<p>Stru\u010dnom referentu za identifikaciju i procjenu objekata javne imovine stavljeno je na teret da je od sredine 2018. godine pa sve do srpnja 2020. godine zahtijevao i uzimao novac na ime naknada i taksi, a zatim ga umjesto uplate u prora\u010dun Distrikta zadr\u017eavao za sebe.<\/p>\n\n\n\n<p>Naime, on je na preporuku tre\u0107ih osoba ili koriste\u0107i poznanstvo, uspostavljao komunikaciju sa strankama koje su imale potrebu rje\u0161avanja razli\u010ditih imovinskih odnosa s distriktom Br\u010dko.<\/p>\n\n\n\n<p>Sumnja se da je tako po jedanaest pojedina\u010dnih zahtjeva za izdavanje gra\u0111evinske dozvole, legalizaciju bespravno izgra\u0111enih gra\u0111evinskih objekata, dokompletiranje parcela i prodaju dr\u017eavnog zemlji\u0161ta, kao i zakup poslovnih prostora, zahtijevao i sebi uzimao uglavnom po nekoliko tisu\u0107a maraka, prisvojiv\u0161i u jednom slu\u010daju \u010dak 14.400 KM. On je na taj na\u010din pri\u010dinio \u0161tetu strankama, a sebi pribavio imovinsku korist u ukupnom iznosu od 41.360 KM, navodi se u optu\u017enici koju je potvrdio Osnovni sud Distrikta.<\/p>\n\n\n\n<p>Nakon uhi\u0107enja u policijskoj akciji &#8220;\u010cestica&#8221; pro\u0161le godine u vezi s legalizacijom zemlji\u0161ta za vi\u0161e osoba kod Tr\u017enog centra &#8220;Fis&#8221; i sudskog odbijanja prijedloga za njegovim pritvaranjem, Korjeni\u0107 je pu\u0161ten na slobodu. Me\u0111utim, Tu\u017eiteljstvo je s Policijom Distrikta nastavilo, dopunilo i uspje\u0161no provelo opse\u017enu antikorupcijsku istragu u ovom predmetu prikupiv\u0161i dokaze za jedanaest koruptivnih radnji optu\u017eenog javnog slu\u017ebenika.<\/p>\n\n\n\n<p>Nastavljaju\u0107i procesuiranje korupcije u javnim slu\u017ebama, Tu\u017eiteljstvo Distrikta optu\u017eilo je Korjeni\u0107a za te\u017ei oblik zlouporabe polo\u017eaja ili ovla\u0161tenja s propisanom kaznom zatvora od jedne do deset godina. U me\u0111uvremenu je za ovaj oblik kaznenog djela, u odvojenom slu\u010daju, a zbog propusta u obra\u010dunu i naplati naknada za geodetske usluge u iznosu od oko 13.000 KM, dvoje dr\u017eavnih slu\u017ebenika nepravosna\u017eno osu\u0111eno na po godinu zatvora, priop\u0107eno je iz Tu\u017eiteljstva Br\u010dko distrikta BiH.<\/p>\n\n\n\n<p>Izvor:pogled.ba<\/p>\n","protected":false},"excerpt":{"rendered":"<p>Tu\u017eiteljstvo Br\u010dko distrikta BiH podiglo je optu\u017enicu protiv Amera Korjeni\u0107a (48), slu\u017ebenika Ureda za upravljanje javnom imovinom u Br\u010dkom, zbog sumnje da je iskori\u0161tavanjem slu\u017ebenog ovla\u0161tenja pribavio imovinsku korist ve\u0107u od 40.000 konvertibilnih maraka (KM). Korjeni\u0107 je optu\u017een za zloupotrebu polo\u017eaja ili ovla\u0161tenja po\u010dinjenu tako \u0161to je ve\u0107e iznose novca, koji su mu za administrativne [&hellip;]<\/p>\n","protected":false},"author":2,"featured_media":54732,"comment_status":"closed","ping_status":"closed","sticky":false,"template":"","format":"standard","meta":{"h5ap_radio_sources":[],"footnotes":""},"categories":[1],"tags":[],"class_list":["post-76184","post","type-post","status-publish","format-standard","has-post-thumbnail","hentry","category-bihiregija"],"yoast_head":"<!-- This site is optimized with the Yoast SEO plugin v27.4 - https:\/\/yoast.com\/product\/yoast-seo-wordpress\/ -->\n<title>Slu\u017ebenik Ureda za upravljanje javnom imovinom Distrikta prisvojio 41.360 KM - RADIO LJUBU\u0160KI<\/title>\n<meta name=\"robots\" content=\"index, follow, max-snippet:-1, max-image-preview:large, max-video-preview:-1\" \/>\n<link rel=\"canonical\" href=\"https:\/\/radioljubuski.ba\/index.php\/2021\/10\/15\/sluzbenik-ureda-za-upravljanje-javnom-imovinom-distrikta-prisvojio-41-360-km\/\" \/>\n<meta property=\"og:locale\" content=\"hr_HR\" \/>\n<meta property=\"og:type\" content=\"article\" \/>\n<meta property=\"og:title\" content=\"Slu\u017ebenik Ureda za upravljanje javnom imovinom Distrikta prisvojio 41.360 KM - RADIO LJUBU\u0160KI\" \/>\n<meta property=\"og:description\" content=\"Tu\u017eiteljstvo Br\u010dko distrikta BiH podiglo je optu\u017enicu protiv Amera Korjeni\u0107a (48), slu\u017ebenika Ureda za upravljanje javnom imovinom u Br\u010dkom, zbog sumnje da je iskori\u0161tavanjem slu\u017ebenog ovla\u0161tenja pribavio imovinsku korist ve\u0107u od 40.000 konvertibilnih maraka (KM). Korjeni\u0107 je optu\u017een za zloupotrebu polo\u017eaja ili ovla\u0161tenja po\u010dinjenu tako \u0161to je ve\u0107e iznose novca, koji su mu za administrativne [&hellip;]\" \/>\n<meta property=\"og:url\" content=\"https:\/\/radioljubuski.ba\/index.php\/2021\/10\/15\/sluzbenik-ureda-za-upravljanje-javnom-imovinom-distrikta-prisvojio-41-360-km\/\" \/>\n<meta property=\"og:site_name\" content=\"RADIO LJUBU\u0160KI\" \/>\n<meta property=\"article:publisher\" content=\"https:\/\/www.facebook.com\/Radiio-Ljubuski-1490835324566332\" \/>\n<meta property=\"article:published_time\" content=\"2021-10-15T21:39:08+00:00\" \/>\n<meta property=\"og:image\" content=\"https:\/\/radioljubuski.ba\/wp-content\/uploads\/2021\/08\/7-2021-06-15-15-40-51-novac-marke.jpg\" \/>\n\t<meta property=\"og:image:width\" content=\"1000\" \/>\n\t<meta property=\"og:image:height\" content=\"625\" \/>\n\t<meta property=\"og:image:type\" content=\"image\/jpeg\" \/>\n<meta name=\"author\" content=\"Radio Ljubu\u0161ki\" \/>\n<meta name=\"twitter:card\" content=\"summary_large_image\" \/>\n<meta name=\"twitter:creator\" content=\"@radioljubuski\" \/>\n<meta name=\"twitter:site\" content=\"@radioljubuski\" \/>\n<meta name=\"twitter:label1\" content=\"Napisao\/la\" \/>\n\t<meta name=\"twitter:data1\" content=\"Radio Ljubu\u0161ki\" \/>\n\t<meta name=\"twitter:label2\" content=\"Procijenjeno vrijeme \u010ditanja\" \/>\n\t<meta name=\"twitter:data2\" content=\"2 minute\" \/>\n<script type=\"application\/ld+json\" class=\"yoast-schema-graph\">{\"@context\":\"https:\\\/\\\/schema.org\",\"@graph\":[{\"@type\":\"Article\",\"@id\":\"https:\\\/\\\/radioljubuski.ba\\\/index.php\\\/2021\\\/10\\\/15\\\/sluzbenik-ureda-za-upravljanje-javnom-imovinom-distrikta-prisvojio-41-360-km\\\/#article\",\"isPartOf\":{\"@id\":\"https:\\\/\\\/radioljubuski.ba\\\/index.php\\\/2021\\\/10\\\/15\\\/sluzbenik-ureda-za-upravljanje-javnom-imovinom-distrikta-prisvojio-41-360-km\\\/\"},\"author\":{\"name\":\"Radio Ljubu\u0161ki\",\"@id\":\"https:\\\/\\\/radioljubuski.ba\\\/#\\\/schema\\\/person\\\/19fc700381a780f69665d7956c469e3b\"},\"headline\":\"Slu\u017ebenik Ureda za upravljanje javnom imovinom Distrikta prisvojio 41.360 KM\",\"datePublished\":\"2021-10-15T21:39:08+00:00\",\"mainEntityOfPage\":{\"@id\":\"https:\\\/\\\/radioljubuski.ba\\\/index.php\\\/2021\\\/10\\\/15\\\/sluzbenik-ureda-za-upravljanje-javnom-imovinom-distrikta-prisvojio-41-360-km\\\/\"},\"wordCount\":409,\"publisher\":{\"@id\":\"https:\\\/\\\/radioljubuski.ba\\\/#organization\"},\"image\":{\"@id\":\"https:\\\/\\\/radioljubuski.ba\\\/index.php\\\/2021\\\/10\\\/15\\\/sluzbenik-ureda-za-upravljanje-javnom-imovinom-distrikta-prisvojio-41-360-km\\\/#primaryimage\"},\"thumbnailUrl\":\"https:\\\/\\\/radioljubuski.ba\\\/wp-content\\\/uploads\\\/2021\\\/08\\\/7-2021-06-15-15-40-51-novac-marke.jpg\",\"articleSection\":[\"BIH i regija\"],\"inLanguage\":\"hr\"},{\"@type\":\"WebPage\",\"@id\":\"https:\\\/\\\/radioljubuski.ba\\\/index.php\\\/2021\\\/10\\\/15\\\/sluzbenik-ureda-za-upravljanje-javnom-imovinom-distrikta-prisvojio-41-360-km\\\/\",\"url\":\"https:\\\/\\\/radioljubuski.ba\\\/index.php\\\/2021\\\/10\\\/15\\\/sluzbenik-ureda-za-upravljanje-javnom-imovinom-distrikta-prisvojio-41-360-km\\\/\",\"name\":\"Slu\u017ebenik Ureda za upravljanje javnom imovinom Distrikta prisvojio 41.360 KM - RADIO LJUBU\u0160KI\",\"isPartOf\":{\"@id\":\"https:\\\/\\\/radioljubuski.ba\\\/#website\"},\"primaryImageOfPage\":{\"@id\":\"https:\\\/\\\/radioljubuski.ba\\\/index.php\\\/2021\\\/10\\\/15\\\/sluzbenik-ureda-za-upravljanje-javnom-imovinom-distrikta-prisvojio-41-360-km\\\/#primaryimage\"},\"image\":{\"@id\":\"https:\\\/\\\/radioljubuski.ba\\\/index.php\\\/2021\\\/10\\\/15\\\/sluzbenik-ureda-za-upravljanje-javnom-imovinom-distrikta-prisvojio-41-360-km\\\/#primaryimage\"},\"thumbnailUrl\":\"https:\\\/\\\/radioljubuski.ba\\\/wp-content\\\/uploads\\\/2021\\\/08\\\/7-2021-06-15-15-40-51-novac-marke.jpg\",\"datePublished\":\"2021-10-15T21:39:08+00:00\",\"breadcrumb\":{\"@id\":\"https:\\\/\\\/radioljubuski.ba\\\/index.php\\\/2021\\\/10\\\/15\\\/sluzbenik-ureda-za-upravljanje-javnom-imovinom-distrikta-prisvojio-41-360-km\\\/#breadcrumb\"},\"inLanguage\":\"hr\",\"potentialAction\":[{\"@type\":\"ReadAction\",\"target\":[\"https:\\\/\\\/radioljubuski.ba\\\/index.php\\\/2021\\\/10\\\/15\\\/sluzbenik-ureda-za-upravljanje-javnom-imovinom-distrikta-prisvojio-41-360-km\\\/\"]}]},{\"@type\":\"ImageObject\",\"inLanguage\":\"hr\",\"@id\":\"https:\\\/\\\/radioljubuski.ba\\\/index.php\\\/2021\\\/10\\\/15\\\/sluzbenik-ureda-za-upravljanje-javnom-imovinom-distrikta-prisvojio-41-360-km\\\/#primaryimage\",\"url\":\"https:\\\/\\\/radioljubuski.ba\\\/wp-content\\\/uploads\\\/2021\\\/08\\\/7-2021-06-15-15-40-51-novac-marke.jpg\",\"contentUrl\":\"https:\\\/\\\/radioljubuski.ba\\\/wp-content\\\/uploads\\\/2021\\\/08\\\/7-2021-06-15-15-40-51-novac-marke.jpg\",\"width\":1000,\"height\":625},{\"@type\":\"BreadcrumbList\",\"@id\":\"https:\\\/\\\/radioljubuski.ba\\\/index.php\\\/2021\\\/10\\\/15\\\/sluzbenik-ureda-za-upravljanje-javnom-imovinom-distrikta-prisvojio-41-360-km\\\/#breadcrumb\",\"itemListElement\":[{\"@type\":\"ListItem\",\"position\":1,\"name\":\"Po\u010detna stranica\",\"item\":\"https:\\\/\\\/radioljubuski.ba\\\/\"},{\"@type\":\"ListItem\",\"position\":2,\"name\":\"Slu\u017ebenik Ureda za upravljanje javnom imovinom Distrikta prisvojio 41.360 KM\"}]},{\"@type\":\"WebSite\",\"@id\":\"https:\\\/\\\/radioljubuski.ba\\\/#website\",\"url\":\"https:\\\/\\\/radioljubuski.ba\\\/\",\"name\":\"Radio Ljubu\u0161ki\",\"description\":\"Sun\u010dana frekvencija Hercegovine\",\"publisher\":{\"@id\":\"https:\\\/\\\/radioljubuski.ba\\\/#organization\"},\"potentialAction\":[{\"@type\":\"SearchAction\",\"target\":{\"@type\":\"EntryPoint\",\"urlTemplate\":\"https:\\\/\\\/radioljubuski.ba\\\/?s={search_term_string}\"},\"query-input\":{\"@type\":\"PropertyValueSpecification\",\"valueRequired\":true,\"valueName\":\"search_term_string\"}}],\"inLanguage\":\"hr\"},{\"@type\":\"Organization\",\"@id\":\"https:\\\/\\\/radioljubuski.ba\\\/#organization\",\"name\":\"Radio Ljubu\u0161ki\",\"url\":\"https:\\\/\\\/radioljubuski.ba\\\/\",\"logo\":{\"@type\":\"ImageObject\",\"inLanguage\":\"hr\",\"@id\":\"https:\\\/\\\/radioljubuski.ba\\\/#\\\/schema\\\/logo\\\/image\\\/\",\"url\":\"https:\\\/\\\/radioljubuski.ba\\\/wp-content\\\/uploads\\\/2021\\\/02\\\/cropped-Radio_Ljubuski_logo1.jpg\",\"contentUrl\":\"https:\\\/\\\/radioljubuski.ba\\\/wp-content\\\/uploads\\\/2021\\\/02\\\/cropped-Radio_Ljubuski_logo1.jpg\",\"width\":512,\"height\":512,\"caption\":\"Radio Ljubu\u0161ki\"},\"image\":{\"@id\":\"https:\\\/\\\/radioljubuski.ba\\\/#\\\/schema\\\/logo\\\/image\\\/\"},\"sameAs\":[\"https:\\\/\\\/www.facebook.com\\\/Radiio-Ljubuski-1490835324566332\",\"https:\\\/\\\/x.com\\\/radioljubuski\",\"https:\\\/\\\/hr.linkedin.com\\\/company\\\/radio-ljubuski\",\"https:\\\/\\\/www.youtube.com\\\/channel\\\/UCHYaeO_n0Db3tjNGudGpXyw\"]},{\"@type\":\"Person\",\"@id\":\"https:\\\/\\\/radioljubuski.ba\\\/#\\\/schema\\\/person\\\/19fc700381a780f69665d7956c469e3b\",\"name\":\"Radio Ljubu\u0161ki\"}]}<\/script>\n<!-- \/ Yoast SEO plugin. -->","yoast_head_json":{"title":"Slu\u017ebenik Ureda za upravljanje javnom imovinom Distrikta prisvojio 41.360 KM - RADIO LJUBU\u0160KI","robots":{"index":"index","follow":"follow","max-snippet":"max-snippet:-1","max-image-preview":"max-image-preview:large","max-video-preview":"max-video-preview:-1"},"canonical":"https:\/\/radioljubuski.ba\/index.php\/2021\/10\/15\/sluzbenik-ureda-za-upravljanje-javnom-imovinom-distrikta-prisvojio-41-360-km\/","og_locale":"hr_HR","og_type":"article","og_title":"Slu\u017ebenik Ureda za upravljanje javnom imovinom Distrikta prisvojio 41.360 KM - RADIO LJUBU\u0160KI","og_description":"Tu\u017eiteljstvo Br\u010dko distrikta BiH podiglo je optu\u017enicu protiv Amera Korjeni\u0107a (48), slu\u017ebenika Ureda za upravljanje javnom imovinom u Br\u010dkom, zbog sumnje da je iskori\u0161tavanjem slu\u017ebenog ovla\u0161tenja pribavio imovinsku korist ve\u0107u od 40.000 konvertibilnih maraka (KM). Korjeni\u0107 je optu\u017een za zloupotrebu polo\u017eaja ili ovla\u0161tenja po\u010dinjenu tako \u0161to je ve\u0107e iznose novca, koji su mu za administrativne [&hellip;]","og_url":"https:\/\/radioljubuski.ba\/index.php\/2021\/10\/15\/sluzbenik-ureda-za-upravljanje-javnom-imovinom-distrikta-prisvojio-41-360-km\/","og_site_name":"RADIO LJUBU\u0160KI","article_publisher":"https:\/\/www.facebook.com\/Radiio-Ljubuski-1490835324566332","article_published_time":"2021-10-15T21:39:08+00:00","og_image":[{"width":1000,"height":625,"url":"https:\/\/radioljubuski.ba\/wp-content\/uploads\/2021\/08\/7-2021-06-15-15-40-51-novac-marke.jpg","type":"image\/jpeg"}],"author":"Radio Ljubu\u0161ki","twitter_card":"summary_large_image","twitter_creator":"@radioljubuski","twitter_site":"@radioljubuski","twitter_misc":{"Napisao\/la":"Radio Ljubu\u0161ki","Procijenjeno vrijeme \u010ditanja":"2 minute"},"schema":{"@context":"https:\/\/schema.org","@graph":[{"@type":"Article","@id":"https:\/\/radioljubuski.ba\/index.php\/2021\/10\/15\/sluzbenik-ureda-za-upravljanje-javnom-imovinom-distrikta-prisvojio-41-360-km\/#article","isPartOf":{"@id":"https:\/\/radioljubuski.ba\/index.php\/2021\/10\/15\/sluzbenik-ureda-za-upravljanje-javnom-imovinom-distrikta-prisvojio-41-360-km\/"},"author":{"name":"Radio Ljubu\u0161ki","@id":"https:\/\/radioljubuski.ba\/#\/schema\/person\/19fc700381a780f69665d7956c469e3b"},"headline":"Slu\u017ebenik Ureda za upravljanje javnom imovinom Distrikta prisvojio 41.360 KM","datePublished":"2021-10-15T21:39:08+00:00","mainEntityOfPage":{"@id":"https:\/\/radioljubuski.ba\/index.php\/2021\/10\/15\/sluzbenik-ureda-za-upravljanje-javnom-imovinom-distrikta-prisvojio-41-360-km\/"},"wordCount":409,"publisher":{"@id":"https:\/\/radioljubuski.ba\/#organization"},"image":{"@id":"https:\/\/radioljubuski.ba\/index.php\/2021\/10\/15\/sluzbenik-ureda-za-upravljanje-javnom-imovinom-distrikta-prisvojio-41-360-km\/#primaryimage"},"thumbnailUrl":"https:\/\/radioljubuski.ba\/wp-content\/uploads\/2021\/08\/7-2021-06-15-15-40-51-novac-marke.jpg","articleSection":["BIH i regija"],"inLanguage":"hr"},{"@type":"WebPage","@id":"https:\/\/radioljubuski.ba\/index.php\/2021\/10\/15\/sluzbenik-ureda-za-upravljanje-javnom-imovinom-distrikta-prisvojio-41-360-km\/","url":"https:\/\/radioljubuski.ba\/index.php\/2021\/10\/15\/sluzbenik-ureda-za-upravljanje-javnom-imovinom-distrikta-prisvojio-41-360-km\/","name":"Slu\u017ebenik Ureda za upravljanje javnom imovinom Distrikta prisvojio 41.360 KM - RADIO LJUBU\u0160KI","isPartOf":{"@id":"https:\/\/radioljubuski.ba\/#website"},"primaryImageOfPage":{"@id":"https:\/\/radioljubuski.ba\/index.php\/2021\/10\/15\/sluzbenik-ureda-za-upravljanje-javnom-imovinom-distrikta-prisvojio-41-360-km\/#primaryimage"},"image":{"@id":"https:\/\/radioljubuski.ba\/index.php\/2021\/10\/15\/sluzbenik-ureda-za-upravljanje-javnom-imovinom-distrikta-prisvojio-41-360-km\/#primaryimage"},"thumbnailUrl":"https:\/\/radioljubuski.ba\/wp-content\/uploads\/2021\/08\/7-2021-06-15-15-40-51-novac-marke.jpg","datePublished":"2021-10-15T21:39:08+00:00","breadcrumb":{"@id":"https:\/\/radioljubuski.ba\/index.php\/2021\/10\/15\/sluzbenik-ureda-za-upravljanje-javnom-imovinom-distrikta-prisvojio-41-360-km\/#breadcrumb"},"inLanguage":"hr","potentialAction":[{"@type":"ReadAction","target":["https:\/\/radioljubuski.ba\/index.php\/2021\/10\/15\/sluzbenik-ureda-za-upravljanje-javnom-imovinom-distrikta-prisvojio-41-360-km\/"]}]},{"@type":"ImageObject","inLanguage":"hr","@id":"https:\/\/radioljubuski.ba\/index.php\/2021\/10\/15\/sluzbenik-ureda-za-upravljanje-javnom-imovinom-distrikta-prisvojio-41-360-km\/#primaryimage","url":"https:\/\/radioljubuski.ba\/wp-content\/uploads\/2021\/08\/7-2021-06-15-15-40-51-novac-marke.jpg","contentUrl":"https:\/\/radioljubuski.ba\/wp-content\/uploads\/2021\/08\/7-2021-06-15-15-40-51-novac-marke.jpg","width":1000,"height":625},{"@type":"BreadcrumbList","@id":"https:\/\/radioljubuski.ba\/index.php\/2021\/10\/15\/sluzbenik-ureda-za-upravljanje-javnom-imovinom-distrikta-prisvojio-41-360-km\/#breadcrumb","itemListElement":[{"@type":"ListItem","position":1,"name":"Po\u010detna stranica","item":"https:\/\/radioljubuski.ba\/"},{"@type":"ListItem","position":2,"name":"Slu\u017ebenik Ureda za upravljanje javnom imovinom Distrikta prisvojio 41.360 KM"}]},{"@type":"WebSite","@id":"https:\/\/radioljubuski.ba\/#website","url":"https:\/\/radioljubuski.ba\/","name":"Radio Ljubu\u0161ki","description":"Sun\u010dana frekvencija Hercegovine","publisher":{"@id":"https:\/\/radioljubuski.ba\/#organization"},"potentialAction":[{"@type":"SearchAction","target":{"@type":"EntryPoint","urlTemplate":"https:\/\/radioljubuski.ba\/?s={search_term_string}"},"query-input":{"@type":"PropertyValueSpecification","valueRequired":true,"valueName":"search_term_string"}}],"inLanguage":"hr"},{"@type":"Organization","@id":"https:\/\/radioljubuski.ba\/#organization","name":"Radio Ljubu\u0161ki","url":"https:\/\/radioljubuski.ba\/","logo":{"@type":"ImageObject","inLanguage":"hr","@id":"https:\/\/radioljubuski.ba\/#\/schema\/logo\/image\/","url":"https:\/\/radioljubuski.ba\/wp-content\/uploads\/2021\/02\/cropped-Radio_Ljubuski_logo1.jpg","contentUrl":"https:\/\/radioljubuski.ba\/wp-content\/uploads\/2021\/02\/cropped-Radio_Ljubuski_logo1.jpg","width":512,"height":512,"caption":"Radio Ljubu\u0161ki"},"image":{"@id":"https:\/\/radioljubuski.ba\/#\/schema\/logo\/image\/"},"sameAs":["https:\/\/www.facebook.com\/Radiio-Ljubuski-1490835324566332","https:\/\/x.com\/radioljubuski","https:\/\/hr.linkedin.com\/company\/radio-ljubuski","https:\/\/www.youtube.com\/channel\/UCHYaeO_n0Db3tjNGudGpXyw"]},{"@type":"Person","@id":"https:\/\/radioljubuski.ba\/#\/schema\/person\/19fc700381a780f69665d7956c469e3b","name":"Radio Ljubu\u0161ki"}]}},"_links":{"self":[{"href":"https:\/\/radioljubuski.ba\/index.php\/wp-json\/wp\/v2\/posts\/76184","targetHints":{"allow":["GET"]}}],"collection":[{"href":"https:\/\/radioljubuski.ba\/index.php\/wp-json\/wp\/v2\/posts"}],"about":[{"href":"https:\/\/radioljubuski.ba\/index.php\/wp-json\/wp\/v2\/types\/post"}],"author":[{"embeddable":true,"href":"https:\/\/radioljubuski.ba\/index.php\/wp-json\/wp\/v2\/users\/2"}],"replies":[{"embeddable":true,"href":"https:\/\/radioljubuski.ba\/index.php\/wp-json\/wp\/v2\/comments?post=76184"}],"version-history":[{"count":1,"href":"https:\/\/radioljubuski.ba\/index.php\/wp-json\/wp\/v2\/posts\/76184\/revisions"}],"predecessor-version":[{"id":76185,"href":"https:\/\/radioljubuski.ba\/index.php\/wp-json\/wp\/v2\/posts\/76184\/revisions\/76185"}],"wp:featuredmedia":[{"embeddable":true,"href":"https:\/\/radioljubuski.ba\/index.php\/wp-json\/wp\/v2\/media\/54732"}],"wp:attachment":[{"href":"https:\/\/radioljubuski.ba\/index.php\/wp-json\/wp\/v2\/media?parent=76184"}],"wp:term":[{"taxonomy":"category","embeddable":true,"href":"https:\/\/radioljubuski.ba\/index.php\/wp-json\/wp\/v2\/categories?post=76184"},{"taxonomy":"post_tag","embeddable":true,"href":"https:\/\/radioljubuski.ba\/index.php\/wp-json\/wp\/v2\/tags?post=76184"}],"curies":[{"name":"wp","href":"https:\/\/api.w.org\/{rel}","templated":true}]}}