{"id":76197,"date":"2021-10-15T22:47:26","date_gmt":"2021-10-15T21:47:26","guid":{"rendered":"https:\/\/radioljubuski.ba\/?p=76197"},"modified":"2021-10-15T22:47:28","modified_gmt":"2021-10-15T21:47:28","slug":"izabran-mladi-redatelj-koji-ce-rezirati-predstavu-zid","status":"publish","type":"post","link":"https:\/\/radioljubuski.ba\/index.php\/2021\/10\/15\/izabran-mladi-redatelj-koji-ce-rezirati-predstavu-zid\/","title":{"rendered":"Izabran mladi redatelj koji \u0107e re\u017eirati predstavu \u201eZid\u201c"},"content":{"rendered":"\n<p>Povjerenstvo Hrvatskog narodnog kazali\u0161ta u Mostaru u sastavu Ivan Leo Lemo (predsjednik), Robert Pehar, Dragan Komadina, Jelena Kordi\u0107 Kuret i Ivan Vukoja donijelo je jednoglasno odluku o mladom redatelju koji \u0107e re\u017eirati predstavu \u201eZid\u201c, autorice Ru\u017eice A\u0161\u010di\u0107. Rije\u010d je o Christianu Jean-Michaelu Jal\u017ee\u010di\u0107u, \u010dija je redateljska eksplikacija ocijenjena najboljom od sedam pristiglih na Natje\u010daj za izbor redatelja do 35 godina starosti koji \u0107e re\u017eirati prvonagra\u0111eni dramski tekst \u201eZid\u201c.<\/p>\n\n\n\n<p>\u201eIako je u svim pristiglim prijavama ponu\u0111eno jako zanimljivo redateljsko o\u010di\u0161te kao polazi\u0161na to\u010dka u mogu\u0107im inscenacijama Zida, \u017eiriju je, ipak, za nijansu bio najinspirativniji i najuzbudljiviji Jal\u017ee\u010di\u0107ev redateljsko-dramatur\u0161ki koncept. Njegov pristup fizi\u010dkim i metafizi\u010dkim aspektima Zida najbolje \u0107e se nadovezati na estetske i repertoarne odrednice HNK Mostar\u201c, kazao je predsjednik \u017eirija renomirani hrvatski redatelj Ivan Leo Lemo.<\/p>\n\n\n\n<p>Podsjetimo, HNK Mostar je u suradnji sa Sredi\u0161njim dr\u017eavnim uredom za Hrvate izvan Republike Hrvatske ljetos raspisao spomenuti natje\u010daj za izbor mladog redatelja. A drama \u201eZid\u201c, koju \u0107e na scenu HNK Mostar postaviti Jal\u017ee\u010di\u0107, progla\u0161ena je najboljom na Natje\u010daju za najbolji neobjavljeni dramski tekst na hrvatskom jeziku za mlade autore do 35 godina, koji su tako\u0111er raspisali HNK Mostar i Sredi\u0161ni dr\u017eavni ured za Hrvate izvan Republike Hrvatske po\u010detkom kazali\u0161ne sezone 2020.\/2021.<\/p>\n\n\n\n<p>U sredi\u0161tu ove drame, tri su generacije jedne obitelji koji se skupa s nekolicinom stanara na razli\u010dite na\u010dine suo\u010davaju s \u010dinjenicom da se ru\u0161i zid stare u\u017eare koji se nalazi u neposrednoj blizini zgrade u kojoj \u017eive. Borba stanara za zid oronule zgrade postaje metaforom sraza izme\u0111u starog i novog, ali istodobno kroz sudbinu dviju sestara, nudi jednu nepretencioznu \u010dehovljevsku fresku iz na\u0161eg susjedstva.<\/p>\n\n\n\n<p>\u201eS nestrpljenjem o\u010dekujemo po\u010detak rada na ovoj praizvedbi koju \u0107e mostarska i regionalna publika mo\u0107i vidjeti krajem kazali\u0161ne sezone 2021.\/2022. Zahvaljujemo svim prijavljenim redateljima \u0161to su prepoznali na\u0161 poku\u0161aj da doprinesemo afirmaciji mladih kazali\u0161nih autora i \u010destitamo odabranom redatelju Christianu Jeanu-Michaelu Jal\u017ee\u010di\u0107u\u201c, kazao je ravnatelj HNK Mostar Ivan Vukoja.<\/p>\n\n\n\n<p>Izvor:pogled.ba<\/p>\n","protected":false},"excerpt":{"rendered":"<p>Povjerenstvo Hrvatskog narodnog kazali\u0161ta u Mostaru u sastavu Ivan Leo Lemo (predsjednik), Robert Pehar, Dragan Komadina, Jelena Kordi\u0107 Kuret i Ivan Vukoja donijelo je jednoglasno odluku o mladom redatelju koji \u0107e re\u017eirati predstavu \u201eZid\u201c, autorice Ru\u017eice A\u0161\u010di\u0107. Rije\u010d je o Christianu Jean-Michaelu Jal\u017ee\u010di\u0107u, \u010dija je redateljska eksplikacija ocijenjena najboljom od sedam pristiglih na Natje\u010daj za [&hellip;]<\/p>\n","protected":false},"author":2,"featured_media":76198,"comment_status":"closed","ping_status":"closed","sticky":false,"template":"","format":"standard","meta":{"h5ap_radio_sources":[],"footnotes":""},"categories":[1],"tags":[],"class_list":["post-76197","post","type-post","status-publish","format-standard","has-post-thumbnail","hentry","category-bihiregija"],"yoast_head":"<!-- This site is optimized with the Yoast SEO plugin v27.4 - https:\/\/yoast.com\/product\/yoast-seo-wordpress\/ -->\n<title>Izabran mladi redatelj koji \u0107e re\u017eirati predstavu \u201eZid\u201c - RADIO LJUBU\u0160KI<\/title>\n<meta name=\"robots\" content=\"index, follow, max-snippet:-1, max-image-preview:large, max-video-preview:-1\" \/>\n<link rel=\"canonical\" href=\"https:\/\/radioljubuski.ba\/index.php\/2021\/10\/15\/izabran-mladi-redatelj-koji-ce-rezirati-predstavu-zid\/\" \/>\n<meta property=\"og:locale\" content=\"hr_HR\" \/>\n<meta property=\"og:type\" content=\"article\" \/>\n<meta property=\"og:title\" content=\"Izabran mladi redatelj koji \u0107e re\u017eirati predstavu \u201eZid\u201c - RADIO LJUBU\u0160KI\" \/>\n<meta property=\"og:description\" content=\"Povjerenstvo Hrvatskog narodnog kazali\u0161ta u Mostaru u sastavu Ivan Leo Lemo (predsjednik), Robert Pehar, Dragan Komadina, Jelena Kordi\u0107 Kuret i Ivan Vukoja donijelo je jednoglasno odluku o mladom redatelju koji \u0107e re\u017eirati predstavu \u201eZid\u201c, autorice Ru\u017eice A\u0161\u010di\u0107. Rije\u010d je o Christianu Jean-Michaelu Jal\u017ee\u010di\u0107u, \u010dija je redateljska eksplikacija ocijenjena najboljom od sedam pristiglih na Natje\u010daj za [&hellip;]\" \/>\n<meta property=\"og:url\" content=\"https:\/\/radioljubuski.ba\/index.php\/2021\/10\/15\/izabran-mladi-redatelj-koji-ce-rezirati-predstavu-zid\/\" \/>\n<meta property=\"og:site_name\" content=\"RADIO LJUBU\u0160KI\" \/>\n<meta property=\"article:publisher\" content=\"https:\/\/www.facebook.com\/Radiio-Ljubuski-1490835324566332\" \/>\n<meta property=\"article:published_time\" content=\"2021-10-15T21:47:26+00:00\" \/>\n<meta property=\"article:modified_time\" content=\"2021-10-15T21:47:28+00:00\" \/>\n<meta property=\"og:image\" content=\"https:\/\/radioljubuski.ba\/wp-content\/uploads\/2021\/10\/8-2021-10-15-13-50-28-hnk-mostar-procelje-um-2.jpg\" \/>\n\t<meta property=\"og:image:width\" content=\"1000\" \/>\n\t<meta property=\"og:image:height\" content=\"625\" \/>\n\t<meta property=\"og:image:type\" content=\"image\/jpeg\" \/>\n<meta name=\"author\" content=\"Radio Ljubu\u0161ki\" \/>\n<meta name=\"twitter:card\" content=\"summary_large_image\" \/>\n<meta name=\"twitter:creator\" content=\"@radioljubuski\" \/>\n<meta name=\"twitter:site\" content=\"@radioljubuski\" \/>\n<meta name=\"twitter:label1\" content=\"Napisao\/la\" \/>\n\t<meta name=\"twitter:data1\" content=\"Radio Ljubu\u0161ki\" \/>\n\t<meta name=\"twitter:label2\" content=\"Procijenjeno vrijeme \u010ditanja\" \/>\n\t<meta name=\"twitter:data2\" content=\"2 minute\" \/>\n<script type=\"application\/ld+json\" class=\"yoast-schema-graph\">{\"@context\":\"https:\\\/\\\/schema.org\",\"@graph\":[{\"@type\":\"Article\",\"@id\":\"https:\\\/\\\/radioljubuski.ba\\\/index.php\\\/2021\\\/10\\\/15\\\/izabran-mladi-redatelj-koji-ce-rezirati-predstavu-zid\\\/#article\",\"isPartOf\":{\"@id\":\"https:\\\/\\\/radioljubuski.ba\\\/index.php\\\/2021\\\/10\\\/15\\\/izabran-mladi-redatelj-koji-ce-rezirati-predstavu-zid\\\/\"},\"author\":{\"name\":\"Radio Ljubu\u0161ki\",\"@id\":\"https:\\\/\\\/radioljubuski.ba\\\/#\\\/schema\\\/person\\\/19fc700381a780f69665d7956c469e3b\"},\"headline\":\"Izabran mladi redatelj koji \u0107e re\u017eirati predstavu \u201eZid\u201c\",\"datePublished\":\"2021-10-15T21:47:26+00:00\",\"dateModified\":\"2021-10-15T21:47:28+00:00\",\"mainEntityOfPage\":{\"@id\":\"https:\\\/\\\/radioljubuski.ba\\\/index.php\\\/2021\\\/10\\\/15\\\/izabran-mladi-redatelj-koji-ce-rezirati-predstavu-zid\\\/\"},\"wordCount\":370,\"publisher\":{\"@id\":\"https:\\\/\\\/radioljubuski.ba\\\/#organization\"},\"image\":{\"@id\":\"https:\\\/\\\/radioljubuski.ba\\\/index.php\\\/2021\\\/10\\\/15\\\/izabran-mladi-redatelj-koji-ce-rezirati-predstavu-zid\\\/#primaryimage\"},\"thumbnailUrl\":\"https:\\\/\\\/radioljubuski.ba\\\/wp-content\\\/uploads\\\/2021\\\/10\\\/8-2021-10-15-13-50-28-hnk-mostar-procelje-um-2.jpg\",\"articleSection\":[\"BIH i regija\"],\"inLanguage\":\"hr\"},{\"@type\":\"WebPage\",\"@id\":\"https:\\\/\\\/radioljubuski.ba\\\/index.php\\\/2021\\\/10\\\/15\\\/izabran-mladi-redatelj-koji-ce-rezirati-predstavu-zid\\\/\",\"url\":\"https:\\\/\\\/radioljubuski.ba\\\/index.php\\\/2021\\\/10\\\/15\\\/izabran-mladi-redatelj-koji-ce-rezirati-predstavu-zid\\\/\",\"name\":\"Izabran mladi redatelj koji \u0107e re\u017eirati predstavu \u201eZid\u201c - RADIO LJUBU\u0160KI\",\"isPartOf\":{\"@id\":\"https:\\\/\\\/radioljubuski.ba\\\/#website\"},\"primaryImageOfPage\":{\"@id\":\"https:\\\/\\\/radioljubuski.ba\\\/index.php\\\/2021\\\/10\\\/15\\\/izabran-mladi-redatelj-koji-ce-rezirati-predstavu-zid\\\/#primaryimage\"},\"image\":{\"@id\":\"https:\\\/\\\/radioljubuski.ba\\\/index.php\\\/2021\\\/10\\\/15\\\/izabran-mladi-redatelj-koji-ce-rezirati-predstavu-zid\\\/#primaryimage\"},\"thumbnailUrl\":\"https:\\\/\\\/radioljubuski.ba\\\/wp-content\\\/uploads\\\/2021\\\/10\\\/8-2021-10-15-13-50-28-hnk-mostar-procelje-um-2.jpg\",\"datePublished\":\"2021-10-15T21:47:26+00:00\",\"dateModified\":\"2021-10-15T21:47:28+00:00\",\"breadcrumb\":{\"@id\":\"https:\\\/\\\/radioljubuski.ba\\\/index.php\\\/2021\\\/10\\\/15\\\/izabran-mladi-redatelj-koji-ce-rezirati-predstavu-zid\\\/#breadcrumb\"},\"inLanguage\":\"hr\",\"potentialAction\":[{\"@type\":\"ReadAction\",\"target\":[\"https:\\\/\\\/radioljubuski.ba\\\/index.php\\\/2021\\\/10\\\/15\\\/izabran-mladi-redatelj-koji-ce-rezirati-predstavu-zid\\\/\"]}]},{\"@type\":\"ImageObject\",\"inLanguage\":\"hr\",\"@id\":\"https:\\\/\\\/radioljubuski.ba\\\/index.php\\\/2021\\\/10\\\/15\\\/izabran-mladi-redatelj-koji-ce-rezirati-predstavu-zid\\\/#primaryimage\",\"url\":\"https:\\\/\\\/radioljubuski.ba\\\/wp-content\\\/uploads\\\/2021\\\/10\\\/8-2021-10-15-13-50-28-hnk-mostar-procelje-um-2.jpg\",\"contentUrl\":\"https:\\\/\\\/radioljubuski.ba\\\/wp-content\\\/uploads\\\/2021\\\/10\\\/8-2021-10-15-13-50-28-hnk-mostar-procelje-um-2.jpg\",\"width\":1000,\"height\":625},{\"@type\":\"BreadcrumbList\",\"@id\":\"https:\\\/\\\/radioljubuski.ba\\\/index.php\\\/2021\\\/10\\\/15\\\/izabran-mladi-redatelj-koji-ce-rezirati-predstavu-zid\\\/#breadcrumb\",\"itemListElement\":[{\"@type\":\"ListItem\",\"position\":1,\"name\":\"Po\u010detna stranica\",\"item\":\"https:\\\/\\\/radioljubuski.ba\\\/\"},{\"@type\":\"ListItem\",\"position\":2,\"name\":\"Izabran mladi redatelj koji \u0107e re\u017eirati predstavu \u201eZid\u201c\"}]},{\"@type\":\"WebSite\",\"@id\":\"https:\\\/\\\/radioljubuski.ba\\\/#website\",\"url\":\"https:\\\/\\\/radioljubuski.ba\\\/\",\"name\":\"Radio Ljubu\u0161ki\",\"description\":\"Sun\u010dana frekvencija Hercegovine\",\"publisher\":{\"@id\":\"https:\\\/\\\/radioljubuski.ba\\\/#organization\"},\"potentialAction\":[{\"@type\":\"SearchAction\",\"target\":{\"@type\":\"EntryPoint\",\"urlTemplate\":\"https:\\\/\\\/radioljubuski.ba\\\/?s={search_term_string}\"},\"query-input\":{\"@type\":\"PropertyValueSpecification\",\"valueRequired\":true,\"valueName\":\"search_term_string\"}}],\"inLanguage\":\"hr\"},{\"@type\":\"Organization\",\"@id\":\"https:\\\/\\\/radioljubuski.ba\\\/#organization\",\"name\":\"Radio Ljubu\u0161ki\",\"url\":\"https:\\\/\\\/radioljubuski.ba\\\/\",\"logo\":{\"@type\":\"ImageObject\",\"inLanguage\":\"hr\",\"@id\":\"https:\\\/\\\/radioljubuski.ba\\\/#\\\/schema\\\/logo\\\/image\\\/\",\"url\":\"https:\\\/\\\/radioljubuski.ba\\\/wp-content\\\/uploads\\\/2021\\\/02\\\/cropped-Radio_Ljubuski_logo1.jpg\",\"contentUrl\":\"https:\\\/\\\/radioljubuski.ba\\\/wp-content\\\/uploads\\\/2021\\\/02\\\/cropped-Radio_Ljubuski_logo1.jpg\",\"width\":512,\"height\":512,\"caption\":\"Radio Ljubu\u0161ki\"},\"image\":{\"@id\":\"https:\\\/\\\/radioljubuski.ba\\\/#\\\/schema\\\/logo\\\/image\\\/\"},\"sameAs\":[\"https:\\\/\\\/www.facebook.com\\\/Radiio-Ljubuski-1490835324566332\",\"https:\\\/\\\/x.com\\\/radioljubuski\",\"https:\\\/\\\/hr.linkedin.com\\\/company\\\/radio-ljubuski\",\"https:\\\/\\\/www.youtube.com\\\/channel\\\/UCHYaeO_n0Db3tjNGudGpXyw\"]},{\"@type\":\"Person\",\"@id\":\"https:\\\/\\\/radioljubuski.ba\\\/#\\\/schema\\\/person\\\/19fc700381a780f69665d7956c469e3b\",\"name\":\"Radio Ljubu\u0161ki\"}]}<\/script>\n<!-- \/ Yoast SEO plugin. -->","yoast_head_json":{"title":"Izabran mladi redatelj koji \u0107e re\u017eirati predstavu \u201eZid\u201c - RADIO LJUBU\u0160KI","robots":{"index":"index","follow":"follow","max-snippet":"max-snippet:-1","max-image-preview":"max-image-preview:large","max-video-preview":"max-video-preview:-1"},"canonical":"https:\/\/radioljubuski.ba\/index.php\/2021\/10\/15\/izabran-mladi-redatelj-koji-ce-rezirati-predstavu-zid\/","og_locale":"hr_HR","og_type":"article","og_title":"Izabran mladi redatelj koji \u0107e re\u017eirati predstavu \u201eZid\u201c - RADIO LJUBU\u0160KI","og_description":"Povjerenstvo Hrvatskog narodnog kazali\u0161ta u Mostaru u sastavu Ivan Leo Lemo (predsjednik), Robert Pehar, Dragan Komadina, Jelena Kordi\u0107 Kuret i Ivan Vukoja donijelo je jednoglasno odluku o mladom redatelju koji \u0107e re\u017eirati predstavu \u201eZid\u201c, autorice Ru\u017eice A\u0161\u010di\u0107. Rije\u010d je o Christianu Jean-Michaelu Jal\u017ee\u010di\u0107u, \u010dija je redateljska eksplikacija ocijenjena najboljom od sedam pristiglih na Natje\u010daj za [&hellip;]","og_url":"https:\/\/radioljubuski.ba\/index.php\/2021\/10\/15\/izabran-mladi-redatelj-koji-ce-rezirati-predstavu-zid\/","og_site_name":"RADIO LJUBU\u0160KI","article_publisher":"https:\/\/www.facebook.com\/Radiio-Ljubuski-1490835324566332","article_published_time":"2021-10-15T21:47:26+00:00","article_modified_time":"2021-10-15T21:47:28+00:00","og_image":[{"width":1000,"height":625,"url":"https:\/\/radioljubuski.ba\/wp-content\/uploads\/2021\/10\/8-2021-10-15-13-50-28-hnk-mostar-procelje-um-2.jpg","type":"image\/jpeg"}],"author":"Radio Ljubu\u0161ki","twitter_card":"summary_large_image","twitter_creator":"@radioljubuski","twitter_site":"@radioljubuski","twitter_misc":{"Napisao\/la":"Radio Ljubu\u0161ki","Procijenjeno vrijeme \u010ditanja":"2 minute"},"schema":{"@context":"https:\/\/schema.org","@graph":[{"@type":"Article","@id":"https:\/\/radioljubuski.ba\/index.php\/2021\/10\/15\/izabran-mladi-redatelj-koji-ce-rezirati-predstavu-zid\/#article","isPartOf":{"@id":"https:\/\/radioljubuski.ba\/index.php\/2021\/10\/15\/izabran-mladi-redatelj-koji-ce-rezirati-predstavu-zid\/"},"author":{"name":"Radio Ljubu\u0161ki","@id":"https:\/\/radioljubuski.ba\/#\/schema\/person\/19fc700381a780f69665d7956c469e3b"},"headline":"Izabran mladi redatelj koji \u0107e re\u017eirati predstavu \u201eZid\u201c","datePublished":"2021-10-15T21:47:26+00:00","dateModified":"2021-10-15T21:47:28+00:00","mainEntityOfPage":{"@id":"https:\/\/radioljubuski.ba\/index.php\/2021\/10\/15\/izabran-mladi-redatelj-koji-ce-rezirati-predstavu-zid\/"},"wordCount":370,"publisher":{"@id":"https:\/\/radioljubuski.ba\/#organization"},"image":{"@id":"https:\/\/radioljubuski.ba\/index.php\/2021\/10\/15\/izabran-mladi-redatelj-koji-ce-rezirati-predstavu-zid\/#primaryimage"},"thumbnailUrl":"https:\/\/radioljubuski.ba\/wp-content\/uploads\/2021\/10\/8-2021-10-15-13-50-28-hnk-mostar-procelje-um-2.jpg","articleSection":["BIH i regija"],"inLanguage":"hr"},{"@type":"WebPage","@id":"https:\/\/radioljubuski.ba\/index.php\/2021\/10\/15\/izabran-mladi-redatelj-koji-ce-rezirati-predstavu-zid\/","url":"https:\/\/radioljubuski.ba\/index.php\/2021\/10\/15\/izabran-mladi-redatelj-koji-ce-rezirati-predstavu-zid\/","name":"Izabran mladi redatelj koji \u0107e re\u017eirati predstavu \u201eZid\u201c - RADIO LJUBU\u0160KI","isPartOf":{"@id":"https:\/\/radioljubuski.ba\/#website"},"primaryImageOfPage":{"@id":"https:\/\/radioljubuski.ba\/index.php\/2021\/10\/15\/izabran-mladi-redatelj-koji-ce-rezirati-predstavu-zid\/#primaryimage"},"image":{"@id":"https:\/\/radioljubuski.ba\/index.php\/2021\/10\/15\/izabran-mladi-redatelj-koji-ce-rezirati-predstavu-zid\/#primaryimage"},"thumbnailUrl":"https:\/\/radioljubuski.ba\/wp-content\/uploads\/2021\/10\/8-2021-10-15-13-50-28-hnk-mostar-procelje-um-2.jpg","datePublished":"2021-10-15T21:47:26+00:00","dateModified":"2021-10-15T21:47:28+00:00","breadcrumb":{"@id":"https:\/\/radioljubuski.ba\/index.php\/2021\/10\/15\/izabran-mladi-redatelj-koji-ce-rezirati-predstavu-zid\/#breadcrumb"},"inLanguage":"hr","potentialAction":[{"@type":"ReadAction","target":["https:\/\/radioljubuski.ba\/index.php\/2021\/10\/15\/izabran-mladi-redatelj-koji-ce-rezirati-predstavu-zid\/"]}]},{"@type":"ImageObject","inLanguage":"hr","@id":"https:\/\/radioljubuski.ba\/index.php\/2021\/10\/15\/izabran-mladi-redatelj-koji-ce-rezirati-predstavu-zid\/#primaryimage","url":"https:\/\/radioljubuski.ba\/wp-content\/uploads\/2021\/10\/8-2021-10-15-13-50-28-hnk-mostar-procelje-um-2.jpg","contentUrl":"https:\/\/radioljubuski.ba\/wp-content\/uploads\/2021\/10\/8-2021-10-15-13-50-28-hnk-mostar-procelje-um-2.jpg","width":1000,"height":625},{"@type":"BreadcrumbList","@id":"https:\/\/radioljubuski.ba\/index.php\/2021\/10\/15\/izabran-mladi-redatelj-koji-ce-rezirati-predstavu-zid\/#breadcrumb","itemListElement":[{"@type":"ListItem","position":1,"name":"Po\u010detna stranica","item":"https:\/\/radioljubuski.ba\/"},{"@type":"ListItem","position":2,"name":"Izabran mladi redatelj koji \u0107e re\u017eirati predstavu \u201eZid\u201c"}]},{"@type":"WebSite","@id":"https:\/\/radioljubuski.ba\/#website","url":"https:\/\/radioljubuski.ba\/","name":"Radio Ljubu\u0161ki","description":"Sun\u010dana frekvencija Hercegovine","publisher":{"@id":"https:\/\/radioljubuski.ba\/#organization"},"potentialAction":[{"@type":"SearchAction","target":{"@type":"EntryPoint","urlTemplate":"https:\/\/radioljubuski.ba\/?s={search_term_string}"},"query-input":{"@type":"PropertyValueSpecification","valueRequired":true,"valueName":"search_term_string"}}],"inLanguage":"hr"},{"@type":"Organization","@id":"https:\/\/radioljubuski.ba\/#organization","name":"Radio Ljubu\u0161ki","url":"https:\/\/radioljubuski.ba\/","logo":{"@type":"ImageObject","inLanguage":"hr","@id":"https:\/\/radioljubuski.ba\/#\/schema\/logo\/image\/","url":"https:\/\/radioljubuski.ba\/wp-content\/uploads\/2021\/02\/cropped-Radio_Ljubuski_logo1.jpg","contentUrl":"https:\/\/radioljubuski.ba\/wp-content\/uploads\/2021\/02\/cropped-Radio_Ljubuski_logo1.jpg","width":512,"height":512,"caption":"Radio Ljubu\u0161ki"},"image":{"@id":"https:\/\/radioljubuski.ba\/#\/schema\/logo\/image\/"},"sameAs":["https:\/\/www.facebook.com\/Radiio-Ljubuski-1490835324566332","https:\/\/x.com\/radioljubuski","https:\/\/hr.linkedin.com\/company\/radio-ljubuski","https:\/\/www.youtube.com\/channel\/UCHYaeO_n0Db3tjNGudGpXyw"]},{"@type":"Person","@id":"https:\/\/radioljubuski.ba\/#\/schema\/person\/19fc700381a780f69665d7956c469e3b","name":"Radio Ljubu\u0161ki"}]}},"_links":{"self":[{"href":"https:\/\/radioljubuski.ba\/index.php\/wp-json\/wp\/v2\/posts\/76197","targetHints":{"allow":["GET"]}}],"collection":[{"href":"https:\/\/radioljubuski.ba\/index.php\/wp-json\/wp\/v2\/posts"}],"about":[{"href":"https:\/\/radioljubuski.ba\/index.php\/wp-json\/wp\/v2\/types\/post"}],"author":[{"embeddable":true,"href":"https:\/\/radioljubuski.ba\/index.php\/wp-json\/wp\/v2\/users\/2"}],"replies":[{"embeddable":true,"href":"https:\/\/radioljubuski.ba\/index.php\/wp-json\/wp\/v2\/comments?post=76197"}],"version-history":[{"count":1,"href":"https:\/\/radioljubuski.ba\/index.php\/wp-json\/wp\/v2\/posts\/76197\/revisions"}],"predecessor-version":[{"id":76199,"href":"https:\/\/radioljubuski.ba\/index.php\/wp-json\/wp\/v2\/posts\/76197\/revisions\/76199"}],"wp:featuredmedia":[{"embeddable":true,"href":"https:\/\/radioljubuski.ba\/index.php\/wp-json\/wp\/v2\/media\/76198"}],"wp:attachment":[{"href":"https:\/\/radioljubuski.ba\/index.php\/wp-json\/wp\/v2\/media?parent=76197"}],"wp:term":[{"taxonomy":"category","embeddable":true,"href":"https:\/\/radioljubuski.ba\/index.php\/wp-json\/wp\/v2\/categories?post=76197"},{"taxonomy":"post_tag","embeddable":true,"href":"https:\/\/radioljubuski.ba\/index.php\/wp-json\/wp\/v2\/tags?post=76197"}],"curies":[{"name":"wp","href":"https:\/\/api.w.org\/{rel}","templated":true}]}}