{"id":76200,"date":"2021-10-15T22:49:52","date_gmt":"2021-10-15T21:49:52","guid":{"rendered":"https:\/\/radioljubuski.ba\/?p=76200"},"modified":"2021-10-15T22:49:53","modified_gmt":"2021-10-15T21:49:53","slug":"medunarodni-dan-slijepih-dan-bijelog-stapa","status":"publish","type":"post","link":"https:\/\/radioljubuski.ba\/index.php\/2021\/10\/15\/medunarodni-dan-slijepih-dan-bijelog-stapa\/","title":{"rendered":"Me\u0111unarodni dan slijepih \u2013 Dan bijelog \u0161tapa"},"content":{"rendered":"\n<p><em>\u201eSami mo\u017eemo toliko malo, zajedno mo\u017eemo toliko mnogo.\u201c<\/em><br>Helen Keller<\/p>\n\n\n\n<p><strong>Me\u0111unarodni dan slijepih i Dan bijelog \u0161tapa obilje\u017eavaju se u svijetu s ciljem podizanja svijesti gra\u0111ana o specifi\u010dnim potrebama slijepih i slabovidnih osoba, ali i obavezama zajednice prema njima.<\/strong>\u00a0Nezadovoljavaju\u0107i polo\u017eaj slijepih osoba proizlazi iz ote\u017eanih mogu\u0107nosti zapo\u0161ljavanja, prisutnosti diskriminacije i stigmatizacije, nedostatku ili nemogu\u0107nosti nabavke asistivnih pomagala.<\/p>\n\n\n\n<iframe loading=\"lazy\" title=\"Me\u0111unarodni dan bijelog \u0161tapa 2021.\" width=\"640\" height=\"360\" src=\"https:\/\/www.youtube.com\/embed\/vDDxwdBOfN8?feature=oembed\" frameborder=\"0\" allow=\"accelerometer; autoplay; clipboard-write; encrypted-media; gyroscope; picture-in-picture; web-share\" referrerpolicy=\"strict-origin-when-cross-origin\" allowfullscreen><\/iframe>\n\n\n\n<h4 class=\"wp-block-heading\"><strong>Bijeli \u0161tap \u2013 produ\u017eena ruka slijepe osobe<\/strong><\/h4>\n\n\n\n<p>U dana\u0161njem sve gu\u0161\u0107em prometu, bijeli \u0161tap je pomagalo koje slijepima omogu\u0107uje samostalno kretanje na poznatom terenu, ujedno je i prometni za\u0161titni znak slijepih osoba. Samostalno kretanje uz pomo\u0107 bijelog \u0161tapa svladava se na te\u010daju poduke usvajanjem osnovnih tehnika vje\u0161tine kori\u0161tenja \u0161tapa, osnovnih prometnih pravila te konfiguracije terena kojim \u0107e se osoba samostalno kretati.<\/p>\n\n\n\n<p>Bijeli \u0161tap je zapravo produ\u017eena ruka slijepe osobe, sve \u0161to je izvan dosega \u0161tapa je opasnost za osobu i velika nepoznanica. Inicijativa za kori\u0161tenje bijelog \u0161tapa kao za\u0161titnog znaka slijepih osoba u prometu pokrenuta je jo\u0161 1930. godine, ali tek nakon Drugog svjetskog rata tzv. dugi bijeli \u0161tap po\u010dinje se primjenjivati kao pomagalo za kretanje slijepih.<\/p>\n\n\n\n<p>Dan bijelog \u0161tapa prvi puta se obilje\u017eava 1964. godine. Republika Hrvatska se pridru\u017eila mnogobrojnim zemljama u obilje\u017eavanju Me\u0111unarodnog dana bijelog \u0161tapa&nbsp;<strong>15. listopada 1996. godine kada je taj dan prerastao u Me\u0111unarodni dan slijepih<\/strong>. Prema podacima Hrvatskog registra o osobama s invaliditetom Hrvatskog zavoda za javno zdravstvo u 2019. godini registrirane su 27.092 osobe s o\u0161te\u0107enjem vida, \u0161to \u010dini 5,3% ukupnog broja osoba s invaliditetom, uz prevalenciju od 7%. U Gradu Zagrebu registrirano je 3.509 osoba s o\u0161te\u0107enjem vida, uz prevalenciju od 4% te udio od 4,1% u ukupnom broju osoba s invaliditetom. Prema dijagnozama koje u potpunosti ili ve\u0107oj mjeri invalidiziraju osobu, u Hrvatskoj je registrirana 14.321 osoba s vidnim poreme\u0107ajem i sljepo\u0107om, a u gradu Zagrebu 1.508 osoba, pi\u0161e Marija \u0160kes, mag. educ. reh., koordinatorica aktivnosti zdravih stilova \u017eivota, Odjel za promicanje zdravlja&nbsp;<a href=\"https:\/\/stampar.hr\/hr\/novosti\/medunarodni-dan-slijepih-dan-bijelog-stapa-15-listopada-2020\" target=\"_blank\" rel=\"noreferrer noopener\">Slu\u017ebe za javno zdravstvo<\/a>.<\/p>\n\n\n\n<h4 class=\"wp-block-heading\"><strong>Va\u017ena psihosocijalna i profesionalna rehabilitacija<\/strong><\/h4>\n\n\n\n<p>Neophodno je stalno pra\u0107enje potreba i problema slijepih osoba jer se uz svakodnevni napredak tehnologije i pobolj\u0161anja olak\u0161ava svakodnevica i unaprje\u0111uje kvaliteta njihovog \u017eivota. Za slijepe i slabovidne osobe izuzetno je va\u017ena psihosocijalna i profesionalna rehabilitacija. Provodi se s ciljem osposobljavanja za izvr\u0161avanje svih radnji potrebnih za samostalno \u017eivljenje, podi\u017ee nivo samostalnosti i sposobnosti sudjelovanja u aktivnostima svakodnevnog \u017eivota. Prema medicinskoj indikaciji osigurana osoba ima pravo na pomagala koja su utvr\u0111ena popisom dostupnih pomagala.<\/p>\n\n\n\n<p>Pomagala za slijepe i slabovidne osobe mo\u017eemo podijeliti na opti\u010dka, neopti\u010dka i elektronska pomagala. Tako\u0111er, izuzetno je va\u017eno prilagoditi okolinu slijepoj i slabovidnoj osobi (raspored namje\u0161taja u stanu, kori\u0161tenje ure\u0111aja sa zvu\u010dnim signalom ili adaptiranim kazaljkama itd.). Do izazova i prilagodbi u svakodnevnom \u017eivotu slijepih osoba i osoba s o\u0161te\u0107enjem vida, kao i njihovih obitelji, do\u0161lo je&nbsp;<strong>uslijed velikih promjena uzrokovanih pandemijom COVID-19. Imaju vi\u0161e te\u0161ko\u0107a u pridr\u017eavanju mjera opreza i fizi\u010dkog distanciranja, ote\u017eani su komunikacija i kretanje te im je potrebna zna\u010dajnija podr\u0161ka okoline.<\/strong><\/p>\n\n\n\n<h4 class=\"wp-block-heading\"><strong>Asistivna tehnologija<\/strong><\/h4>\n\n\n\n<p>Slijepe osobe i osobe o\u0161te\u0107ena vida treba poticati na kori\u0161tenje novih tehnologija, a upravo asistivna tehnologija predstavlja interdisciplinarno podru\u010dje koje se sastoji od sredstava, proizvoda, metodologije, strategije, prakse i usluga kojima je cilj promicanje funkcionalnosti za slijepe i slabovidne osobe. Va\u017ene su prvenstveno iskoristivost, funkcionalnost, minimalizam, dizajn, ali i dostupnost tehnologije \u2013 primjerice elektronski ultrazvu\u010dni bijeli \u0161tap, govorni kuhinjski termometar, razli\u010dite aplikacije za pametne telefone i ra\u010dunala, senzori, nosivi ure\u0111aji koji omogu\u0107uju da osjete svoju okolinu i kre\u0107u se sigurnije.<\/p>\n\n\n\n<p>Iako ovoj populaciji moderna tehnologija zna\u010dajno olak\u0161ava \u017eivot i dalje je nu\u017ena ljudska podr\u0161ka, osobito uslijed pandemije COVID-19, kroz kontinuirani rad i pomaganje svakom pojedincu koji je pogo\u0111en ovom vrstom invaliditeta, osnivanjem mobilnog tima stru\u010dnjaka, edukacijom \u010dlanova obitelji, stru\u010dnjaka i zajednice o pravilnom pristupu i komunikaciji sa slijepom i slabovidnom osobom. Jedan od najva\u017enijih preduvjeta neovisnog \u017eivljenja svake osobe, pa tako i slijepe osobe i osobe s o\u0161te\u0107enjem vida je mobilnost.<\/p>\n\n\n\n<h4 class=\"wp-block-heading\"><strong>Anti-stigma program \u201ePrihva\u0107amo razli\u010ditost\u201c<\/strong><\/h4>\n\n\n\n<p>Slijepe osobe obavljaju razli\u010dite poslove, odlaze u trgovine, banke, u \u0161kolu, na posao, na fakultet itd. Kako bismo u trenutku susreta sa slijepom osobom mogli uspostaviti kontakt potrebno je savladati neka pravila pona\u0161anja, tj. primjerenog komuniciranja. Kako pravilno komunicirati s osobama s invaliditetom i djecom s te\u0161ko\u0107ama u razvoju osnovno\u0161kolci Grada Zagreba u\u010de kroz edukativne senzibilizacijske radionice u okviru Anti-stigma programa \u201ePrihva\u0107amo razli\u010ditost\u201c Slu\u017ebe za javno zdravstvo Nastavnog zavoda za javno zdravstvo \u201eDr. Andrija \u0160tampar\u201d u suradnji s Gradskim uredom za socijalnu za\u0161titu i osobe s invaliditetom.<\/p>\n\n\n\n<p>Tijekom interaktivne radionice u\u010denike se upoznaje s razli\u010ditim vrstama te\u0161ko\u0107a u razvoju i invaliditeta, zatim kako pristupiti, uspostaviti primjerenu komunikaciju i pomo\u0107i, kojim se pomagalima koriste djeca s te\u0161ko\u0107ama u razvoju, a prikazuju se i mogu\u0107nosti prilagodbe u okolini. U\u010denici su u mogu\u0107nosti prakti\u010dno primijeniti razli\u010dita pomagala kojima se koriste djeca s te\u0161ko\u0107ama u razvoju i osobe s invaliditetom u obavljanju svakodnevnih aktivnosti pa tako i bijeli \u0161tap.<\/p>\n\n\n\n<p>Provedba senzibilizacijskih edukativnih radionica prakti\u010dnim primjerom pru\u017ea nova znanja i poti\u010de djecu na pru\u017eanje potpore njihovim vr\u0161njacima s te\u0161ko\u0107ama u razvoju da bi se \u0161to bezbolnije i lak\u0161e uklju\u010dili u svakodnevne aktivnosti u svojoj okolini. Kao rezultat provedbe senzibilizacijskih edukativnih radionica nastala je bro\u0161ura Kako ti mogu pomo\u0107i? Mijenjamo stavove, u\u010dimo se toleranciji, po\u0161tovanju razli\u010ditosti, strpljenju, humanosti, empati\u010dnosti \u2013 stvaramo obrazovanije i senzibilnije dru\u0161tvo u kojem \u0107e uspje\u0161no \u017eivjeti slijepe osobe i osobe s o\u0161te\u0107enim vidom, kao aktivni i ravnopravni \u010dlanovi zajednice uz potporu.<\/p>\n\n\n\n<h4 class=\"wp-block-heading\"><strong>Centar za rehabilitaciju Silver<\/strong><\/h4>\n\n\n\n<p>Pogledajte kako se \u0161koluju psi pomaga\u010di i vodi\u010di za slijepe i slabovidne osobe u zagreba\u010dkom Centru za rehabilitaciju Silver:<\/p>\n\n\n\n<iframe loading=\"lazy\" title=\"Mogu Sve - psi pomaga\u010di Silver - 12. 3. 2018.\" width=\"640\" height=\"360\" src=\"https:\/\/www.youtube.com\/embed\/wa8irShZJEc?feature=oembed\" frameborder=\"0\" allow=\"accelerometer; autoplay; clipboard-write; encrypted-media; gyroscope; picture-in-picture; web-share\" referrerpolicy=\"strict-origin-when-cross-origin\" allowfullscreen><\/iframe>\n\n\n\n<p>Centar za rehabilitaciju Silver ustanova je socijalne skrbi i neprofitna organizacija jedinstvena u ovom dijelu Europe, koja u rehabilitaciju osoba s invaliditetom uklju\u010duje rad sa psima pomaga\u010dima i terapijskim psima \u2013 a kojem je osniva\u010d Grad Zagreb.<br>Centar pru\u017ea usluge osobama s tjelesnim ili mentalnim o\u0161te\u0107enjem, \u010dime izravno utje\u010de na njihovu kvalitetu \u017eivota i socijalnu uklju\u010denost u zajednicu.<br>Programskim aktivnostima Centra Silver obuhva\u0107ene su:<br>\u2013 slijepe i visoko slabovidne osobe u programima tehnike bijelog i elektronskog \u0161tapa, obuke za kori\u0161tenje pasa vodi\u010da te osposobljavanje za aktivnosti svakodnevnoga \u017eivota;<br>\u2013 te\u0161ko pokretne i osobe u invalidskim kolicima kroz programe za kori\u0161tenje psa pomaga\u010da;<br>\u2013 djeca s te\u0161ko\u0107ama u razvoju (cerebralna paraliza, autizam, sljepo\u0107a, neurorizi\u010dna djeca, ADHD i drugo), koja zajedno s roditeljima prolaze program obuke za kori\u0161tenje psa pomaga\u010da, te tako\u0111er koriste usluge programa terapije senzorne integracije s terapijskim psom i (re)habilitacije s terapijskim psima u Centru;<br>\u2013 osobe s intelektualnim i vi\u0161estrukim o\u0161te\u0107enjima kroz usluge poludnevnog boravka;<br>\u2013 osobe s tjelesnim ili mentalnim o\u0161te\u0107enjem kroz program aktivnosti svakodnevnog \u017eivota;<br>\u2013 edukacija i certifikacija specijaliziranog kadra za mobilnost osoba s invaliditetom;<br>\u2013 uzgoj, socijalizacija i \u0161kolovanje pasa pomaga\u010da i terapijskih pasa.<\/p>\n\n\n\n<p><em>Izvor: narod.hr\/stampar.hr<\/em><\/p>\n","protected":false},"excerpt":{"rendered":"<p>\u201eSami mo\u017eemo toliko malo, zajedno mo\u017eemo toliko mnogo.\u201cHelen Keller Me\u0111unarodni dan slijepih i Dan bijelog \u0161tapa obilje\u017eavaju se u svijetu s ciljem podizanja svijesti gra\u0111ana o specifi\u010dnim potrebama slijepih i slabovidnih osoba, ali i obavezama zajednice prema njima.\u00a0Nezadovoljavaju\u0107i polo\u017eaj slijepih osoba proizlazi iz ote\u017eanih mogu\u0107nosti zapo\u0161ljavanja, prisutnosti diskriminacije i stigmatizacije, nedostatku ili nemogu\u0107nosti nabavke asistivnih [&hellip;]<\/p>\n","protected":false},"author":2,"featured_media":76201,"comment_status":"closed","ping_status":"closed","sticky":false,"template":"","format":"standard","meta":{"h5ap_radio_sources":[],"footnotes":""},"categories":[1],"tags":[],"class_list":["post-76200","post","type-post","status-publish","format-standard","has-post-thumbnail","hentry","category-bihiregija"],"yoast_head":"<!-- This site is optimized with the Yoast SEO plugin v27.4 - https:\/\/yoast.com\/product\/yoast-seo-wordpress\/ -->\n<title>Me\u0111unarodni dan slijepih \u2013 Dan bijelog \u0161tapa - RADIO LJUBU\u0160KI<\/title>\n<meta name=\"robots\" content=\"index, follow, max-snippet:-1, max-image-preview:large, max-video-preview:-1\" \/>\n<link rel=\"canonical\" href=\"https:\/\/radioljubuski.ba\/index.php\/2021\/10\/15\/medunarodni-dan-slijepih-dan-bijelog-stapa\/\" \/>\n<meta property=\"og:locale\" content=\"hr_HR\" \/>\n<meta property=\"og:type\" content=\"article\" \/>\n<meta property=\"og:title\" content=\"Me\u0111unarodni dan slijepih \u2013 Dan bijelog \u0161tapa - RADIO LJUBU\u0160KI\" \/>\n<meta property=\"og:description\" content=\"\u201eSami mo\u017eemo toliko malo, zajedno mo\u017eemo toliko mnogo.\u201cHelen Keller Me\u0111unarodni dan slijepih i Dan bijelog \u0161tapa obilje\u017eavaju se u svijetu s ciljem podizanja svijesti gra\u0111ana o specifi\u010dnim potrebama slijepih i slabovidnih osoba, ali i obavezama zajednice prema njima.\u00a0Nezadovoljavaju\u0107i polo\u017eaj slijepih osoba proizlazi iz ote\u017eanih mogu\u0107nosti zapo\u0161ljavanja, prisutnosti diskriminacije i stigmatizacije, nedostatku ili nemogu\u0107nosti nabavke asistivnih [&hellip;]\" \/>\n<meta property=\"og:url\" content=\"https:\/\/radioljubuski.ba\/index.php\/2021\/10\/15\/medunarodni-dan-slijepih-dan-bijelog-stapa\/\" \/>\n<meta property=\"og:site_name\" content=\"RADIO LJUBU\u0160KI\" \/>\n<meta property=\"article:publisher\" content=\"https:\/\/www.facebook.com\/Radiio-Ljubuski-1490835324566332\" \/>\n<meta property=\"article:published_time\" content=\"2021-10-15T21:49:52+00:00\" \/>\n<meta property=\"article:modified_time\" content=\"2021-10-15T21:49:53+00:00\" \/>\n<meta property=\"og:image\" content=\"https:\/\/radioljubuski.ba\/wp-content\/uploads\/2021\/10\/Depositphotos_3854557_S-696x462-1.jpg\" \/>\n\t<meta property=\"og:image:width\" content=\"696\" \/>\n\t<meta property=\"og:image:height\" content=\"462\" \/>\n\t<meta property=\"og:image:type\" content=\"image\/jpeg\" \/>\n<meta name=\"author\" content=\"Radio Ljubu\u0161ki\" \/>\n<meta name=\"twitter:card\" content=\"summary_large_image\" \/>\n<meta name=\"twitter:creator\" content=\"@radioljubuski\" \/>\n<meta name=\"twitter:site\" content=\"@radioljubuski\" \/>\n<meta name=\"twitter:label1\" content=\"Napisao\/la\" \/>\n\t<meta name=\"twitter:data1\" content=\"Radio Ljubu\u0161ki\" \/>\n\t<meta name=\"twitter:label2\" content=\"Procijenjeno vrijeme \u010ditanja\" \/>\n\t<meta name=\"twitter:data2\" content=\"5 minuta\" \/>\n<script type=\"application\/ld+json\" class=\"yoast-schema-graph\">{\"@context\":\"https:\\\/\\\/schema.org\",\"@graph\":[{\"@type\":\"Article\",\"@id\":\"https:\\\/\\\/radioljubuski.ba\\\/index.php\\\/2021\\\/10\\\/15\\\/medunarodni-dan-slijepih-dan-bijelog-stapa\\\/#article\",\"isPartOf\":{\"@id\":\"https:\\\/\\\/radioljubuski.ba\\\/index.php\\\/2021\\\/10\\\/15\\\/medunarodni-dan-slijepih-dan-bijelog-stapa\\\/\"},\"author\":{\"name\":\"Radio Ljubu\u0161ki\",\"@id\":\"https:\\\/\\\/radioljubuski.ba\\\/#\\\/schema\\\/person\\\/19fc700381a780f69665d7956c469e3b\"},\"headline\":\"Me\u0111unarodni dan slijepih \u2013 Dan bijelog \u0161tapa\",\"datePublished\":\"2021-10-15T21:49:52+00:00\",\"dateModified\":\"2021-10-15T21:49:53+00:00\",\"mainEntityOfPage\":{\"@id\":\"https:\\\/\\\/radioljubuski.ba\\\/index.php\\\/2021\\\/10\\\/15\\\/medunarodni-dan-slijepih-dan-bijelog-stapa\\\/\"},\"wordCount\":1256,\"publisher\":{\"@id\":\"https:\\\/\\\/radioljubuski.ba\\\/#organization\"},\"image\":{\"@id\":\"https:\\\/\\\/radioljubuski.ba\\\/index.php\\\/2021\\\/10\\\/15\\\/medunarodni-dan-slijepih-dan-bijelog-stapa\\\/#primaryimage\"},\"thumbnailUrl\":\"https:\\\/\\\/radioljubuski.ba\\\/wp-content\\\/uploads\\\/2021\\\/10\\\/Depositphotos_3854557_S-696x462-1.jpg\",\"articleSection\":[\"BIH i regija\"],\"inLanguage\":\"hr\"},{\"@type\":\"WebPage\",\"@id\":\"https:\\\/\\\/radioljubuski.ba\\\/index.php\\\/2021\\\/10\\\/15\\\/medunarodni-dan-slijepih-dan-bijelog-stapa\\\/\",\"url\":\"https:\\\/\\\/radioljubuski.ba\\\/index.php\\\/2021\\\/10\\\/15\\\/medunarodni-dan-slijepih-dan-bijelog-stapa\\\/\",\"name\":\"Me\u0111unarodni dan slijepih \u2013 Dan bijelog \u0161tapa - RADIO LJUBU\u0160KI\",\"isPartOf\":{\"@id\":\"https:\\\/\\\/radioljubuski.ba\\\/#website\"},\"primaryImageOfPage\":{\"@id\":\"https:\\\/\\\/radioljubuski.ba\\\/index.php\\\/2021\\\/10\\\/15\\\/medunarodni-dan-slijepih-dan-bijelog-stapa\\\/#primaryimage\"},\"image\":{\"@id\":\"https:\\\/\\\/radioljubuski.ba\\\/index.php\\\/2021\\\/10\\\/15\\\/medunarodni-dan-slijepih-dan-bijelog-stapa\\\/#primaryimage\"},\"thumbnailUrl\":\"https:\\\/\\\/radioljubuski.ba\\\/wp-content\\\/uploads\\\/2021\\\/10\\\/Depositphotos_3854557_S-696x462-1.jpg\",\"datePublished\":\"2021-10-15T21:49:52+00:00\",\"dateModified\":\"2021-10-15T21:49:53+00:00\",\"breadcrumb\":{\"@id\":\"https:\\\/\\\/radioljubuski.ba\\\/index.php\\\/2021\\\/10\\\/15\\\/medunarodni-dan-slijepih-dan-bijelog-stapa\\\/#breadcrumb\"},\"inLanguage\":\"hr\",\"potentialAction\":[{\"@type\":\"ReadAction\",\"target\":[\"https:\\\/\\\/radioljubuski.ba\\\/index.php\\\/2021\\\/10\\\/15\\\/medunarodni-dan-slijepih-dan-bijelog-stapa\\\/\"]}]},{\"@type\":\"ImageObject\",\"inLanguage\":\"hr\",\"@id\":\"https:\\\/\\\/radioljubuski.ba\\\/index.php\\\/2021\\\/10\\\/15\\\/medunarodni-dan-slijepih-dan-bijelog-stapa\\\/#primaryimage\",\"url\":\"https:\\\/\\\/radioljubuski.ba\\\/wp-content\\\/uploads\\\/2021\\\/10\\\/Depositphotos_3854557_S-696x462-1.jpg\",\"contentUrl\":\"https:\\\/\\\/radioljubuski.ba\\\/wp-content\\\/uploads\\\/2021\\\/10\\\/Depositphotos_3854557_S-696x462-1.jpg\",\"width\":696,\"height\":462},{\"@type\":\"BreadcrumbList\",\"@id\":\"https:\\\/\\\/radioljubuski.ba\\\/index.php\\\/2021\\\/10\\\/15\\\/medunarodni-dan-slijepih-dan-bijelog-stapa\\\/#breadcrumb\",\"itemListElement\":[{\"@type\":\"ListItem\",\"position\":1,\"name\":\"Po\u010detna stranica\",\"item\":\"https:\\\/\\\/radioljubuski.ba\\\/\"},{\"@type\":\"ListItem\",\"position\":2,\"name\":\"Me\u0111unarodni dan slijepih \u2013 Dan bijelog \u0161tapa\"}]},{\"@type\":\"WebSite\",\"@id\":\"https:\\\/\\\/radioljubuski.ba\\\/#website\",\"url\":\"https:\\\/\\\/radioljubuski.ba\\\/\",\"name\":\"Radio Ljubu\u0161ki\",\"description\":\"Sun\u010dana frekvencija Hercegovine\",\"publisher\":{\"@id\":\"https:\\\/\\\/radioljubuski.ba\\\/#organization\"},\"potentialAction\":[{\"@type\":\"SearchAction\",\"target\":{\"@type\":\"EntryPoint\",\"urlTemplate\":\"https:\\\/\\\/radioljubuski.ba\\\/?s={search_term_string}\"},\"query-input\":{\"@type\":\"PropertyValueSpecification\",\"valueRequired\":true,\"valueName\":\"search_term_string\"}}],\"inLanguage\":\"hr\"},{\"@type\":\"Organization\",\"@id\":\"https:\\\/\\\/radioljubuski.ba\\\/#organization\",\"name\":\"Radio Ljubu\u0161ki\",\"url\":\"https:\\\/\\\/radioljubuski.ba\\\/\",\"logo\":{\"@type\":\"ImageObject\",\"inLanguage\":\"hr\",\"@id\":\"https:\\\/\\\/radioljubuski.ba\\\/#\\\/schema\\\/logo\\\/image\\\/\",\"url\":\"https:\\\/\\\/radioljubuski.ba\\\/wp-content\\\/uploads\\\/2021\\\/02\\\/cropped-Radio_Ljubuski_logo1.jpg\",\"contentUrl\":\"https:\\\/\\\/radioljubuski.ba\\\/wp-content\\\/uploads\\\/2021\\\/02\\\/cropped-Radio_Ljubuski_logo1.jpg\",\"width\":512,\"height\":512,\"caption\":\"Radio Ljubu\u0161ki\"},\"image\":{\"@id\":\"https:\\\/\\\/radioljubuski.ba\\\/#\\\/schema\\\/logo\\\/image\\\/\"},\"sameAs\":[\"https:\\\/\\\/www.facebook.com\\\/Radiio-Ljubuski-1490835324566332\",\"https:\\\/\\\/x.com\\\/radioljubuski\",\"https:\\\/\\\/hr.linkedin.com\\\/company\\\/radio-ljubuski\",\"https:\\\/\\\/www.youtube.com\\\/channel\\\/UCHYaeO_n0Db3tjNGudGpXyw\"]},{\"@type\":\"Person\",\"@id\":\"https:\\\/\\\/radioljubuski.ba\\\/#\\\/schema\\\/person\\\/19fc700381a780f69665d7956c469e3b\",\"name\":\"Radio Ljubu\u0161ki\"}]}<\/script>\n<!-- \/ Yoast SEO plugin. -->","yoast_head_json":{"title":"Me\u0111unarodni dan slijepih \u2013 Dan bijelog \u0161tapa - RADIO LJUBU\u0160KI","robots":{"index":"index","follow":"follow","max-snippet":"max-snippet:-1","max-image-preview":"max-image-preview:large","max-video-preview":"max-video-preview:-1"},"canonical":"https:\/\/radioljubuski.ba\/index.php\/2021\/10\/15\/medunarodni-dan-slijepih-dan-bijelog-stapa\/","og_locale":"hr_HR","og_type":"article","og_title":"Me\u0111unarodni dan slijepih \u2013 Dan bijelog \u0161tapa - RADIO LJUBU\u0160KI","og_description":"\u201eSami mo\u017eemo toliko malo, zajedno mo\u017eemo toliko mnogo.\u201cHelen Keller Me\u0111unarodni dan slijepih i Dan bijelog \u0161tapa obilje\u017eavaju se u svijetu s ciljem podizanja svijesti gra\u0111ana o specifi\u010dnim potrebama slijepih i slabovidnih osoba, ali i obavezama zajednice prema njima.\u00a0Nezadovoljavaju\u0107i polo\u017eaj slijepih osoba proizlazi iz ote\u017eanih mogu\u0107nosti zapo\u0161ljavanja, prisutnosti diskriminacije i stigmatizacije, nedostatku ili nemogu\u0107nosti nabavke asistivnih [&hellip;]","og_url":"https:\/\/radioljubuski.ba\/index.php\/2021\/10\/15\/medunarodni-dan-slijepih-dan-bijelog-stapa\/","og_site_name":"RADIO LJUBU\u0160KI","article_publisher":"https:\/\/www.facebook.com\/Radiio-Ljubuski-1490835324566332","article_published_time":"2021-10-15T21:49:52+00:00","article_modified_time":"2021-10-15T21:49:53+00:00","og_image":[{"width":696,"height":462,"url":"https:\/\/radioljubuski.ba\/wp-content\/uploads\/2021\/10\/Depositphotos_3854557_S-696x462-1.jpg","type":"image\/jpeg"}],"author":"Radio Ljubu\u0161ki","twitter_card":"summary_large_image","twitter_creator":"@radioljubuski","twitter_site":"@radioljubuski","twitter_misc":{"Napisao\/la":"Radio Ljubu\u0161ki","Procijenjeno vrijeme \u010ditanja":"5 minuta"},"schema":{"@context":"https:\/\/schema.org","@graph":[{"@type":"Article","@id":"https:\/\/radioljubuski.ba\/index.php\/2021\/10\/15\/medunarodni-dan-slijepih-dan-bijelog-stapa\/#article","isPartOf":{"@id":"https:\/\/radioljubuski.ba\/index.php\/2021\/10\/15\/medunarodni-dan-slijepih-dan-bijelog-stapa\/"},"author":{"name":"Radio Ljubu\u0161ki","@id":"https:\/\/radioljubuski.ba\/#\/schema\/person\/19fc700381a780f69665d7956c469e3b"},"headline":"Me\u0111unarodni dan slijepih \u2013 Dan bijelog \u0161tapa","datePublished":"2021-10-15T21:49:52+00:00","dateModified":"2021-10-15T21:49:53+00:00","mainEntityOfPage":{"@id":"https:\/\/radioljubuski.ba\/index.php\/2021\/10\/15\/medunarodni-dan-slijepih-dan-bijelog-stapa\/"},"wordCount":1256,"publisher":{"@id":"https:\/\/radioljubuski.ba\/#organization"},"image":{"@id":"https:\/\/radioljubuski.ba\/index.php\/2021\/10\/15\/medunarodni-dan-slijepih-dan-bijelog-stapa\/#primaryimage"},"thumbnailUrl":"https:\/\/radioljubuski.ba\/wp-content\/uploads\/2021\/10\/Depositphotos_3854557_S-696x462-1.jpg","articleSection":["BIH i regija"],"inLanguage":"hr"},{"@type":"WebPage","@id":"https:\/\/radioljubuski.ba\/index.php\/2021\/10\/15\/medunarodni-dan-slijepih-dan-bijelog-stapa\/","url":"https:\/\/radioljubuski.ba\/index.php\/2021\/10\/15\/medunarodni-dan-slijepih-dan-bijelog-stapa\/","name":"Me\u0111unarodni dan slijepih \u2013 Dan bijelog \u0161tapa - RADIO LJUBU\u0160KI","isPartOf":{"@id":"https:\/\/radioljubuski.ba\/#website"},"primaryImageOfPage":{"@id":"https:\/\/radioljubuski.ba\/index.php\/2021\/10\/15\/medunarodni-dan-slijepih-dan-bijelog-stapa\/#primaryimage"},"image":{"@id":"https:\/\/radioljubuski.ba\/index.php\/2021\/10\/15\/medunarodni-dan-slijepih-dan-bijelog-stapa\/#primaryimage"},"thumbnailUrl":"https:\/\/radioljubuski.ba\/wp-content\/uploads\/2021\/10\/Depositphotos_3854557_S-696x462-1.jpg","datePublished":"2021-10-15T21:49:52+00:00","dateModified":"2021-10-15T21:49:53+00:00","breadcrumb":{"@id":"https:\/\/radioljubuski.ba\/index.php\/2021\/10\/15\/medunarodni-dan-slijepih-dan-bijelog-stapa\/#breadcrumb"},"inLanguage":"hr","potentialAction":[{"@type":"ReadAction","target":["https:\/\/radioljubuski.ba\/index.php\/2021\/10\/15\/medunarodni-dan-slijepih-dan-bijelog-stapa\/"]}]},{"@type":"ImageObject","inLanguage":"hr","@id":"https:\/\/radioljubuski.ba\/index.php\/2021\/10\/15\/medunarodni-dan-slijepih-dan-bijelog-stapa\/#primaryimage","url":"https:\/\/radioljubuski.ba\/wp-content\/uploads\/2021\/10\/Depositphotos_3854557_S-696x462-1.jpg","contentUrl":"https:\/\/radioljubuski.ba\/wp-content\/uploads\/2021\/10\/Depositphotos_3854557_S-696x462-1.jpg","width":696,"height":462},{"@type":"BreadcrumbList","@id":"https:\/\/radioljubuski.ba\/index.php\/2021\/10\/15\/medunarodni-dan-slijepih-dan-bijelog-stapa\/#breadcrumb","itemListElement":[{"@type":"ListItem","position":1,"name":"Po\u010detna stranica","item":"https:\/\/radioljubuski.ba\/"},{"@type":"ListItem","position":2,"name":"Me\u0111unarodni dan slijepih \u2013 Dan bijelog \u0161tapa"}]},{"@type":"WebSite","@id":"https:\/\/radioljubuski.ba\/#website","url":"https:\/\/radioljubuski.ba\/","name":"Radio Ljubu\u0161ki","description":"Sun\u010dana frekvencija Hercegovine","publisher":{"@id":"https:\/\/radioljubuski.ba\/#organization"},"potentialAction":[{"@type":"SearchAction","target":{"@type":"EntryPoint","urlTemplate":"https:\/\/radioljubuski.ba\/?s={search_term_string}"},"query-input":{"@type":"PropertyValueSpecification","valueRequired":true,"valueName":"search_term_string"}}],"inLanguage":"hr"},{"@type":"Organization","@id":"https:\/\/radioljubuski.ba\/#organization","name":"Radio Ljubu\u0161ki","url":"https:\/\/radioljubuski.ba\/","logo":{"@type":"ImageObject","inLanguage":"hr","@id":"https:\/\/radioljubuski.ba\/#\/schema\/logo\/image\/","url":"https:\/\/radioljubuski.ba\/wp-content\/uploads\/2021\/02\/cropped-Radio_Ljubuski_logo1.jpg","contentUrl":"https:\/\/radioljubuski.ba\/wp-content\/uploads\/2021\/02\/cropped-Radio_Ljubuski_logo1.jpg","width":512,"height":512,"caption":"Radio Ljubu\u0161ki"},"image":{"@id":"https:\/\/radioljubuski.ba\/#\/schema\/logo\/image\/"},"sameAs":["https:\/\/www.facebook.com\/Radiio-Ljubuski-1490835324566332","https:\/\/x.com\/radioljubuski","https:\/\/hr.linkedin.com\/company\/radio-ljubuski","https:\/\/www.youtube.com\/channel\/UCHYaeO_n0Db3tjNGudGpXyw"]},{"@type":"Person","@id":"https:\/\/radioljubuski.ba\/#\/schema\/person\/19fc700381a780f69665d7956c469e3b","name":"Radio Ljubu\u0161ki"}]}},"_links":{"self":[{"href":"https:\/\/radioljubuski.ba\/index.php\/wp-json\/wp\/v2\/posts\/76200","targetHints":{"allow":["GET"]}}],"collection":[{"href":"https:\/\/radioljubuski.ba\/index.php\/wp-json\/wp\/v2\/posts"}],"about":[{"href":"https:\/\/radioljubuski.ba\/index.php\/wp-json\/wp\/v2\/types\/post"}],"author":[{"embeddable":true,"href":"https:\/\/radioljubuski.ba\/index.php\/wp-json\/wp\/v2\/users\/2"}],"replies":[{"embeddable":true,"href":"https:\/\/radioljubuski.ba\/index.php\/wp-json\/wp\/v2\/comments?post=76200"}],"version-history":[{"count":1,"href":"https:\/\/radioljubuski.ba\/index.php\/wp-json\/wp\/v2\/posts\/76200\/revisions"}],"predecessor-version":[{"id":76202,"href":"https:\/\/radioljubuski.ba\/index.php\/wp-json\/wp\/v2\/posts\/76200\/revisions\/76202"}],"wp:featuredmedia":[{"embeddable":true,"href":"https:\/\/radioljubuski.ba\/index.php\/wp-json\/wp\/v2\/media\/76201"}],"wp:attachment":[{"href":"https:\/\/radioljubuski.ba\/index.php\/wp-json\/wp\/v2\/media?parent=76200"}],"wp:term":[{"taxonomy":"category","embeddable":true,"href":"https:\/\/radioljubuski.ba\/index.php\/wp-json\/wp\/v2\/categories?post=76200"},{"taxonomy":"post_tag","embeddable":true,"href":"https:\/\/radioljubuski.ba\/index.php\/wp-json\/wp\/v2\/tags?post=76200"}],"curies":[{"name":"wp","href":"https:\/\/api.w.org\/{rel}","templated":true}]}}