{"id":76209,"date":"2021-10-15T22:53:08","date_gmt":"2021-10-15T21:53:08","guid":{"rendered":"https:\/\/radioljubuski.ba\/?p=76209"},"modified":"2021-10-15T22:53:09","modified_gmt":"2021-10-15T21:53:09","slug":"15-listopada-1935-preminuo-vinko-bek-prvi-hrvatski-tiflopedagog","status":"publish","type":"post","link":"https:\/\/radioljubuski.ba\/index.php\/2021\/10\/15\/15-listopada-1935-preminuo-vinko-bek-prvi-hrvatski-tiflopedagog\/","title":{"rendered":"15. listopada 1935. preminuo Vinko Bek \u2013 prvi hrvatski tiflopedagog"},"content":{"rendered":"\n<p><strong>Vinko Bek prvi je u Hrvatskoj organizirao osposobljavanje slijepih. Razvio je sustavnu kampanju zagovaranja rehabilitacije slijepih te njihovo uklju\u010divanje u dru\u0161tvo koje nije pokazivalo razumijevanje&nbsp; za probleme slijepih.<\/strong><\/p>\n\n\n\n<p>Objavljivao je knjige i \u010dlanke, dr\u017eao predavanja, pokazivao rad sa slijepima, prilagodio Brailleovo pismo hrvatskome jeziku, napisao po\u010detnicu i na kraju uspio osnovati Zavod za slijepu djecu.<\/p>\n\n\n\n<h4 class=\"wp-block-heading\">Osnovni biografski podaci<\/h4>\n\n\n\n<p>Vinko Bek ro\u0111en je 19. studenoga 1862. u Podgajcima Podravskim. \u0160kolovao se u u Cerniku, Osijeku, Pe\u010duhu. U\u010diteljsku je \u0161kolu zavr\u0161io u Zagrebu, nakon \u010dega se zaposlio u pu\u010dkoj \u0161koli u Bukevju u kojoj je radio 11 godina. Osniva\u010d humanitarno-karitativnog Dru\u0161tva sv. Vida za podupiranje slijepaca (1893.). Upravitelj i u\u010ditelj Zavoda za odgoj slijepe djece u Zagrebu. Ravnatelj Doma slijepih radnika. Pokreta\u010d \u010dasopisa za slijepe.<\/p>\n\n\n\n<h4 class=\"wp-block-heading\">Po\u010deci Bekova djelovanja<\/h4>\n\n\n\n<p>Vinko Bek se jo\u0161 za vrijeme studiranja na Kraljevskoj mu\u0161koj u\u010diteljskoj \u0161koli po\u010dinje baviti mi\u0161lju o odgoju i obrazovanju slijepih. Na to je utjecao i njegov profesor Stjepan Basari\u010dek koji u svom djelu&nbsp;<em>Teorija pedagogije ili ob uzgoju<\/em>, 1876., daje prvi tiskani prikaz o problematici odgoja i obrazovanja slijepe djece nagla\u0161avaju\u0107i sposobnost slijepe djece za obrazovanje te ulogu opipa i sluha. Bek se o obrazovanju slijepih osoba educira u be\u010dkom Carskom zavodu. Godine 1888. objavljuje stru\u010dno propagandnu knji\u017eicu&nbsp;<em>Uzgoj slijepaca&nbsp;<\/em>(prijevod knjige F. Entlichera). Idu\u0107e godine objavljuje knji\u017eicu&nbsp;<em>Be\u010dki zavodi za slijepe i na\u0161e potrebe<\/em>&nbsp;\u2013 s opisom be\u010dkih zavoda za obrazovanje slijepih te iznosi probleme skrbi za slijepe u Hrvatskoj uz nagla\u0161avanje potrebe osnivanja zavoda u Hrvatskoj.<\/p>\n\n\n\n<h4 class=\"wp-block-heading\">Hinko Svoboda<\/h4>\n\n\n\n<p>Dana 14. listopada 1888. Bek otvara&nbsp;<strong>privatan zavod za slijepce<\/strong>&nbsp;s dopu\u0161tenjem Kraljevske zemaljske vlade, Odjela za bogo\u0161tovlje i nastavu. To je zapravo dopu\u0161tenje da se u pu\u010dkoj \u0161koli u kojoj je Bek radio obu\u010davaju slijepi. Njegov prvi slijepi u\u010denik bio je Hinko Svoboda, \u010ceh iz Samobora, koji je pod Bekovim vodstvom u \u010detiri mjeseca savladao program prvoga razreda. Zbog dobrih rezultata Bek u Lampeovu zavodu za gluhonijeme organizira javni ispit za Svobodu, koji se zatim preselio u \u010ce\u0161ku gdje je poha\u0111ao&nbsp;<em>Prvi pra\u0161ki zavod za nevide\u0107e<\/em>&nbsp;(u Pragu ga 1807. osnovao Alois Kl\u00e1r). O njegovu javnom ispitu 31. srpnja 1889. pi\u0161u Narodne novine: \u201eTo je prvi pokus ove vrsti kod nas. Mali\u0107 koji tek pola godine polazi nauke, \u010ditao je vrlo okretno iz svoje po\u010detnice, prebiru\u0107i prstima po uzdignutim slovima. Zatim je imao slagati pojedina slova u alfabetu sastavljen u kutiji, koja ima razne pregradke, \u0161to je u\u010dinio, a da nije ni jedan put pogrije\u0161io. Na englezkom ra\u010dunalu slagao je brojke, kao mu je tko kazivao, a iz bo\u010dica vadio pojedine predmete velikom sigurno\u0161\u0107u, kazuju\u0107i odmah i ime predmeta. Nanizivao je razne predmete iglom na konac, sla\u017eu\u0107i ih po bojama. Osobito mnogo vje\u0161tine i okretnosti pokazao je u ustmenom izrazu misli.\u201d<\/p>\n\n\n\n<h4 class=\"wp-block-heading\">\u010casopisi<\/h4>\n\n\n\n<p>Bek je bio pokreta\u010d i urednik&nbsp;<strong>prvog \u010dasopisa<\/strong>&nbsp;koji se bavio slijepima, 1890. Bio je to \u201eSlijep\u010dev prijatelj \u2013 list za roditelje, u\u010ditelje, sve prijatelje slijepaca\u201c. Ve\u0107inu je tekstova napisao Bek. Tekstovima je osvje\u0161\u0107ivao potrebu edukacije slijepih osoba i njihovo uklju\u010divanje u dru\u0161tvo, objavljivao je i prijevode iz strane literature, objavljivao je tekstove s prijedlozima za roditelje kao raditi sa slijepom djecom, daju\u0107i primjere igara i pjesmica, objavljivao je lije\u010dni\u010dka mi\u0161ljenja i pogled na sljepo\u0107u iz stru\u010dnih pera, obja\u0161njavao je razli\u010dite na\u010dine pisanja slijepih, objavljivao je \u010dlanke o znamenitim slijepim osobama, statisti\u010dkim podaci o slijepima. Godine 1892. \u010dasopis mijenja ime u&nbsp;<em>Prijatelj slijepih i gluhonijemih \u2013 list za promicanje uzgoja, obuke, obskrbe i inih probitaka slijepih i gluhonijemih<\/em>. Izlazi do 1899.<\/p>\n\n\n\n<h4 class=\"wp-block-heading\">\u201eExpo\u201c na Bekov na\u010din<\/h4>\n\n\n\n<p>Da bi senzibilizirao javnost, Bek prire\u0111uje i sudjeluje na izlo\u017ebama s tiflolo\u0161kom tematikom. Godine 1891. sudjeluje na Gospodarsko-\u0161umarskoj jubilarnoj izlo\u017ebi u Zagrebu sa Sljepa\u010dkim odjelom. Bila je to najzna\u010dajnija privredna i kulturno-znanstvena manifestacija u to doba u Hrvatskoj. Za potrebe izlo\u017ebe tiska Izlo\u017ebeni katalog za sljepa\u010dki odjel. Taj je katalog jedan u nizu Bekovih alata kojima je educirao i senzibilizirao javnost za slijepe osobe. U katalogu je objavio informacije o slijepima i njihovim sposobnostima i mogu\u0107nostima, te opise predmeta i pomagala koji su kori\u0161teni u nastavi za slijepe, razne igre za slijepe (\u0161ah, domino, kuglana) te je izlagao zanatske radove u\u010denika stranih zavoda te \u017eenski ru\u010dni rad. Anga\u017eirao je i pitomca&nbsp;<em>Izraelitskog zavoda za slijepe<\/em>&nbsp;iz Be\u010da koji je demonstrirao izradu \u010detke. Bek je sudjelovao i na me\u0111unarodnim izlo\u017ebama (Linz, Pe\u0161ta, Pariz).<\/p>\n\n\n\n<h4 class=\"wp-block-heading\">Po\u010detnica za slijepce<\/h4>\n\n\n\n<p>Prvi u Hrvata Bek je napisao po\u010detnicu s Brailleovim slovima za slijepe:&nbsp;<em>Po\u010detnica (Braille) za slijepce<\/em>&nbsp;(1889). Brailleovo pismo u to vrijeme nije jo\u0161 svugdje bilo prihva\u0107eno kao pismo za slijepe. Bek je poznavao osnovna na\u010dela kojima se Braille slu\u017eio pri sastavljanju abecede te ih je primijenio u na\u0161em jeziku. Bila je va\u017ean korak u uspostavljanju \u0161kolovanja slijepe djece. Prvu je po\u010detnicu tiskao u Bukevju 1889. Ima deset listova, od kojih je sedam tiskano dvostrano. Slu\u017eila je za po\u010detno u\u010denje Brailleova pisma i nije jo\u0161 u potpunosti bila prilago\u0111ena hrvatskom jeziku. Njome su se koristili desetak godina, kada ju je 1898. zamijenila druga Bekova po\u010detnica, nastala 1898. godine. Izradio je Brailleovu abecedu na slovenskom i bugarskom jeziku.<\/p>\n\n\n\n<h4 class=\"wp-block-heading\">Kako je Po\u010detnica izra\u0111ena?<\/h4>\n\n\n\n<p>\u201eG. August Krage posudio nam svoj aparat za izbijanje ta\u010daka i dao nam uputu. Kupiti ga nijesmo mogli, jer je dosta skup. Urednik (Vinko Bek) je sam izbijao na dvogubom kositrenom limu doti\u010dna slova. Prikladan lim nijesmo ni u Zagrebu dobiti mogli, pa smo dobrotom g. Budia, trgovca u Zagrebu, do\u0161li i do njega. I s papirom smo imali neprilike. U cijelom Zagrebu nijesmo mogli dobiti valjana papira, pa ne preostade drugo, no naru\u010diti ga od poznate nam tvrtke iz Berlina. Papir smo razrezali, list namo\u010dili u vodu, stavili u kositrenu plo\u010du, pa u tisak. Obje su strane kositrene plo\u010de jednako izbite, da izbo\u010dene ta\u010dke jedne plo\u010de dodju u \u0161upljinu ta\u010dke druge plo\u010de, tako da izrinu papir t. j., da se na papiru naprave naprave doti\u010dna slova. Za tisak smo uzeli obi\u010dni drveni tijesak, koji se gdjegdje u ku\u0107anstvu rabi, jer bi \u017eeljezni preskup bio, kako ga imadu trgovci za kopiranje\u2026 Tako je tiskan i prilog prvog sveska, a papir je bio iz rije\u010dke tvornice, arak po 4 nv\u010d. Sve su te radnje obavljene u Bukevju.\u201c (Bek, Vinko, Kako je po\u010detnica izradjena, Slijep\u010dev prijatelj, Zagreb, 1890., te\u010daj I., svezak 3., str. 74.)<\/p>\n\n\n\n<h4 class=\"wp-block-heading\">Po\u010deci sustavnog obrazovanja slijepih<\/h4>\n\n\n\n<p>Dana 1. rujna 1895. odlukom Kraljevske zemaljske vlade otvara se&nbsp;<strong>Zemaljski zavod za uzgoj slijepe djece&nbsp;<\/strong>\u2013 prvi oblik institucionaliziranog obrazovanja slijepih i prvi zavod te vrste u jugoisto\u010dnoj Europi. Otvoren je u Ilici 83, u prizemlju biv\u0161e bolnice Sestara milosrdnica u zgradi u koji je bio i Zemaljski zavod za odgoj gluhonijeme djece te \u0160kolom za primalje s rodili\u0161tem. Prvi u\u010ditelj i ravnatelj Zemaljskoga zavoda za uzgoj slijepe djece bio je Vinko Bek. U Zavod se upisuju slijepa i slabovidna djeca od 8. do 12. godina koja su fizi\u010dki i psihi\u010dki zdrava. Predmeti su: \u010ditanje, pisanje, nastavni jezik, zorna obuka, ra\u010dunstvo, geometrijsko oblikovanje, zemljopis, povijest, prirodoznanstvo, \u010ditanje pitomcima, pjevanje, gimnastika, Frobelove radnje, modeliranje, nauk vjere. Zavod se financirao zemaljskim sredstvima.<\/p>\n\n\n\n<p>\u201eSvrha je zavoda za odgoj slijepe djece, da poda slijepoj djeci op\u0107u obrazovanost i da slijepa djeca izu\u010de u njemu zanat, koji \u0107e ih prehranjivati u kasnijem \u017eivotu.\u201c<\/p>\n\n\n\n<p>Dje\u010daci su se obu\u010davali za kefarstvo i pletenje stolaca od trstike, a djevoj\u010dice su u\u010dile \u017eenski ru\u010dni rad. Prve je \u0161kolske godine upisano 13 djece. Zavod je imao i svoju knji\u017enicu koja se vremenom popunjavala. U po\u010decima su dobrovoljci besplatno prepisivali djela iz razli\u010ditih podru\u010dja na pup\u010dastom pismu. Zavr\u0161etkom \u0161kolovanja u\u010denici su se upisivali u&nbsp;<strong>Dom slijepih radnika<\/strong>&nbsp;(1898.) na Mlinarskoj cesti, a djevoj\u010dice u&nbsp;<strong>Dom slijepih djevojaka<\/strong>&nbsp;(1910.) u Visokoj ulici. Velik je dio nastavne djelatnosti Doma bila prakti\u010dna zanatska obuka u radionici: \u010detkarstvo, ko\u0161arstvno, pletenje trstenih stolaca, slamnatih otira\u010da\u2026. Zavr\u0161etkom obrazovanja polaznici bi dobili obrtnu knji\u017eicu, a Zavod je imao i prodavaonicu koja je omogu\u0107avala slijepima prodaju njihovih proizvoda.<\/p>\n\n\n\n<p>Godine 1955. Zavod dobiva ime po svom osniva\u010du Vinku Beku te se zove&nbsp;<strong>Zavod za odgoj slijepe djece \u201eVinko Bek\u201c.&nbsp;<\/strong>A 1977. Zavod mijenja ime u&nbsp;<strong>Centar za odgoj i obrazovanje \u201eVinko Bek\u201c<\/strong>&nbsp;kako se i danas zove.<\/p>\n\n\n\n<h4 class=\"wp-block-heading\">Je li Lyndon Johnson znao za Bekova postignu\u0107a?<\/h4>\n\n\n\n<p><strong>Dan bijeloga \u0161tapa obilje\u017eava se svakoga 15. listopada od 1964.<\/strong>&nbsp;Odredbu je donio Lyndon Johnson, tada\u0161nji predsjednik Sjedinjenih Ameri\u010dkih Dr\u017eava. U Republici Hrvatskoj taj se dan obilje\u017eava od 15. listopada 1996. kada je taj dan prerastao u&nbsp;<strong>Me\u0111unarodni dan slijepih<\/strong>&nbsp;kada se razli\u010ditim doga\u0111anjima podsje\u0107a na slijepe i slabovidne osobe u na\u0161em dru\u0161tvu na tragu onoga \u0161to je \u010dinio Vinko Bek koji je marljivo\u0161\u0107u i uporno\u0161\u0107u proturje\u010dio predrasudama o slijepim osobama.<\/p>\n\n\n\n<p><strong>Vinko Bek umro je 15. listopada 1935.<\/strong>&nbsp;Sahranjen je na zagreba\u010dkom groblju Mirogoj. Epitaf \u201eTaj u\u010ditelj \u0161to Vinko Bek se zvao \/ u tamu slijepih unese vedrinu \/ on pismenost i znanje im je dao \/ podario im ljudskosti toplinu \/ za tu dobrotu slijepi hvalu zbore \/ dok \u017eivotnom im snagom bi\u0107a gore\u201c napisao je slijepi pjesnik, esejist i nagra\u0111ivani prevoditelj Sead Muhamedagi\u0107. Njegovo ime nosi zagreba\u010dka ulica te je prigodom 100. obljetnice Zavoda za odgoj i obrazovanje slijepe djece izdana prigodna omotnica prvoga dana i po\u0161tanska marka. Njegove su knjige, te privatna zbirka pomagala kojima se koristio u obrazovanju i promoviranju po\u010detak osnivanja muzeja iz kojega \u0107e 1953. nastati Tiflolo\u0161kog muzej.<\/p>\n\n\n\n<p>Budu\u0107i da je stru\u010dna literatura, osobito o privatnom \u017eivotu, o Vinku Beku oskudna, pomalo odu\u0161evljava \u010dinjenica da je dan njegove smrti 39 godina nakon njegove smrti progla\u0161en Danom bijeloga \u0161tapa i to na drugom kraju svijeta.<\/p>\n\n\n\n<p><em>Izvor: narod.hr<\/em><\/p>\n","protected":false},"excerpt":{"rendered":"<p>Vinko Bek prvi je u Hrvatskoj organizirao osposobljavanje slijepih. Razvio je sustavnu kampanju zagovaranja rehabilitacije slijepih te njihovo uklju\u010divanje u dru\u0161tvo koje nije pokazivalo razumijevanje&nbsp; za probleme slijepih. Objavljivao je knjige i \u010dlanke, dr\u017eao predavanja, pokazivao rad sa slijepima, prilagodio Brailleovo pismo hrvatskome jeziku, napisao po\u010detnicu i na kraju uspio osnovati Zavod za slijepu djecu. [&hellip;]<\/p>\n","protected":false},"author":2,"featured_media":76210,"comment_status":"closed","ping_status":"closed","sticky":false,"template":"","format":"standard","meta":{"h5ap_radio_sources":[],"footnotes":""},"categories":[1],"tags":[],"class_list":["post-76209","post","type-post","status-publish","format-standard","has-post-thumbnail","hentry","category-bihiregija"],"yoast_head":"<!-- This site is optimized with the Yoast SEO plugin v27.4 - https:\/\/yoast.com\/product\/yoast-seo-wordpress\/ -->\n<title>15. listopada 1935. preminuo Vinko Bek \u2013 prvi hrvatski tiflopedagog - RADIO LJUBU\u0160KI<\/title>\n<meta name=\"robots\" content=\"index, follow, max-snippet:-1, max-image-preview:large, max-video-preview:-1\" \/>\n<link rel=\"canonical\" href=\"https:\/\/radioljubuski.ba\/index.php\/2021\/10\/15\/15-listopada-1935-preminuo-vinko-bek-prvi-hrvatski-tiflopedagog\/\" \/>\n<meta property=\"og:locale\" content=\"hr_HR\" \/>\n<meta property=\"og:type\" content=\"article\" \/>\n<meta property=\"og:title\" content=\"15. listopada 1935. preminuo Vinko Bek \u2013 prvi hrvatski tiflopedagog - RADIO LJUBU\u0160KI\" \/>\n<meta property=\"og:description\" content=\"Vinko Bek prvi je u Hrvatskoj organizirao osposobljavanje slijepih. Razvio je sustavnu kampanju zagovaranja rehabilitacije slijepih te njihovo uklju\u010divanje u dru\u0161tvo koje nije pokazivalo razumijevanje&nbsp; za probleme slijepih. Objavljivao je knjige i \u010dlanke, dr\u017eao predavanja, pokazivao rad sa slijepima, prilagodio Brailleovo pismo hrvatskome jeziku, napisao po\u010detnicu i na kraju uspio osnovati Zavod za slijepu djecu. [&hellip;]\" \/>\n<meta property=\"og:url\" content=\"https:\/\/radioljubuski.ba\/index.php\/2021\/10\/15\/15-listopada-1935-preminuo-vinko-bek-prvi-hrvatski-tiflopedagog\/\" \/>\n<meta property=\"og:site_name\" content=\"RADIO LJUBU\u0160KI\" \/>\n<meta property=\"article:publisher\" content=\"https:\/\/www.facebook.com\/Radiio-Ljubuski-1490835324566332\" \/>\n<meta property=\"article:published_time\" content=\"2021-10-15T21:53:08+00:00\" \/>\n<meta property=\"article:modified_time\" content=\"2021-10-15T21:53:09+00:00\" \/>\n<meta property=\"og:image\" content=\"https:\/\/radioljubuski.ba\/wp-content\/uploads\/2021\/10\/bek-braille-696x464-1.jpg\" \/>\n\t<meta property=\"og:image:width\" content=\"696\" \/>\n\t<meta property=\"og:image:height\" content=\"464\" \/>\n\t<meta property=\"og:image:type\" content=\"image\/jpeg\" \/>\n<meta name=\"author\" content=\"Radio Ljubu\u0161ki\" \/>\n<meta name=\"twitter:card\" content=\"summary_large_image\" \/>\n<meta name=\"twitter:creator\" content=\"@radioljubuski\" \/>\n<meta name=\"twitter:site\" content=\"@radioljubuski\" \/>\n<meta name=\"twitter:label1\" content=\"Napisao\/la\" \/>\n\t<meta name=\"twitter:data1\" content=\"Radio Ljubu\u0161ki\" \/>\n\t<meta name=\"twitter:label2\" content=\"Procijenjeno vrijeme \u010ditanja\" \/>\n\t<meta name=\"twitter:data2\" content=\"7 minuta\" \/>\n<script type=\"application\/ld+json\" class=\"yoast-schema-graph\">{\"@context\":\"https:\\\/\\\/schema.org\",\"@graph\":[{\"@type\":\"Article\",\"@id\":\"https:\\\/\\\/radioljubuski.ba\\\/index.php\\\/2021\\\/10\\\/15\\\/15-listopada-1935-preminuo-vinko-bek-prvi-hrvatski-tiflopedagog\\\/#article\",\"isPartOf\":{\"@id\":\"https:\\\/\\\/radioljubuski.ba\\\/index.php\\\/2021\\\/10\\\/15\\\/15-listopada-1935-preminuo-vinko-bek-prvi-hrvatski-tiflopedagog\\\/\"},\"author\":{\"name\":\"Radio Ljubu\u0161ki\",\"@id\":\"https:\\\/\\\/radioljubuski.ba\\\/#\\\/schema\\\/person\\\/19fc700381a780f69665d7956c469e3b\"},\"headline\":\"15. listopada 1935. preminuo Vinko Bek \u2013 prvi hrvatski tiflopedagog\",\"datePublished\":\"2021-10-15T21:53:08+00:00\",\"dateModified\":\"2021-10-15T21:53:09+00:00\",\"mainEntityOfPage\":{\"@id\":\"https:\\\/\\\/radioljubuski.ba\\\/index.php\\\/2021\\\/10\\\/15\\\/15-listopada-1935-preminuo-vinko-bek-prvi-hrvatski-tiflopedagog\\\/\"},\"wordCount\":1721,\"publisher\":{\"@id\":\"https:\\\/\\\/radioljubuski.ba\\\/#organization\"},\"image\":{\"@id\":\"https:\\\/\\\/radioljubuski.ba\\\/index.php\\\/2021\\\/10\\\/15\\\/15-listopada-1935-preminuo-vinko-bek-prvi-hrvatski-tiflopedagog\\\/#primaryimage\"},\"thumbnailUrl\":\"https:\\\/\\\/radioljubuski.ba\\\/wp-content\\\/uploads\\\/2021\\\/10\\\/bek-braille-696x464-1.jpg\",\"articleSection\":[\"BIH i regija\"],\"inLanguage\":\"hr\"},{\"@type\":\"WebPage\",\"@id\":\"https:\\\/\\\/radioljubuski.ba\\\/index.php\\\/2021\\\/10\\\/15\\\/15-listopada-1935-preminuo-vinko-bek-prvi-hrvatski-tiflopedagog\\\/\",\"url\":\"https:\\\/\\\/radioljubuski.ba\\\/index.php\\\/2021\\\/10\\\/15\\\/15-listopada-1935-preminuo-vinko-bek-prvi-hrvatski-tiflopedagog\\\/\",\"name\":\"15. listopada 1935. preminuo Vinko Bek \u2013 prvi hrvatski tiflopedagog - RADIO LJUBU\u0160KI\",\"isPartOf\":{\"@id\":\"https:\\\/\\\/radioljubuski.ba\\\/#website\"},\"primaryImageOfPage\":{\"@id\":\"https:\\\/\\\/radioljubuski.ba\\\/index.php\\\/2021\\\/10\\\/15\\\/15-listopada-1935-preminuo-vinko-bek-prvi-hrvatski-tiflopedagog\\\/#primaryimage\"},\"image\":{\"@id\":\"https:\\\/\\\/radioljubuski.ba\\\/index.php\\\/2021\\\/10\\\/15\\\/15-listopada-1935-preminuo-vinko-bek-prvi-hrvatski-tiflopedagog\\\/#primaryimage\"},\"thumbnailUrl\":\"https:\\\/\\\/radioljubuski.ba\\\/wp-content\\\/uploads\\\/2021\\\/10\\\/bek-braille-696x464-1.jpg\",\"datePublished\":\"2021-10-15T21:53:08+00:00\",\"dateModified\":\"2021-10-15T21:53:09+00:00\",\"breadcrumb\":{\"@id\":\"https:\\\/\\\/radioljubuski.ba\\\/index.php\\\/2021\\\/10\\\/15\\\/15-listopada-1935-preminuo-vinko-bek-prvi-hrvatski-tiflopedagog\\\/#breadcrumb\"},\"inLanguage\":\"hr\",\"potentialAction\":[{\"@type\":\"ReadAction\",\"target\":[\"https:\\\/\\\/radioljubuski.ba\\\/index.php\\\/2021\\\/10\\\/15\\\/15-listopada-1935-preminuo-vinko-bek-prvi-hrvatski-tiflopedagog\\\/\"]}]},{\"@type\":\"ImageObject\",\"inLanguage\":\"hr\",\"@id\":\"https:\\\/\\\/radioljubuski.ba\\\/index.php\\\/2021\\\/10\\\/15\\\/15-listopada-1935-preminuo-vinko-bek-prvi-hrvatski-tiflopedagog\\\/#primaryimage\",\"url\":\"https:\\\/\\\/radioljubuski.ba\\\/wp-content\\\/uploads\\\/2021\\\/10\\\/bek-braille-696x464-1.jpg\",\"contentUrl\":\"https:\\\/\\\/radioljubuski.ba\\\/wp-content\\\/uploads\\\/2021\\\/10\\\/bek-braille-696x464-1.jpg\",\"width\":696,\"height\":464},{\"@type\":\"BreadcrumbList\",\"@id\":\"https:\\\/\\\/radioljubuski.ba\\\/index.php\\\/2021\\\/10\\\/15\\\/15-listopada-1935-preminuo-vinko-bek-prvi-hrvatski-tiflopedagog\\\/#breadcrumb\",\"itemListElement\":[{\"@type\":\"ListItem\",\"position\":1,\"name\":\"Po\u010detna stranica\",\"item\":\"https:\\\/\\\/radioljubuski.ba\\\/\"},{\"@type\":\"ListItem\",\"position\":2,\"name\":\"15. listopada 1935. preminuo Vinko Bek \u2013 prvi hrvatski tiflopedagog\"}]},{\"@type\":\"WebSite\",\"@id\":\"https:\\\/\\\/radioljubuski.ba\\\/#website\",\"url\":\"https:\\\/\\\/radioljubuski.ba\\\/\",\"name\":\"Radio Ljubu\u0161ki\",\"description\":\"Sun\u010dana frekvencija Hercegovine\",\"publisher\":{\"@id\":\"https:\\\/\\\/radioljubuski.ba\\\/#organization\"},\"potentialAction\":[{\"@type\":\"SearchAction\",\"target\":{\"@type\":\"EntryPoint\",\"urlTemplate\":\"https:\\\/\\\/radioljubuski.ba\\\/?s={search_term_string}\"},\"query-input\":{\"@type\":\"PropertyValueSpecification\",\"valueRequired\":true,\"valueName\":\"search_term_string\"}}],\"inLanguage\":\"hr\"},{\"@type\":\"Organization\",\"@id\":\"https:\\\/\\\/radioljubuski.ba\\\/#organization\",\"name\":\"Radio Ljubu\u0161ki\",\"url\":\"https:\\\/\\\/radioljubuski.ba\\\/\",\"logo\":{\"@type\":\"ImageObject\",\"inLanguage\":\"hr\",\"@id\":\"https:\\\/\\\/radioljubuski.ba\\\/#\\\/schema\\\/logo\\\/image\\\/\",\"url\":\"https:\\\/\\\/radioljubuski.ba\\\/wp-content\\\/uploads\\\/2021\\\/02\\\/cropped-Radio_Ljubuski_logo1.jpg\",\"contentUrl\":\"https:\\\/\\\/radioljubuski.ba\\\/wp-content\\\/uploads\\\/2021\\\/02\\\/cropped-Radio_Ljubuski_logo1.jpg\",\"width\":512,\"height\":512,\"caption\":\"Radio Ljubu\u0161ki\"},\"image\":{\"@id\":\"https:\\\/\\\/radioljubuski.ba\\\/#\\\/schema\\\/logo\\\/image\\\/\"},\"sameAs\":[\"https:\\\/\\\/www.facebook.com\\\/Radiio-Ljubuski-1490835324566332\",\"https:\\\/\\\/x.com\\\/radioljubuski\",\"https:\\\/\\\/hr.linkedin.com\\\/company\\\/radio-ljubuski\",\"https:\\\/\\\/www.youtube.com\\\/channel\\\/UCHYaeO_n0Db3tjNGudGpXyw\"]},{\"@type\":\"Person\",\"@id\":\"https:\\\/\\\/radioljubuski.ba\\\/#\\\/schema\\\/person\\\/19fc700381a780f69665d7956c469e3b\",\"name\":\"Radio Ljubu\u0161ki\"}]}<\/script>\n<!-- \/ Yoast SEO plugin. -->","yoast_head_json":{"title":"15. listopada 1935. preminuo Vinko Bek \u2013 prvi hrvatski tiflopedagog - RADIO LJUBU\u0160KI","robots":{"index":"index","follow":"follow","max-snippet":"max-snippet:-1","max-image-preview":"max-image-preview:large","max-video-preview":"max-video-preview:-1"},"canonical":"https:\/\/radioljubuski.ba\/index.php\/2021\/10\/15\/15-listopada-1935-preminuo-vinko-bek-prvi-hrvatski-tiflopedagog\/","og_locale":"hr_HR","og_type":"article","og_title":"15. listopada 1935. preminuo Vinko Bek \u2013 prvi hrvatski tiflopedagog - RADIO LJUBU\u0160KI","og_description":"Vinko Bek prvi je u Hrvatskoj organizirao osposobljavanje slijepih. Razvio je sustavnu kampanju zagovaranja rehabilitacije slijepih te njihovo uklju\u010divanje u dru\u0161tvo koje nije pokazivalo razumijevanje&nbsp; za probleme slijepih. Objavljivao je knjige i \u010dlanke, dr\u017eao predavanja, pokazivao rad sa slijepima, prilagodio Brailleovo pismo hrvatskome jeziku, napisao po\u010detnicu i na kraju uspio osnovati Zavod za slijepu djecu. [&hellip;]","og_url":"https:\/\/radioljubuski.ba\/index.php\/2021\/10\/15\/15-listopada-1935-preminuo-vinko-bek-prvi-hrvatski-tiflopedagog\/","og_site_name":"RADIO LJUBU\u0160KI","article_publisher":"https:\/\/www.facebook.com\/Radiio-Ljubuski-1490835324566332","article_published_time":"2021-10-15T21:53:08+00:00","article_modified_time":"2021-10-15T21:53:09+00:00","og_image":[{"width":696,"height":464,"url":"https:\/\/radioljubuski.ba\/wp-content\/uploads\/2021\/10\/bek-braille-696x464-1.jpg","type":"image\/jpeg"}],"author":"Radio Ljubu\u0161ki","twitter_card":"summary_large_image","twitter_creator":"@radioljubuski","twitter_site":"@radioljubuski","twitter_misc":{"Napisao\/la":"Radio Ljubu\u0161ki","Procijenjeno vrijeme \u010ditanja":"7 minuta"},"schema":{"@context":"https:\/\/schema.org","@graph":[{"@type":"Article","@id":"https:\/\/radioljubuski.ba\/index.php\/2021\/10\/15\/15-listopada-1935-preminuo-vinko-bek-prvi-hrvatski-tiflopedagog\/#article","isPartOf":{"@id":"https:\/\/radioljubuski.ba\/index.php\/2021\/10\/15\/15-listopada-1935-preminuo-vinko-bek-prvi-hrvatski-tiflopedagog\/"},"author":{"name":"Radio Ljubu\u0161ki","@id":"https:\/\/radioljubuski.ba\/#\/schema\/person\/19fc700381a780f69665d7956c469e3b"},"headline":"15. listopada 1935. preminuo Vinko Bek \u2013 prvi hrvatski tiflopedagog","datePublished":"2021-10-15T21:53:08+00:00","dateModified":"2021-10-15T21:53:09+00:00","mainEntityOfPage":{"@id":"https:\/\/radioljubuski.ba\/index.php\/2021\/10\/15\/15-listopada-1935-preminuo-vinko-bek-prvi-hrvatski-tiflopedagog\/"},"wordCount":1721,"publisher":{"@id":"https:\/\/radioljubuski.ba\/#organization"},"image":{"@id":"https:\/\/radioljubuski.ba\/index.php\/2021\/10\/15\/15-listopada-1935-preminuo-vinko-bek-prvi-hrvatski-tiflopedagog\/#primaryimage"},"thumbnailUrl":"https:\/\/radioljubuski.ba\/wp-content\/uploads\/2021\/10\/bek-braille-696x464-1.jpg","articleSection":["BIH i regija"],"inLanguage":"hr"},{"@type":"WebPage","@id":"https:\/\/radioljubuski.ba\/index.php\/2021\/10\/15\/15-listopada-1935-preminuo-vinko-bek-prvi-hrvatski-tiflopedagog\/","url":"https:\/\/radioljubuski.ba\/index.php\/2021\/10\/15\/15-listopada-1935-preminuo-vinko-bek-prvi-hrvatski-tiflopedagog\/","name":"15. listopada 1935. preminuo Vinko Bek \u2013 prvi hrvatski tiflopedagog - RADIO LJUBU\u0160KI","isPartOf":{"@id":"https:\/\/radioljubuski.ba\/#website"},"primaryImageOfPage":{"@id":"https:\/\/radioljubuski.ba\/index.php\/2021\/10\/15\/15-listopada-1935-preminuo-vinko-bek-prvi-hrvatski-tiflopedagog\/#primaryimage"},"image":{"@id":"https:\/\/radioljubuski.ba\/index.php\/2021\/10\/15\/15-listopada-1935-preminuo-vinko-bek-prvi-hrvatski-tiflopedagog\/#primaryimage"},"thumbnailUrl":"https:\/\/radioljubuski.ba\/wp-content\/uploads\/2021\/10\/bek-braille-696x464-1.jpg","datePublished":"2021-10-15T21:53:08+00:00","dateModified":"2021-10-15T21:53:09+00:00","breadcrumb":{"@id":"https:\/\/radioljubuski.ba\/index.php\/2021\/10\/15\/15-listopada-1935-preminuo-vinko-bek-prvi-hrvatski-tiflopedagog\/#breadcrumb"},"inLanguage":"hr","potentialAction":[{"@type":"ReadAction","target":["https:\/\/radioljubuski.ba\/index.php\/2021\/10\/15\/15-listopada-1935-preminuo-vinko-bek-prvi-hrvatski-tiflopedagog\/"]}]},{"@type":"ImageObject","inLanguage":"hr","@id":"https:\/\/radioljubuski.ba\/index.php\/2021\/10\/15\/15-listopada-1935-preminuo-vinko-bek-prvi-hrvatski-tiflopedagog\/#primaryimage","url":"https:\/\/radioljubuski.ba\/wp-content\/uploads\/2021\/10\/bek-braille-696x464-1.jpg","contentUrl":"https:\/\/radioljubuski.ba\/wp-content\/uploads\/2021\/10\/bek-braille-696x464-1.jpg","width":696,"height":464},{"@type":"BreadcrumbList","@id":"https:\/\/radioljubuski.ba\/index.php\/2021\/10\/15\/15-listopada-1935-preminuo-vinko-bek-prvi-hrvatski-tiflopedagog\/#breadcrumb","itemListElement":[{"@type":"ListItem","position":1,"name":"Po\u010detna stranica","item":"https:\/\/radioljubuski.ba\/"},{"@type":"ListItem","position":2,"name":"15. listopada 1935. preminuo Vinko Bek \u2013 prvi hrvatski tiflopedagog"}]},{"@type":"WebSite","@id":"https:\/\/radioljubuski.ba\/#website","url":"https:\/\/radioljubuski.ba\/","name":"Radio Ljubu\u0161ki","description":"Sun\u010dana frekvencija Hercegovine","publisher":{"@id":"https:\/\/radioljubuski.ba\/#organization"},"potentialAction":[{"@type":"SearchAction","target":{"@type":"EntryPoint","urlTemplate":"https:\/\/radioljubuski.ba\/?s={search_term_string}"},"query-input":{"@type":"PropertyValueSpecification","valueRequired":true,"valueName":"search_term_string"}}],"inLanguage":"hr"},{"@type":"Organization","@id":"https:\/\/radioljubuski.ba\/#organization","name":"Radio Ljubu\u0161ki","url":"https:\/\/radioljubuski.ba\/","logo":{"@type":"ImageObject","inLanguage":"hr","@id":"https:\/\/radioljubuski.ba\/#\/schema\/logo\/image\/","url":"https:\/\/radioljubuski.ba\/wp-content\/uploads\/2021\/02\/cropped-Radio_Ljubuski_logo1.jpg","contentUrl":"https:\/\/radioljubuski.ba\/wp-content\/uploads\/2021\/02\/cropped-Radio_Ljubuski_logo1.jpg","width":512,"height":512,"caption":"Radio Ljubu\u0161ki"},"image":{"@id":"https:\/\/radioljubuski.ba\/#\/schema\/logo\/image\/"},"sameAs":["https:\/\/www.facebook.com\/Radiio-Ljubuski-1490835324566332","https:\/\/x.com\/radioljubuski","https:\/\/hr.linkedin.com\/company\/radio-ljubuski","https:\/\/www.youtube.com\/channel\/UCHYaeO_n0Db3tjNGudGpXyw"]},{"@type":"Person","@id":"https:\/\/radioljubuski.ba\/#\/schema\/person\/19fc700381a780f69665d7956c469e3b","name":"Radio Ljubu\u0161ki"}]}},"_links":{"self":[{"href":"https:\/\/radioljubuski.ba\/index.php\/wp-json\/wp\/v2\/posts\/76209","targetHints":{"allow":["GET"]}}],"collection":[{"href":"https:\/\/radioljubuski.ba\/index.php\/wp-json\/wp\/v2\/posts"}],"about":[{"href":"https:\/\/radioljubuski.ba\/index.php\/wp-json\/wp\/v2\/types\/post"}],"author":[{"embeddable":true,"href":"https:\/\/radioljubuski.ba\/index.php\/wp-json\/wp\/v2\/users\/2"}],"replies":[{"embeddable":true,"href":"https:\/\/radioljubuski.ba\/index.php\/wp-json\/wp\/v2\/comments?post=76209"}],"version-history":[{"count":1,"href":"https:\/\/radioljubuski.ba\/index.php\/wp-json\/wp\/v2\/posts\/76209\/revisions"}],"predecessor-version":[{"id":76211,"href":"https:\/\/radioljubuski.ba\/index.php\/wp-json\/wp\/v2\/posts\/76209\/revisions\/76211"}],"wp:featuredmedia":[{"embeddable":true,"href":"https:\/\/radioljubuski.ba\/index.php\/wp-json\/wp\/v2\/media\/76210"}],"wp:attachment":[{"href":"https:\/\/radioljubuski.ba\/index.php\/wp-json\/wp\/v2\/media?parent=76209"}],"wp:term":[{"taxonomy":"category","embeddable":true,"href":"https:\/\/radioljubuski.ba\/index.php\/wp-json\/wp\/v2\/categories?post=76209"},{"taxonomy":"post_tag","embeddable":true,"href":"https:\/\/radioljubuski.ba\/index.php\/wp-json\/wp\/v2\/tags?post=76209"}],"curies":[{"name":"wp","href":"https:\/\/api.w.org\/{rel}","templated":true}]}}