{"id":76212,"date":"2021-10-15T22:54:18","date_gmt":"2021-10-15T21:54:18","guid":{"rendered":"https:\/\/radioljubuski.ba\/?p=76212"},"modified":"2021-10-15T22:54:19","modified_gmt":"2021-10-15T21:54:19","slug":"korona-u-kbc-rijeka-oboljelo-i-cijepljeno-zdravstveno-osoblje-i-pacijenti","status":"publish","type":"post","link":"https:\/\/radioljubuski.ba\/index.php\/2021\/10\/15\/korona-u-kbc-rijeka-oboljelo-i-cijepljeno-zdravstveno-osoblje-i-pacijenti\/","title":{"rendered":"Korona u KBC Rijeka \u2013 oboljelo i cijepljeno zdravstveno osoblje i pacijenti"},"content":{"rendered":"\n<p><strong>Unato\u010d svim mjerama za\u0161tite bolni\u010dkog sustava od zaraze koronavirusom, zbog \u010dega se od 4. listopada svi koji nisu cijepljeni moraju testirati da bi mogli raditi u bolnici ili se u njoj lije\u010diti, koronavirus poharao je gastroenterologiju rije\u010dkog KBC-a.<\/strong><\/p>\n\n\n\n<p><strong>Nakon spoznaje da cijepljeni zdravstveni djelatnici s COVID potvrdom mogu prenositi zarazu drugim ljudima, ovo je jo\u0161 jedan primjer koji pokazuje \u2018ranjivost sustava\u2019 kada osoba negativna na testu mo\u017ee biti izvor zaraze.<\/strong><\/p>\n\n\n\n<p>Zara\u017eeno je dvije tre\u0107ine pacijenata na tom odjelu, gdje mahom le\u017ee te\u0161ki bolesnici s komorbiditetima, uklju\u010duju\u0107i i pacijente s karcinomom.&nbsp;<strong>Oboljelih ima i me\u0111u medicinskim osobljem, unato\u010d tome \u0161to su svi redom cijepljeni protiv koronavirusa. I ve\u0107ina pacijenata, doznaje se, bila je cijepljena,<\/strong>&nbsp;pi\u0161e&nbsp;<a href=\"https:\/\/www.novilist.hr\/rijeka-regija\/koronavirus-prodro-u-kbc-rijeka\/\">Novi list<\/a>.<\/p>\n\n\n\n<p>Iz uprave KBC-a potvrdili su&nbsp;<a href=\"https:\/\/www.novilist.hr\/rijeka-regija\/koronavirus-prodro-u-kbc-rijeka\/\" target=\"_blank\" rel=\"noreferrer noopener\">Novom listu<\/a>&nbsp;da je zara\u017eeno 19 pacijenata na odjelu,&nbsp;<strong>a virus je, ka\u017eu, stigao s pacijentom koji je bio negativan na testu,<\/strong>&nbsp;ali je zapravo bio zara\u017een i nalazio se u razdoblju inkubacije kad i testiranje mo\u017ee iznevjeriti. U bolnici se, tvrde u upravi, provode visoke mjere opreza,&nbsp;<strong>pa svi pacijenti prije hospitalizacije moraju obaviti PCR test, neovisno o tome jesu li cijepljeni ili ne.<\/strong><\/p>\n\n\n\n<p>\u201cUtvr\u0111eno je da je na Odjelu gastroenterologije 19 pacijenata zara\u017eeno bole\u0161\u0107u covid-19, zbog \u010dega su pravovremeno preseljeni na COVID-odjel uz odgovaraju\u0107u gastroenterolo\u0161ku skrb. Nitko od tih bolesnika za sada nije razvio te\u017ei oblik covid-19\u201d, poru\u010duju iz uprave. Napominju da su svi ti pacijenti prilikom prijema u KBC Rijeka imali negativan PCR test za covid-19.<\/p>\n\n\n\n<p>Na odjelu je u vrijeme prodora koronavirusa bilo ukupno 27 bolesnika, ali je preostalih osam bolesnika, ka\u017eu u bolnici, po izbijanju zaraze bilo negativno na PCR testiranju. Svi oni smje\u0161teni su u izolaciju uz potrebnu njegu i bit \u0107e ponovno testirani prije povratka na odjel.<\/p>\n\n\n\n<p><strong>Svi lije\u010dnici i medicinske sestre na odjelu cijepljeni su protiv koronavirusa, no neki od njih dobili su simptome bolesti i nalaze se na ku\u0107nom lije\u010denju.<\/strong>&nbsp;Po pojavi zaraze, svi na odjelu su hitno testirani, a covid-19 potvr\u0111en je zasad samo kod jedne nemedicinske djelatnice koja ga je ve\u0107 jednom preboljela.<\/p>\n\n\n\n<p>Brzom reakcijom, isti\u010du u KBC-u, uspje\u0161no su sprije\u010dena zna\u010dajnija \u0161irenja infekcije unutar bolnice.<\/p>\n\n\n\n<p><em>Izvor: narod.hr\/N1\/novilist.hr<\/em><\/p>\n","protected":false},"excerpt":{"rendered":"<p>Unato\u010d svim mjerama za\u0161tite bolni\u010dkog sustava od zaraze koronavirusom, zbog \u010dega se od 4. listopada svi koji nisu cijepljeni moraju testirati da bi mogli raditi u bolnici ili se u njoj lije\u010diti, koronavirus poharao je gastroenterologiju rije\u010dkog KBC-a. Nakon spoznaje da cijepljeni zdravstveni djelatnici s COVID potvrdom mogu prenositi zarazu drugim ljudima, ovo je jo\u0161 [&hellip;]<\/p>\n","protected":false},"author":2,"featured_media":76213,"comment_status":"closed","ping_status":"closed","sticky":false,"template":"","format":"standard","meta":{"h5ap_radio_sources":[],"footnotes":""},"categories":[1],"tags":[],"class_list":["post-76212","post","type-post","status-publish","format-standard","has-post-thumbnail","hentry","category-bihiregija"],"yoast_head":"<!-- This site is optimized with the Yoast SEO plugin v27.4 - https:\/\/yoast.com\/product\/yoast-seo-wordpress\/ -->\n<title>Korona u KBC Rijeka \u2013 oboljelo i cijepljeno zdravstveno osoblje i pacijenti - RADIO LJUBU\u0160KI<\/title>\n<meta name=\"robots\" content=\"index, follow, max-snippet:-1, max-image-preview:large, max-video-preview:-1\" \/>\n<link rel=\"canonical\" href=\"https:\/\/radioljubuski.ba\/index.php\/2021\/10\/15\/korona-u-kbc-rijeka-oboljelo-i-cijepljeno-zdravstveno-osoblje-i-pacijenti\/\" \/>\n<meta property=\"og:locale\" content=\"hr_HR\" \/>\n<meta property=\"og:type\" content=\"article\" \/>\n<meta property=\"og:title\" content=\"Korona u KBC Rijeka \u2013 oboljelo i cijepljeno zdravstveno osoblje i pacijenti - RADIO LJUBU\u0160KI\" \/>\n<meta property=\"og:description\" content=\"Unato\u010d svim mjerama za\u0161tite bolni\u010dkog sustava od zaraze koronavirusom, zbog \u010dega se od 4. listopada svi koji nisu cijepljeni moraju testirati da bi mogli raditi u bolnici ili se u njoj lije\u010diti, koronavirus poharao je gastroenterologiju rije\u010dkog KBC-a. Nakon spoznaje da cijepljeni zdravstveni djelatnici s COVID potvrdom mogu prenositi zarazu drugim ljudima, ovo je jo\u0161 [&hellip;]\" \/>\n<meta property=\"og:url\" content=\"https:\/\/radioljubuski.ba\/index.php\/2021\/10\/15\/korona-u-kbc-rijeka-oboljelo-i-cijepljeno-zdravstveno-osoblje-i-pacijenti\/\" \/>\n<meta property=\"og:site_name\" content=\"RADIO LJUBU\u0160KI\" \/>\n<meta property=\"article:publisher\" content=\"https:\/\/www.facebook.com\/Radiio-Ljubuski-1490835324566332\" \/>\n<meta property=\"article:published_time\" content=\"2021-10-15T21:54:18+00:00\" \/>\n<meta property=\"article:modified_time\" content=\"2021-10-15T21:54:19+00:00\" \/>\n<meta property=\"og:image\" content=\"https:\/\/radioljubuski.ba\/wp-content\/uploads\/2021\/10\/HN20201107791624-696x464-1.jpg\" \/>\n\t<meta property=\"og:image:width\" content=\"696\" \/>\n\t<meta property=\"og:image:height\" content=\"464\" \/>\n\t<meta property=\"og:image:type\" content=\"image\/jpeg\" \/>\n<meta name=\"author\" content=\"Radio Ljubu\u0161ki\" \/>\n<meta name=\"twitter:card\" content=\"summary_large_image\" \/>\n<meta name=\"twitter:creator\" content=\"@radioljubuski\" \/>\n<meta name=\"twitter:site\" content=\"@radioljubuski\" \/>\n<meta name=\"twitter:label1\" content=\"Napisao\/la\" \/>\n\t<meta name=\"twitter:data1\" content=\"Radio Ljubu\u0161ki\" \/>\n\t<meta name=\"twitter:label2\" content=\"Procijenjeno vrijeme \u010ditanja\" \/>\n\t<meta name=\"twitter:data2\" content=\"2 minute\" \/>\n<script type=\"application\/ld+json\" class=\"yoast-schema-graph\">{\"@context\":\"https:\\\/\\\/schema.org\",\"@graph\":[{\"@type\":\"Article\",\"@id\":\"https:\\\/\\\/radioljubuski.ba\\\/index.php\\\/2021\\\/10\\\/15\\\/korona-u-kbc-rijeka-oboljelo-i-cijepljeno-zdravstveno-osoblje-i-pacijenti\\\/#article\",\"isPartOf\":{\"@id\":\"https:\\\/\\\/radioljubuski.ba\\\/index.php\\\/2021\\\/10\\\/15\\\/korona-u-kbc-rijeka-oboljelo-i-cijepljeno-zdravstveno-osoblje-i-pacijenti\\\/\"},\"author\":{\"name\":\"Radio Ljubu\u0161ki\",\"@id\":\"https:\\\/\\\/radioljubuski.ba\\\/#\\\/schema\\\/person\\\/19fc700381a780f69665d7956c469e3b\"},\"headline\":\"Korona u KBC Rijeka \u2013 oboljelo i cijepljeno zdravstveno osoblje i pacijenti\",\"datePublished\":\"2021-10-15T21:54:18+00:00\",\"dateModified\":\"2021-10-15T21:54:19+00:00\",\"mainEntityOfPage\":{\"@id\":\"https:\\\/\\\/radioljubuski.ba\\\/index.php\\\/2021\\\/10\\\/15\\\/korona-u-kbc-rijeka-oboljelo-i-cijepljeno-zdravstveno-osoblje-i-pacijenti\\\/\"},\"wordCount\":405,\"publisher\":{\"@id\":\"https:\\\/\\\/radioljubuski.ba\\\/#organization\"},\"image\":{\"@id\":\"https:\\\/\\\/radioljubuski.ba\\\/index.php\\\/2021\\\/10\\\/15\\\/korona-u-kbc-rijeka-oboljelo-i-cijepljeno-zdravstveno-osoblje-i-pacijenti\\\/#primaryimage\"},\"thumbnailUrl\":\"https:\\\/\\\/radioljubuski.ba\\\/wp-content\\\/uploads\\\/2021\\\/10\\\/HN20201107791624-696x464-1.jpg\",\"articleSection\":[\"BIH i regija\"],\"inLanguage\":\"hr\"},{\"@type\":\"WebPage\",\"@id\":\"https:\\\/\\\/radioljubuski.ba\\\/index.php\\\/2021\\\/10\\\/15\\\/korona-u-kbc-rijeka-oboljelo-i-cijepljeno-zdravstveno-osoblje-i-pacijenti\\\/\",\"url\":\"https:\\\/\\\/radioljubuski.ba\\\/index.php\\\/2021\\\/10\\\/15\\\/korona-u-kbc-rijeka-oboljelo-i-cijepljeno-zdravstveno-osoblje-i-pacijenti\\\/\",\"name\":\"Korona u KBC Rijeka \u2013 oboljelo i cijepljeno zdravstveno osoblje i pacijenti - RADIO LJUBU\u0160KI\",\"isPartOf\":{\"@id\":\"https:\\\/\\\/radioljubuski.ba\\\/#website\"},\"primaryImageOfPage\":{\"@id\":\"https:\\\/\\\/radioljubuski.ba\\\/index.php\\\/2021\\\/10\\\/15\\\/korona-u-kbc-rijeka-oboljelo-i-cijepljeno-zdravstveno-osoblje-i-pacijenti\\\/#primaryimage\"},\"image\":{\"@id\":\"https:\\\/\\\/radioljubuski.ba\\\/index.php\\\/2021\\\/10\\\/15\\\/korona-u-kbc-rijeka-oboljelo-i-cijepljeno-zdravstveno-osoblje-i-pacijenti\\\/#primaryimage\"},\"thumbnailUrl\":\"https:\\\/\\\/radioljubuski.ba\\\/wp-content\\\/uploads\\\/2021\\\/10\\\/HN20201107791624-696x464-1.jpg\",\"datePublished\":\"2021-10-15T21:54:18+00:00\",\"dateModified\":\"2021-10-15T21:54:19+00:00\",\"breadcrumb\":{\"@id\":\"https:\\\/\\\/radioljubuski.ba\\\/index.php\\\/2021\\\/10\\\/15\\\/korona-u-kbc-rijeka-oboljelo-i-cijepljeno-zdravstveno-osoblje-i-pacijenti\\\/#breadcrumb\"},\"inLanguage\":\"hr\",\"potentialAction\":[{\"@type\":\"ReadAction\",\"target\":[\"https:\\\/\\\/radioljubuski.ba\\\/index.php\\\/2021\\\/10\\\/15\\\/korona-u-kbc-rijeka-oboljelo-i-cijepljeno-zdravstveno-osoblje-i-pacijenti\\\/\"]}]},{\"@type\":\"ImageObject\",\"inLanguage\":\"hr\",\"@id\":\"https:\\\/\\\/radioljubuski.ba\\\/index.php\\\/2021\\\/10\\\/15\\\/korona-u-kbc-rijeka-oboljelo-i-cijepljeno-zdravstveno-osoblje-i-pacijenti\\\/#primaryimage\",\"url\":\"https:\\\/\\\/radioljubuski.ba\\\/wp-content\\\/uploads\\\/2021\\\/10\\\/HN20201107791624-696x464-1.jpg\",\"contentUrl\":\"https:\\\/\\\/radioljubuski.ba\\\/wp-content\\\/uploads\\\/2021\\\/10\\\/HN20201107791624-696x464-1.jpg\",\"width\":696,\"height\":464},{\"@type\":\"BreadcrumbList\",\"@id\":\"https:\\\/\\\/radioljubuski.ba\\\/index.php\\\/2021\\\/10\\\/15\\\/korona-u-kbc-rijeka-oboljelo-i-cijepljeno-zdravstveno-osoblje-i-pacijenti\\\/#breadcrumb\",\"itemListElement\":[{\"@type\":\"ListItem\",\"position\":1,\"name\":\"Po\u010detna stranica\",\"item\":\"https:\\\/\\\/radioljubuski.ba\\\/\"},{\"@type\":\"ListItem\",\"position\":2,\"name\":\"Korona u KBC Rijeka \u2013 oboljelo i cijepljeno zdravstveno osoblje i pacijenti\"}]},{\"@type\":\"WebSite\",\"@id\":\"https:\\\/\\\/radioljubuski.ba\\\/#website\",\"url\":\"https:\\\/\\\/radioljubuski.ba\\\/\",\"name\":\"Radio Ljubu\u0161ki\",\"description\":\"Sun\u010dana frekvencija Hercegovine\",\"publisher\":{\"@id\":\"https:\\\/\\\/radioljubuski.ba\\\/#organization\"},\"potentialAction\":[{\"@type\":\"SearchAction\",\"target\":{\"@type\":\"EntryPoint\",\"urlTemplate\":\"https:\\\/\\\/radioljubuski.ba\\\/?s={search_term_string}\"},\"query-input\":{\"@type\":\"PropertyValueSpecification\",\"valueRequired\":true,\"valueName\":\"search_term_string\"}}],\"inLanguage\":\"hr\"},{\"@type\":\"Organization\",\"@id\":\"https:\\\/\\\/radioljubuski.ba\\\/#organization\",\"name\":\"Radio Ljubu\u0161ki\",\"url\":\"https:\\\/\\\/radioljubuski.ba\\\/\",\"logo\":{\"@type\":\"ImageObject\",\"inLanguage\":\"hr\",\"@id\":\"https:\\\/\\\/radioljubuski.ba\\\/#\\\/schema\\\/logo\\\/image\\\/\",\"url\":\"https:\\\/\\\/radioljubuski.ba\\\/wp-content\\\/uploads\\\/2021\\\/02\\\/cropped-Radio_Ljubuski_logo1.jpg\",\"contentUrl\":\"https:\\\/\\\/radioljubuski.ba\\\/wp-content\\\/uploads\\\/2021\\\/02\\\/cropped-Radio_Ljubuski_logo1.jpg\",\"width\":512,\"height\":512,\"caption\":\"Radio Ljubu\u0161ki\"},\"image\":{\"@id\":\"https:\\\/\\\/radioljubuski.ba\\\/#\\\/schema\\\/logo\\\/image\\\/\"},\"sameAs\":[\"https:\\\/\\\/www.facebook.com\\\/Radiio-Ljubuski-1490835324566332\",\"https:\\\/\\\/x.com\\\/radioljubuski\",\"https:\\\/\\\/hr.linkedin.com\\\/company\\\/radio-ljubuski\",\"https:\\\/\\\/www.youtube.com\\\/channel\\\/UCHYaeO_n0Db3tjNGudGpXyw\"]},{\"@type\":\"Person\",\"@id\":\"https:\\\/\\\/radioljubuski.ba\\\/#\\\/schema\\\/person\\\/19fc700381a780f69665d7956c469e3b\",\"name\":\"Radio Ljubu\u0161ki\"}]}<\/script>\n<!-- \/ Yoast SEO plugin. -->","yoast_head_json":{"title":"Korona u KBC Rijeka \u2013 oboljelo i cijepljeno zdravstveno osoblje i pacijenti - RADIO LJUBU\u0160KI","robots":{"index":"index","follow":"follow","max-snippet":"max-snippet:-1","max-image-preview":"max-image-preview:large","max-video-preview":"max-video-preview:-1"},"canonical":"https:\/\/radioljubuski.ba\/index.php\/2021\/10\/15\/korona-u-kbc-rijeka-oboljelo-i-cijepljeno-zdravstveno-osoblje-i-pacijenti\/","og_locale":"hr_HR","og_type":"article","og_title":"Korona u KBC Rijeka \u2013 oboljelo i cijepljeno zdravstveno osoblje i pacijenti - RADIO LJUBU\u0160KI","og_description":"Unato\u010d svim mjerama za\u0161tite bolni\u010dkog sustava od zaraze koronavirusom, zbog \u010dega se od 4. listopada svi koji nisu cijepljeni moraju testirati da bi mogli raditi u bolnici ili se u njoj lije\u010diti, koronavirus poharao je gastroenterologiju rije\u010dkog KBC-a. Nakon spoznaje da cijepljeni zdravstveni djelatnici s COVID potvrdom mogu prenositi zarazu drugim ljudima, ovo je jo\u0161 [&hellip;]","og_url":"https:\/\/radioljubuski.ba\/index.php\/2021\/10\/15\/korona-u-kbc-rijeka-oboljelo-i-cijepljeno-zdravstveno-osoblje-i-pacijenti\/","og_site_name":"RADIO LJUBU\u0160KI","article_publisher":"https:\/\/www.facebook.com\/Radiio-Ljubuski-1490835324566332","article_published_time":"2021-10-15T21:54:18+00:00","article_modified_time":"2021-10-15T21:54:19+00:00","og_image":[{"width":696,"height":464,"url":"https:\/\/radioljubuski.ba\/wp-content\/uploads\/2021\/10\/HN20201107791624-696x464-1.jpg","type":"image\/jpeg"}],"author":"Radio Ljubu\u0161ki","twitter_card":"summary_large_image","twitter_creator":"@radioljubuski","twitter_site":"@radioljubuski","twitter_misc":{"Napisao\/la":"Radio Ljubu\u0161ki","Procijenjeno vrijeme \u010ditanja":"2 minute"},"schema":{"@context":"https:\/\/schema.org","@graph":[{"@type":"Article","@id":"https:\/\/radioljubuski.ba\/index.php\/2021\/10\/15\/korona-u-kbc-rijeka-oboljelo-i-cijepljeno-zdravstveno-osoblje-i-pacijenti\/#article","isPartOf":{"@id":"https:\/\/radioljubuski.ba\/index.php\/2021\/10\/15\/korona-u-kbc-rijeka-oboljelo-i-cijepljeno-zdravstveno-osoblje-i-pacijenti\/"},"author":{"name":"Radio Ljubu\u0161ki","@id":"https:\/\/radioljubuski.ba\/#\/schema\/person\/19fc700381a780f69665d7956c469e3b"},"headline":"Korona u KBC Rijeka \u2013 oboljelo i cijepljeno zdravstveno osoblje i pacijenti","datePublished":"2021-10-15T21:54:18+00:00","dateModified":"2021-10-15T21:54:19+00:00","mainEntityOfPage":{"@id":"https:\/\/radioljubuski.ba\/index.php\/2021\/10\/15\/korona-u-kbc-rijeka-oboljelo-i-cijepljeno-zdravstveno-osoblje-i-pacijenti\/"},"wordCount":405,"publisher":{"@id":"https:\/\/radioljubuski.ba\/#organization"},"image":{"@id":"https:\/\/radioljubuski.ba\/index.php\/2021\/10\/15\/korona-u-kbc-rijeka-oboljelo-i-cijepljeno-zdravstveno-osoblje-i-pacijenti\/#primaryimage"},"thumbnailUrl":"https:\/\/radioljubuski.ba\/wp-content\/uploads\/2021\/10\/HN20201107791624-696x464-1.jpg","articleSection":["BIH i regija"],"inLanguage":"hr"},{"@type":"WebPage","@id":"https:\/\/radioljubuski.ba\/index.php\/2021\/10\/15\/korona-u-kbc-rijeka-oboljelo-i-cijepljeno-zdravstveno-osoblje-i-pacijenti\/","url":"https:\/\/radioljubuski.ba\/index.php\/2021\/10\/15\/korona-u-kbc-rijeka-oboljelo-i-cijepljeno-zdravstveno-osoblje-i-pacijenti\/","name":"Korona u KBC Rijeka \u2013 oboljelo i cijepljeno zdravstveno osoblje i pacijenti - RADIO LJUBU\u0160KI","isPartOf":{"@id":"https:\/\/radioljubuski.ba\/#website"},"primaryImageOfPage":{"@id":"https:\/\/radioljubuski.ba\/index.php\/2021\/10\/15\/korona-u-kbc-rijeka-oboljelo-i-cijepljeno-zdravstveno-osoblje-i-pacijenti\/#primaryimage"},"image":{"@id":"https:\/\/radioljubuski.ba\/index.php\/2021\/10\/15\/korona-u-kbc-rijeka-oboljelo-i-cijepljeno-zdravstveno-osoblje-i-pacijenti\/#primaryimage"},"thumbnailUrl":"https:\/\/radioljubuski.ba\/wp-content\/uploads\/2021\/10\/HN20201107791624-696x464-1.jpg","datePublished":"2021-10-15T21:54:18+00:00","dateModified":"2021-10-15T21:54:19+00:00","breadcrumb":{"@id":"https:\/\/radioljubuski.ba\/index.php\/2021\/10\/15\/korona-u-kbc-rijeka-oboljelo-i-cijepljeno-zdravstveno-osoblje-i-pacijenti\/#breadcrumb"},"inLanguage":"hr","potentialAction":[{"@type":"ReadAction","target":["https:\/\/radioljubuski.ba\/index.php\/2021\/10\/15\/korona-u-kbc-rijeka-oboljelo-i-cijepljeno-zdravstveno-osoblje-i-pacijenti\/"]}]},{"@type":"ImageObject","inLanguage":"hr","@id":"https:\/\/radioljubuski.ba\/index.php\/2021\/10\/15\/korona-u-kbc-rijeka-oboljelo-i-cijepljeno-zdravstveno-osoblje-i-pacijenti\/#primaryimage","url":"https:\/\/radioljubuski.ba\/wp-content\/uploads\/2021\/10\/HN20201107791624-696x464-1.jpg","contentUrl":"https:\/\/radioljubuski.ba\/wp-content\/uploads\/2021\/10\/HN20201107791624-696x464-1.jpg","width":696,"height":464},{"@type":"BreadcrumbList","@id":"https:\/\/radioljubuski.ba\/index.php\/2021\/10\/15\/korona-u-kbc-rijeka-oboljelo-i-cijepljeno-zdravstveno-osoblje-i-pacijenti\/#breadcrumb","itemListElement":[{"@type":"ListItem","position":1,"name":"Po\u010detna stranica","item":"https:\/\/radioljubuski.ba\/"},{"@type":"ListItem","position":2,"name":"Korona u KBC Rijeka \u2013 oboljelo i cijepljeno zdravstveno osoblje i pacijenti"}]},{"@type":"WebSite","@id":"https:\/\/radioljubuski.ba\/#website","url":"https:\/\/radioljubuski.ba\/","name":"Radio Ljubu\u0161ki","description":"Sun\u010dana frekvencija Hercegovine","publisher":{"@id":"https:\/\/radioljubuski.ba\/#organization"},"potentialAction":[{"@type":"SearchAction","target":{"@type":"EntryPoint","urlTemplate":"https:\/\/radioljubuski.ba\/?s={search_term_string}"},"query-input":{"@type":"PropertyValueSpecification","valueRequired":true,"valueName":"search_term_string"}}],"inLanguage":"hr"},{"@type":"Organization","@id":"https:\/\/radioljubuski.ba\/#organization","name":"Radio Ljubu\u0161ki","url":"https:\/\/radioljubuski.ba\/","logo":{"@type":"ImageObject","inLanguage":"hr","@id":"https:\/\/radioljubuski.ba\/#\/schema\/logo\/image\/","url":"https:\/\/radioljubuski.ba\/wp-content\/uploads\/2021\/02\/cropped-Radio_Ljubuski_logo1.jpg","contentUrl":"https:\/\/radioljubuski.ba\/wp-content\/uploads\/2021\/02\/cropped-Radio_Ljubuski_logo1.jpg","width":512,"height":512,"caption":"Radio Ljubu\u0161ki"},"image":{"@id":"https:\/\/radioljubuski.ba\/#\/schema\/logo\/image\/"},"sameAs":["https:\/\/www.facebook.com\/Radiio-Ljubuski-1490835324566332","https:\/\/x.com\/radioljubuski","https:\/\/hr.linkedin.com\/company\/radio-ljubuski","https:\/\/www.youtube.com\/channel\/UCHYaeO_n0Db3tjNGudGpXyw"]},{"@type":"Person","@id":"https:\/\/radioljubuski.ba\/#\/schema\/person\/19fc700381a780f69665d7956c469e3b","name":"Radio Ljubu\u0161ki"}]}},"_links":{"self":[{"href":"https:\/\/radioljubuski.ba\/index.php\/wp-json\/wp\/v2\/posts\/76212","targetHints":{"allow":["GET"]}}],"collection":[{"href":"https:\/\/radioljubuski.ba\/index.php\/wp-json\/wp\/v2\/posts"}],"about":[{"href":"https:\/\/radioljubuski.ba\/index.php\/wp-json\/wp\/v2\/types\/post"}],"author":[{"embeddable":true,"href":"https:\/\/radioljubuski.ba\/index.php\/wp-json\/wp\/v2\/users\/2"}],"replies":[{"embeddable":true,"href":"https:\/\/radioljubuski.ba\/index.php\/wp-json\/wp\/v2\/comments?post=76212"}],"version-history":[{"count":1,"href":"https:\/\/radioljubuski.ba\/index.php\/wp-json\/wp\/v2\/posts\/76212\/revisions"}],"predecessor-version":[{"id":76214,"href":"https:\/\/radioljubuski.ba\/index.php\/wp-json\/wp\/v2\/posts\/76212\/revisions\/76214"}],"wp:featuredmedia":[{"embeddable":true,"href":"https:\/\/radioljubuski.ba\/index.php\/wp-json\/wp\/v2\/media\/76213"}],"wp:attachment":[{"href":"https:\/\/radioljubuski.ba\/index.php\/wp-json\/wp\/v2\/media?parent=76212"}],"wp:term":[{"taxonomy":"category","embeddable":true,"href":"https:\/\/radioljubuski.ba\/index.php\/wp-json\/wp\/v2\/categories?post=76212"},{"taxonomy":"post_tag","embeddable":true,"href":"https:\/\/radioljubuski.ba\/index.php\/wp-json\/wp\/v2\/tags?post=76212"}],"curies":[{"name":"wp","href":"https:\/\/api.w.org\/{rel}","templated":true}]}}