{"id":76215,"date":"2021-10-15T22:55:39","date_gmt":"2021-10-15T21:55:39","guid":{"rendered":"https:\/\/radioljubuski.ba\/?p=76215"},"modified":"2021-10-15T22:55:40","modified_gmt":"2021-10-15T21:55:40","slug":"bidenov-plan-cijepljenja-protiv-covid-19-favorizira-prisilu-iznad-uvjeravanja","status":"publish","type":"post","link":"https:\/\/radioljubuski.ba\/index.php\/2021\/10\/15\/bidenov-plan-cijepljenja-protiv-covid-19-favorizira-prisilu-iznad-uvjeravanja\/","title":{"rendered":"Bidenov plan cijepljenja protiv COVID-19 favorizira prisilu iznad uvjeravanja"},"content":{"rendered":"\n<p>\u201cGledajte, mi smo Sjedinjene Ameri\u010dke Dr\u017eave\u201d, rekao je predsjednik Joe Biden, zavr\u0161avaju\u0107i svoj govor i najavljuju\u0107i svoj plan cijepljenja protiv COVID-19 sredinom rujna, donosi&nbsp;<a href=\"https:\/\/www.heritage.org\/public-health\/commentary\/bidens-divisive-covid-19-vaccination-plan-favors-coercion-over-persuasion\">heritage.org<\/a>.<\/p>\n\n\n\n<p>\u201cNe postoji ni\u0161ta, niti jedna jedina stvar, koju ne mo\u017eemo u\u010diniti ako to \u010dinimo zajedno. Dakle, ostanimo zajedno.\u201d<\/p>\n\n\n\n<p>Ti su komentari uslijedili na kraju 26-minutnog govora u \u010detvrtak u kojem je Biden demonizirao gotovo 80 milijuna necijepljenih Amerikanaca. Optu\u017eio ih je da su nanijeli \u201cveliku \u0161tetu\u201d, da su \u201crazboljeli ljude i uzrokovali umiranje ljudi\u201d, te da stoje na putu da se \u201cvrate u normalu\u201d.<\/p>\n\n\n\n<p>\u201cBili smo strpljivi, ali na\u0161em je strpljenju kraj\u201d, mra\u010dno je upozorio Biden.<\/p>\n\n\n\n<p>Toliko o ostajanju zajedno. Predsjednikova razdorna retorika bila je jedna od mnogih o\u010diglednih mana u njegovu govoru koji nije uspio ujediniti Amerikance koji su sve umorniji od neu\u010dinkovitog odgovora administracije na pandemiju..<\/p>\n\n\n\n<p>U nedostatku koherentne strategije s jasno izra\u017eenim ciljevima i mjerama, predsjednik je poslu\u017eio gomilu slabo povezanih prijedloga koji su favorizirali prisilu nad uvjeravanjem, vladine naloge nad osobnim izborom.<\/p>\n\n\n\n<p>\u201cNe radi se o slobodi ili osobnom izboru\u201d, rekao je. Njegov novi plan pokazuje vrlo malo obzira prema bilo \u010demu od toga.<\/p>\n\n\n\n<p>Umjesto toga, uvelike se oslanja na naloge za cijepljenje protiv COVID-19, uklju\u010duju\u0107i \u201chitne\u201d propise Ministarstva rada koji bi privatna poduze\u0107a s vi\u0161e od 100 zaposlenika primorali da od svoje radne snage zahtijevaju cijepljenje ili podvrgavanje tjednim testovima.<\/p>\n\n\n\n<p>Predsjednik je izjavio da ovaj plan ima cilj \u201cza\u0161tititi cijepljene radnike od necijepljenih suradnika\u201d. (Zar cjepiva ne bi trebala \u0161tititi cijepljene ljude?)<\/p>\n\n\n\n<p>Nalozi zasigurno ne\u0107e za\u0161tititi poduze\u0107a s problemima. Poslodavci ve\u0107 ne mogu dobiti dovoljno radnika unato\u010d rekordnih 10,9 milijuna radnih mjesta. Budu\u0107i da 4 milijuna radnika napu\u0161ta posao svakog mjeseca, ovaj bi nalog poslodavcima mogao dodatno ote\u017eati dobivanje radnika koji su im potrebni. To bi moglo pridonijeti dodatnim problemima u lancu opskrbe, nesta\u0161icama i duljim \u010dekanjem, kao i daljnjoj inflaciji goriva.<\/p>\n\n\n\n<p>Nalozi su tako\u0111er proizvoljni. Temelje se isklju\u010divo na veli\u010dini poduze\u0107a. Primjenjuju\u0107i se na poslodavce s vi\u0161e od 100 zaposlenika, \u201chitni\u201d propis ne uzima u obzir radno okru\u017eenje zaposlenika niti rizike prijenosa COVID-19, koji nisu vezani za neto broj zaposlenih.<\/p>\n\n\n\n<p>Nalog pogre\u0161no pretvara poslodavce u vladinu \u201cpoliciju\u201d zbog ove politike.<\/p>\n\n\n\n<p>Suci i odvjetnici rije\u0161it \u0107e ima li Ministarstvo rada zakonska ovla\u0161tenja za provo\u0111enje ovih naloga, ba\u0161 kao \u0161to su to nedavno imali kada je Biden prekora\u010dio svoja ovla\u0161tenja za pro\u0161irenje moratorija na delo\u017eaciju kroz centre za kontrolu i prevenciju bolesti.<\/p>\n\n\n\n<p>No, u kombinaciji s predsjednikovom otrovnom retorikom, nalozi \u0107e vjerojatnije poja\u010dati otpor prema cjepivu protiv COVID-19 nego promijeniti mi\u0161ljenje necijepljenih.<\/p>\n\n\n\n<p>I dok predsjednik necijepljene u politi\u010dkom smislu stavlja u kaste, optu\u017euju\u0107i one koji se protive nalozima da igraju \u201cpolitiku pandemije\u201d, stvarnost je slo\u017eenija.<\/p>\n\n\n\n<p>Mladi, koji su podr\u017eali Bidena ve\u0107inom nego bilo koja druga dobna skupina, nisu poslu\u0161ali njegov poziv na cijepljenje. Manje od polovice mladih od 18 do 24 godine potpuno je imunizirano, a za one u dobi od 25 do 39 godina ta je brojka samo 52%. Stopa novih infekcija me\u0111u mladim odraslim osobama dvostruko je ve\u0107a nego u starijih od 65 godina, od kojih je vi\u0161e od 80% potpuno imunizirano.<\/p>\n\n\n\n<p>Mladi odrasli \u2013 uklju\u010duju\u0107i i one koji nisu cijepljeni \u2013 pomogli su staviti Bidena u Bijelu ku\u0107u. No, umjesto da ih poku\u0161a uvjeriti, predsjednik ih poni\u017eava. On inzistira na tome da se pandemijski odgovor usmjeri u izrazito politi\u010dkom smislu, da se pove\u0107aju podjele, poo\u0161tre stavovi i pokrene kontraproduktivna rasprava o kori\u0161tenju \u201chitnih\u201d propisa kako bi se ugrozilo zaposlenje necijepljenih.<\/p>\n\n\n\n<p>Predsjedniku je potreban novi plan s jasno izra\u017eenim ciljevima koji ne odbacuje slobodu.<\/p>\n\n\n\n<p>Amerikancima bi trebao pru\u017eiti informacije za procjenu rizika i dono\u0161enje najboljih odluka za sebe i svoje obitelji. Trebalo bi osna\u017eiti ljude tako da brze testove kod ku\u0107e u\u010dini pristupa\u010dnijima i univerzalno dostupnima, omogu\u0107uju\u0107i im da rutinski i redovito saznaju svoje stanje u vezi COVID-19 i poduzimaju odgovaraju\u0107e mjere za za\u0161titu drugih.<\/p>\n\n\n\n<p>Tako\u0111er bi trebao reformirati CDC, osiguravaju\u0107i da gra\u0111anima i tvorcima politika osigurava pravovremene i pouzdane podatke. I trebao bi nastojati uvjeriti necijepljene mlade odrasle osobe, a ne zalaziti u politizaciju i podjele. Predsjednikov najnoviji plan za COVID-19, kao i njegov govor, proma\u0161io je cilj. Mora izbaciti ovaj scenarij i krenuti iznova.<\/p>\n\n\n\n<p><em>Izvor: narod.hr\/heritage.org<\/em><\/p>\n","protected":false},"excerpt":{"rendered":"<p>\u201cGledajte, mi smo Sjedinjene Ameri\u010dke Dr\u017eave\u201d, rekao je predsjednik Joe Biden, zavr\u0161avaju\u0107i svoj govor i najavljuju\u0107i svoj plan cijepljenja protiv COVID-19 sredinom rujna, donosi&nbsp;heritage.org. \u201cNe postoji ni\u0161ta, niti jedna jedina stvar, koju ne mo\u017eemo u\u010diniti ako to \u010dinimo zajedno. Dakle, ostanimo zajedno.\u201d Ti su komentari uslijedili na kraju 26-minutnog govora u \u010detvrtak u kojem je [&hellip;]<\/p>\n","protected":false},"author":2,"featured_media":76216,"comment_status":"closed","ping_status":"closed","sticky":false,"template":"","format":"standard","meta":{"h5ap_radio_sources":[],"footnotes":""},"categories":[1],"tags":[],"class_list":["post-76215","post","type-post","status-publish","format-standard","has-post-thumbnail","hentry","category-bihiregija"],"yoast_head":"<!-- This site is optimized with the Yoast SEO plugin v27.4 - https:\/\/yoast.com\/product\/yoast-seo-wordpress\/ -->\n<title>Bidenov plan cijepljenja protiv COVID-19 favorizira prisilu iznad uvjeravanja - RADIO LJUBU\u0160KI<\/title>\n<meta name=\"robots\" content=\"index, follow, max-snippet:-1, max-image-preview:large, max-video-preview:-1\" \/>\n<link rel=\"canonical\" href=\"https:\/\/radioljubuski.ba\/index.php\/2021\/10\/15\/bidenov-plan-cijepljenja-protiv-covid-19-favorizira-prisilu-iznad-uvjeravanja\/\" \/>\n<meta property=\"og:locale\" content=\"hr_HR\" \/>\n<meta property=\"og:type\" content=\"article\" \/>\n<meta property=\"og:title\" content=\"Bidenov plan cijepljenja protiv COVID-19 favorizira prisilu iznad uvjeravanja - RADIO LJUBU\u0160KI\" \/>\n<meta property=\"og:description\" content=\"\u201cGledajte, mi smo Sjedinjene Ameri\u010dke Dr\u017eave\u201d, rekao je predsjednik Joe Biden, zavr\u0161avaju\u0107i svoj govor i najavljuju\u0107i svoj plan cijepljenja protiv COVID-19 sredinom rujna, donosi&nbsp;heritage.org. \u201cNe postoji ni\u0161ta, niti jedna jedina stvar, koju ne mo\u017eemo u\u010diniti ako to \u010dinimo zajedno. Dakle, ostanimo zajedno.\u201d Ti su komentari uslijedili na kraju 26-minutnog govora u \u010detvrtak u kojem je [&hellip;]\" \/>\n<meta property=\"og:url\" content=\"https:\/\/radioljubuski.ba\/index.php\/2021\/10\/15\/bidenov-plan-cijepljenja-protiv-covid-19-favorizira-prisilu-iznad-uvjeravanja\/\" \/>\n<meta property=\"og:site_name\" content=\"RADIO LJUBU\u0160KI\" \/>\n<meta property=\"article:publisher\" content=\"https:\/\/www.facebook.com\/Radiio-Ljubuski-1490835324566332\" \/>\n<meta property=\"article:published_time\" content=\"2021-10-15T21:55:39+00:00\" \/>\n<meta property=\"article:modified_time\" content=\"2021-10-15T21:55:40+00:00\" \/>\n<meta property=\"og:image\" content=\"https:\/\/radioljubuski.ba\/wp-content\/uploads\/2021\/10\/HN20210911189823-696x464-1.jpg\" \/>\n\t<meta property=\"og:image:width\" content=\"696\" \/>\n\t<meta property=\"og:image:height\" content=\"464\" \/>\n\t<meta property=\"og:image:type\" content=\"image\/jpeg\" \/>\n<meta name=\"author\" content=\"Radio Ljubu\u0161ki\" \/>\n<meta name=\"twitter:card\" content=\"summary_large_image\" \/>\n<meta name=\"twitter:creator\" content=\"@radioljubuski\" \/>\n<meta name=\"twitter:site\" content=\"@radioljubuski\" \/>\n<meta name=\"twitter:label1\" content=\"Napisao\/la\" \/>\n\t<meta name=\"twitter:data1\" content=\"Radio Ljubu\u0161ki\" \/>\n\t<meta name=\"twitter:label2\" content=\"Procijenjeno vrijeme \u010ditanja\" \/>\n\t<meta name=\"twitter:data2\" content=\"3 minute\" \/>\n<script type=\"application\/ld+json\" class=\"yoast-schema-graph\">{\"@context\":\"https:\\\/\\\/schema.org\",\"@graph\":[{\"@type\":\"Article\",\"@id\":\"https:\\\/\\\/radioljubuski.ba\\\/index.php\\\/2021\\\/10\\\/15\\\/bidenov-plan-cijepljenja-protiv-covid-19-favorizira-prisilu-iznad-uvjeravanja\\\/#article\",\"isPartOf\":{\"@id\":\"https:\\\/\\\/radioljubuski.ba\\\/index.php\\\/2021\\\/10\\\/15\\\/bidenov-plan-cijepljenja-protiv-covid-19-favorizira-prisilu-iznad-uvjeravanja\\\/\"},\"author\":{\"name\":\"Radio Ljubu\u0161ki\",\"@id\":\"https:\\\/\\\/radioljubuski.ba\\\/#\\\/schema\\\/person\\\/19fc700381a780f69665d7956c469e3b\"},\"headline\":\"Bidenov plan cijepljenja protiv COVID-19 favorizira prisilu iznad uvjeravanja\",\"datePublished\":\"2021-10-15T21:55:39+00:00\",\"dateModified\":\"2021-10-15T21:55:40+00:00\",\"mainEntityOfPage\":{\"@id\":\"https:\\\/\\\/radioljubuski.ba\\\/index.php\\\/2021\\\/10\\\/15\\\/bidenov-plan-cijepljenja-protiv-covid-19-favorizira-prisilu-iznad-uvjeravanja\\\/\"},\"wordCount\":757,\"publisher\":{\"@id\":\"https:\\\/\\\/radioljubuski.ba\\\/#organization\"},\"image\":{\"@id\":\"https:\\\/\\\/radioljubuski.ba\\\/index.php\\\/2021\\\/10\\\/15\\\/bidenov-plan-cijepljenja-protiv-covid-19-favorizira-prisilu-iznad-uvjeravanja\\\/#primaryimage\"},\"thumbnailUrl\":\"https:\\\/\\\/radioljubuski.ba\\\/wp-content\\\/uploads\\\/2021\\\/10\\\/HN20210911189823-696x464-1.jpg\",\"articleSection\":[\"BIH i regija\"],\"inLanguage\":\"hr\"},{\"@type\":\"WebPage\",\"@id\":\"https:\\\/\\\/radioljubuski.ba\\\/index.php\\\/2021\\\/10\\\/15\\\/bidenov-plan-cijepljenja-protiv-covid-19-favorizira-prisilu-iznad-uvjeravanja\\\/\",\"url\":\"https:\\\/\\\/radioljubuski.ba\\\/index.php\\\/2021\\\/10\\\/15\\\/bidenov-plan-cijepljenja-protiv-covid-19-favorizira-prisilu-iznad-uvjeravanja\\\/\",\"name\":\"Bidenov plan cijepljenja protiv COVID-19 favorizira prisilu iznad uvjeravanja - RADIO LJUBU\u0160KI\",\"isPartOf\":{\"@id\":\"https:\\\/\\\/radioljubuski.ba\\\/#website\"},\"primaryImageOfPage\":{\"@id\":\"https:\\\/\\\/radioljubuski.ba\\\/index.php\\\/2021\\\/10\\\/15\\\/bidenov-plan-cijepljenja-protiv-covid-19-favorizira-prisilu-iznad-uvjeravanja\\\/#primaryimage\"},\"image\":{\"@id\":\"https:\\\/\\\/radioljubuski.ba\\\/index.php\\\/2021\\\/10\\\/15\\\/bidenov-plan-cijepljenja-protiv-covid-19-favorizira-prisilu-iznad-uvjeravanja\\\/#primaryimage\"},\"thumbnailUrl\":\"https:\\\/\\\/radioljubuski.ba\\\/wp-content\\\/uploads\\\/2021\\\/10\\\/HN20210911189823-696x464-1.jpg\",\"datePublished\":\"2021-10-15T21:55:39+00:00\",\"dateModified\":\"2021-10-15T21:55:40+00:00\",\"breadcrumb\":{\"@id\":\"https:\\\/\\\/radioljubuski.ba\\\/index.php\\\/2021\\\/10\\\/15\\\/bidenov-plan-cijepljenja-protiv-covid-19-favorizira-prisilu-iznad-uvjeravanja\\\/#breadcrumb\"},\"inLanguage\":\"hr\",\"potentialAction\":[{\"@type\":\"ReadAction\",\"target\":[\"https:\\\/\\\/radioljubuski.ba\\\/index.php\\\/2021\\\/10\\\/15\\\/bidenov-plan-cijepljenja-protiv-covid-19-favorizira-prisilu-iznad-uvjeravanja\\\/\"]}]},{\"@type\":\"ImageObject\",\"inLanguage\":\"hr\",\"@id\":\"https:\\\/\\\/radioljubuski.ba\\\/index.php\\\/2021\\\/10\\\/15\\\/bidenov-plan-cijepljenja-protiv-covid-19-favorizira-prisilu-iznad-uvjeravanja\\\/#primaryimage\",\"url\":\"https:\\\/\\\/radioljubuski.ba\\\/wp-content\\\/uploads\\\/2021\\\/10\\\/HN20210911189823-696x464-1.jpg\",\"contentUrl\":\"https:\\\/\\\/radioljubuski.ba\\\/wp-content\\\/uploads\\\/2021\\\/10\\\/HN20210911189823-696x464-1.jpg\",\"width\":696,\"height\":464},{\"@type\":\"BreadcrumbList\",\"@id\":\"https:\\\/\\\/radioljubuski.ba\\\/index.php\\\/2021\\\/10\\\/15\\\/bidenov-plan-cijepljenja-protiv-covid-19-favorizira-prisilu-iznad-uvjeravanja\\\/#breadcrumb\",\"itemListElement\":[{\"@type\":\"ListItem\",\"position\":1,\"name\":\"Po\u010detna stranica\",\"item\":\"https:\\\/\\\/radioljubuski.ba\\\/\"},{\"@type\":\"ListItem\",\"position\":2,\"name\":\"Bidenov plan cijepljenja protiv COVID-19 favorizira prisilu iznad uvjeravanja\"}]},{\"@type\":\"WebSite\",\"@id\":\"https:\\\/\\\/radioljubuski.ba\\\/#website\",\"url\":\"https:\\\/\\\/radioljubuski.ba\\\/\",\"name\":\"Radio Ljubu\u0161ki\",\"description\":\"Sun\u010dana frekvencija Hercegovine\",\"publisher\":{\"@id\":\"https:\\\/\\\/radioljubuski.ba\\\/#organization\"},\"potentialAction\":[{\"@type\":\"SearchAction\",\"target\":{\"@type\":\"EntryPoint\",\"urlTemplate\":\"https:\\\/\\\/radioljubuski.ba\\\/?s={search_term_string}\"},\"query-input\":{\"@type\":\"PropertyValueSpecification\",\"valueRequired\":true,\"valueName\":\"search_term_string\"}}],\"inLanguage\":\"hr\"},{\"@type\":\"Organization\",\"@id\":\"https:\\\/\\\/radioljubuski.ba\\\/#organization\",\"name\":\"Radio Ljubu\u0161ki\",\"url\":\"https:\\\/\\\/radioljubuski.ba\\\/\",\"logo\":{\"@type\":\"ImageObject\",\"inLanguage\":\"hr\",\"@id\":\"https:\\\/\\\/radioljubuski.ba\\\/#\\\/schema\\\/logo\\\/image\\\/\",\"url\":\"https:\\\/\\\/radioljubuski.ba\\\/wp-content\\\/uploads\\\/2021\\\/02\\\/cropped-Radio_Ljubuski_logo1.jpg\",\"contentUrl\":\"https:\\\/\\\/radioljubuski.ba\\\/wp-content\\\/uploads\\\/2021\\\/02\\\/cropped-Radio_Ljubuski_logo1.jpg\",\"width\":512,\"height\":512,\"caption\":\"Radio Ljubu\u0161ki\"},\"image\":{\"@id\":\"https:\\\/\\\/radioljubuski.ba\\\/#\\\/schema\\\/logo\\\/image\\\/\"},\"sameAs\":[\"https:\\\/\\\/www.facebook.com\\\/Radiio-Ljubuski-1490835324566332\",\"https:\\\/\\\/x.com\\\/radioljubuski\",\"https:\\\/\\\/hr.linkedin.com\\\/company\\\/radio-ljubuski\",\"https:\\\/\\\/www.youtube.com\\\/channel\\\/UCHYaeO_n0Db3tjNGudGpXyw\"]},{\"@type\":\"Person\",\"@id\":\"https:\\\/\\\/radioljubuski.ba\\\/#\\\/schema\\\/person\\\/19fc700381a780f69665d7956c469e3b\",\"name\":\"Radio Ljubu\u0161ki\"}]}<\/script>\n<!-- \/ Yoast SEO plugin. -->","yoast_head_json":{"title":"Bidenov plan cijepljenja protiv COVID-19 favorizira prisilu iznad uvjeravanja - RADIO LJUBU\u0160KI","robots":{"index":"index","follow":"follow","max-snippet":"max-snippet:-1","max-image-preview":"max-image-preview:large","max-video-preview":"max-video-preview:-1"},"canonical":"https:\/\/radioljubuski.ba\/index.php\/2021\/10\/15\/bidenov-plan-cijepljenja-protiv-covid-19-favorizira-prisilu-iznad-uvjeravanja\/","og_locale":"hr_HR","og_type":"article","og_title":"Bidenov plan cijepljenja protiv COVID-19 favorizira prisilu iznad uvjeravanja - RADIO LJUBU\u0160KI","og_description":"\u201cGledajte, mi smo Sjedinjene Ameri\u010dke Dr\u017eave\u201d, rekao je predsjednik Joe Biden, zavr\u0161avaju\u0107i svoj govor i najavljuju\u0107i svoj plan cijepljenja protiv COVID-19 sredinom rujna, donosi&nbsp;heritage.org. \u201cNe postoji ni\u0161ta, niti jedna jedina stvar, koju ne mo\u017eemo u\u010diniti ako to \u010dinimo zajedno. Dakle, ostanimo zajedno.\u201d Ti su komentari uslijedili na kraju 26-minutnog govora u \u010detvrtak u kojem je [&hellip;]","og_url":"https:\/\/radioljubuski.ba\/index.php\/2021\/10\/15\/bidenov-plan-cijepljenja-protiv-covid-19-favorizira-prisilu-iznad-uvjeravanja\/","og_site_name":"RADIO LJUBU\u0160KI","article_publisher":"https:\/\/www.facebook.com\/Radiio-Ljubuski-1490835324566332","article_published_time":"2021-10-15T21:55:39+00:00","article_modified_time":"2021-10-15T21:55:40+00:00","og_image":[{"width":696,"height":464,"url":"https:\/\/radioljubuski.ba\/wp-content\/uploads\/2021\/10\/HN20210911189823-696x464-1.jpg","type":"image\/jpeg"}],"author":"Radio Ljubu\u0161ki","twitter_card":"summary_large_image","twitter_creator":"@radioljubuski","twitter_site":"@radioljubuski","twitter_misc":{"Napisao\/la":"Radio Ljubu\u0161ki","Procijenjeno vrijeme \u010ditanja":"3 minute"},"schema":{"@context":"https:\/\/schema.org","@graph":[{"@type":"Article","@id":"https:\/\/radioljubuski.ba\/index.php\/2021\/10\/15\/bidenov-plan-cijepljenja-protiv-covid-19-favorizira-prisilu-iznad-uvjeravanja\/#article","isPartOf":{"@id":"https:\/\/radioljubuski.ba\/index.php\/2021\/10\/15\/bidenov-plan-cijepljenja-protiv-covid-19-favorizira-prisilu-iznad-uvjeravanja\/"},"author":{"name":"Radio Ljubu\u0161ki","@id":"https:\/\/radioljubuski.ba\/#\/schema\/person\/19fc700381a780f69665d7956c469e3b"},"headline":"Bidenov plan cijepljenja protiv COVID-19 favorizira prisilu iznad uvjeravanja","datePublished":"2021-10-15T21:55:39+00:00","dateModified":"2021-10-15T21:55:40+00:00","mainEntityOfPage":{"@id":"https:\/\/radioljubuski.ba\/index.php\/2021\/10\/15\/bidenov-plan-cijepljenja-protiv-covid-19-favorizira-prisilu-iznad-uvjeravanja\/"},"wordCount":757,"publisher":{"@id":"https:\/\/radioljubuski.ba\/#organization"},"image":{"@id":"https:\/\/radioljubuski.ba\/index.php\/2021\/10\/15\/bidenov-plan-cijepljenja-protiv-covid-19-favorizira-prisilu-iznad-uvjeravanja\/#primaryimage"},"thumbnailUrl":"https:\/\/radioljubuski.ba\/wp-content\/uploads\/2021\/10\/HN20210911189823-696x464-1.jpg","articleSection":["BIH i regija"],"inLanguage":"hr"},{"@type":"WebPage","@id":"https:\/\/radioljubuski.ba\/index.php\/2021\/10\/15\/bidenov-plan-cijepljenja-protiv-covid-19-favorizira-prisilu-iznad-uvjeravanja\/","url":"https:\/\/radioljubuski.ba\/index.php\/2021\/10\/15\/bidenov-plan-cijepljenja-protiv-covid-19-favorizira-prisilu-iznad-uvjeravanja\/","name":"Bidenov plan cijepljenja protiv COVID-19 favorizira prisilu iznad uvjeravanja - RADIO LJUBU\u0160KI","isPartOf":{"@id":"https:\/\/radioljubuski.ba\/#website"},"primaryImageOfPage":{"@id":"https:\/\/radioljubuski.ba\/index.php\/2021\/10\/15\/bidenov-plan-cijepljenja-protiv-covid-19-favorizira-prisilu-iznad-uvjeravanja\/#primaryimage"},"image":{"@id":"https:\/\/radioljubuski.ba\/index.php\/2021\/10\/15\/bidenov-plan-cijepljenja-protiv-covid-19-favorizira-prisilu-iznad-uvjeravanja\/#primaryimage"},"thumbnailUrl":"https:\/\/radioljubuski.ba\/wp-content\/uploads\/2021\/10\/HN20210911189823-696x464-1.jpg","datePublished":"2021-10-15T21:55:39+00:00","dateModified":"2021-10-15T21:55:40+00:00","breadcrumb":{"@id":"https:\/\/radioljubuski.ba\/index.php\/2021\/10\/15\/bidenov-plan-cijepljenja-protiv-covid-19-favorizira-prisilu-iznad-uvjeravanja\/#breadcrumb"},"inLanguage":"hr","potentialAction":[{"@type":"ReadAction","target":["https:\/\/radioljubuski.ba\/index.php\/2021\/10\/15\/bidenov-plan-cijepljenja-protiv-covid-19-favorizira-prisilu-iznad-uvjeravanja\/"]}]},{"@type":"ImageObject","inLanguage":"hr","@id":"https:\/\/radioljubuski.ba\/index.php\/2021\/10\/15\/bidenov-plan-cijepljenja-protiv-covid-19-favorizira-prisilu-iznad-uvjeravanja\/#primaryimage","url":"https:\/\/radioljubuski.ba\/wp-content\/uploads\/2021\/10\/HN20210911189823-696x464-1.jpg","contentUrl":"https:\/\/radioljubuski.ba\/wp-content\/uploads\/2021\/10\/HN20210911189823-696x464-1.jpg","width":696,"height":464},{"@type":"BreadcrumbList","@id":"https:\/\/radioljubuski.ba\/index.php\/2021\/10\/15\/bidenov-plan-cijepljenja-protiv-covid-19-favorizira-prisilu-iznad-uvjeravanja\/#breadcrumb","itemListElement":[{"@type":"ListItem","position":1,"name":"Po\u010detna stranica","item":"https:\/\/radioljubuski.ba\/"},{"@type":"ListItem","position":2,"name":"Bidenov plan cijepljenja protiv COVID-19 favorizira prisilu iznad uvjeravanja"}]},{"@type":"WebSite","@id":"https:\/\/radioljubuski.ba\/#website","url":"https:\/\/radioljubuski.ba\/","name":"Radio Ljubu\u0161ki","description":"Sun\u010dana frekvencija Hercegovine","publisher":{"@id":"https:\/\/radioljubuski.ba\/#organization"},"potentialAction":[{"@type":"SearchAction","target":{"@type":"EntryPoint","urlTemplate":"https:\/\/radioljubuski.ba\/?s={search_term_string}"},"query-input":{"@type":"PropertyValueSpecification","valueRequired":true,"valueName":"search_term_string"}}],"inLanguage":"hr"},{"@type":"Organization","@id":"https:\/\/radioljubuski.ba\/#organization","name":"Radio Ljubu\u0161ki","url":"https:\/\/radioljubuski.ba\/","logo":{"@type":"ImageObject","inLanguage":"hr","@id":"https:\/\/radioljubuski.ba\/#\/schema\/logo\/image\/","url":"https:\/\/radioljubuski.ba\/wp-content\/uploads\/2021\/02\/cropped-Radio_Ljubuski_logo1.jpg","contentUrl":"https:\/\/radioljubuski.ba\/wp-content\/uploads\/2021\/02\/cropped-Radio_Ljubuski_logo1.jpg","width":512,"height":512,"caption":"Radio Ljubu\u0161ki"},"image":{"@id":"https:\/\/radioljubuski.ba\/#\/schema\/logo\/image\/"},"sameAs":["https:\/\/www.facebook.com\/Radiio-Ljubuski-1490835324566332","https:\/\/x.com\/radioljubuski","https:\/\/hr.linkedin.com\/company\/radio-ljubuski","https:\/\/www.youtube.com\/channel\/UCHYaeO_n0Db3tjNGudGpXyw"]},{"@type":"Person","@id":"https:\/\/radioljubuski.ba\/#\/schema\/person\/19fc700381a780f69665d7956c469e3b","name":"Radio Ljubu\u0161ki"}]}},"_links":{"self":[{"href":"https:\/\/radioljubuski.ba\/index.php\/wp-json\/wp\/v2\/posts\/76215","targetHints":{"allow":["GET"]}}],"collection":[{"href":"https:\/\/radioljubuski.ba\/index.php\/wp-json\/wp\/v2\/posts"}],"about":[{"href":"https:\/\/radioljubuski.ba\/index.php\/wp-json\/wp\/v2\/types\/post"}],"author":[{"embeddable":true,"href":"https:\/\/radioljubuski.ba\/index.php\/wp-json\/wp\/v2\/users\/2"}],"replies":[{"embeddable":true,"href":"https:\/\/radioljubuski.ba\/index.php\/wp-json\/wp\/v2\/comments?post=76215"}],"version-history":[{"count":1,"href":"https:\/\/radioljubuski.ba\/index.php\/wp-json\/wp\/v2\/posts\/76215\/revisions"}],"predecessor-version":[{"id":76217,"href":"https:\/\/radioljubuski.ba\/index.php\/wp-json\/wp\/v2\/posts\/76215\/revisions\/76217"}],"wp:featuredmedia":[{"embeddable":true,"href":"https:\/\/radioljubuski.ba\/index.php\/wp-json\/wp\/v2\/media\/76216"}],"wp:attachment":[{"href":"https:\/\/radioljubuski.ba\/index.php\/wp-json\/wp\/v2\/media?parent=76215"}],"wp:term":[{"taxonomy":"category","embeddable":true,"href":"https:\/\/radioljubuski.ba\/index.php\/wp-json\/wp\/v2\/categories?post=76215"},{"taxonomy":"post_tag","embeddable":true,"href":"https:\/\/radioljubuski.ba\/index.php\/wp-json\/wp\/v2\/tags?post=76215"}],"curies":[{"name":"wp","href":"https:\/\/api.w.org\/{rel}","templated":true}]}}