{"id":76218,"date":"2021-10-15T22:59:48","date_gmt":"2021-10-15T21:59:48","guid":{"rendered":"https:\/\/radioljubuski.ba\/?p=76218"},"modified":"2021-10-15T22:59:49","modified_gmt":"2021-10-15T21:59:49","slug":"prosvjedi-diljem-italije-nakon-sto-su-covid-potvrde-postale-obvezne-za-radnike","status":"publish","type":"post","link":"https:\/\/radioljubuski.ba\/index.php\/2021\/10\/15\/prosvjedi-diljem-italije-nakon-sto-su-covid-potvrde-postale-obvezne-za-radnike\/","title":{"rendered":"Prosvjedi diljem Italije nakon \u0161to su COVID potvrde postale obvezne za radnike"},"content":{"rendered":"\n<p>U Italiji su izbili masovni prosvjedi jer je zdravstvena propusnica za COVID postala obavezna za sve radnike, donosi&nbsp;<a href=\"https:\/\/www.euronews.com\/2021\/10\/15\/italy-braces-for-protests-as-covid-pass-becomes-mandatory-for-workers\">EuroNews<\/a>.<\/p>\n\n\n\n<p>Za mnoge Talijane \u201czelena propusnica\u201d zna\u010di i zadr\u017eavanje radnog mjesta. Vlast je na prosvjede ostala gluha.<\/p>\n\n\n\n<p>\u201cOsje\u0107am se kao da sam oplja\u010dkana i nemam osnovno ljudsko pravo na rad, a radim od svoje 16. godine\u201d, ka\u017ee Flavia Borella, prodava\u010dica iz Trevisa, navodi&nbsp;<a href=\"https:\/\/vijesti.hrt.hr\/svijet\/u-britaniji-skandal-talijani-prosvjeduju-u-africi-86-posto-zaraza-nezabiljezeno-3201809\" target=\"_blank\" rel=\"noreferrer noopener\">HRT<\/a>.<\/p>\n\n\n\n<p>Radnici&nbsp;<strong>koji nisu cijepljeni<\/strong>&nbsp;sami \u0107e morati pla\u0107ati&nbsp;<strong>15 eura za testiranje, a potrebna su tri tjedno<\/strong>.<\/p>\n\n\n\n<p>Policija je iza\u0161la u punoj pripravnosti, \u0161kole su u petak rano zavr\u0161avale nastavu, a veleposlanstva su izdavala upozorenja o mogu\u0107em nasilju uslijed zabrinutosti da bi prosvjedi protiv cijepljenja mogli postati nasilni, kao \u0161to se dogodilo u Rimu pro\u0161log vikenda.<\/p>\n\n\n\n<p>Za nasilje u glavnom gradu kriva je navodno mala ekstremno desni\u010darska skupina Forza Nuova, za koju stru\u010dnjaci ka\u017eu da se infiltrirala u prosvjede pro\u0161log vikenda.<\/p>\n\n\n\n<p>Novo pravilo zna\u010di da \u0107e zaposlenici morati pokazati propusnicu za ulazak na svoje radno mjesto. Propusnica dokazuje da je osoba cijepljena, da se oporavila od COVID-19 u posljednjih \u0161est mjeseci i da je nedavno na testu bila negativna.<\/p>\n\n\n\n<iframe loading=\"lazy\" title=\"#RomeClashes\u00a0#Rome\u00a0#Italy: Chaos hits Rome streets as anti-COVID pass protesters clash with police\" width=\"640\" height=\"360\" src=\"https:\/\/www.youtube.com\/embed\/45GrCjqPUTw?feature=oembed\" frameborder=\"0\" allow=\"accelerometer; autoplay; clipboard-write; encrypted-media; gyroscope; picture-in-picture; web-share\" referrerpolicy=\"strict-origin-when-cross-origin\" allowfullscreen><\/iframe>\n\n\n\n<p>Zaposlenici i poslodavci riskiraju nov\u010dane kazne ako ih se ne pridr\u017eavaju. Radnici u javnom sektoru mogu biti suspendirani ako se pojave pet puta bez propusnice.<\/p>\n\n\n\n<p>Propusnica je ve\u0107 potrebna u Italiji za ulazak u muzeje, kazali\u0161ta, teretane i zatvorene restorane, kao i za vlakove i autobuse na velike udaljenosti ili doma\u0107e letove.<\/p>\n\n\n\n<p>Vi\u0161e od 85% Talijana starijih od 12 godina primilo je barem jednu dozu, ali ima oko tri milijuna necijepljenih kojima prijeti odbijanje pristupa njihovim radnim mjestima.<\/p>\n\n\n\n<p>\u201cDanas smo pogazili na\u0161 Ustav\u201d, rekao je prosvjednik protiv cjepiva, Loris Mazzarato. \u201cJa ka\u017eem NE ovoj diskriminaciji.\u201d<\/p>\n\n\n\n<iframe loading=\"lazy\" title=\"Protests and blockades greet new Italy Covid rules \u2022 FRANCE 24 English\" width=\"640\" height=\"360\" src=\"https:\/\/www.youtube.com\/embed\/RxzlD86uFk8?feature=oembed\" frameborder=\"0\" allow=\"accelerometer; autoplay; clipboard-write; encrypted-media; gyroscope; picture-in-picture; web-share\" referrerpolicy=\"strict-origin-when-cross-origin\" allowfullscreen><\/iframe>\n\n\n\n<p>Bio je me\u0111u stotinama demonstranata u Trstu, gdje su se odvijali prosvjedi lu\u010dkih radnika koji su odbili pokazati Zelenu propusnicu. Prosvjednici su prijetili da \u0107e utjecati na komercijalne aktivnosti, iako su rani izvje\u0161taji pokazali da je luka i dalje operativna.<\/p>\n\n\n\n<p>Ivano Russo, generalni direktor Confetre, Talijanske op\u0107e konfederacije prometa i logistike, udruge poslodavaca, rekao je za AFP kako od ukupno 900.000 voza\u010da kamiona, kurira i skladi\u0161nih radnika \u201cizme\u0111u 25 i 30 %\u201d nema zdravstvene propusnice.<\/p>\n\n\n\n<blockquote class=\"twitter-tweet\"><p lang=\"en\" dir=\"ltr\">All over Italy, people in their thousands continue to protest against vaccine passports. This huge protest was in Bologna today. But if you watch the mainstream news, you probably didn\u2019t know this was happening. <a href=\"https:\/\/t.co\/AOrjJmFFOd\">pic.twitter.com\/AOrjJmFFOd<\/a><\/p>&mdash; James Melville (@JamesMelville) <a href=\"https:\/\/twitter.com\/JamesMelville\/status\/1449049688766828546?ref_src=twsrc%5Etfw\">October 15, 2021<\/a><\/blockquote> <script async src=\"https:\/\/platform.twitter.com\/widgets.js\" charset=\"utf-8\"><\/script>\n\n\n\n<p>Vlada je ponudila besplatne testove lu\u010dkim radnicima u Trstu, dok se neki operateri terminala u luci Genova morali platiti sami.<\/p>\n\n\n\n<p>\u201cPravi problem sa zelenim propusnicama za luku Genova, i op\u0107enito za sve luke, bit \u0107e cestovni prijevoz\u201d, rekao je Roberto Gulli iz sindikata Uil za novine La Repubblica. \u201cMogao bi nastati kaos.\u201d<\/p>\n\n\n\n<iframe loading=\"lazy\" title=\"Italy: Demonstrators block port in Trieste in protest of COVID Green Pass\" width=\"640\" height=\"360\" src=\"https:\/\/www.youtube.com\/embed\/58yU925SPsA?feature=oembed\" frameborder=\"0\" allow=\"accelerometer; autoplay; clipboard-write; encrypted-media; gyroscope; picture-in-picture; web-share\" referrerpolicy=\"strict-origin-when-cross-origin\" allowfullscreen><\/iframe>\n\n\n\n<p>Vlada premijera Maria Draghija branila je zdravstvenu propusnicu kao na\u010din da se izbjegnu daljnje karantene u Italiji, jednoj od europskih zemalja koja je najte\u017ee pogo\u0111ena pandemijom i koja je dovela do pada njenog BDP-a od 8,9% 2020. godine.<\/p>\n\n\n\n<p>Skeneri koji mogu \u010ditati QR kodove mobilnih telefona sa zelenom propusnicom postavljeni su na ve\u0107im radnim mjestima, poput Draghijeva ureda i sjedi\u0161ta dr\u017eavne \u017eeljezni\u010dke tvrtke Trenitalia.<\/p>\n\n\n\n<p>No, na manjim radnim mjestima, od restorana do teniskih klubova, poslodavci i menad\u017eeri morali su preuzeti aplikaciju koja mo\u017ee skenirati kodove. Iako nije bilo jasno koliko \u0107e Italija strogo provoditi zahtjev, strah od provjere na licu mjesta natjerao je poslodavce da ih ispo\u0161tuju, barem u po\u010detku.<\/p>\n\n\n\n<p>Sankcije za poslodavce koji ne provjere zaposlenike kre\u0107u se od 400 do 1000 eura. Radnik koji ne poka\u017ee zelenu propusnicu na poslu smatra se odsutnim bez opravdanja; ako se radnik ipak pojavi bez valjane zelene propusnice, mogao bi se suo\u010diti s kaznama od 600 do 1500 eura.<\/p>\n\n\n\n<p>A ako su posljednji dani bili ikakav pokazatelj, novouvedeno pravilo je utjecalo na vi\u0161e cijepljenja. Ve\u0107 je 81% populacije starije od 12 godina potpuno cijepljeno, ali broj prvih primljenih doza cjepiva u \u010detvrtak je porastao za 34% u odnosu na po\u010detak tjedna.<\/p>\n\n\n\n<p>U Italiji se samo zdravstveni radnici moraju cijepiti, a u\u010ditelji i djelatnici u \u0161kolstvu morali su imati zelenu potvrdu za rad od 1. rujna.<\/p>\n\n\n\n<iframe loading=\"lazy\" title=\"Huge Protest in Different Italian Cities Aginast Green Pass #VaccineMandates #HealthPass #Italy\" width=\"640\" height=\"360\" src=\"https:\/\/www.youtube.com\/embed\/xYoRN0crDQA?feature=oembed\" frameborder=\"0\" allow=\"accelerometer; autoplay; clipboard-write; encrypted-media; gyroscope; picture-in-picture; web-share\" referrerpolicy=\"strict-origin-when-cross-origin\" allowfullscreen><\/iframe>\n\n\n\n<p><em>Izvor: narod.hr\/ EuroNews<\/em><\/p>\n","protected":false},"excerpt":{"rendered":"<p>U Italiji su izbili masovni prosvjedi jer je zdravstvena propusnica za COVID postala obavezna za sve radnike, donosi&nbsp;EuroNews. Za mnoge Talijane \u201czelena propusnica\u201d zna\u010di i zadr\u017eavanje radnog mjesta. Vlast je na prosvjede ostala gluha. \u201cOsje\u0107am se kao da sam oplja\u010dkana i nemam osnovno ljudsko pravo na rad, a radim od svoje 16. godine\u201d, ka\u017ee Flavia [&hellip;]<\/p>\n","protected":false},"author":2,"featured_media":76219,"comment_status":"closed","ping_status":"closed","sticky":false,"template":"","format":"standard","meta":{"h5ap_radio_sources":[],"footnotes":""},"categories":[1],"tags":[],"class_list":["post-76218","post","type-post","status-publish","format-standard","has-post-thumbnail","hentry","category-bihiregija"],"yoast_head":"<!-- This site is optimized with the Yoast SEO plugin v27.4 - https:\/\/yoast.com\/product\/yoast-seo-wordpress\/ -->\n<title>Prosvjedi diljem Italije nakon \u0161to su COVID potvrde postale obvezne za radnike - RADIO LJUBU\u0160KI<\/title>\n<meta name=\"robots\" content=\"index, follow, max-snippet:-1, max-image-preview:large, max-video-preview:-1\" \/>\n<link rel=\"canonical\" href=\"https:\/\/radioljubuski.ba\/index.php\/2021\/10\/15\/prosvjedi-diljem-italije-nakon-sto-su-covid-potvrde-postale-obvezne-za-radnike\/\" \/>\n<meta property=\"og:locale\" content=\"hr_HR\" \/>\n<meta property=\"og:type\" content=\"article\" \/>\n<meta property=\"og:title\" content=\"Prosvjedi diljem Italije nakon \u0161to su COVID potvrde postale obvezne za radnike - RADIO LJUBU\u0160KI\" \/>\n<meta property=\"og:description\" content=\"U Italiji su izbili masovni prosvjedi jer je zdravstvena propusnica za COVID postala obavezna za sve radnike, donosi&nbsp;EuroNews. Za mnoge Talijane \u201czelena propusnica\u201d zna\u010di i zadr\u017eavanje radnog mjesta. Vlast je na prosvjede ostala gluha. \u201cOsje\u0107am se kao da sam oplja\u010dkana i nemam osnovno ljudsko pravo na rad, a radim od svoje 16. godine\u201d, ka\u017ee Flavia [&hellip;]\" \/>\n<meta property=\"og:url\" content=\"https:\/\/radioljubuski.ba\/index.php\/2021\/10\/15\/prosvjedi-diljem-italije-nakon-sto-su-covid-potvrde-postale-obvezne-za-radnike\/\" \/>\n<meta property=\"og:site_name\" content=\"RADIO LJUBU\u0160KI\" \/>\n<meta property=\"article:publisher\" content=\"https:\/\/www.facebook.com\/Radiio-Ljubuski-1490835324566332\" \/>\n<meta property=\"article:published_time\" content=\"2021-10-15T21:59:48+00:00\" \/>\n<meta property=\"article:modified_time\" content=\"2021-10-15T21:59:49+00:00\" \/>\n<meta property=\"og:image\" content=\"https:\/\/radioljubuski.ba\/wp-content\/uploads\/2021\/10\/HN20211015234072-696x464-1.jpg\" \/>\n\t<meta property=\"og:image:width\" content=\"696\" \/>\n\t<meta property=\"og:image:height\" content=\"464\" \/>\n\t<meta property=\"og:image:type\" content=\"image\/jpeg\" \/>\n<meta name=\"author\" content=\"Radio Ljubu\u0161ki\" \/>\n<meta name=\"twitter:card\" content=\"summary_large_image\" \/>\n<meta name=\"twitter:creator\" content=\"@radioljubuski\" \/>\n<meta name=\"twitter:site\" content=\"@radioljubuski\" \/>\n<meta name=\"twitter:label1\" content=\"Napisao\/la\" \/>\n\t<meta name=\"twitter:data1\" content=\"Radio Ljubu\u0161ki\" \/>\n\t<meta name=\"twitter:label2\" content=\"Procijenjeno vrijeme \u010ditanja\" \/>\n\t<meta name=\"twitter:data2\" content=\"3 minute\" \/>\n<script type=\"application\/ld+json\" class=\"yoast-schema-graph\">{\"@context\":\"https:\\\/\\\/schema.org\",\"@graph\":[{\"@type\":\"Article\",\"@id\":\"https:\\\/\\\/radioljubuski.ba\\\/index.php\\\/2021\\\/10\\\/15\\\/prosvjedi-diljem-italije-nakon-sto-su-covid-potvrde-postale-obvezne-za-radnike\\\/#article\",\"isPartOf\":{\"@id\":\"https:\\\/\\\/radioljubuski.ba\\\/index.php\\\/2021\\\/10\\\/15\\\/prosvjedi-diljem-italije-nakon-sto-su-covid-potvrde-postale-obvezne-za-radnike\\\/\"},\"author\":{\"name\":\"Radio Ljubu\u0161ki\",\"@id\":\"https:\\\/\\\/radioljubuski.ba\\\/#\\\/schema\\\/person\\\/19fc700381a780f69665d7956c469e3b\"},\"headline\":\"Prosvjedi diljem Italije nakon \u0161to su COVID potvrde postale obvezne za radnike\",\"datePublished\":\"2021-10-15T21:59:48+00:00\",\"dateModified\":\"2021-10-15T21:59:49+00:00\",\"mainEntityOfPage\":{\"@id\":\"https:\\\/\\\/radioljubuski.ba\\\/index.php\\\/2021\\\/10\\\/15\\\/prosvjedi-diljem-italije-nakon-sto-su-covid-potvrde-postale-obvezne-za-radnike\\\/\"},\"wordCount\":752,\"publisher\":{\"@id\":\"https:\\\/\\\/radioljubuski.ba\\\/#organization\"},\"image\":{\"@id\":\"https:\\\/\\\/radioljubuski.ba\\\/index.php\\\/2021\\\/10\\\/15\\\/prosvjedi-diljem-italije-nakon-sto-su-covid-potvrde-postale-obvezne-za-radnike\\\/#primaryimage\"},\"thumbnailUrl\":\"https:\\\/\\\/radioljubuski.ba\\\/wp-content\\\/uploads\\\/2021\\\/10\\\/HN20211015234072-696x464-1.jpg\",\"articleSection\":[\"BIH i regija\"],\"inLanguage\":\"hr\"},{\"@type\":\"WebPage\",\"@id\":\"https:\\\/\\\/radioljubuski.ba\\\/index.php\\\/2021\\\/10\\\/15\\\/prosvjedi-diljem-italije-nakon-sto-su-covid-potvrde-postale-obvezne-za-radnike\\\/\",\"url\":\"https:\\\/\\\/radioljubuski.ba\\\/index.php\\\/2021\\\/10\\\/15\\\/prosvjedi-diljem-italije-nakon-sto-su-covid-potvrde-postale-obvezne-za-radnike\\\/\",\"name\":\"Prosvjedi diljem Italije nakon \u0161to su COVID potvrde postale obvezne za radnike - RADIO LJUBU\u0160KI\",\"isPartOf\":{\"@id\":\"https:\\\/\\\/radioljubuski.ba\\\/#website\"},\"primaryImageOfPage\":{\"@id\":\"https:\\\/\\\/radioljubuski.ba\\\/index.php\\\/2021\\\/10\\\/15\\\/prosvjedi-diljem-italije-nakon-sto-su-covid-potvrde-postale-obvezne-za-radnike\\\/#primaryimage\"},\"image\":{\"@id\":\"https:\\\/\\\/radioljubuski.ba\\\/index.php\\\/2021\\\/10\\\/15\\\/prosvjedi-diljem-italije-nakon-sto-su-covid-potvrde-postale-obvezne-za-radnike\\\/#primaryimage\"},\"thumbnailUrl\":\"https:\\\/\\\/radioljubuski.ba\\\/wp-content\\\/uploads\\\/2021\\\/10\\\/HN20211015234072-696x464-1.jpg\",\"datePublished\":\"2021-10-15T21:59:48+00:00\",\"dateModified\":\"2021-10-15T21:59:49+00:00\",\"breadcrumb\":{\"@id\":\"https:\\\/\\\/radioljubuski.ba\\\/index.php\\\/2021\\\/10\\\/15\\\/prosvjedi-diljem-italije-nakon-sto-su-covid-potvrde-postale-obvezne-za-radnike\\\/#breadcrumb\"},\"inLanguage\":\"hr\",\"potentialAction\":[{\"@type\":\"ReadAction\",\"target\":[\"https:\\\/\\\/radioljubuski.ba\\\/index.php\\\/2021\\\/10\\\/15\\\/prosvjedi-diljem-italije-nakon-sto-su-covid-potvrde-postale-obvezne-za-radnike\\\/\"]}]},{\"@type\":\"ImageObject\",\"inLanguage\":\"hr\",\"@id\":\"https:\\\/\\\/radioljubuski.ba\\\/index.php\\\/2021\\\/10\\\/15\\\/prosvjedi-diljem-italije-nakon-sto-su-covid-potvrde-postale-obvezne-za-radnike\\\/#primaryimage\",\"url\":\"https:\\\/\\\/radioljubuski.ba\\\/wp-content\\\/uploads\\\/2021\\\/10\\\/HN20211015234072-696x464-1.jpg\",\"contentUrl\":\"https:\\\/\\\/radioljubuski.ba\\\/wp-content\\\/uploads\\\/2021\\\/10\\\/HN20211015234072-696x464-1.jpg\",\"width\":696,\"height\":464},{\"@type\":\"BreadcrumbList\",\"@id\":\"https:\\\/\\\/radioljubuski.ba\\\/index.php\\\/2021\\\/10\\\/15\\\/prosvjedi-diljem-italije-nakon-sto-su-covid-potvrde-postale-obvezne-za-radnike\\\/#breadcrumb\",\"itemListElement\":[{\"@type\":\"ListItem\",\"position\":1,\"name\":\"Po\u010detna stranica\",\"item\":\"https:\\\/\\\/radioljubuski.ba\\\/\"},{\"@type\":\"ListItem\",\"position\":2,\"name\":\"Prosvjedi diljem Italije nakon \u0161to su COVID potvrde postale obvezne za radnike\"}]},{\"@type\":\"WebSite\",\"@id\":\"https:\\\/\\\/radioljubuski.ba\\\/#website\",\"url\":\"https:\\\/\\\/radioljubuski.ba\\\/\",\"name\":\"Radio Ljubu\u0161ki\",\"description\":\"Sun\u010dana frekvencija Hercegovine\",\"publisher\":{\"@id\":\"https:\\\/\\\/radioljubuski.ba\\\/#organization\"},\"potentialAction\":[{\"@type\":\"SearchAction\",\"target\":{\"@type\":\"EntryPoint\",\"urlTemplate\":\"https:\\\/\\\/radioljubuski.ba\\\/?s={search_term_string}\"},\"query-input\":{\"@type\":\"PropertyValueSpecification\",\"valueRequired\":true,\"valueName\":\"search_term_string\"}}],\"inLanguage\":\"hr\"},{\"@type\":\"Organization\",\"@id\":\"https:\\\/\\\/radioljubuski.ba\\\/#organization\",\"name\":\"Radio Ljubu\u0161ki\",\"url\":\"https:\\\/\\\/radioljubuski.ba\\\/\",\"logo\":{\"@type\":\"ImageObject\",\"inLanguage\":\"hr\",\"@id\":\"https:\\\/\\\/radioljubuski.ba\\\/#\\\/schema\\\/logo\\\/image\\\/\",\"url\":\"https:\\\/\\\/radioljubuski.ba\\\/wp-content\\\/uploads\\\/2021\\\/02\\\/cropped-Radio_Ljubuski_logo1.jpg\",\"contentUrl\":\"https:\\\/\\\/radioljubuski.ba\\\/wp-content\\\/uploads\\\/2021\\\/02\\\/cropped-Radio_Ljubuski_logo1.jpg\",\"width\":512,\"height\":512,\"caption\":\"Radio Ljubu\u0161ki\"},\"image\":{\"@id\":\"https:\\\/\\\/radioljubuski.ba\\\/#\\\/schema\\\/logo\\\/image\\\/\"},\"sameAs\":[\"https:\\\/\\\/www.facebook.com\\\/Radiio-Ljubuski-1490835324566332\",\"https:\\\/\\\/x.com\\\/radioljubuski\",\"https:\\\/\\\/hr.linkedin.com\\\/company\\\/radio-ljubuski\",\"https:\\\/\\\/www.youtube.com\\\/channel\\\/UCHYaeO_n0Db3tjNGudGpXyw\"]},{\"@type\":\"Person\",\"@id\":\"https:\\\/\\\/radioljubuski.ba\\\/#\\\/schema\\\/person\\\/19fc700381a780f69665d7956c469e3b\",\"name\":\"Radio Ljubu\u0161ki\"}]}<\/script>\n<!-- \/ Yoast SEO plugin. -->","yoast_head_json":{"title":"Prosvjedi diljem Italije nakon \u0161to su COVID potvrde postale obvezne za radnike - RADIO LJUBU\u0160KI","robots":{"index":"index","follow":"follow","max-snippet":"max-snippet:-1","max-image-preview":"max-image-preview:large","max-video-preview":"max-video-preview:-1"},"canonical":"https:\/\/radioljubuski.ba\/index.php\/2021\/10\/15\/prosvjedi-diljem-italije-nakon-sto-su-covid-potvrde-postale-obvezne-za-radnike\/","og_locale":"hr_HR","og_type":"article","og_title":"Prosvjedi diljem Italije nakon \u0161to su COVID potvrde postale obvezne za radnike - RADIO LJUBU\u0160KI","og_description":"U Italiji su izbili masovni prosvjedi jer je zdravstvena propusnica za COVID postala obavezna za sve radnike, donosi&nbsp;EuroNews. Za mnoge Talijane \u201czelena propusnica\u201d zna\u010di i zadr\u017eavanje radnog mjesta. Vlast je na prosvjede ostala gluha. \u201cOsje\u0107am se kao da sam oplja\u010dkana i nemam osnovno ljudsko pravo na rad, a radim od svoje 16. godine\u201d, ka\u017ee Flavia [&hellip;]","og_url":"https:\/\/radioljubuski.ba\/index.php\/2021\/10\/15\/prosvjedi-diljem-italije-nakon-sto-su-covid-potvrde-postale-obvezne-za-radnike\/","og_site_name":"RADIO LJUBU\u0160KI","article_publisher":"https:\/\/www.facebook.com\/Radiio-Ljubuski-1490835324566332","article_published_time":"2021-10-15T21:59:48+00:00","article_modified_time":"2021-10-15T21:59:49+00:00","og_image":[{"width":696,"height":464,"url":"https:\/\/radioljubuski.ba\/wp-content\/uploads\/2021\/10\/HN20211015234072-696x464-1.jpg","type":"image\/jpeg"}],"author":"Radio Ljubu\u0161ki","twitter_card":"summary_large_image","twitter_creator":"@radioljubuski","twitter_site":"@radioljubuski","twitter_misc":{"Napisao\/la":"Radio Ljubu\u0161ki","Procijenjeno vrijeme \u010ditanja":"3 minute"},"schema":{"@context":"https:\/\/schema.org","@graph":[{"@type":"Article","@id":"https:\/\/radioljubuski.ba\/index.php\/2021\/10\/15\/prosvjedi-diljem-italije-nakon-sto-su-covid-potvrde-postale-obvezne-za-radnike\/#article","isPartOf":{"@id":"https:\/\/radioljubuski.ba\/index.php\/2021\/10\/15\/prosvjedi-diljem-italije-nakon-sto-su-covid-potvrde-postale-obvezne-za-radnike\/"},"author":{"name":"Radio Ljubu\u0161ki","@id":"https:\/\/radioljubuski.ba\/#\/schema\/person\/19fc700381a780f69665d7956c469e3b"},"headline":"Prosvjedi diljem Italije nakon \u0161to su COVID potvrde postale obvezne za radnike","datePublished":"2021-10-15T21:59:48+00:00","dateModified":"2021-10-15T21:59:49+00:00","mainEntityOfPage":{"@id":"https:\/\/radioljubuski.ba\/index.php\/2021\/10\/15\/prosvjedi-diljem-italije-nakon-sto-su-covid-potvrde-postale-obvezne-za-radnike\/"},"wordCount":752,"publisher":{"@id":"https:\/\/radioljubuski.ba\/#organization"},"image":{"@id":"https:\/\/radioljubuski.ba\/index.php\/2021\/10\/15\/prosvjedi-diljem-italije-nakon-sto-su-covid-potvrde-postale-obvezne-za-radnike\/#primaryimage"},"thumbnailUrl":"https:\/\/radioljubuski.ba\/wp-content\/uploads\/2021\/10\/HN20211015234072-696x464-1.jpg","articleSection":["BIH i regija"],"inLanguage":"hr"},{"@type":"WebPage","@id":"https:\/\/radioljubuski.ba\/index.php\/2021\/10\/15\/prosvjedi-diljem-italije-nakon-sto-su-covid-potvrde-postale-obvezne-za-radnike\/","url":"https:\/\/radioljubuski.ba\/index.php\/2021\/10\/15\/prosvjedi-diljem-italije-nakon-sto-su-covid-potvrde-postale-obvezne-za-radnike\/","name":"Prosvjedi diljem Italije nakon \u0161to su COVID potvrde postale obvezne za radnike - RADIO LJUBU\u0160KI","isPartOf":{"@id":"https:\/\/radioljubuski.ba\/#website"},"primaryImageOfPage":{"@id":"https:\/\/radioljubuski.ba\/index.php\/2021\/10\/15\/prosvjedi-diljem-italije-nakon-sto-su-covid-potvrde-postale-obvezne-za-radnike\/#primaryimage"},"image":{"@id":"https:\/\/radioljubuski.ba\/index.php\/2021\/10\/15\/prosvjedi-diljem-italije-nakon-sto-su-covid-potvrde-postale-obvezne-za-radnike\/#primaryimage"},"thumbnailUrl":"https:\/\/radioljubuski.ba\/wp-content\/uploads\/2021\/10\/HN20211015234072-696x464-1.jpg","datePublished":"2021-10-15T21:59:48+00:00","dateModified":"2021-10-15T21:59:49+00:00","breadcrumb":{"@id":"https:\/\/radioljubuski.ba\/index.php\/2021\/10\/15\/prosvjedi-diljem-italije-nakon-sto-su-covid-potvrde-postale-obvezne-za-radnike\/#breadcrumb"},"inLanguage":"hr","potentialAction":[{"@type":"ReadAction","target":["https:\/\/radioljubuski.ba\/index.php\/2021\/10\/15\/prosvjedi-diljem-italije-nakon-sto-su-covid-potvrde-postale-obvezne-za-radnike\/"]}]},{"@type":"ImageObject","inLanguage":"hr","@id":"https:\/\/radioljubuski.ba\/index.php\/2021\/10\/15\/prosvjedi-diljem-italije-nakon-sto-su-covid-potvrde-postale-obvezne-za-radnike\/#primaryimage","url":"https:\/\/radioljubuski.ba\/wp-content\/uploads\/2021\/10\/HN20211015234072-696x464-1.jpg","contentUrl":"https:\/\/radioljubuski.ba\/wp-content\/uploads\/2021\/10\/HN20211015234072-696x464-1.jpg","width":696,"height":464},{"@type":"BreadcrumbList","@id":"https:\/\/radioljubuski.ba\/index.php\/2021\/10\/15\/prosvjedi-diljem-italije-nakon-sto-su-covid-potvrde-postale-obvezne-za-radnike\/#breadcrumb","itemListElement":[{"@type":"ListItem","position":1,"name":"Po\u010detna stranica","item":"https:\/\/radioljubuski.ba\/"},{"@type":"ListItem","position":2,"name":"Prosvjedi diljem Italije nakon \u0161to su COVID potvrde postale obvezne za radnike"}]},{"@type":"WebSite","@id":"https:\/\/radioljubuski.ba\/#website","url":"https:\/\/radioljubuski.ba\/","name":"Radio Ljubu\u0161ki","description":"Sun\u010dana frekvencija Hercegovine","publisher":{"@id":"https:\/\/radioljubuski.ba\/#organization"},"potentialAction":[{"@type":"SearchAction","target":{"@type":"EntryPoint","urlTemplate":"https:\/\/radioljubuski.ba\/?s={search_term_string}"},"query-input":{"@type":"PropertyValueSpecification","valueRequired":true,"valueName":"search_term_string"}}],"inLanguage":"hr"},{"@type":"Organization","@id":"https:\/\/radioljubuski.ba\/#organization","name":"Radio Ljubu\u0161ki","url":"https:\/\/radioljubuski.ba\/","logo":{"@type":"ImageObject","inLanguage":"hr","@id":"https:\/\/radioljubuski.ba\/#\/schema\/logo\/image\/","url":"https:\/\/radioljubuski.ba\/wp-content\/uploads\/2021\/02\/cropped-Radio_Ljubuski_logo1.jpg","contentUrl":"https:\/\/radioljubuski.ba\/wp-content\/uploads\/2021\/02\/cropped-Radio_Ljubuski_logo1.jpg","width":512,"height":512,"caption":"Radio Ljubu\u0161ki"},"image":{"@id":"https:\/\/radioljubuski.ba\/#\/schema\/logo\/image\/"},"sameAs":["https:\/\/www.facebook.com\/Radiio-Ljubuski-1490835324566332","https:\/\/x.com\/radioljubuski","https:\/\/hr.linkedin.com\/company\/radio-ljubuski","https:\/\/www.youtube.com\/channel\/UCHYaeO_n0Db3tjNGudGpXyw"]},{"@type":"Person","@id":"https:\/\/radioljubuski.ba\/#\/schema\/person\/19fc700381a780f69665d7956c469e3b","name":"Radio Ljubu\u0161ki"}]}},"_links":{"self":[{"href":"https:\/\/radioljubuski.ba\/index.php\/wp-json\/wp\/v2\/posts\/76218","targetHints":{"allow":["GET"]}}],"collection":[{"href":"https:\/\/radioljubuski.ba\/index.php\/wp-json\/wp\/v2\/posts"}],"about":[{"href":"https:\/\/radioljubuski.ba\/index.php\/wp-json\/wp\/v2\/types\/post"}],"author":[{"embeddable":true,"href":"https:\/\/radioljubuski.ba\/index.php\/wp-json\/wp\/v2\/users\/2"}],"replies":[{"embeddable":true,"href":"https:\/\/radioljubuski.ba\/index.php\/wp-json\/wp\/v2\/comments?post=76218"}],"version-history":[{"count":1,"href":"https:\/\/radioljubuski.ba\/index.php\/wp-json\/wp\/v2\/posts\/76218\/revisions"}],"predecessor-version":[{"id":76220,"href":"https:\/\/radioljubuski.ba\/index.php\/wp-json\/wp\/v2\/posts\/76218\/revisions\/76220"}],"wp:featuredmedia":[{"embeddable":true,"href":"https:\/\/radioljubuski.ba\/index.php\/wp-json\/wp\/v2\/media\/76219"}],"wp:attachment":[{"href":"https:\/\/radioljubuski.ba\/index.php\/wp-json\/wp\/v2\/media?parent=76218"}],"wp:term":[{"taxonomy":"category","embeddable":true,"href":"https:\/\/radioljubuski.ba\/index.php\/wp-json\/wp\/v2\/categories?post=76218"},{"taxonomy":"post_tag","embeddable":true,"href":"https:\/\/radioljubuski.ba\/index.php\/wp-json\/wp\/v2\/tags?post=76218"}],"curies":[{"name":"wp","href":"https:\/\/api.w.org\/{rel}","templated":true}]}}