{"id":76221,"date":"2021-10-15T23:00:57","date_gmt":"2021-10-15T22:00:57","guid":{"rendered":"https:\/\/radioljubuski.ba\/?p=76221"},"modified":"2021-10-15T23:00:58","modified_gmt":"2021-10-15T22:00:58","slug":"svicarski-gardist-otpusten-jer-se-odbio-cijepiti-nepodnosljivo-je-da-je-vatikan-dosao-do-te-tocke","status":"publish","type":"post","link":"https:\/\/radioljubuski.ba\/index.php\/2021\/10\/15\/svicarski-gardist-otpusten-jer-se-odbio-cijepiti-nepodnosljivo-je-da-je-vatikan-dosao-do-te-tocke\/","title":{"rendered":"\u0160vicarski gardist otpu\u0161ten jer se odbio cijepiti: Nepodno\u0161ljivo je da je Vatikan do\u0161ao do te to\u010dke"},"content":{"rendered":"\n<p><strong>Internetski portal&nbsp;<em>Renovatio 21<\/em>&nbsp;<a href=\"https:\/\/www.renovatio21.com\/lettera-aperta-di-una-guardia-svizzera-che-ha-resistito-alla-vaccinazione-obbligatoria-in-vaticano\/\">objavio je<\/a>&nbsp;otvoreno pismo jednog od tri biv\u0161a \u0161vicarska gardista, koji su se odbili podvrgnuti obveznom cijepljenju protiv COVID\u2013a koje se zahtjeva od \u0160vicarske garde u Vatikanu.<\/strong><\/p>\n\n\n\n<p>Sva trojica su ostala bez posla, ali&nbsp;<strong>Pierre-Andr\u00e9 Udressy<\/strong>&nbsp;je&nbsp;<a href=\"https:\/\/www.renovatio21.com\/per-me-cattolico-e-qualcosa-che-non-e-umano-intervista-alla-guardia-svizzera-che-ha-rifiutato-il-vaccino-obbligatorio-in-vaticano\/\">iza\u0161ao u javnost<\/a>&nbsp;daju\u0107i pozadinu pri\u010de i razlog za\u0161to je do\u0161lo do te odluke.<\/p>\n\n\n\n<p>Zapo\u010deo je svoje otvoreno pismo obja\u0161njenjem kako nema osnova za medicinsko izuze\u0107e, ali je dodao da \u017eeli razmi\u0161ljati o svom izboru, a ne op\u0107enito o pristranom \u201eza ili protiv\u201c- cijepljenja.<\/p>\n\n\n\n<p><strong><em>\u201eSve \u0161to sam \u017eelio u\u010diniti je razumjeti implikacije i razloge za\u0161to se<\/em><\/strong><strong>&nbsp;<em>\u201etakvo cjepivo\u201c<\/em>&nbsp;<em>daje pod takvim uvjetima ve\u0107em broju stanovni\u0161tva i na ovakvom mjestu\u201c<\/em>,<\/strong>&nbsp;napisao je.<\/p>\n\n\n\n<p>Govori o zna\u010dajnim nepravdama koje su po\u010dinjene u Vatikanu, dodaju\u0107i da je svjedo\u010dio pritiscima koji su se&nbsp;<em>\u201epostupno i subverzivno vr\u0161ili na ljude kako bi ih se uvjerilo da preuzmu teret koji ne \u017eele preuzeti\u201c<\/em>.<\/p>\n\n\n\n<p>Udressy je zaklju\u010dio:&nbsp;<strong><em>\u201eOno \u0161to je sigurno jest da u svemu ovome \u0161to pro\u017eivljavamo nema ni\u0161ta ljudsko, a kamoli kr\u0161\u0107ansko, i doista je nepodno\u0161ljivo vidjeti kako je Vatikan do\u0161ao do ove to\u010dke!\u201c<\/em>.<\/strong><\/p>\n\n\n\n<p><strong>\u201eTe\u017eak izbor\u201c<\/strong><\/p>\n\n\n\n<p>Od objave pisma, Udressy je dao intervju, koji je isto tako objavljen u&nbsp;<a href=\"https:\/\/www.renovatio21.com\/per-me-cattolico-e-qualcosa-che-non-e-umano-intervista-alla-guardia-svizzera-che-ha-rifiutato-il-vaccino-obbligatorio-in-vaticano\/\"><em>Renovatiu<\/em><\/a>, u kojem je otkrio da je u prosincu 2020. godine prebolio COVID pa nije vidio medicinski razlog za primanje cjepiva.<\/p>\n\n\n\n<p>On je u intervjuu, objavljenom 10. listopada, rekao da je \u0160vicarska garda dobila priliku uzeti cjepivo oko Bo\u017ei\u0107a pro\u0161le godine, ali<em>&nbsp;\u201enitko se nije prijavio jer su svi sumnjali u cjepivo\u201c<\/em>. To je zatim dovelo do odr\u017eavanja seminara kako bi ih uvjerili da se cijepe, ali se nisu pokolebali.<\/p>\n\n\n\n<p><em>\u201eRekli su da se \u010dak i nakon cijepljenja virus prenosi, i da unato\u010d cijepljenju ograni\u010denja, poput no\u0161enja maski i socijalnog distanciranja, ne\u0107e nestati.&nbsp;<strong>Bilo je te\u0161ko razumjeti u\u010dinkovitost i korisnost cjepiva\u201d<\/strong>,<\/em>&nbsp;rekao je Udressy.<\/p>\n\n\n\n<p>\u0160tovi\u0161e, dodao je kako je problem poba\u010denih fetalnih stani\u010dnih linija koje se koriste u proizvodnji cjepiva&nbsp;<em>\u201esamo nakratko spomenut\u201c<\/em>, te je napomenuto da se&nbsp;<em>Kongregacija za nauk vjere<\/em>&nbsp;ve\u0107 pozabavila time.<\/p>\n\n\n\n<p><em>\u201eNapustio sam seminar zabezeknut\u201c,<\/em>&nbsp;prisjetio se Udressy, taj mu je seminar samo pobudio \u201e<em>jo\u0161 ve\u0107u sumnju oko cjepiva\u201c<\/em>.<\/p>\n\n\n\n<p>Dodao je kako je u kolovozu, na njih izvr\u0161en ve\u0107i pritisak da uzmu cjepivo te je rok za cijepljenje odre\u0111en do 15. rujna. Zapovjednik \u0160vicarske garde, koji se isto tako nije \u017eelio isprva cijepiti, pozvao je Udressyja u svoj ured i objasnio situaciju.&nbsp;<em>\u201eRazo\u010daran sam i uznemiren \u0161to je to kona\u010dna odluka\u201c<\/em>, rekao je, ali necijepljeni stra\u017eari&nbsp;<em>\u201emoraju oti\u0107i\u201c<\/em>.<\/p>\n\n\n\n<p><em>\u201eU praksi bi se necijepljeni gardisti mogli otpustiti\u201c<\/em>, rekao je i&nbsp;<em>\u201eobavijestio me da odluka nije do\u0161la samo od Dr\u017eavnog tajni\u0161tva Svete Stolice, ve\u0107 i od nadle\u017enog autoriteta iz Vatikana\u201c.<\/em><\/p>\n\n\n\n<p>Na pitanje Renovatija je li time Udressy mislio na Papu, odgovorio je sljede\u0107e:&nbsp;<em>\u201eTako je. Isto tako je obja\u0161njeno da ne postoji druga mogu\u0107nost, pa \u010dak ni \u010dekanje dodatnog mjeseca na tradicionalnu vrstu cjepiva. Obja\u0161njeno mi je da je nemogu\u0107e uzeti vremena za raspravu. Odluka je bila donesena\u201d<\/em>.<\/p>\n\n\n\n<p>To je, rekao je, ostavilo \u0160vicarskim gardistima \u201e<em>te\u017eak izbor, koji zapravo nije bio izbor. Tri su dala ostavku, a tri su otpu\u0161tena iz slu\u017ebe\u201d<\/em>.<\/p>\n\n\n\n<p>Rekao je da je primio pismo u kojem stoji da ima rok do 6. listopada kako bi dao otkaz ili primio cjepivo.&nbsp;<em>\u201eNakon tog datuma do\u0161lo bi do otkaza\u201c<\/em>.<\/p>\n\n\n\n<p>Udressy je rekao kako su prosvjedi bili mogu\u0107i zbog nepravde, ali&nbsp;<em>\u201ena kraju smo bili vrlo poslu\u0161ni\u201c<\/em>. Ve\u0107ina se je na kraju cijepila&nbsp;<em>\u201ekako bi izbjegli pritisak, kako bi mogli iza\u0107i van, oti\u0107i u restoran.<\/em>&nbsp;<em>Ne iz medicinskih razloga.<\/em>&nbsp;<em>Radi la\u017ene slobode\u201c<\/em>.<\/p>\n\n\n\n<p>\u0160to se ti\u010de upotrebe fetalnih stani\u010dnih linija u cjepivima, rekao je da je rasprava bila pokrenuta prije Bo\u017ei\u0107a, ali nakon \u0161to je objavljen dokument&nbsp;<em>Kongregacije za nauk vjere,<\/em>&nbsp;<em>\u201evi\u0161e nitko nije o tome govorio\u201c<\/em>.<\/p>\n\n\n\n<p>Naglasio je da ga vi\u0161e brinu drugi problemi povezani s cjepivom, a po njemu je to&nbsp;<em>\u201eu osnovi pitanje razuma, tj.<strong>&nbsp;za\u0161to bi prihvatio ne\u0161to \u0161to po meni nije razumno?<\/strong><\/em>&nbsp;<em>Tu je i politi\u010dki problem jer postoji pritisak oko ove stvari koji nije normalan. Zatim postoji eti\u010dki problem\u201c.<\/em><\/p>\n\n\n\n<p>Dodao je kako smatra&nbsp;<em>\u201eskandaloznim \u0161to se ova stvar name\u0107e na ovaj na\u010din iz politi\u010dkih razloga<\/em>.&nbsp;<em>Izuzetno je ozbiljno \u0161to se obaveza cijepljenja pro\u0161irila na cijeli svijet. Prije svega, potiskivanjem slobode\u2026<\/em>&nbsp;<em>i jo\u0161 je ozbiljniji problem da se to doga\u0111a u Vatikanu, \u010dak sna\u017enije nego u drugim zemljama.<\/em>&nbsp;<strong><em>Vatikan je sredi\u0161te Crkve, trebao bi braniti slobodu savjesti,<\/em>&nbsp;<em>op\u0107enito govore\u0107i slobodu. Za mene, kao katolika, to je ne\u0161to nehumano\u201d<\/em><\/strong><em>.<\/em><\/p>\n\n\n\n<p>Na pitanje koje je&nbsp;<em>\u201eporijeklo ovog zla u Vatikanu\u201c,<\/em>&nbsp;Udressy je rekao da su lije\u010dnici donijeli odluke, ali je dodao da je u igri jo\u0161 jedna stvar<em>:&nbsp;<strong>\u201e\u010cinjenica da vi\u0161e ne poku\u0161avamo braniti istinu, ve\u0107 se poku\u0161avamo prilagoditi onome \u0161to se doga\u0111a vani, pa \u010dak i prvi primijeniti promjene\u201d.<\/strong><\/em><\/p>\n\n\n\n<p>Ka\u017ee kako \u0107e se sada vratiti u \u0160vicarsku i tamo se prilagoditi novom \u017eivotu,&nbsp;<strong>vratit \u0107e se na posao stolara,<\/strong>&nbsp;\u0161to je bilo njegovo zanimanje pet godina prije nego \u0161to se prijavio za slu\u017ebu u \u0160vicarsku gardu.<\/p>\n\n\n\n<p><em>Izvor: narod.hr<\/em><\/p>\n","protected":false},"excerpt":{"rendered":"<p>Internetski portal&nbsp;Renovatio 21&nbsp;objavio je&nbsp;otvoreno pismo jednog od tri biv\u0161a \u0161vicarska gardista, koji su se odbili podvrgnuti obveznom cijepljenju protiv COVID\u2013a koje se zahtjeva od \u0160vicarske garde u Vatikanu. Sva trojica su ostala bez posla, ali&nbsp;Pierre-Andr\u00e9 Udressy&nbsp;je&nbsp;iza\u0161ao u javnost&nbsp;daju\u0107i pozadinu pri\u010de i razlog za\u0161to je do\u0161lo do te odluke. Zapo\u010deo je svoje otvoreno pismo obja\u0161njenjem kako [&hellip;]<\/p>\n","protected":false},"author":2,"featured_media":76222,"comment_status":"closed","ping_status":"closed","sticky":false,"template":"","format":"standard","meta":{"h5ap_radio_sources":[],"footnotes":""},"categories":[1],"tags":[],"class_list":["post-76221","post","type-post","status-publish","format-standard","has-post-thumbnail","hentry","category-bihiregija"],"yoast_head":"<!-- This site is optimized with the Yoast SEO plugin v27.4 - https:\/\/yoast.com\/product\/yoast-seo-wordpress\/ -->\n<title>\u0160vicarski gardist otpu\u0161ten jer se odbio cijepiti: Nepodno\u0161ljivo je da je Vatikan do\u0161ao do te to\u010dke - RADIO LJUBU\u0160KI<\/title>\n<meta name=\"robots\" content=\"index, follow, max-snippet:-1, max-image-preview:large, max-video-preview:-1\" \/>\n<link rel=\"canonical\" href=\"https:\/\/radioljubuski.ba\/index.php\/2021\/10\/15\/svicarski-gardist-otpusten-jer-se-odbio-cijepiti-nepodnosljivo-je-da-je-vatikan-dosao-do-te-tocke\/\" \/>\n<meta property=\"og:locale\" content=\"hr_HR\" \/>\n<meta property=\"og:type\" content=\"article\" \/>\n<meta property=\"og:title\" content=\"\u0160vicarski gardist otpu\u0161ten jer se odbio cijepiti: Nepodno\u0161ljivo je da je Vatikan do\u0161ao do te to\u010dke - RADIO LJUBU\u0160KI\" \/>\n<meta property=\"og:description\" content=\"Internetski portal&nbsp;Renovatio 21&nbsp;objavio je&nbsp;otvoreno pismo jednog od tri biv\u0161a \u0161vicarska gardista, koji su se odbili podvrgnuti obveznom cijepljenju protiv COVID\u2013a koje se zahtjeva od \u0160vicarske garde u Vatikanu. Sva trojica su ostala bez posla, ali&nbsp;Pierre-Andr\u00e9 Udressy&nbsp;je&nbsp;iza\u0161ao u javnost&nbsp;daju\u0107i pozadinu pri\u010de i razlog za\u0161to je do\u0161lo do te odluke. Zapo\u010deo je svoje otvoreno pismo obja\u0161njenjem kako [&hellip;]\" \/>\n<meta property=\"og:url\" content=\"https:\/\/radioljubuski.ba\/index.php\/2021\/10\/15\/svicarski-gardist-otpusten-jer-se-odbio-cijepiti-nepodnosljivo-je-da-je-vatikan-dosao-do-te-tocke\/\" \/>\n<meta property=\"og:site_name\" content=\"RADIO LJUBU\u0160KI\" \/>\n<meta property=\"article:publisher\" content=\"https:\/\/www.facebook.com\/Radiio-Ljubuski-1490835324566332\" \/>\n<meta property=\"article:published_time\" content=\"2021-10-15T22:00:57+00:00\" \/>\n<meta property=\"article:modified_time\" content=\"2021-10-15T22:00:58+00:00\" \/>\n<meta property=\"og:image\" content=\"https:\/\/radioljubuski.ba\/wp-content\/uploads\/2021\/10\/H20180506027551-696x464-1.jpg\" \/>\n\t<meta property=\"og:image:width\" content=\"696\" \/>\n\t<meta property=\"og:image:height\" content=\"464\" \/>\n\t<meta property=\"og:image:type\" content=\"image\/jpeg\" \/>\n<meta name=\"author\" content=\"Radio Ljubu\u0161ki\" \/>\n<meta name=\"twitter:card\" content=\"summary_large_image\" \/>\n<meta name=\"twitter:creator\" content=\"@radioljubuski\" \/>\n<meta name=\"twitter:site\" content=\"@radioljubuski\" \/>\n<meta name=\"twitter:label1\" content=\"Napisao\/la\" \/>\n\t<meta name=\"twitter:data1\" content=\"Radio Ljubu\u0161ki\" \/>\n\t<meta name=\"twitter:label2\" content=\"Procijenjeno vrijeme \u010ditanja\" \/>\n\t<meta name=\"twitter:data2\" content=\"4 minute\" \/>\n<script type=\"application\/ld+json\" class=\"yoast-schema-graph\">{\"@context\":\"https:\\\/\\\/schema.org\",\"@graph\":[{\"@type\":\"Article\",\"@id\":\"https:\\\/\\\/radioljubuski.ba\\\/index.php\\\/2021\\\/10\\\/15\\\/svicarski-gardist-otpusten-jer-se-odbio-cijepiti-nepodnosljivo-je-da-je-vatikan-dosao-do-te-tocke\\\/#article\",\"isPartOf\":{\"@id\":\"https:\\\/\\\/radioljubuski.ba\\\/index.php\\\/2021\\\/10\\\/15\\\/svicarski-gardist-otpusten-jer-se-odbio-cijepiti-nepodnosljivo-je-da-je-vatikan-dosao-do-te-tocke\\\/\"},\"author\":{\"name\":\"Radio Ljubu\u0161ki\",\"@id\":\"https:\\\/\\\/radioljubuski.ba\\\/#\\\/schema\\\/person\\\/19fc700381a780f69665d7956c469e3b\"},\"headline\":\"\u0160vicarski gardist otpu\u0161ten jer se odbio cijepiti: Nepodno\u0161ljivo je da je Vatikan do\u0161ao do te to\u010dke\",\"datePublished\":\"2021-10-15T22:00:57+00:00\",\"dateModified\":\"2021-10-15T22:00:58+00:00\",\"mainEntityOfPage\":{\"@id\":\"https:\\\/\\\/radioljubuski.ba\\\/index.php\\\/2021\\\/10\\\/15\\\/svicarski-gardist-otpusten-jer-se-odbio-cijepiti-nepodnosljivo-je-da-je-vatikan-dosao-do-te-tocke\\\/\"},\"wordCount\":973,\"publisher\":{\"@id\":\"https:\\\/\\\/radioljubuski.ba\\\/#organization\"},\"image\":{\"@id\":\"https:\\\/\\\/radioljubuski.ba\\\/index.php\\\/2021\\\/10\\\/15\\\/svicarski-gardist-otpusten-jer-se-odbio-cijepiti-nepodnosljivo-je-da-je-vatikan-dosao-do-te-tocke\\\/#primaryimage\"},\"thumbnailUrl\":\"https:\\\/\\\/radioljubuski.ba\\\/wp-content\\\/uploads\\\/2021\\\/10\\\/H20180506027551-696x464-1.jpg\",\"articleSection\":[\"BIH i regija\"],\"inLanguage\":\"hr\"},{\"@type\":\"WebPage\",\"@id\":\"https:\\\/\\\/radioljubuski.ba\\\/index.php\\\/2021\\\/10\\\/15\\\/svicarski-gardist-otpusten-jer-se-odbio-cijepiti-nepodnosljivo-je-da-je-vatikan-dosao-do-te-tocke\\\/\",\"url\":\"https:\\\/\\\/radioljubuski.ba\\\/index.php\\\/2021\\\/10\\\/15\\\/svicarski-gardist-otpusten-jer-se-odbio-cijepiti-nepodnosljivo-je-da-je-vatikan-dosao-do-te-tocke\\\/\",\"name\":\"\u0160vicarski gardist otpu\u0161ten jer se odbio cijepiti: Nepodno\u0161ljivo je da je Vatikan do\u0161ao do te to\u010dke - RADIO LJUBU\u0160KI\",\"isPartOf\":{\"@id\":\"https:\\\/\\\/radioljubuski.ba\\\/#website\"},\"primaryImageOfPage\":{\"@id\":\"https:\\\/\\\/radioljubuski.ba\\\/index.php\\\/2021\\\/10\\\/15\\\/svicarski-gardist-otpusten-jer-se-odbio-cijepiti-nepodnosljivo-je-da-je-vatikan-dosao-do-te-tocke\\\/#primaryimage\"},\"image\":{\"@id\":\"https:\\\/\\\/radioljubuski.ba\\\/index.php\\\/2021\\\/10\\\/15\\\/svicarski-gardist-otpusten-jer-se-odbio-cijepiti-nepodnosljivo-je-da-je-vatikan-dosao-do-te-tocke\\\/#primaryimage\"},\"thumbnailUrl\":\"https:\\\/\\\/radioljubuski.ba\\\/wp-content\\\/uploads\\\/2021\\\/10\\\/H20180506027551-696x464-1.jpg\",\"datePublished\":\"2021-10-15T22:00:57+00:00\",\"dateModified\":\"2021-10-15T22:00:58+00:00\",\"breadcrumb\":{\"@id\":\"https:\\\/\\\/radioljubuski.ba\\\/index.php\\\/2021\\\/10\\\/15\\\/svicarski-gardist-otpusten-jer-se-odbio-cijepiti-nepodnosljivo-je-da-je-vatikan-dosao-do-te-tocke\\\/#breadcrumb\"},\"inLanguage\":\"hr\",\"potentialAction\":[{\"@type\":\"ReadAction\",\"target\":[\"https:\\\/\\\/radioljubuski.ba\\\/index.php\\\/2021\\\/10\\\/15\\\/svicarski-gardist-otpusten-jer-se-odbio-cijepiti-nepodnosljivo-je-da-je-vatikan-dosao-do-te-tocke\\\/\"]}]},{\"@type\":\"ImageObject\",\"inLanguage\":\"hr\",\"@id\":\"https:\\\/\\\/radioljubuski.ba\\\/index.php\\\/2021\\\/10\\\/15\\\/svicarski-gardist-otpusten-jer-se-odbio-cijepiti-nepodnosljivo-je-da-je-vatikan-dosao-do-te-tocke\\\/#primaryimage\",\"url\":\"https:\\\/\\\/radioljubuski.ba\\\/wp-content\\\/uploads\\\/2021\\\/10\\\/H20180506027551-696x464-1.jpg\",\"contentUrl\":\"https:\\\/\\\/radioljubuski.ba\\\/wp-content\\\/uploads\\\/2021\\\/10\\\/H20180506027551-696x464-1.jpg\",\"width\":696,\"height\":464,\"caption\":\"epa06714418 Papal Swiss guards attend the mass on the occasion of their swearing-in ceremony at Sant Peter's Basilica, Vatican City, 06 May 2018. The annual swearing in ceremony for the new papal Swiss guards takes place on 06 May, commemorating the 147 who died defending Pope Clement VII on the same day in 1527. EPA\\\/GIUSEPPE LAMI\"},{\"@type\":\"BreadcrumbList\",\"@id\":\"https:\\\/\\\/radioljubuski.ba\\\/index.php\\\/2021\\\/10\\\/15\\\/svicarski-gardist-otpusten-jer-se-odbio-cijepiti-nepodnosljivo-je-da-je-vatikan-dosao-do-te-tocke\\\/#breadcrumb\",\"itemListElement\":[{\"@type\":\"ListItem\",\"position\":1,\"name\":\"Po\u010detna stranica\",\"item\":\"https:\\\/\\\/radioljubuski.ba\\\/\"},{\"@type\":\"ListItem\",\"position\":2,\"name\":\"\u0160vicarski gardist otpu\u0161ten jer se odbio cijepiti: Nepodno\u0161ljivo je da je Vatikan do\u0161ao do te to\u010dke\"}]},{\"@type\":\"WebSite\",\"@id\":\"https:\\\/\\\/radioljubuski.ba\\\/#website\",\"url\":\"https:\\\/\\\/radioljubuski.ba\\\/\",\"name\":\"Radio Ljubu\u0161ki\",\"description\":\"Sun\u010dana frekvencija Hercegovine\",\"publisher\":{\"@id\":\"https:\\\/\\\/radioljubuski.ba\\\/#organization\"},\"potentialAction\":[{\"@type\":\"SearchAction\",\"target\":{\"@type\":\"EntryPoint\",\"urlTemplate\":\"https:\\\/\\\/radioljubuski.ba\\\/?s={search_term_string}\"},\"query-input\":{\"@type\":\"PropertyValueSpecification\",\"valueRequired\":true,\"valueName\":\"search_term_string\"}}],\"inLanguage\":\"hr\"},{\"@type\":\"Organization\",\"@id\":\"https:\\\/\\\/radioljubuski.ba\\\/#organization\",\"name\":\"Radio Ljubu\u0161ki\",\"url\":\"https:\\\/\\\/radioljubuski.ba\\\/\",\"logo\":{\"@type\":\"ImageObject\",\"inLanguage\":\"hr\",\"@id\":\"https:\\\/\\\/radioljubuski.ba\\\/#\\\/schema\\\/logo\\\/image\\\/\",\"url\":\"https:\\\/\\\/radioljubuski.ba\\\/wp-content\\\/uploads\\\/2021\\\/02\\\/cropped-Radio_Ljubuski_logo1.jpg\",\"contentUrl\":\"https:\\\/\\\/radioljubuski.ba\\\/wp-content\\\/uploads\\\/2021\\\/02\\\/cropped-Radio_Ljubuski_logo1.jpg\",\"width\":512,\"height\":512,\"caption\":\"Radio Ljubu\u0161ki\"},\"image\":{\"@id\":\"https:\\\/\\\/radioljubuski.ba\\\/#\\\/schema\\\/logo\\\/image\\\/\"},\"sameAs\":[\"https:\\\/\\\/www.facebook.com\\\/Radiio-Ljubuski-1490835324566332\",\"https:\\\/\\\/x.com\\\/radioljubuski\",\"https:\\\/\\\/hr.linkedin.com\\\/company\\\/radio-ljubuski\",\"https:\\\/\\\/www.youtube.com\\\/channel\\\/UCHYaeO_n0Db3tjNGudGpXyw\"]},{\"@type\":\"Person\",\"@id\":\"https:\\\/\\\/radioljubuski.ba\\\/#\\\/schema\\\/person\\\/19fc700381a780f69665d7956c469e3b\",\"name\":\"Radio Ljubu\u0161ki\"}]}<\/script>\n<!-- \/ Yoast SEO plugin. -->","yoast_head_json":{"title":"\u0160vicarski gardist otpu\u0161ten jer se odbio cijepiti: Nepodno\u0161ljivo je da je Vatikan do\u0161ao do te to\u010dke - RADIO LJUBU\u0160KI","robots":{"index":"index","follow":"follow","max-snippet":"max-snippet:-1","max-image-preview":"max-image-preview:large","max-video-preview":"max-video-preview:-1"},"canonical":"https:\/\/radioljubuski.ba\/index.php\/2021\/10\/15\/svicarski-gardist-otpusten-jer-se-odbio-cijepiti-nepodnosljivo-je-da-je-vatikan-dosao-do-te-tocke\/","og_locale":"hr_HR","og_type":"article","og_title":"\u0160vicarski gardist otpu\u0161ten jer se odbio cijepiti: Nepodno\u0161ljivo je da je Vatikan do\u0161ao do te to\u010dke - RADIO LJUBU\u0160KI","og_description":"Internetski portal&nbsp;Renovatio 21&nbsp;objavio je&nbsp;otvoreno pismo jednog od tri biv\u0161a \u0161vicarska gardista, koji su se odbili podvrgnuti obveznom cijepljenju protiv COVID\u2013a koje se zahtjeva od \u0160vicarske garde u Vatikanu. Sva trojica su ostala bez posla, ali&nbsp;Pierre-Andr\u00e9 Udressy&nbsp;je&nbsp;iza\u0161ao u javnost&nbsp;daju\u0107i pozadinu pri\u010de i razlog za\u0161to je do\u0161lo do te odluke. Zapo\u010deo je svoje otvoreno pismo obja\u0161njenjem kako [&hellip;]","og_url":"https:\/\/radioljubuski.ba\/index.php\/2021\/10\/15\/svicarski-gardist-otpusten-jer-se-odbio-cijepiti-nepodnosljivo-je-da-je-vatikan-dosao-do-te-tocke\/","og_site_name":"RADIO LJUBU\u0160KI","article_publisher":"https:\/\/www.facebook.com\/Radiio-Ljubuski-1490835324566332","article_published_time":"2021-10-15T22:00:57+00:00","article_modified_time":"2021-10-15T22:00:58+00:00","og_image":[{"width":696,"height":464,"url":"https:\/\/radioljubuski.ba\/wp-content\/uploads\/2021\/10\/H20180506027551-696x464-1.jpg","type":"image\/jpeg"}],"author":"Radio Ljubu\u0161ki","twitter_card":"summary_large_image","twitter_creator":"@radioljubuski","twitter_site":"@radioljubuski","twitter_misc":{"Napisao\/la":"Radio Ljubu\u0161ki","Procijenjeno vrijeme \u010ditanja":"4 minute"},"schema":{"@context":"https:\/\/schema.org","@graph":[{"@type":"Article","@id":"https:\/\/radioljubuski.ba\/index.php\/2021\/10\/15\/svicarski-gardist-otpusten-jer-se-odbio-cijepiti-nepodnosljivo-je-da-je-vatikan-dosao-do-te-tocke\/#article","isPartOf":{"@id":"https:\/\/radioljubuski.ba\/index.php\/2021\/10\/15\/svicarski-gardist-otpusten-jer-se-odbio-cijepiti-nepodnosljivo-je-da-je-vatikan-dosao-do-te-tocke\/"},"author":{"name":"Radio Ljubu\u0161ki","@id":"https:\/\/radioljubuski.ba\/#\/schema\/person\/19fc700381a780f69665d7956c469e3b"},"headline":"\u0160vicarski gardist otpu\u0161ten jer se odbio cijepiti: Nepodno\u0161ljivo je da je Vatikan do\u0161ao do te to\u010dke","datePublished":"2021-10-15T22:00:57+00:00","dateModified":"2021-10-15T22:00:58+00:00","mainEntityOfPage":{"@id":"https:\/\/radioljubuski.ba\/index.php\/2021\/10\/15\/svicarski-gardist-otpusten-jer-se-odbio-cijepiti-nepodnosljivo-je-da-je-vatikan-dosao-do-te-tocke\/"},"wordCount":973,"publisher":{"@id":"https:\/\/radioljubuski.ba\/#organization"},"image":{"@id":"https:\/\/radioljubuski.ba\/index.php\/2021\/10\/15\/svicarski-gardist-otpusten-jer-se-odbio-cijepiti-nepodnosljivo-je-da-je-vatikan-dosao-do-te-tocke\/#primaryimage"},"thumbnailUrl":"https:\/\/radioljubuski.ba\/wp-content\/uploads\/2021\/10\/H20180506027551-696x464-1.jpg","articleSection":["BIH i regija"],"inLanguage":"hr"},{"@type":"WebPage","@id":"https:\/\/radioljubuski.ba\/index.php\/2021\/10\/15\/svicarski-gardist-otpusten-jer-se-odbio-cijepiti-nepodnosljivo-je-da-je-vatikan-dosao-do-te-tocke\/","url":"https:\/\/radioljubuski.ba\/index.php\/2021\/10\/15\/svicarski-gardist-otpusten-jer-se-odbio-cijepiti-nepodnosljivo-je-da-je-vatikan-dosao-do-te-tocke\/","name":"\u0160vicarski gardist otpu\u0161ten jer se odbio cijepiti: Nepodno\u0161ljivo je da je Vatikan do\u0161ao do te to\u010dke - RADIO LJUBU\u0160KI","isPartOf":{"@id":"https:\/\/radioljubuski.ba\/#website"},"primaryImageOfPage":{"@id":"https:\/\/radioljubuski.ba\/index.php\/2021\/10\/15\/svicarski-gardist-otpusten-jer-se-odbio-cijepiti-nepodnosljivo-je-da-je-vatikan-dosao-do-te-tocke\/#primaryimage"},"image":{"@id":"https:\/\/radioljubuski.ba\/index.php\/2021\/10\/15\/svicarski-gardist-otpusten-jer-se-odbio-cijepiti-nepodnosljivo-je-da-je-vatikan-dosao-do-te-tocke\/#primaryimage"},"thumbnailUrl":"https:\/\/radioljubuski.ba\/wp-content\/uploads\/2021\/10\/H20180506027551-696x464-1.jpg","datePublished":"2021-10-15T22:00:57+00:00","dateModified":"2021-10-15T22:00:58+00:00","breadcrumb":{"@id":"https:\/\/radioljubuski.ba\/index.php\/2021\/10\/15\/svicarski-gardist-otpusten-jer-se-odbio-cijepiti-nepodnosljivo-je-da-je-vatikan-dosao-do-te-tocke\/#breadcrumb"},"inLanguage":"hr","potentialAction":[{"@type":"ReadAction","target":["https:\/\/radioljubuski.ba\/index.php\/2021\/10\/15\/svicarski-gardist-otpusten-jer-se-odbio-cijepiti-nepodnosljivo-je-da-je-vatikan-dosao-do-te-tocke\/"]}]},{"@type":"ImageObject","inLanguage":"hr","@id":"https:\/\/radioljubuski.ba\/index.php\/2021\/10\/15\/svicarski-gardist-otpusten-jer-se-odbio-cijepiti-nepodnosljivo-je-da-je-vatikan-dosao-do-te-tocke\/#primaryimage","url":"https:\/\/radioljubuski.ba\/wp-content\/uploads\/2021\/10\/H20180506027551-696x464-1.jpg","contentUrl":"https:\/\/radioljubuski.ba\/wp-content\/uploads\/2021\/10\/H20180506027551-696x464-1.jpg","width":696,"height":464,"caption":"epa06714418 Papal Swiss guards attend the mass on the occasion of their swearing-in ceremony at Sant Peter's Basilica, Vatican City, 06 May 2018. The annual swearing in ceremony for the new papal Swiss guards takes place on 06 May, commemorating the 147 who died defending Pope Clement VII on the same day in 1527. EPA\/GIUSEPPE LAMI"},{"@type":"BreadcrumbList","@id":"https:\/\/radioljubuski.ba\/index.php\/2021\/10\/15\/svicarski-gardist-otpusten-jer-se-odbio-cijepiti-nepodnosljivo-je-da-je-vatikan-dosao-do-te-tocke\/#breadcrumb","itemListElement":[{"@type":"ListItem","position":1,"name":"Po\u010detna stranica","item":"https:\/\/radioljubuski.ba\/"},{"@type":"ListItem","position":2,"name":"\u0160vicarski gardist otpu\u0161ten jer se odbio cijepiti: Nepodno\u0161ljivo je da je Vatikan do\u0161ao do te to\u010dke"}]},{"@type":"WebSite","@id":"https:\/\/radioljubuski.ba\/#website","url":"https:\/\/radioljubuski.ba\/","name":"Radio Ljubu\u0161ki","description":"Sun\u010dana frekvencija Hercegovine","publisher":{"@id":"https:\/\/radioljubuski.ba\/#organization"},"potentialAction":[{"@type":"SearchAction","target":{"@type":"EntryPoint","urlTemplate":"https:\/\/radioljubuski.ba\/?s={search_term_string}"},"query-input":{"@type":"PropertyValueSpecification","valueRequired":true,"valueName":"search_term_string"}}],"inLanguage":"hr"},{"@type":"Organization","@id":"https:\/\/radioljubuski.ba\/#organization","name":"Radio Ljubu\u0161ki","url":"https:\/\/radioljubuski.ba\/","logo":{"@type":"ImageObject","inLanguage":"hr","@id":"https:\/\/radioljubuski.ba\/#\/schema\/logo\/image\/","url":"https:\/\/radioljubuski.ba\/wp-content\/uploads\/2021\/02\/cropped-Radio_Ljubuski_logo1.jpg","contentUrl":"https:\/\/radioljubuski.ba\/wp-content\/uploads\/2021\/02\/cropped-Radio_Ljubuski_logo1.jpg","width":512,"height":512,"caption":"Radio Ljubu\u0161ki"},"image":{"@id":"https:\/\/radioljubuski.ba\/#\/schema\/logo\/image\/"},"sameAs":["https:\/\/www.facebook.com\/Radiio-Ljubuski-1490835324566332","https:\/\/x.com\/radioljubuski","https:\/\/hr.linkedin.com\/company\/radio-ljubuski","https:\/\/www.youtube.com\/channel\/UCHYaeO_n0Db3tjNGudGpXyw"]},{"@type":"Person","@id":"https:\/\/radioljubuski.ba\/#\/schema\/person\/19fc700381a780f69665d7956c469e3b","name":"Radio Ljubu\u0161ki"}]}},"_links":{"self":[{"href":"https:\/\/radioljubuski.ba\/index.php\/wp-json\/wp\/v2\/posts\/76221","targetHints":{"allow":["GET"]}}],"collection":[{"href":"https:\/\/radioljubuski.ba\/index.php\/wp-json\/wp\/v2\/posts"}],"about":[{"href":"https:\/\/radioljubuski.ba\/index.php\/wp-json\/wp\/v2\/types\/post"}],"author":[{"embeddable":true,"href":"https:\/\/radioljubuski.ba\/index.php\/wp-json\/wp\/v2\/users\/2"}],"replies":[{"embeddable":true,"href":"https:\/\/radioljubuski.ba\/index.php\/wp-json\/wp\/v2\/comments?post=76221"}],"version-history":[{"count":1,"href":"https:\/\/radioljubuski.ba\/index.php\/wp-json\/wp\/v2\/posts\/76221\/revisions"}],"predecessor-version":[{"id":76223,"href":"https:\/\/radioljubuski.ba\/index.php\/wp-json\/wp\/v2\/posts\/76221\/revisions\/76223"}],"wp:featuredmedia":[{"embeddable":true,"href":"https:\/\/radioljubuski.ba\/index.php\/wp-json\/wp\/v2\/media\/76222"}],"wp:attachment":[{"href":"https:\/\/radioljubuski.ba\/index.php\/wp-json\/wp\/v2\/media?parent=76221"}],"wp:term":[{"taxonomy":"category","embeddable":true,"href":"https:\/\/radioljubuski.ba\/index.php\/wp-json\/wp\/v2\/categories?post=76221"},{"taxonomy":"post_tag","embeddable":true,"href":"https:\/\/radioljubuski.ba\/index.php\/wp-json\/wp\/v2\/tags?post=76221"}],"curies":[{"name":"wp","href":"https:\/\/api.w.org\/{rel}","templated":true}]}}