{"id":76224,"date":"2021-10-15T23:02:20","date_gmt":"2021-10-15T22:02:20","guid":{"rendered":"https:\/\/radioljubuski.ba\/?p=76224"},"modified":"2021-10-15T23:02:21","modified_gmt":"2021-10-15T22:02:21","slug":"sisak-predstavljena-knjiga-junacka-i-sveta-hrvatska-biskupa-kosica-i-generala-tolja","status":"publish","type":"post","link":"https:\/\/radioljubuski.ba\/index.php\/2021\/10\/15\/sisak-predstavljena-knjiga-junacka-i-sveta-hrvatska-biskupa-kosica-i-generala-tolja\/","title":{"rendered":"Sisak: Predstavljena knjiga \u2018Juna\u010dka i sveta Hrvatska\u2019 biskupa Ko\u0161i\u0107a i generala Tolja"},"content":{"rendered":"\n<p>Predstavljanje knjige \u201eJuna\u010dka i sveta Hrvatska\u201c odr\u017eano je u \u010detvrtak, 14. listopada u Velikom Kaptolu u Sisku. Knjigu su predstavili knji\u017eevnik \u0110uro Vidmarovi\u0107 i novinar Mladen Pavkovi\u0107. Tom prigodom autorima sisa\u010dkom biskupu Vladi Ko\u0161i\u0107u i generalu HV u miru Ivanu Tolju je sve\u010dano dodijeljena Velika zlatna plaketa \u201eBili smo prvi kad je trebalo\u201c, za najbolju ovogodi\u0161nju knjigu o Domovinskom ratu.<\/p>\n\n\n\n<p>Predstavljanju je uz brojnu publiku nazo\u010dilo i desetak hrvatskih generala, predstavnici braniteljskih udruga, Hrvatskog svjetskog kongresa te dr\u017eavne i \u017eupanijske vlasti.<\/p>\n\n\n\n<p>Na po\u010detku sve okupljene pozdravio je predsjednik Udruge hrvatskih branitelja Domovinskog rata 91. Mladen Pavkovi\u0107 koji je pojasnio kako se nagrada za najbolju knjigu na temu Domovinskog rata dodjeljuje ve\u0107 15 godina pod pokroviteljstvom Ministarstva branitelja i kako je ove godine na natje\u010daj pristiglo 18 djela. Govore\u0107i o ovoj knjizi rekao je kako je ona nastala kao pismo o 30. obljetnici Domovinskoga rata koji je svom \u017eestinom zapo\u010deo u Hrvatskoj 1991. godine. Kroz samo nekoliko mjeseci do\u017eivjela je i svoje drugo pro\u0161ireno izdanje, a na 146 stranica i kroz 7 cjelina geopoliti\u010dki i geostrate\u0161ki definira poziciju na\u0161eg naroda kroz stolje\u0107a.<\/p>\n\n\n\n<p>Knji\u017eevnik \u0110uro Vidmarovi\u0107 rekao je kako je ovo povijesni trenutak da se na promociji jedne knjige okupe toliki generali Domovinskog rata na kojima po\u010diva ova dr\u017eava. Upozorio je i kako su ovakve knjige uglavnom nedostupne \u0161iroj javnosti zbog odnosa dr\u017eave prema povijesnim temama, nazvav\u0161i to diverzijom. Predlo\u017eio je kako bi 25 godina nakon rata kona\u010dno trebalo uklju\u010diti mlade educirane literate da istra\u017euju i pi\u0161u o toj temi, a ne dopustiti da se u doma\u0107im djelima, osobito filmskih nerijetko branitelje i rat sramoti. Uputiv\u0161i kritiku aktualnoj politici, rekao je i kako koalicijski odnosi politi\u010dara ne smiju biti na \u0161tetu nacionalne povijesti i povijesne istine.<\/p>\n\n\n\n<p>Vidmarovi\u0107 je ustvrdio i kako su ovom knjigom Tolj, kao prvi hrvatski general knji\u017eevnik i biskup Ko\u0161i\u0107 uputili nevi\u0111enu zajedni\u010dku poruku, te kako je ovo prvi puta u povijesti da jedan hrvatski general i hrvatski biskup pi\u0161u zajedno knjigu i nalaze se na istoj relaciji. Knji\u017eica je pisana telegramski, ali svako poglavlje ove knjige zahtjeva dodatnu elaboraciju i posebnu knjigu, jer dana\u0161nja Hrvatska jo\u0161 nije rije\u0161ila mnoga pitanja.<\/p>\n\n\n\n<p>Zahvaljuju\u0107i na priznanju, general Tolj je rekao kako se predstavljanjem ove knjige odaje po\u010dast Hrvatskoj koja je prije 30 godina do\u017eivjela stra\u0161ne udare i krvarila na sve mogu\u0107e na\u010dine. Pojasniv\u0161i odakle je do\u0161lo do toga da su autori biskup i general, rekao je kako je knjiga izrasla iz njegovog 40-godi\u0161njeg prijateljstva s Ko\u0161i\u0107em te kako su nastojali evocirati sve \u0161to su osje\u0107ali i do\u017eivjeli i \u0161to je najva\u017enije, dijagnosticirati, duhovno, demografsko i gospodarsko stanje hrvatske nacije. Zaklju\u010dio je i kako je ova knjiga poziv apsolutno svima da prionu posvema\u0161noj obnovi Hrvatske ina\u010de nam se pi\u0161e totalna propast i pitanje je tko \u0107e za stotinu godina \u017eivjeti ovdje.<\/p>\n\n\n\n<p>Na kraju je sve pozdravio i zahvalio i biskup Ko\u0161i\u0107 rekav\u0161i kako je ova trideseta godi\u0161njica prilika da se jo\u0161 vi\u0161e istakne va\u017enost i da se ne zaboravi da je Domovinski rat temelj ove dr\u017eave. Tako\u0111er, \u017eelja je autora da se ovom knjigom ne samo u\u010dvrsti istina o pro\u0161losti, nego i uo\u010di ono \u0161to se trebalo razrije\u0161iti u minulu razdoblju, a nije se dogodilo, zbog propusta, pa i grijeha ne\u010dinjenja svih politi\u010dkih garnitura, od zavr\u0161etka Domovinskoga rata, a posebice od 2000. godine do danas.<\/p>\n\n\n\n<p>Biskup je rekao i kako je na\u0161a pobjeda u ratu pravo \u010dudo te kao \u0161to \u017didovi imaju Pashu i obilje\u017eavaju izlazak iz egipatskog ropstva, tako bi to trebali \u010diniti i mi, biti zahvalni Bogu i braniteljima te \u010ditavom narodu. Konstatirao je i kako je Hrvatska 1991. godine opstala zahvaljuju\u0107i zajedni\u0161tvu, a da se to nije dogodilo, danas je ne bi bilo. Na kraju, poru\u010dio je i kako je&nbsp;<strong>Hrvatska obranjena pod znakom Kraljice Krunice, kri\u017ea i hrvatskog grba te kako pora\u017eena crvena zvijezda pod kojom su u\u010dinjeni stra\u0161ni zlo\u010dini nema \u0161to tra\u017eiti u javnom prostoru.<\/strong><\/p>\n\n\n\n<p><em>Izvor: narod.hr<\/em><\/p>\n","protected":false},"excerpt":{"rendered":"<p>Predstavljanje knjige \u201eJuna\u010dka i sveta Hrvatska\u201c odr\u017eano je u \u010detvrtak, 14. listopada u Velikom Kaptolu u Sisku. Knjigu su predstavili knji\u017eevnik \u0110uro Vidmarovi\u0107 i novinar Mladen Pavkovi\u0107. Tom prigodom autorima sisa\u010dkom biskupu Vladi Ko\u0161i\u0107u i generalu HV u miru Ivanu Tolju je sve\u010dano dodijeljena Velika zlatna plaketa \u201eBili smo prvi kad je trebalo\u201c, za najbolju [&hellip;]<\/p>\n","protected":false},"author":2,"featured_media":76225,"comment_status":"closed","ping_status":"closed","sticky":false,"template":"","format":"standard","meta":{"h5ap_radio_sources":[],"footnotes":""},"categories":[1],"tags":[],"class_list":["post-76224","post","type-post","status-publish","format-standard","has-post-thumbnail","hentry","category-bihiregija"],"yoast_head":"<!-- This site is optimized with the Yoast SEO plugin v27.4 - https:\/\/yoast.com\/product\/yoast-seo-wordpress\/ -->\n<title>Sisak: Predstavljena knjiga \u2018Juna\u010dka i sveta Hrvatska\u2019 biskupa Ko\u0161i\u0107a i generala Tolja - RADIO LJUBU\u0160KI<\/title>\n<meta name=\"robots\" content=\"index, follow, max-snippet:-1, max-image-preview:large, max-video-preview:-1\" \/>\n<link rel=\"canonical\" href=\"https:\/\/radioljubuski.ba\/index.php\/2021\/10\/15\/sisak-predstavljena-knjiga-junacka-i-sveta-hrvatska-biskupa-kosica-i-generala-tolja\/\" \/>\n<meta property=\"og:locale\" content=\"hr_HR\" \/>\n<meta property=\"og:type\" content=\"article\" \/>\n<meta property=\"og:title\" content=\"Sisak: Predstavljena knjiga \u2018Juna\u010dka i sveta Hrvatska\u2019 biskupa Ko\u0161i\u0107a i generala Tolja - RADIO LJUBU\u0160KI\" \/>\n<meta property=\"og:description\" content=\"Predstavljanje knjige \u201eJuna\u010dka i sveta Hrvatska\u201c odr\u017eano je u \u010detvrtak, 14. listopada u Velikom Kaptolu u Sisku. Knjigu su predstavili knji\u017eevnik \u0110uro Vidmarovi\u0107 i novinar Mladen Pavkovi\u0107. Tom prigodom autorima sisa\u010dkom biskupu Vladi Ko\u0161i\u0107u i generalu HV u miru Ivanu Tolju je sve\u010dano dodijeljena Velika zlatna plaketa \u201eBili smo prvi kad je trebalo\u201c, za najbolju [&hellip;]\" \/>\n<meta property=\"og:url\" content=\"https:\/\/radioljubuski.ba\/index.php\/2021\/10\/15\/sisak-predstavljena-knjiga-junacka-i-sveta-hrvatska-biskupa-kosica-i-generala-tolja\/\" \/>\n<meta property=\"og:site_name\" content=\"RADIO LJUBU\u0160KI\" \/>\n<meta property=\"article:publisher\" content=\"https:\/\/www.facebook.com\/Radiio-Ljubuski-1490835324566332\" \/>\n<meta property=\"article:published_time\" content=\"2021-10-15T22:02:20+00:00\" \/>\n<meta property=\"article:modified_time\" content=\"2021-10-15T22:02:21+00:00\" \/>\n<meta property=\"og:image\" content=\"https:\/\/radioljubuski.ba\/wp-content\/uploads\/2021\/10\/MG_9252-696x464-1.jpg\" \/>\n\t<meta property=\"og:image:width\" content=\"696\" \/>\n\t<meta property=\"og:image:height\" content=\"464\" \/>\n\t<meta property=\"og:image:type\" content=\"image\/jpeg\" \/>\n<meta name=\"author\" content=\"Radio Ljubu\u0161ki\" \/>\n<meta name=\"twitter:card\" content=\"summary_large_image\" \/>\n<meta name=\"twitter:creator\" content=\"@radioljubuski\" \/>\n<meta name=\"twitter:site\" content=\"@radioljubuski\" \/>\n<meta name=\"twitter:label1\" content=\"Napisao\/la\" \/>\n\t<meta name=\"twitter:data1\" content=\"Radio Ljubu\u0161ki\" \/>\n\t<meta name=\"twitter:label2\" content=\"Procijenjeno vrijeme \u010ditanja\" \/>\n\t<meta name=\"twitter:data2\" content=\"3 minute\" \/>\n<script type=\"application\/ld+json\" class=\"yoast-schema-graph\">{\"@context\":\"https:\\\/\\\/schema.org\",\"@graph\":[{\"@type\":\"Article\",\"@id\":\"https:\\\/\\\/radioljubuski.ba\\\/index.php\\\/2021\\\/10\\\/15\\\/sisak-predstavljena-knjiga-junacka-i-sveta-hrvatska-biskupa-kosica-i-generala-tolja\\\/#article\",\"isPartOf\":{\"@id\":\"https:\\\/\\\/radioljubuski.ba\\\/index.php\\\/2021\\\/10\\\/15\\\/sisak-predstavljena-knjiga-junacka-i-sveta-hrvatska-biskupa-kosica-i-generala-tolja\\\/\"},\"author\":{\"name\":\"Radio Ljubu\u0161ki\",\"@id\":\"https:\\\/\\\/radioljubuski.ba\\\/#\\\/schema\\\/person\\\/19fc700381a780f69665d7956c469e3b\"},\"headline\":\"Sisak: Predstavljena knjiga \u2018Juna\u010dka i sveta Hrvatska\u2019 biskupa Ko\u0161i\u0107a i generala Tolja\",\"datePublished\":\"2021-10-15T22:02:20+00:00\",\"dateModified\":\"2021-10-15T22:02:21+00:00\",\"mainEntityOfPage\":{\"@id\":\"https:\\\/\\\/radioljubuski.ba\\\/index.php\\\/2021\\\/10\\\/15\\\/sisak-predstavljena-knjiga-junacka-i-sveta-hrvatska-biskupa-kosica-i-generala-tolja\\\/\"},\"wordCount\":729,\"publisher\":{\"@id\":\"https:\\\/\\\/radioljubuski.ba\\\/#organization\"},\"image\":{\"@id\":\"https:\\\/\\\/radioljubuski.ba\\\/index.php\\\/2021\\\/10\\\/15\\\/sisak-predstavljena-knjiga-junacka-i-sveta-hrvatska-biskupa-kosica-i-generala-tolja\\\/#primaryimage\"},\"thumbnailUrl\":\"https:\\\/\\\/radioljubuski.ba\\\/wp-content\\\/uploads\\\/2021\\\/10\\\/MG_9252-696x464-1.jpg\",\"articleSection\":[\"BIH i regija\"],\"inLanguage\":\"hr\"},{\"@type\":\"WebPage\",\"@id\":\"https:\\\/\\\/radioljubuski.ba\\\/index.php\\\/2021\\\/10\\\/15\\\/sisak-predstavljena-knjiga-junacka-i-sveta-hrvatska-biskupa-kosica-i-generala-tolja\\\/\",\"url\":\"https:\\\/\\\/radioljubuski.ba\\\/index.php\\\/2021\\\/10\\\/15\\\/sisak-predstavljena-knjiga-junacka-i-sveta-hrvatska-biskupa-kosica-i-generala-tolja\\\/\",\"name\":\"Sisak: Predstavljena knjiga \u2018Juna\u010dka i sveta Hrvatska\u2019 biskupa Ko\u0161i\u0107a i generala Tolja - RADIO LJUBU\u0160KI\",\"isPartOf\":{\"@id\":\"https:\\\/\\\/radioljubuski.ba\\\/#website\"},\"primaryImageOfPage\":{\"@id\":\"https:\\\/\\\/radioljubuski.ba\\\/index.php\\\/2021\\\/10\\\/15\\\/sisak-predstavljena-knjiga-junacka-i-sveta-hrvatska-biskupa-kosica-i-generala-tolja\\\/#primaryimage\"},\"image\":{\"@id\":\"https:\\\/\\\/radioljubuski.ba\\\/index.php\\\/2021\\\/10\\\/15\\\/sisak-predstavljena-knjiga-junacka-i-sveta-hrvatska-biskupa-kosica-i-generala-tolja\\\/#primaryimage\"},\"thumbnailUrl\":\"https:\\\/\\\/radioljubuski.ba\\\/wp-content\\\/uploads\\\/2021\\\/10\\\/MG_9252-696x464-1.jpg\",\"datePublished\":\"2021-10-15T22:02:20+00:00\",\"dateModified\":\"2021-10-15T22:02:21+00:00\",\"breadcrumb\":{\"@id\":\"https:\\\/\\\/radioljubuski.ba\\\/index.php\\\/2021\\\/10\\\/15\\\/sisak-predstavljena-knjiga-junacka-i-sveta-hrvatska-biskupa-kosica-i-generala-tolja\\\/#breadcrumb\"},\"inLanguage\":\"hr\",\"potentialAction\":[{\"@type\":\"ReadAction\",\"target\":[\"https:\\\/\\\/radioljubuski.ba\\\/index.php\\\/2021\\\/10\\\/15\\\/sisak-predstavljena-knjiga-junacka-i-sveta-hrvatska-biskupa-kosica-i-generala-tolja\\\/\"]}]},{\"@type\":\"ImageObject\",\"inLanguage\":\"hr\",\"@id\":\"https:\\\/\\\/radioljubuski.ba\\\/index.php\\\/2021\\\/10\\\/15\\\/sisak-predstavljena-knjiga-junacka-i-sveta-hrvatska-biskupa-kosica-i-generala-tolja\\\/#primaryimage\",\"url\":\"https:\\\/\\\/radioljubuski.ba\\\/wp-content\\\/uploads\\\/2021\\\/10\\\/MG_9252-696x464-1.jpg\",\"contentUrl\":\"https:\\\/\\\/radioljubuski.ba\\\/wp-content\\\/uploads\\\/2021\\\/10\\\/MG_9252-696x464-1.jpg\",\"width\":696,\"height\":464},{\"@type\":\"BreadcrumbList\",\"@id\":\"https:\\\/\\\/radioljubuski.ba\\\/index.php\\\/2021\\\/10\\\/15\\\/sisak-predstavljena-knjiga-junacka-i-sveta-hrvatska-biskupa-kosica-i-generala-tolja\\\/#breadcrumb\",\"itemListElement\":[{\"@type\":\"ListItem\",\"position\":1,\"name\":\"Po\u010detna stranica\",\"item\":\"https:\\\/\\\/radioljubuski.ba\\\/\"},{\"@type\":\"ListItem\",\"position\":2,\"name\":\"Sisak: Predstavljena knjiga \u2018Juna\u010dka i sveta Hrvatska\u2019 biskupa Ko\u0161i\u0107a i generala Tolja\"}]},{\"@type\":\"WebSite\",\"@id\":\"https:\\\/\\\/radioljubuski.ba\\\/#website\",\"url\":\"https:\\\/\\\/radioljubuski.ba\\\/\",\"name\":\"Radio Ljubu\u0161ki\",\"description\":\"Sun\u010dana frekvencija Hercegovine\",\"publisher\":{\"@id\":\"https:\\\/\\\/radioljubuski.ba\\\/#organization\"},\"potentialAction\":[{\"@type\":\"SearchAction\",\"target\":{\"@type\":\"EntryPoint\",\"urlTemplate\":\"https:\\\/\\\/radioljubuski.ba\\\/?s={search_term_string}\"},\"query-input\":{\"@type\":\"PropertyValueSpecification\",\"valueRequired\":true,\"valueName\":\"search_term_string\"}}],\"inLanguage\":\"hr\"},{\"@type\":\"Organization\",\"@id\":\"https:\\\/\\\/radioljubuski.ba\\\/#organization\",\"name\":\"Radio Ljubu\u0161ki\",\"url\":\"https:\\\/\\\/radioljubuski.ba\\\/\",\"logo\":{\"@type\":\"ImageObject\",\"inLanguage\":\"hr\",\"@id\":\"https:\\\/\\\/radioljubuski.ba\\\/#\\\/schema\\\/logo\\\/image\\\/\",\"url\":\"https:\\\/\\\/radioljubuski.ba\\\/wp-content\\\/uploads\\\/2021\\\/02\\\/cropped-Radio_Ljubuski_logo1.jpg\",\"contentUrl\":\"https:\\\/\\\/radioljubuski.ba\\\/wp-content\\\/uploads\\\/2021\\\/02\\\/cropped-Radio_Ljubuski_logo1.jpg\",\"width\":512,\"height\":512,\"caption\":\"Radio Ljubu\u0161ki\"},\"image\":{\"@id\":\"https:\\\/\\\/radioljubuski.ba\\\/#\\\/schema\\\/logo\\\/image\\\/\"},\"sameAs\":[\"https:\\\/\\\/www.facebook.com\\\/Radiio-Ljubuski-1490835324566332\",\"https:\\\/\\\/x.com\\\/radioljubuski\",\"https:\\\/\\\/hr.linkedin.com\\\/company\\\/radio-ljubuski\",\"https:\\\/\\\/www.youtube.com\\\/channel\\\/UCHYaeO_n0Db3tjNGudGpXyw\"]},{\"@type\":\"Person\",\"@id\":\"https:\\\/\\\/radioljubuski.ba\\\/#\\\/schema\\\/person\\\/19fc700381a780f69665d7956c469e3b\",\"name\":\"Radio Ljubu\u0161ki\"}]}<\/script>\n<!-- \/ Yoast SEO plugin. -->","yoast_head_json":{"title":"Sisak: Predstavljena knjiga \u2018Juna\u010dka i sveta Hrvatska\u2019 biskupa Ko\u0161i\u0107a i generala Tolja - RADIO LJUBU\u0160KI","robots":{"index":"index","follow":"follow","max-snippet":"max-snippet:-1","max-image-preview":"max-image-preview:large","max-video-preview":"max-video-preview:-1"},"canonical":"https:\/\/radioljubuski.ba\/index.php\/2021\/10\/15\/sisak-predstavljena-knjiga-junacka-i-sveta-hrvatska-biskupa-kosica-i-generala-tolja\/","og_locale":"hr_HR","og_type":"article","og_title":"Sisak: Predstavljena knjiga \u2018Juna\u010dka i sveta Hrvatska\u2019 biskupa Ko\u0161i\u0107a i generala Tolja - RADIO LJUBU\u0160KI","og_description":"Predstavljanje knjige \u201eJuna\u010dka i sveta Hrvatska\u201c odr\u017eano je u \u010detvrtak, 14. listopada u Velikom Kaptolu u Sisku. Knjigu su predstavili knji\u017eevnik \u0110uro Vidmarovi\u0107 i novinar Mladen Pavkovi\u0107. Tom prigodom autorima sisa\u010dkom biskupu Vladi Ko\u0161i\u0107u i generalu HV u miru Ivanu Tolju je sve\u010dano dodijeljena Velika zlatna plaketa \u201eBili smo prvi kad je trebalo\u201c, za najbolju [&hellip;]","og_url":"https:\/\/radioljubuski.ba\/index.php\/2021\/10\/15\/sisak-predstavljena-knjiga-junacka-i-sveta-hrvatska-biskupa-kosica-i-generala-tolja\/","og_site_name":"RADIO LJUBU\u0160KI","article_publisher":"https:\/\/www.facebook.com\/Radiio-Ljubuski-1490835324566332","article_published_time":"2021-10-15T22:02:20+00:00","article_modified_time":"2021-10-15T22:02:21+00:00","og_image":[{"width":696,"height":464,"url":"https:\/\/radioljubuski.ba\/wp-content\/uploads\/2021\/10\/MG_9252-696x464-1.jpg","type":"image\/jpeg"}],"author":"Radio Ljubu\u0161ki","twitter_card":"summary_large_image","twitter_creator":"@radioljubuski","twitter_site":"@radioljubuski","twitter_misc":{"Napisao\/la":"Radio Ljubu\u0161ki","Procijenjeno vrijeme \u010ditanja":"3 minute"},"schema":{"@context":"https:\/\/schema.org","@graph":[{"@type":"Article","@id":"https:\/\/radioljubuski.ba\/index.php\/2021\/10\/15\/sisak-predstavljena-knjiga-junacka-i-sveta-hrvatska-biskupa-kosica-i-generala-tolja\/#article","isPartOf":{"@id":"https:\/\/radioljubuski.ba\/index.php\/2021\/10\/15\/sisak-predstavljena-knjiga-junacka-i-sveta-hrvatska-biskupa-kosica-i-generala-tolja\/"},"author":{"name":"Radio Ljubu\u0161ki","@id":"https:\/\/radioljubuski.ba\/#\/schema\/person\/19fc700381a780f69665d7956c469e3b"},"headline":"Sisak: Predstavljena knjiga \u2018Juna\u010dka i sveta Hrvatska\u2019 biskupa Ko\u0161i\u0107a i generala Tolja","datePublished":"2021-10-15T22:02:20+00:00","dateModified":"2021-10-15T22:02:21+00:00","mainEntityOfPage":{"@id":"https:\/\/radioljubuski.ba\/index.php\/2021\/10\/15\/sisak-predstavljena-knjiga-junacka-i-sveta-hrvatska-biskupa-kosica-i-generala-tolja\/"},"wordCount":729,"publisher":{"@id":"https:\/\/radioljubuski.ba\/#organization"},"image":{"@id":"https:\/\/radioljubuski.ba\/index.php\/2021\/10\/15\/sisak-predstavljena-knjiga-junacka-i-sveta-hrvatska-biskupa-kosica-i-generala-tolja\/#primaryimage"},"thumbnailUrl":"https:\/\/radioljubuski.ba\/wp-content\/uploads\/2021\/10\/MG_9252-696x464-1.jpg","articleSection":["BIH i regija"],"inLanguage":"hr"},{"@type":"WebPage","@id":"https:\/\/radioljubuski.ba\/index.php\/2021\/10\/15\/sisak-predstavljena-knjiga-junacka-i-sveta-hrvatska-biskupa-kosica-i-generala-tolja\/","url":"https:\/\/radioljubuski.ba\/index.php\/2021\/10\/15\/sisak-predstavljena-knjiga-junacka-i-sveta-hrvatska-biskupa-kosica-i-generala-tolja\/","name":"Sisak: Predstavljena knjiga \u2018Juna\u010dka i sveta Hrvatska\u2019 biskupa Ko\u0161i\u0107a i generala Tolja - RADIO LJUBU\u0160KI","isPartOf":{"@id":"https:\/\/radioljubuski.ba\/#website"},"primaryImageOfPage":{"@id":"https:\/\/radioljubuski.ba\/index.php\/2021\/10\/15\/sisak-predstavljena-knjiga-junacka-i-sveta-hrvatska-biskupa-kosica-i-generala-tolja\/#primaryimage"},"image":{"@id":"https:\/\/radioljubuski.ba\/index.php\/2021\/10\/15\/sisak-predstavljena-knjiga-junacka-i-sveta-hrvatska-biskupa-kosica-i-generala-tolja\/#primaryimage"},"thumbnailUrl":"https:\/\/radioljubuski.ba\/wp-content\/uploads\/2021\/10\/MG_9252-696x464-1.jpg","datePublished":"2021-10-15T22:02:20+00:00","dateModified":"2021-10-15T22:02:21+00:00","breadcrumb":{"@id":"https:\/\/radioljubuski.ba\/index.php\/2021\/10\/15\/sisak-predstavljena-knjiga-junacka-i-sveta-hrvatska-biskupa-kosica-i-generala-tolja\/#breadcrumb"},"inLanguage":"hr","potentialAction":[{"@type":"ReadAction","target":["https:\/\/radioljubuski.ba\/index.php\/2021\/10\/15\/sisak-predstavljena-knjiga-junacka-i-sveta-hrvatska-biskupa-kosica-i-generala-tolja\/"]}]},{"@type":"ImageObject","inLanguage":"hr","@id":"https:\/\/radioljubuski.ba\/index.php\/2021\/10\/15\/sisak-predstavljena-knjiga-junacka-i-sveta-hrvatska-biskupa-kosica-i-generala-tolja\/#primaryimage","url":"https:\/\/radioljubuski.ba\/wp-content\/uploads\/2021\/10\/MG_9252-696x464-1.jpg","contentUrl":"https:\/\/radioljubuski.ba\/wp-content\/uploads\/2021\/10\/MG_9252-696x464-1.jpg","width":696,"height":464},{"@type":"BreadcrumbList","@id":"https:\/\/radioljubuski.ba\/index.php\/2021\/10\/15\/sisak-predstavljena-knjiga-junacka-i-sveta-hrvatska-biskupa-kosica-i-generala-tolja\/#breadcrumb","itemListElement":[{"@type":"ListItem","position":1,"name":"Po\u010detna stranica","item":"https:\/\/radioljubuski.ba\/"},{"@type":"ListItem","position":2,"name":"Sisak: Predstavljena knjiga \u2018Juna\u010dka i sveta Hrvatska\u2019 biskupa Ko\u0161i\u0107a i generala Tolja"}]},{"@type":"WebSite","@id":"https:\/\/radioljubuski.ba\/#website","url":"https:\/\/radioljubuski.ba\/","name":"Radio Ljubu\u0161ki","description":"Sun\u010dana frekvencija Hercegovine","publisher":{"@id":"https:\/\/radioljubuski.ba\/#organization"},"potentialAction":[{"@type":"SearchAction","target":{"@type":"EntryPoint","urlTemplate":"https:\/\/radioljubuski.ba\/?s={search_term_string}"},"query-input":{"@type":"PropertyValueSpecification","valueRequired":true,"valueName":"search_term_string"}}],"inLanguage":"hr"},{"@type":"Organization","@id":"https:\/\/radioljubuski.ba\/#organization","name":"Radio Ljubu\u0161ki","url":"https:\/\/radioljubuski.ba\/","logo":{"@type":"ImageObject","inLanguage":"hr","@id":"https:\/\/radioljubuski.ba\/#\/schema\/logo\/image\/","url":"https:\/\/radioljubuski.ba\/wp-content\/uploads\/2021\/02\/cropped-Radio_Ljubuski_logo1.jpg","contentUrl":"https:\/\/radioljubuski.ba\/wp-content\/uploads\/2021\/02\/cropped-Radio_Ljubuski_logo1.jpg","width":512,"height":512,"caption":"Radio Ljubu\u0161ki"},"image":{"@id":"https:\/\/radioljubuski.ba\/#\/schema\/logo\/image\/"},"sameAs":["https:\/\/www.facebook.com\/Radiio-Ljubuski-1490835324566332","https:\/\/x.com\/radioljubuski","https:\/\/hr.linkedin.com\/company\/radio-ljubuski","https:\/\/www.youtube.com\/channel\/UCHYaeO_n0Db3tjNGudGpXyw"]},{"@type":"Person","@id":"https:\/\/radioljubuski.ba\/#\/schema\/person\/19fc700381a780f69665d7956c469e3b","name":"Radio Ljubu\u0161ki"}]}},"_links":{"self":[{"href":"https:\/\/radioljubuski.ba\/index.php\/wp-json\/wp\/v2\/posts\/76224","targetHints":{"allow":["GET"]}}],"collection":[{"href":"https:\/\/radioljubuski.ba\/index.php\/wp-json\/wp\/v2\/posts"}],"about":[{"href":"https:\/\/radioljubuski.ba\/index.php\/wp-json\/wp\/v2\/types\/post"}],"author":[{"embeddable":true,"href":"https:\/\/radioljubuski.ba\/index.php\/wp-json\/wp\/v2\/users\/2"}],"replies":[{"embeddable":true,"href":"https:\/\/radioljubuski.ba\/index.php\/wp-json\/wp\/v2\/comments?post=76224"}],"version-history":[{"count":1,"href":"https:\/\/radioljubuski.ba\/index.php\/wp-json\/wp\/v2\/posts\/76224\/revisions"}],"predecessor-version":[{"id":76226,"href":"https:\/\/radioljubuski.ba\/index.php\/wp-json\/wp\/v2\/posts\/76224\/revisions\/76226"}],"wp:featuredmedia":[{"embeddable":true,"href":"https:\/\/radioljubuski.ba\/index.php\/wp-json\/wp\/v2\/media\/76225"}],"wp:attachment":[{"href":"https:\/\/radioljubuski.ba\/index.php\/wp-json\/wp\/v2\/media?parent=76224"}],"wp:term":[{"taxonomy":"category","embeddable":true,"href":"https:\/\/radioljubuski.ba\/index.php\/wp-json\/wp\/v2\/categories?post=76224"},{"taxonomy":"post_tag","embeddable":true,"href":"https:\/\/radioljubuski.ba\/index.php\/wp-json\/wp\/v2\/tags?post=76224"}],"curies":[{"name":"wp","href":"https:\/\/api.w.org\/{rel}","templated":true}]}}