{"id":76227,"date":"2021-10-15T23:05:59","date_gmt":"2021-10-15T22:05:59","guid":{"rendered":"https:\/\/radioljubuski.ba\/?p=76227"},"modified":"2021-10-15T23:06:00","modified_gmt":"2021-10-15T22:06:00","slug":"kako-su-hrvatski-zastupnici-u-ep-u-glasovali-o-teksaskom-pro-life-zakonu","status":"publish","type":"post","link":"https:\/\/radioljubuski.ba\/index.php\/2021\/10\/15\/kako-su-hrvatski-zastupnici-u-ep-u-glasovali-o-teksaskom-pro-life-zakonu\/","title":{"rendered":"Kako su hrvatski zastupnici u EP-u glasovali o teksa\u0161kom pro-life zakonu?"},"content":{"rendered":"\n<p>Ve\u0107ina \u010dlanova Europskog Parlamenta (MEP) usvojila je Odluku koja ne samo da&nbsp;<strong>osu\u0111uje i poziva na ukidanje prijedloga&nbsp;<\/strong><a href=\"https:\/\/narod.hr\/svijet\/teksas-na-snazi-zabrana-pobacaja-nakon-sestog-tjedna-trudnoce\"><strong>Zakona 8<\/strong><\/a>, teksa\u0161kog Senata (koji zabranjuje poba\u010daj nakon \u0161to se detektiraju djetetovi otkucaji srca)&nbsp;<strong>ve\u0107 poziva sve savezne dr\u017eave SAD-a da ukinu sve zakone protiv poba\u010daja<\/strong>&nbsp;pozivaju\u0107i se na Zakon o za\u0161titi \u017eenskog zdravlja te da osnuju \u201epravnu zakonsku za\u0161titu za op\u0107i pristup poba\u010daju\u201c, pi\u0161e&nbsp;<a href=\"http:\/\/www.pncius.org\/update.aspx?id=247\">Pncius<\/a>.<\/p>\n\n\n\n<p><a href=\"https:\/\/redirect.viglink.com\/?format=go&amp;jsonp=vglnk_163415864561710&amp;key=034153a8f6f990b64f375d12e1cc4572&amp;libId=kupwxput01000nv1000DLzb1f2942x141&amp;loc=http%3A%2F%2Fwww.pncius.org%2Fupdate.aspx%3Fid%3D247&amp;v=1&amp;out=https%3A%2F%2Fwww.europarl.europa.eu%2FRegData%2Fseance_pleniere%2Ftextes_adoptes%2Fdefinitif%2F2021%2F10-07%2F0419%2FP9_TA(2021)0419_EN.pdf&amp;title=European%20Parliament%20Condemns%20US%20Pro-Life%20Laws&amp;txt=European%20Parliament%20resolution%20of%207%20October%202021%20on%20the%20state%20law%20relating%20to%20abortion%20in%20Texas%2C%20USA%20(2021%2F2910(RSP)\">Neobvezuju\u0107u Odluku<\/a>\u00a0predstavila je lijeva politi\u010dka skupina te je na glasovanju dobila 381 glas za, 253 protiv i 36 suzdr\u017eanih.<\/p>\n\n\n\n<figure class=\"wp-block-image\"><img decoding=\"async\" src=\"https:\/\/narod.hr\/wp-content\/uploads\/2021\/10\/eu-glasovanje.jpg\" alt=\"\"\/><\/figure>\n\n\n\n<h5 class=\"wp-block-heading\"><strong>Kako su glasovali hrvatski eurozastupnici?<\/strong><\/h5>\n\n\n\n<p><strong>Ladislav Il\u010di\u0107<\/strong>&nbsp;glasovao je&nbsp;<strong>protiv Odluke<\/strong>&nbsp;pru\u017eaju\u0107i time podr\u0161ku teksa\u0161kom zakonu i nero\u0111enoj djeci koju taj zakon \u0161titi.<\/p>\n\n\n\n<p>S obzirom na to da je Europska pu\u010dka stranka (EPP) bila protiv Odluke te je pozvala svoje zastupnike da glasuju protiv, tome su se odazvali lojalni \u010dlanovi HDZ-a&nbsp;<strong>Karlo Ressler<\/strong>&nbsp;i&nbsp;<strong>Tomislav Sokol<\/strong>, dok zastupnice HDZ-a&nbsp;<strong>Sun\u010dana Glavak i \u017deljana Zovko nisu glasovale<\/strong>.<\/p>\n\n\n\n<p><strong>Suzdr\u017eani<\/strong>&nbsp;su bili neovisni zastupnik&nbsp;<strong>Mislav Kolaku\u0161i\u0107<\/strong>&nbsp;i zastupnik \u017divog zida&nbsp;<strong>Ivan Vilibor Sin\u010di\u0107<\/strong>.<\/p>\n\n\n\n<p><strong>Odluku su poduprli<\/strong>&nbsp;zastupnici SDP-a&nbsp;<strong>Tonino Picula, Predrag Mati\u0107, Romana Jerkovi\u0107 i Biljana Borzan<\/strong>, kao i zastupnik IDS-a&nbsp;<strong>Valter Flego<\/strong>.<\/p>\n\n\n\n<p><em>Izvor: narod.hr<\/em><\/p>\n","protected":false},"excerpt":{"rendered":"<p>Ve\u0107ina \u010dlanova Europskog Parlamenta (MEP) usvojila je Odluku koja ne samo da&nbsp;osu\u0111uje i poziva na ukidanje prijedloga&nbsp;Zakona 8, teksa\u0161kog Senata (koji zabranjuje poba\u010daj nakon \u0161to se detektiraju djetetovi otkucaji srca)&nbsp;ve\u0107 poziva sve savezne dr\u017eave SAD-a da ukinu sve zakone protiv poba\u010daja&nbsp;pozivaju\u0107i se na Zakon o za\u0161titi \u017eenskog zdravlja te da osnuju \u201epravnu zakonsku za\u0161titu za [&hellip;]<\/p>\n","protected":false},"author":2,"featured_media":76228,"comment_status":"closed","ping_status":"closed","sticky":false,"template":"","format":"standard","meta":{"h5ap_radio_sources":[],"footnotes":""},"categories":[1],"tags":[],"class_list":["post-76227","post","type-post","status-publish","format-standard","has-post-thumbnail","hentry","category-bihiregija"],"yoast_head":"<!-- This site is optimized with the Yoast SEO plugin v27.4 - https:\/\/yoast.com\/product\/yoast-seo-wordpress\/ -->\n<title>Kako su hrvatski zastupnici u EP-u glasovali o teksa\u0161kom pro-life zakonu? - RADIO LJUBU\u0160KI<\/title>\n<meta name=\"robots\" content=\"index, follow, max-snippet:-1, max-image-preview:large, max-video-preview:-1\" \/>\n<link rel=\"canonical\" href=\"https:\/\/radioljubuski.ba\/index.php\/2021\/10\/15\/kako-su-hrvatski-zastupnici-u-ep-u-glasovali-o-teksaskom-pro-life-zakonu\/\" \/>\n<meta property=\"og:locale\" content=\"hr_HR\" \/>\n<meta property=\"og:type\" content=\"article\" \/>\n<meta property=\"og:title\" content=\"Kako su hrvatski zastupnici u EP-u glasovali o teksa\u0161kom pro-life zakonu? - RADIO LJUBU\u0160KI\" \/>\n<meta property=\"og:description\" content=\"Ve\u0107ina \u010dlanova Europskog Parlamenta (MEP) usvojila je Odluku koja ne samo da&nbsp;osu\u0111uje i poziva na ukidanje prijedloga&nbsp;Zakona 8, teksa\u0161kog Senata (koji zabranjuje poba\u010daj nakon \u0161to se detektiraju djetetovi otkucaji srca)&nbsp;ve\u0107 poziva sve savezne dr\u017eave SAD-a da ukinu sve zakone protiv poba\u010daja&nbsp;pozivaju\u0107i se na Zakon o za\u0161titi \u017eenskog zdravlja te da osnuju \u201epravnu zakonsku za\u0161titu za [&hellip;]\" \/>\n<meta property=\"og:url\" content=\"https:\/\/radioljubuski.ba\/index.php\/2021\/10\/15\/kako-su-hrvatski-zastupnici-u-ep-u-glasovali-o-teksaskom-pro-life-zakonu\/\" \/>\n<meta property=\"og:site_name\" content=\"RADIO LJUBU\u0160KI\" \/>\n<meta property=\"article:publisher\" content=\"https:\/\/www.facebook.com\/Radiio-Ljubuski-1490835324566332\" \/>\n<meta property=\"article:published_time\" content=\"2021-10-15T22:05:59+00:00\" \/>\n<meta property=\"article:modified_time\" content=\"2021-10-15T22:06:00+00:00\" \/>\n<meta property=\"og:image\" content=\"https:\/\/radioljubuski.ba\/wp-content\/uploads\/2021\/10\/dijete-europski-parlament-eu-696x464-1.jpg\" \/>\n\t<meta property=\"og:image:width\" content=\"696\" \/>\n\t<meta property=\"og:image:height\" content=\"464\" \/>\n\t<meta property=\"og:image:type\" content=\"image\/jpeg\" \/>\n<meta name=\"author\" content=\"Radio Ljubu\u0161ki\" \/>\n<meta name=\"twitter:card\" content=\"summary_large_image\" \/>\n<meta name=\"twitter:creator\" content=\"@radioljubuski\" \/>\n<meta name=\"twitter:site\" content=\"@radioljubuski\" \/>\n<meta name=\"twitter:label1\" content=\"Napisao\/la\" \/>\n\t<meta name=\"twitter:data1\" content=\"Radio Ljubu\u0161ki\" \/>\n\t<meta name=\"twitter:label2\" content=\"Procijenjeno vrijeme \u010ditanja\" \/>\n\t<meta name=\"twitter:data2\" content=\"2 minute\" \/>\n<script type=\"application\/ld+json\" class=\"yoast-schema-graph\">{\"@context\":\"https:\\\/\\\/schema.org\",\"@graph\":[{\"@type\":\"Article\",\"@id\":\"https:\\\/\\\/radioljubuski.ba\\\/index.php\\\/2021\\\/10\\\/15\\\/kako-su-hrvatski-zastupnici-u-ep-u-glasovali-o-teksaskom-pro-life-zakonu\\\/#article\",\"isPartOf\":{\"@id\":\"https:\\\/\\\/radioljubuski.ba\\\/index.php\\\/2021\\\/10\\\/15\\\/kako-su-hrvatski-zastupnici-u-ep-u-glasovali-o-teksaskom-pro-life-zakonu\\\/\"},\"author\":{\"name\":\"Radio Ljubu\u0161ki\",\"@id\":\"https:\\\/\\\/radioljubuski.ba\\\/#\\\/schema\\\/person\\\/19fc700381a780f69665d7956c469e3b\"},\"headline\":\"Kako su hrvatski zastupnici u EP-u glasovali o teksa\u0161kom pro-life zakonu?\",\"datePublished\":\"2021-10-15T22:05:59+00:00\",\"dateModified\":\"2021-10-15T22:06:00+00:00\",\"mainEntityOfPage\":{\"@id\":\"https:\\\/\\\/radioljubuski.ba\\\/index.php\\\/2021\\\/10\\\/15\\\/kako-su-hrvatski-zastupnici-u-ep-u-glasovali-o-teksaskom-pro-life-zakonu\\\/\"},\"wordCount\":240,\"publisher\":{\"@id\":\"https:\\\/\\\/radioljubuski.ba\\\/#organization\"},\"image\":{\"@id\":\"https:\\\/\\\/radioljubuski.ba\\\/index.php\\\/2021\\\/10\\\/15\\\/kako-su-hrvatski-zastupnici-u-ep-u-glasovali-o-teksaskom-pro-life-zakonu\\\/#primaryimage\"},\"thumbnailUrl\":\"https:\\\/\\\/radioljubuski.ba\\\/wp-content\\\/uploads\\\/2021\\\/10\\\/dijete-europski-parlament-eu-696x464-1.jpg\",\"articleSection\":[\"BIH i regija\"],\"inLanguage\":\"hr\"},{\"@type\":\"WebPage\",\"@id\":\"https:\\\/\\\/radioljubuski.ba\\\/index.php\\\/2021\\\/10\\\/15\\\/kako-su-hrvatski-zastupnici-u-ep-u-glasovali-o-teksaskom-pro-life-zakonu\\\/\",\"url\":\"https:\\\/\\\/radioljubuski.ba\\\/index.php\\\/2021\\\/10\\\/15\\\/kako-su-hrvatski-zastupnici-u-ep-u-glasovali-o-teksaskom-pro-life-zakonu\\\/\",\"name\":\"Kako su hrvatski zastupnici u EP-u glasovali o teksa\u0161kom pro-life zakonu? - RADIO LJUBU\u0160KI\",\"isPartOf\":{\"@id\":\"https:\\\/\\\/radioljubuski.ba\\\/#website\"},\"primaryImageOfPage\":{\"@id\":\"https:\\\/\\\/radioljubuski.ba\\\/index.php\\\/2021\\\/10\\\/15\\\/kako-su-hrvatski-zastupnici-u-ep-u-glasovali-o-teksaskom-pro-life-zakonu\\\/#primaryimage\"},\"image\":{\"@id\":\"https:\\\/\\\/radioljubuski.ba\\\/index.php\\\/2021\\\/10\\\/15\\\/kako-su-hrvatski-zastupnici-u-ep-u-glasovali-o-teksaskom-pro-life-zakonu\\\/#primaryimage\"},\"thumbnailUrl\":\"https:\\\/\\\/radioljubuski.ba\\\/wp-content\\\/uploads\\\/2021\\\/10\\\/dijete-europski-parlament-eu-696x464-1.jpg\",\"datePublished\":\"2021-10-15T22:05:59+00:00\",\"dateModified\":\"2021-10-15T22:06:00+00:00\",\"breadcrumb\":{\"@id\":\"https:\\\/\\\/radioljubuski.ba\\\/index.php\\\/2021\\\/10\\\/15\\\/kako-su-hrvatski-zastupnici-u-ep-u-glasovali-o-teksaskom-pro-life-zakonu\\\/#breadcrumb\"},\"inLanguage\":\"hr\",\"potentialAction\":[{\"@type\":\"ReadAction\",\"target\":[\"https:\\\/\\\/radioljubuski.ba\\\/index.php\\\/2021\\\/10\\\/15\\\/kako-su-hrvatski-zastupnici-u-ep-u-glasovali-o-teksaskom-pro-life-zakonu\\\/\"]}]},{\"@type\":\"ImageObject\",\"inLanguage\":\"hr\",\"@id\":\"https:\\\/\\\/radioljubuski.ba\\\/index.php\\\/2021\\\/10\\\/15\\\/kako-su-hrvatski-zastupnici-u-ep-u-glasovali-o-teksaskom-pro-life-zakonu\\\/#primaryimage\",\"url\":\"https:\\\/\\\/radioljubuski.ba\\\/wp-content\\\/uploads\\\/2021\\\/10\\\/dijete-europski-parlament-eu-696x464-1.jpg\",\"contentUrl\":\"https:\\\/\\\/radioljubuski.ba\\\/wp-content\\\/uploads\\\/2021\\\/10\\\/dijete-europski-parlament-eu-696x464-1.jpg\",\"width\":696,\"height\":464},{\"@type\":\"BreadcrumbList\",\"@id\":\"https:\\\/\\\/radioljubuski.ba\\\/index.php\\\/2021\\\/10\\\/15\\\/kako-su-hrvatski-zastupnici-u-ep-u-glasovali-o-teksaskom-pro-life-zakonu\\\/#breadcrumb\",\"itemListElement\":[{\"@type\":\"ListItem\",\"position\":1,\"name\":\"Po\u010detna stranica\",\"item\":\"https:\\\/\\\/radioljubuski.ba\\\/\"},{\"@type\":\"ListItem\",\"position\":2,\"name\":\"Kako su hrvatski zastupnici u EP-u glasovali o teksa\u0161kom pro-life zakonu?\"}]},{\"@type\":\"WebSite\",\"@id\":\"https:\\\/\\\/radioljubuski.ba\\\/#website\",\"url\":\"https:\\\/\\\/radioljubuski.ba\\\/\",\"name\":\"Radio Ljubu\u0161ki\",\"description\":\"Sun\u010dana frekvencija Hercegovine\",\"publisher\":{\"@id\":\"https:\\\/\\\/radioljubuski.ba\\\/#organization\"},\"potentialAction\":[{\"@type\":\"SearchAction\",\"target\":{\"@type\":\"EntryPoint\",\"urlTemplate\":\"https:\\\/\\\/radioljubuski.ba\\\/?s={search_term_string}\"},\"query-input\":{\"@type\":\"PropertyValueSpecification\",\"valueRequired\":true,\"valueName\":\"search_term_string\"}}],\"inLanguage\":\"hr\"},{\"@type\":\"Organization\",\"@id\":\"https:\\\/\\\/radioljubuski.ba\\\/#organization\",\"name\":\"Radio Ljubu\u0161ki\",\"url\":\"https:\\\/\\\/radioljubuski.ba\\\/\",\"logo\":{\"@type\":\"ImageObject\",\"inLanguage\":\"hr\",\"@id\":\"https:\\\/\\\/radioljubuski.ba\\\/#\\\/schema\\\/logo\\\/image\\\/\",\"url\":\"https:\\\/\\\/radioljubuski.ba\\\/wp-content\\\/uploads\\\/2021\\\/02\\\/cropped-Radio_Ljubuski_logo1.jpg\",\"contentUrl\":\"https:\\\/\\\/radioljubuski.ba\\\/wp-content\\\/uploads\\\/2021\\\/02\\\/cropped-Radio_Ljubuski_logo1.jpg\",\"width\":512,\"height\":512,\"caption\":\"Radio Ljubu\u0161ki\"},\"image\":{\"@id\":\"https:\\\/\\\/radioljubuski.ba\\\/#\\\/schema\\\/logo\\\/image\\\/\"},\"sameAs\":[\"https:\\\/\\\/www.facebook.com\\\/Radiio-Ljubuski-1490835324566332\",\"https:\\\/\\\/x.com\\\/radioljubuski\",\"https:\\\/\\\/hr.linkedin.com\\\/company\\\/radio-ljubuski\",\"https:\\\/\\\/www.youtube.com\\\/channel\\\/UCHYaeO_n0Db3tjNGudGpXyw\"]},{\"@type\":\"Person\",\"@id\":\"https:\\\/\\\/radioljubuski.ba\\\/#\\\/schema\\\/person\\\/19fc700381a780f69665d7956c469e3b\",\"name\":\"Radio Ljubu\u0161ki\"}]}<\/script>\n<!-- \/ Yoast SEO plugin. -->","yoast_head_json":{"title":"Kako su hrvatski zastupnici u EP-u glasovali o teksa\u0161kom pro-life zakonu? - RADIO LJUBU\u0160KI","robots":{"index":"index","follow":"follow","max-snippet":"max-snippet:-1","max-image-preview":"max-image-preview:large","max-video-preview":"max-video-preview:-1"},"canonical":"https:\/\/radioljubuski.ba\/index.php\/2021\/10\/15\/kako-su-hrvatski-zastupnici-u-ep-u-glasovali-o-teksaskom-pro-life-zakonu\/","og_locale":"hr_HR","og_type":"article","og_title":"Kako su hrvatski zastupnici u EP-u glasovali o teksa\u0161kom pro-life zakonu? - RADIO LJUBU\u0160KI","og_description":"Ve\u0107ina \u010dlanova Europskog Parlamenta (MEP) usvojila je Odluku koja ne samo da&nbsp;osu\u0111uje i poziva na ukidanje prijedloga&nbsp;Zakona 8, teksa\u0161kog Senata (koji zabranjuje poba\u010daj nakon \u0161to se detektiraju djetetovi otkucaji srca)&nbsp;ve\u0107 poziva sve savezne dr\u017eave SAD-a da ukinu sve zakone protiv poba\u010daja&nbsp;pozivaju\u0107i se na Zakon o za\u0161titi \u017eenskog zdravlja te da osnuju \u201epravnu zakonsku za\u0161titu za [&hellip;]","og_url":"https:\/\/radioljubuski.ba\/index.php\/2021\/10\/15\/kako-su-hrvatski-zastupnici-u-ep-u-glasovali-o-teksaskom-pro-life-zakonu\/","og_site_name":"RADIO LJUBU\u0160KI","article_publisher":"https:\/\/www.facebook.com\/Radiio-Ljubuski-1490835324566332","article_published_time":"2021-10-15T22:05:59+00:00","article_modified_time":"2021-10-15T22:06:00+00:00","og_image":[{"width":696,"height":464,"url":"https:\/\/radioljubuski.ba\/wp-content\/uploads\/2021\/10\/dijete-europski-parlament-eu-696x464-1.jpg","type":"image\/jpeg"}],"author":"Radio Ljubu\u0161ki","twitter_card":"summary_large_image","twitter_creator":"@radioljubuski","twitter_site":"@radioljubuski","twitter_misc":{"Napisao\/la":"Radio Ljubu\u0161ki","Procijenjeno vrijeme \u010ditanja":"2 minute"},"schema":{"@context":"https:\/\/schema.org","@graph":[{"@type":"Article","@id":"https:\/\/radioljubuski.ba\/index.php\/2021\/10\/15\/kako-su-hrvatski-zastupnici-u-ep-u-glasovali-o-teksaskom-pro-life-zakonu\/#article","isPartOf":{"@id":"https:\/\/radioljubuski.ba\/index.php\/2021\/10\/15\/kako-su-hrvatski-zastupnici-u-ep-u-glasovali-o-teksaskom-pro-life-zakonu\/"},"author":{"name":"Radio Ljubu\u0161ki","@id":"https:\/\/radioljubuski.ba\/#\/schema\/person\/19fc700381a780f69665d7956c469e3b"},"headline":"Kako su hrvatski zastupnici u EP-u glasovali o teksa\u0161kom pro-life zakonu?","datePublished":"2021-10-15T22:05:59+00:00","dateModified":"2021-10-15T22:06:00+00:00","mainEntityOfPage":{"@id":"https:\/\/radioljubuski.ba\/index.php\/2021\/10\/15\/kako-su-hrvatski-zastupnici-u-ep-u-glasovali-o-teksaskom-pro-life-zakonu\/"},"wordCount":240,"publisher":{"@id":"https:\/\/radioljubuski.ba\/#organization"},"image":{"@id":"https:\/\/radioljubuski.ba\/index.php\/2021\/10\/15\/kako-su-hrvatski-zastupnici-u-ep-u-glasovali-o-teksaskom-pro-life-zakonu\/#primaryimage"},"thumbnailUrl":"https:\/\/radioljubuski.ba\/wp-content\/uploads\/2021\/10\/dijete-europski-parlament-eu-696x464-1.jpg","articleSection":["BIH i regija"],"inLanguage":"hr"},{"@type":"WebPage","@id":"https:\/\/radioljubuski.ba\/index.php\/2021\/10\/15\/kako-su-hrvatski-zastupnici-u-ep-u-glasovali-o-teksaskom-pro-life-zakonu\/","url":"https:\/\/radioljubuski.ba\/index.php\/2021\/10\/15\/kako-su-hrvatski-zastupnici-u-ep-u-glasovali-o-teksaskom-pro-life-zakonu\/","name":"Kako su hrvatski zastupnici u EP-u glasovali o teksa\u0161kom pro-life zakonu? - RADIO LJUBU\u0160KI","isPartOf":{"@id":"https:\/\/radioljubuski.ba\/#website"},"primaryImageOfPage":{"@id":"https:\/\/radioljubuski.ba\/index.php\/2021\/10\/15\/kako-su-hrvatski-zastupnici-u-ep-u-glasovali-o-teksaskom-pro-life-zakonu\/#primaryimage"},"image":{"@id":"https:\/\/radioljubuski.ba\/index.php\/2021\/10\/15\/kako-su-hrvatski-zastupnici-u-ep-u-glasovali-o-teksaskom-pro-life-zakonu\/#primaryimage"},"thumbnailUrl":"https:\/\/radioljubuski.ba\/wp-content\/uploads\/2021\/10\/dijete-europski-parlament-eu-696x464-1.jpg","datePublished":"2021-10-15T22:05:59+00:00","dateModified":"2021-10-15T22:06:00+00:00","breadcrumb":{"@id":"https:\/\/radioljubuski.ba\/index.php\/2021\/10\/15\/kako-su-hrvatski-zastupnici-u-ep-u-glasovali-o-teksaskom-pro-life-zakonu\/#breadcrumb"},"inLanguage":"hr","potentialAction":[{"@type":"ReadAction","target":["https:\/\/radioljubuski.ba\/index.php\/2021\/10\/15\/kako-su-hrvatski-zastupnici-u-ep-u-glasovali-o-teksaskom-pro-life-zakonu\/"]}]},{"@type":"ImageObject","inLanguage":"hr","@id":"https:\/\/radioljubuski.ba\/index.php\/2021\/10\/15\/kako-su-hrvatski-zastupnici-u-ep-u-glasovali-o-teksaskom-pro-life-zakonu\/#primaryimage","url":"https:\/\/radioljubuski.ba\/wp-content\/uploads\/2021\/10\/dijete-europski-parlament-eu-696x464-1.jpg","contentUrl":"https:\/\/radioljubuski.ba\/wp-content\/uploads\/2021\/10\/dijete-europski-parlament-eu-696x464-1.jpg","width":696,"height":464},{"@type":"BreadcrumbList","@id":"https:\/\/radioljubuski.ba\/index.php\/2021\/10\/15\/kako-su-hrvatski-zastupnici-u-ep-u-glasovali-o-teksaskom-pro-life-zakonu\/#breadcrumb","itemListElement":[{"@type":"ListItem","position":1,"name":"Po\u010detna stranica","item":"https:\/\/radioljubuski.ba\/"},{"@type":"ListItem","position":2,"name":"Kako su hrvatski zastupnici u EP-u glasovali o teksa\u0161kom pro-life zakonu?"}]},{"@type":"WebSite","@id":"https:\/\/radioljubuski.ba\/#website","url":"https:\/\/radioljubuski.ba\/","name":"Radio Ljubu\u0161ki","description":"Sun\u010dana frekvencija Hercegovine","publisher":{"@id":"https:\/\/radioljubuski.ba\/#organization"},"potentialAction":[{"@type":"SearchAction","target":{"@type":"EntryPoint","urlTemplate":"https:\/\/radioljubuski.ba\/?s={search_term_string}"},"query-input":{"@type":"PropertyValueSpecification","valueRequired":true,"valueName":"search_term_string"}}],"inLanguage":"hr"},{"@type":"Organization","@id":"https:\/\/radioljubuski.ba\/#organization","name":"Radio Ljubu\u0161ki","url":"https:\/\/radioljubuski.ba\/","logo":{"@type":"ImageObject","inLanguage":"hr","@id":"https:\/\/radioljubuski.ba\/#\/schema\/logo\/image\/","url":"https:\/\/radioljubuski.ba\/wp-content\/uploads\/2021\/02\/cropped-Radio_Ljubuski_logo1.jpg","contentUrl":"https:\/\/radioljubuski.ba\/wp-content\/uploads\/2021\/02\/cropped-Radio_Ljubuski_logo1.jpg","width":512,"height":512,"caption":"Radio Ljubu\u0161ki"},"image":{"@id":"https:\/\/radioljubuski.ba\/#\/schema\/logo\/image\/"},"sameAs":["https:\/\/www.facebook.com\/Radiio-Ljubuski-1490835324566332","https:\/\/x.com\/radioljubuski","https:\/\/hr.linkedin.com\/company\/radio-ljubuski","https:\/\/www.youtube.com\/channel\/UCHYaeO_n0Db3tjNGudGpXyw"]},{"@type":"Person","@id":"https:\/\/radioljubuski.ba\/#\/schema\/person\/19fc700381a780f69665d7956c469e3b","name":"Radio Ljubu\u0161ki"}]}},"_links":{"self":[{"href":"https:\/\/radioljubuski.ba\/index.php\/wp-json\/wp\/v2\/posts\/76227","targetHints":{"allow":["GET"]}}],"collection":[{"href":"https:\/\/radioljubuski.ba\/index.php\/wp-json\/wp\/v2\/posts"}],"about":[{"href":"https:\/\/radioljubuski.ba\/index.php\/wp-json\/wp\/v2\/types\/post"}],"author":[{"embeddable":true,"href":"https:\/\/radioljubuski.ba\/index.php\/wp-json\/wp\/v2\/users\/2"}],"replies":[{"embeddable":true,"href":"https:\/\/radioljubuski.ba\/index.php\/wp-json\/wp\/v2\/comments?post=76227"}],"version-history":[{"count":1,"href":"https:\/\/radioljubuski.ba\/index.php\/wp-json\/wp\/v2\/posts\/76227\/revisions"}],"predecessor-version":[{"id":76229,"href":"https:\/\/radioljubuski.ba\/index.php\/wp-json\/wp\/v2\/posts\/76227\/revisions\/76229"}],"wp:featuredmedia":[{"embeddable":true,"href":"https:\/\/radioljubuski.ba\/index.php\/wp-json\/wp\/v2\/media\/76228"}],"wp:attachment":[{"href":"https:\/\/radioljubuski.ba\/index.php\/wp-json\/wp\/v2\/media?parent=76227"}],"wp:term":[{"taxonomy":"category","embeddable":true,"href":"https:\/\/radioljubuski.ba\/index.php\/wp-json\/wp\/v2\/categories?post=76227"},{"taxonomy":"post_tag","embeddable":true,"href":"https:\/\/radioljubuski.ba\/index.php\/wp-json\/wp\/v2\/tags?post=76227"}],"curies":[{"name":"wp","href":"https:\/\/api.w.org\/{rel}","templated":true}]}}