{"id":76230,"date":"2021-10-15T23:07:16","date_gmt":"2021-10-15T22:07:16","guid":{"rendered":"https:\/\/radioljubuski.ba\/?p=76230"},"modified":"2021-10-15T23:07:17","modified_gmt":"2021-10-15T22:07:17","slug":"trudna-nakon-brutalnog-silovanja-po-prvi-put-u-zivotu-osjetila-sam-nadu-i-srecu","status":"publish","type":"post","link":"https:\/\/radioljubuski.ba\/index.php\/2021\/10\/15\/trudna-nakon-brutalnog-silovanja-po-prvi-put-u-zivotu-osjetila-sam-nadu-i-srecu\/","title":{"rendered":"Trudna nakon brutalnog silovanja: \u2018Po prvi put u \u017eivotu osjetila sam nadu i sre\u0107u\u2019"},"content":{"rendered":"\n<p>Video kojeg je objavila organizacija<a href=\"https:\/\/www.focusonthefamily.com\/\">&nbsp;\u201eFocus on the Family\u201c<\/a>&nbsp;pod nazivom \u201eIzbor je ponekad te\u017eak\u201c govori o te\u0161kim slu\u010dajevima poba\u010daja uklju\u010duju\u0107i prenatalnu dijagnozu i trudno\u0107u uzrokovanu silovanjem. Jennifer Christie i njen mu\u017e Jeff, u videu su podijelili svoju pri\u010du o silovanju i trudno\u0107i, donosi&nbsp;<a href=\"https:\/\/hodzazivot.hr\/trudna-nakon-brutalnog-silovanja-po-prvi-put-u-zivotu-sam-osjetila-nadu-i-srecu\/\" target=\"_blank\" rel=\"noreferrer noopener\">Hod za \u017eivot<\/a>.<\/p>\n\n\n\n<p>Jennifer je silovana dok je bila na poslovnom putu. Napad je bio toliko okrutan da je zavr\u0161ila sa slomljenim rebrom, slomljenim prstima i o\u0161te\u0107enjem mozga. Bila je duboko traumatizirana te su se ona i Jeff te\u0161ko nosili s tim. Jennifer je objasnila:<\/p>\n\n\n\n<p><em>Bilo je toliko boli i tame i toliko pitanja: \u201e\u0160to sad?\u201c Tko smo mi i \u0161to \u0107emo sada?\u2026 Toliko \u201eza\u0161to\u201c i \u0161to nam ovo govori, kako \u0107emo pre\u017eivjeti?<\/em><\/p>\n\n\n\n<p><em>Kako \u0107ete pre\u017eivjeti s toliko velikom tugom i ljutnjom? Bilo je toliko toga, a mi nismo pri\u010dali o tome. Jeff je poku\u0161avao biti \u010dvrst i biti uz mene, znate, bit \u0107emo u redu, a to me ljutilo zato \u0161to&nbsp; nismo u redu, ni\u0161ta nije u redu.<\/em><\/p>\n\n\n\n<p>Jennifer ka\u017ee da su tjedni poslije silovanja bili najte\u017ea stvar koju su ona i Jeff ikada pro\u0161li. Ona se nosila s ogromnom emocionalnom traumom, a Jeff se osje\u0107ao bespomo\u0107no i slomljeno jer je nije mogao za\u0161tititi.<\/p>\n\n\n\n<p>Dok je, nedugo zatim, radila na kruzeru, Jennifer je saznala da je trudna. Najprije je bila zgro\u017eena. Jennifer je bila uglavnom za \u017eivot, ali je uvijek mislila da je poba\u010daj opravdan u slu\u010daju silovanja. Ali, na ultrazvuku su se njeni osje\u0107aji promijenili. Gledala je sliku djeteta:<\/p>\n\n\n\n<p><em>Pripremam se i \u010dekam da osjetim sve \u0161to bih trebala osjetiti\u2026 \u010cekam osje\u0107aje da navru. \u010cekam u\u017eas i ljutnju i bijes i ga\u0111enje i sve ostalo. Ali ja gledam u ekran i smije\u0161im se. Smije\u0161im se svojoj bebi.<\/em><\/p>\n\n\n\n<p><em>Po prvi put od toga dana kada mi se svijet okrenuo naglava\u010dke, po prvi put nakon \u0161to je sve postalo crno, osjetila sam nadu i sre\u0107u. I bilo je kao \u201eu redu, u redu, Bog je jo\u0161 tu\u201c. Bit \u0107emo u redu.<\/em><\/p>\n\n\n\n<p>Jennifer je shvatila da, iako se nije mogla za\u0161tititi od silovatelja, mo\u017ee za\u0161tititi svoje nero\u0111eno dijete. Kad je to shvatila, rekla je: \u201eto je bio trenutak koji je sve promijenio\u201c. Ali, jo\u0161 je trebalo re\u0107i Jeffu za trudno\u0107u. Kad je saznao za bebu, odmah je rekao da \u017eeli dijete i podr\u017eao ju je u trudno\u0107i.<\/p>\n\n\n\n<p><strong>\u201eOva beba je ne\u0161to predivno, nastalo iz ne\u010dega toliko u\u017easnog i bolnog za nas\u201c<\/strong>, rekla je Jennifer. \u201eRekao je: \u2018Mi volimo djecu.\u2019 A ja sam rekla: \u2018Da, da, volimo djecu.\u2019 A on je rekao: \u2018Mi to mo\u017eemo. Ovo \u0107e biti odli\u010dno.\u2019\u201c<\/p>\n\n\n\n<p>Jeff je dodao, \u201eKad me je nazvala i rekla \u2013 to je bio Bog koji nam daje odgovor.&nbsp;<strong>To je bio na\u010din na koji \u0107emo pro\u0107i kroz ovo.<\/strong>&nbsp;On zna gdje nam je srce i On zna \u0161to trebamo. Mi volimo djecu. Znamo kako odgajati djecu.\u201c<\/p>\n\n\n\n<p><strong>Jenniferina trudno\u0107a je bila katalizator koji je donio zacjeljenje njoj i Jeffu. Donijela im je svrhu, ne\u0161to dobro proizi\u0161lo je iz ne\u010dega toliko tragi\u010dnog i u\u017easnog.<\/strong><\/p>\n\n\n\n<p>Jennifer \u017eeli poru\u010diti drugim \u017eenama koje su ostale trudne nakon silovanja:<\/p>\n\n\n\n<p><em>\u017delim re\u0107i \u017eenama, koje su silovane te ostale trudne, da vam se dogodilo ne\u0161to u\u017easno i zlo i jako, jako mi je \u017eao<strong>. Ali, dijete nije kazna i dijete nije zlo.&nbsp;<\/strong>To je dijete dio vas koliko i svako drugo dijete koje \u0107ete imati\u2026&nbsp;<strong>Dijete je prilika za zacjeljenje i iskupljenje i za krenuti dalje.<\/strong><\/em><\/p>\n\n\n\n<p>Jennifer i Jeff pri\u010dali su&nbsp; s mnogo \u017eena i parova koji su dobili djecu koja su za\u010deta silovanjem.&nbsp;<strong>Nikad nisu upoznali nekoga tko je odabrao \u017eivot i po\u017ealio.<\/strong><\/p>\n\n\n\n<p>Bilo da \u017eena rodi dijete ili ga pobaci, Jennifer ka\u017ee da \u017eena nikada ne\u0107e zaboraviti silovanje.&nbsp;<strong>Ali, dijete mo\u017ee biti samo izvor zacjeljenja, a ne i podsjetnik na traumu.<\/strong><\/p>\n\n\n\n<p>Jennifer je rekla da oni koje trebamo slu\u0161ati su \u017eene koje su pro\u0161le kroz to. Unato\u010d pri\u010di o pravu na izbor, ove \u017eene nisu po\u017ealile \u0161to su rodile nakon \u0161to su pre\u017eivjele seksualni napad.<\/p>\n\n\n\n<p>Jennifer govori o svom sinu:<\/p>\n\n\n\n<p><em>Joshua ima \u0161est godina. Fantasti\u010dan je. Urnebesan je i pun energije i ljubavi. On jednostavno zra\u010di i pravo je sidro ove obitelji. Isto je bilo s na\u0161om drugom djecom kad smo im s vremenom rekli. Kako su odrastali, pitali smo ih osje\u0107aju li \u0161to druk\u010dije prema Joshui, a oni su pitali za\u0161to. Za\u0161to bi se osje\u0107ali druk\u010dije? On je na\u0161 brat. Za\u0161to bi nas trebalo biti briga? Jednostavno, za njih se ni\u0161ta nije promijenilo. Nije \u2013 i nisu mogli zamisliti za\u0161to i bi. On je samo Joshua.<\/em><\/p>\n\n\n\n<p>Joshua je Jennifer i Jeffu donio ni\u0161ta drugo no zacjeljenje i sre\u0107u.<\/p>\n\n\n\n<p><em>Izvor: narod.hr\/hod za \u017eivot<\/em><\/p>\n","protected":false},"excerpt":{"rendered":"<p>Video kojeg je objavila organizacija&nbsp;\u201eFocus on the Family\u201c&nbsp;pod nazivom \u201eIzbor je ponekad te\u017eak\u201c govori o te\u0161kim slu\u010dajevima poba\u010daja uklju\u010duju\u0107i prenatalnu dijagnozu i trudno\u0107u uzrokovanu silovanjem. Jennifer Christie i njen mu\u017e Jeff, u videu su podijelili svoju pri\u010du o silovanju i trudno\u0107i, donosi&nbsp;Hod za \u017eivot. Jennifer je silovana dok je bila na poslovnom putu. Napad je [&hellip;]<\/p>\n","protected":false},"author":2,"featured_media":76231,"comment_status":"closed","ping_status":"closed","sticky":false,"template":"","format":"standard","meta":{"h5ap_radio_sources":[],"footnotes":""},"categories":[1],"tags":[],"class_list":["post-76230","post","type-post","status-publish","format-standard","has-post-thumbnail","hentry","category-bihiregija"],"yoast_head":"<!-- This site is optimized with the Yoast SEO plugin v27.4 - https:\/\/yoast.com\/product\/yoast-seo-wordpress\/ -->\n<title>Trudna nakon brutalnog silovanja: \u2018Po prvi put u \u017eivotu osjetila sam nadu i sre\u0107u\u2019 - RADIO LJUBU\u0160KI<\/title>\n<meta name=\"robots\" content=\"index, follow, max-snippet:-1, max-image-preview:large, max-video-preview:-1\" \/>\n<link rel=\"canonical\" href=\"https:\/\/radioljubuski.ba\/index.php\/2021\/10\/15\/trudna-nakon-brutalnog-silovanja-po-prvi-put-u-zivotu-osjetila-sam-nadu-i-srecu\/\" \/>\n<meta property=\"og:locale\" content=\"hr_HR\" \/>\n<meta property=\"og:type\" content=\"article\" \/>\n<meta property=\"og:title\" content=\"Trudna nakon brutalnog silovanja: \u2018Po prvi put u \u017eivotu osjetila sam nadu i sre\u0107u\u2019 - RADIO LJUBU\u0160KI\" \/>\n<meta property=\"og:description\" content=\"Video kojeg je objavila organizacija&nbsp;\u201eFocus on the Family\u201c&nbsp;pod nazivom \u201eIzbor je ponekad te\u017eak\u201c govori o te\u0161kim slu\u010dajevima poba\u010daja uklju\u010duju\u0107i prenatalnu dijagnozu i trudno\u0107u uzrokovanu silovanjem. Jennifer Christie i njen mu\u017e Jeff, u videu su podijelili svoju pri\u010du o silovanju i trudno\u0107i, donosi&nbsp;Hod za \u017eivot. Jennifer je silovana dok je bila na poslovnom putu. Napad je [&hellip;]\" \/>\n<meta property=\"og:url\" content=\"https:\/\/radioljubuski.ba\/index.php\/2021\/10\/15\/trudna-nakon-brutalnog-silovanja-po-prvi-put-u-zivotu-osjetila-sam-nadu-i-srecu\/\" \/>\n<meta property=\"og:site_name\" content=\"RADIO LJUBU\u0160KI\" \/>\n<meta property=\"article:publisher\" content=\"https:\/\/www.facebook.com\/Radiio-Ljubuski-1490835324566332\" \/>\n<meta property=\"article:published_time\" content=\"2021-10-15T22:07:16+00:00\" \/>\n<meta property=\"article:modified_time\" content=\"2021-10-15T22:07:17+00:00\" \/>\n<meta property=\"og:image\" content=\"https:\/\/radioljubuski.ba\/wp-content\/uploads\/2021\/10\/jennifer-christie-696x368-1.jpg\" \/>\n\t<meta property=\"og:image:width\" content=\"696\" \/>\n\t<meta property=\"og:image:height\" content=\"368\" \/>\n\t<meta property=\"og:image:type\" content=\"image\/jpeg\" \/>\n<meta name=\"author\" content=\"Radio Ljubu\u0161ki\" \/>\n<meta name=\"twitter:card\" content=\"summary_large_image\" \/>\n<meta name=\"twitter:creator\" content=\"@radioljubuski\" \/>\n<meta name=\"twitter:site\" content=\"@radioljubuski\" \/>\n<meta name=\"twitter:label1\" content=\"Napisao\/la\" \/>\n\t<meta name=\"twitter:data1\" content=\"Radio Ljubu\u0161ki\" \/>\n\t<meta name=\"twitter:label2\" content=\"Procijenjeno vrijeme \u010ditanja\" \/>\n\t<meta name=\"twitter:data2\" content=\"4 minute\" \/>\n<script type=\"application\/ld+json\" class=\"yoast-schema-graph\">{\"@context\":\"https:\\\/\\\/schema.org\",\"@graph\":[{\"@type\":\"Article\",\"@id\":\"https:\\\/\\\/radioljubuski.ba\\\/index.php\\\/2021\\\/10\\\/15\\\/trudna-nakon-brutalnog-silovanja-po-prvi-put-u-zivotu-osjetila-sam-nadu-i-srecu\\\/#article\",\"isPartOf\":{\"@id\":\"https:\\\/\\\/radioljubuski.ba\\\/index.php\\\/2021\\\/10\\\/15\\\/trudna-nakon-brutalnog-silovanja-po-prvi-put-u-zivotu-osjetila-sam-nadu-i-srecu\\\/\"},\"author\":{\"name\":\"Radio Ljubu\u0161ki\",\"@id\":\"https:\\\/\\\/radioljubuski.ba\\\/#\\\/schema\\\/person\\\/19fc700381a780f69665d7956c469e3b\"},\"headline\":\"Trudna nakon brutalnog silovanja: \u2018Po prvi put u \u017eivotu osjetila sam nadu i sre\u0107u\u2019\",\"datePublished\":\"2021-10-15T22:07:16+00:00\",\"dateModified\":\"2021-10-15T22:07:17+00:00\",\"mainEntityOfPage\":{\"@id\":\"https:\\\/\\\/radioljubuski.ba\\\/index.php\\\/2021\\\/10\\\/15\\\/trudna-nakon-brutalnog-silovanja-po-prvi-put-u-zivotu-osjetila-sam-nadu-i-srecu\\\/\"},\"wordCount\":870,\"publisher\":{\"@id\":\"https:\\\/\\\/radioljubuski.ba\\\/#organization\"},\"image\":{\"@id\":\"https:\\\/\\\/radioljubuski.ba\\\/index.php\\\/2021\\\/10\\\/15\\\/trudna-nakon-brutalnog-silovanja-po-prvi-put-u-zivotu-osjetila-sam-nadu-i-srecu\\\/#primaryimage\"},\"thumbnailUrl\":\"https:\\\/\\\/radioljubuski.ba\\\/wp-content\\\/uploads\\\/2021\\\/10\\\/jennifer-christie-696x368-1.jpg\",\"articleSection\":[\"BIH i regija\"],\"inLanguage\":\"hr\"},{\"@type\":\"WebPage\",\"@id\":\"https:\\\/\\\/radioljubuski.ba\\\/index.php\\\/2021\\\/10\\\/15\\\/trudna-nakon-brutalnog-silovanja-po-prvi-put-u-zivotu-osjetila-sam-nadu-i-srecu\\\/\",\"url\":\"https:\\\/\\\/radioljubuski.ba\\\/index.php\\\/2021\\\/10\\\/15\\\/trudna-nakon-brutalnog-silovanja-po-prvi-put-u-zivotu-osjetila-sam-nadu-i-srecu\\\/\",\"name\":\"Trudna nakon brutalnog silovanja: \u2018Po prvi put u \u017eivotu osjetila sam nadu i sre\u0107u\u2019 - RADIO LJUBU\u0160KI\",\"isPartOf\":{\"@id\":\"https:\\\/\\\/radioljubuski.ba\\\/#website\"},\"primaryImageOfPage\":{\"@id\":\"https:\\\/\\\/radioljubuski.ba\\\/index.php\\\/2021\\\/10\\\/15\\\/trudna-nakon-brutalnog-silovanja-po-prvi-put-u-zivotu-osjetila-sam-nadu-i-srecu\\\/#primaryimage\"},\"image\":{\"@id\":\"https:\\\/\\\/radioljubuski.ba\\\/index.php\\\/2021\\\/10\\\/15\\\/trudna-nakon-brutalnog-silovanja-po-prvi-put-u-zivotu-osjetila-sam-nadu-i-srecu\\\/#primaryimage\"},\"thumbnailUrl\":\"https:\\\/\\\/radioljubuski.ba\\\/wp-content\\\/uploads\\\/2021\\\/10\\\/jennifer-christie-696x368-1.jpg\",\"datePublished\":\"2021-10-15T22:07:16+00:00\",\"dateModified\":\"2021-10-15T22:07:17+00:00\",\"breadcrumb\":{\"@id\":\"https:\\\/\\\/radioljubuski.ba\\\/index.php\\\/2021\\\/10\\\/15\\\/trudna-nakon-brutalnog-silovanja-po-prvi-put-u-zivotu-osjetila-sam-nadu-i-srecu\\\/#breadcrumb\"},\"inLanguage\":\"hr\",\"potentialAction\":[{\"@type\":\"ReadAction\",\"target\":[\"https:\\\/\\\/radioljubuski.ba\\\/index.php\\\/2021\\\/10\\\/15\\\/trudna-nakon-brutalnog-silovanja-po-prvi-put-u-zivotu-osjetila-sam-nadu-i-srecu\\\/\"]}]},{\"@type\":\"ImageObject\",\"inLanguage\":\"hr\",\"@id\":\"https:\\\/\\\/radioljubuski.ba\\\/index.php\\\/2021\\\/10\\\/15\\\/trudna-nakon-brutalnog-silovanja-po-prvi-put-u-zivotu-osjetila-sam-nadu-i-srecu\\\/#primaryimage\",\"url\":\"https:\\\/\\\/radioljubuski.ba\\\/wp-content\\\/uploads\\\/2021\\\/10\\\/jennifer-christie-696x368-1.jpg\",\"contentUrl\":\"https:\\\/\\\/radioljubuski.ba\\\/wp-content\\\/uploads\\\/2021\\\/10\\\/jennifer-christie-696x368-1.jpg\",\"width\":696,\"height\":368},{\"@type\":\"BreadcrumbList\",\"@id\":\"https:\\\/\\\/radioljubuski.ba\\\/index.php\\\/2021\\\/10\\\/15\\\/trudna-nakon-brutalnog-silovanja-po-prvi-put-u-zivotu-osjetila-sam-nadu-i-srecu\\\/#breadcrumb\",\"itemListElement\":[{\"@type\":\"ListItem\",\"position\":1,\"name\":\"Po\u010detna stranica\",\"item\":\"https:\\\/\\\/radioljubuski.ba\\\/\"},{\"@type\":\"ListItem\",\"position\":2,\"name\":\"Trudna nakon brutalnog silovanja: \u2018Po prvi put u \u017eivotu osjetila sam nadu i sre\u0107u\u2019\"}]},{\"@type\":\"WebSite\",\"@id\":\"https:\\\/\\\/radioljubuski.ba\\\/#website\",\"url\":\"https:\\\/\\\/radioljubuski.ba\\\/\",\"name\":\"Radio Ljubu\u0161ki\",\"description\":\"Sun\u010dana frekvencija Hercegovine\",\"publisher\":{\"@id\":\"https:\\\/\\\/radioljubuski.ba\\\/#organization\"},\"potentialAction\":[{\"@type\":\"SearchAction\",\"target\":{\"@type\":\"EntryPoint\",\"urlTemplate\":\"https:\\\/\\\/radioljubuski.ba\\\/?s={search_term_string}\"},\"query-input\":{\"@type\":\"PropertyValueSpecification\",\"valueRequired\":true,\"valueName\":\"search_term_string\"}}],\"inLanguage\":\"hr\"},{\"@type\":\"Organization\",\"@id\":\"https:\\\/\\\/radioljubuski.ba\\\/#organization\",\"name\":\"Radio Ljubu\u0161ki\",\"url\":\"https:\\\/\\\/radioljubuski.ba\\\/\",\"logo\":{\"@type\":\"ImageObject\",\"inLanguage\":\"hr\",\"@id\":\"https:\\\/\\\/radioljubuski.ba\\\/#\\\/schema\\\/logo\\\/image\\\/\",\"url\":\"https:\\\/\\\/radioljubuski.ba\\\/wp-content\\\/uploads\\\/2021\\\/02\\\/cropped-Radio_Ljubuski_logo1.jpg\",\"contentUrl\":\"https:\\\/\\\/radioljubuski.ba\\\/wp-content\\\/uploads\\\/2021\\\/02\\\/cropped-Radio_Ljubuski_logo1.jpg\",\"width\":512,\"height\":512,\"caption\":\"Radio Ljubu\u0161ki\"},\"image\":{\"@id\":\"https:\\\/\\\/radioljubuski.ba\\\/#\\\/schema\\\/logo\\\/image\\\/\"},\"sameAs\":[\"https:\\\/\\\/www.facebook.com\\\/Radiio-Ljubuski-1490835324566332\",\"https:\\\/\\\/x.com\\\/radioljubuski\",\"https:\\\/\\\/hr.linkedin.com\\\/company\\\/radio-ljubuski\",\"https:\\\/\\\/www.youtube.com\\\/channel\\\/UCHYaeO_n0Db3tjNGudGpXyw\"]},{\"@type\":\"Person\",\"@id\":\"https:\\\/\\\/radioljubuski.ba\\\/#\\\/schema\\\/person\\\/19fc700381a780f69665d7956c469e3b\",\"name\":\"Radio Ljubu\u0161ki\"}]}<\/script>\n<!-- \/ Yoast SEO plugin. -->","yoast_head_json":{"title":"Trudna nakon brutalnog silovanja: \u2018Po prvi put u \u017eivotu osjetila sam nadu i sre\u0107u\u2019 - RADIO LJUBU\u0160KI","robots":{"index":"index","follow":"follow","max-snippet":"max-snippet:-1","max-image-preview":"max-image-preview:large","max-video-preview":"max-video-preview:-1"},"canonical":"https:\/\/radioljubuski.ba\/index.php\/2021\/10\/15\/trudna-nakon-brutalnog-silovanja-po-prvi-put-u-zivotu-osjetila-sam-nadu-i-srecu\/","og_locale":"hr_HR","og_type":"article","og_title":"Trudna nakon brutalnog silovanja: \u2018Po prvi put u \u017eivotu osjetila sam nadu i sre\u0107u\u2019 - RADIO LJUBU\u0160KI","og_description":"Video kojeg je objavila organizacija&nbsp;\u201eFocus on the Family\u201c&nbsp;pod nazivom \u201eIzbor je ponekad te\u017eak\u201c govori o te\u0161kim slu\u010dajevima poba\u010daja uklju\u010duju\u0107i prenatalnu dijagnozu i trudno\u0107u uzrokovanu silovanjem. Jennifer Christie i njen mu\u017e Jeff, u videu su podijelili svoju pri\u010du o silovanju i trudno\u0107i, donosi&nbsp;Hod za \u017eivot. Jennifer je silovana dok je bila na poslovnom putu. Napad je [&hellip;]","og_url":"https:\/\/radioljubuski.ba\/index.php\/2021\/10\/15\/trudna-nakon-brutalnog-silovanja-po-prvi-put-u-zivotu-osjetila-sam-nadu-i-srecu\/","og_site_name":"RADIO LJUBU\u0160KI","article_publisher":"https:\/\/www.facebook.com\/Radiio-Ljubuski-1490835324566332","article_published_time":"2021-10-15T22:07:16+00:00","article_modified_time":"2021-10-15T22:07:17+00:00","og_image":[{"width":696,"height":368,"url":"https:\/\/radioljubuski.ba\/wp-content\/uploads\/2021\/10\/jennifer-christie-696x368-1.jpg","type":"image\/jpeg"}],"author":"Radio Ljubu\u0161ki","twitter_card":"summary_large_image","twitter_creator":"@radioljubuski","twitter_site":"@radioljubuski","twitter_misc":{"Napisao\/la":"Radio Ljubu\u0161ki","Procijenjeno vrijeme \u010ditanja":"4 minute"},"schema":{"@context":"https:\/\/schema.org","@graph":[{"@type":"Article","@id":"https:\/\/radioljubuski.ba\/index.php\/2021\/10\/15\/trudna-nakon-brutalnog-silovanja-po-prvi-put-u-zivotu-osjetila-sam-nadu-i-srecu\/#article","isPartOf":{"@id":"https:\/\/radioljubuski.ba\/index.php\/2021\/10\/15\/trudna-nakon-brutalnog-silovanja-po-prvi-put-u-zivotu-osjetila-sam-nadu-i-srecu\/"},"author":{"name":"Radio Ljubu\u0161ki","@id":"https:\/\/radioljubuski.ba\/#\/schema\/person\/19fc700381a780f69665d7956c469e3b"},"headline":"Trudna nakon brutalnog silovanja: \u2018Po prvi put u \u017eivotu osjetila sam nadu i sre\u0107u\u2019","datePublished":"2021-10-15T22:07:16+00:00","dateModified":"2021-10-15T22:07:17+00:00","mainEntityOfPage":{"@id":"https:\/\/radioljubuski.ba\/index.php\/2021\/10\/15\/trudna-nakon-brutalnog-silovanja-po-prvi-put-u-zivotu-osjetila-sam-nadu-i-srecu\/"},"wordCount":870,"publisher":{"@id":"https:\/\/radioljubuski.ba\/#organization"},"image":{"@id":"https:\/\/radioljubuski.ba\/index.php\/2021\/10\/15\/trudna-nakon-brutalnog-silovanja-po-prvi-put-u-zivotu-osjetila-sam-nadu-i-srecu\/#primaryimage"},"thumbnailUrl":"https:\/\/radioljubuski.ba\/wp-content\/uploads\/2021\/10\/jennifer-christie-696x368-1.jpg","articleSection":["BIH i regija"],"inLanguage":"hr"},{"@type":"WebPage","@id":"https:\/\/radioljubuski.ba\/index.php\/2021\/10\/15\/trudna-nakon-brutalnog-silovanja-po-prvi-put-u-zivotu-osjetila-sam-nadu-i-srecu\/","url":"https:\/\/radioljubuski.ba\/index.php\/2021\/10\/15\/trudna-nakon-brutalnog-silovanja-po-prvi-put-u-zivotu-osjetila-sam-nadu-i-srecu\/","name":"Trudna nakon brutalnog silovanja: \u2018Po prvi put u \u017eivotu osjetila sam nadu i sre\u0107u\u2019 - RADIO LJUBU\u0160KI","isPartOf":{"@id":"https:\/\/radioljubuski.ba\/#website"},"primaryImageOfPage":{"@id":"https:\/\/radioljubuski.ba\/index.php\/2021\/10\/15\/trudna-nakon-brutalnog-silovanja-po-prvi-put-u-zivotu-osjetila-sam-nadu-i-srecu\/#primaryimage"},"image":{"@id":"https:\/\/radioljubuski.ba\/index.php\/2021\/10\/15\/trudna-nakon-brutalnog-silovanja-po-prvi-put-u-zivotu-osjetila-sam-nadu-i-srecu\/#primaryimage"},"thumbnailUrl":"https:\/\/radioljubuski.ba\/wp-content\/uploads\/2021\/10\/jennifer-christie-696x368-1.jpg","datePublished":"2021-10-15T22:07:16+00:00","dateModified":"2021-10-15T22:07:17+00:00","breadcrumb":{"@id":"https:\/\/radioljubuski.ba\/index.php\/2021\/10\/15\/trudna-nakon-brutalnog-silovanja-po-prvi-put-u-zivotu-osjetila-sam-nadu-i-srecu\/#breadcrumb"},"inLanguage":"hr","potentialAction":[{"@type":"ReadAction","target":["https:\/\/radioljubuski.ba\/index.php\/2021\/10\/15\/trudna-nakon-brutalnog-silovanja-po-prvi-put-u-zivotu-osjetila-sam-nadu-i-srecu\/"]}]},{"@type":"ImageObject","inLanguage":"hr","@id":"https:\/\/radioljubuski.ba\/index.php\/2021\/10\/15\/trudna-nakon-brutalnog-silovanja-po-prvi-put-u-zivotu-osjetila-sam-nadu-i-srecu\/#primaryimage","url":"https:\/\/radioljubuski.ba\/wp-content\/uploads\/2021\/10\/jennifer-christie-696x368-1.jpg","contentUrl":"https:\/\/radioljubuski.ba\/wp-content\/uploads\/2021\/10\/jennifer-christie-696x368-1.jpg","width":696,"height":368},{"@type":"BreadcrumbList","@id":"https:\/\/radioljubuski.ba\/index.php\/2021\/10\/15\/trudna-nakon-brutalnog-silovanja-po-prvi-put-u-zivotu-osjetila-sam-nadu-i-srecu\/#breadcrumb","itemListElement":[{"@type":"ListItem","position":1,"name":"Po\u010detna stranica","item":"https:\/\/radioljubuski.ba\/"},{"@type":"ListItem","position":2,"name":"Trudna nakon brutalnog silovanja: \u2018Po prvi put u \u017eivotu osjetila sam nadu i sre\u0107u\u2019"}]},{"@type":"WebSite","@id":"https:\/\/radioljubuski.ba\/#website","url":"https:\/\/radioljubuski.ba\/","name":"Radio Ljubu\u0161ki","description":"Sun\u010dana frekvencija Hercegovine","publisher":{"@id":"https:\/\/radioljubuski.ba\/#organization"},"potentialAction":[{"@type":"SearchAction","target":{"@type":"EntryPoint","urlTemplate":"https:\/\/radioljubuski.ba\/?s={search_term_string}"},"query-input":{"@type":"PropertyValueSpecification","valueRequired":true,"valueName":"search_term_string"}}],"inLanguage":"hr"},{"@type":"Organization","@id":"https:\/\/radioljubuski.ba\/#organization","name":"Radio Ljubu\u0161ki","url":"https:\/\/radioljubuski.ba\/","logo":{"@type":"ImageObject","inLanguage":"hr","@id":"https:\/\/radioljubuski.ba\/#\/schema\/logo\/image\/","url":"https:\/\/radioljubuski.ba\/wp-content\/uploads\/2021\/02\/cropped-Radio_Ljubuski_logo1.jpg","contentUrl":"https:\/\/radioljubuski.ba\/wp-content\/uploads\/2021\/02\/cropped-Radio_Ljubuski_logo1.jpg","width":512,"height":512,"caption":"Radio Ljubu\u0161ki"},"image":{"@id":"https:\/\/radioljubuski.ba\/#\/schema\/logo\/image\/"},"sameAs":["https:\/\/www.facebook.com\/Radiio-Ljubuski-1490835324566332","https:\/\/x.com\/radioljubuski","https:\/\/hr.linkedin.com\/company\/radio-ljubuski","https:\/\/www.youtube.com\/channel\/UCHYaeO_n0Db3tjNGudGpXyw"]},{"@type":"Person","@id":"https:\/\/radioljubuski.ba\/#\/schema\/person\/19fc700381a780f69665d7956c469e3b","name":"Radio Ljubu\u0161ki"}]}},"_links":{"self":[{"href":"https:\/\/radioljubuski.ba\/index.php\/wp-json\/wp\/v2\/posts\/76230","targetHints":{"allow":["GET"]}}],"collection":[{"href":"https:\/\/radioljubuski.ba\/index.php\/wp-json\/wp\/v2\/posts"}],"about":[{"href":"https:\/\/radioljubuski.ba\/index.php\/wp-json\/wp\/v2\/types\/post"}],"author":[{"embeddable":true,"href":"https:\/\/radioljubuski.ba\/index.php\/wp-json\/wp\/v2\/users\/2"}],"replies":[{"embeddable":true,"href":"https:\/\/radioljubuski.ba\/index.php\/wp-json\/wp\/v2\/comments?post=76230"}],"version-history":[{"count":1,"href":"https:\/\/radioljubuski.ba\/index.php\/wp-json\/wp\/v2\/posts\/76230\/revisions"}],"predecessor-version":[{"id":76232,"href":"https:\/\/radioljubuski.ba\/index.php\/wp-json\/wp\/v2\/posts\/76230\/revisions\/76232"}],"wp:featuredmedia":[{"embeddable":true,"href":"https:\/\/radioljubuski.ba\/index.php\/wp-json\/wp\/v2\/media\/76231"}],"wp:attachment":[{"href":"https:\/\/radioljubuski.ba\/index.php\/wp-json\/wp\/v2\/media?parent=76230"}],"wp:term":[{"taxonomy":"category","embeddable":true,"href":"https:\/\/radioljubuski.ba\/index.php\/wp-json\/wp\/v2\/categories?post=76230"},{"taxonomy":"post_tag","embeddable":true,"href":"https:\/\/radioljubuski.ba\/index.php\/wp-json\/wp\/v2\/tags?post=76230"}],"curies":[{"name":"wp","href":"https:\/\/api.w.org\/{rel}","templated":true}]}}