{"id":76233,"date":"2021-10-15T23:09:11","date_gmt":"2021-10-15T22:09:11","guid":{"rendered":"https:\/\/radioljubuski.ba\/?p=76233"},"modified":"2021-10-15T23:09:13","modified_gmt":"2021-10-15T22:09:13","slug":"zbog-poskupljenja-hrvatska-ce-povecati-minimalne-place-ali-nema-roka-ni-iznosa","status":"publish","type":"post","link":"https:\/\/radioljubuski.ba\/index.php\/2021\/10\/15\/zbog-poskupljenja-hrvatska-ce-povecati-minimalne-place-ali-nema-roka-ni-iznosa\/","title":{"rendered":"Zbog poskupljenja Hrvatska \u0107e pove\u0107ati minimalne pla\u0107e, ali nema roka ni iznosa\u2026"},"content":{"rendered":"\n<p>Uz privremenu odgodu pla\u0107anja ra\u010duna, Komisija predla\u017ee i da dr\u017eave siroma\u0161nim ku\u0107anstvima pomognu u pla\u0107anju ra\u010duna<\/p>\n\n\n\n<p>Hrvatska zasad nema, no zbog velikog rasta cijena energije Europska komisija ima rje\u0161enja i uputa. U masterplanu donose smjernice kojima se \u0161tite najsiroma\u0161niji i gospodarstvo, ali i poziva na udru\u017eivanje svih \u010dlanica u opskrbi plinom.<\/p>\n\n\n\n<p>Dr\u017eave \u010dlanice Europske unije trebaju pru\u017eiti hitnu pomo\u0107 \u2013 u obliku vau\u010dera ili djelomi\u010dnim pla\u0107anjem ra\u010duna siroma\u0161nima \u2013 apelira Komisija.<\/p>\n\n\n\n<p>\u201dOvo se mo\u017ee \u010diniti kao te\u017eak zadatak za dr\u017eave \u010dlanice koje se jo\u0161 oporavljaju od posljedica pandemije. Me\u0111utim, prihodi od sustava za trgovanje emisijama Europske unije rastu i mi pozivamo \u010dlanice da iskoriste taj dodatni prihod za ubla\u017eavanje u\u010dinka skoka cijena energije gdje je to potrebno\u201d, rekla je Kadri Simson, povjerenica Europske komisije.<\/p>\n\n\n\n<p>Odgovor je to na veliki rast cijena energenata poput plina i elektri\u010dne energije \u2013 koji \u010desto najvi\u0161e osjete ku\u0107anstva s manjim prihodima. Prema podacima Komisije, 31 milijun ljudi u 27 dr\u017eava \u010dlanica \u2013 2019. godine nije mogao dovoljno zagrijati svoje domove.<\/p>\n\n\n\n<p>\u201dKako bi za\u0161titile ljude u najte\u017eoj situaciji, dr\u017eave \u010dlanice mogu poduzeti mjere kojima \u0107e osigurati da nikome ne prijeti isklju\u010divanje energenata, kao i da se pla\u0107anje ra\u010duna mo\u017ee privremeno odgoditi\u201d, izjavila je Simson.<\/p>\n\n\n\n<p>Uz privremenu odgodu pla\u0107anja ra\u010duna, Komisija predla\u017ee i da dr\u017eave siroma\u0161nim ku\u0107anstvima te malim i srednjim poduze\u0107ima pomognu u pla\u0107anju ra\u010duna ili pak privremeno i ciljano smanje porez i tro\u0161arine.<\/p>\n\n\n\n<p>Komisija tvrdi da je do naglog rasta cijena do\u0161lo zbog gospodarskog oporavka od koronakrize, \u0161to dovodi do pove\u0107ane potra\u017enje i smanjene ponude na tr\u017ei\u0161tu. Ruski predsjednik rekao je da su spremni isporu\u010diti ve\u0107u koli\u010dinu plina ako Europa to zatra\u017ei, odbaciv\u0161i tvrdnje da su smanjili isporuku iz politi\u010dkih razloga.<\/p>\n\n\n\n<p>\u201d\u010cak i tijekom najte\u017eih vremena Hladnog rata Rusija je redovito ispunjavala svoje ugovorne obveze i opskrbljivala Europu plinom\u201d, izjavio je predsjednik Rusije&nbsp;<strong>Vladimir Putin<\/strong>.<\/p>\n\n\n\n<p>Europska komisija vjeruje \u2013 cijene energenata po\u010det \u0107e padati na prolje\u0107e.<\/p>\n\n\n\n<p><em>Izvor: narod.hr<\/em><\/p>\n","protected":false},"excerpt":{"rendered":"<p>Uz privremenu odgodu pla\u0107anja ra\u010duna, Komisija predla\u017ee i da dr\u017eave siroma\u0161nim ku\u0107anstvima pomognu u pla\u0107anju ra\u010duna Hrvatska zasad nema, no zbog velikog rasta cijena energije Europska komisija ima rje\u0161enja i uputa. U masterplanu donose smjernice kojima se \u0161tite najsiroma\u0161niji i gospodarstvo, ali i poziva na udru\u017eivanje svih \u010dlanica u opskrbi plinom. Dr\u017eave \u010dlanice Europske unije [&hellip;]<\/p>\n","protected":false},"author":2,"featured_media":76234,"comment_status":"closed","ping_status":"closed","sticky":false,"template":"","format":"standard","meta":{"h5ap_radio_sources":[],"footnotes":""},"categories":[1],"tags":[],"class_list":["post-76233","post","type-post","status-publish","format-standard","has-post-thumbnail","hentry","category-bihiregija"],"yoast_head":"<!-- This site is optimized with the Yoast SEO plugin v27.4 - https:\/\/yoast.com\/product\/yoast-seo-wordpress\/ -->\n<title>Zbog poskupljenja Hrvatska \u0107e pove\u0107ati minimalne pla\u0107e, ali nema roka ni iznosa\u2026 - RADIO LJUBU\u0160KI<\/title>\n<meta name=\"robots\" content=\"index, follow, max-snippet:-1, max-image-preview:large, max-video-preview:-1\" \/>\n<link rel=\"canonical\" href=\"https:\/\/radioljubuski.ba\/index.php\/2021\/10\/15\/zbog-poskupljenja-hrvatska-ce-povecati-minimalne-place-ali-nema-roka-ni-iznosa\/\" \/>\n<meta property=\"og:locale\" content=\"hr_HR\" \/>\n<meta property=\"og:type\" content=\"article\" \/>\n<meta property=\"og:title\" content=\"Zbog poskupljenja Hrvatska \u0107e pove\u0107ati minimalne pla\u0107e, ali nema roka ni iznosa\u2026 - RADIO LJUBU\u0160KI\" \/>\n<meta property=\"og:description\" content=\"Uz privremenu odgodu pla\u0107anja ra\u010duna, Komisija predla\u017ee i da dr\u017eave siroma\u0161nim ku\u0107anstvima pomognu u pla\u0107anju ra\u010duna Hrvatska zasad nema, no zbog velikog rasta cijena energije Europska komisija ima rje\u0161enja i uputa. U masterplanu donose smjernice kojima se \u0161tite najsiroma\u0161niji i gospodarstvo, ali i poziva na udru\u017eivanje svih \u010dlanica u opskrbi plinom. Dr\u017eave \u010dlanice Europske unije [&hellip;]\" \/>\n<meta property=\"og:url\" content=\"https:\/\/radioljubuski.ba\/index.php\/2021\/10\/15\/zbog-poskupljenja-hrvatska-ce-povecati-minimalne-place-ali-nema-roka-ni-iznosa\/\" \/>\n<meta property=\"og:site_name\" content=\"RADIO LJUBU\u0160KI\" \/>\n<meta property=\"article:publisher\" content=\"https:\/\/www.facebook.com\/Radiio-Ljubuski-1490835324566332\" \/>\n<meta property=\"article:published_time\" content=\"2021-10-15T22:09:11+00:00\" \/>\n<meta property=\"article:modified_time\" content=\"2021-10-15T22:09:13+00:00\" \/>\n<meta property=\"og:image\" content=\"https:\/\/radioljubuski.ba\/wp-content\/uploads\/2021\/10\/Depositphotos_50901617_xl-2015-696x464-1.jpg\" \/>\n\t<meta property=\"og:image:width\" content=\"696\" \/>\n\t<meta property=\"og:image:height\" content=\"464\" \/>\n\t<meta property=\"og:image:type\" content=\"image\/jpeg\" \/>\n<meta name=\"author\" content=\"Radio Ljubu\u0161ki\" \/>\n<meta name=\"twitter:card\" content=\"summary_large_image\" \/>\n<meta name=\"twitter:creator\" content=\"@radioljubuski\" \/>\n<meta name=\"twitter:site\" content=\"@radioljubuski\" \/>\n<meta name=\"twitter:label1\" content=\"Napisao\/la\" \/>\n\t<meta name=\"twitter:data1\" content=\"Radio Ljubu\u0161ki\" \/>\n\t<meta name=\"twitter:label2\" content=\"Procijenjeno vrijeme \u010ditanja\" \/>\n\t<meta name=\"twitter:data2\" content=\"2 minute\" \/>\n<script type=\"application\/ld+json\" class=\"yoast-schema-graph\">{\"@context\":\"https:\\\/\\\/schema.org\",\"@graph\":[{\"@type\":\"Article\",\"@id\":\"https:\\\/\\\/radioljubuski.ba\\\/index.php\\\/2021\\\/10\\\/15\\\/zbog-poskupljenja-hrvatska-ce-povecati-minimalne-place-ali-nema-roka-ni-iznosa\\\/#article\",\"isPartOf\":{\"@id\":\"https:\\\/\\\/radioljubuski.ba\\\/index.php\\\/2021\\\/10\\\/15\\\/zbog-poskupljenja-hrvatska-ce-povecati-minimalne-place-ali-nema-roka-ni-iznosa\\\/\"},\"author\":{\"name\":\"Radio Ljubu\u0161ki\",\"@id\":\"https:\\\/\\\/radioljubuski.ba\\\/#\\\/schema\\\/person\\\/19fc700381a780f69665d7956c469e3b\"},\"headline\":\"Zbog poskupljenja Hrvatska \u0107e pove\u0107ati minimalne pla\u0107e, ali nema roka ni iznosa\u2026\",\"datePublished\":\"2021-10-15T22:09:11+00:00\",\"dateModified\":\"2021-10-15T22:09:13+00:00\",\"mainEntityOfPage\":{\"@id\":\"https:\\\/\\\/radioljubuski.ba\\\/index.php\\\/2021\\\/10\\\/15\\\/zbog-poskupljenja-hrvatska-ce-povecati-minimalne-place-ali-nema-roka-ni-iznosa\\\/\"},\"wordCount\":380,\"publisher\":{\"@id\":\"https:\\\/\\\/radioljubuski.ba\\\/#organization\"},\"image\":{\"@id\":\"https:\\\/\\\/radioljubuski.ba\\\/index.php\\\/2021\\\/10\\\/15\\\/zbog-poskupljenja-hrvatska-ce-povecati-minimalne-place-ali-nema-roka-ni-iznosa\\\/#primaryimage\"},\"thumbnailUrl\":\"https:\\\/\\\/radioljubuski.ba\\\/wp-content\\\/uploads\\\/2021\\\/10\\\/Depositphotos_50901617_xl-2015-696x464-1.jpg\",\"articleSection\":[\"BIH i regija\"],\"inLanguage\":\"hr\"},{\"@type\":\"WebPage\",\"@id\":\"https:\\\/\\\/radioljubuski.ba\\\/index.php\\\/2021\\\/10\\\/15\\\/zbog-poskupljenja-hrvatska-ce-povecati-minimalne-place-ali-nema-roka-ni-iznosa\\\/\",\"url\":\"https:\\\/\\\/radioljubuski.ba\\\/index.php\\\/2021\\\/10\\\/15\\\/zbog-poskupljenja-hrvatska-ce-povecati-minimalne-place-ali-nema-roka-ni-iznosa\\\/\",\"name\":\"Zbog poskupljenja Hrvatska \u0107e pove\u0107ati minimalne pla\u0107e, ali nema roka ni iznosa\u2026 - RADIO LJUBU\u0160KI\",\"isPartOf\":{\"@id\":\"https:\\\/\\\/radioljubuski.ba\\\/#website\"},\"primaryImageOfPage\":{\"@id\":\"https:\\\/\\\/radioljubuski.ba\\\/index.php\\\/2021\\\/10\\\/15\\\/zbog-poskupljenja-hrvatska-ce-povecati-minimalne-place-ali-nema-roka-ni-iznosa\\\/#primaryimage\"},\"image\":{\"@id\":\"https:\\\/\\\/radioljubuski.ba\\\/index.php\\\/2021\\\/10\\\/15\\\/zbog-poskupljenja-hrvatska-ce-povecati-minimalne-place-ali-nema-roka-ni-iznosa\\\/#primaryimage\"},\"thumbnailUrl\":\"https:\\\/\\\/radioljubuski.ba\\\/wp-content\\\/uploads\\\/2021\\\/10\\\/Depositphotos_50901617_xl-2015-696x464-1.jpg\",\"datePublished\":\"2021-10-15T22:09:11+00:00\",\"dateModified\":\"2021-10-15T22:09:13+00:00\",\"breadcrumb\":{\"@id\":\"https:\\\/\\\/radioljubuski.ba\\\/index.php\\\/2021\\\/10\\\/15\\\/zbog-poskupljenja-hrvatska-ce-povecati-minimalne-place-ali-nema-roka-ni-iznosa\\\/#breadcrumb\"},\"inLanguage\":\"hr\",\"potentialAction\":[{\"@type\":\"ReadAction\",\"target\":[\"https:\\\/\\\/radioljubuski.ba\\\/index.php\\\/2021\\\/10\\\/15\\\/zbog-poskupljenja-hrvatska-ce-povecati-minimalne-place-ali-nema-roka-ni-iznosa\\\/\"]}]},{\"@type\":\"ImageObject\",\"inLanguage\":\"hr\",\"@id\":\"https:\\\/\\\/radioljubuski.ba\\\/index.php\\\/2021\\\/10\\\/15\\\/zbog-poskupljenja-hrvatska-ce-povecati-minimalne-place-ali-nema-roka-ni-iznosa\\\/#primaryimage\",\"url\":\"https:\\\/\\\/radioljubuski.ba\\\/wp-content\\\/uploads\\\/2021\\\/10\\\/Depositphotos_50901617_xl-2015-696x464-1.jpg\",\"contentUrl\":\"https:\\\/\\\/radioljubuski.ba\\\/wp-content\\\/uploads\\\/2021\\\/10\\\/Depositphotos_50901617_xl-2015-696x464-1.jpg\",\"width\":696,\"height\":464},{\"@type\":\"BreadcrumbList\",\"@id\":\"https:\\\/\\\/radioljubuski.ba\\\/index.php\\\/2021\\\/10\\\/15\\\/zbog-poskupljenja-hrvatska-ce-povecati-minimalne-place-ali-nema-roka-ni-iznosa\\\/#breadcrumb\",\"itemListElement\":[{\"@type\":\"ListItem\",\"position\":1,\"name\":\"Po\u010detna stranica\",\"item\":\"https:\\\/\\\/radioljubuski.ba\\\/\"},{\"@type\":\"ListItem\",\"position\":2,\"name\":\"Zbog poskupljenja Hrvatska \u0107e pove\u0107ati minimalne pla\u0107e, ali nema roka ni iznosa\u2026\"}]},{\"@type\":\"WebSite\",\"@id\":\"https:\\\/\\\/radioljubuski.ba\\\/#website\",\"url\":\"https:\\\/\\\/radioljubuski.ba\\\/\",\"name\":\"Radio Ljubu\u0161ki\",\"description\":\"Sun\u010dana frekvencija Hercegovine\",\"publisher\":{\"@id\":\"https:\\\/\\\/radioljubuski.ba\\\/#organization\"},\"potentialAction\":[{\"@type\":\"SearchAction\",\"target\":{\"@type\":\"EntryPoint\",\"urlTemplate\":\"https:\\\/\\\/radioljubuski.ba\\\/?s={search_term_string}\"},\"query-input\":{\"@type\":\"PropertyValueSpecification\",\"valueRequired\":true,\"valueName\":\"search_term_string\"}}],\"inLanguage\":\"hr\"},{\"@type\":\"Organization\",\"@id\":\"https:\\\/\\\/radioljubuski.ba\\\/#organization\",\"name\":\"Radio Ljubu\u0161ki\",\"url\":\"https:\\\/\\\/radioljubuski.ba\\\/\",\"logo\":{\"@type\":\"ImageObject\",\"inLanguage\":\"hr\",\"@id\":\"https:\\\/\\\/radioljubuski.ba\\\/#\\\/schema\\\/logo\\\/image\\\/\",\"url\":\"https:\\\/\\\/radioljubuski.ba\\\/wp-content\\\/uploads\\\/2021\\\/02\\\/cropped-Radio_Ljubuski_logo1.jpg\",\"contentUrl\":\"https:\\\/\\\/radioljubuski.ba\\\/wp-content\\\/uploads\\\/2021\\\/02\\\/cropped-Radio_Ljubuski_logo1.jpg\",\"width\":512,\"height\":512,\"caption\":\"Radio Ljubu\u0161ki\"},\"image\":{\"@id\":\"https:\\\/\\\/radioljubuski.ba\\\/#\\\/schema\\\/logo\\\/image\\\/\"},\"sameAs\":[\"https:\\\/\\\/www.facebook.com\\\/Radiio-Ljubuski-1490835324566332\",\"https:\\\/\\\/x.com\\\/radioljubuski\",\"https:\\\/\\\/hr.linkedin.com\\\/company\\\/radio-ljubuski\",\"https:\\\/\\\/www.youtube.com\\\/channel\\\/UCHYaeO_n0Db3tjNGudGpXyw\"]},{\"@type\":\"Person\",\"@id\":\"https:\\\/\\\/radioljubuski.ba\\\/#\\\/schema\\\/person\\\/19fc700381a780f69665d7956c469e3b\",\"name\":\"Radio Ljubu\u0161ki\"}]}<\/script>\n<!-- \/ Yoast SEO plugin. -->","yoast_head_json":{"title":"Zbog poskupljenja Hrvatska \u0107e pove\u0107ati minimalne pla\u0107e, ali nema roka ni iznosa\u2026 - RADIO LJUBU\u0160KI","robots":{"index":"index","follow":"follow","max-snippet":"max-snippet:-1","max-image-preview":"max-image-preview:large","max-video-preview":"max-video-preview:-1"},"canonical":"https:\/\/radioljubuski.ba\/index.php\/2021\/10\/15\/zbog-poskupljenja-hrvatska-ce-povecati-minimalne-place-ali-nema-roka-ni-iznosa\/","og_locale":"hr_HR","og_type":"article","og_title":"Zbog poskupljenja Hrvatska \u0107e pove\u0107ati minimalne pla\u0107e, ali nema roka ni iznosa\u2026 - RADIO LJUBU\u0160KI","og_description":"Uz privremenu odgodu pla\u0107anja ra\u010duna, Komisija predla\u017ee i da dr\u017eave siroma\u0161nim ku\u0107anstvima pomognu u pla\u0107anju ra\u010duna Hrvatska zasad nema, no zbog velikog rasta cijena energije Europska komisija ima rje\u0161enja i uputa. U masterplanu donose smjernice kojima se \u0161tite najsiroma\u0161niji i gospodarstvo, ali i poziva na udru\u017eivanje svih \u010dlanica u opskrbi plinom. Dr\u017eave \u010dlanice Europske unije [&hellip;]","og_url":"https:\/\/radioljubuski.ba\/index.php\/2021\/10\/15\/zbog-poskupljenja-hrvatska-ce-povecati-minimalne-place-ali-nema-roka-ni-iznosa\/","og_site_name":"RADIO LJUBU\u0160KI","article_publisher":"https:\/\/www.facebook.com\/Radiio-Ljubuski-1490835324566332","article_published_time":"2021-10-15T22:09:11+00:00","article_modified_time":"2021-10-15T22:09:13+00:00","og_image":[{"width":696,"height":464,"url":"https:\/\/radioljubuski.ba\/wp-content\/uploads\/2021\/10\/Depositphotos_50901617_xl-2015-696x464-1.jpg","type":"image\/jpeg"}],"author":"Radio Ljubu\u0161ki","twitter_card":"summary_large_image","twitter_creator":"@radioljubuski","twitter_site":"@radioljubuski","twitter_misc":{"Napisao\/la":"Radio Ljubu\u0161ki","Procijenjeno vrijeme \u010ditanja":"2 minute"},"schema":{"@context":"https:\/\/schema.org","@graph":[{"@type":"Article","@id":"https:\/\/radioljubuski.ba\/index.php\/2021\/10\/15\/zbog-poskupljenja-hrvatska-ce-povecati-minimalne-place-ali-nema-roka-ni-iznosa\/#article","isPartOf":{"@id":"https:\/\/radioljubuski.ba\/index.php\/2021\/10\/15\/zbog-poskupljenja-hrvatska-ce-povecati-minimalne-place-ali-nema-roka-ni-iznosa\/"},"author":{"name":"Radio Ljubu\u0161ki","@id":"https:\/\/radioljubuski.ba\/#\/schema\/person\/19fc700381a780f69665d7956c469e3b"},"headline":"Zbog poskupljenja Hrvatska \u0107e pove\u0107ati minimalne pla\u0107e, ali nema roka ni iznosa\u2026","datePublished":"2021-10-15T22:09:11+00:00","dateModified":"2021-10-15T22:09:13+00:00","mainEntityOfPage":{"@id":"https:\/\/radioljubuski.ba\/index.php\/2021\/10\/15\/zbog-poskupljenja-hrvatska-ce-povecati-minimalne-place-ali-nema-roka-ni-iznosa\/"},"wordCount":380,"publisher":{"@id":"https:\/\/radioljubuski.ba\/#organization"},"image":{"@id":"https:\/\/radioljubuski.ba\/index.php\/2021\/10\/15\/zbog-poskupljenja-hrvatska-ce-povecati-minimalne-place-ali-nema-roka-ni-iznosa\/#primaryimage"},"thumbnailUrl":"https:\/\/radioljubuski.ba\/wp-content\/uploads\/2021\/10\/Depositphotos_50901617_xl-2015-696x464-1.jpg","articleSection":["BIH i regija"],"inLanguage":"hr"},{"@type":"WebPage","@id":"https:\/\/radioljubuski.ba\/index.php\/2021\/10\/15\/zbog-poskupljenja-hrvatska-ce-povecati-minimalne-place-ali-nema-roka-ni-iznosa\/","url":"https:\/\/radioljubuski.ba\/index.php\/2021\/10\/15\/zbog-poskupljenja-hrvatska-ce-povecati-minimalne-place-ali-nema-roka-ni-iznosa\/","name":"Zbog poskupljenja Hrvatska \u0107e pove\u0107ati minimalne pla\u0107e, ali nema roka ni iznosa\u2026 - RADIO LJUBU\u0160KI","isPartOf":{"@id":"https:\/\/radioljubuski.ba\/#website"},"primaryImageOfPage":{"@id":"https:\/\/radioljubuski.ba\/index.php\/2021\/10\/15\/zbog-poskupljenja-hrvatska-ce-povecati-minimalne-place-ali-nema-roka-ni-iznosa\/#primaryimage"},"image":{"@id":"https:\/\/radioljubuski.ba\/index.php\/2021\/10\/15\/zbog-poskupljenja-hrvatska-ce-povecati-minimalne-place-ali-nema-roka-ni-iznosa\/#primaryimage"},"thumbnailUrl":"https:\/\/radioljubuski.ba\/wp-content\/uploads\/2021\/10\/Depositphotos_50901617_xl-2015-696x464-1.jpg","datePublished":"2021-10-15T22:09:11+00:00","dateModified":"2021-10-15T22:09:13+00:00","breadcrumb":{"@id":"https:\/\/radioljubuski.ba\/index.php\/2021\/10\/15\/zbog-poskupljenja-hrvatska-ce-povecati-minimalne-place-ali-nema-roka-ni-iznosa\/#breadcrumb"},"inLanguage":"hr","potentialAction":[{"@type":"ReadAction","target":["https:\/\/radioljubuski.ba\/index.php\/2021\/10\/15\/zbog-poskupljenja-hrvatska-ce-povecati-minimalne-place-ali-nema-roka-ni-iznosa\/"]}]},{"@type":"ImageObject","inLanguage":"hr","@id":"https:\/\/radioljubuski.ba\/index.php\/2021\/10\/15\/zbog-poskupljenja-hrvatska-ce-povecati-minimalne-place-ali-nema-roka-ni-iznosa\/#primaryimage","url":"https:\/\/radioljubuski.ba\/wp-content\/uploads\/2021\/10\/Depositphotos_50901617_xl-2015-696x464-1.jpg","contentUrl":"https:\/\/radioljubuski.ba\/wp-content\/uploads\/2021\/10\/Depositphotos_50901617_xl-2015-696x464-1.jpg","width":696,"height":464},{"@type":"BreadcrumbList","@id":"https:\/\/radioljubuski.ba\/index.php\/2021\/10\/15\/zbog-poskupljenja-hrvatska-ce-povecati-minimalne-place-ali-nema-roka-ni-iznosa\/#breadcrumb","itemListElement":[{"@type":"ListItem","position":1,"name":"Po\u010detna stranica","item":"https:\/\/radioljubuski.ba\/"},{"@type":"ListItem","position":2,"name":"Zbog poskupljenja Hrvatska \u0107e pove\u0107ati minimalne pla\u0107e, ali nema roka ni iznosa\u2026"}]},{"@type":"WebSite","@id":"https:\/\/radioljubuski.ba\/#website","url":"https:\/\/radioljubuski.ba\/","name":"Radio Ljubu\u0161ki","description":"Sun\u010dana frekvencija Hercegovine","publisher":{"@id":"https:\/\/radioljubuski.ba\/#organization"},"potentialAction":[{"@type":"SearchAction","target":{"@type":"EntryPoint","urlTemplate":"https:\/\/radioljubuski.ba\/?s={search_term_string}"},"query-input":{"@type":"PropertyValueSpecification","valueRequired":true,"valueName":"search_term_string"}}],"inLanguage":"hr"},{"@type":"Organization","@id":"https:\/\/radioljubuski.ba\/#organization","name":"Radio Ljubu\u0161ki","url":"https:\/\/radioljubuski.ba\/","logo":{"@type":"ImageObject","inLanguage":"hr","@id":"https:\/\/radioljubuski.ba\/#\/schema\/logo\/image\/","url":"https:\/\/radioljubuski.ba\/wp-content\/uploads\/2021\/02\/cropped-Radio_Ljubuski_logo1.jpg","contentUrl":"https:\/\/radioljubuski.ba\/wp-content\/uploads\/2021\/02\/cropped-Radio_Ljubuski_logo1.jpg","width":512,"height":512,"caption":"Radio Ljubu\u0161ki"},"image":{"@id":"https:\/\/radioljubuski.ba\/#\/schema\/logo\/image\/"},"sameAs":["https:\/\/www.facebook.com\/Radiio-Ljubuski-1490835324566332","https:\/\/x.com\/radioljubuski","https:\/\/hr.linkedin.com\/company\/radio-ljubuski","https:\/\/www.youtube.com\/channel\/UCHYaeO_n0Db3tjNGudGpXyw"]},{"@type":"Person","@id":"https:\/\/radioljubuski.ba\/#\/schema\/person\/19fc700381a780f69665d7956c469e3b","name":"Radio Ljubu\u0161ki"}]}},"_links":{"self":[{"href":"https:\/\/radioljubuski.ba\/index.php\/wp-json\/wp\/v2\/posts\/76233","targetHints":{"allow":["GET"]}}],"collection":[{"href":"https:\/\/radioljubuski.ba\/index.php\/wp-json\/wp\/v2\/posts"}],"about":[{"href":"https:\/\/radioljubuski.ba\/index.php\/wp-json\/wp\/v2\/types\/post"}],"author":[{"embeddable":true,"href":"https:\/\/radioljubuski.ba\/index.php\/wp-json\/wp\/v2\/users\/2"}],"replies":[{"embeddable":true,"href":"https:\/\/radioljubuski.ba\/index.php\/wp-json\/wp\/v2\/comments?post=76233"}],"version-history":[{"count":1,"href":"https:\/\/radioljubuski.ba\/index.php\/wp-json\/wp\/v2\/posts\/76233\/revisions"}],"predecessor-version":[{"id":76235,"href":"https:\/\/radioljubuski.ba\/index.php\/wp-json\/wp\/v2\/posts\/76233\/revisions\/76235"}],"wp:featuredmedia":[{"embeddable":true,"href":"https:\/\/radioljubuski.ba\/index.php\/wp-json\/wp\/v2\/media\/76234"}],"wp:attachment":[{"href":"https:\/\/radioljubuski.ba\/index.php\/wp-json\/wp\/v2\/media?parent=76233"}],"wp:term":[{"taxonomy":"category","embeddable":true,"href":"https:\/\/radioljubuski.ba\/index.php\/wp-json\/wp\/v2\/categories?post=76233"},{"taxonomy":"post_tag","embeddable":true,"href":"https:\/\/radioljubuski.ba\/index.php\/wp-json\/wp\/v2\/tags?post=76233"}],"curies":[{"name":"wp","href":"https:\/\/api.w.org\/{rel}","templated":true}]}}