{"id":76236,"date":"2021-10-15T23:10:37","date_gmt":"2021-10-15T22:10:37","guid":{"rendered":"https:\/\/radioljubuski.ba\/?p=76236"},"modified":"2021-10-15T23:10:38","modified_gmt":"2021-10-15T22:10:38","slug":"ina-nakon-vladine-uredbe-premium-goriva-prodajemo-samo-do-isteka-zaliha","status":"publish","type":"post","link":"https:\/\/radioljubuski.ba\/index.php\/2021\/10\/15\/ina-nakon-vladine-uredbe-premium-goriva-prodajemo-samo-do-isteka-zaliha\/","title":{"rendered":"INA nakon Vladine uredbe: \u2018Premium goriva prodajemo samo do isteka zaliha\u2019"},"content":{"rendered":"\n<p>Na benzinskim postajama INA-e uskoro bi moglo do\u0107i do nesta\u0161ice premium goriva koja se deklariraju kao kvalitetnija i bolja za odr\u017eavanje motora, potvrdili su danas iz hrvatske naftne kompanije, reagiraju\u0107i na Vladinu uredbu o utvr\u0111ivanju najvi\u0161ih maloprodajnih cijena naftnih derivata, donosi&nbsp;<a href=\"https:\/\/www.vecernji.hr\/vijesti\/ina-objavila-premium-goriva-prodajemo-samo-do-isteka-zaliha-1531325\">Ve\u010dernji list<\/a>.<\/p>\n\n\n\n<p>\u201cObavje\u0161tavamo kupce da \u0107e INA prodavati svoja premium Class Plus goriva (Eurodiesel Class Plus, Eurosuper 95 Class Plus, Eurosuper 100 Class Plus) do isteka zaliha. Naime, zbog odredbi propisanih Uredbom koje uzrokuju zna\u010dajan negativan utjecaj na poslovanje kompanije, posebno u odnosu na premium goriva, INA ne\u0107e biti u mogu\u0107nosti kontinuirano opskrbljivati maloprodajna mjesta premium gorivima.<\/p>\n\n\n\n<p>Napominjemo kako je opskrba tr\u017ei\u0161ta Ininim standardnim gorivima sigurna (Eurosuper 95, Eurodiesel, Eurodiesel plavi). U me\u0111uvremenu, INA nastavlja ispitivati daljnje posljedice na poslovanje i tr\u017ei\u0161te koje Uredba Vlade nosi sa sobom\u201d, priop\u0107ili su.<\/p>\n\n\n\n<p><em>Izvor: narod.hr\/ Ve\u010dernji list<\/em><\/p>\n","protected":false},"excerpt":{"rendered":"<p>Na benzinskim postajama INA-e uskoro bi moglo do\u0107i do nesta\u0161ice premium goriva koja se deklariraju kao kvalitetnija i bolja za odr\u017eavanje motora, potvrdili su danas iz hrvatske naftne kompanije, reagiraju\u0107i na Vladinu uredbu o utvr\u0111ivanju najvi\u0161ih maloprodajnih cijena naftnih derivata, donosi&nbsp;Ve\u010dernji list. \u201cObavje\u0161tavamo kupce da \u0107e INA prodavati svoja premium Class Plus goriva (Eurodiesel Class [&hellip;]<\/p>\n","protected":false},"author":2,"featured_media":0,"comment_status":"closed","ping_status":"closed","sticky":false,"template":"","format":"standard","meta":{"h5ap_radio_sources":[],"footnotes":""},"categories":[1],"tags":[],"class_list":["post-76236","post","type-post","status-publish","format-standard","hentry","category-bihiregija"],"yoast_head":"<!-- This site is optimized with the Yoast SEO plugin v27.4 - https:\/\/yoast.com\/product\/yoast-seo-wordpress\/ -->\n<title>INA nakon Vladine uredbe: \u2018Premium goriva prodajemo samo do isteka zaliha\u2019 - RADIO LJUBU\u0160KI<\/title>\n<meta name=\"robots\" content=\"index, follow, max-snippet:-1, max-image-preview:large, max-video-preview:-1\" \/>\n<link rel=\"canonical\" href=\"https:\/\/radioljubuski.ba\/index.php\/2021\/10\/15\/ina-nakon-vladine-uredbe-premium-goriva-prodajemo-samo-do-isteka-zaliha\/\" \/>\n<meta property=\"og:locale\" content=\"hr_HR\" \/>\n<meta property=\"og:type\" content=\"article\" \/>\n<meta property=\"og:title\" content=\"INA nakon Vladine uredbe: \u2018Premium goriva prodajemo samo do isteka zaliha\u2019 - RADIO LJUBU\u0160KI\" \/>\n<meta property=\"og:description\" content=\"Na benzinskim postajama INA-e uskoro bi moglo do\u0107i do nesta\u0161ice premium goriva koja se deklariraju kao kvalitetnija i bolja za odr\u017eavanje motora, potvrdili su danas iz hrvatske naftne kompanije, reagiraju\u0107i na Vladinu uredbu o utvr\u0111ivanju najvi\u0161ih maloprodajnih cijena naftnih derivata, donosi&nbsp;Ve\u010dernji list. \u201cObavje\u0161tavamo kupce da \u0107e INA prodavati svoja premium Class Plus goriva (Eurodiesel Class [&hellip;]\" \/>\n<meta property=\"og:url\" content=\"https:\/\/radioljubuski.ba\/index.php\/2021\/10\/15\/ina-nakon-vladine-uredbe-premium-goriva-prodajemo-samo-do-isteka-zaliha\/\" \/>\n<meta property=\"og:site_name\" content=\"RADIO LJUBU\u0160KI\" \/>\n<meta property=\"article:publisher\" content=\"https:\/\/www.facebook.com\/Radiio-Ljubuski-1490835324566332\" \/>\n<meta property=\"article:published_time\" content=\"2021-10-15T22:10:37+00:00\" \/>\n<meta property=\"article:modified_time\" content=\"2021-10-15T22:10:38+00:00\" \/>\n<meta property=\"og:image\" content=\"https:\/\/radioljubuski.ba\/wp-content\/uploads\/2021\/05\/MZhj3O5L_gorivo.jpg\" \/>\n\t<meta property=\"og:image:width\" content=\"1000\" \/>\n\t<meta property=\"og:image:height\" content=\"625\" \/>\n\t<meta property=\"og:image:type\" content=\"image\/jpeg\" \/>\n<meta name=\"author\" content=\"Radio Ljubu\u0161ki\" \/>\n<meta name=\"twitter:card\" content=\"summary_large_image\" \/>\n<meta name=\"twitter:creator\" content=\"@radioljubuski\" \/>\n<meta name=\"twitter:site\" content=\"@radioljubuski\" \/>\n<meta name=\"twitter:label1\" content=\"Napisao\/la\" \/>\n\t<meta name=\"twitter:data1\" content=\"Radio Ljubu\u0161ki\" \/>\n\t<meta name=\"twitter:label2\" content=\"Procijenjeno vrijeme \u010ditanja\" \/>\n\t<meta name=\"twitter:data2\" content=\"1 minuta\" \/>\n<script type=\"application\/ld+json\" class=\"yoast-schema-graph\">{\"@context\":\"https:\\\/\\\/schema.org\",\"@graph\":[{\"@type\":\"Article\",\"@id\":\"https:\\\/\\\/radioljubuski.ba\\\/index.php\\\/2021\\\/10\\\/15\\\/ina-nakon-vladine-uredbe-premium-goriva-prodajemo-samo-do-isteka-zaliha\\\/#article\",\"isPartOf\":{\"@id\":\"https:\\\/\\\/radioljubuski.ba\\\/index.php\\\/2021\\\/10\\\/15\\\/ina-nakon-vladine-uredbe-premium-goriva-prodajemo-samo-do-isteka-zaliha\\\/\"},\"author\":{\"name\":\"Radio Ljubu\u0161ki\",\"@id\":\"https:\\\/\\\/radioljubuski.ba\\\/#\\\/schema\\\/person\\\/19fc700381a780f69665d7956c469e3b\"},\"headline\":\"INA nakon Vladine uredbe: \u2018Premium goriva prodajemo samo do isteka zaliha\u2019\",\"datePublished\":\"2021-10-15T22:10:37+00:00\",\"dateModified\":\"2021-10-15T22:10:38+00:00\",\"mainEntityOfPage\":{\"@id\":\"https:\\\/\\\/radioljubuski.ba\\\/index.php\\\/2021\\\/10\\\/15\\\/ina-nakon-vladine-uredbe-premium-goriva-prodajemo-samo-do-isteka-zaliha\\\/\"},\"wordCount\":163,\"publisher\":{\"@id\":\"https:\\\/\\\/radioljubuski.ba\\\/#organization\"},\"articleSection\":[\"BIH i regija\"],\"inLanguage\":\"hr\"},{\"@type\":\"WebPage\",\"@id\":\"https:\\\/\\\/radioljubuski.ba\\\/index.php\\\/2021\\\/10\\\/15\\\/ina-nakon-vladine-uredbe-premium-goriva-prodajemo-samo-do-isteka-zaliha\\\/\",\"url\":\"https:\\\/\\\/radioljubuski.ba\\\/index.php\\\/2021\\\/10\\\/15\\\/ina-nakon-vladine-uredbe-premium-goriva-prodajemo-samo-do-isteka-zaliha\\\/\",\"name\":\"INA nakon Vladine uredbe: \u2018Premium goriva prodajemo samo do isteka zaliha\u2019 - RADIO LJUBU\u0160KI\",\"isPartOf\":{\"@id\":\"https:\\\/\\\/radioljubuski.ba\\\/#website\"},\"datePublished\":\"2021-10-15T22:10:37+00:00\",\"dateModified\":\"2021-10-15T22:10:38+00:00\",\"breadcrumb\":{\"@id\":\"https:\\\/\\\/radioljubuski.ba\\\/index.php\\\/2021\\\/10\\\/15\\\/ina-nakon-vladine-uredbe-premium-goriva-prodajemo-samo-do-isteka-zaliha\\\/#breadcrumb\"},\"inLanguage\":\"hr\",\"potentialAction\":[{\"@type\":\"ReadAction\",\"target\":[\"https:\\\/\\\/radioljubuski.ba\\\/index.php\\\/2021\\\/10\\\/15\\\/ina-nakon-vladine-uredbe-premium-goriva-prodajemo-samo-do-isteka-zaliha\\\/\"]}]},{\"@type\":\"BreadcrumbList\",\"@id\":\"https:\\\/\\\/radioljubuski.ba\\\/index.php\\\/2021\\\/10\\\/15\\\/ina-nakon-vladine-uredbe-premium-goriva-prodajemo-samo-do-isteka-zaliha\\\/#breadcrumb\",\"itemListElement\":[{\"@type\":\"ListItem\",\"position\":1,\"name\":\"Po\u010detna stranica\",\"item\":\"https:\\\/\\\/radioljubuski.ba\\\/\"},{\"@type\":\"ListItem\",\"position\":2,\"name\":\"INA nakon Vladine uredbe: \u2018Premium goriva prodajemo samo do isteka zaliha\u2019\"}]},{\"@type\":\"WebSite\",\"@id\":\"https:\\\/\\\/radioljubuski.ba\\\/#website\",\"url\":\"https:\\\/\\\/radioljubuski.ba\\\/\",\"name\":\"Radio Ljubu\u0161ki\",\"description\":\"Sun\u010dana frekvencija Hercegovine\",\"publisher\":{\"@id\":\"https:\\\/\\\/radioljubuski.ba\\\/#organization\"},\"potentialAction\":[{\"@type\":\"SearchAction\",\"target\":{\"@type\":\"EntryPoint\",\"urlTemplate\":\"https:\\\/\\\/radioljubuski.ba\\\/?s={search_term_string}\"},\"query-input\":{\"@type\":\"PropertyValueSpecification\",\"valueRequired\":true,\"valueName\":\"search_term_string\"}}],\"inLanguage\":\"hr\"},{\"@type\":\"Organization\",\"@id\":\"https:\\\/\\\/radioljubuski.ba\\\/#organization\",\"name\":\"Radio Ljubu\u0161ki\",\"url\":\"https:\\\/\\\/radioljubuski.ba\\\/\",\"logo\":{\"@type\":\"ImageObject\",\"inLanguage\":\"hr\",\"@id\":\"https:\\\/\\\/radioljubuski.ba\\\/#\\\/schema\\\/logo\\\/image\\\/\",\"url\":\"https:\\\/\\\/radioljubuski.ba\\\/wp-content\\\/uploads\\\/2021\\\/02\\\/cropped-Radio_Ljubuski_logo1.jpg\",\"contentUrl\":\"https:\\\/\\\/radioljubuski.ba\\\/wp-content\\\/uploads\\\/2021\\\/02\\\/cropped-Radio_Ljubuski_logo1.jpg\",\"width\":512,\"height\":512,\"caption\":\"Radio Ljubu\u0161ki\"},\"image\":{\"@id\":\"https:\\\/\\\/radioljubuski.ba\\\/#\\\/schema\\\/logo\\\/image\\\/\"},\"sameAs\":[\"https:\\\/\\\/www.facebook.com\\\/Radiio-Ljubuski-1490835324566332\",\"https:\\\/\\\/x.com\\\/radioljubuski\",\"https:\\\/\\\/hr.linkedin.com\\\/company\\\/radio-ljubuski\",\"https:\\\/\\\/www.youtube.com\\\/channel\\\/UCHYaeO_n0Db3tjNGudGpXyw\"]},{\"@type\":\"Person\",\"@id\":\"https:\\\/\\\/radioljubuski.ba\\\/#\\\/schema\\\/person\\\/19fc700381a780f69665d7956c469e3b\",\"name\":\"Radio Ljubu\u0161ki\"}]}<\/script>\n<!-- \/ Yoast SEO plugin. -->","yoast_head_json":{"title":"INA nakon Vladine uredbe: \u2018Premium goriva prodajemo samo do isteka zaliha\u2019 - RADIO LJUBU\u0160KI","robots":{"index":"index","follow":"follow","max-snippet":"max-snippet:-1","max-image-preview":"max-image-preview:large","max-video-preview":"max-video-preview:-1"},"canonical":"https:\/\/radioljubuski.ba\/index.php\/2021\/10\/15\/ina-nakon-vladine-uredbe-premium-goriva-prodajemo-samo-do-isteka-zaliha\/","og_locale":"hr_HR","og_type":"article","og_title":"INA nakon Vladine uredbe: \u2018Premium goriva prodajemo samo do isteka zaliha\u2019 - RADIO LJUBU\u0160KI","og_description":"Na benzinskim postajama INA-e uskoro bi moglo do\u0107i do nesta\u0161ice premium goriva koja se deklariraju kao kvalitetnija i bolja za odr\u017eavanje motora, potvrdili su danas iz hrvatske naftne kompanije, reagiraju\u0107i na Vladinu uredbu o utvr\u0111ivanju najvi\u0161ih maloprodajnih cijena naftnih derivata, donosi&nbsp;Ve\u010dernji list. \u201cObavje\u0161tavamo kupce da \u0107e INA prodavati svoja premium Class Plus goriva (Eurodiesel Class [&hellip;]","og_url":"https:\/\/radioljubuski.ba\/index.php\/2021\/10\/15\/ina-nakon-vladine-uredbe-premium-goriva-prodajemo-samo-do-isteka-zaliha\/","og_site_name":"RADIO LJUBU\u0160KI","article_publisher":"https:\/\/www.facebook.com\/Radiio-Ljubuski-1490835324566332","article_published_time":"2021-10-15T22:10:37+00:00","article_modified_time":"2021-10-15T22:10:38+00:00","og_image":[{"width":1000,"height":625,"url":"https:\/\/radioljubuski.ba\/wp-content\/uploads\/2021\/05\/MZhj3O5L_gorivo.jpg","type":"image\/jpeg"}],"author":"Radio Ljubu\u0161ki","twitter_card":"summary_large_image","twitter_creator":"@radioljubuski","twitter_site":"@radioljubuski","twitter_misc":{"Napisao\/la":"Radio Ljubu\u0161ki","Procijenjeno vrijeme \u010ditanja":"1 minuta"},"schema":{"@context":"https:\/\/schema.org","@graph":[{"@type":"Article","@id":"https:\/\/radioljubuski.ba\/index.php\/2021\/10\/15\/ina-nakon-vladine-uredbe-premium-goriva-prodajemo-samo-do-isteka-zaliha\/#article","isPartOf":{"@id":"https:\/\/radioljubuski.ba\/index.php\/2021\/10\/15\/ina-nakon-vladine-uredbe-premium-goriva-prodajemo-samo-do-isteka-zaliha\/"},"author":{"name":"Radio Ljubu\u0161ki","@id":"https:\/\/radioljubuski.ba\/#\/schema\/person\/19fc700381a780f69665d7956c469e3b"},"headline":"INA nakon Vladine uredbe: \u2018Premium goriva prodajemo samo do isteka zaliha\u2019","datePublished":"2021-10-15T22:10:37+00:00","dateModified":"2021-10-15T22:10:38+00:00","mainEntityOfPage":{"@id":"https:\/\/radioljubuski.ba\/index.php\/2021\/10\/15\/ina-nakon-vladine-uredbe-premium-goriva-prodajemo-samo-do-isteka-zaliha\/"},"wordCount":163,"publisher":{"@id":"https:\/\/radioljubuski.ba\/#organization"},"articleSection":["BIH i regija"],"inLanguage":"hr"},{"@type":"WebPage","@id":"https:\/\/radioljubuski.ba\/index.php\/2021\/10\/15\/ina-nakon-vladine-uredbe-premium-goriva-prodajemo-samo-do-isteka-zaliha\/","url":"https:\/\/radioljubuski.ba\/index.php\/2021\/10\/15\/ina-nakon-vladine-uredbe-premium-goriva-prodajemo-samo-do-isteka-zaliha\/","name":"INA nakon Vladine uredbe: \u2018Premium goriva prodajemo samo do isteka zaliha\u2019 - RADIO LJUBU\u0160KI","isPartOf":{"@id":"https:\/\/radioljubuski.ba\/#website"},"datePublished":"2021-10-15T22:10:37+00:00","dateModified":"2021-10-15T22:10:38+00:00","breadcrumb":{"@id":"https:\/\/radioljubuski.ba\/index.php\/2021\/10\/15\/ina-nakon-vladine-uredbe-premium-goriva-prodajemo-samo-do-isteka-zaliha\/#breadcrumb"},"inLanguage":"hr","potentialAction":[{"@type":"ReadAction","target":["https:\/\/radioljubuski.ba\/index.php\/2021\/10\/15\/ina-nakon-vladine-uredbe-premium-goriva-prodajemo-samo-do-isteka-zaliha\/"]}]},{"@type":"BreadcrumbList","@id":"https:\/\/radioljubuski.ba\/index.php\/2021\/10\/15\/ina-nakon-vladine-uredbe-premium-goriva-prodajemo-samo-do-isteka-zaliha\/#breadcrumb","itemListElement":[{"@type":"ListItem","position":1,"name":"Po\u010detna stranica","item":"https:\/\/radioljubuski.ba\/"},{"@type":"ListItem","position":2,"name":"INA nakon Vladine uredbe: \u2018Premium goriva prodajemo samo do isteka zaliha\u2019"}]},{"@type":"WebSite","@id":"https:\/\/radioljubuski.ba\/#website","url":"https:\/\/radioljubuski.ba\/","name":"Radio Ljubu\u0161ki","description":"Sun\u010dana frekvencija Hercegovine","publisher":{"@id":"https:\/\/radioljubuski.ba\/#organization"},"potentialAction":[{"@type":"SearchAction","target":{"@type":"EntryPoint","urlTemplate":"https:\/\/radioljubuski.ba\/?s={search_term_string}"},"query-input":{"@type":"PropertyValueSpecification","valueRequired":true,"valueName":"search_term_string"}}],"inLanguage":"hr"},{"@type":"Organization","@id":"https:\/\/radioljubuski.ba\/#organization","name":"Radio Ljubu\u0161ki","url":"https:\/\/radioljubuski.ba\/","logo":{"@type":"ImageObject","inLanguage":"hr","@id":"https:\/\/radioljubuski.ba\/#\/schema\/logo\/image\/","url":"https:\/\/radioljubuski.ba\/wp-content\/uploads\/2021\/02\/cropped-Radio_Ljubuski_logo1.jpg","contentUrl":"https:\/\/radioljubuski.ba\/wp-content\/uploads\/2021\/02\/cropped-Radio_Ljubuski_logo1.jpg","width":512,"height":512,"caption":"Radio Ljubu\u0161ki"},"image":{"@id":"https:\/\/radioljubuski.ba\/#\/schema\/logo\/image\/"},"sameAs":["https:\/\/www.facebook.com\/Radiio-Ljubuski-1490835324566332","https:\/\/x.com\/radioljubuski","https:\/\/hr.linkedin.com\/company\/radio-ljubuski","https:\/\/www.youtube.com\/channel\/UCHYaeO_n0Db3tjNGudGpXyw"]},{"@type":"Person","@id":"https:\/\/radioljubuski.ba\/#\/schema\/person\/19fc700381a780f69665d7956c469e3b","name":"Radio Ljubu\u0161ki"}]}},"_links":{"self":[{"href":"https:\/\/radioljubuski.ba\/index.php\/wp-json\/wp\/v2\/posts\/76236","targetHints":{"allow":["GET"]}}],"collection":[{"href":"https:\/\/radioljubuski.ba\/index.php\/wp-json\/wp\/v2\/posts"}],"about":[{"href":"https:\/\/radioljubuski.ba\/index.php\/wp-json\/wp\/v2\/types\/post"}],"author":[{"embeddable":true,"href":"https:\/\/radioljubuski.ba\/index.php\/wp-json\/wp\/v2\/users\/2"}],"replies":[{"embeddable":true,"href":"https:\/\/radioljubuski.ba\/index.php\/wp-json\/wp\/v2\/comments?post=76236"}],"version-history":[{"count":1,"href":"https:\/\/radioljubuski.ba\/index.php\/wp-json\/wp\/v2\/posts\/76236\/revisions"}],"predecessor-version":[{"id":76237,"href":"https:\/\/radioljubuski.ba\/index.php\/wp-json\/wp\/v2\/posts\/76236\/revisions\/76237"}],"wp:attachment":[{"href":"https:\/\/radioljubuski.ba\/index.php\/wp-json\/wp\/v2\/media?parent=76236"}],"wp:term":[{"taxonomy":"category","embeddable":true,"href":"https:\/\/radioljubuski.ba\/index.php\/wp-json\/wp\/v2\/categories?post=76236"},{"taxonomy":"post_tag","embeddable":true,"href":"https:\/\/radioljubuski.ba\/index.php\/wp-json\/wp\/v2\/tags?post=76236"}],"curies":[{"name":"wp","href":"https:\/\/api.w.org\/{rel}","templated":true}]}}