{"id":76238,"date":"2021-10-15T23:12:38","date_gmt":"2021-10-15T22:12:38","guid":{"rendered":"https:\/\/radioljubuski.ba\/?p=76238"},"modified":"2021-10-15T23:12:40","modified_gmt":"2021-10-15T22:12:40","slug":"je-li-25-po-redu-film-no-time-to-die-unistio-lik-jamesa-bonda","status":"publish","type":"post","link":"https:\/\/radioljubuski.ba\/index.php\/2021\/10\/15\/je-li-25-po-redu-film-no-time-to-die-unistio-lik-jamesa-bonda\/","title":{"rendered":"Je li 25. po redu film \u2013 \u2018No Time To Die\u2019 \u2013 uni\u0161tio lik Jamesa Bonda?"},"content":{"rendered":"\n<p><strong>Daniel Wroughton Craig<\/strong>, britanski je glumac, jedan od najpoznatijih lica britanskog kazali\u0161ta. Vi\u0161e od 10 godina glumio je najpoznatijeg tajnog agenta na svijetu,\u00a0<strong>James Bonda<\/strong>. Nakon dijelova \u201eCasino Royale\u201c (2006.), \u201eZrno utjehe\u201c (2008.), \u201eSkyfall\u201c (2012. ) te \u201eSpectre\u201c (2015.), do\u0161ao je i dio\u00a0<strong>\u201eZa smrt nema vremena\u201c (2021.)<\/strong><\/p>\n\n\n\n<iframe loading=\"lazy\" title=\"NO TIME TO DIE | Final US Trailer\" width=\"640\" height=\"360\" src=\"https:\/\/www.youtube.com\/embed\/N_gD9-Oa0fg?feature=oembed\" frameborder=\"0\" allow=\"accelerometer; autoplay; clipboard-write; encrypted-media; gyroscope; picture-in-picture; web-share\" referrerpolicy=\"strict-origin-when-cross-origin\" allowfullscreen><\/iframe>\n\n\n\n<p><strong>\u201eNo Time to Die\u201c,&nbsp;<\/strong>25. po redu u kultnoj fran\u0161izi o Jamesu Bondu, je na premijeri<strong>&nbsp;zaradio 56 milijuna dolara<\/strong>, pi\u0161e&nbsp;<a href=\"https:\/\/www.breitbart.com\/entertainment\/2021\/10\/11\/nolte-woke-james-bond-nosedives-at-box-office\/\">Breitbart<\/a>.<\/p>\n\n\n\n<p>Unato\u010d tome \u0161to je prikazan na 4.400 filmskih platna, \u0161to je&nbsp;<strong>rekord<\/strong>&nbsp;za Bondov film, \u201eNo Time to Die\u201c,&nbsp;<strong>nije se pribli\u017eio preskakanju<\/strong>&nbsp;tri najnovija prethodnika: Spectre iz 2015. (70,4 milijuna), Skyfall iz 2012. (88 milijuna dolara) ili Quantum of Solace iz 2008. (67,5 milijuna dolara).<\/p>\n\n\n\n<p>Trenutno zarada iznosi 313 milijuna dolara diljem svijeta, \u0161to prvotno zvu\u010di dobro, ali je li to ba\u0161 zaista tako?<\/p>\n\n\n\n<p>Realizacija ovoga projekta ko\u0161tala je izme\u0111u 250 i 300 milijuna dolara, a proizvo\u0111a\u010di se hvale kako su ulo\u017eili jo\u0161 dodatnih 250 milijuna dolara u promociju. To zna\u010di da \u0107e \u201eNo Time to Die\u201c morati dosegnuti&nbsp;<strong>otprilike milijardu dolara<\/strong>, samo da bi bio na&nbsp;<strong>dobitku<\/strong>.<\/p>\n\n\n\n<p>Naravno, u holivudskom tisku ve\u0107 tra\u017ee izgovore za lo\u0161e rezultate.<\/p>\n\n\n\n<p><strong>Isprike?<\/strong><\/p>\n\n\n\n<p>Zanemarimo pandemiju, tako\u0111er zanemarimo i \u010dinjenicu da film traje gotovo tri sata, zanemarimo spomenute mogu\u0107e i potencijalne razloge za lo\u0161e rezultate.<\/p>\n\n\n\n<p>Ono \u0161to Bonda \u010dini jedinstvenim je to \u0161to je&nbsp;<strong>super\u0161pijun<\/strong>&nbsp;koji zna da ne\u0107e dugo \u017eivjeti i zato \u017eivi svoj \u017eivot punim plu\u0107ima.<\/p>\n\n\n\n<p>Vrhunski u\u017eitak uz kvalitetu koja \u010dini Jamesa Bonda Jamesom Bondom \u2013&nbsp;<strong>\u201eNo Time to Die\u201c&nbsp; prekida<\/strong>.<\/p>\n\n\n\n<p>Redatelj je izjavio da je&nbsp;<strong>Bond Seana Conneryja \u2013<\/strong>&nbsp;<strong>silovatelj<\/strong>&nbsp;(\u0161to je samo dokazalo da ne zna i\u0161ta o vlastitoj fran\u0161izi), producenti su se hvalili kako \u0107e \u201eNo Time to Die\u201c predstaviti crnkinju kao 007, a&nbsp;<strong>Q<\/strong>&nbsp;je postao&nbsp;<strong>homoseksualac<\/strong>.<\/p>\n\n\n\n<p>Na\u017ealost, nema puno ljubavi i dobre volje za Craigova lika 007. Proizvo\u0111a\u010di su krivi jer su liku izuzeli svu zabavu, te su ga pretvorili u samozatajnog mislioca i izbacili \u0161armantnog, povr\u0161nog \u017eenskaro\u0161a, bezbri\u017enog mangupa kojega, kao gledatelji, volimo gledati.<\/p>\n\n\n\n<p>Neki, tako\u0111er, poku\u0161avaju&nbsp;<strong>okriviti vrijeme<\/strong>&nbsp;trajanja filma \u201eNo Time to Die\u201c (2 sata i 43 minute).<\/p>\n\n\n\n<p>Filmovi, koji traju dugo, nailaze na problem manjeg broja prikazivanja filma u danu. To neizbje\u017eno zna\u010di i manja posje\u0107enost. No, kada postoji film koji na premijeri zaradi 56 milijuna u 4.400 kinodvorana, posje\u0107enost je zagarantirana.<\/p>\n\n\n\n<p>Kada objavite da je crnkinja 007, a isti Q da je&nbsp;<strong>nakon 60 godina odjednom postao homoseksualac<\/strong>, poruka je nepogre\u0161iva: po<strong>kleknuli ste<\/strong>&nbsp;u&nbsp;<strong>vjernosti<\/strong>&nbsp;pred probu\u0111enim Gestapom zbog va\u017enosti pri\u010de, naslije\u0111a i po\u0161tovanja onoga \u0161to je bilo prije.<\/p>\n\n\n\n<p>Pogledajte neke od dosada\u0161njih Bondovih djevojaka:<\/p>\n\n\n\n<iframe loading=\"lazy\" title=\"The Hottest Bond Girls\" width=\"640\" height=\"360\" src=\"https:\/\/www.youtube.com\/embed\/Tj5sXxti7mc?feature=oembed\" frameborder=\"0\" allow=\"accelerometer; autoplay; clipboard-write; encrypted-media; gyroscope; picture-in-picture; web-share\" referrerpolicy=\"strict-origin-when-cross-origin\" allowfullscreen><\/iframe>\n\n\n\n<p><em>Izvor: narod.hr\/Breitbart<\/em><\/p>\n","protected":false},"excerpt":{"rendered":"<p>Daniel Wroughton Craig, britanski je glumac, jedan od najpoznatijih lica britanskog kazali\u0161ta. Vi\u0161e od 10 godina glumio je najpoznatijeg tajnog agenta na svijetu,\u00a0James Bonda. Nakon dijelova \u201eCasino Royale\u201c (2006.), \u201eZrno utjehe\u201c (2008.), \u201eSkyfall\u201c (2012. ) te \u201eSpectre\u201c (2015.), do\u0161ao je i dio\u00a0\u201eZa smrt nema vremena\u201c (2021.) \u201eNo Time to Die\u201c,&nbsp;25. po redu u kultnoj fran\u0161izi [&hellip;]<\/p>\n","protected":false},"author":2,"featured_media":76239,"comment_status":"closed","ping_status":"closed","sticky":false,"template":"","format":"standard","meta":{"h5ap_radio_sources":[],"footnotes":""},"categories":[1],"tags":[],"class_list":["post-76238","post","type-post","status-publish","format-standard","has-post-thumbnail","hentry","category-bihiregija"],"yoast_head":"<!-- This site is optimized with the Yoast SEO plugin v27.4 - https:\/\/yoast.com\/product\/yoast-seo-wordpress\/ -->\n<title>Je li 25. po redu film \u2013 \u2018No Time To Die\u2019 \u2013 uni\u0161tio lik Jamesa Bonda? - RADIO LJUBU\u0160KI<\/title>\n<meta name=\"robots\" content=\"index, follow, max-snippet:-1, max-image-preview:large, max-video-preview:-1\" \/>\n<link rel=\"canonical\" href=\"https:\/\/radioljubuski.ba\/index.php\/2021\/10\/15\/je-li-25-po-redu-film-no-time-to-die-unistio-lik-jamesa-bonda\/\" \/>\n<meta property=\"og:locale\" content=\"hr_HR\" \/>\n<meta property=\"og:type\" content=\"article\" \/>\n<meta property=\"og:title\" content=\"Je li 25. po redu film \u2013 \u2018No Time To Die\u2019 \u2013 uni\u0161tio lik Jamesa Bonda? - RADIO LJUBU\u0160KI\" \/>\n<meta property=\"og:description\" content=\"Daniel Wroughton Craig, britanski je glumac, jedan od najpoznatijih lica britanskog kazali\u0161ta. Vi\u0161e od 10 godina glumio je najpoznatijeg tajnog agenta na svijetu,\u00a0James Bonda. Nakon dijelova \u201eCasino Royale\u201c (2006.), \u201eZrno utjehe\u201c (2008.), \u201eSkyfall\u201c (2012. ) te \u201eSpectre\u201c (2015.), do\u0161ao je i dio\u00a0\u201eZa smrt nema vremena\u201c (2021.) \u201eNo Time to Die\u201c,&nbsp;25. po redu u kultnoj fran\u0161izi [&hellip;]\" \/>\n<meta property=\"og:url\" content=\"https:\/\/radioljubuski.ba\/index.php\/2021\/10\/15\/je-li-25-po-redu-film-no-time-to-die-unistio-lik-jamesa-bonda\/\" \/>\n<meta property=\"og:site_name\" content=\"RADIO LJUBU\u0160KI\" \/>\n<meta property=\"article:publisher\" content=\"https:\/\/www.facebook.com\/Radiio-Ljubuski-1490835324566332\" \/>\n<meta property=\"article:published_time\" content=\"2021-10-15T22:12:38+00:00\" \/>\n<meta property=\"article:modified_time\" content=\"2021-10-15T22:12:40+00:00\" \/>\n<meta property=\"og:image\" content=\"https:\/\/radioljubuski.ba\/wp-content\/uploads\/2021\/10\/HN20210928210939.jpg\" \/>\n\t<meta property=\"og:image:width\" content=\"1024\" \/>\n\t<meta property=\"og:image:height\" content=\"664\" \/>\n\t<meta property=\"og:image:type\" content=\"image\/jpeg\" \/>\n<meta name=\"author\" content=\"Radio Ljubu\u0161ki\" \/>\n<meta name=\"twitter:card\" content=\"summary_large_image\" \/>\n<meta name=\"twitter:creator\" content=\"@radioljubuski\" \/>\n<meta name=\"twitter:site\" content=\"@radioljubuski\" \/>\n<meta name=\"twitter:label1\" content=\"Napisao\/la\" \/>\n\t<meta name=\"twitter:data1\" content=\"Radio Ljubu\u0161ki\" \/>\n\t<meta name=\"twitter:label2\" content=\"Procijenjeno vrijeme \u010ditanja\" \/>\n\t<meta name=\"twitter:data2\" content=\"2 minute\" \/>\n<script type=\"application\/ld+json\" class=\"yoast-schema-graph\">{\"@context\":\"https:\\\/\\\/schema.org\",\"@graph\":[{\"@type\":\"Article\",\"@id\":\"https:\\\/\\\/radioljubuski.ba\\\/index.php\\\/2021\\\/10\\\/15\\\/je-li-25-po-redu-film-no-time-to-die-unistio-lik-jamesa-bonda\\\/#article\",\"isPartOf\":{\"@id\":\"https:\\\/\\\/radioljubuski.ba\\\/index.php\\\/2021\\\/10\\\/15\\\/je-li-25-po-redu-film-no-time-to-die-unistio-lik-jamesa-bonda\\\/\"},\"author\":{\"name\":\"Radio Ljubu\u0161ki\",\"@id\":\"https:\\\/\\\/radioljubuski.ba\\\/#\\\/schema\\\/person\\\/19fc700381a780f69665d7956c469e3b\"},\"headline\":\"Je li 25. po redu film \u2013 \u2018No Time To Die\u2019 \u2013 uni\u0161tio lik Jamesa Bonda?\",\"datePublished\":\"2021-10-15T22:12:38+00:00\",\"dateModified\":\"2021-10-15T22:12:40+00:00\",\"mainEntityOfPage\":{\"@id\":\"https:\\\/\\\/radioljubuski.ba\\\/index.php\\\/2021\\\/10\\\/15\\\/je-li-25-po-redu-film-no-time-to-die-unistio-lik-jamesa-bonda\\\/\"},\"wordCount\":499,\"publisher\":{\"@id\":\"https:\\\/\\\/radioljubuski.ba\\\/#organization\"},\"image\":{\"@id\":\"https:\\\/\\\/radioljubuski.ba\\\/index.php\\\/2021\\\/10\\\/15\\\/je-li-25-po-redu-film-no-time-to-die-unistio-lik-jamesa-bonda\\\/#primaryimage\"},\"thumbnailUrl\":\"https:\\\/\\\/radioljubuski.ba\\\/wp-content\\\/uploads\\\/2021\\\/10\\\/HN20210928210939.jpg\",\"articleSection\":[\"BIH i regija\"],\"inLanguage\":\"hr\"},{\"@type\":\"WebPage\",\"@id\":\"https:\\\/\\\/radioljubuski.ba\\\/index.php\\\/2021\\\/10\\\/15\\\/je-li-25-po-redu-film-no-time-to-die-unistio-lik-jamesa-bonda\\\/\",\"url\":\"https:\\\/\\\/radioljubuski.ba\\\/index.php\\\/2021\\\/10\\\/15\\\/je-li-25-po-redu-film-no-time-to-die-unistio-lik-jamesa-bonda\\\/\",\"name\":\"Je li 25. po redu film \u2013 \u2018No Time To Die\u2019 \u2013 uni\u0161tio lik Jamesa Bonda? - RADIO LJUBU\u0160KI\",\"isPartOf\":{\"@id\":\"https:\\\/\\\/radioljubuski.ba\\\/#website\"},\"primaryImageOfPage\":{\"@id\":\"https:\\\/\\\/radioljubuski.ba\\\/index.php\\\/2021\\\/10\\\/15\\\/je-li-25-po-redu-film-no-time-to-die-unistio-lik-jamesa-bonda\\\/#primaryimage\"},\"image\":{\"@id\":\"https:\\\/\\\/radioljubuski.ba\\\/index.php\\\/2021\\\/10\\\/15\\\/je-li-25-po-redu-film-no-time-to-die-unistio-lik-jamesa-bonda\\\/#primaryimage\"},\"thumbnailUrl\":\"https:\\\/\\\/radioljubuski.ba\\\/wp-content\\\/uploads\\\/2021\\\/10\\\/HN20210928210939.jpg\",\"datePublished\":\"2021-10-15T22:12:38+00:00\",\"dateModified\":\"2021-10-15T22:12:40+00:00\",\"breadcrumb\":{\"@id\":\"https:\\\/\\\/radioljubuski.ba\\\/index.php\\\/2021\\\/10\\\/15\\\/je-li-25-po-redu-film-no-time-to-die-unistio-lik-jamesa-bonda\\\/#breadcrumb\"},\"inLanguage\":\"hr\",\"potentialAction\":[{\"@type\":\"ReadAction\",\"target\":[\"https:\\\/\\\/radioljubuski.ba\\\/index.php\\\/2021\\\/10\\\/15\\\/je-li-25-po-redu-film-no-time-to-die-unistio-lik-jamesa-bonda\\\/\"]}]},{\"@type\":\"ImageObject\",\"inLanguage\":\"hr\",\"@id\":\"https:\\\/\\\/radioljubuski.ba\\\/index.php\\\/2021\\\/10\\\/15\\\/je-li-25-po-redu-film-no-time-to-die-unistio-lik-jamesa-bonda\\\/#primaryimage\",\"url\":\"https:\\\/\\\/radioljubuski.ba\\\/wp-content\\\/uploads\\\/2021\\\/10\\\/HN20210928210939.jpg\",\"contentUrl\":\"https:\\\/\\\/radioljubuski.ba\\\/wp-content\\\/uploads\\\/2021\\\/10\\\/HN20210928210939.jpg\",\"width\":1024,\"height\":664,\"caption\":\"epa09493461 (L-R) British actress Lashana Lynch, British actor Daniel Craig, French actress Lea Seydoux and US film director Cary Joji Fukunaga pose for photographers at the world premiere of the new James Bond film 'No Time To Die' at the Royal Albert Hall in London, Britain, 28 September 2021. The 25th movie in the James Bond series opens in British theaters on 30 September 2021. EPA\\\/NEIL HALL\"},{\"@type\":\"BreadcrumbList\",\"@id\":\"https:\\\/\\\/radioljubuski.ba\\\/index.php\\\/2021\\\/10\\\/15\\\/je-li-25-po-redu-film-no-time-to-die-unistio-lik-jamesa-bonda\\\/#breadcrumb\",\"itemListElement\":[{\"@type\":\"ListItem\",\"position\":1,\"name\":\"Po\u010detna stranica\",\"item\":\"https:\\\/\\\/radioljubuski.ba\\\/\"},{\"@type\":\"ListItem\",\"position\":2,\"name\":\"Je li 25. po redu film \u2013 \u2018No Time To Die\u2019 \u2013 uni\u0161tio lik Jamesa Bonda?\"}]},{\"@type\":\"WebSite\",\"@id\":\"https:\\\/\\\/radioljubuski.ba\\\/#website\",\"url\":\"https:\\\/\\\/radioljubuski.ba\\\/\",\"name\":\"Radio Ljubu\u0161ki\",\"description\":\"Sun\u010dana frekvencija Hercegovine\",\"publisher\":{\"@id\":\"https:\\\/\\\/radioljubuski.ba\\\/#organization\"},\"potentialAction\":[{\"@type\":\"SearchAction\",\"target\":{\"@type\":\"EntryPoint\",\"urlTemplate\":\"https:\\\/\\\/radioljubuski.ba\\\/?s={search_term_string}\"},\"query-input\":{\"@type\":\"PropertyValueSpecification\",\"valueRequired\":true,\"valueName\":\"search_term_string\"}}],\"inLanguage\":\"hr\"},{\"@type\":\"Organization\",\"@id\":\"https:\\\/\\\/radioljubuski.ba\\\/#organization\",\"name\":\"Radio Ljubu\u0161ki\",\"url\":\"https:\\\/\\\/radioljubuski.ba\\\/\",\"logo\":{\"@type\":\"ImageObject\",\"inLanguage\":\"hr\",\"@id\":\"https:\\\/\\\/radioljubuski.ba\\\/#\\\/schema\\\/logo\\\/image\\\/\",\"url\":\"https:\\\/\\\/radioljubuski.ba\\\/wp-content\\\/uploads\\\/2021\\\/02\\\/cropped-Radio_Ljubuski_logo1.jpg\",\"contentUrl\":\"https:\\\/\\\/radioljubuski.ba\\\/wp-content\\\/uploads\\\/2021\\\/02\\\/cropped-Radio_Ljubuski_logo1.jpg\",\"width\":512,\"height\":512,\"caption\":\"Radio Ljubu\u0161ki\"},\"image\":{\"@id\":\"https:\\\/\\\/radioljubuski.ba\\\/#\\\/schema\\\/logo\\\/image\\\/\"},\"sameAs\":[\"https:\\\/\\\/www.facebook.com\\\/Radiio-Ljubuski-1490835324566332\",\"https:\\\/\\\/x.com\\\/radioljubuski\",\"https:\\\/\\\/hr.linkedin.com\\\/company\\\/radio-ljubuski\",\"https:\\\/\\\/www.youtube.com\\\/channel\\\/UCHYaeO_n0Db3tjNGudGpXyw\"]},{\"@type\":\"Person\",\"@id\":\"https:\\\/\\\/radioljubuski.ba\\\/#\\\/schema\\\/person\\\/19fc700381a780f69665d7956c469e3b\",\"name\":\"Radio Ljubu\u0161ki\"}]}<\/script>\n<!-- \/ Yoast SEO plugin. -->","yoast_head_json":{"title":"Je li 25. po redu film \u2013 \u2018No Time To Die\u2019 \u2013 uni\u0161tio lik Jamesa Bonda? - RADIO LJUBU\u0160KI","robots":{"index":"index","follow":"follow","max-snippet":"max-snippet:-1","max-image-preview":"max-image-preview:large","max-video-preview":"max-video-preview:-1"},"canonical":"https:\/\/radioljubuski.ba\/index.php\/2021\/10\/15\/je-li-25-po-redu-film-no-time-to-die-unistio-lik-jamesa-bonda\/","og_locale":"hr_HR","og_type":"article","og_title":"Je li 25. po redu film \u2013 \u2018No Time To Die\u2019 \u2013 uni\u0161tio lik Jamesa Bonda? - RADIO LJUBU\u0160KI","og_description":"Daniel Wroughton Craig, britanski je glumac, jedan od najpoznatijih lica britanskog kazali\u0161ta. Vi\u0161e od 10 godina glumio je najpoznatijeg tajnog agenta na svijetu,\u00a0James Bonda. Nakon dijelova \u201eCasino Royale\u201c (2006.), \u201eZrno utjehe\u201c (2008.), \u201eSkyfall\u201c (2012. ) te \u201eSpectre\u201c (2015.), do\u0161ao je i dio\u00a0\u201eZa smrt nema vremena\u201c (2021.) \u201eNo Time to Die\u201c,&nbsp;25. po redu u kultnoj fran\u0161izi [&hellip;]","og_url":"https:\/\/radioljubuski.ba\/index.php\/2021\/10\/15\/je-li-25-po-redu-film-no-time-to-die-unistio-lik-jamesa-bonda\/","og_site_name":"RADIO LJUBU\u0160KI","article_publisher":"https:\/\/www.facebook.com\/Radiio-Ljubuski-1490835324566332","article_published_time":"2021-10-15T22:12:38+00:00","article_modified_time":"2021-10-15T22:12:40+00:00","og_image":[{"width":1024,"height":664,"url":"https:\/\/radioljubuski.ba\/wp-content\/uploads\/2021\/10\/HN20210928210939.jpg","type":"image\/jpeg"}],"author":"Radio Ljubu\u0161ki","twitter_card":"summary_large_image","twitter_creator":"@radioljubuski","twitter_site":"@radioljubuski","twitter_misc":{"Napisao\/la":"Radio Ljubu\u0161ki","Procijenjeno vrijeme \u010ditanja":"2 minute"},"schema":{"@context":"https:\/\/schema.org","@graph":[{"@type":"Article","@id":"https:\/\/radioljubuski.ba\/index.php\/2021\/10\/15\/je-li-25-po-redu-film-no-time-to-die-unistio-lik-jamesa-bonda\/#article","isPartOf":{"@id":"https:\/\/radioljubuski.ba\/index.php\/2021\/10\/15\/je-li-25-po-redu-film-no-time-to-die-unistio-lik-jamesa-bonda\/"},"author":{"name":"Radio Ljubu\u0161ki","@id":"https:\/\/radioljubuski.ba\/#\/schema\/person\/19fc700381a780f69665d7956c469e3b"},"headline":"Je li 25. po redu film \u2013 \u2018No Time To Die\u2019 \u2013 uni\u0161tio lik Jamesa Bonda?","datePublished":"2021-10-15T22:12:38+00:00","dateModified":"2021-10-15T22:12:40+00:00","mainEntityOfPage":{"@id":"https:\/\/radioljubuski.ba\/index.php\/2021\/10\/15\/je-li-25-po-redu-film-no-time-to-die-unistio-lik-jamesa-bonda\/"},"wordCount":499,"publisher":{"@id":"https:\/\/radioljubuski.ba\/#organization"},"image":{"@id":"https:\/\/radioljubuski.ba\/index.php\/2021\/10\/15\/je-li-25-po-redu-film-no-time-to-die-unistio-lik-jamesa-bonda\/#primaryimage"},"thumbnailUrl":"https:\/\/radioljubuski.ba\/wp-content\/uploads\/2021\/10\/HN20210928210939.jpg","articleSection":["BIH i regija"],"inLanguage":"hr"},{"@type":"WebPage","@id":"https:\/\/radioljubuski.ba\/index.php\/2021\/10\/15\/je-li-25-po-redu-film-no-time-to-die-unistio-lik-jamesa-bonda\/","url":"https:\/\/radioljubuski.ba\/index.php\/2021\/10\/15\/je-li-25-po-redu-film-no-time-to-die-unistio-lik-jamesa-bonda\/","name":"Je li 25. po redu film \u2013 \u2018No Time To Die\u2019 \u2013 uni\u0161tio lik Jamesa Bonda? - RADIO LJUBU\u0160KI","isPartOf":{"@id":"https:\/\/radioljubuski.ba\/#website"},"primaryImageOfPage":{"@id":"https:\/\/radioljubuski.ba\/index.php\/2021\/10\/15\/je-li-25-po-redu-film-no-time-to-die-unistio-lik-jamesa-bonda\/#primaryimage"},"image":{"@id":"https:\/\/radioljubuski.ba\/index.php\/2021\/10\/15\/je-li-25-po-redu-film-no-time-to-die-unistio-lik-jamesa-bonda\/#primaryimage"},"thumbnailUrl":"https:\/\/radioljubuski.ba\/wp-content\/uploads\/2021\/10\/HN20210928210939.jpg","datePublished":"2021-10-15T22:12:38+00:00","dateModified":"2021-10-15T22:12:40+00:00","breadcrumb":{"@id":"https:\/\/radioljubuski.ba\/index.php\/2021\/10\/15\/je-li-25-po-redu-film-no-time-to-die-unistio-lik-jamesa-bonda\/#breadcrumb"},"inLanguage":"hr","potentialAction":[{"@type":"ReadAction","target":["https:\/\/radioljubuski.ba\/index.php\/2021\/10\/15\/je-li-25-po-redu-film-no-time-to-die-unistio-lik-jamesa-bonda\/"]}]},{"@type":"ImageObject","inLanguage":"hr","@id":"https:\/\/radioljubuski.ba\/index.php\/2021\/10\/15\/je-li-25-po-redu-film-no-time-to-die-unistio-lik-jamesa-bonda\/#primaryimage","url":"https:\/\/radioljubuski.ba\/wp-content\/uploads\/2021\/10\/HN20210928210939.jpg","contentUrl":"https:\/\/radioljubuski.ba\/wp-content\/uploads\/2021\/10\/HN20210928210939.jpg","width":1024,"height":664,"caption":"epa09493461 (L-R) British actress Lashana Lynch, British actor Daniel Craig, French actress Lea Seydoux and US film director Cary Joji Fukunaga pose for photographers at the world premiere of the new James Bond film 'No Time To Die' at the Royal Albert Hall in London, Britain, 28 September 2021. The 25th movie in the James Bond series opens in British theaters on 30 September 2021. EPA\/NEIL HALL"},{"@type":"BreadcrumbList","@id":"https:\/\/radioljubuski.ba\/index.php\/2021\/10\/15\/je-li-25-po-redu-film-no-time-to-die-unistio-lik-jamesa-bonda\/#breadcrumb","itemListElement":[{"@type":"ListItem","position":1,"name":"Po\u010detna stranica","item":"https:\/\/radioljubuski.ba\/"},{"@type":"ListItem","position":2,"name":"Je li 25. po redu film \u2013 \u2018No Time To Die\u2019 \u2013 uni\u0161tio lik Jamesa Bonda?"}]},{"@type":"WebSite","@id":"https:\/\/radioljubuski.ba\/#website","url":"https:\/\/radioljubuski.ba\/","name":"Radio Ljubu\u0161ki","description":"Sun\u010dana frekvencija Hercegovine","publisher":{"@id":"https:\/\/radioljubuski.ba\/#organization"},"potentialAction":[{"@type":"SearchAction","target":{"@type":"EntryPoint","urlTemplate":"https:\/\/radioljubuski.ba\/?s={search_term_string}"},"query-input":{"@type":"PropertyValueSpecification","valueRequired":true,"valueName":"search_term_string"}}],"inLanguage":"hr"},{"@type":"Organization","@id":"https:\/\/radioljubuski.ba\/#organization","name":"Radio Ljubu\u0161ki","url":"https:\/\/radioljubuski.ba\/","logo":{"@type":"ImageObject","inLanguage":"hr","@id":"https:\/\/radioljubuski.ba\/#\/schema\/logo\/image\/","url":"https:\/\/radioljubuski.ba\/wp-content\/uploads\/2021\/02\/cropped-Radio_Ljubuski_logo1.jpg","contentUrl":"https:\/\/radioljubuski.ba\/wp-content\/uploads\/2021\/02\/cropped-Radio_Ljubuski_logo1.jpg","width":512,"height":512,"caption":"Radio Ljubu\u0161ki"},"image":{"@id":"https:\/\/radioljubuski.ba\/#\/schema\/logo\/image\/"},"sameAs":["https:\/\/www.facebook.com\/Radiio-Ljubuski-1490835324566332","https:\/\/x.com\/radioljubuski","https:\/\/hr.linkedin.com\/company\/radio-ljubuski","https:\/\/www.youtube.com\/channel\/UCHYaeO_n0Db3tjNGudGpXyw"]},{"@type":"Person","@id":"https:\/\/radioljubuski.ba\/#\/schema\/person\/19fc700381a780f69665d7956c469e3b","name":"Radio Ljubu\u0161ki"}]}},"_links":{"self":[{"href":"https:\/\/radioljubuski.ba\/index.php\/wp-json\/wp\/v2\/posts\/76238","targetHints":{"allow":["GET"]}}],"collection":[{"href":"https:\/\/radioljubuski.ba\/index.php\/wp-json\/wp\/v2\/posts"}],"about":[{"href":"https:\/\/radioljubuski.ba\/index.php\/wp-json\/wp\/v2\/types\/post"}],"author":[{"embeddable":true,"href":"https:\/\/radioljubuski.ba\/index.php\/wp-json\/wp\/v2\/users\/2"}],"replies":[{"embeddable":true,"href":"https:\/\/radioljubuski.ba\/index.php\/wp-json\/wp\/v2\/comments?post=76238"}],"version-history":[{"count":1,"href":"https:\/\/radioljubuski.ba\/index.php\/wp-json\/wp\/v2\/posts\/76238\/revisions"}],"predecessor-version":[{"id":76240,"href":"https:\/\/radioljubuski.ba\/index.php\/wp-json\/wp\/v2\/posts\/76238\/revisions\/76240"}],"wp:featuredmedia":[{"embeddable":true,"href":"https:\/\/radioljubuski.ba\/index.php\/wp-json\/wp\/v2\/media\/76239"}],"wp:attachment":[{"href":"https:\/\/radioljubuski.ba\/index.php\/wp-json\/wp\/v2\/media?parent=76238"}],"wp:term":[{"taxonomy":"category","embeddable":true,"href":"https:\/\/radioljubuski.ba\/index.php\/wp-json\/wp\/v2\/categories?post=76238"},{"taxonomy":"post_tag","embeddable":true,"href":"https:\/\/radioljubuski.ba\/index.php\/wp-json\/wp\/v2\/tags?post=76238"}],"curies":[{"name":"wp","href":"https:\/\/api.w.org\/{rel}","templated":true}]}}