{"id":76252,"date":"2021-10-15T23:39:03","date_gmt":"2021-10-15T22:39:03","guid":{"rendered":"https:\/\/radioljubuski.ba\/?p=76252"},"modified":"2021-10-15T23:39:05","modified_gmt":"2021-10-15T22:39:05","slug":"kamatne-stope-u-bih-ni-u-narednom-razdoblju-nece-rasti","status":"publish","type":"post","link":"https:\/\/radioljubuski.ba\/index.php\/2021\/10\/15\/kamatne-stope-u-bih-ni-u-narednom-razdoblju-nece-rasti\/","title":{"rendered":"Kamatne stope u BiH ni u narednom razdoblju ne\u0107e rasti"},"content":{"rendered":"\n<p>U pojedinim zemljama Europe po\u010delo se govoriti o rastu kamatnih stopa, a kada je to postala tema i u susjednoj Hrvatskoj, relevantne institucije pitali smo ho\u0107e li \u0107e do rasta do\u0107i i u na\u0161oj zemlji.<\/p>\n\n\n\n<p>Iz Centralne banke BiH kazali su za&nbsp;<a href=\"https:\/\/www.klix.ba\/biznis\/privreda\/kamatne-stope-u-bih-ni-u-narednom-periodu-nece-rasti\/211013112\" target=\"_blank\" rel=\"noreferrer noopener\">Klix&nbsp;<\/a>kako su kamatne stope na kredite u posljednjih nekoliko godina bilje\u017eile trend pada, pod utjecajem niskih kamatnih stopa u eurozoni. Ovaj trend zaustavljen je u 2020. godini, ali su kamatne stope ostale na niskim nivoima.<\/p>\n\n\n\n<p>Prosje\u010dna kamatna stopa, kako su kazali, na novoodobrene kredite stanovni\u0161tvu u prvih \u0161est mjeseci ove godine iznosila je 5,44 posto, \u0161to je za \u010detiri bazna poena ni\u017ee u odnosu na prosje\u010dnu kamatnu stopu u prvoj polovini 2020. godine.<\/p>\n\n\n\n<p>&#8220;S druge strane, prosje\u010dna kamatna stopa na novoodobrene kredite privatnim nefinancijskim poduze\u0107ima je u prvih \u0161est mjeseci ove godine iznosila 3,38 posto i vi\u0161a je od prosje\u010dne kamatne stope na kredite ovom sektoru u istom razdoblju pro\u0161le godine za 12 baznih poena. Ipak, u narednom razdoblju se ne o\u010dekuje znatniji rast kamatnih stopa, s obzirom na to da jo\u0161 nema naznaka da \u0107e glavne centralne banke podizati referentne kamatne stope u kratkom roku, \u0161to je u narednih nekoliko kvartala&#8221;, kazali su iz Centralne banke BiH.<\/p>\n\n\n\n<p>Na kretanje kamatnih stopa na kredite, pojasnili su, utje\u010de kretanje kamatnih stopa na tr\u017ei\u0161tu eurozone, jer su varijabilne kamatne stope u BiH vezane za kretanje EURIBOR-a.<\/p>\n\n\n\n<p>&#8220;U narednom razdoblju se ne o\u010dekuje rast referentnih kamatnih stopa Europske centralne banke. Dakle, pove\u0107anje kamatnih stopa se ne o\u010dekuje sve dok ne do\u0111e do promjena uslova zadu\u017eivanja u eurozoni i dok su izvori financiranja na doma\u0107em tr\u017ei\u0161tu \u2013 depoziti stabilni&#8221;, istaknuli su iz Centralne banke. Da su kamatne stope stabilne u ovoj godini, kazali su i iz Agencije za bankarstvo FBiH (FBA), odakle su istaknuli i kako je izvjesno da se do kraja ove godine ne\u0107e desiti zna\u010dajne promjene.<\/p>\n\n\n\n<p>Me\u0111utim, ka\u017eu kako se izgledi za umjeren rast nivoa kamatnih stopa pove\u0107avaju u narednoj godini.<\/p>\n\n\n\n<p>&#8220;Nivo kamatnih stopa formira se na tr\u017ei\u0161tu. Interno, ukoliko analiziramo tradicionalne principe djelovanja tr\u017ei\u0161ta, odnos ponude i potra\u017enje u FBiH, imamo stabilan bankarski sustav i povoljna kretanja koja upu\u0107uju na odr\u017eavanje ravnote\u017ee, povoljne likvidnosti i potra\u017enje za novcem. Ako bi se isklju\u010dila pitanja politi\u010dke nestabilnosti i nepredvi\u0111enih djelovanja, koja nisu u vezi s ekonomijom, na\u0161e tr\u017ei\u0161te bi se moglo smatrati dugoro\u010dno stabilnim. S druge strane, zna\u010dajan utjecaj na na\u0161e tr\u017ei\u0161te se prenosi iz EU i eurozone. Postaje izvjesno da \u0107e biti prema\u0161ene ciljne stope inflacije uz izostanak o\u010dekivanog brzog oporavka ekonomija unutar EU, eurozone i globalno. U takvim okolnostima razumno je o\u010dekivati rast referentnih kamatnih stopa, ali ne preko nivoa koji bi dodatno ugrozio ekonomski oporavak razvijenih tr\u017ei\u0161ta, naro\u010dito u 2022. godini&#8221;, kazali su iz FBA te dodali da, i ako do pove\u0107anja do\u0111e, ono ne\u0107e biti dramati\u010dno.<\/p>\n\n\n\n<p>Gra\u0111ani BiH za sada se, smatra Berislav Kutle, predsjednik Udru\u017eenja banaka BiH, ne trebaju brinuti, a ka\u017ee i kako se pove\u0107anje kamatnih stopa u EU i Americi spominje kao srednjoro\u010dna mogu\u0107nost zbog toga \u0161to se pove\u0107ava inflacija.<\/p>\n\n\n\n<p>&#8220;Inflacija se pove\u0107ava svjesno i namjerno upravo kako bi do\u0161lo do pove\u0107anja kamatnih stopa i reguliranja tr\u017ei\u0161ta novca. Mada, do pove\u0107anja jo\u0161 nije do\u0161lo, tako da nije realno o\u010dekivati ni pove\u0107anje kamatnih stopa u BiH. Drugi razlog zbog kojeg nije realno o\u010dekivati pove\u0107anje kod nas je \u0161to je ponuda novca u bankama puno ve\u0107a od potra\u017enje za kreditima i zbog toga banke muku mu\u010de kako plasirati svoj novac i uz ovu i ne\u0161to manju kamatnu stopu, a ne uz neku ve\u0107u. Dakle, u nekom srednjoro\u010dnom narednom razdoblju ne\u0107e biti pove\u0107anja&#8221;, kazao je Kutle.<\/p>\n\n\n\n<p>Izvor:klix.ba<\/p>\n","protected":false},"excerpt":{"rendered":"<p>U pojedinim zemljama Europe po\u010delo se govoriti o rastu kamatnih stopa, a kada je to postala tema i u susjednoj Hrvatskoj, relevantne institucije pitali smo ho\u0107e li \u0107e do rasta do\u0107i i u na\u0161oj zemlji. Iz Centralne banke BiH kazali su za&nbsp;Klix&nbsp;kako su kamatne stope na kredite u posljednjih nekoliko godina bilje\u017eile trend pada, pod [&hellip;]<\/p>\n","protected":false},"author":2,"featured_media":25794,"comment_status":"closed","ping_status":"closed","sticky":false,"template":"","format":"standard","meta":{"h5ap_radio_sources":[],"footnotes":""},"categories":[1],"tags":[],"class_list":["post-76252","post","type-post","status-publish","format-standard","has-post-thumbnail","hentry","category-bihiregija"],"yoast_head":"<!-- This site is optimized with the Yoast SEO plugin v27.4 - https:\/\/yoast.com\/product\/yoast-seo-wordpress\/ -->\n<title>Kamatne stope u BiH ni u narednom razdoblju ne\u0107e rasti - RADIO LJUBU\u0160KI<\/title>\n<meta name=\"robots\" content=\"index, follow, max-snippet:-1, max-image-preview:large, max-video-preview:-1\" \/>\n<link rel=\"canonical\" href=\"https:\/\/radioljubuski.ba\/index.php\/2021\/10\/15\/kamatne-stope-u-bih-ni-u-narednom-razdoblju-nece-rasti\/\" \/>\n<meta property=\"og:locale\" content=\"hr_HR\" \/>\n<meta property=\"og:type\" content=\"article\" \/>\n<meta property=\"og:title\" content=\"Kamatne stope u BiH ni u narednom razdoblju ne\u0107e rasti - RADIO LJUBU\u0160KI\" \/>\n<meta property=\"og:description\" content=\"U pojedinim zemljama Europe po\u010delo se govoriti o rastu kamatnih stopa, a kada je to postala tema i u susjednoj Hrvatskoj, relevantne institucije pitali smo ho\u0107e li \u0107e do rasta do\u0107i i u na\u0161oj zemlji. Iz Centralne banke BiH kazali su za&nbsp;Klix&nbsp;kako su kamatne stope na kredite u posljednjih nekoliko godina bilje\u017eile trend pada, pod [&hellip;]\" \/>\n<meta property=\"og:url\" content=\"https:\/\/radioljubuski.ba\/index.php\/2021\/10\/15\/kamatne-stope-u-bih-ni-u-narednom-razdoblju-nece-rasti\/\" \/>\n<meta property=\"og:site_name\" content=\"RADIO LJUBU\u0160KI\" \/>\n<meta property=\"article:publisher\" content=\"https:\/\/www.facebook.com\/Radiio-Ljubuski-1490835324566332\" \/>\n<meta property=\"article:published_time\" content=\"2021-10-15T22:39:03+00:00\" \/>\n<meta property=\"article:modified_time\" content=\"2021-10-15T22:39:05+00:00\" \/>\n<meta property=\"og:image\" content=\"https:\/\/radioljubuski.ba\/wp-content\/uploads\/2021\/05\/ba4zilBX_novac_marke.jpg\" \/>\n\t<meta property=\"og:image:width\" content=\"1000\" \/>\n\t<meta property=\"og:image:height\" content=\"625\" \/>\n\t<meta property=\"og:image:type\" content=\"image\/jpeg\" \/>\n<meta name=\"author\" content=\"Radio Ljubu\u0161ki\" \/>\n<meta name=\"twitter:card\" content=\"summary_large_image\" \/>\n<meta name=\"twitter:creator\" content=\"@radioljubuski\" \/>\n<meta name=\"twitter:site\" content=\"@radioljubuski\" \/>\n<meta name=\"twitter:label1\" content=\"Napisao\/la\" \/>\n\t<meta name=\"twitter:data1\" content=\"Radio Ljubu\u0161ki\" \/>\n\t<meta name=\"twitter:label2\" content=\"Procijenjeno vrijeme \u010ditanja\" \/>\n\t<meta name=\"twitter:data2\" content=\"3 minute\" \/>\n<script type=\"application\/ld+json\" class=\"yoast-schema-graph\">{\"@context\":\"https:\\\/\\\/schema.org\",\"@graph\":[{\"@type\":\"Article\",\"@id\":\"https:\\\/\\\/radioljubuski.ba\\\/index.php\\\/2021\\\/10\\\/15\\\/kamatne-stope-u-bih-ni-u-narednom-razdoblju-nece-rasti\\\/#article\",\"isPartOf\":{\"@id\":\"https:\\\/\\\/radioljubuski.ba\\\/index.php\\\/2021\\\/10\\\/15\\\/kamatne-stope-u-bih-ni-u-narednom-razdoblju-nece-rasti\\\/\"},\"author\":{\"name\":\"Radio Ljubu\u0161ki\",\"@id\":\"https:\\\/\\\/radioljubuski.ba\\\/#\\\/schema\\\/person\\\/19fc700381a780f69665d7956c469e3b\"},\"headline\":\"Kamatne stope u BiH ni u narednom razdoblju ne\u0107e rasti\",\"datePublished\":\"2021-10-15T22:39:03+00:00\",\"dateModified\":\"2021-10-15T22:39:05+00:00\",\"mainEntityOfPage\":{\"@id\":\"https:\\\/\\\/radioljubuski.ba\\\/index.php\\\/2021\\\/10\\\/15\\\/kamatne-stope-u-bih-ni-u-narednom-razdoblju-nece-rasti\\\/\"},\"wordCount\":686,\"publisher\":{\"@id\":\"https:\\\/\\\/radioljubuski.ba\\\/#organization\"},\"image\":{\"@id\":\"https:\\\/\\\/radioljubuski.ba\\\/index.php\\\/2021\\\/10\\\/15\\\/kamatne-stope-u-bih-ni-u-narednom-razdoblju-nece-rasti\\\/#primaryimage\"},\"thumbnailUrl\":\"https:\\\/\\\/radioljubuski.ba\\\/wp-content\\\/uploads\\\/2021\\\/05\\\/ba4zilBX_novac_marke.jpg\",\"articleSection\":[\"BIH i regija\"],\"inLanguage\":\"hr\"},{\"@type\":\"WebPage\",\"@id\":\"https:\\\/\\\/radioljubuski.ba\\\/index.php\\\/2021\\\/10\\\/15\\\/kamatne-stope-u-bih-ni-u-narednom-razdoblju-nece-rasti\\\/\",\"url\":\"https:\\\/\\\/radioljubuski.ba\\\/index.php\\\/2021\\\/10\\\/15\\\/kamatne-stope-u-bih-ni-u-narednom-razdoblju-nece-rasti\\\/\",\"name\":\"Kamatne stope u BiH ni u narednom razdoblju ne\u0107e rasti - RADIO LJUBU\u0160KI\",\"isPartOf\":{\"@id\":\"https:\\\/\\\/radioljubuski.ba\\\/#website\"},\"primaryImageOfPage\":{\"@id\":\"https:\\\/\\\/radioljubuski.ba\\\/index.php\\\/2021\\\/10\\\/15\\\/kamatne-stope-u-bih-ni-u-narednom-razdoblju-nece-rasti\\\/#primaryimage\"},\"image\":{\"@id\":\"https:\\\/\\\/radioljubuski.ba\\\/index.php\\\/2021\\\/10\\\/15\\\/kamatne-stope-u-bih-ni-u-narednom-razdoblju-nece-rasti\\\/#primaryimage\"},\"thumbnailUrl\":\"https:\\\/\\\/radioljubuski.ba\\\/wp-content\\\/uploads\\\/2021\\\/05\\\/ba4zilBX_novac_marke.jpg\",\"datePublished\":\"2021-10-15T22:39:03+00:00\",\"dateModified\":\"2021-10-15T22:39:05+00:00\",\"breadcrumb\":{\"@id\":\"https:\\\/\\\/radioljubuski.ba\\\/index.php\\\/2021\\\/10\\\/15\\\/kamatne-stope-u-bih-ni-u-narednom-razdoblju-nece-rasti\\\/#breadcrumb\"},\"inLanguage\":\"hr\",\"potentialAction\":[{\"@type\":\"ReadAction\",\"target\":[\"https:\\\/\\\/radioljubuski.ba\\\/index.php\\\/2021\\\/10\\\/15\\\/kamatne-stope-u-bih-ni-u-narednom-razdoblju-nece-rasti\\\/\"]}]},{\"@type\":\"ImageObject\",\"inLanguage\":\"hr\",\"@id\":\"https:\\\/\\\/radioljubuski.ba\\\/index.php\\\/2021\\\/10\\\/15\\\/kamatne-stope-u-bih-ni-u-narednom-razdoblju-nece-rasti\\\/#primaryimage\",\"url\":\"https:\\\/\\\/radioljubuski.ba\\\/wp-content\\\/uploads\\\/2021\\\/05\\\/ba4zilBX_novac_marke.jpg\",\"contentUrl\":\"https:\\\/\\\/radioljubuski.ba\\\/wp-content\\\/uploads\\\/2021\\\/05\\\/ba4zilBX_novac_marke.jpg\",\"width\":1000,\"height\":625},{\"@type\":\"BreadcrumbList\",\"@id\":\"https:\\\/\\\/radioljubuski.ba\\\/index.php\\\/2021\\\/10\\\/15\\\/kamatne-stope-u-bih-ni-u-narednom-razdoblju-nece-rasti\\\/#breadcrumb\",\"itemListElement\":[{\"@type\":\"ListItem\",\"position\":1,\"name\":\"Po\u010detna stranica\",\"item\":\"https:\\\/\\\/radioljubuski.ba\\\/\"},{\"@type\":\"ListItem\",\"position\":2,\"name\":\"Kamatne stope u BiH ni u narednom razdoblju ne\u0107e rasti\"}]},{\"@type\":\"WebSite\",\"@id\":\"https:\\\/\\\/radioljubuski.ba\\\/#website\",\"url\":\"https:\\\/\\\/radioljubuski.ba\\\/\",\"name\":\"Radio Ljubu\u0161ki\",\"description\":\"Sun\u010dana frekvencija Hercegovine\",\"publisher\":{\"@id\":\"https:\\\/\\\/radioljubuski.ba\\\/#organization\"},\"potentialAction\":[{\"@type\":\"SearchAction\",\"target\":{\"@type\":\"EntryPoint\",\"urlTemplate\":\"https:\\\/\\\/radioljubuski.ba\\\/?s={search_term_string}\"},\"query-input\":{\"@type\":\"PropertyValueSpecification\",\"valueRequired\":true,\"valueName\":\"search_term_string\"}}],\"inLanguage\":\"hr\"},{\"@type\":\"Organization\",\"@id\":\"https:\\\/\\\/radioljubuski.ba\\\/#organization\",\"name\":\"Radio Ljubu\u0161ki\",\"url\":\"https:\\\/\\\/radioljubuski.ba\\\/\",\"logo\":{\"@type\":\"ImageObject\",\"inLanguage\":\"hr\",\"@id\":\"https:\\\/\\\/radioljubuski.ba\\\/#\\\/schema\\\/logo\\\/image\\\/\",\"url\":\"https:\\\/\\\/radioljubuski.ba\\\/wp-content\\\/uploads\\\/2021\\\/02\\\/cropped-Radio_Ljubuski_logo1.jpg\",\"contentUrl\":\"https:\\\/\\\/radioljubuski.ba\\\/wp-content\\\/uploads\\\/2021\\\/02\\\/cropped-Radio_Ljubuski_logo1.jpg\",\"width\":512,\"height\":512,\"caption\":\"Radio Ljubu\u0161ki\"},\"image\":{\"@id\":\"https:\\\/\\\/radioljubuski.ba\\\/#\\\/schema\\\/logo\\\/image\\\/\"},\"sameAs\":[\"https:\\\/\\\/www.facebook.com\\\/Radiio-Ljubuski-1490835324566332\",\"https:\\\/\\\/x.com\\\/radioljubuski\",\"https:\\\/\\\/hr.linkedin.com\\\/company\\\/radio-ljubuski\",\"https:\\\/\\\/www.youtube.com\\\/channel\\\/UCHYaeO_n0Db3tjNGudGpXyw\"]},{\"@type\":\"Person\",\"@id\":\"https:\\\/\\\/radioljubuski.ba\\\/#\\\/schema\\\/person\\\/19fc700381a780f69665d7956c469e3b\",\"name\":\"Radio Ljubu\u0161ki\"}]}<\/script>\n<!-- \/ Yoast SEO plugin. -->","yoast_head_json":{"title":"Kamatne stope u BiH ni u narednom razdoblju ne\u0107e rasti - RADIO LJUBU\u0160KI","robots":{"index":"index","follow":"follow","max-snippet":"max-snippet:-1","max-image-preview":"max-image-preview:large","max-video-preview":"max-video-preview:-1"},"canonical":"https:\/\/radioljubuski.ba\/index.php\/2021\/10\/15\/kamatne-stope-u-bih-ni-u-narednom-razdoblju-nece-rasti\/","og_locale":"hr_HR","og_type":"article","og_title":"Kamatne stope u BiH ni u narednom razdoblju ne\u0107e rasti - RADIO LJUBU\u0160KI","og_description":"U pojedinim zemljama Europe po\u010delo se govoriti o rastu kamatnih stopa, a kada je to postala tema i u susjednoj Hrvatskoj, relevantne institucije pitali smo ho\u0107e li \u0107e do rasta do\u0107i i u na\u0161oj zemlji. Iz Centralne banke BiH kazali su za&nbsp;Klix&nbsp;kako su kamatne stope na kredite u posljednjih nekoliko godina bilje\u017eile trend pada, pod [&hellip;]","og_url":"https:\/\/radioljubuski.ba\/index.php\/2021\/10\/15\/kamatne-stope-u-bih-ni-u-narednom-razdoblju-nece-rasti\/","og_site_name":"RADIO LJUBU\u0160KI","article_publisher":"https:\/\/www.facebook.com\/Radiio-Ljubuski-1490835324566332","article_published_time":"2021-10-15T22:39:03+00:00","article_modified_time":"2021-10-15T22:39:05+00:00","og_image":[{"width":1000,"height":625,"url":"https:\/\/radioljubuski.ba\/wp-content\/uploads\/2021\/05\/ba4zilBX_novac_marke.jpg","type":"image\/jpeg"}],"author":"Radio Ljubu\u0161ki","twitter_card":"summary_large_image","twitter_creator":"@radioljubuski","twitter_site":"@radioljubuski","twitter_misc":{"Napisao\/la":"Radio Ljubu\u0161ki","Procijenjeno vrijeme \u010ditanja":"3 minute"},"schema":{"@context":"https:\/\/schema.org","@graph":[{"@type":"Article","@id":"https:\/\/radioljubuski.ba\/index.php\/2021\/10\/15\/kamatne-stope-u-bih-ni-u-narednom-razdoblju-nece-rasti\/#article","isPartOf":{"@id":"https:\/\/radioljubuski.ba\/index.php\/2021\/10\/15\/kamatne-stope-u-bih-ni-u-narednom-razdoblju-nece-rasti\/"},"author":{"name":"Radio Ljubu\u0161ki","@id":"https:\/\/radioljubuski.ba\/#\/schema\/person\/19fc700381a780f69665d7956c469e3b"},"headline":"Kamatne stope u BiH ni u narednom razdoblju ne\u0107e rasti","datePublished":"2021-10-15T22:39:03+00:00","dateModified":"2021-10-15T22:39:05+00:00","mainEntityOfPage":{"@id":"https:\/\/radioljubuski.ba\/index.php\/2021\/10\/15\/kamatne-stope-u-bih-ni-u-narednom-razdoblju-nece-rasti\/"},"wordCount":686,"publisher":{"@id":"https:\/\/radioljubuski.ba\/#organization"},"image":{"@id":"https:\/\/radioljubuski.ba\/index.php\/2021\/10\/15\/kamatne-stope-u-bih-ni-u-narednom-razdoblju-nece-rasti\/#primaryimage"},"thumbnailUrl":"https:\/\/radioljubuski.ba\/wp-content\/uploads\/2021\/05\/ba4zilBX_novac_marke.jpg","articleSection":["BIH i regija"],"inLanguage":"hr"},{"@type":"WebPage","@id":"https:\/\/radioljubuski.ba\/index.php\/2021\/10\/15\/kamatne-stope-u-bih-ni-u-narednom-razdoblju-nece-rasti\/","url":"https:\/\/radioljubuski.ba\/index.php\/2021\/10\/15\/kamatne-stope-u-bih-ni-u-narednom-razdoblju-nece-rasti\/","name":"Kamatne stope u BiH ni u narednom razdoblju ne\u0107e rasti - RADIO LJUBU\u0160KI","isPartOf":{"@id":"https:\/\/radioljubuski.ba\/#website"},"primaryImageOfPage":{"@id":"https:\/\/radioljubuski.ba\/index.php\/2021\/10\/15\/kamatne-stope-u-bih-ni-u-narednom-razdoblju-nece-rasti\/#primaryimage"},"image":{"@id":"https:\/\/radioljubuski.ba\/index.php\/2021\/10\/15\/kamatne-stope-u-bih-ni-u-narednom-razdoblju-nece-rasti\/#primaryimage"},"thumbnailUrl":"https:\/\/radioljubuski.ba\/wp-content\/uploads\/2021\/05\/ba4zilBX_novac_marke.jpg","datePublished":"2021-10-15T22:39:03+00:00","dateModified":"2021-10-15T22:39:05+00:00","breadcrumb":{"@id":"https:\/\/radioljubuski.ba\/index.php\/2021\/10\/15\/kamatne-stope-u-bih-ni-u-narednom-razdoblju-nece-rasti\/#breadcrumb"},"inLanguage":"hr","potentialAction":[{"@type":"ReadAction","target":["https:\/\/radioljubuski.ba\/index.php\/2021\/10\/15\/kamatne-stope-u-bih-ni-u-narednom-razdoblju-nece-rasti\/"]}]},{"@type":"ImageObject","inLanguage":"hr","@id":"https:\/\/radioljubuski.ba\/index.php\/2021\/10\/15\/kamatne-stope-u-bih-ni-u-narednom-razdoblju-nece-rasti\/#primaryimage","url":"https:\/\/radioljubuski.ba\/wp-content\/uploads\/2021\/05\/ba4zilBX_novac_marke.jpg","contentUrl":"https:\/\/radioljubuski.ba\/wp-content\/uploads\/2021\/05\/ba4zilBX_novac_marke.jpg","width":1000,"height":625},{"@type":"BreadcrumbList","@id":"https:\/\/radioljubuski.ba\/index.php\/2021\/10\/15\/kamatne-stope-u-bih-ni-u-narednom-razdoblju-nece-rasti\/#breadcrumb","itemListElement":[{"@type":"ListItem","position":1,"name":"Po\u010detna stranica","item":"https:\/\/radioljubuski.ba\/"},{"@type":"ListItem","position":2,"name":"Kamatne stope u BiH ni u narednom razdoblju ne\u0107e rasti"}]},{"@type":"WebSite","@id":"https:\/\/radioljubuski.ba\/#website","url":"https:\/\/radioljubuski.ba\/","name":"Radio Ljubu\u0161ki","description":"Sun\u010dana frekvencija Hercegovine","publisher":{"@id":"https:\/\/radioljubuski.ba\/#organization"},"potentialAction":[{"@type":"SearchAction","target":{"@type":"EntryPoint","urlTemplate":"https:\/\/radioljubuski.ba\/?s={search_term_string}"},"query-input":{"@type":"PropertyValueSpecification","valueRequired":true,"valueName":"search_term_string"}}],"inLanguage":"hr"},{"@type":"Organization","@id":"https:\/\/radioljubuski.ba\/#organization","name":"Radio Ljubu\u0161ki","url":"https:\/\/radioljubuski.ba\/","logo":{"@type":"ImageObject","inLanguage":"hr","@id":"https:\/\/radioljubuski.ba\/#\/schema\/logo\/image\/","url":"https:\/\/radioljubuski.ba\/wp-content\/uploads\/2021\/02\/cropped-Radio_Ljubuski_logo1.jpg","contentUrl":"https:\/\/radioljubuski.ba\/wp-content\/uploads\/2021\/02\/cropped-Radio_Ljubuski_logo1.jpg","width":512,"height":512,"caption":"Radio Ljubu\u0161ki"},"image":{"@id":"https:\/\/radioljubuski.ba\/#\/schema\/logo\/image\/"},"sameAs":["https:\/\/www.facebook.com\/Radiio-Ljubuski-1490835324566332","https:\/\/x.com\/radioljubuski","https:\/\/hr.linkedin.com\/company\/radio-ljubuski","https:\/\/www.youtube.com\/channel\/UCHYaeO_n0Db3tjNGudGpXyw"]},{"@type":"Person","@id":"https:\/\/radioljubuski.ba\/#\/schema\/person\/19fc700381a780f69665d7956c469e3b","name":"Radio Ljubu\u0161ki"}]}},"_links":{"self":[{"href":"https:\/\/radioljubuski.ba\/index.php\/wp-json\/wp\/v2\/posts\/76252","targetHints":{"allow":["GET"]}}],"collection":[{"href":"https:\/\/radioljubuski.ba\/index.php\/wp-json\/wp\/v2\/posts"}],"about":[{"href":"https:\/\/radioljubuski.ba\/index.php\/wp-json\/wp\/v2\/types\/post"}],"author":[{"embeddable":true,"href":"https:\/\/radioljubuski.ba\/index.php\/wp-json\/wp\/v2\/users\/2"}],"replies":[{"embeddable":true,"href":"https:\/\/radioljubuski.ba\/index.php\/wp-json\/wp\/v2\/comments?post=76252"}],"version-history":[{"count":1,"href":"https:\/\/radioljubuski.ba\/index.php\/wp-json\/wp\/v2\/posts\/76252\/revisions"}],"predecessor-version":[{"id":76253,"href":"https:\/\/radioljubuski.ba\/index.php\/wp-json\/wp\/v2\/posts\/76252\/revisions\/76253"}],"wp:featuredmedia":[{"embeddable":true,"href":"https:\/\/radioljubuski.ba\/index.php\/wp-json\/wp\/v2\/media\/25794"}],"wp:attachment":[{"href":"https:\/\/radioljubuski.ba\/index.php\/wp-json\/wp\/v2\/media?parent=76252"}],"wp:term":[{"taxonomy":"category","embeddable":true,"href":"https:\/\/radioljubuski.ba\/index.php\/wp-json\/wp\/v2\/categories?post=76252"},{"taxonomy":"post_tag","embeddable":true,"href":"https:\/\/radioljubuski.ba\/index.php\/wp-json\/wp\/v2\/tags?post=76252"}],"curies":[{"name":"wp","href":"https:\/\/api.w.org\/{rel}","templated":true}]}}