{"id":76254,"date":"2021-10-15T23:40:06","date_gmt":"2021-10-15T22:40:06","guid":{"rendered":"https:\/\/radioljubuski.ba\/?p=76254"},"modified":"2021-10-15T23:40:07","modified_gmt":"2021-10-15T22:40:07","slug":"napadac-iz-norveske-pod-nadzorom-zdravstva-ceka-ga-istrazni-pritvor","status":"publish","type":"post","link":"https:\/\/radioljubuski.ba\/index.php\/2021\/10\/15\/napadac-iz-norveske-pod-nadzorom-zdravstva-ceka-ga-istrazni-pritvor\/","title":{"rendered":"Napada\u010d iz Norve\u0161ke pod nadzorom zdravstva, \u010deka ga istra\u017eni pritvor"},"content":{"rendered":"\n<p>Mu\u0161karac osumnji\u010den za ubojstvo petero ljudi lukom i strijelom u Norve\u0161koj pod nadzorom je zdravstvenih slu\u017ebi u petak i mogao bi do \u010detiri tjedna biti zadr\u017ean u istra\u017enom pritvoru.<\/p>\n\n\n\n<p>Istra\u017eitelji su rekli da se osumnji\u010deni zove Espen Andersen Braathen, 37-godi\u0161nji je danski dr\u017eavljanin i ve\u0107i dio \u017eivota \u017eivio je u Kongsbergu, gdje je i izveo napade.<\/p>\n\n\n\n<p>On je priznao da je ubio \u017ertve, rekli su istra\u017eitelji.<\/p>\n\n\n\n<p>Policija je priop\u0107ila da je \u201cpredan na skrb zdravstvenih slu\u017ebi nakon procjene zdravstvenog stanja\u201d, ali nisu ulazili u detalje.<\/p>\n\n\n\n<p>Kasnije u petak, sud je donio odluku da bi mogao biti zadr\u017ean do \u010detiri tjedna u istra\u017enom zatvoru.<\/p>\n\n\n\n<p>Braathen je pre\u0161ao na islam i pokazivao je znakove radikalizacije, rekla je policija. On tako\u0111er ima povijest \u201culazaka i izlazaka\u201d u zdravstvene ustanove, dodala je policija.<\/p>\n\n\n\n<p>Bit \u0107e podvrgnut potpunoj psihijatrijskoj procjeni, rekao je u \u010detvrtak njegov odvjetnik Fredrik Neumann.<\/p>\n\n\n\n<p>Policija je rekla da su se napadi dogodili na \u201cvelikom podru\u010dju\u201d Kongsberga, grada i op\u0107ine oko 70 km zapadno od glavnog grada Osla.<\/p>\n\n\n\n<p>\u010cetiri \u017eene i jedan mu\u0161karac, starosti izme\u0111u 50 i 70 godina, ubijeni su u, kako je policija rekla, nasumi\u010dnom \u201c\u010dinu terora\u201d. Ranjena su jo\u0161 trojica, uklju\u010duju\u0107i policajca koji nije bio na du\u017enosti.<\/p>\n\n\n\n<p>Policija je rekla da Braathen sura\u0111uje s istragom. Su\u0111enje se ne\u0107e odr\u017eati mjesecima.<\/p>\n\n\n\n<p>Broj \u017ertava Braathenova napada najve\u0107i je u Norve\u0161koj od 2011., kad je desni\u010darski ekstremist Anders Behring Breivik ubio 77 ljudi, ve\u0107inom tinejd\u017eera koji su prisustvovali politi\u010dkom kampu za mlade.<\/p>\n\n\n\n<p>Izvor:pogled.ba<\/p>\n","protected":false},"excerpt":{"rendered":"<p>Mu\u0161karac osumnji\u010den za ubojstvo petero ljudi lukom i strijelom u Norve\u0161koj pod nadzorom je zdravstvenih slu\u017ebi u petak i mogao bi do \u010detiri tjedna biti zadr\u017ean u istra\u017enom pritvoru. Istra\u017eitelji su rekli da se osumnji\u010deni zove Espen Andersen Braathen, 37-godi\u0161nji je danski dr\u017eavljanin i ve\u0107i dio \u017eivota \u017eivio je u Kongsbergu, gdje je i izveo [&hellip;]<\/p>\n","protected":false},"author":2,"featured_media":76255,"comment_status":"closed","ping_status":"closed","sticky":false,"template":"","format":"standard","meta":{"h5ap_radio_sources":[],"footnotes":""},"categories":[1],"tags":[],"class_list":["post-76254","post","type-post","status-publish","format-standard","has-post-thumbnail","hentry","category-bihiregija"],"yoast_head":"<!-- This site is optimized with the Yoast SEO plugin v27.4 - https:\/\/yoast.com\/product\/yoast-seo-wordpress\/ -->\n<title>Napada\u010d iz Norve\u0161ke pod nadzorom zdravstva, \u010deka ga istra\u017eni pritvor - RADIO LJUBU\u0160KI<\/title>\n<meta name=\"robots\" content=\"index, follow, max-snippet:-1, max-image-preview:large, max-video-preview:-1\" \/>\n<link rel=\"canonical\" href=\"https:\/\/radioljubuski.ba\/index.php\/2021\/10\/15\/napadac-iz-norveske-pod-nadzorom-zdravstva-ceka-ga-istrazni-pritvor\/\" \/>\n<meta property=\"og:locale\" content=\"hr_HR\" \/>\n<meta property=\"og:type\" content=\"article\" \/>\n<meta property=\"og:title\" content=\"Napada\u010d iz Norve\u0161ke pod nadzorom zdravstva, \u010deka ga istra\u017eni pritvor - RADIO LJUBU\u0160KI\" \/>\n<meta property=\"og:description\" content=\"Mu\u0161karac osumnji\u010den za ubojstvo petero ljudi lukom i strijelom u Norve\u0161koj pod nadzorom je zdravstvenih slu\u017ebi u petak i mogao bi do \u010detiri tjedna biti zadr\u017ean u istra\u017enom pritvoru. Istra\u017eitelji su rekli da se osumnji\u010deni zove Espen Andersen Braathen, 37-godi\u0161nji je danski dr\u017eavljanin i ve\u0107i dio \u017eivota \u017eivio je u Kongsbergu, gdje je i izveo [&hellip;]\" \/>\n<meta property=\"og:url\" content=\"https:\/\/radioljubuski.ba\/index.php\/2021\/10\/15\/napadac-iz-norveske-pod-nadzorom-zdravstva-ceka-ga-istrazni-pritvor\/\" \/>\n<meta property=\"og:site_name\" content=\"RADIO LJUBU\u0160KI\" \/>\n<meta property=\"article:publisher\" content=\"https:\/\/www.facebook.com\/Radiio-Ljubuski-1490835324566332\" \/>\n<meta property=\"article:published_time\" content=\"2021-10-15T22:40:06+00:00\" \/>\n<meta property=\"article:modified_time\" content=\"2021-10-15T22:40:07+00:00\" \/>\n<meta property=\"og:image\" content=\"https:\/\/radioljubuski.ba\/wp-content\/uploads\/2021\/10\/8-2021-10-15-14-31-17-norveska.jpg\" \/>\n\t<meta property=\"og:image:width\" content=\"1000\" \/>\n\t<meta property=\"og:image:height\" content=\"625\" \/>\n\t<meta property=\"og:image:type\" content=\"image\/jpeg\" \/>\n<meta name=\"author\" content=\"Radio Ljubu\u0161ki\" \/>\n<meta name=\"twitter:card\" content=\"summary_large_image\" \/>\n<meta name=\"twitter:creator\" content=\"@radioljubuski\" \/>\n<meta name=\"twitter:site\" content=\"@radioljubuski\" \/>\n<meta name=\"twitter:label1\" content=\"Napisao\/la\" \/>\n\t<meta name=\"twitter:data1\" content=\"Radio Ljubu\u0161ki\" \/>\n\t<meta name=\"twitter:label2\" content=\"Procijenjeno vrijeme \u010ditanja\" \/>\n\t<meta name=\"twitter:data2\" content=\"2 minute\" \/>\n<script type=\"application\/ld+json\" class=\"yoast-schema-graph\">{\"@context\":\"https:\\\/\\\/schema.org\",\"@graph\":[{\"@type\":\"Article\",\"@id\":\"https:\\\/\\\/radioljubuski.ba\\\/index.php\\\/2021\\\/10\\\/15\\\/napadac-iz-norveske-pod-nadzorom-zdravstva-ceka-ga-istrazni-pritvor\\\/#article\",\"isPartOf\":{\"@id\":\"https:\\\/\\\/radioljubuski.ba\\\/index.php\\\/2021\\\/10\\\/15\\\/napadac-iz-norveske-pod-nadzorom-zdravstva-ceka-ga-istrazni-pritvor\\\/\"},\"author\":{\"name\":\"Radio Ljubu\u0161ki\",\"@id\":\"https:\\\/\\\/radioljubuski.ba\\\/#\\\/schema\\\/person\\\/19fc700381a780f69665d7956c469e3b\"},\"headline\":\"Napada\u010d iz Norve\u0161ke pod nadzorom zdravstva, \u010deka ga istra\u017eni pritvor\",\"datePublished\":\"2021-10-15T22:40:06+00:00\",\"dateModified\":\"2021-10-15T22:40:07+00:00\",\"mainEntityOfPage\":{\"@id\":\"https:\\\/\\\/radioljubuski.ba\\\/index.php\\\/2021\\\/10\\\/15\\\/napadac-iz-norveske-pod-nadzorom-zdravstva-ceka-ga-istrazni-pritvor\\\/\"},\"wordCount\":286,\"publisher\":{\"@id\":\"https:\\\/\\\/radioljubuski.ba\\\/#organization\"},\"image\":{\"@id\":\"https:\\\/\\\/radioljubuski.ba\\\/index.php\\\/2021\\\/10\\\/15\\\/napadac-iz-norveske-pod-nadzorom-zdravstva-ceka-ga-istrazni-pritvor\\\/#primaryimage\"},\"thumbnailUrl\":\"https:\\\/\\\/radioljubuski.ba\\\/wp-content\\\/uploads\\\/2021\\\/10\\\/8-2021-10-15-14-31-17-norveska.jpg\",\"articleSection\":[\"BIH i regija\"],\"inLanguage\":\"hr\"},{\"@type\":\"WebPage\",\"@id\":\"https:\\\/\\\/radioljubuski.ba\\\/index.php\\\/2021\\\/10\\\/15\\\/napadac-iz-norveske-pod-nadzorom-zdravstva-ceka-ga-istrazni-pritvor\\\/\",\"url\":\"https:\\\/\\\/radioljubuski.ba\\\/index.php\\\/2021\\\/10\\\/15\\\/napadac-iz-norveske-pod-nadzorom-zdravstva-ceka-ga-istrazni-pritvor\\\/\",\"name\":\"Napada\u010d iz Norve\u0161ke pod nadzorom zdravstva, \u010deka ga istra\u017eni pritvor - RADIO LJUBU\u0160KI\",\"isPartOf\":{\"@id\":\"https:\\\/\\\/radioljubuski.ba\\\/#website\"},\"primaryImageOfPage\":{\"@id\":\"https:\\\/\\\/radioljubuski.ba\\\/index.php\\\/2021\\\/10\\\/15\\\/napadac-iz-norveske-pod-nadzorom-zdravstva-ceka-ga-istrazni-pritvor\\\/#primaryimage\"},\"image\":{\"@id\":\"https:\\\/\\\/radioljubuski.ba\\\/index.php\\\/2021\\\/10\\\/15\\\/napadac-iz-norveske-pod-nadzorom-zdravstva-ceka-ga-istrazni-pritvor\\\/#primaryimage\"},\"thumbnailUrl\":\"https:\\\/\\\/radioljubuski.ba\\\/wp-content\\\/uploads\\\/2021\\\/10\\\/8-2021-10-15-14-31-17-norveska.jpg\",\"datePublished\":\"2021-10-15T22:40:06+00:00\",\"dateModified\":\"2021-10-15T22:40:07+00:00\",\"breadcrumb\":{\"@id\":\"https:\\\/\\\/radioljubuski.ba\\\/index.php\\\/2021\\\/10\\\/15\\\/napadac-iz-norveske-pod-nadzorom-zdravstva-ceka-ga-istrazni-pritvor\\\/#breadcrumb\"},\"inLanguage\":\"hr\",\"potentialAction\":[{\"@type\":\"ReadAction\",\"target\":[\"https:\\\/\\\/radioljubuski.ba\\\/index.php\\\/2021\\\/10\\\/15\\\/napadac-iz-norveske-pod-nadzorom-zdravstva-ceka-ga-istrazni-pritvor\\\/\"]}]},{\"@type\":\"ImageObject\",\"inLanguage\":\"hr\",\"@id\":\"https:\\\/\\\/radioljubuski.ba\\\/index.php\\\/2021\\\/10\\\/15\\\/napadac-iz-norveske-pod-nadzorom-zdravstva-ceka-ga-istrazni-pritvor\\\/#primaryimage\",\"url\":\"https:\\\/\\\/radioljubuski.ba\\\/wp-content\\\/uploads\\\/2021\\\/10\\\/8-2021-10-15-14-31-17-norveska.jpg\",\"contentUrl\":\"https:\\\/\\\/radioljubuski.ba\\\/wp-content\\\/uploads\\\/2021\\\/10\\\/8-2021-10-15-14-31-17-norveska.jpg\",\"width\":1000,\"height\":625},{\"@type\":\"BreadcrumbList\",\"@id\":\"https:\\\/\\\/radioljubuski.ba\\\/index.php\\\/2021\\\/10\\\/15\\\/napadac-iz-norveske-pod-nadzorom-zdravstva-ceka-ga-istrazni-pritvor\\\/#breadcrumb\",\"itemListElement\":[{\"@type\":\"ListItem\",\"position\":1,\"name\":\"Po\u010detna stranica\",\"item\":\"https:\\\/\\\/radioljubuski.ba\\\/\"},{\"@type\":\"ListItem\",\"position\":2,\"name\":\"Napada\u010d iz Norve\u0161ke pod nadzorom zdravstva, \u010deka ga istra\u017eni pritvor\"}]},{\"@type\":\"WebSite\",\"@id\":\"https:\\\/\\\/radioljubuski.ba\\\/#website\",\"url\":\"https:\\\/\\\/radioljubuski.ba\\\/\",\"name\":\"Radio Ljubu\u0161ki\",\"description\":\"Sun\u010dana frekvencija Hercegovine\",\"publisher\":{\"@id\":\"https:\\\/\\\/radioljubuski.ba\\\/#organization\"},\"potentialAction\":[{\"@type\":\"SearchAction\",\"target\":{\"@type\":\"EntryPoint\",\"urlTemplate\":\"https:\\\/\\\/radioljubuski.ba\\\/?s={search_term_string}\"},\"query-input\":{\"@type\":\"PropertyValueSpecification\",\"valueRequired\":true,\"valueName\":\"search_term_string\"}}],\"inLanguage\":\"hr\"},{\"@type\":\"Organization\",\"@id\":\"https:\\\/\\\/radioljubuski.ba\\\/#organization\",\"name\":\"Radio Ljubu\u0161ki\",\"url\":\"https:\\\/\\\/radioljubuski.ba\\\/\",\"logo\":{\"@type\":\"ImageObject\",\"inLanguage\":\"hr\",\"@id\":\"https:\\\/\\\/radioljubuski.ba\\\/#\\\/schema\\\/logo\\\/image\\\/\",\"url\":\"https:\\\/\\\/radioljubuski.ba\\\/wp-content\\\/uploads\\\/2021\\\/02\\\/cropped-Radio_Ljubuski_logo1.jpg\",\"contentUrl\":\"https:\\\/\\\/radioljubuski.ba\\\/wp-content\\\/uploads\\\/2021\\\/02\\\/cropped-Radio_Ljubuski_logo1.jpg\",\"width\":512,\"height\":512,\"caption\":\"Radio Ljubu\u0161ki\"},\"image\":{\"@id\":\"https:\\\/\\\/radioljubuski.ba\\\/#\\\/schema\\\/logo\\\/image\\\/\"},\"sameAs\":[\"https:\\\/\\\/www.facebook.com\\\/Radiio-Ljubuski-1490835324566332\",\"https:\\\/\\\/x.com\\\/radioljubuski\",\"https:\\\/\\\/hr.linkedin.com\\\/company\\\/radio-ljubuski\",\"https:\\\/\\\/www.youtube.com\\\/channel\\\/UCHYaeO_n0Db3tjNGudGpXyw\"]},{\"@type\":\"Person\",\"@id\":\"https:\\\/\\\/radioljubuski.ba\\\/#\\\/schema\\\/person\\\/19fc700381a780f69665d7956c469e3b\",\"name\":\"Radio Ljubu\u0161ki\"}]}<\/script>\n<!-- \/ Yoast SEO plugin. -->","yoast_head_json":{"title":"Napada\u010d iz Norve\u0161ke pod nadzorom zdravstva, \u010deka ga istra\u017eni pritvor - RADIO LJUBU\u0160KI","robots":{"index":"index","follow":"follow","max-snippet":"max-snippet:-1","max-image-preview":"max-image-preview:large","max-video-preview":"max-video-preview:-1"},"canonical":"https:\/\/radioljubuski.ba\/index.php\/2021\/10\/15\/napadac-iz-norveske-pod-nadzorom-zdravstva-ceka-ga-istrazni-pritvor\/","og_locale":"hr_HR","og_type":"article","og_title":"Napada\u010d iz Norve\u0161ke pod nadzorom zdravstva, \u010deka ga istra\u017eni pritvor - RADIO LJUBU\u0160KI","og_description":"Mu\u0161karac osumnji\u010den za ubojstvo petero ljudi lukom i strijelom u Norve\u0161koj pod nadzorom je zdravstvenih slu\u017ebi u petak i mogao bi do \u010detiri tjedna biti zadr\u017ean u istra\u017enom pritvoru. Istra\u017eitelji su rekli da se osumnji\u010deni zove Espen Andersen Braathen, 37-godi\u0161nji je danski dr\u017eavljanin i ve\u0107i dio \u017eivota \u017eivio je u Kongsbergu, gdje je i izveo [&hellip;]","og_url":"https:\/\/radioljubuski.ba\/index.php\/2021\/10\/15\/napadac-iz-norveske-pod-nadzorom-zdravstva-ceka-ga-istrazni-pritvor\/","og_site_name":"RADIO LJUBU\u0160KI","article_publisher":"https:\/\/www.facebook.com\/Radiio-Ljubuski-1490835324566332","article_published_time":"2021-10-15T22:40:06+00:00","article_modified_time":"2021-10-15T22:40:07+00:00","og_image":[{"width":1000,"height":625,"url":"https:\/\/radioljubuski.ba\/wp-content\/uploads\/2021\/10\/8-2021-10-15-14-31-17-norveska.jpg","type":"image\/jpeg"}],"author":"Radio Ljubu\u0161ki","twitter_card":"summary_large_image","twitter_creator":"@radioljubuski","twitter_site":"@radioljubuski","twitter_misc":{"Napisao\/la":"Radio Ljubu\u0161ki","Procijenjeno vrijeme \u010ditanja":"2 minute"},"schema":{"@context":"https:\/\/schema.org","@graph":[{"@type":"Article","@id":"https:\/\/radioljubuski.ba\/index.php\/2021\/10\/15\/napadac-iz-norveske-pod-nadzorom-zdravstva-ceka-ga-istrazni-pritvor\/#article","isPartOf":{"@id":"https:\/\/radioljubuski.ba\/index.php\/2021\/10\/15\/napadac-iz-norveske-pod-nadzorom-zdravstva-ceka-ga-istrazni-pritvor\/"},"author":{"name":"Radio Ljubu\u0161ki","@id":"https:\/\/radioljubuski.ba\/#\/schema\/person\/19fc700381a780f69665d7956c469e3b"},"headline":"Napada\u010d iz Norve\u0161ke pod nadzorom zdravstva, \u010deka ga istra\u017eni pritvor","datePublished":"2021-10-15T22:40:06+00:00","dateModified":"2021-10-15T22:40:07+00:00","mainEntityOfPage":{"@id":"https:\/\/radioljubuski.ba\/index.php\/2021\/10\/15\/napadac-iz-norveske-pod-nadzorom-zdravstva-ceka-ga-istrazni-pritvor\/"},"wordCount":286,"publisher":{"@id":"https:\/\/radioljubuski.ba\/#organization"},"image":{"@id":"https:\/\/radioljubuski.ba\/index.php\/2021\/10\/15\/napadac-iz-norveske-pod-nadzorom-zdravstva-ceka-ga-istrazni-pritvor\/#primaryimage"},"thumbnailUrl":"https:\/\/radioljubuski.ba\/wp-content\/uploads\/2021\/10\/8-2021-10-15-14-31-17-norveska.jpg","articleSection":["BIH i regija"],"inLanguage":"hr"},{"@type":"WebPage","@id":"https:\/\/radioljubuski.ba\/index.php\/2021\/10\/15\/napadac-iz-norveske-pod-nadzorom-zdravstva-ceka-ga-istrazni-pritvor\/","url":"https:\/\/radioljubuski.ba\/index.php\/2021\/10\/15\/napadac-iz-norveske-pod-nadzorom-zdravstva-ceka-ga-istrazni-pritvor\/","name":"Napada\u010d iz Norve\u0161ke pod nadzorom zdravstva, \u010deka ga istra\u017eni pritvor - RADIO LJUBU\u0160KI","isPartOf":{"@id":"https:\/\/radioljubuski.ba\/#website"},"primaryImageOfPage":{"@id":"https:\/\/radioljubuski.ba\/index.php\/2021\/10\/15\/napadac-iz-norveske-pod-nadzorom-zdravstva-ceka-ga-istrazni-pritvor\/#primaryimage"},"image":{"@id":"https:\/\/radioljubuski.ba\/index.php\/2021\/10\/15\/napadac-iz-norveske-pod-nadzorom-zdravstva-ceka-ga-istrazni-pritvor\/#primaryimage"},"thumbnailUrl":"https:\/\/radioljubuski.ba\/wp-content\/uploads\/2021\/10\/8-2021-10-15-14-31-17-norveska.jpg","datePublished":"2021-10-15T22:40:06+00:00","dateModified":"2021-10-15T22:40:07+00:00","breadcrumb":{"@id":"https:\/\/radioljubuski.ba\/index.php\/2021\/10\/15\/napadac-iz-norveske-pod-nadzorom-zdravstva-ceka-ga-istrazni-pritvor\/#breadcrumb"},"inLanguage":"hr","potentialAction":[{"@type":"ReadAction","target":["https:\/\/radioljubuski.ba\/index.php\/2021\/10\/15\/napadac-iz-norveske-pod-nadzorom-zdravstva-ceka-ga-istrazni-pritvor\/"]}]},{"@type":"ImageObject","inLanguage":"hr","@id":"https:\/\/radioljubuski.ba\/index.php\/2021\/10\/15\/napadac-iz-norveske-pod-nadzorom-zdravstva-ceka-ga-istrazni-pritvor\/#primaryimage","url":"https:\/\/radioljubuski.ba\/wp-content\/uploads\/2021\/10\/8-2021-10-15-14-31-17-norveska.jpg","contentUrl":"https:\/\/radioljubuski.ba\/wp-content\/uploads\/2021\/10\/8-2021-10-15-14-31-17-norveska.jpg","width":1000,"height":625},{"@type":"BreadcrumbList","@id":"https:\/\/radioljubuski.ba\/index.php\/2021\/10\/15\/napadac-iz-norveske-pod-nadzorom-zdravstva-ceka-ga-istrazni-pritvor\/#breadcrumb","itemListElement":[{"@type":"ListItem","position":1,"name":"Po\u010detna stranica","item":"https:\/\/radioljubuski.ba\/"},{"@type":"ListItem","position":2,"name":"Napada\u010d iz Norve\u0161ke pod nadzorom zdravstva, \u010deka ga istra\u017eni pritvor"}]},{"@type":"WebSite","@id":"https:\/\/radioljubuski.ba\/#website","url":"https:\/\/radioljubuski.ba\/","name":"Radio Ljubu\u0161ki","description":"Sun\u010dana frekvencija Hercegovine","publisher":{"@id":"https:\/\/radioljubuski.ba\/#organization"},"potentialAction":[{"@type":"SearchAction","target":{"@type":"EntryPoint","urlTemplate":"https:\/\/radioljubuski.ba\/?s={search_term_string}"},"query-input":{"@type":"PropertyValueSpecification","valueRequired":true,"valueName":"search_term_string"}}],"inLanguage":"hr"},{"@type":"Organization","@id":"https:\/\/radioljubuski.ba\/#organization","name":"Radio Ljubu\u0161ki","url":"https:\/\/radioljubuski.ba\/","logo":{"@type":"ImageObject","inLanguage":"hr","@id":"https:\/\/radioljubuski.ba\/#\/schema\/logo\/image\/","url":"https:\/\/radioljubuski.ba\/wp-content\/uploads\/2021\/02\/cropped-Radio_Ljubuski_logo1.jpg","contentUrl":"https:\/\/radioljubuski.ba\/wp-content\/uploads\/2021\/02\/cropped-Radio_Ljubuski_logo1.jpg","width":512,"height":512,"caption":"Radio Ljubu\u0161ki"},"image":{"@id":"https:\/\/radioljubuski.ba\/#\/schema\/logo\/image\/"},"sameAs":["https:\/\/www.facebook.com\/Radiio-Ljubuski-1490835324566332","https:\/\/x.com\/radioljubuski","https:\/\/hr.linkedin.com\/company\/radio-ljubuski","https:\/\/www.youtube.com\/channel\/UCHYaeO_n0Db3tjNGudGpXyw"]},{"@type":"Person","@id":"https:\/\/radioljubuski.ba\/#\/schema\/person\/19fc700381a780f69665d7956c469e3b","name":"Radio Ljubu\u0161ki"}]}},"_links":{"self":[{"href":"https:\/\/radioljubuski.ba\/index.php\/wp-json\/wp\/v2\/posts\/76254","targetHints":{"allow":["GET"]}}],"collection":[{"href":"https:\/\/radioljubuski.ba\/index.php\/wp-json\/wp\/v2\/posts"}],"about":[{"href":"https:\/\/radioljubuski.ba\/index.php\/wp-json\/wp\/v2\/types\/post"}],"author":[{"embeddable":true,"href":"https:\/\/radioljubuski.ba\/index.php\/wp-json\/wp\/v2\/users\/2"}],"replies":[{"embeddable":true,"href":"https:\/\/radioljubuski.ba\/index.php\/wp-json\/wp\/v2\/comments?post=76254"}],"version-history":[{"count":1,"href":"https:\/\/radioljubuski.ba\/index.php\/wp-json\/wp\/v2\/posts\/76254\/revisions"}],"predecessor-version":[{"id":76256,"href":"https:\/\/radioljubuski.ba\/index.php\/wp-json\/wp\/v2\/posts\/76254\/revisions\/76256"}],"wp:featuredmedia":[{"embeddable":true,"href":"https:\/\/radioljubuski.ba\/index.php\/wp-json\/wp\/v2\/media\/76255"}],"wp:attachment":[{"href":"https:\/\/radioljubuski.ba\/index.php\/wp-json\/wp\/v2\/media?parent=76254"}],"wp:term":[{"taxonomy":"category","embeddable":true,"href":"https:\/\/radioljubuski.ba\/index.php\/wp-json\/wp\/v2\/categories?post=76254"},{"taxonomy":"post_tag","embeddable":true,"href":"https:\/\/radioljubuski.ba\/index.php\/wp-json\/wp\/v2\/tags?post=76254"}],"curies":[{"name":"wp","href":"https:\/\/api.w.org\/{rel}","templated":true}]}}