{"id":76271,"date":"2021-10-15T23:46:47","date_gmt":"2021-10-15T22:46:47","guid":{"rendered":"https:\/\/radioljubuski.ba\/?p=76271"},"modified":"2021-10-15T23:46:48","modified_gmt":"2021-10-15T22:46:48","slug":"instagram-testira-opciju-koja-bi-korisnike-obavjestavala-o-problemima-na-platformi","status":"publish","type":"post","link":"https:\/\/radioljubuski.ba\/index.php\/2021\/10\/15\/instagram-testira-opciju-koja-bi-korisnike-obavjestavala-o-problemima-na-platformi\/","title":{"rendered":"Instagram testira opciju koja bi korisnike obavje\u0161tavala o problemima na platformi"},"content":{"rendered":"\n<p>Nakon \u0161to su pro\u0161log tjedna Facebookovi servisi bili nedostupni satima, \u0161to je brojnim korisnicima koji ih koriste za posao i komunikaciju s drugim osobama, izazvalo probleme, \u010dini se bi se stvari u budu\u0107nosti mogle promijeniti.<\/p>\n\n\n\n<p>Naime, iz Instagrama su najavili kako testiraju novu opciju koja bi obavje\u0161tavala korisnike kad platforma ima problema ili je nedostupna. Ideja je da se korisnicima na zidu odmah pojavi obavijest. No, iz Instagrama isti\u010du kako nije ideja da \u0161alju obavijesti uvijek, ve\u0107 kad &#8220;primijete da su korisnici zbunjeni i tra\u017ee odgovor&#8221;.<\/p>\n\n\n\n<p>Kroz razgovor s na\u0161om zajednicom i temeljito ispitivanje, znamo koliko je zbunjuju\u0107e kad se privremeni problemi pojave na Instagramu. Kad utje\u010du na komunikaciju ili dijeljenje, ali isto tako znamo da to mo\u017ee ljude navesti da pomisle kako su problemi jedinstveni za njih. Nedostatak informacija mo\u017ee biti frustriraju\u0107i, zbog \u010dega \u017eelimo pru\u017eiti mogu\u0107nost da lak\u0161e shvate \u0161to se doga\u0111a, napisali su na slu\u017ebenom blogu, prenosi&nbsp;<a href=\"https:\/\/zimo.dnevnik.hr\/clanak\/instagram-testira-opciju-koja-bi-korisnike-obavjestavala-o-problemima-na-platformi---679504.html\" target=\"_blank\" rel=\"noreferrer noopener\">Zimo.&nbsp;<\/a><\/p>\n\n\n\n<p>Takve obavijesti mogle bi olak\u0161ati \u017eivot korisnicima koji koriste Instagram za posao, ali i omogu\u0107iti da na vrijeme prebace komunikaciju na neku drugu platformu.<\/p>\n\n\n\n<p>Prema informacijama iz Instagrama, za sad \u0107e ovu opciju testirati na ograni\u010denom broju korisnika u SAD-u, a ako se poka\u017ee korisnom (u \u0161to nitko ne bi trebao sumnjati nakon pro\u0161log tjedna), mogla bi biti kori\u0161tena i u ostatku svijeta.<\/p>\n\n\n\n<p>Izvor:zimo.hr<\/p>\n","protected":false},"excerpt":{"rendered":"<p>Nakon \u0161to su pro\u0161log tjedna Facebookovi servisi bili nedostupni satima, \u0161to je brojnim korisnicima koji ih koriste za posao i komunikaciju s drugim osobama, izazvalo probleme, \u010dini se bi se stvari u budu\u0107nosti mogle promijeniti. Naime, iz Instagrama su najavili kako testiraju novu opciju koja bi obavje\u0161tavala korisnike kad platforma ima problema ili je nedostupna. [&hellip;]<\/p>\n","protected":false},"author":2,"featured_media":9466,"comment_status":"closed","ping_status":"closed","sticky":false,"template":"","format":"standard","meta":{"h5ap_radio_sources":[],"footnotes":""},"categories":[1],"tags":[],"class_list":["post-76271","post","type-post","status-publish","format-standard","has-post-thumbnail","hentry","category-bihiregija"],"yoast_head":"<!-- This site is optimized with the Yoast SEO plugin v27.4 - https:\/\/yoast.com\/product\/yoast-seo-wordpress\/ -->\n<title>Instagram testira opciju koja bi korisnike obavje\u0161tavala o problemima na platformi - RADIO LJUBU\u0160KI<\/title>\n<meta name=\"robots\" content=\"index, follow, max-snippet:-1, max-image-preview:large, max-video-preview:-1\" \/>\n<link rel=\"canonical\" href=\"https:\/\/radioljubuski.ba\/index.php\/2021\/10\/15\/instagram-testira-opciju-koja-bi-korisnike-obavjestavala-o-problemima-na-platformi\/\" \/>\n<meta property=\"og:locale\" content=\"hr_HR\" \/>\n<meta property=\"og:type\" content=\"article\" \/>\n<meta property=\"og:title\" content=\"Instagram testira opciju koja bi korisnike obavje\u0161tavala o problemima na platformi - RADIO LJUBU\u0160KI\" \/>\n<meta property=\"og:description\" content=\"Nakon \u0161to su pro\u0161log tjedna Facebookovi servisi bili nedostupni satima, \u0161to je brojnim korisnicima koji ih koriste za posao i komunikaciju s drugim osobama, izazvalo probleme, \u010dini se bi se stvari u budu\u0107nosti mogle promijeniti. Naime, iz Instagrama su najavili kako testiraju novu opciju koja bi obavje\u0161tavala korisnike kad platforma ima problema ili je nedostupna. [&hellip;]\" \/>\n<meta property=\"og:url\" content=\"https:\/\/radioljubuski.ba\/index.php\/2021\/10\/15\/instagram-testira-opciju-koja-bi-korisnike-obavjestavala-o-problemima-na-platformi\/\" \/>\n<meta property=\"og:site_name\" content=\"RADIO LJUBU\u0160KI\" \/>\n<meta property=\"article:publisher\" content=\"https:\/\/www.facebook.com\/Radiio-Ljubuski-1490835324566332\" \/>\n<meta property=\"article:published_time\" content=\"2021-10-15T22:46:47+00:00\" \/>\n<meta property=\"article:modified_time\" content=\"2021-10-15T22:46:48+00:00\" \/>\n<meta property=\"og:image\" content=\"https:\/\/radioljubuski.ba\/wp-content\/uploads\/2021\/04\/vUBn8wo0_instagram.jpg\" \/>\n\t<meta property=\"og:image:width\" content=\"1000\" \/>\n\t<meta property=\"og:image:height\" content=\"625\" \/>\n\t<meta property=\"og:image:type\" content=\"image\/jpeg\" \/>\n<meta name=\"author\" content=\"Radio Ljubu\u0161ki\" \/>\n<meta name=\"twitter:card\" content=\"summary_large_image\" \/>\n<meta name=\"twitter:creator\" content=\"@radioljubuski\" \/>\n<meta name=\"twitter:site\" content=\"@radioljubuski\" \/>\n<meta name=\"twitter:label1\" content=\"Napisao\/la\" \/>\n\t<meta name=\"twitter:data1\" content=\"Radio Ljubu\u0161ki\" \/>\n\t<meta name=\"twitter:label2\" content=\"Procijenjeno vrijeme \u010ditanja\" \/>\n\t<meta name=\"twitter:data2\" content=\"1 minuta\" \/>\n<script type=\"application\/ld+json\" class=\"yoast-schema-graph\">{\"@context\":\"https:\\\/\\\/schema.org\",\"@graph\":[{\"@type\":\"Article\",\"@id\":\"https:\\\/\\\/radioljubuski.ba\\\/index.php\\\/2021\\\/10\\\/15\\\/instagram-testira-opciju-koja-bi-korisnike-obavjestavala-o-problemima-na-platformi\\\/#article\",\"isPartOf\":{\"@id\":\"https:\\\/\\\/radioljubuski.ba\\\/index.php\\\/2021\\\/10\\\/15\\\/instagram-testira-opciju-koja-bi-korisnike-obavjestavala-o-problemima-na-platformi\\\/\"},\"author\":{\"name\":\"Radio Ljubu\u0161ki\",\"@id\":\"https:\\\/\\\/radioljubuski.ba\\\/#\\\/schema\\\/person\\\/19fc700381a780f69665d7956c469e3b\"},\"headline\":\"Instagram testira opciju koja bi korisnike obavje\u0161tavala o problemima na platformi\",\"datePublished\":\"2021-10-15T22:46:47+00:00\",\"dateModified\":\"2021-10-15T22:46:48+00:00\",\"mainEntityOfPage\":{\"@id\":\"https:\\\/\\\/radioljubuski.ba\\\/index.php\\\/2021\\\/10\\\/15\\\/instagram-testira-opciju-koja-bi-korisnike-obavjestavala-o-problemima-na-platformi\\\/\"},\"wordCount\":253,\"publisher\":{\"@id\":\"https:\\\/\\\/radioljubuski.ba\\\/#organization\"},\"image\":{\"@id\":\"https:\\\/\\\/radioljubuski.ba\\\/index.php\\\/2021\\\/10\\\/15\\\/instagram-testira-opciju-koja-bi-korisnike-obavjestavala-o-problemima-na-platformi\\\/#primaryimage\"},\"thumbnailUrl\":\"https:\\\/\\\/radioljubuski.ba\\\/wp-content\\\/uploads\\\/2021\\\/04\\\/vUBn8wo0_instagram.jpg\",\"articleSection\":[\"BIH i regija\"],\"inLanguage\":\"hr\"},{\"@type\":\"WebPage\",\"@id\":\"https:\\\/\\\/radioljubuski.ba\\\/index.php\\\/2021\\\/10\\\/15\\\/instagram-testira-opciju-koja-bi-korisnike-obavjestavala-o-problemima-na-platformi\\\/\",\"url\":\"https:\\\/\\\/radioljubuski.ba\\\/index.php\\\/2021\\\/10\\\/15\\\/instagram-testira-opciju-koja-bi-korisnike-obavjestavala-o-problemima-na-platformi\\\/\",\"name\":\"Instagram testira opciju koja bi korisnike obavje\u0161tavala o problemima na platformi - RADIO LJUBU\u0160KI\",\"isPartOf\":{\"@id\":\"https:\\\/\\\/radioljubuski.ba\\\/#website\"},\"primaryImageOfPage\":{\"@id\":\"https:\\\/\\\/radioljubuski.ba\\\/index.php\\\/2021\\\/10\\\/15\\\/instagram-testira-opciju-koja-bi-korisnike-obavjestavala-o-problemima-na-platformi\\\/#primaryimage\"},\"image\":{\"@id\":\"https:\\\/\\\/radioljubuski.ba\\\/index.php\\\/2021\\\/10\\\/15\\\/instagram-testira-opciju-koja-bi-korisnike-obavjestavala-o-problemima-na-platformi\\\/#primaryimage\"},\"thumbnailUrl\":\"https:\\\/\\\/radioljubuski.ba\\\/wp-content\\\/uploads\\\/2021\\\/04\\\/vUBn8wo0_instagram.jpg\",\"datePublished\":\"2021-10-15T22:46:47+00:00\",\"dateModified\":\"2021-10-15T22:46:48+00:00\",\"breadcrumb\":{\"@id\":\"https:\\\/\\\/radioljubuski.ba\\\/index.php\\\/2021\\\/10\\\/15\\\/instagram-testira-opciju-koja-bi-korisnike-obavjestavala-o-problemima-na-platformi\\\/#breadcrumb\"},\"inLanguage\":\"hr\",\"potentialAction\":[{\"@type\":\"ReadAction\",\"target\":[\"https:\\\/\\\/radioljubuski.ba\\\/index.php\\\/2021\\\/10\\\/15\\\/instagram-testira-opciju-koja-bi-korisnike-obavjestavala-o-problemima-na-platformi\\\/\"]}]},{\"@type\":\"ImageObject\",\"inLanguage\":\"hr\",\"@id\":\"https:\\\/\\\/radioljubuski.ba\\\/index.php\\\/2021\\\/10\\\/15\\\/instagram-testira-opciju-koja-bi-korisnike-obavjestavala-o-problemima-na-platformi\\\/#primaryimage\",\"url\":\"https:\\\/\\\/radioljubuski.ba\\\/wp-content\\\/uploads\\\/2021\\\/04\\\/vUBn8wo0_instagram.jpg\",\"contentUrl\":\"https:\\\/\\\/radioljubuski.ba\\\/wp-content\\\/uploads\\\/2021\\\/04\\\/vUBn8wo0_instagram.jpg\",\"width\":1000,\"height\":625},{\"@type\":\"BreadcrumbList\",\"@id\":\"https:\\\/\\\/radioljubuski.ba\\\/index.php\\\/2021\\\/10\\\/15\\\/instagram-testira-opciju-koja-bi-korisnike-obavjestavala-o-problemima-na-platformi\\\/#breadcrumb\",\"itemListElement\":[{\"@type\":\"ListItem\",\"position\":1,\"name\":\"Po\u010detna stranica\",\"item\":\"https:\\\/\\\/radioljubuski.ba\\\/\"},{\"@type\":\"ListItem\",\"position\":2,\"name\":\"Instagram testira opciju koja bi korisnike obavje\u0161tavala o problemima na platformi\"}]},{\"@type\":\"WebSite\",\"@id\":\"https:\\\/\\\/radioljubuski.ba\\\/#website\",\"url\":\"https:\\\/\\\/radioljubuski.ba\\\/\",\"name\":\"Radio Ljubu\u0161ki\",\"description\":\"Sun\u010dana frekvencija Hercegovine\",\"publisher\":{\"@id\":\"https:\\\/\\\/radioljubuski.ba\\\/#organization\"},\"potentialAction\":[{\"@type\":\"SearchAction\",\"target\":{\"@type\":\"EntryPoint\",\"urlTemplate\":\"https:\\\/\\\/radioljubuski.ba\\\/?s={search_term_string}\"},\"query-input\":{\"@type\":\"PropertyValueSpecification\",\"valueRequired\":true,\"valueName\":\"search_term_string\"}}],\"inLanguage\":\"hr\"},{\"@type\":\"Organization\",\"@id\":\"https:\\\/\\\/radioljubuski.ba\\\/#organization\",\"name\":\"Radio Ljubu\u0161ki\",\"url\":\"https:\\\/\\\/radioljubuski.ba\\\/\",\"logo\":{\"@type\":\"ImageObject\",\"inLanguage\":\"hr\",\"@id\":\"https:\\\/\\\/radioljubuski.ba\\\/#\\\/schema\\\/logo\\\/image\\\/\",\"url\":\"https:\\\/\\\/radioljubuski.ba\\\/wp-content\\\/uploads\\\/2021\\\/02\\\/cropped-Radio_Ljubuski_logo1.jpg\",\"contentUrl\":\"https:\\\/\\\/radioljubuski.ba\\\/wp-content\\\/uploads\\\/2021\\\/02\\\/cropped-Radio_Ljubuski_logo1.jpg\",\"width\":512,\"height\":512,\"caption\":\"Radio Ljubu\u0161ki\"},\"image\":{\"@id\":\"https:\\\/\\\/radioljubuski.ba\\\/#\\\/schema\\\/logo\\\/image\\\/\"},\"sameAs\":[\"https:\\\/\\\/www.facebook.com\\\/Radiio-Ljubuski-1490835324566332\",\"https:\\\/\\\/x.com\\\/radioljubuski\",\"https:\\\/\\\/hr.linkedin.com\\\/company\\\/radio-ljubuski\",\"https:\\\/\\\/www.youtube.com\\\/channel\\\/UCHYaeO_n0Db3tjNGudGpXyw\"]},{\"@type\":\"Person\",\"@id\":\"https:\\\/\\\/radioljubuski.ba\\\/#\\\/schema\\\/person\\\/19fc700381a780f69665d7956c469e3b\",\"name\":\"Radio Ljubu\u0161ki\"}]}<\/script>\n<!-- \/ Yoast SEO plugin. -->","yoast_head_json":{"title":"Instagram testira opciju koja bi korisnike obavje\u0161tavala o problemima na platformi - RADIO LJUBU\u0160KI","robots":{"index":"index","follow":"follow","max-snippet":"max-snippet:-1","max-image-preview":"max-image-preview:large","max-video-preview":"max-video-preview:-1"},"canonical":"https:\/\/radioljubuski.ba\/index.php\/2021\/10\/15\/instagram-testira-opciju-koja-bi-korisnike-obavjestavala-o-problemima-na-platformi\/","og_locale":"hr_HR","og_type":"article","og_title":"Instagram testira opciju koja bi korisnike obavje\u0161tavala o problemima na platformi - RADIO LJUBU\u0160KI","og_description":"Nakon \u0161to su pro\u0161log tjedna Facebookovi servisi bili nedostupni satima, \u0161to je brojnim korisnicima koji ih koriste za posao i komunikaciju s drugim osobama, izazvalo probleme, \u010dini se bi se stvari u budu\u0107nosti mogle promijeniti. Naime, iz Instagrama su najavili kako testiraju novu opciju koja bi obavje\u0161tavala korisnike kad platforma ima problema ili je nedostupna. [&hellip;]","og_url":"https:\/\/radioljubuski.ba\/index.php\/2021\/10\/15\/instagram-testira-opciju-koja-bi-korisnike-obavjestavala-o-problemima-na-platformi\/","og_site_name":"RADIO LJUBU\u0160KI","article_publisher":"https:\/\/www.facebook.com\/Radiio-Ljubuski-1490835324566332","article_published_time":"2021-10-15T22:46:47+00:00","article_modified_time":"2021-10-15T22:46:48+00:00","og_image":[{"width":1000,"height":625,"url":"https:\/\/radioljubuski.ba\/wp-content\/uploads\/2021\/04\/vUBn8wo0_instagram.jpg","type":"image\/jpeg"}],"author":"Radio Ljubu\u0161ki","twitter_card":"summary_large_image","twitter_creator":"@radioljubuski","twitter_site":"@radioljubuski","twitter_misc":{"Napisao\/la":"Radio Ljubu\u0161ki","Procijenjeno vrijeme \u010ditanja":"1 minuta"},"schema":{"@context":"https:\/\/schema.org","@graph":[{"@type":"Article","@id":"https:\/\/radioljubuski.ba\/index.php\/2021\/10\/15\/instagram-testira-opciju-koja-bi-korisnike-obavjestavala-o-problemima-na-platformi\/#article","isPartOf":{"@id":"https:\/\/radioljubuski.ba\/index.php\/2021\/10\/15\/instagram-testira-opciju-koja-bi-korisnike-obavjestavala-o-problemima-na-platformi\/"},"author":{"name":"Radio Ljubu\u0161ki","@id":"https:\/\/radioljubuski.ba\/#\/schema\/person\/19fc700381a780f69665d7956c469e3b"},"headline":"Instagram testira opciju koja bi korisnike obavje\u0161tavala o problemima na platformi","datePublished":"2021-10-15T22:46:47+00:00","dateModified":"2021-10-15T22:46:48+00:00","mainEntityOfPage":{"@id":"https:\/\/radioljubuski.ba\/index.php\/2021\/10\/15\/instagram-testira-opciju-koja-bi-korisnike-obavjestavala-o-problemima-na-platformi\/"},"wordCount":253,"publisher":{"@id":"https:\/\/radioljubuski.ba\/#organization"},"image":{"@id":"https:\/\/radioljubuski.ba\/index.php\/2021\/10\/15\/instagram-testira-opciju-koja-bi-korisnike-obavjestavala-o-problemima-na-platformi\/#primaryimage"},"thumbnailUrl":"https:\/\/radioljubuski.ba\/wp-content\/uploads\/2021\/04\/vUBn8wo0_instagram.jpg","articleSection":["BIH i regija"],"inLanguage":"hr"},{"@type":"WebPage","@id":"https:\/\/radioljubuski.ba\/index.php\/2021\/10\/15\/instagram-testira-opciju-koja-bi-korisnike-obavjestavala-o-problemima-na-platformi\/","url":"https:\/\/radioljubuski.ba\/index.php\/2021\/10\/15\/instagram-testira-opciju-koja-bi-korisnike-obavjestavala-o-problemima-na-platformi\/","name":"Instagram testira opciju koja bi korisnike obavje\u0161tavala o problemima na platformi - RADIO LJUBU\u0160KI","isPartOf":{"@id":"https:\/\/radioljubuski.ba\/#website"},"primaryImageOfPage":{"@id":"https:\/\/radioljubuski.ba\/index.php\/2021\/10\/15\/instagram-testira-opciju-koja-bi-korisnike-obavjestavala-o-problemima-na-platformi\/#primaryimage"},"image":{"@id":"https:\/\/radioljubuski.ba\/index.php\/2021\/10\/15\/instagram-testira-opciju-koja-bi-korisnike-obavjestavala-o-problemima-na-platformi\/#primaryimage"},"thumbnailUrl":"https:\/\/radioljubuski.ba\/wp-content\/uploads\/2021\/04\/vUBn8wo0_instagram.jpg","datePublished":"2021-10-15T22:46:47+00:00","dateModified":"2021-10-15T22:46:48+00:00","breadcrumb":{"@id":"https:\/\/radioljubuski.ba\/index.php\/2021\/10\/15\/instagram-testira-opciju-koja-bi-korisnike-obavjestavala-o-problemima-na-platformi\/#breadcrumb"},"inLanguage":"hr","potentialAction":[{"@type":"ReadAction","target":["https:\/\/radioljubuski.ba\/index.php\/2021\/10\/15\/instagram-testira-opciju-koja-bi-korisnike-obavjestavala-o-problemima-na-platformi\/"]}]},{"@type":"ImageObject","inLanguage":"hr","@id":"https:\/\/radioljubuski.ba\/index.php\/2021\/10\/15\/instagram-testira-opciju-koja-bi-korisnike-obavjestavala-o-problemima-na-platformi\/#primaryimage","url":"https:\/\/radioljubuski.ba\/wp-content\/uploads\/2021\/04\/vUBn8wo0_instagram.jpg","contentUrl":"https:\/\/radioljubuski.ba\/wp-content\/uploads\/2021\/04\/vUBn8wo0_instagram.jpg","width":1000,"height":625},{"@type":"BreadcrumbList","@id":"https:\/\/radioljubuski.ba\/index.php\/2021\/10\/15\/instagram-testira-opciju-koja-bi-korisnike-obavjestavala-o-problemima-na-platformi\/#breadcrumb","itemListElement":[{"@type":"ListItem","position":1,"name":"Po\u010detna stranica","item":"https:\/\/radioljubuski.ba\/"},{"@type":"ListItem","position":2,"name":"Instagram testira opciju koja bi korisnike obavje\u0161tavala o problemima na platformi"}]},{"@type":"WebSite","@id":"https:\/\/radioljubuski.ba\/#website","url":"https:\/\/radioljubuski.ba\/","name":"Radio Ljubu\u0161ki","description":"Sun\u010dana frekvencija Hercegovine","publisher":{"@id":"https:\/\/radioljubuski.ba\/#organization"},"potentialAction":[{"@type":"SearchAction","target":{"@type":"EntryPoint","urlTemplate":"https:\/\/radioljubuski.ba\/?s={search_term_string}"},"query-input":{"@type":"PropertyValueSpecification","valueRequired":true,"valueName":"search_term_string"}}],"inLanguage":"hr"},{"@type":"Organization","@id":"https:\/\/radioljubuski.ba\/#organization","name":"Radio Ljubu\u0161ki","url":"https:\/\/radioljubuski.ba\/","logo":{"@type":"ImageObject","inLanguage":"hr","@id":"https:\/\/radioljubuski.ba\/#\/schema\/logo\/image\/","url":"https:\/\/radioljubuski.ba\/wp-content\/uploads\/2021\/02\/cropped-Radio_Ljubuski_logo1.jpg","contentUrl":"https:\/\/radioljubuski.ba\/wp-content\/uploads\/2021\/02\/cropped-Radio_Ljubuski_logo1.jpg","width":512,"height":512,"caption":"Radio Ljubu\u0161ki"},"image":{"@id":"https:\/\/radioljubuski.ba\/#\/schema\/logo\/image\/"},"sameAs":["https:\/\/www.facebook.com\/Radiio-Ljubuski-1490835324566332","https:\/\/x.com\/radioljubuski","https:\/\/hr.linkedin.com\/company\/radio-ljubuski","https:\/\/www.youtube.com\/channel\/UCHYaeO_n0Db3tjNGudGpXyw"]},{"@type":"Person","@id":"https:\/\/radioljubuski.ba\/#\/schema\/person\/19fc700381a780f69665d7956c469e3b","name":"Radio Ljubu\u0161ki"}]}},"_links":{"self":[{"href":"https:\/\/radioljubuski.ba\/index.php\/wp-json\/wp\/v2\/posts\/76271","targetHints":{"allow":["GET"]}}],"collection":[{"href":"https:\/\/radioljubuski.ba\/index.php\/wp-json\/wp\/v2\/posts"}],"about":[{"href":"https:\/\/radioljubuski.ba\/index.php\/wp-json\/wp\/v2\/types\/post"}],"author":[{"embeddable":true,"href":"https:\/\/radioljubuski.ba\/index.php\/wp-json\/wp\/v2\/users\/2"}],"replies":[{"embeddable":true,"href":"https:\/\/radioljubuski.ba\/index.php\/wp-json\/wp\/v2\/comments?post=76271"}],"version-history":[{"count":1,"href":"https:\/\/radioljubuski.ba\/index.php\/wp-json\/wp\/v2\/posts\/76271\/revisions"}],"predecessor-version":[{"id":76272,"href":"https:\/\/radioljubuski.ba\/index.php\/wp-json\/wp\/v2\/posts\/76271\/revisions\/76272"}],"wp:featuredmedia":[{"embeddable":true,"href":"https:\/\/radioljubuski.ba\/index.php\/wp-json\/wp\/v2\/media\/9466"}],"wp:attachment":[{"href":"https:\/\/radioljubuski.ba\/index.php\/wp-json\/wp\/v2\/media?parent=76271"}],"wp:term":[{"taxonomy":"category","embeddable":true,"href":"https:\/\/radioljubuski.ba\/index.php\/wp-json\/wp\/v2\/categories?post=76271"},{"taxonomy":"post_tag","embeddable":true,"href":"https:\/\/radioljubuski.ba\/index.php\/wp-json\/wp\/v2\/tags?post=76271"}],"curies":[{"name":"wp","href":"https:\/\/api.w.org\/{rel}","templated":true}]}}