{"id":76282,"date":"2021-10-15T23:52:56","date_gmt":"2021-10-15T22:52:56","guid":{"rendered":"https:\/\/radioljubuski.ba\/?p=76282"},"modified":"2021-10-15T23:52:56","modified_gmt":"2021-10-15T22:52:56","slug":"afera-respiratori-vasviji-vidovic-odvjetnici-fadila-novalica-hakirano-racunalo","status":"publish","type":"post","link":"https:\/\/radioljubuski.ba\/index.php\/2021\/10\/15\/afera-respiratori-vasviji-vidovic-odvjetnici-fadila-novalica-hakirano-racunalo\/","title":{"rendered":"Afera &#8220;Respiratori&#8221;: Vasviji Vidovi\u0107, odvjetnici Fadila Novali\u0107a, hakirano ra\u010dunalo"},"content":{"rendered":"\n<p>U nastavku su\u0111enja Fadilu Novali\u0107u i ostalima optu\u017eenima u aferi &#8220;Respiratori&#8221; zavr\u0161eno je saslu\u0161anje svjedoka Hasana Ganibegovi\u0107a, biv\u0161eg \u0161efa Ureda premijera Fadila Novali\u0107a.<\/p>\n\n\n\n<p>Odmah na po\u010detku, i prije saslu\u0161anja ovog svjedoka, odvjetnica Vasvija Vidovi\u0107, koja zastupa Novali\u0107a, kazala je Sudskom vije\u0107u da joj je sino\u0107 hakirano ra\u010dunalo te da joj je uni\u0161tena sva dokumentacija skupljana unazad 10 godina. Ona je naknadno novinarima kazala da to ne mo\u017ee sa sigurno\u0161\u0107u povezati s ovim predmetom, ali &nbsp;da \u0107e &#8220;vrijeme pokazati da ovaj slu\u010daj ima ozbiljnu pozadinu&#8221;. Slu\u010daj je prijavila Federalnoj upravi policije (FUP).&nbsp;<\/p>\n\n\n\n<p>Pisma namjere<\/p>\n\n\n\n<p>Odgovaraju\u0107i na pitanja Vasvije Vidovi\u0107, Hasan Ganibegovi\u0107 je kazao da je pisma namjere prema Kini za kupovinu respiratora sa\u010dinjava tehni\u010dka tajnica Bahra D\u017eaka. U prvom pismu namjere od 2. travnja 2020. godine, D\u017eaka je koristila faksimil potpisa premijera FBiH.<\/p>\n\n\n\n<p>U tom pismu su navedeni repiratori vrste HCVE003. Drugo pismo namjere od 4. travnja 2020. godine u kojem je navedena nabavka 100 respiratora ACM812 potpisao je premijer FBiH Fadil Novali\u0107.<\/p>\n\n\n\n<p>Ganibegovi\u0107 je potvrdio da je to drugo pismo namjere zaista potpisao premijer Novali\u0107. Svjedok je pojasnio da pismo namjere nije ponuda i nije obavezuju\u0107i akt.<\/p>\n\n\n\n<p>Bilo je mnogo pitanja za Ganibegovi\u0107a i o viber grupi &#8220;Gensek&#8221; .<\/p>\n\n\n\n<p>Ganibegovi\u0107 je tako\u0111er kasnije rekao da je u razgovoru s Bahrom D\u017eakom i premijerom Novali\u0107em kazao da nije bilo drugih ponuda osim &#8220;Srebrene maline&#8221; za kupovinu toliko velikog broja respiratora.<\/p>\n\n\n\n<p>Svjedok je kazao da je premijer Novali\u0107 izra\u017eavao vi\u0161e puta za\u010du\u0111enost ugovorom o nabavci respiratora od &#8220;Srebrene maline&#8221;, po\u010dev\u0161i od 25. travnja pro\u0161le godine i do\u010deka respiratora u zra\u010dnoj luci, kada je &#8220;dr\u017eao govor razli\u010ditog sadr\u017eaja u odnosu na ono \u0161ta mu je bilo iza le\u0111a&#8221;.<\/p>\n\n\n\n<p>Istinitost navoda<\/p>\n\n\n\n<p>Kako je Ganibegovi\u0107 tvrdio da je ispitivan u Tu\u017eiteljstvu pod velikim pritiskom, te da je od njega tra\u017eeno da ka\u017ee kako je sve ra\u0111eno po nalogu premijera, u tom pravcu su uslijedila i pitanja tu\u017eitelja Mirze Huklji\u0107a koji je objasnio da su ona bila usmjerena iz toga razloga \u0161to je svjedok doveo u pitanje istinitost svojih navoda u istrazi, a na kojima se izme\u0111u ostalog temelji optu\u017enica.&nbsp;<\/p>\n\n\n\n<p>Iznenada se uklju\u010dio sudija Branko Peri\u0107 koji je kazao da tu\u017eitelj iscrpljuje svjedoka.<\/p>\n\n\n\n<p>&#8211; Da li vam je svjedok potvrdio navode iz optu\u017enice? Naravno da nije. Sada iscrpljujete svjedoka da bi dobili odgovore koje ho\u0107ete &#8211; kazao je Peri\u0107 dodav\u0161i da je i ranije svjedo\u010dio o ovakvom pona\u0161anju tu\u017eitelja.<\/p>\n\n\n\n<p>Tu\u017eitelj Hukelji\u0107 je kazao da prestaje ispitivati svjedoka jer to &#8220;poslije ovakve izjave sudije nema smisla&#8221;.<\/p>\n\n\n\n<p>Sljede\u0107e ro\u010di\u0161te zakazano je za 20. listopada kada \u0107e biti saslu\u0161avana Edita Kalajd\u017ei\u0107, tajnik Ureda premijera Vlade FBiH.&nbsp;<\/p>\n\n\n\n<p>Izvor:avaz.ba<\/p>\n","protected":false},"excerpt":{"rendered":"<p>U nastavku su\u0111enja Fadilu Novali\u0107u i ostalima optu\u017eenima u aferi &#8220;Respiratori&#8221; zavr\u0161eno je saslu\u0161anje svjedoka Hasana Ganibegovi\u0107a, biv\u0161eg \u0161efa Ureda premijera Fadila Novali\u0107a. Odmah na po\u010detku, i prije saslu\u0161anja ovog svjedoka, odvjetnica Vasvija Vidovi\u0107, koja zastupa Novali\u0107a, kazala je Sudskom vije\u0107u da joj je sino\u0107 hakirano ra\u010dunalo te da joj je uni\u0161tena sva dokumentacija skupljana [&hellip;]<\/p>\n","protected":false},"author":2,"featured_media":76283,"comment_status":"closed","ping_status":"closed","sticky":false,"template":"","format":"standard","meta":{"h5ap_radio_sources":[],"footnotes":""},"categories":[1],"tags":[],"class_list":["post-76282","post","type-post","status-publish","format-standard","has-post-thumbnail","hentry","category-bihiregija"],"yoast_head":"<!-- This site is optimized with the Yoast SEO plugin v27.4 - https:\/\/yoast.com\/product\/yoast-seo-wordpress\/ -->\n<title>Afera &quot;Respiratori&quot;: Vasviji Vidovi\u0107, odvjetnici Fadila Novali\u0107a, hakirano ra\u010dunalo - RADIO LJUBU\u0160KI<\/title>\n<meta name=\"robots\" content=\"index, follow, max-snippet:-1, max-image-preview:large, max-video-preview:-1\" \/>\n<link rel=\"canonical\" href=\"https:\/\/radioljubuski.ba\/index.php\/2021\/10\/15\/afera-respiratori-vasviji-vidovic-odvjetnici-fadila-novalica-hakirano-racunalo\/\" \/>\n<meta property=\"og:locale\" content=\"hr_HR\" \/>\n<meta property=\"og:type\" content=\"article\" \/>\n<meta property=\"og:title\" content=\"Afera &quot;Respiratori&quot;: Vasviji Vidovi\u0107, odvjetnici Fadila Novali\u0107a, hakirano ra\u010dunalo - RADIO LJUBU\u0160KI\" \/>\n<meta property=\"og:description\" content=\"U nastavku su\u0111enja Fadilu Novali\u0107u i ostalima optu\u017eenima u aferi &#8220;Respiratori&#8221; zavr\u0161eno je saslu\u0161anje svjedoka Hasana Ganibegovi\u0107a, biv\u0161eg \u0161efa Ureda premijera Fadila Novali\u0107a. Odmah na po\u010detku, i prije saslu\u0161anja ovog svjedoka, odvjetnica Vasvija Vidovi\u0107, koja zastupa Novali\u0107a, kazala je Sudskom vije\u0107u da joj je sino\u0107 hakirano ra\u010dunalo te da joj je uni\u0161tena sva dokumentacija skupljana [&hellip;]\" \/>\n<meta property=\"og:url\" content=\"https:\/\/radioljubuski.ba\/index.php\/2021\/10\/15\/afera-respiratori-vasviji-vidovic-odvjetnici-fadila-novalica-hakirano-racunalo\/\" \/>\n<meta property=\"og:site_name\" content=\"RADIO LJUBU\u0160KI\" \/>\n<meta property=\"article:publisher\" content=\"https:\/\/www.facebook.com\/Radiio-Ljubuski-1490835324566332\" \/>\n<meta property=\"article:published_time\" content=\"2021-10-15T22:52:56+00:00\" \/>\n<meta property=\"og:image\" content=\"https:\/\/radioljubuski.ba\/wp-content\/uploads\/2021\/10\/9-2021-10-15-17-26-06-fadil-a.jpg\" \/>\n\t<meta property=\"og:image:width\" content=\"1000\" \/>\n\t<meta property=\"og:image:height\" content=\"625\" \/>\n\t<meta property=\"og:image:type\" content=\"image\/jpeg\" \/>\n<meta name=\"author\" content=\"Radio Ljubu\u0161ki\" \/>\n<meta name=\"twitter:card\" content=\"summary_large_image\" \/>\n<meta name=\"twitter:creator\" content=\"@radioljubuski\" \/>\n<meta name=\"twitter:site\" content=\"@radioljubuski\" \/>\n<meta name=\"twitter:label1\" content=\"Napisao\/la\" \/>\n\t<meta name=\"twitter:data1\" content=\"Radio Ljubu\u0161ki\" \/>\n\t<meta name=\"twitter:label2\" content=\"Procijenjeno vrijeme \u010ditanja\" \/>\n\t<meta name=\"twitter:data2\" content=\"2 minute\" \/>\n<script type=\"application\/ld+json\" class=\"yoast-schema-graph\">{\"@context\":\"https:\\\/\\\/schema.org\",\"@graph\":[{\"@type\":\"Article\",\"@id\":\"https:\\\/\\\/radioljubuski.ba\\\/index.php\\\/2021\\\/10\\\/15\\\/afera-respiratori-vasviji-vidovic-odvjetnici-fadila-novalica-hakirano-racunalo\\\/#article\",\"isPartOf\":{\"@id\":\"https:\\\/\\\/radioljubuski.ba\\\/index.php\\\/2021\\\/10\\\/15\\\/afera-respiratori-vasviji-vidovic-odvjetnici-fadila-novalica-hakirano-racunalo\\\/\"},\"author\":{\"name\":\"Radio Ljubu\u0161ki\",\"@id\":\"https:\\\/\\\/radioljubuski.ba\\\/#\\\/schema\\\/person\\\/19fc700381a780f69665d7956c469e3b\"},\"headline\":\"Afera &#8220;Respiratori&#8221;: Vasviji Vidovi\u0107, odvjetnici Fadila Novali\u0107a, hakirano ra\u010dunalo\",\"datePublished\":\"2021-10-15T22:52:56+00:00\",\"mainEntityOfPage\":{\"@id\":\"https:\\\/\\\/radioljubuski.ba\\\/index.php\\\/2021\\\/10\\\/15\\\/afera-respiratori-vasviji-vidovic-odvjetnici-fadila-novalica-hakirano-racunalo\\\/\"},\"wordCount\":499,\"publisher\":{\"@id\":\"https:\\\/\\\/radioljubuski.ba\\\/#organization\"},\"image\":{\"@id\":\"https:\\\/\\\/radioljubuski.ba\\\/index.php\\\/2021\\\/10\\\/15\\\/afera-respiratori-vasviji-vidovic-odvjetnici-fadila-novalica-hakirano-racunalo\\\/#primaryimage\"},\"thumbnailUrl\":\"https:\\\/\\\/radioljubuski.ba\\\/wp-content\\\/uploads\\\/2021\\\/10\\\/9-2021-10-15-17-26-06-fadil-a.jpg\",\"articleSection\":[\"BIH i regija\"],\"inLanguage\":\"hr\"},{\"@type\":\"WebPage\",\"@id\":\"https:\\\/\\\/radioljubuski.ba\\\/index.php\\\/2021\\\/10\\\/15\\\/afera-respiratori-vasviji-vidovic-odvjetnici-fadila-novalica-hakirano-racunalo\\\/\",\"url\":\"https:\\\/\\\/radioljubuski.ba\\\/index.php\\\/2021\\\/10\\\/15\\\/afera-respiratori-vasviji-vidovic-odvjetnici-fadila-novalica-hakirano-racunalo\\\/\",\"name\":\"Afera \\\"Respiratori\\\": Vasviji Vidovi\u0107, odvjetnici Fadila Novali\u0107a, hakirano ra\u010dunalo - RADIO LJUBU\u0160KI\",\"isPartOf\":{\"@id\":\"https:\\\/\\\/radioljubuski.ba\\\/#website\"},\"primaryImageOfPage\":{\"@id\":\"https:\\\/\\\/radioljubuski.ba\\\/index.php\\\/2021\\\/10\\\/15\\\/afera-respiratori-vasviji-vidovic-odvjetnici-fadila-novalica-hakirano-racunalo\\\/#primaryimage\"},\"image\":{\"@id\":\"https:\\\/\\\/radioljubuski.ba\\\/index.php\\\/2021\\\/10\\\/15\\\/afera-respiratori-vasviji-vidovic-odvjetnici-fadila-novalica-hakirano-racunalo\\\/#primaryimage\"},\"thumbnailUrl\":\"https:\\\/\\\/radioljubuski.ba\\\/wp-content\\\/uploads\\\/2021\\\/10\\\/9-2021-10-15-17-26-06-fadil-a.jpg\",\"datePublished\":\"2021-10-15T22:52:56+00:00\",\"breadcrumb\":{\"@id\":\"https:\\\/\\\/radioljubuski.ba\\\/index.php\\\/2021\\\/10\\\/15\\\/afera-respiratori-vasviji-vidovic-odvjetnici-fadila-novalica-hakirano-racunalo\\\/#breadcrumb\"},\"inLanguage\":\"hr\",\"potentialAction\":[{\"@type\":\"ReadAction\",\"target\":[\"https:\\\/\\\/radioljubuski.ba\\\/index.php\\\/2021\\\/10\\\/15\\\/afera-respiratori-vasviji-vidovic-odvjetnici-fadila-novalica-hakirano-racunalo\\\/\"]}]},{\"@type\":\"ImageObject\",\"inLanguage\":\"hr\",\"@id\":\"https:\\\/\\\/radioljubuski.ba\\\/index.php\\\/2021\\\/10\\\/15\\\/afera-respiratori-vasviji-vidovic-odvjetnici-fadila-novalica-hakirano-racunalo\\\/#primaryimage\",\"url\":\"https:\\\/\\\/radioljubuski.ba\\\/wp-content\\\/uploads\\\/2021\\\/10\\\/9-2021-10-15-17-26-06-fadil-a.jpg\",\"contentUrl\":\"https:\\\/\\\/radioljubuski.ba\\\/wp-content\\\/uploads\\\/2021\\\/10\\\/9-2021-10-15-17-26-06-fadil-a.jpg\",\"width\":1000,\"height\":625},{\"@type\":\"BreadcrumbList\",\"@id\":\"https:\\\/\\\/radioljubuski.ba\\\/index.php\\\/2021\\\/10\\\/15\\\/afera-respiratori-vasviji-vidovic-odvjetnici-fadila-novalica-hakirano-racunalo\\\/#breadcrumb\",\"itemListElement\":[{\"@type\":\"ListItem\",\"position\":1,\"name\":\"Po\u010detna stranica\",\"item\":\"https:\\\/\\\/radioljubuski.ba\\\/\"},{\"@type\":\"ListItem\",\"position\":2,\"name\":\"Afera &#8220;Respiratori&#8221;: Vasviji Vidovi\u0107, odvjetnici Fadila Novali\u0107a, hakirano ra\u010dunalo\"}]},{\"@type\":\"WebSite\",\"@id\":\"https:\\\/\\\/radioljubuski.ba\\\/#website\",\"url\":\"https:\\\/\\\/radioljubuski.ba\\\/\",\"name\":\"Radio Ljubu\u0161ki\",\"description\":\"Sun\u010dana frekvencija Hercegovine\",\"publisher\":{\"@id\":\"https:\\\/\\\/radioljubuski.ba\\\/#organization\"},\"potentialAction\":[{\"@type\":\"SearchAction\",\"target\":{\"@type\":\"EntryPoint\",\"urlTemplate\":\"https:\\\/\\\/radioljubuski.ba\\\/?s={search_term_string}\"},\"query-input\":{\"@type\":\"PropertyValueSpecification\",\"valueRequired\":true,\"valueName\":\"search_term_string\"}}],\"inLanguage\":\"hr\"},{\"@type\":\"Organization\",\"@id\":\"https:\\\/\\\/radioljubuski.ba\\\/#organization\",\"name\":\"Radio Ljubu\u0161ki\",\"url\":\"https:\\\/\\\/radioljubuski.ba\\\/\",\"logo\":{\"@type\":\"ImageObject\",\"inLanguage\":\"hr\",\"@id\":\"https:\\\/\\\/radioljubuski.ba\\\/#\\\/schema\\\/logo\\\/image\\\/\",\"url\":\"https:\\\/\\\/radioljubuski.ba\\\/wp-content\\\/uploads\\\/2021\\\/02\\\/cropped-Radio_Ljubuski_logo1.jpg\",\"contentUrl\":\"https:\\\/\\\/radioljubuski.ba\\\/wp-content\\\/uploads\\\/2021\\\/02\\\/cropped-Radio_Ljubuski_logo1.jpg\",\"width\":512,\"height\":512,\"caption\":\"Radio Ljubu\u0161ki\"},\"image\":{\"@id\":\"https:\\\/\\\/radioljubuski.ba\\\/#\\\/schema\\\/logo\\\/image\\\/\"},\"sameAs\":[\"https:\\\/\\\/www.facebook.com\\\/Radiio-Ljubuski-1490835324566332\",\"https:\\\/\\\/x.com\\\/radioljubuski\",\"https:\\\/\\\/hr.linkedin.com\\\/company\\\/radio-ljubuski\",\"https:\\\/\\\/www.youtube.com\\\/channel\\\/UCHYaeO_n0Db3tjNGudGpXyw\"]},{\"@type\":\"Person\",\"@id\":\"https:\\\/\\\/radioljubuski.ba\\\/#\\\/schema\\\/person\\\/19fc700381a780f69665d7956c469e3b\",\"name\":\"Radio Ljubu\u0161ki\"}]}<\/script>\n<!-- \/ Yoast SEO plugin. -->","yoast_head_json":{"title":"Afera \"Respiratori\": Vasviji Vidovi\u0107, odvjetnici Fadila Novali\u0107a, hakirano ra\u010dunalo - RADIO LJUBU\u0160KI","robots":{"index":"index","follow":"follow","max-snippet":"max-snippet:-1","max-image-preview":"max-image-preview:large","max-video-preview":"max-video-preview:-1"},"canonical":"https:\/\/radioljubuski.ba\/index.php\/2021\/10\/15\/afera-respiratori-vasviji-vidovic-odvjetnici-fadila-novalica-hakirano-racunalo\/","og_locale":"hr_HR","og_type":"article","og_title":"Afera \"Respiratori\": Vasviji Vidovi\u0107, odvjetnici Fadila Novali\u0107a, hakirano ra\u010dunalo - RADIO LJUBU\u0160KI","og_description":"U nastavku su\u0111enja Fadilu Novali\u0107u i ostalima optu\u017eenima u aferi &#8220;Respiratori&#8221; zavr\u0161eno je saslu\u0161anje svjedoka Hasana Ganibegovi\u0107a, biv\u0161eg \u0161efa Ureda premijera Fadila Novali\u0107a. Odmah na po\u010detku, i prije saslu\u0161anja ovog svjedoka, odvjetnica Vasvija Vidovi\u0107, koja zastupa Novali\u0107a, kazala je Sudskom vije\u0107u da joj je sino\u0107 hakirano ra\u010dunalo te da joj je uni\u0161tena sva dokumentacija skupljana [&hellip;]","og_url":"https:\/\/radioljubuski.ba\/index.php\/2021\/10\/15\/afera-respiratori-vasviji-vidovic-odvjetnici-fadila-novalica-hakirano-racunalo\/","og_site_name":"RADIO LJUBU\u0160KI","article_publisher":"https:\/\/www.facebook.com\/Radiio-Ljubuski-1490835324566332","article_published_time":"2021-10-15T22:52:56+00:00","og_image":[{"width":1000,"height":625,"url":"https:\/\/radioljubuski.ba\/wp-content\/uploads\/2021\/10\/9-2021-10-15-17-26-06-fadil-a.jpg","type":"image\/jpeg"}],"author":"Radio Ljubu\u0161ki","twitter_card":"summary_large_image","twitter_creator":"@radioljubuski","twitter_site":"@radioljubuski","twitter_misc":{"Napisao\/la":"Radio Ljubu\u0161ki","Procijenjeno vrijeme \u010ditanja":"2 minute"},"schema":{"@context":"https:\/\/schema.org","@graph":[{"@type":"Article","@id":"https:\/\/radioljubuski.ba\/index.php\/2021\/10\/15\/afera-respiratori-vasviji-vidovic-odvjetnici-fadila-novalica-hakirano-racunalo\/#article","isPartOf":{"@id":"https:\/\/radioljubuski.ba\/index.php\/2021\/10\/15\/afera-respiratori-vasviji-vidovic-odvjetnici-fadila-novalica-hakirano-racunalo\/"},"author":{"name":"Radio Ljubu\u0161ki","@id":"https:\/\/radioljubuski.ba\/#\/schema\/person\/19fc700381a780f69665d7956c469e3b"},"headline":"Afera &#8220;Respiratori&#8221;: Vasviji Vidovi\u0107, odvjetnici Fadila Novali\u0107a, hakirano ra\u010dunalo","datePublished":"2021-10-15T22:52:56+00:00","mainEntityOfPage":{"@id":"https:\/\/radioljubuski.ba\/index.php\/2021\/10\/15\/afera-respiratori-vasviji-vidovic-odvjetnici-fadila-novalica-hakirano-racunalo\/"},"wordCount":499,"publisher":{"@id":"https:\/\/radioljubuski.ba\/#organization"},"image":{"@id":"https:\/\/radioljubuski.ba\/index.php\/2021\/10\/15\/afera-respiratori-vasviji-vidovic-odvjetnici-fadila-novalica-hakirano-racunalo\/#primaryimage"},"thumbnailUrl":"https:\/\/radioljubuski.ba\/wp-content\/uploads\/2021\/10\/9-2021-10-15-17-26-06-fadil-a.jpg","articleSection":["BIH i regija"],"inLanguage":"hr"},{"@type":"WebPage","@id":"https:\/\/radioljubuski.ba\/index.php\/2021\/10\/15\/afera-respiratori-vasviji-vidovic-odvjetnici-fadila-novalica-hakirano-racunalo\/","url":"https:\/\/radioljubuski.ba\/index.php\/2021\/10\/15\/afera-respiratori-vasviji-vidovic-odvjetnici-fadila-novalica-hakirano-racunalo\/","name":"Afera \"Respiratori\": Vasviji Vidovi\u0107, odvjetnici Fadila Novali\u0107a, hakirano ra\u010dunalo - RADIO LJUBU\u0160KI","isPartOf":{"@id":"https:\/\/radioljubuski.ba\/#website"},"primaryImageOfPage":{"@id":"https:\/\/radioljubuski.ba\/index.php\/2021\/10\/15\/afera-respiratori-vasviji-vidovic-odvjetnici-fadila-novalica-hakirano-racunalo\/#primaryimage"},"image":{"@id":"https:\/\/radioljubuski.ba\/index.php\/2021\/10\/15\/afera-respiratori-vasviji-vidovic-odvjetnici-fadila-novalica-hakirano-racunalo\/#primaryimage"},"thumbnailUrl":"https:\/\/radioljubuski.ba\/wp-content\/uploads\/2021\/10\/9-2021-10-15-17-26-06-fadil-a.jpg","datePublished":"2021-10-15T22:52:56+00:00","breadcrumb":{"@id":"https:\/\/radioljubuski.ba\/index.php\/2021\/10\/15\/afera-respiratori-vasviji-vidovic-odvjetnici-fadila-novalica-hakirano-racunalo\/#breadcrumb"},"inLanguage":"hr","potentialAction":[{"@type":"ReadAction","target":["https:\/\/radioljubuski.ba\/index.php\/2021\/10\/15\/afera-respiratori-vasviji-vidovic-odvjetnici-fadila-novalica-hakirano-racunalo\/"]}]},{"@type":"ImageObject","inLanguage":"hr","@id":"https:\/\/radioljubuski.ba\/index.php\/2021\/10\/15\/afera-respiratori-vasviji-vidovic-odvjetnici-fadila-novalica-hakirano-racunalo\/#primaryimage","url":"https:\/\/radioljubuski.ba\/wp-content\/uploads\/2021\/10\/9-2021-10-15-17-26-06-fadil-a.jpg","contentUrl":"https:\/\/radioljubuski.ba\/wp-content\/uploads\/2021\/10\/9-2021-10-15-17-26-06-fadil-a.jpg","width":1000,"height":625},{"@type":"BreadcrumbList","@id":"https:\/\/radioljubuski.ba\/index.php\/2021\/10\/15\/afera-respiratori-vasviji-vidovic-odvjetnici-fadila-novalica-hakirano-racunalo\/#breadcrumb","itemListElement":[{"@type":"ListItem","position":1,"name":"Po\u010detna stranica","item":"https:\/\/radioljubuski.ba\/"},{"@type":"ListItem","position":2,"name":"Afera &#8220;Respiratori&#8221;: Vasviji Vidovi\u0107, odvjetnici Fadila Novali\u0107a, hakirano ra\u010dunalo"}]},{"@type":"WebSite","@id":"https:\/\/radioljubuski.ba\/#website","url":"https:\/\/radioljubuski.ba\/","name":"Radio Ljubu\u0161ki","description":"Sun\u010dana frekvencija Hercegovine","publisher":{"@id":"https:\/\/radioljubuski.ba\/#organization"},"potentialAction":[{"@type":"SearchAction","target":{"@type":"EntryPoint","urlTemplate":"https:\/\/radioljubuski.ba\/?s={search_term_string}"},"query-input":{"@type":"PropertyValueSpecification","valueRequired":true,"valueName":"search_term_string"}}],"inLanguage":"hr"},{"@type":"Organization","@id":"https:\/\/radioljubuski.ba\/#organization","name":"Radio Ljubu\u0161ki","url":"https:\/\/radioljubuski.ba\/","logo":{"@type":"ImageObject","inLanguage":"hr","@id":"https:\/\/radioljubuski.ba\/#\/schema\/logo\/image\/","url":"https:\/\/radioljubuski.ba\/wp-content\/uploads\/2021\/02\/cropped-Radio_Ljubuski_logo1.jpg","contentUrl":"https:\/\/radioljubuski.ba\/wp-content\/uploads\/2021\/02\/cropped-Radio_Ljubuski_logo1.jpg","width":512,"height":512,"caption":"Radio Ljubu\u0161ki"},"image":{"@id":"https:\/\/radioljubuski.ba\/#\/schema\/logo\/image\/"},"sameAs":["https:\/\/www.facebook.com\/Radiio-Ljubuski-1490835324566332","https:\/\/x.com\/radioljubuski","https:\/\/hr.linkedin.com\/company\/radio-ljubuski","https:\/\/www.youtube.com\/channel\/UCHYaeO_n0Db3tjNGudGpXyw"]},{"@type":"Person","@id":"https:\/\/radioljubuski.ba\/#\/schema\/person\/19fc700381a780f69665d7956c469e3b","name":"Radio Ljubu\u0161ki"}]}},"_links":{"self":[{"href":"https:\/\/radioljubuski.ba\/index.php\/wp-json\/wp\/v2\/posts\/76282","targetHints":{"allow":["GET"]}}],"collection":[{"href":"https:\/\/radioljubuski.ba\/index.php\/wp-json\/wp\/v2\/posts"}],"about":[{"href":"https:\/\/radioljubuski.ba\/index.php\/wp-json\/wp\/v2\/types\/post"}],"author":[{"embeddable":true,"href":"https:\/\/radioljubuski.ba\/index.php\/wp-json\/wp\/v2\/users\/2"}],"replies":[{"embeddable":true,"href":"https:\/\/radioljubuski.ba\/index.php\/wp-json\/wp\/v2\/comments?post=76282"}],"version-history":[{"count":1,"href":"https:\/\/radioljubuski.ba\/index.php\/wp-json\/wp\/v2\/posts\/76282\/revisions"}],"predecessor-version":[{"id":76284,"href":"https:\/\/radioljubuski.ba\/index.php\/wp-json\/wp\/v2\/posts\/76282\/revisions\/76284"}],"wp:featuredmedia":[{"embeddable":true,"href":"https:\/\/radioljubuski.ba\/index.php\/wp-json\/wp\/v2\/media\/76283"}],"wp:attachment":[{"href":"https:\/\/radioljubuski.ba\/index.php\/wp-json\/wp\/v2\/media?parent=76282"}],"wp:term":[{"taxonomy":"category","embeddable":true,"href":"https:\/\/radioljubuski.ba\/index.php\/wp-json\/wp\/v2\/categories?post=76282"},{"taxonomy":"post_tag","embeddable":true,"href":"https:\/\/radioljubuski.ba\/index.php\/wp-json\/wp\/v2\/tags?post=76282"}],"curies":[{"name":"wp","href":"https:\/\/api.w.org\/{rel}","templated":true}]}}