{"id":76291,"date":"2021-10-15T23:56:48","date_gmt":"2021-10-15T22:56:48","guid":{"rendered":"https:\/\/radioljubuski.ba\/?p=76291"},"modified":"2021-10-15T23:56:49","modified_gmt":"2021-10-15T22:56:49","slug":"treca-doza-uz-preporuku-specijaliste-do-kraja-mjeseca","status":"publish","type":"post","link":"https:\/\/radioljubuski.ba\/index.php\/2021\/10\/15\/treca-doza-uz-preporuku-specijaliste-do-kraja-mjeseca\/","title":{"rendered":"Tre\u0107a doza uz preporuku specijaliste do kraja mjeseca"},"content":{"rendered":"\n<p>Stru\u010dno savjetodavno tijelo (SST) za imunizaciju Federalnog ministarstva zdravstva donijelo je Privremene dodatne preporuke vezane za cijepljenje protiv COVID-19, priop\u0107ila je Slu\u017eba za protokol i press Sarajevske \u017eupanije. U skladu sa zaklju\u010dcima SST-a na razini Federacije BiH, Ministarstvo zdravstva i Radna grupa za koordinaciju cijepljenja u Sarajevskoj \u017eupaniji pozivaju na tre\u0107u dozu cjepiva protiv Covid-19 osobe starije od 12 godina sa ozbiljnom imunosupresijom, a to su: osobe sa primarnom ili ste\u010denom imunodeficijencijom, osobe na imunosupresivnoj ili imunomodulatornoj terapiji i osobe koje primaju visoke doze steroida.<\/p>\n\n\n\n<p>Prethodno je potrebno najaviti se, pribaviti mi\u0161ljenje specijaliste o vremenu aplikacije tre\u0107e doze, te prilo\u017eiti i iskaznicu o imunizaciji sa prve dvije doze, bez \u010dega se ne\u0107e mo\u0107i pristupiti cijiepljenju. Za osobe starije od 18 godina s ozbiljnom imunosupresijom, SST za imunizaciju preporu\u010duje da se za tre\u0107u dozu preferira mRNK cjepiva, uz mogu\u0107nost za aplikaciju vektorske ili inaktiviranog cjepiva kod onih osoba koje su prethodno primile ova cjepiva. Davanje tre\u0107e doze uz preporuku i mi\u0161ljenje specijaliste \u0107e uskoro zapo\u010deti, preciznije do kraja ovog mjeseca na Zetri, ali i na lokalitetima JU Dom zdravlja S\u017d.<\/p>\n\n\n\n<p>Odvijat \u0107e se onim danima i &nbsp;lokalitetima na kojima na raspolaganju bude cjepiva odre\u0111ene za tre\u0107u dozu, a u skladu sa &nbsp;raspolo\u017eivim koli\u010dinama u S\u017d. O tome \u0107e javnost biti kontinuirano obavje\u0161tavana. Za po\u010detak \u0107e biti na raspolaganju oko 240 doza Pfizer cjepia za tre\u0107u dozu u S\u017d.<\/p>\n\n\n\n<p>Nakon zatvaranja cijepnog punkta na Zetri, davanje tre\u0107e doze \u0107e se obavljati na lokalitetima JU Dom zdravlja S\u017d, u skladu sa ovim preporukama, priop\u0107ila je Slu\u017eba za protokol i press S\u017d.<\/p>\n\n\n\n<p>Izvor:pogled.ba<\/p>\n","protected":false},"excerpt":{"rendered":"<p>Stru\u010dno savjetodavno tijelo (SST) za imunizaciju Federalnog ministarstva zdravstva donijelo je Privremene dodatne preporuke vezane za cijepljenje protiv COVID-19, priop\u0107ila je Slu\u017eba za protokol i press Sarajevske \u017eupanije. U skladu sa zaklju\u010dcima SST-a na razini Federacije BiH, Ministarstvo zdravstva i Radna grupa za koordinaciju cijepljenja u Sarajevskoj \u017eupaniji pozivaju na tre\u0107u dozu cjepiva protiv Covid-19 [&hellip;]<\/p>\n","protected":false},"author":2,"featured_media":21770,"comment_status":"closed","ping_status":"closed","sticky":false,"template":"","format":"standard","meta":{"h5ap_radio_sources":[],"footnotes":""},"categories":[1],"tags":[],"class_list":["post-76291","post","type-post","status-publish","format-standard","has-post-thumbnail","hentry","category-bihiregija"],"yoast_head":"<!-- This site is optimized with the Yoast SEO plugin v27.4 - https:\/\/yoast.com\/product\/yoast-seo-wordpress\/ -->\n<title>Tre\u0107a doza uz preporuku specijaliste do kraja mjeseca - RADIO LJUBU\u0160KI<\/title>\n<meta name=\"robots\" content=\"index, follow, max-snippet:-1, max-image-preview:large, max-video-preview:-1\" \/>\n<link rel=\"canonical\" href=\"https:\/\/radioljubuski.ba\/index.php\/2021\/10\/15\/treca-doza-uz-preporuku-specijaliste-do-kraja-mjeseca\/\" \/>\n<meta property=\"og:locale\" content=\"hr_HR\" \/>\n<meta property=\"og:type\" content=\"article\" \/>\n<meta property=\"og:title\" content=\"Tre\u0107a doza uz preporuku specijaliste do kraja mjeseca - RADIO LJUBU\u0160KI\" \/>\n<meta property=\"og:description\" content=\"Stru\u010dno savjetodavno tijelo (SST) za imunizaciju Federalnog ministarstva zdravstva donijelo je Privremene dodatne preporuke vezane za cijepljenje protiv COVID-19, priop\u0107ila je Slu\u017eba za protokol i press Sarajevske \u017eupanije. U skladu sa zaklju\u010dcima SST-a na razini Federacije BiH, Ministarstvo zdravstva i Radna grupa za koordinaciju cijepljenja u Sarajevskoj \u017eupaniji pozivaju na tre\u0107u dozu cjepiva protiv Covid-19 [&hellip;]\" \/>\n<meta property=\"og:url\" content=\"https:\/\/radioljubuski.ba\/index.php\/2021\/10\/15\/treca-doza-uz-preporuku-specijaliste-do-kraja-mjeseca\/\" \/>\n<meta property=\"og:site_name\" content=\"RADIO LJUBU\u0160KI\" \/>\n<meta property=\"article:publisher\" content=\"https:\/\/www.facebook.com\/Radiio-Ljubuski-1490835324566332\" \/>\n<meta property=\"article:published_time\" content=\"2021-10-15T22:56:48+00:00\" \/>\n<meta property=\"article:modified_time\" content=\"2021-10-15T22:56:49+00:00\" \/>\n<meta property=\"og:image\" content=\"https:\/\/radioljubuski.ba\/wp-content\/uploads\/2021\/05\/uGkWeOrm_cijepljenje.jpg\" \/>\n\t<meta property=\"og:image:width\" content=\"1000\" \/>\n\t<meta property=\"og:image:height\" content=\"625\" \/>\n\t<meta property=\"og:image:type\" content=\"image\/jpeg\" \/>\n<meta name=\"author\" content=\"Radio Ljubu\u0161ki\" \/>\n<meta name=\"twitter:card\" content=\"summary_large_image\" \/>\n<meta name=\"twitter:creator\" content=\"@radioljubuski\" \/>\n<meta name=\"twitter:site\" content=\"@radioljubuski\" \/>\n<meta name=\"twitter:label1\" content=\"Napisao\/la\" \/>\n\t<meta name=\"twitter:data1\" content=\"Radio Ljubu\u0161ki\" \/>\n\t<meta name=\"twitter:label2\" content=\"Procijenjeno vrijeme \u010ditanja\" \/>\n\t<meta name=\"twitter:data2\" content=\"2 minute\" \/>\n<script type=\"application\/ld+json\" class=\"yoast-schema-graph\">{\"@context\":\"https:\\\/\\\/schema.org\",\"@graph\":[{\"@type\":\"Article\",\"@id\":\"https:\\\/\\\/radioljubuski.ba\\\/index.php\\\/2021\\\/10\\\/15\\\/treca-doza-uz-preporuku-specijaliste-do-kraja-mjeseca\\\/#article\",\"isPartOf\":{\"@id\":\"https:\\\/\\\/radioljubuski.ba\\\/index.php\\\/2021\\\/10\\\/15\\\/treca-doza-uz-preporuku-specijaliste-do-kraja-mjeseca\\\/\"},\"author\":{\"name\":\"Radio Ljubu\u0161ki\",\"@id\":\"https:\\\/\\\/radioljubuski.ba\\\/#\\\/schema\\\/person\\\/19fc700381a780f69665d7956c469e3b\"},\"headline\":\"Tre\u0107a doza uz preporuku specijaliste do kraja mjeseca\",\"datePublished\":\"2021-10-15T22:56:48+00:00\",\"dateModified\":\"2021-10-15T22:56:49+00:00\",\"mainEntityOfPage\":{\"@id\":\"https:\\\/\\\/radioljubuski.ba\\\/index.php\\\/2021\\\/10\\\/15\\\/treca-doza-uz-preporuku-specijaliste-do-kraja-mjeseca\\\/\"},\"wordCount\":296,\"publisher\":{\"@id\":\"https:\\\/\\\/radioljubuski.ba\\\/#organization\"},\"image\":{\"@id\":\"https:\\\/\\\/radioljubuski.ba\\\/index.php\\\/2021\\\/10\\\/15\\\/treca-doza-uz-preporuku-specijaliste-do-kraja-mjeseca\\\/#primaryimage\"},\"thumbnailUrl\":\"https:\\\/\\\/radioljubuski.ba\\\/wp-content\\\/uploads\\\/2021\\\/05\\\/uGkWeOrm_cijepljenje.jpg\",\"articleSection\":[\"BIH i regija\"],\"inLanguage\":\"hr\"},{\"@type\":\"WebPage\",\"@id\":\"https:\\\/\\\/radioljubuski.ba\\\/index.php\\\/2021\\\/10\\\/15\\\/treca-doza-uz-preporuku-specijaliste-do-kraja-mjeseca\\\/\",\"url\":\"https:\\\/\\\/radioljubuski.ba\\\/index.php\\\/2021\\\/10\\\/15\\\/treca-doza-uz-preporuku-specijaliste-do-kraja-mjeseca\\\/\",\"name\":\"Tre\u0107a doza uz preporuku specijaliste do kraja mjeseca - RADIO LJUBU\u0160KI\",\"isPartOf\":{\"@id\":\"https:\\\/\\\/radioljubuski.ba\\\/#website\"},\"primaryImageOfPage\":{\"@id\":\"https:\\\/\\\/radioljubuski.ba\\\/index.php\\\/2021\\\/10\\\/15\\\/treca-doza-uz-preporuku-specijaliste-do-kraja-mjeseca\\\/#primaryimage\"},\"image\":{\"@id\":\"https:\\\/\\\/radioljubuski.ba\\\/index.php\\\/2021\\\/10\\\/15\\\/treca-doza-uz-preporuku-specijaliste-do-kraja-mjeseca\\\/#primaryimage\"},\"thumbnailUrl\":\"https:\\\/\\\/radioljubuski.ba\\\/wp-content\\\/uploads\\\/2021\\\/05\\\/uGkWeOrm_cijepljenje.jpg\",\"datePublished\":\"2021-10-15T22:56:48+00:00\",\"dateModified\":\"2021-10-15T22:56:49+00:00\",\"breadcrumb\":{\"@id\":\"https:\\\/\\\/radioljubuski.ba\\\/index.php\\\/2021\\\/10\\\/15\\\/treca-doza-uz-preporuku-specijaliste-do-kraja-mjeseca\\\/#breadcrumb\"},\"inLanguage\":\"hr\",\"potentialAction\":[{\"@type\":\"ReadAction\",\"target\":[\"https:\\\/\\\/radioljubuski.ba\\\/index.php\\\/2021\\\/10\\\/15\\\/treca-doza-uz-preporuku-specijaliste-do-kraja-mjeseca\\\/\"]}]},{\"@type\":\"ImageObject\",\"inLanguage\":\"hr\",\"@id\":\"https:\\\/\\\/radioljubuski.ba\\\/index.php\\\/2021\\\/10\\\/15\\\/treca-doza-uz-preporuku-specijaliste-do-kraja-mjeseca\\\/#primaryimage\",\"url\":\"https:\\\/\\\/radioljubuski.ba\\\/wp-content\\\/uploads\\\/2021\\\/05\\\/uGkWeOrm_cijepljenje.jpg\",\"contentUrl\":\"https:\\\/\\\/radioljubuski.ba\\\/wp-content\\\/uploads\\\/2021\\\/05\\\/uGkWeOrm_cijepljenje.jpg\",\"width\":1000,\"height\":625},{\"@type\":\"BreadcrumbList\",\"@id\":\"https:\\\/\\\/radioljubuski.ba\\\/index.php\\\/2021\\\/10\\\/15\\\/treca-doza-uz-preporuku-specijaliste-do-kraja-mjeseca\\\/#breadcrumb\",\"itemListElement\":[{\"@type\":\"ListItem\",\"position\":1,\"name\":\"Po\u010detna stranica\",\"item\":\"https:\\\/\\\/radioljubuski.ba\\\/\"},{\"@type\":\"ListItem\",\"position\":2,\"name\":\"Tre\u0107a doza uz preporuku specijaliste do kraja mjeseca\"}]},{\"@type\":\"WebSite\",\"@id\":\"https:\\\/\\\/radioljubuski.ba\\\/#website\",\"url\":\"https:\\\/\\\/radioljubuski.ba\\\/\",\"name\":\"Radio Ljubu\u0161ki\",\"description\":\"Sun\u010dana frekvencija Hercegovine\",\"publisher\":{\"@id\":\"https:\\\/\\\/radioljubuski.ba\\\/#organization\"},\"potentialAction\":[{\"@type\":\"SearchAction\",\"target\":{\"@type\":\"EntryPoint\",\"urlTemplate\":\"https:\\\/\\\/radioljubuski.ba\\\/?s={search_term_string}\"},\"query-input\":{\"@type\":\"PropertyValueSpecification\",\"valueRequired\":true,\"valueName\":\"search_term_string\"}}],\"inLanguage\":\"hr\"},{\"@type\":\"Organization\",\"@id\":\"https:\\\/\\\/radioljubuski.ba\\\/#organization\",\"name\":\"Radio Ljubu\u0161ki\",\"url\":\"https:\\\/\\\/radioljubuski.ba\\\/\",\"logo\":{\"@type\":\"ImageObject\",\"inLanguage\":\"hr\",\"@id\":\"https:\\\/\\\/radioljubuski.ba\\\/#\\\/schema\\\/logo\\\/image\\\/\",\"url\":\"https:\\\/\\\/radioljubuski.ba\\\/wp-content\\\/uploads\\\/2021\\\/02\\\/cropped-Radio_Ljubuski_logo1.jpg\",\"contentUrl\":\"https:\\\/\\\/radioljubuski.ba\\\/wp-content\\\/uploads\\\/2021\\\/02\\\/cropped-Radio_Ljubuski_logo1.jpg\",\"width\":512,\"height\":512,\"caption\":\"Radio Ljubu\u0161ki\"},\"image\":{\"@id\":\"https:\\\/\\\/radioljubuski.ba\\\/#\\\/schema\\\/logo\\\/image\\\/\"},\"sameAs\":[\"https:\\\/\\\/www.facebook.com\\\/Radiio-Ljubuski-1490835324566332\",\"https:\\\/\\\/x.com\\\/radioljubuski\",\"https:\\\/\\\/hr.linkedin.com\\\/company\\\/radio-ljubuski\",\"https:\\\/\\\/www.youtube.com\\\/channel\\\/UCHYaeO_n0Db3tjNGudGpXyw\"]},{\"@type\":\"Person\",\"@id\":\"https:\\\/\\\/radioljubuski.ba\\\/#\\\/schema\\\/person\\\/19fc700381a780f69665d7956c469e3b\",\"name\":\"Radio Ljubu\u0161ki\"}]}<\/script>\n<!-- \/ Yoast SEO plugin. -->","yoast_head_json":{"title":"Tre\u0107a doza uz preporuku specijaliste do kraja mjeseca - RADIO LJUBU\u0160KI","robots":{"index":"index","follow":"follow","max-snippet":"max-snippet:-1","max-image-preview":"max-image-preview:large","max-video-preview":"max-video-preview:-1"},"canonical":"https:\/\/radioljubuski.ba\/index.php\/2021\/10\/15\/treca-doza-uz-preporuku-specijaliste-do-kraja-mjeseca\/","og_locale":"hr_HR","og_type":"article","og_title":"Tre\u0107a doza uz preporuku specijaliste do kraja mjeseca - RADIO LJUBU\u0160KI","og_description":"Stru\u010dno savjetodavno tijelo (SST) za imunizaciju Federalnog ministarstva zdravstva donijelo je Privremene dodatne preporuke vezane za cijepljenje protiv COVID-19, priop\u0107ila je Slu\u017eba za protokol i press Sarajevske \u017eupanije. U skladu sa zaklju\u010dcima SST-a na razini Federacije BiH, Ministarstvo zdravstva i Radna grupa za koordinaciju cijepljenja u Sarajevskoj \u017eupaniji pozivaju na tre\u0107u dozu cjepiva protiv Covid-19 [&hellip;]","og_url":"https:\/\/radioljubuski.ba\/index.php\/2021\/10\/15\/treca-doza-uz-preporuku-specijaliste-do-kraja-mjeseca\/","og_site_name":"RADIO LJUBU\u0160KI","article_publisher":"https:\/\/www.facebook.com\/Radiio-Ljubuski-1490835324566332","article_published_time":"2021-10-15T22:56:48+00:00","article_modified_time":"2021-10-15T22:56:49+00:00","og_image":[{"width":1000,"height":625,"url":"https:\/\/radioljubuski.ba\/wp-content\/uploads\/2021\/05\/uGkWeOrm_cijepljenje.jpg","type":"image\/jpeg"}],"author":"Radio Ljubu\u0161ki","twitter_card":"summary_large_image","twitter_creator":"@radioljubuski","twitter_site":"@radioljubuski","twitter_misc":{"Napisao\/la":"Radio Ljubu\u0161ki","Procijenjeno vrijeme \u010ditanja":"2 minute"},"schema":{"@context":"https:\/\/schema.org","@graph":[{"@type":"Article","@id":"https:\/\/radioljubuski.ba\/index.php\/2021\/10\/15\/treca-doza-uz-preporuku-specijaliste-do-kraja-mjeseca\/#article","isPartOf":{"@id":"https:\/\/radioljubuski.ba\/index.php\/2021\/10\/15\/treca-doza-uz-preporuku-specijaliste-do-kraja-mjeseca\/"},"author":{"name":"Radio Ljubu\u0161ki","@id":"https:\/\/radioljubuski.ba\/#\/schema\/person\/19fc700381a780f69665d7956c469e3b"},"headline":"Tre\u0107a doza uz preporuku specijaliste do kraja mjeseca","datePublished":"2021-10-15T22:56:48+00:00","dateModified":"2021-10-15T22:56:49+00:00","mainEntityOfPage":{"@id":"https:\/\/radioljubuski.ba\/index.php\/2021\/10\/15\/treca-doza-uz-preporuku-specijaliste-do-kraja-mjeseca\/"},"wordCount":296,"publisher":{"@id":"https:\/\/radioljubuski.ba\/#organization"},"image":{"@id":"https:\/\/radioljubuski.ba\/index.php\/2021\/10\/15\/treca-doza-uz-preporuku-specijaliste-do-kraja-mjeseca\/#primaryimage"},"thumbnailUrl":"https:\/\/radioljubuski.ba\/wp-content\/uploads\/2021\/05\/uGkWeOrm_cijepljenje.jpg","articleSection":["BIH i regija"],"inLanguage":"hr"},{"@type":"WebPage","@id":"https:\/\/radioljubuski.ba\/index.php\/2021\/10\/15\/treca-doza-uz-preporuku-specijaliste-do-kraja-mjeseca\/","url":"https:\/\/radioljubuski.ba\/index.php\/2021\/10\/15\/treca-doza-uz-preporuku-specijaliste-do-kraja-mjeseca\/","name":"Tre\u0107a doza uz preporuku specijaliste do kraja mjeseca - RADIO LJUBU\u0160KI","isPartOf":{"@id":"https:\/\/radioljubuski.ba\/#website"},"primaryImageOfPage":{"@id":"https:\/\/radioljubuski.ba\/index.php\/2021\/10\/15\/treca-doza-uz-preporuku-specijaliste-do-kraja-mjeseca\/#primaryimage"},"image":{"@id":"https:\/\/radioljubuski.ba\/index.php\/2021\/10\/15\/treca-doza-uz-preporuku-specijaliste-do-kraja-mjeseca\/#primaryimage"},"thumbnailUrl":"https:\/\/radioljubuski.ba\/wp-content\/uploads\/2021\/05\/uGkWeOrm_cijepljenje.jpg","datePublished":"2021-10-15T22:56:48+00:00","dateModified":"2021-10-15T22:56:49+00:00","breadcrumb":{"@id":"https:\/\/radioljubuski.ba\/index.php\/2021\/10\/15\/treca-doza-uz-preporuku-specijaliste-do-kraja-mjeseca\/#breadcrumb"},"inLanguage":"hr","potentialAction":[{"@type":"ReadAction","target":["https:\/\/radioljubuski.ba\/index.php\/2021\/10\/15\/treca-doza-uz-preporuku-specijaliste-do-kraja-mjeseca\/"]}]},{"@type":"ImageObject","inLanguage":"hr","@id":"https:\/\/radioljubuski.ba\/index.php\/2021\/10\/15\/treca-doza-uz-preporuku-specijaliste-do-kraja-mjeseca\/#primaryimage","url":"https:\/\/radioljubuski.ba\/wp-content\/uploads\/2021\/05\/uGkWeOrm_cijepljenje.jpg","contentUrl":"https:\/\/radioljubuski.ba\/wp-content\/uploads\/2021\/05\/uGkWeOrm_cijepljenje.jpg","width":1000,"height":625},{"@type":"BreadcrumbList","@id":"https:\/\/radioljubuski.ba\/index.php\/2021\/10\/15\/treca-doza-uz-preporuku-specijaliste-do-kraja-mjeseca\/#breadcrumb","itemListElement":[{"@type":"ListItem","position":1,"name":"Po\u010detna stranica","item":"https:\/\/radioljubuski.ba\/"},{"@type":"ListItem","position":2,"name":"Tre\u0107a doza uz preporuku specijaliste do kraja mjeseca"}]},{"@type":"WebSite","@id":"https:\/\/radioljubuski.ba\/#website","url":"https:\/\/radioljubuski.ba\/","name":"Radio Ljubu\u0161ki","description":"Sun\u010dana frekvencija Hercegovine","publisher":{"@id":"https:\/\/radioljubuski.ba\/#organization"},"potentialAction":[{"@type":"SearchAction","target":{"@type":"EntryPoint","urlTemplate":"https:\/\/radioljubuski.ba\/?s={search_term_string}"},"query-input":{"@type":"PropertyValueSpecification","valueRequired":true,"valueName":"search_term_string"}}],"inLanguage":"hr"},{"@type":"Organization","@id":"https:\/\/radioljubuski.ba\/#organization","name":"Radio Ljubu\u0161ki","url":"https:\/\/radioljubuski.ba\/","logo":{"@type":"ImageObject","inLanguage":"hr","@id":"https:\/\/radioljubuski.ba\/#\/schema\/logo\/image\/","url":"https:\/\/radioljubuski.ba\/wp-content\/uploads\/2021\/02\/cropped-Radio_Ljubuski_logo1.jpg","contentUrl":"https:\/\/radioljubuski.ba\/wp-content\/uploads\/2021\/02\/cropped-Radio_Ljubuski_logo1.jpg","width":512,"height":512,"caption":"Radio Ljubu\u0161ki"},"image":{"@id":"https:\/\/radioljubuski.ba\/#\/schema\/logo\/image\/"},"sameAs":["https:\/\/www.facebook.com\/Radiio-Ljubuski-1490835324566332","https:\/\/x.com\/radioljubuski","https:\/\/hr.linkedin.com\/company\/radio-ljubuski","https:\/\/www.youtube.com\/channel\/UCHYaeO_n0Db3tjNGudGpXyw"]},{"@type":"Person","@id":"https:\/\/radioljubuski.ba\/#\/schema\/person\/19fc700381a780f69665d7956c469e3b","name":"Radio Ljubu\u0161ki"}]}},"_links":{"self":[{"href":"https:\/\/radioljubuski.ba\/index.php\/wp-json\/wp\/v2\/posts\/76291","targetHints":{"allow":["GET"]}}],"collection":[{"href":"https:\/\/radioljubuski.ba\/index.php\/wp-json\/wp\/v2\/posts"}],"about":[{"href":"https:\/\/radioljubuski.ba\/index.php\/wp-json\/wp\/v2\/types\/post"}],"author":[{"embeddable":true,"href":"https:\/\/radioljubuski.ba\/index.php\/wp-json\/wp\/v2\/users\/2"}],"replies":[{"embeddable":true,"href":"https:\/\/radioljubuski.ba\/index.php\/wp-json\/wp\/v2\/comments?post=76291"}],"version-history":[{"count":1,"href":"https:\/\/radioljubuski.ba\/index.php\/wp-json\/wp\/v2\/posts\/76291\/revisions"}],"predecessor-version":[{"id":76292,"href":"https:\/\/radioljubuski.ba\/index.php\/wp-json\/wp\/v2\/posts\/76291\/revisions\/76292"}],"wp:featuredmedia":[{"embeddable":true,"href":"https:\/\/radioljubuski.ba\/index.php\/wp-json\/wp\/v2\/media\/21770"}],"wp:attachment":[{"href":"https:\/\/radioljubuski.ba\/index.php\/wp-json\/wp\/v2\/media?parent=76291"}],"wp:term":[{"taxonomy":"category","embeddable":true,"href":"https:\/\/radioljubuski.ba\/index.php\/wp-json\/wp\/v2\/categories?post=76291"},{"taxonomy":"post_tag","embeddable":true,"href":"https:\/\/radioljubuski.ba\/index.php\/wp-json\/wp\/v2\/tags?post=76291"}],"curies":[{"name":"wp","href":"https:\/\/api.w.org\/{rel}","templated":true}]}}