{"id":7630,"date":"2021-03-28T16:51:06","date_gmt":"2021-03-28T15:51:06","guid":{"rendered":"https:\/\/radioljubuski.ba\/?p=7630"},"modified":"2021-03-28T16:51:06","modified_gmt":"2021-03-28T15:51:06","slug":"kardinal-puljic-predvodio-misno-slavlje-na-cvjetnicu-u-sarajevskoj-katedrali","status":"publish","type":"post","link":"https:\/\/radioljubuski.ba\/index.php\/2021\/03\/28\/kardinal-puljic-predvodio-misno-slavlje-na-cvjetnicu-u-sarajevskoj-katedrali\/","title":{"rendered":"Kardinal Pulji\u0107 predvodio misno slavlje na Cvjetnicu u sarajevskoj katedrali"},"content":{"rendered":"\n<p>Na Cvjetnicu &#8211; Nedjelju muke Gospodinove i Svjetski dan mlade\u017ei, u nedjelju je u katedrali Srca Isusova u Sarajevu, sve\u010dano euharistijsko slavlje predvodio nadbiskup metropolit vrhbosanski kardinal Vinko Pulji\u0107 u zajedni\u0161tvu s nadbiskupom koadjutorom vrhbosanskim i apostolskim upraviteljem Vojnog ordinarijata u BiH mons. Tomom Vuk\u0161i\u0107em te uz koncelebraciju generalnog vikara Vrhbosanske nadbiskupije mons. Sla\u0111ana \u0106osi\u0107a i jo\u0161 \u010detvorice sve\u0107enika.<\/p>\n\n\n\n<p>Kardinal Pulji\u0107 blagoslovio je palmine i maslinove gran\u010dice koje su na dar katedralnoj vjerni\u010dkoj zajednici donijeli iz Hercegovine &#8211; Miljenko Sesar i \u0111akon vl\u010d. Tomislav Raji\u010d.<\/p>\n\n\n\n<p>Zbog ograni\u010denja u vrijeme aktualne pandemije koronavirusa nije bilo uobi\u010dajene sve\u010dane procesije oko katedrale.<\/p>\n\n\n\n<p>U prigodnoj propovijedi kardinal Pulji\u0107 napomenuo je da svi nazo\u010dni, nakon slu\u0161anja evan\u0111eoskih izvje\u0161\u0107a o sve\u010danom Isusovu ulasku u Jeruzalem te o njegovoj muci i smrti na kri\u017eu, prebiru spomenute doga\u0111aje u svojim mislim i svom srcu.<\/p>\n\n\n\n<p>&#8211; Zanimljivo je da narod, koji je u Isusu gledao kralja \u017eidovskoga i sve\u010dano ga do\u010dekao u Jeruzalemu kli\u010du\u0107i Hosana i prostiru\u0107i palmine grane i svoje prostirke, za nekoliko dana vi\u010de: &#8216;Raspni ga, raspni&#8217;! &#8211; kazao je kardinal Pulji\u0107 ukazuju\u0107i na populizam odnosno kolektivnu svijest.<\/p>\n\n\n\n<p>Pozvao je vjernike da &#8216;u\u0111u&#8217; u Isusovu du\u0161u i srce u trenucima kada Gospodin prihva\u0107a toliko poni\u017eenje i muku. Rekao je da je Isusa tako\u0111er mu\u010dila i svijest da \u0107e ta njegova muka u povijesti \u010dovje\u010danstva za neke biti uzaludna. Napomenuo je da je svakom te\u0161ko kad podnese uzalud neku \u017ertvu za drugoga.<\/p>\n\n\n\n<p>&#8211; Razmi\u0161ljaju\u0107i o muci Kristovoj, \u010dovjek tra\u017ei odgovor u svim nesigurnostima i strahovima &#8211; rekao je kardinal Pulji\u0107 u svojoj propovjedi, dodaju\u0107i da su brojni ljudi radi vlasti i koristoljublja spremni \u017ertvovati istinu i pravdu, prenosi KTA.<\/p>\n\n\n\n<p>Izvor:KTA<\/p>\n","protected":false},"excerpt":{"rendered":"<p>Na Cvjetnicu &#8211; Nedjelju muke Gospodinove i Svjetski dan mlade\u017ei, u nedjelju je u katedrali Srca Isusova u Sarajevu, sve\u010dano euharistijsko slavlje predvodio nadbiskup metropolit vrhbosanski kardinal Vinko Pulji\u0107 u zajedni\u0161tvu s nadbiskupom koadjutorom vrhbosanskim i apostolskim upraviteljem Vojnog ordinarijata u BiH mons. Tomom Vuk\u0161i\u0107em te uz koncelebraciju generalnog vikara Vrhbosanske nadbiskupije mons. Sla\u0111ana \u0106osi\u0107a [&hellip;]<\/p>\n","protected":false},"author":2,"featured_media":7631,"comment_status":"closed","ping_status":"closed","sticky":false,"template":"","format":"standard","meta":{"h5ap_radio_sources":[],"footnotes":""},"categories":[1],"tags":[],"class_list":["post-7630","post","type-post","status-publish","format-standard","has-post-thumbnail","hentry","category-bihiregija"],"yoast_head":"<!-- This site is optimized with the Yoast SEO plugin v27.4 - https:\/\/yoast.com\/product\/yoast-seo-wordpress\/ -->\n<title>Kardinal Pulji\u0107 predvodio misno slavlje na Cvjetnicu u sarajevskoj katedrali - RADIO LJUBU\u0160KI<\/title>\n<meta name=\"robots\" content=\"index, follow, max-snippet:-1, max-image-preview:large, max-video-preview:-1\" \/>\n<link rel=\"canonical\" href=\"https:\/\/radioljubuski.ba\/index.php\/2021\/03\/28\/kardinal-puljic-predvodio-misno-slavlje-na-cvjetnicu-u-sarajevskoj-katedrali\/\" \/>\n<meta property=\"og:locale\" content=\"hr_HR\" \/>\n<meta property=\"og:type\" content=\"article\" \/>\n<meta property=\"og:title\" content=\"Kardinal Pulji\u0107 predvodio misno slavlje na Cvjetnicu u sarajevskoj katedrali - RADIO LJUBU\u0160KI\" \/>\n<meta property=\"og:description\" content=\"Na Cvjetnicu &#8211; Nedjelju muke Gospodinove i Svjetski dan mlade\u017ei, u nedjelju je u katedrali Srca Isusova u Sarajevu, sve\u010dano euharistijsko slavlje predvodio nadbiskup metropolit vrhbosanski kardinal Vinko Pulji\u0107 u zajedni\u0161tvu s nadbiskupom koadjutorom vrhbosanskim i apostolskim upraviteljem Vojnog ordinarijata u BiH mons. Tomom Vuk\u0161i\u0107em te uz koncelebraciju generalnog vikara Vrhbosanske nadbiskupije mons. Sla\u0111ana \u0106osi\u0107a [&hellip;]\" \/>\n<meta property=\"og:url\" content=\"https:\/\/radioljubuski.ba\/index.php\/2021\/03\/28\/kardinal-puljic-predvodio-misno-slavlje-na-cvjetnicu-u-sarajevskoj-katedrali\/\" \/>\n<meta property=\"og:site_name\" content=\"RADIO LJUBU\u0160KI\" \/>\n<meta property=\"article:publisher\" content=\"https:\/\/www.facebook.com\/Radiio-Ljubuski-1490835324566332\" \/>\n<meta property=\"article:published_time\" content=\"2021-03-28T15:51:06+00:00\" \/>\n<meta property=\"og:image\" content=\"https:\/\/radioljubuski.ba\/wp-content\/uploads\/2021\/03\/9-2021-03-28-15-34-36-vinkok-puljic.jpg\" \/>\n\t<meta property=\"og:image:width\" content=\"1000\" \/>\n\t<meta property=\"og:image:height\" content=\"625\" \/>\n\t<meta property=\"og:image:type\" content=\"image\/jpeg\" \/>\n<meta name=\"author\" content=\"Radio Ljubu\u0161ki\" \/>\n<meta name=\"twitter:card\" content=\"summary_large_image\" \/>\n<meta name=\"twitter:creator\" content=\"@radioljubuski\" \/>\n<meta name=\"twitter:site\" content=\"@radioljubuski\" \/>\n<meta name=\"twitter:label1\" content=\"Napisao\/la\" \/>\n\t<meta name=\"twitter:data1\" content=\"Radio Ljubu\u0161ki\" \/>\n\t<meta name=\"twitter:label2\" content=\"Procijenjeno vrijeme \u010ditanja\" \/>\n\t<meta name=\"twitter:data2\" content=\"2 minute\" \/>\n<script type=\"application\/ld+json\" class=\"yoast-schema-graph\">{\"@context\":\"https:\\\/\\\/schema.org\",\"@graph\":[{\"@type\":\"Article\",\"@id\":\"https:\\\/\\\/radioljubuski.ba\\\/index.php\\\/2021\\\/03\\\/28\\\/kardinal-puljic-predvodio-misno-slavlje-na-cvjetnicu-u-sarajevskoj-katedrali\\\/#article\",\"isPartOf\":{\"@id\":\"https:\\\/\\\/radioljubuski.ba\\\/index.php\\\/2021\\\/03\\\/28\\\/kardinal-puljic-predvodio-misno-slavlje-na-cvjetnicu-u-sarajevskoj-katedrali\\\/\"},\"author\":{\"name\":\"Radio Ljubu\u0161ki\",\"@id\":\"https:\\\/\\\/radioljubuski.ba\\\/#\\\/schema\\\/person\\\/19fc700381a780f69665d7956c469e3b\"},\"headline\":\"Kardinal Pulji\u0107 predvodio misno slavlje na Cvjetnicu u sarajevskoj katedrali\",\"datePublished\":\"2021-03-28T15:51:06+00:00\",\"mainEntityOfPage\":{\"@id\":\"https:\\\/\\\/radioljubuski.ba\\\/index.php\\\/2021\\\/03\\\/28\\\/kardinal-puljic-predvodio-misno-slavlje-na-cvjetnicu-u-sarajevskoj-katedrali\\\/\"},\"wordCount\":322,\"publisher\":{\"@id\":\"https:\\\/\\\/radioljubuski.ba\\\/#organization\"},\"image\":{\"@id\":\"https:\\\/\\\/radioljubuski.ba\\\/index.php\\\/2021\\\/03\\\/28\\\/kardinal-puljic-predvodio-misno-slavlje-na-cvjetnicu-u-sarajevskoj-katedrali\\\/#primaryimage\"},\"thumbnailUrl\":\"https:\\\/\\\/radioljubuski.ba\\\/wp-content\\\/uploads\\\/2021\\\/03\\\/9-2021-03-28-15-34-36-vinkok-puljic.jpg\",\"articleSection\":[\"BIH i regija\"],\"inLanguage\":\"hr\"},{\"@type\":\"WebPage\",\"@id\":\"https:\\\/\\\/radioljubuski.ba\\\/index.php\\\/2021\\\/03\\\/28\\\/kardinal-puljic-predvodio-misno-slavlje-na-cvjetnicu-u-sarajevskoj-katedrali\\\/\",\"url\":\"https:\\\/\\\/radioljubuski.ba\\\/index.php\\\/2021\\\/03\\\/28\\\/kardinal-puljic-predvodio-misno-slavlje-na-cvjetnicu-u-sarajevskoj-katedrali\\\/\",\"name\":\"Kardinal Pulji\u0107 predvodio misno slavlje na Cvjetnicu u sarajevskoj katedrali - RADIO LJUBU\u0160KI\",\"isPartOf\":{\"@id\":\"https:\\\/\\\/radioljubuski.ba\\\/#website\"},\"primaryImageOfPage\":{\"@id\":\"https:\\\/\\\/radioljubuski.ba\\\/index.php\\\/2021\\\/03\\\/28\\\/kardinal-puljic-predvodio-misno-slavlje-na-cvjetnicu-u-sarajevskoj-katedrali\\\/#primaryimage\"},\"image\":{\"@id\":\"https:\\\/\\\/radioljubuski.ba\\\/index.php\\\/2021\\\/03\\\/28\\\/kardinal-puljic-predvodio-misno-slavlje-na-cvjetnicu-u-sarajevskoj-katedrali\\\/#primaryimage\"},\"thumbnailUrl\":\"https:\\\/\\\/radioljubuski.ba\\\/wp-content\\\/uploads\\\/2021\\\/03\\\/9-2021-03-28-15-34-36-vinkok-puljic.jpg\",\"datePublished\":\"2021-03-28T15:51:06+00:00\",\"breadcrumb\":{\"@id\":\"https:\\\/\\\/radioljubuski.ba\\\/index.php\\\/2021\\\/03\\\/28\\\/kardinal-puljic-predvodio-misno-slavlje-na-cvjetnicu-u-sarajevskoj-katedrali\\\/#breadcrumb\"},\"inLanguage\":\"hr\",\"potentialAction\":[{\"@type\":\"ReadAction\",\"target\":[\"https:\\\/\\\/radioljubuski.ba\\\/index.php\\\/2021\\\/03\\\/28\\\/kardinal-puljic-predvodio-misno-slavlje-na-cvjetnicu-u-sarajevskoj-katedrali\\\/\"]}]},{\"@type\":\"ImageObject\",\"inLanguage\":\"hr\",\"@id\":\"https:\\\/\\\/radioljubuski.ba\\\/index.php\\\/2021\\\/03\\\/28\\\/kardinal-puljic-predvodio-misno-slavlje-na-cvjetnicu-u-sarajevskoj-katedrali\\\/#primaryimage\",\"url\":\"https:\\\/\\\/radioljubuski.ba\\\/wp-content\\\/uploads\\\/2021\\\/03\\\/9-2021-03-28-15-34-36-vinkok-puljic.jpg\",\"contentUrl\":\"https:\\\/\\\/radioljubuski.ba\\\/wp-content\\\/uploads\\\/2021\\\/03\\\/9-2021-03-28-15-34-36-vinkok-puljic.jpg\",\"width\":1000,\"height\":625},{\"@type\":\"BreadcrumbList\",\"@id\":\"https:\\\/\\\/radioljubuski.ba\\\/index.php\\\/2021\\\/03\\\/28\\\/kardinal-puljic-predvodio-misno-slavlje-na-cvjetnicu-u-sarajevskoj-katedrali\\\/#breadcrumb\",\"itemListElement\":[{\"@type\":\"ListItem\",\"position\":1,\"name\":\"Po\u010detna stranica\",\"item\":\"https:\\\/\\\/radioljubuski.ba\\\/\"},{\"@type\":\"ListItem\",\"position\":2,\"name\":\"Kardinal Pulji\u0107 predvodio misno slavlje na Cvjetnicu u sarajevskoj katedrali\"}]},{\"@type\":\"WebSite\",\"@id\":\"https:\\\/\\\/radioljubuski.ba\\\/#website\",\"url\":\"https:\\\/\\\/radioljubuski.ba\\\/\",\"name\":\"Radio Ljubu\u0161ki\",\"description\":\"Sun\u010dana frekvencija Hercegovine\",\"publisher\":{\"@id\":\"https:\\\/\\\/radioljubuski.ba\\\/#organization\"},\"potentialAction\":[{\"@type\":\"SearchAction\",\"target\":{\"@type\":\"EntryPoint\",\"urlTemplate\":\"https:\\\/\\\/radioljubuski.ba\\\/?s={search_term_string}\"},\"query-input\":{\"@type\":\"PropertyValueSpecification\",\"valueRequired\":true,\"valueName\":\"search_term_string\"}}],\"inLanguage\":\"hr\"},{\"@type\":\"Organization\",\"@id\":\"https:\\\/\\\/radioljubuski.ba\\\/#organization\",\"name\":\"Radio Ljubu\u0161ki\",\"url\":\"https:\\\/\\\/radioljubuski.ba\\\/\",\"logo\":{\"@type\":\"ImageObject\",\"inLanguage\":\"hr\",\"@id\":\"https:\\\/\\\/radioljubuski.ba\\\/#\\\/schema\\\/logo\\\/image\\\/\",\"url\":\"https:\\\/\\\/radioljubuski.ba\\\/wp-content\\\/uploads\\\/2021\\\/02\\\/cropped-Radio_Ljubuski_logo1.jpg\",\"contentUrl\":\"https:\\\/\\\/radioljubuski.ba\\\/wp-content\\\/uploads\\\/2021\\\/02\\\/cropped-Radio_Ljubuski_logo1.jpg\",\"width\":512,\"height\":512,\"caption\":\"Radio Ljubu\u0161ki\"},\"image\":{\"@id\":\"https:\\\/\\\/radioljubuski.ba\\\/#\\\/schema\\\/logo\\\/image\\\/\"},\"sameAs\":[\"https:\\\/\\\/www.facebook.com\\\/Radiio-Ljubuski-1490835324566332\",\"https:\\\/\\\/x.com\\\/radioljubuski\",\"https:\\\/\\\/hr.linkedin.com\\\/company\\\/radio-ljubuski\",\"https:\\\/\\\/www.youtube.com\\\/channel\\\/UCHYaeO_n0Db3tjNGudGpXyw\"]},{\"@type\":\"Person\",\"@id\":\"https:\\\/\\\/radioljubuski.ba\\\/#\\\/schema\\\/person\\\/19fc700381a780f69665d7956c469e3b\",\"name\":\"Radio Ljubu\u0161ki\"}]}<\/script>\n<!-- \/ Yoast SEO plugin. -->","yoast_head_json":{"title":"Kardinal Pulji\u0107 predvodio misno slavlje na Cvjetnicu u sarajevskoj katedrali - RADIO LJUBU\u0160KI","robots":{"index":"index","follow":"follow","max-snippet":"max-snippet:-1","max-image-preview":"max-image-preview:large","max-video-preview":"max-video-preview:-1"},"canonical":"https:\/\/radioljubuski.ba\/index.php\/2021\/03\/28\/kardinal-puljic-predvodio-misno-slavlje-na-cvjetnicu-u-sarajevskoj-katedrali\/","og_locale":"hr_HR","og_type":"article","og_title":"Kardinal Pulji\u0107 predvodio misno slavlje na Cvjetnicu u sarajevskoj katedrali - RADIO LJUBU\u0160KI","og_description":"Na Cvjetnicu &#8211; Nedjelju muke Gospodinove i Svjetski dan mlade\u017ei, u nedjelju je u katedrali Srca Isusova u Sarajevu, sve\u010dano euharistijsko slavlje predvodio nadbiskup metropolit vrhbosanski kardinal Vinko Pulji\u0107 u zajedni\u0161tvu s nadbiskupom koadjutorom vrhbosanskim i apostolskim upraviteljem Vojnog ordinarijata u BiH mons. Tomom Vuk\u0161i\u0107em te uz koncelebraciju generalnog vikara Vrhbosanske nadbiskupije mons. Sla\u0111ana \u0106osi\u0107a [&hellip;]","og_url":"https:\/\/radioljubuski.ba\/index.php\/2021\/03\/28\/kardinal-puljic-predvodio-misno-slavlje-na-cvjetnicu-u-sarajevskoj-katedrali\/","og_site_name":"RADIO LJUBU\u0160KI","article_publisher":"https:\/\/www.facebook.com\/Radiio-Ljubuski-1490835324566332","article_published_time":"2021-03-28T15:51:06+00:00","og_image":[{"width":1000,"height":625,"url":"https:\/\/radioljubuski.ba\/wp-content\/uploads\/2021\/03\/9-2021-03-28-15-34-36-vinkok-puljic.jpg","type":"image\/jpeg"}],"author":"Radio Ljubu\u0161ki","twitter_card":"summary_large_image","twitter_creator":"@radioljubuski","twitter_site":"@radioljubuski","twitter_misc":{"Napisao\/la":"Radio Ljubu\u0161ki","Procijenjeno vrijeme \u010ditanja":"2 minute"},"schema":{"@context":"https:\/\/schema.org","@graph":[{"@type":"Article","@id":"https:\/\/radioljubuski.ba\/index.php\/2021\/03\/28\/kardinal-puljic-predvodio-misno-slavlje-na-cvjetnicu-u-sarajevskoj-katedrali\/#article","isPartOf":{"@id":"https:\/\/radioljubuski.ba\/index.php\/2021\/03\/28\/kardinal-puljic-predvodio-misno-slavlje-na-cvjetnicu-u-sarajevskoj-katedrali\/"},"author":{"name":"Radio Ljubu\u0161ki","@id":"https:\/\/radioljubuski.ba\/#\/schema\/person\/19fc700381a780f69665d7956c469e3b"},"headline":"Kardinal Pulji\u0107 predvodio misno slavlje na Cvjetnicu u sarajevskoj katedrali","datePublished":"2021-03-28T15:51:06+00:00","mainEntityOfPage":{"@id":"https:\/\/radioljubuski.ba\/index.php\/2021\/03\/28\/kardinal-puljic-predvodio-misno-slavlje-na-cvjetnicu-u-sarajevskoj-katedrali\/"},"wordCount":322,"publisher":{"@id":"https:\/\/radioljubuski.ba\/#organization"},"image":{"@id":"https:\/\/radioljubuski.ba\/index.php\/2021\/03\/28\/kardinal-puljic-predvodio-misno-slavlje-na-cvjetnicu-u-sarajevskoj-katedrali\/#primaryimage"},"thumbnailUrl":"https:\/\/radioljubuski.ba\/wp-content\/uploads\/2021\/03\/9-2021-03-28-15-34-36-vinkok-puljic.jpg","articleSection":["BIH i regija"],"inLanguage":"hr"},{"@type":"WebPage","@id":"https:\/\/radioljubuski.ba\/index.php\/2021\/03\/28\/kardinal-puljic-predvodio-misno-slavlje-na-cvjetnicu-u-sarajevskoj-katedrali\/","url":"https:\/\/radioljubuski.ba\/index.php\/2021\/03\/28\/kardinal-puljic-predvodio-misno-slavlje-na-cvjetnicu-u-sarajevskoj-katedrali\/","name":"Kardinal Pulji\u0107 predvodio misno slavlje na Cvjetnicu u sarajevskoj katedrali - RADIO LJUBU\u0160KI","isPartOf":{"@id":"https:\/\/radioljubuski.ba\/#website"},"primaryImageOfPage":{"@id":"https:\/\/radioljubuski.ba\/index.php\/2021\/03\/28\/kardinal-puljic-predvodio-misno-slavlje-na-cvjetnicu-u-sarajevskoj-katedrali\/#primaryimage"},"image":{"@id":"https:\/\/radioljubuski.ba\/index.php\/2021\/03\/28\/kardinal-puljic-predvodio-misno-slavlje-na-cvjetnicu-u-sarajevskoj-katedrali\/#primaryimage"},"thumbnailUrl":"https:\/\/radioljubuski.ba\/wp-content\/uploads\/2021\/03\/9-2021-03-28-15-34-36-vinkok-puljic.jpg","datePublished":"2021-03-28T15:51:06+00:00","breadcrumb":{"@id":"https:\/\/radioljubuski.ba\/index.php\/2021\/03\/28\/kardinal-puljic-predvodio-misno-slavlje-na-cvjetnicu-u-sarajevskoj-katedrali\/#breadcrumb"},"inLanguage":"hr","potentialAction":[{"@type":"ReadAction","target":["https:\/\/radioljubuski.ba\/index.php\/2021\/03\/28\/kardinal-puljic-predvodio-misno-slavlje-na-cvjetnicu-u-sarajevskoj-katedrali\/"]}]},{"@type":"ImageObject","inLanguage":"hr","@id":"https:\/\/radioljubuski.ba\/index.php\/2021\/03\/28\/kardinal-puljic-predvodio-misno-slavlje-na-cvjetnicu-u-sarajevskoj-katedrali\/#primaryimage","url":"https:\/\/radioljubuski.ba\/wp-content\/uploads\/2021\/03\/9-2021-03-28-15-34-36-vinkok-puljic.jpg","contentUrl":"https:\/\/radioljubuski.ba\/wp-content\/uploads\/2021\/03\/9-2021-03-28-15-34-36-vinkok-puljic.jpg","width":1000,"height":625},{"@type":"BreadcrumbList","@id":"https:\/\/radioljubuski.ba\/index.php\/2021\/03\/28\/kardinal-puljic-predvodio-misno-slavlje-na-cvjetnicu-u-sarajevskoj-katedrali\/#breadcrumb","itemListElement":[{"@type":"ListItem","position":1,"name":"Po\u010detna stranica","item":"https:\/\/radioljubuski.ba\/"},{"@type":"ListItem","position":2,"name":"Kardinal Pulji\u0107 predvodio misno slavlje na Cvjetnicu u sarajevskoj katedrali"}]},{"@type":"WebSite","@id":"https:\/\/radioljubuski.ba\/#website","url":"https:\/\/radioljubuski.ba\/","name":"Radio Ljubu\u0161ki","description":"Sun\u010dana frekvencija Hercegovine","publisher":{"@id":"https:\/\/radioljubuski.ba\/#organization"},"potentialAction":[{"@type":"SearchAction","target":{"@type":"EntryPoint","urlTemplate":"https:\/\/radioljubuski.ba\/?s={search_term_string}"},"query-input":{"@type":"PropertyValueSpecification","valueRequired":true,"valueName":"search_term_string"}}],"inLanguage":"hr"},{"@type":"Organization","@id":"https:\/\/radioljubuski.ba\/#organization","name":"Radio Ljubu\u0161ki","url":"https:\/\/radioljubuski.ba\/","logo":{"@type":"ImageObject","inLanguage":"hr","@id":"https:\/\/radioljubuski.ba\/#\/schema\/logo\/image\/","url":"https:\/\/radioljubuski.ba\/wp-content\/uploads\/2021\/02\/cropped-Radio_Ljubuski_logo1.jpg","contentUrl":"https:\/\/radioljubuski.ba\/wp-content\/uploads\/2021\/02\/cropped-Radio_Ljubuski_logo1.jpg","width":512,"height":512,"caption":"Radio Ljubu\u0161ki"},"image":{"@id":"https:\/\/radioljubuski.ba\/#\/schema\/logo\/image\/"},"sameAs":["https:\/\/www.facebook.com\/Radiio-Ljubuski-1490835324566332","https:\/\/x.com\/radioljubuski","https:\/\/hr.linkedin.com\/company\/radio-ljubuski","https:\/\/www.youtube.com\/channel\/UCHYaeO_n0Db3tjNGudGpXyw"]},{"@type":"Person","@id":"https:\/\/radioljubuski.ba\/#\/schema\/person\/19fc700381a780f69665d7956c469e3b","name":"Radio Ljubu\u0161ki"}]}},"_links":{"self":[{"href":"https:\/\/radioljubuski.ba\/index.php\/wp-json\/wp\/v2\/posts\/7630","targetHints":{"allow":["GET"]}}],"collection":[{"href":"https:\/\/radioljubuski.ba\/index.php\/wp-json\/wp\/v2\/posts"}],"about":[{"href":"https:\/\/radioljubuski.ba\/index.php\/wp-json\/wp\/v2\/types\/post"}],"author":[{"embeddable":true,"href":"https:\/\/radioljubuski.ba\/index.php\/wp-json\/wp\/v2\/users\/2"}],"replies":[{"embeddable":true,"href":"https:\/\/radioljubuski.ba\/index.php\/wp-json\/wp\/v2\/comments?post=7630"}],"version-history":[{"count":1,"href":"https:\/\/radioljubuski.ba\/index.php\/wp-json\/wp\/v2\/posts\/7630\/revisions"}],"predecessor-version":[{"id":7632,"href":"https:\/\/radioljubuski.ba\/index.php\/wp-json\/wp\/v2\/posts\/7630\/revisions\/7632"}],"wp:featuredmedia":[{"embeddable":true,"href":"https:\/\/radioljubuski.ba\/index.php\/wp-json\/wp\/v2\/media\/7631"}],"wp:attachment":[{"href":"https:\/\/radioljubuski.ba\/index.php\/wp-json\/wp\/v2\/media?parent=7630"}],"wp:term":[{"taxonomy":"category","embeddable":true,"href":"https:\/\/radioljubuski.ba\/index.php\/wp-json\/wp\/v2\/categories?post=7630"},{"taxonomy":"post_tag","embeddable":true,"href":"https:\/\/radioljubuski.ba\/index.php\/wp-json\/wp\/v2\/tags?post=7630"}],"curies":[{"name":"wp","href":"https:\/\/api.w.org\/{rel}","templated":true}]}}