{"id":76301,"date":"2021-10-16T00:01:32","date_gmt":"2021-10-15T23:01:32","guid":{"rendered":"https:\/\/radioljubuski.ba\/?p=76301"},"modified":"2021-10-16T00:01:33","modified_gmt":"2021-10-15T23:01:33","slug":"bodo-weber-eu-i-sad-nece-dozvoliti-pogorsanje-situacije-u-bih","status":"publish","type":"post","link":"https:\/\/radioljubuski.ba\/index.php\/2021\/10\/16\/bodo-weber-eu-i-sad-nece-dozvoliti-pogorsanje-situacije-u-bih\/","title":{"rendered":"Bodo Weber: EU i SAD ne\u0107e dozvoliti pogor\u0161anje situacije u BiH"},"content":{"rendered":"\n<p>Vjerujem da na kraju Europska unija i Sjedinjene ameri\u010dke dr\u017eave ne\u0107e dozvoliti ovakav razvoj situacije u Bosni i Hercegovini kakav je najavljen, rekao je u razgovoru za BHT1 u\u017eivo Bodo Weber, politi\u010dki analiti\u010dar iz Vije\u0107a za demokratizaciju politike iz Berlina, komentiraju\u0107i najave Milorada Dodika. &nbsp;Bodo Weber, politi\u010dki analiti\u010dar iz Berlina smatra da \u0107e i SAD i EU shvatiti ozbiljnost prijetnji Milorada Dodika. &nbsp;<\/p>\n\n\n\n<p>O mogu\u0107em scenariju ka\u017ee kako \u0107emo narednih par tjedana vidjeti ho\u0107e li predsjednik Srbije Aleksandar Vu\u010di\u0107 shvatiti ozbiljnost i napraviti preokret i urazumiti Dodika, koliko je to mogu\u0107e, te ho\u0107e li se Dodik sam izvla\u010diti \u010duvanjem obraza, iako je to u ovom trenutku te\u0161ko pojmljivo kakav bi to bio put bez pritiska.<\/p>\n\n\n\n<p>&#8220;Na drugoj strani SAD su najavile su da \u0107e o\u0161tro reagirati i koristiti sve mogu\u0107nosti i uvesti sankcije. Vjerujem da ove va\u017ene &nbsp;dr\u017eave \u010dlanice \u010diji veleposlanici nisu putovali u Isto\u010dno Sarajevo, \u010dlanice Kvinte, \u0161to samo po sebi jeste poruka, zna\u010di Njema\u010dka, Francuska, Italija i onda jo\u0161 Velika Britanija, da \u0107e oni svakako reagirati. Tako, na kraju krajeva, vjerujem i nadam se da, nije va\u017eno koje europske dr\u017eave i njihovi diplomatski predstavnici su se ju\u010der osramotili dolaskom na taj \u010duveni sastanak, nego \u0107e presuditi ove ve\u0107e i zna\u010dajnije dr\u017eave \u010dlanice Europske unije&#8221;, naglasio je Weber.<\/p>\n\n\n\n<p>Dodao je kako vjeruje da ipak na kraju EU i SAD ne\u0107e dozvoliti ovakav razvoj koji je do sada najavljen. Govore\u0107i o trenutnoj politi\u010dkojh krizi u BiH, Bodo Weber je rekao kako je Dodik, nakon 15 godina prijetnji secesijom, krenuo ozbiljnije u tom pravcu. &nbsp;<\/p>\n\n\n\n<p>&#8220;Ne znam je li ba\u0161 planirao krenuti tako ozbiljno ili je zalutao, ali tako izgleda iz Berlina i zapadnih prijestolnica. Ljudi i predstavnici vlada su zabrinuti&#8221;, ka\u017eer Weber. Naglasio kako je posljednja izjava predsjednika Srbije kako Zapad planira izbrisati Republiku Srpsku, &#8220;hu\u0161ka\u010dka i besmislena&#8221; &#8220;Izgleda da sada ni iz Beograda nema neke poruke umjeravanja prema Banja Luci, rekao je Weber. &nbsp;<\/p>\n\n\n\n<p>O tome otkud izjave o ga\u0161enju RS do prolje\u0107a, ka\u017ee kako na vi\u0161e \u017eari\u0161ta ima nerije\u0161enih &#8220;statusnih &nbsp;pitanja&#8221;, te je Zapad u posljednjih nekoliko godinao ostavio vakuum. &#8220;Doma\u0107i akteri su repoznali da mo\u017eda taj vakuum bude neki put za neispunjene nacionalisti\u010dke agende.<\/p>\n\n\n\n<p>Oni nisu stigli, recimo, u epizodi razmjene teritorija Kosovo-Srbija i to jo\u0161 vi\u0161e destabilizira situaciju. Vjerujem da nije slu\u010dajnost da ta Vu\u010di\u0107eva izjava do\u0111e u kontekstu akcije protiv organiziranog kriminala \u0161to su izvele vlasti na Kosovu ovaj tjedan. To je uobi\u010dajeno dovelo do &nbsp;doga\u0111anja naroda na sjeveru, poznatog spoja dr\u017eavnog aparata i organiziranog kriminala. \u010cini se da je ta hu\u0161ka\u010daka izjava Vu\u010di\u0107a naspram BiH koja je neuobi\u010dajena, vezana za nervozu zbog onoga \u0161to se doga\u0111a na Kosovu&#8221;, ka\u017ee Weber.<\/p>\n\n\n\n<p>O europskoj budu\u0107nosti Bosne i Hercegovine i obe\u0107anjima europskih lidera s nedavnog skupa u Sloveniji, Weber ka\u017ee da su to la\u017ena obe\u0107anja, te da ve\u0107 \u010detiri godine francuski predsjednik Emmanuel Macron blokira pro\u0161irenje ,odnosno otvaranje pretpristupnih pregovora za S. Makedoniju i Albaniju i samim tim podriva ugled politike pro\u0161irenja prema zapadnom Balkanu i ugled EU i cijelu perspektivu eu \u010dlanstva. &nbsp;I jedan skup u Sloveniji organiziran od strane slovenske vlade sa posebnim premijerom, koji-vidjeli smo ju\u010der u \u0161ou u europskom parlamentu, &nbsp;ne predstavlja ba\u0161 Europsku uniju sa svojim liberalno-demokratskim vrijednostima- to u potpunosti podriva mo\u0107 i ugled EU, \u010demu su doprinijeli predstavnici EU od gospo\u0111e Mogherini sa svojom neuspje\u0161nim trogodi\u0161njim guranjem razmjene teritorija u pregovorima izme\u0111u Kosova i Srbije do dana\u0161njeg predstavnika EU u BiH i njegovog prljavog ili sli\u010dnog dila oko tkz. reforme &nbsp;izbornog zakona, na \u017ealost zajedno sa ameri\u010dkim predstavnicima.<\/p>\n\n\n\n<p>Tako da bojim se, gra\u0111ani su ulo\u017eili nadu u novu Bidenovu administraciju, koja do sada ba\u0161 nema pokri\u0107e&#8221;, ka\u017ee Weber. &nbsp; &nbsp;<\/p>\n\n\n\n<p>O novom visokom predstavniku Christianu Schmidtu i njegovim nedavnim izjavama, Bodo Weber ka\u017ee kako je Angela Merkel sve u Berlinu i zapadnim prijestolnicama zbunila njegovom kandidaturom na mjesto visokog predstavnika. Weber ka\u017ee i kako, i pored o\u010dekivanja da Schmidt dolazi u BiH s jasnim planom, to nije slu\u010daj, te da nije do\u0161ao s jasnim idejama. &nbsp; &nbsp;&#8220;Schmidt je do\u0161ao u godini koja ne mo\u017ee do\u0107i do jasne zapadne strategije u BiH koja nam nedostaje 15 godina, ali on i dalje predstavlja potencijalnu \u0161ansu da radi na tome s novom njema\u010dkom vladom. Do\u0161ao je s hipotekom odluke njegovog prethodnika i izazovom iz Banja Luke&#8221;, rekao je Weber te dodao kako u ovom trenutku nema podr\u0161ku zapada posezanju za bonskim ovlastima.&nbsp;<\/p>\n\n\n\n<p>Izvor:BHRT<\/p>\n","protected":false},"excerpt":{"rendered":"<p>Vjerujem da na kraju Europska unija i Sjedinjene ameri\u010dke dr\u017eave ne\u0107e dozvoliti ovakav razvoj situacije u Bosni i Hercegovini kakav je najavljen, rekao je u razgovoru za BHT1 u\u017eivo Bodo Weber, politi\u010dki analiti\u010dar iz Vije\u0107a za demokratizaciju politike iz Berlina, komentiraju\u0107i najave Milorada Dodika. &nbsp;Bodo Weber, politi\u010dki analiti\u010dar iz Berlina smatra da \u0107e i SAD [&hellip;]<\/p>\n","protected":false},"author":2,"featured_media":76302,"comment_status":"closed","ping_status":"closed","sticky":false,"template":"","format":"standard","meta":{"h5ap_radio_sources":[],"footnotes":""},"categories":[1],"tags":[],"class_list":["post-76301","post","type-post","status-publish","format-standard","has-post-thumbnail","hentry","category-bihiregija"],"yoast_head":"<!-- This site is optimized with the Yoast SEO plugin v27.4 - https:\/\/yoast.com\/product\/yoast-seo-wordpress\/ -->\n<title>Bodo Weber: EU i SAD ne\u0107e dozvoliti pogor\u0161anje situacije u BiH - RADIO LJUBU\u0160KI<\/title>\n<meta name=\"robots\" content=\"index, follow, max-snippet:-1, max-image-preview:large, max-video-preview:-1\" \/>\n<link rel=\"canonical\" href=\"https:\/\/radioljubuski.ba\/index.php\/2021\/10\/16\/bodo-weber-eu-i-sad-nece-dozvoliti-pogorsanje-situacije-u-bih\/\" \/>\n<meta property=\"og:locale\" content=\"hr_HR\" \/>\n<meta property=\"og:type\" content=\"article\" \/>\n<meta property=\"og:title\" content=\"Bodo Weber: EU i SAD ne\u0107e dozvoliti pogor\u0161anje situacije u BiH - RADIO LJUBU\u0160KI\" \/>\n<meta property=\"og:description\" content=\"Vjerujem da na kraju Europska unija i Sjedinjene ameri\u010dke dr\u017eave ne\u0107e dozvoliti ovakav razvoj situacije u Bosni i Hercegovini kakav je najavljen, rekao je u razgovoru za BHT1 u\u017eivo Bodo Weber, politi\u010dki analiti\u010dar iz Vije\u0107a za demokratizaciju politike iz Berlina, komentiraju\u0107i najave Milorada Dodika. &nbsp;Bodo Weber, politi\u010dki analiti\u010dar iz Berlina smatra da \u0107e i SAD [&hellip;]\" \/>\n<meta property=\"og:url\" content=\"https:\/\/radioljubuski.ba\/index.php\/2021\/10\/16\/bodo-weber-eu-i-sad-nece-dozvoliti-pogorsanje-situacije-u-bih\/\" \/>\n<meta property=\"og:site_name\" content=\"RADIO LJUBU\u0160KI\" \/>\n<meta property=\"article:publisher\" content=\"https:\/\/www.facebook.com\/Radiio-Ljubuski-1490835324566332\" \/>\n<meta property=\"article:published_time\" content=\"2021-10-15T23:01:32+00:00\" \/>\n<meta property=\"article:modified_time\" content=\"2021-10-15T23:01:33+00:00\" \/>\n<meta property=\"og:image\" content=\"https:\/\/radioljubuski.ba\/wp-content\/uploads\/2021\/10\/9-2021-10-15-20-24-59-bhrttrrw.jpg\" \/>\n\t<meta property=\"og:image:width\" content=\"1000\" \/>\n\t<meta property=\"og:image:height\" content=\"625\" \/>\n\t<meta property=\"og:image:type\" content=\"image\/jpeg\" \/>\n<meta name=\"author\" content=\"Radio Ljubu\u0161ki\" \/>\n<meta name=\"twitter:card\" content=\"summary_large_image\" \/>\n<meta name=\"twitter:creator\" content=\"@radioljubuski\" \/>\n<meta name=\"twitter:site\" content=\"@radioljubuski\" \/>\n<meta name=\"twitter:label1\" content=\"Napisao\/la\" \/>\n\t<meta name=\"twitter:data1\" content=\"Radio Ljubu\u0161ki\" \/>\n\t<meta name=\"twitter:label2\" content=\"Procijenjeno vrijeme \u010ditanja\" \/>\n\t<meta name=\"twitter:data2\" content=\"4 minute\" \/>\n<script type=\"application\/ld+json\" class=\"yoast-schema-graph\">{\"@context\":\"https:\\\/\\\/schema.org\",\"@graph\":[{\"@type\":\"Article\",\"@id\":\"https:\\\/\\\/radioljubuski.ba\\\/index.php\\\/2021\\\/10\\\/16\\\/bodo-weber-eu-i-sad-nece-dozvoliti-pogorsanje-situacije-u-bih\\\/#article\",\"isPartOf\":{\"@id\":\"https:\\\/\\\/radioljubuski.ba\\\/index.php\\\/2021\\\/10\\\/16\\\/bodo-weber-eu-i-sad-nece-dozvoliti-pogorsanje-situacije-u-bih\\\/\"},\"author\":{\"name\":\"Radio Ljubu\u0161ki\",\"@id\":\"https:\\\/\\\/radioljubuski.ba\\\/#\\\/schema\\\/person\\\/19fc700381a780f69665d7956c469e3b\"},\"headline\":\"Bodo Weber: EU i SAD ne\u0107e dozvoliti pogor\u0161anje situacije u BiH\",\"datePublished\":\"2021-10-15T23:01:32+00:00\",\"dateModified\":\"2021-10-15T23:01:33+00:00\",\"mainEntityOfPage\":{\"@id\":\"https:\\\/\\\/radioljubuski.ba\\\/index.php\\\/2021\\\/10\\\/16\\\/bodo-weber-eu-i-sad-nece-dozvoliti-pogorsanje-situacije-u-bih\\\/\"},\"wordCount\":832,\"publisher\":{\"@id\":\"https:\\\/\\\/radioljubuski.ba\\\/#organization\"},\"image\":{\"@id\":\"https:\\\/\\\/radioljubuski.ba\\\/index.php\\\/2021\\\/10\\\/16\\\/bodo-weber-eu-i-sad-nece-dozvoliti-pogorsanje-situacije-u-bih\\\/#primaryimage\"},\"thumbnailUrl\":\"https:\\\/\\\/radioljubuski.ba\\\/wp-content\\\/uploads\\\/2021\\\/10\\\/9-2021-10-15-20-24-59-bhrttrrw.jpg\",\"articleSection\":[\"BIH i regija\"],\"inLanguage\":\"hr\"},{\"@type\":\"WebPage\",\"@id\":\"https:\\\/\\\/radioljubuski.ba\\\/index.php\\\/2021\\\/10\\\/16\\\/bodo-weber-eu-i-sad-nece-dozvoliti-pogorsanje-situacije-u-bih\\\/\",\"url\":\"https:\\\/\\\/radioljubuski.ba\\\/index.php\\\/2021\\\/10\\\/16\\\/bodo-weber-eu-i-sad-nece-dozvoliti-pogorsanje-situacije-u-bih\\\/\",\"name\":\"Bodo Weber: EU i SAD ne\u0107e dozvoliti pogor\u0161anje situacije u BiH - RADIO LJUBU\u0160KI\",\"isPartOf\":{\"@id\":\"https:\\\/\\\/radioljubuski.ba\\\/#website\"},\"primaryImageOfPage\":{\"@id\":\"https:\\\/\\\/radioljubuski.ba\\\/index.php\\\/2021\\\/10\\\/16\\\/bodo-weber-eu-i-sad-nece-dozvoliti-pogorsanje-situacije-u-bih\\\/#primaryimage\"},\"image\":{\"@id\":\"https:\\\/\\\/radioljubuski.ba\\\/index.php\\\/2021\\\/10\\\/16\\\/bodo-weber-eu-i-sad-nece-dozvoliti-pogorsanje-situacije-u-bih\\\/#primaryimage\"},\"thumbnailUrl\":\"https:\\\/\\\/radioljubuski.ba\\\/wp-content\\\/uploads\\\/2021\\\/10\\\/9-2021-10-15-20-24-59-bhrttrrw.jpg\",\"datePublished\":\"2021-10-15T23:01:32+00:00\",\"dateModified\":\"2021-10-15T23:01:33+00:00\",\"breadcrumb\":{\"@id\":\"https:\\\/\\\/radioljubuski.ba\\\/index.php\\\/2021\\\/10\\\/16\\\/bodo-weber-eu-i-sad-nece-dozvoliti-pogorsanje-situacije-u-bih\\\/#breadcrumb\"},\"inLanguage\":\"hr\",\"potentialAction\":[{\"@type\":\"ReadAction\",\"target\":[\"https:\\\/\\\/radioljubuski.ba\\\/index.php\\\/2021\\\/10\\\/16\\\/bodo-weber-eu-i-sad-nece-dozvoliti-pogorsanje-situacije-u-bih\\\/\"]}]},{\"@type\":\"ImageObject\",\"inLanguage\":\"hr\",\"@id\":\"https:\\\/\\\/radioljubuski.ba\\\/index.php\\\/2021\\\/10\\\/16\\\/bodo-weber-eu-i-sad-nece-dozvoliti-pogorsanje-situacije-u-bih\\\/#primaryimage\",\"url\":\"https:\\\/\\\/radioljubuski.ba\\\/wp-content\\\/uploads\\\/2021\\\/10\\\/9-2021-10-15-20-24-59-bhrttrrw.jpg\",\"contentUrl\":\"https:\\\/\\\/radioljubuski.ba\\\/wp-content\\\/uploads\\\/2021\\\/10\\\/9-2021-10-15-20-24-59-bhrttrrw.jpg\",\"width\":1000,\"height\":625},{\"@type\":\"BreadcrumbList\",\"@id\":\"https:\\\/\\\/radioljubuski.ba\\\/index.php\\\/2021\\\/10\\\/16\\\/bodo-weber-eu-i-sad-nece-dozvoliti-pogorsanje-situacije-u-bih\\\/#breadcrumb\",\"itemListElement\":[{\"@type\":\"ListItem\",\"position\":1,\"name\":\"Po\u010detna stranica\",\"item\":\"https:\\\/\\\/radioljubuski.ba\\\/\"},{\"@type\":\"ListItem\",\"position\":2,\"name\":\"Bodo Weber: EU i SAD ne\u0107e dozvoliti pogor\u0161anje situacije u BiH\"}]},{\"@type\":\"WebSite\",\"@id\":\"https:\\\/\\\/radioljubuski.ba\\\/#website\",\"url\":\"https:\\\/\\\/radioljubuski.ba\\\/\",\"name\":\"Radio Ljubu\u0161ki\",\"description\":\"Sun\u010dana frekvencija Hercegovine\",\"publisher\":{\"@id\":\"https:\\\/\\\/radioljubuski.ba\\\/#organization\"},\"potentialAction\":[{\"@type\":\"SearchAction\",\"target\":{\"@type\":\"EntryPoint\",\"urlTemplate\":\"https:\\\/\\\/radioljubuski.ba\\\/?s={search_term_string}\"},\"query-input\":{\"@type\":\"PropertyValueSpecification\",\"valueRequired\":true,\"valueName\":\"search_term_string\"}}],\"inLanguage\":\"hr\"},{\"@type\":\"Organization\",\"@id\":\"https:\\\/\\\/radioljubuski.ba\\\/#organization\",\"name\":\"Radio Ljubu\u0161ki\",\"url\":\"https:\\\/\\\/radioljubuski.ba\\\/\",\"logo\":{\"@type\":\"ImageObject\",\"inLanguage\":\"hr\",\"@id\":\"https:\\\/\\\/radioljubuski.ba\\\/#\\\/schema\\\/logo\\\/image\\\/\",\"url\":\"https:\\\/\\\/radioljubuski.ba\\\/wp-content\\\/uploads\\\/2021\\\/02\\\/cropped-Radio_Ljubuski_logo1.jpg\",\"contentUrl\":\"https:\\\/\\\/radioljubuski.ba\\\/wp-content\\\/uploads\\\/2021\\\/02\\\/cropped-Radio_Ljubuski_logo1.jpg\",\"width\":512,\"height\":512,\"caption\":\"Radio Ljubu\u0161ki\"},\"image\":{\"@id\":\"https:\\\/\\\/radioljubuski.ba\\\/#\\\/schema\\\/logo\\\/image\\\/\"},\"sameAs\":[\"https:\\\/\\\/www.facebook.com\\\/Radiio-Ljubuski-1490835324566332\",\"https:\\\/\\\/x.com\\\/radioljubuski\",\"https:\\\/\\\/hr.linkedin.com\\\/company\\\/radio-ljubuski\",\"https:\\\/\\\/www.youtube.com\\\/channel\\\/UCHYaeO_n0Db3tjNGudGpXyw\"]},{\"@type\":\"Person\",\"@id\":\"https:\\\/\\\/radioljubuski.ba\\\/#\\\/schema\\\/person\\\/19fc700381a780f69665d7956c469e3b\",\"name\":\"Radio Ljubu\u0161ki\"}]}<\/script>\n<!-- \/ Yoast SEO plugin. -->","yoast_head_json":{"title":"Bodo Weber: EU i SAD ne\u0107e dozvoliti pogor\u0161anje situacije u BiH - RADIO LJUBU\u0160KI","robots":{"index":"index","follow":"follow","max-snippet":"max-snippet:-1","max-image-preview":"max-image-preview:large","max-video-preview":"max-video-preview:-1"},"canonical":"https:\/\/radioljubuski.ba\/index.php\/2021\/10\/16\/bodo-weber-eu-i-sad-nece-dozvoliti-pogorsanje-situacije-u-bih\/","og_locale":"hr_HR","og_type":"article","og_title":"Bodo Weber: EU i SAD ne\u0107e dozvoliti pogor\u0161anje situacije u BiH - RADIO LJUBU\u0160KI","og_description":"Vjerujem da na kraju Europska unija i Sjedinjene ameri\u010dke dr\u017eave ne\u0107e dozvoliti ovakav razvoj situacije u Bosni i Hercegovini kakav je najavljen, rekao je u razgovoru za BHT1 u\u017eivo Bodo Weber, politi\u010dki analiti\u010dar iz Vije\u0107a za demokratizaciju politike iz Berlina, komentiraju\u0107i najave Milorada Dodika. &nbsp;Bodo Weber, politi\u010dki analiti\u010dar iz Berlina smatra da \u0107e i SAD [&hellip;]","og_url":"https:\/\/radioljubuski.ba\/index.php\/2021\/10\/16\/bodo-weber-eu-i-sad-nece-dozvoliti-pogorsanje-situacije-u-bih\/","og_site_name":"RADIO LJUBU\u0160KI","article_publisher":"https:\/\/www.facebook.com\/Radiio-Ljubuski-1490835324566332","article_published_time":"2021-10-15T23:01:32+00:00","article_modified_time":"2021-10-15T23:01:33+00:00","og_image":[{"width":1000,"height":625,"url":"https:\/\/radioljubuski.ba\/wp-content\/uploads\/2021\/10\/9-2021-10-15-20-24-59-bhrttrrw.jpg","type":"image\/jpeg"}],"author":"Radio Ljubu\u0161ki","twitter_card":"summary_large_image","twitter_creator":"@radioljubuski","twitter_site":"@radioljubuski","twitter_misc":{"Napisao\/la":"Radio Ljubu\u0161ki","Procijenjeno vrijeme \u010ditanja":"4 minute"},"schema":{"@context":"https:\/\/schema.org","@graph":[{"@type":"Article","@id":"https:\/\/radioljubuski.ba\/index.php\/2021\/10\/16\/bodo-weber-eu-i-sad-nece-dozvoliti-pogorsanje-situacije-u-bih\/#article","isPartOf":{"@id":"https:\/\/radioljubuski.ba\/index.php\/2021\/10\/16\/bodo-weber-eu-i-sad-nece-dozvoliti-pogorsanje-situacije-u-bih\/"},"author":{"name":"Radio Ljubu\u0161ki","@id":"https:\/\/radioljubuski.ba\/#\/schema\/person\/19fc700381a780f69665d7956c469e3b"},"headline":"Bodo Weber: EU i SAD ne\u0107e dozvoliti pogor\u0161anje situacije u BiH","datePublished":"2021-10-15T23:01:32+00:00","dateModified":"2021-10-15T23:01:33+00:00","mainEntityOfPage":{"@id":"https:\/\/radioljubuski.ba\/index.php\/2021\/10\/16\/bodo-weber-eu-i-sad-nece-dozvoliti-pogorsanje-situacije-u-bih\/"},"wordCount":832,"publisher":{"@id":"https:\/\/radioljubuski.ba\/#organization"},"image":{"@id":"https:\/\/radioljubuski.ba\/index.php\/2021\/10\/16\/bodo-weber-eu-i-sad-nece-dozvoliti-pogorsanje-situacije-u-bih\/#primaryimage"},"thumbnailUrl":"https:\/\/radioljubuski.ba\/wp-content\/uploads\/2021\/10\/9-2021-10-15-20-24-59-bhrttrrw.jpg","articleSection":["BIH i regija"],"inLanguage":"hr"},{"@type":"WebPage","@id":"https:\/\/radioljubuski.ba\/index.php\/2021\/10\/16\/bodo-weber-eu-i-sad-nece-dozvoliti-pogorsanje-situacije-u-bih\/","url":"https:\/\/radioljubuski.ba\/index.php\/2021\/10\/16\/bodo-weber-eu-i-sad-nece-dozvoliti-pogorsanje-situacije-u-bih\/","name":"Bodo Weber: EU i SAD ne\u0107e dozvoliti pogor\u0161anje situacije u BiH - RADIO LJUBU\u0160KI","isPartOf":{"@id":"https:\/\/radioljubuski.ba\/#website"},"primaryImageOfPage":{"@id":"https:\/\/radioljubuski.ba\/index.php\/2021\/10\/16\/bodo-weber-eu-i-sad-nece-dozvoliti-pogorsanje-situacije-u-bih\/#primaryimage"},"image":{"@id":"https:\/\/radioljubuski.ba\/index.php\/2021\/10\/16\/bodo-weber-eu-i-sad-nece-dozvoliti-pogorsanje-situacije-u-bih\/#primaryimage"},"thumbnailUrl":"https:\/\/radioljubuski.ba\/wp-content\/uploads\/2021\/10\/9-2021-10-15-20-24-59-bhrttrrw.jpg","datePublished":"2021-10-15T23:01:32+00:00","dateModified":"2021-10-15T23:01:33+00:00","breadcrumb":{"@id":"https:\/\/radioljubuski.ba\/index.php\/2021\/10\/16\/bodo-weber-eu-i-sad-nece-dozvoliti-pogorsanje-situacije-u-bih\/#breadcrumb"},"inLanguage":"hr","potentialAction":[{"@type":"ReadAction","target":["https:\/\/radioljubuski.ba\/index.php\/2021\/10\/16\/bodo-weber-eu-i-sad-nece-dozvoliti-pogorsanje-situacije-u-bih\/"]}]},{"@type":"ImageObject","inLanguage":"hr","@id":"https:\/\/radioljubuski.ba\/index.php\/2021\/10\/16\/bodo-weber-eu-i-sad-nece-dozvoliti-pogorsanje-situacije-u-bih\/#primaryimage","url":"https:\/\/radioljubuski.ba\/wp-content\/uploads\/2021\/10\/9-2021-10-15-20-24-59-bhrttrrw.jpg","contentUrl":"https:\/\/radioljubuski.ba\/wp-content\/uploads\/2021\/10\/9-2021-10-15-20-24-59-bhrttrrw.jpg","width":1000,"height":625},{"@type":"BreadcrumbList","@id":"https:\/\/radioljubuski.ba\/index.php\/2021\/10\/16\/bodo-weber-eu-i-sad-nece-dozvoliti-pogorsanje-situacije-u-bih\/#breadcrumb","itemListElement":[{"@type":"ListItem","position":1,"name":"Po\u010detna stranica","item":"https:\/\/radioljubuski.ba\/"},{"@type":"ListItem","position":2,"name":"Bodo Weber: EU i SAD ne\u0107e dozvoliti pogor\u0161anje situacije u BiH"}]},{"@type":"WebSite","@id":"https:\/\/radioljubuski.ba\/#website","url":"https:\/\/radioljubuski.ba\/","name":"Radio Ljubu\u0161ki","description":"Sun\u010dana frekvencija Hercegovine","publisher":{"@id":"https:\/\/radioljubuski.ba\/#organization"},"potentialAction":[{"@type":"SearchAction","target":{"@type":"EntryPoint","urlTemplate":"https:\/\/radioljubuski.ba\/?s={search_term_string}"},"query-input":{"@type":"PropertyValueSpecification","valueRequired":true,"valueName":"search_term_string"}}],"inLanguage":"hr"},{"@type":"Organization","@id":"https:\/\/radioljubuski.ba\/#organization","name":"Radio Ljubu\u0161ki","url":"https:\/\/radioljubuski.ba\/","logo":{"@type":"ImageObject","inLanguage":"hr","@id":"https:\/\/radioljubuski.ba\/#\/schema\/logo\/image\/","url":"https:\/\/radioljubuski.ba\/wp-content\/uploads\/2021\/02\/cropped-Radio_Ljubuski_logo1.jpg","contentUrl":"https:\/\/radioljubuski.ba\/wp-content\/uploads\/2021\/02\/cropped-Radio_Ljubuski_logo1.jpg","width":512,"height":512,"caption":"Radio Ljubu\u0161ki"},"image":{"@id":"https:\/\/radioljubuski.ba\/#\/schema\/logo\/image\/"},"sameAs":["https:\/\/www.facebook.com\/Radiio-Ljubuski-1490835324566332","https:\/\/x.com\/radioljubuski","https:\/\/hr.linkedin.com\/company\/radio-ljubuski","https:\/\/www.youtube.com\/channel\/UCHYaeO_n0Db3tjNGudGpXyw"]},{"@type":"Person","@id":"https:\/\/radioljubuski.ba\/#\/schema\/person\/19fc700381a780f69665d7956c469e3b","name":"Radio Ljubu\u0161ki"}]}},"_links":{"self":[{"href":"https:\/\/radioljubuski.ba\/index.php\/wp-json\/wp\/v2\/posts\/76301","targetHints":{"allow":["GET"]}}],"collection":[{"href":"https:\/\/radioljubuski.ba\/index.php\/wp-json\/wp\/v2\/posts"}],"about":[{"href":"https:\/\/radioljubuski.ba\/index.php\/wp-json\/wp\/v2\/types\/post"}],"author":[{"embeddable":true,"href":"https:\/\/radioljubuski.ba\/index.php\/wp-json\/wp\/v2\/users\/2"}],"replies":[{"embeddable":true,"href":"https:\/\/radioljubuski.ba\/index.php\/wp-json\/wp\/v2\/comments?post=76301"}],"version-history":[{"count":1,"href":"https:\/\/radioljubuski.ba\/index.php\/wp-json\/wp\/v2\/posts\/76301\/revisions"}],"predecessor-version":[{"id":76303,"href":"https:\/\/radioljubuski.ba\/index.php\/wp-json\/wp\/v2\/posts\/76301\/revisions\/76303"}],"wp:featuredmedia":[{"embeddable":true,"href":"https:\/\/radioljubuski.ba\/index.php\/wp-json\/wp\/v2\/media\/76302"}],"wp:attachment":[{"href":"https:\/\/radioljubuski.ba\/index.php\/wp-json\/wp\/v2\/media?parent=76301"}],"wp:term":[{"taxonomy":"category","embeddable":true,"href":"https:\/\/radioljubuski.ba\/index.php\/wp-json\/wp\/v2\/categories?post=76301"},{"taxonomy":"post_tag","embeddable":true,"href":"https:\/\/radioljubuski.ba\/index.php\/wp-json\/wp\/v2\/tags?post=76301"}],"curies":[{"name":"wp","href":"https:\/\/api.w.org\/{rel}","templated":true}]}}