{"id":76307,"date":"2021-10-16T00:03:41","date_gmt":"2021-10-15T23:03:41","guid":{"rendered":"https:\/\/radioljubuski.ba\/?p=76307"},"modified":"2021-10-16T00:03:42","modified_gmt":"2021-10-15T23:03:42","slug":"samo-jedan-sat-pred-ekranom-djetetu-bi-moglo-pogorsati-psihicko-zdravlje","status":"publish","type":"post","link":"https:\/\/radioljubuski.ba\/index.php\/2021\/10\/16\/samo-jedan-sat-pred-ekranom-djetetu-bi-moglo-pogorsati-psihicko-zdravlje\/","title":{"rendered":"Samo jedan sat pred ekranom djetetu bi moglo pogor\u0161ati psihi\u010dko zdravlje"},"content":{"rendered":"\n<p>U organizaciji Udruge &#8220;Elpida&#8221; iz Mostara, a pod pokroviteljstvom Op\u0107ine Neum, u toj je op\u0107ini odr\u017eano predavanje &#8220;Utjecaj mobitela na mentalno zdravlje djece&#8221; kako bi se njime ukazalo na problem s kojim se danas suo\u010davaju kako roditelji tako i djeca, te sve ve\u0107oj ovisnosti djece o ekranima.<\/p>\n\n\n\n<p>Naime, mnoga istra\u017eivanja na tu temu su pokazala da je jedan sat dnevno ispred zaslona telefona, dovoljan da bi se djetetu moglo pogor\u0161ati psihi\u010dko zdravlje.<\/p>\n\n\n\n<p>Ove promjene se o\u010dituju padom znati\u017eelje, samokontrole i emocionalne stabilnosti. Osim toga, ova djeca imaju vi\u0161e problema u komunikaciji s prijateljima.<\/p>\n\n\n\n<p>Prof.dr.sc. Ivana Sivri\u0107, koja je odr\u017eala predavanje na temu &#8220;Uloga medijske pismenosti u obrazovanju&#8221;, istaknula je va\u017enost medijskog obrazovanja za djecu i mlade kojima je to svakodnevnica, te spomenula odre\u0111ena istra\u017eivanja koja su vr\u0161ili.<\/p>\n\n\n\n<p>Po njezinim rije\u010dima, 2017. godine osnovano je Dru\u0161tvo za medijsku kulturu koje \u010dini nekoliko sveu\u010dili\u0161nih profesora. Njihov cilj je raditi radionice i edukacije za sve, ali posebno za djecu i mlade i educirati ih o upotrebi medija.<\/p>\n\n\n\n<p>Fitness trenerica Ana Marija Penava se, govore\u0107i o temi &#8220;Va\u017enost tjelesne aktivnosti za zdravlje djece&#8221;, &nbsp;dotaknula problema fizi\u010dke neaktivnosti, samim time i problema fizi\u010dkog razvoja kod djece danas, napominju\u0107i kako zakr\u017eljaju njihove motori\u010dke sposobnosti.<\/p>\n\n\n\n<p>Psihologinja Ivana Gali\u0107- Grani\u0107 na temu &#8220;Ekrani i djeca, \u0161to kada i kako?&#8221; pribli\u017eila je psihi\u010dke probleme i smetnje s kojima se susre\u0107u dana\u0161nja djeca prekomjernim boravkom pred ekranima.<\/p>\n\n\n\n<p>Glavni problem ona vidi u nedostatku vremena roditelja, te nekvalitetno provedenog zajedni\u010dkog vremena, gdje djeca dobivaju potrebu za ekranima i virtualnim svijetom.&nbsp;<\/p>\n\n\n\n<p>Predavanja su pratili brojni roditelji, u\u010ditelji i profesori, koji su tako\u0111er istaknuti kao jedni od glavnih aktera u ovoj pri\u010di.<\/p>\n\n\n\n<p>Izvor:pogled.ba<\/p>\n","protected":false},"excerpt":{"rendered":"<p>U organizaciji Udruge &#8220;Elpida&#8221; iz Mostara, a pod pokroviteljstvom Op\u0107ine Neum, u toj je op\u0107ini odr\u017eano predavanje &#8220;Utjecaj mobitela na mentalno zdravlje djece&#8221; kako bi se njime ukazalo na problem s kojim se danas suo\u010davaju kako roditelji tako i djeca, te sve ve\u0107oj ovisnosti djece o ekranima. Naime, mnoga istra\u017eivanja na tu temu su pokazala [&hellip;]<\/p>\n","protected":false},"author":2,"featured_media":76308,"comment_status":"closed","ping_status":"closed","sticky":false,"template":"","format":"standard","meta":{"h5ap_radio_sources":[],"footnotes":""},"categories":[1],"tags":[],"class_list":["post-76307","post","type-post","status-publish","format-standard","has-post-thumbnail","hentry","category-bihiregija"],"yoast_head":"<!-- This site is optimized with the Yoast SEO plugin v27.4 - https:\/\/yoast.com\/product\/yoast-seo-wordpress\/ -->\n<title>Samo jedan sat pred ekranom djetetu bi moglo pogor\u0161ati psihi\u010dko zdravlje - RADIO LJUBU\u0160KI<\/title>\n<meta name=\"robots\" content=\"index, follow, max-snippet:-1, max-image-preview:large, max-video-preview:-1\" \/>\n<link rel=\"canonical\" href=\"https:\/\/radioljubuski.ba\/index.php\/2021\/10\/16\/samo-jedan-sat-pred-ekranom-djetetu-bi-moglo-pogorsati-psihicko-zdravlje\/\" \/>\n<meta property=\"og:locale\" content=\"hr_HR\" \/>\n<meta property=\"og:type\" content=\"article\" \/>\n<meta property=\"og:title\" content=\"Samo jedan sat pred ekranom djetetu bi moglo pogor\u0161ati psihi\u010dko zdravlje - RADIO LJUBU\u0160KI\" \/>\n<meta property=\"og:description\" content=\"U organizaciji Udruge &#8220;Elpida&#8221; iz Mostara, a pod pokroviteljstvom Op\u0107ine Neum, u toj je op\u0107ini odr\u017eano predavanje &#8220;Utjecaj mobitela na mentalno zdravlje djece&#8221; kako bi se njime ukazalo na problem s kojim se danas suo\u010davaju kako roditelji tako i djeca, te sve ve\u0107oj ovisnosti djece o ekranima. Naime, mnoga istra\u017eivanja na tu temu su pokazala [&hellip;]\" \/>\n<meta property=\"og:url\" content=\"https:\/\/radioljubuski.ba\/index.php\/2021\/10\/16\/samo-jedan-sat-pred-ekranom-djetetu-bi-moglo-pogorsati-psihicko-zdravlje\/\" \/>\n<meta property=\"og:site_name\" content=\"RADIO LJUBU\u0160KI\" \/>\n<meta property=\"article:publisher\" content=\"https:\/\/www.facebook.com\/Radiio-Ljubuski-1490835324566332\" \/>\n<meta property=\"article:published_time\" content=\"2021-10-15T23:03:41+00:00\" \/>\n<meta property=\"article:modified_time\" content=\"2021-10-15T23:03:42+00:00\" \/>\n<meta property=\"og:image\" content=\"https:\/\/radioljubuski.ba\/wp-content\/uploads\/2021\/10\/9AaHkOY1_ekrannn.png\" \/>\n\t<meta property=\"og:image:width\" content=\"1000\" \/>\n\t<meta property=\"og:image:height\" content=\"625\" \/>\n\t<meta property=\"og:image:type\" content=\"image\/png\" \/>\n<meta name=\"author\" content=\"Radio Ljubu\u0161ki\" \/>\n<meta name=\"twitter:card\" content=\"summary_large_image\" \/>\n<meta name=\"twitter:creator\" content=\"@radioljubuski\" \/>\n<meta name=\"twitter:site\" content=\"@radioljubuski\" \/>\n<meta name=\"twitter:label1\" content=\"Napisao\/la\" \/>\n\t<meta name=\"twitter:data1\" content=\"Radio Ljubu\u0161ki\" \/>\n\t<meta name=\"twitter:label2\" content=\"Procijenjeno vrijeme \u010ditanja\" \/>\n\t<meta name=\"twitter:data2\" content=\"2 minute\" \/>\n<script type=\"application\/ld+json\" class=\"yoast-schema-graph\">{\"@context\":\"https:\\\/\\\/schema.org\",\"@graph\":[{\"@type\":\"Article\",\"@id\":\"https:\\\/\\\/radioljubuski.ba\\\/index.php\\\/2021\\\/10\\\/16\\\/samo-jedan-sat-pred-ekranom-djetetu-bi-moglo-pogorsati-psihicko-zdravlje\\\/#article\",\"isPartOf\":{\"@id\":\"https:\\\/\\\/radioljubuski.ba\\\/index.php\\\/2021\\\/10\\\/16\\\/samo-jedan-sat-pred-ekranom-djetetu-bi-moglo-pogorsati-psihicko-zdravlje\\\/\"},\"author\":{\"name\":\"Radio Ljubu\u0161ki\",\"@id\":\"https:\\\/\\\/radioljubuski.ba\\\/#\\\/schema\\\/person\\\/19fc700381a780f69665d7956c469e3b\"},\"headline\":\"Samo jedan sat pred ekranom djetetu bi moglo pogor\u0161ati psihi\u010dko zdravlje\",\"datePublished\":\"2021-10-15T23:03:41+00:00\",\"dateModified\":\"2021-10-15T23:03:42+00:00\",\"mainEntityOfPage\":{\"@id\":\"https:\\\/\\\/radioljubuski.ba\\\/index.php\\\/2021\\\/10\\\/16\\\/samo-jedan-sat-pred-ekranom-djetetu-bi-moglo-pogorsati-psihicko-zdravlje\\\/\"},\"wordCount\":324,\"publisher\":{\"@id\":\"https:\\\/\\\/radioljubuski.ba\\\/#organization\"},\"image\":{\"@id\":\"https:\\\/\\\/radioljubuski.ba\\\/index.php\\\/2021\\\/10\\\/16\\\/samo-jedan-sat-pred-ekranom-djetetu-bi-moglo-pogorsati-psihicko-zdravlje\\\/#primaryimage\"},\"thumbnailUrl\":\"https:\\\/\\\/radioljubuski.ba\\\/wp-content\\\/uploads\\\/2021\\\/10\\\/9AaHkOY1_ekrannn.png\",\"articleSection\":[\"BIH i regija\"],\"inLanguage\":\"hr\"},{\"@type\":\"WebPage\",\"@id\":\"https:\\\/\\\/radioljubuski.ba\\\/index.php\\\/2021\\\/10\\\/16\\\/samo-jedan-sat-pred-ekranom-djetetu-bi-moglo-pogorsati-psihicko-zdravlje\\\/\",\"url\":\"https:\\\/\\\/radioljubuski.ba\\\/index.php\\\/2021\\\/10\\\/16\\\/samo-jedan-sat-pred-ekranom-djetetu-bi-moglo-pogorsati-psihicko-zdravlje\\\/\",\"name\":\"Samo jedan sat pred ekranom djetetu bi moglo pogor\u0161ati psihi\u010dko zdravlje - RADIO LJUBU\u0160KI\",\"isPartOf\":{\"@id\":\"https:\\\/\\\/radioljubuski.ba\\\/#website\"},\"primaryImageOfPage\":{\"@id\":\"https:\\\/\\\/radioljubuski.ba\\\/index.php\\\/2021\\\/10\\\/16\\\/samo-jedan-sat-pred-ekranom-djetetu-bi-moglo-pogorsati-psihicko-zdravlje\\\/#primaryimage\"},\"image\":{\"@id\":\"https:\\\/\\\/radioljubuski.ba\\\/index.php\\\/2021\\\/10\\\/16\\\/samo-jedan-sat-pred-ekranom-djetetu-bi-moglo-pogorsati-psihicko-zdravlje\\\/#primaryimage\"},\"thumbnailUrl\":\"https:\\\/\\\/radioljubuski.ba\\\/wp-content\\\/uploads\\\/2021\\\/10\\\/9AaHkOY1_ekrannn.png\",\"datePublished\":\"2021-10-15T23:03:41+00:00\",\"dateModified\":\"2021-10-15T23:03:42+00:00\",\"breadcrumb\":{\"@id\":\"https:\\\/\\\/radioljubuski.ba\\\/index.php\\\/2021\\\/10\\\/16\\\/samo-jedan-sat-pred-ekranom-djetetu-bi-moglo-pogorsati-psihicko-zdravlje\\\/#breadcrumb\"},\"inLanguage\":\"hr\",\"potentialAction\":[{\"@type\":\"ReadAction\",\"target\":[\"https:\\\/\\\/radioljubuski.ba\\\/index.php\\\/2021\\\/10\\\/16\\\/samo-jedan-sat-pred-ekranom-djetetu-bi-moglo-pogorsati-psihicko-zdravlje\\\/\"]}]},{\"@type\":\"ImageObject\",\"inLanguage\":\"hr\",\"@id\":\"https:\\\/\\\/radioljubuski.ba\\\/index.php\\\/2021\\\/10\\\/16\\\/samo-jedan-sat-pred-ekranom-djetetu-bi-moglo-pogorsati-psihicko-zdravlje\\\/#primaryimage\",\"url\":\"https:\\\/\\\/radioljubuski.ba\\\/wp-content\\\/uploads\\\/2021\\\/10\\\/9AaHkOY1_ekrannn.png\",\"contentUrl\":\"https:\\\/\\\/radioljubuski.ba\\\/wp-content\\\/uploads\\\/2021\\\/10\\\/9AaHkOY1_ekrannn.png\",\"width\":1000,\"height\":625},{\"@type\":\"BreadcrumbList\",\"@id\":\"https:\\\/\\\/radioljubuski.ba\\\/index.php\\\/2021\\\/10\\\/16\\\/samo-jedan-sat-pred-ekranom-djetetu-bi-moglo-pogorsati-psihicko-zdravlje\\\/#breadcrumb\",\"itemListElement\":[{\"@type\":\"ListItem\",\"position\":1,\"name\":\"Po\u010detna stranica\",\"item\":\"https:\\\/\\\/radioljubuski.ba\\\/\"},{\"@type\":\"ListItem\",\"position\":2,\"name\":\"Samo jedan sat pred ekranom djetetu bi moglo pogor\u0161ati psihi\u010dko zdravlje\"}]},{\"@type\":\"WebSite\",\"@id\":\"https:\\\/\\\/radioljubuski.ba\\\/#website\",\"url\":\"https:\\\/\\\/radioljubuski.ba\\\/\",\"name\":\"Radio Ljubu\u0161ki\",\"description\":\"Sun\u010dana frekvencija Hercegovine\",\"publisher\":{\"@id\":\"https:\\\/\\\/radioljubuski.ba\\\/#organization\"},\"potentialAction\":[{\"@type\":\"SearchAction\",\"target\":{\"@type\":\"EntryPoint\",\"urlTemplate\":\"https:\\\/\\\/radioljubuski.ba\\\/?s={search_term_string}\"},\"query-input\":{\"@type\":\"PropertyValueSpecification\",\"valueRequired\":true,\"valueName\":\"search_term_string\"}}],\"inLanguage\":\"hr\"},{\"@type\":\"Organization\",\"@id\":\"https:\\\/\\\/radioljubuski.ba\\\/#organization\",\"name\":\"Radio Ljubu\u0161ki\",\"url\":\"https:\\\/\\\/radioljubuski.ba\\\/\",\"logo\":{\"@type\":\"ImageObject\",\"inLanguage\":\"hr\",\"@id\":\"https:\\\/\\\/radioljubuski.ba\\\/#\\\/schema\\\/logo\\\/image\\\/\",\"url\":\"https:\\\/\\\/radioljubuski.ba\\\/wp-content\\\/uploads\\\/2021\\\/02\\\/cropped-Radio_Ljubuski_logo1.jpg\",\"contentUrl\":\"https:\\\/\\\/radioljubuski.ba\\\/wp-content\\\/uploads\\\/2021\\\/02\\\/cropped-Radio_Ljubuski_logo1.jpg\",\"width\":512,\"height\":512,\"caption\":\"Radio Ljubu\u0161ki\"},\"image\":{\"@id\":\"https:\\\/\\\/radioljubuski.ba\\\/#\\\/schema\\\/logo\\\/image\\\/\"},\"sameAs\":[\"https:\\\/\\\/www.facebook.com\\\/Radiio-Ljubuski-1490835324566332\",\"https:\\\/\\\/x.com\\\/radioljubuski\",\"https:\\\/\\\/hr.linkedin.com\\\/company\\\/radio-ljubuski\",\"https:\\\/\\\/www.youtube.com\\\/channel\\\/UCHYaeO_n0Db3tjNGudGpXyw\"]},{\"@type\":\"Person\",\"@id\":\"https:\\\/\\\/radioljubuski.ba\\\/#\\\/schema\\\/person\\\/19fc700381a780f69665d7956c469e3b\",\"name\":\"Radio Ljubu\u0161ki\"}]}<\/script>\n<!-- \/ Yoast SEO plugin. -->","yoast_head_json":{"title":"Samo jedan sat pred ekranom djetetu bi moglo pogor\u0161ati psihi\u010dko zdravlje - RADIO LJUBU\u0160KI","robots":{"index":"index","follow":"follow","max-snippet":"max-snippet:-1","max-image-preview":"max-image-preview:large","max-video-preview":"max-video-preview:-1"},"canonical":"https:\/\/radioljubuski.ba\/index.php\/2021\/10\/16\/samo-jedan-sat-pred-ekranom-djetetu-bi-moglo-pogorsati-psihicko-zdravlje\/","og_locale":"hr_HR","og_type":"article","og_title":"Samo jedan sat pred ekranom djetetu bi moglo pogor\u0161ati psihi\u010dko zdravlje - RADIO LJUBU\u0160KI","og_description":"U organizaciji Udruge &#8220;Elpida&#8221; iz Mostara, a pod pokroviteljstvom Op\u0107ine Neum, u toj je op\u0107ini odr\u017eano predavanje &#8220;Utjecaj mobitela na mentalno zdravlje djece&#8221; kako bi se njime ukazalo na problem s kojim se danas suo\u010davaju kako roditelji tako i djeca, te sve ve\u0107oj ovisnosti djece o ekranima. Naime, mnoga istra\u017eivanja na tu temu su pokazala [&hellip;]","og_url":"https:\/\/radioljubuski.ba\/index.php\/2021\/10\/16\/samo-jedan-sat-pred-ekranom-djetetu-bi-moglo-pogorsati-psihicko-zdravlje\/","og_site_name":"RADIO LJUBU\u0160KI","article_publisher":"https:\/\/www.facebook.com\/Radiio-Ljubuski-1490835324566332","article_published_time":"2021-10-15T23:03:41+00:00","article_modified_time":"2021-10-15T23:03:42+00:00","og_image":[{"width":1000,"height":625,"url":"https:\/\/radioljubuski.ba\/wp-content\/uploads\/2021\/10\/9AaHkOY1_ekrannn.png","type":"image\/png"}],"author":"Radio Ljubu\u0161ki","twitter_card":"summary_large_image","twitter_creator":"@radioljubuski","twitter_site":"@radioljubuski","twitter_misc":{"Napisao\/la":"Radio Ljubu\u0161ki","Procijenjeno vrijeme \u010ditanja":"2 minute"},"schema":{"@context":"https:\/\/schema.org","@graph":[{"@type":"Article","@id":"https:\/\/radioljubuski.ba\/index.php\/2021\/10\/16\/samo-jedan-sat-pred-ekranom-djetetu-bi-moglo-pogorsati-psihicko-zdravlje\/#article","isPartOf":{"@id":"https:\/\/radioljubuski.ba\/index.php\/2021\/10\/16\/samo-jedan-sat-pred-ekranom-djetetu-bi-moglo-pogorsati-psihicko-zdravlje\/"},"author":{"name":"Radio Ljubu\u0161ki","@id":"https:\/\/radioljubuski.ba\/#\/schema\/person\/19fc700381a780f69665d7956c469e3b"},"headline":"Samo jedan sat pred ekranom djetetu bi moglo pogor\u0161ati psihi\u010dko zdravlje","datePublished":"2021-10-15T23:03:41+00:00","dateModified":"2021-10-15T23:03:42+00:00","mainEntityOfPage":{"@id":"https:\/\/radioljubuski.ba\/index.php\/2021\/10\/16\/samo-jedan-sat-pred-ekranom-djetetu-bi-moglo-pogorsati-psihicko-zdravlje\/"},"wordCount":324,"publisher":{"@id":"https:\/\/radioljubuski.ba\/#organization"},"image":{"@id":"https:\/\/radioljubuski.ba\/index.php\/2021\/10\/16\/samo-jedan-sat-pred-ekranom-djetetu-bi-moglo-pogorsati-psihicko-zdravlje\/#primaryimage"},"thumbnailUrl":"https:\/\/radioljubuski.ba\/wp-content\/uploads\/2021\/10\/9AaHkOY1_ekrannn.png","articleSection":["BIH i regija"],"inLanguage":"hr"},{"@type":"WebPage","@id":"https:\/\/radioljubuski.ba\/index.php\/2021\/10\/16\/samo-jedan-sat-pred-ekranom-djetetu-bi-moglo-pogorsati-psihicko-zdravlje\/","url":"https:\/\/radioljubuski.ba\/index.php\/2021\/10\/16\/samo-jedan-sat-pred-ekranom-djetetu-bi-moglo-pogorsati-psihicko-zdravlje\/","name":"Samo jedan sat pred ekranom djetetu bi moglo pogor\u0161ati psihi\u010dko zdravlje - RADIO LJUBU\u0160KI","isPartOf":{"@id":"https:\/\/radioljubuski.ba\/#website"},"primaryImageOfPage":{"@id":"https:\/\/radioljubuski.ba\/index.php\/2021\/10\/16\/samo-jedan-sat-pred-ekranom-djetetu-bi-moglo-pogorsati-psihicko-zdravlje\/#primaryimage"},"image":{"@id":"https:\/\/radioljubuski.ba\/index.php\/2021\/10\/16\/samo-jedan-sat-pred-ekranom-djetetu-bi-moglo-pogorsati-psihicko-zdravlje\/#primaryimage"},"thumbnailUrl":"https:\/\/radioljubuski.ba\/wp-content\/uploads\/2021\/10\/9AaHkOY1_ekrannn.png","datePublished":"2021-10-15T23:03:41+00:00","dateModified":"2021-10-15T23:03:42+00:00","breadcrumb":{"@id":"https:\/\/radioljubuski.ba\/index.php\/2021\/10\/16\/samo-jedan-sat-pred-ekranom-djetetu-bi-moglo-pogorsati-psihicko-zdravlje\/#breadcrumb"},"inLanguage":"hr","potentialAction":[{"@type":"ReadAction","target":["https:\/\/radioljubuski.ba\/index.php\/2021\/10\/16\/samo-jedan-sat-pred-ekranom-djetetu-bi-moglo-pogorsati-psihicko-zdravlje\/"]}]},{"@type":"ImageObject","inLanguage":"hr","@id":"https:\/\/radioljubuski.ba\/index.php\/2021\/10\/16\/samo-jedan-sat-pred-ekranom-djetetu-bi-moglo-pogorsati-psihicko-zdravlje\/#primaryimage","url":"https:\/\/radioljubuski.ba\/wp-content\/uploads\/2021\/10\/9AaHkOY1_ekrannn.png","contentUrl":"https:\/\/radioljubuski.ba\/wp-content\/uploads\/2021\/10\/9AaHkOY1_ekrannn.png","width":1000,"height":625},{"@type":"BreadcrumbList","@id":"https:\/\/radioljubuski.ba\/index.php\/2021\/10\/16\/samo-jedan-sat-pred-ekranom-djetetu-bi-moglo-pogorsati-psihicko-zdravlje\/#breadcrumb","itemListElement":[{"@type":"ListItem","position":1,"name":"Po\u010detna stranica","item":"https:\/\/radioljubuski.ba\/"},{"@type":"ListItem","position":2,"name":"Samo jedan sat pred ekranom djetetu bi moglo pogor\u0161ati psihi\u010dko zdravlje"}]},{"@type":"WebSite","@id":"https:\/\/radioljubuski.ba\/#website","url":"https:\/\/radioljubuski.ba\/","name":"Radio Ljubu\u0161ki","description":"Sun\u010dana frekvencija Hercegovine","publisher":{"@id":"https:\/\/radioljubuski.ba\/#organization"},"potentialAction":[{"@type":"SearchAction","target":{"@type":"EntryPoint","urlTemplate":"https:\/\/radioljubuski.ba\/?s={search_term_string}"},"query-input":{"@type":"PropertyValueSpecification","valueRequired":true,"valueName":"search_term_string"}}],"inLanguage":"hr"},{"@type":"Organization","@id":"https:\/\/radioljubuski.ba\/#organization","name":"Radio Ljubu\u0161ki","url":"https:\/\/radioljubuski.ba\/","logo":{"@type":"ImageObject","inLanguage":"hr","@id":"https:\/\/radioljubuski.ba\/#\/schema\/logo\/image\/","url":"https:\/\/radioljubuski.ba\/wp-content\/uploads\/2021\/02\/cropped-Radio_Ljubuski_logo1.jpg","contentUrl":"https:\/\/radioljubuski.ba\/wp-content\/uploads\/2021\/02\/cropped-Radio_Ljubuski_logo1.jpg","width":512,"height":512,"caption":"Radio Ljubu\u0161ki"},"image":{"@id":"https:\/\/radioljubuski.ba\/#\/schema\/logo\/image\/"},"sameAs":["https:\/\/www.facebook.com\/Radiio-Ljubuski-1490835324566332","https:\/\/x.com\/radioljubuski","https:\/\/hr.linkedin.com\/company\/radio-ljubuski","https:\/\/www.youtube.com\/channel\/UCHYaeO_n0Db3tjNGudGpXyw"]},{"@type":"Person","@id":"https:\/\/radioljubuski.ba\/#\/schema\/person\/19fc700381a780f69665d7956c469e3b","name":"Radio Ljubu\u0161ki"}]}},"_links":{"self":[{"href":"https:\/\/radioljubuski.ba\/index.php\/wp-json\/wp\/v2\/posts\/76307","targetHints":{"allow":["GET"]}}],"collection":[{"href":"https:\/\/radioljubuski.ba\/index.php\/wp-json\/wp\/v2\/posts"}],"about":[{"href":"https:\/\/radioljubuski.ba\/index.php\/wp-json\/wp\/v2\/types\/post"}],"author":[{"embeddable":true,"href":"https:\/\/radioljubuski.ba\/index.php\/wp-json\/wp\/v2\/users\/2"}],"replies":[{"embeddable":true,"href":"https:\/\/radioljubuski.ba\/index.php\/wp-json\/wp\/v2\/comments?post=76307"}],"version-history":[{"count":1,"href":"https:\/\/radioljubuski.ba\/index.php\/wp-json\/wp\/v2\/posts\/76307\/revisions"}],"predecessor-version":[{"id":76309,"href":"https:\/\/radioljubuski.ba\/index.php\/wp-json\/wp\/v2\/posts\/76307\/revisions\/76309"}],"wp:featuredmedia":[{"embeddable":true,"href":"https:\/\/radioljubuski.ba\/index.php\/wp-json\/wp\/v2\/media\/76308"}],"wp:attachment":[{"href":"https:\/\/radioljubuski.ba\/index.php\/wp-json\/wp\/v2\/media?parent=76307"}],"wp:term":[{"taxonomy":"category","embeddable":true,"href":"https:\/\/radioljubuski.ba\/index.php\/wp-json\/wp\/v2\/categories?post=76307"},{"taxonomy":"post_tag","embeddable":true,"href":"https:\/\/radioljubuski.ba\/index.php\/wp-json\/wp\/v2\/tags?post=76307"}],"curies":[{"name":"wp","href":"https:\/\/api.w.org\/{rel}","templated":true}]}}