{"id":76310,"date":"2021-10-16T00:06:35","date_gmt":"2021-10-15T23:06:35","guid":{"rendered":"https:\/\/radioljubuski.ba\/?p=76310"},"modified":"2021-10-16T00:06:37","modified_gmt":"2021-10-15T23:06:37","slug":"prvi-dan-sport-festa-u-porecu-protekao-u-znaku-olimpizma","status":"publish","type":"post","link":"https:\/\/radioljubuski.ba\/index.php\/2021\/10\/16\/prvi-dan-sport-festa-u-porecu-protekao-u-znaku-olimpizma\/","title":{"rendered":"Prvi dan Sport Festa u Pore\u010du protekao u znaku olimpizma"},"content":{"rendered":"\n<p><strong>Prvi dan atraktivnog petog izdanja Sport Festa, regionalnog sajma sporta u Pore\u010du, u konferencijskom je dijelu uglavnom bio u znaku olimpizma.<\/strong><\/p>\n\n\n\n<iframe loading=\"lazy\" src=\"https:\/\/www.facebook.com\/plugins\/video.php?height=476&#038;href=https%3A%2F%2Fwww.facebook.com%2FHRTsport%2Fvideos%2F643708256789647%2F&#038;show_text=false&#038;width=476&#038;t=0\" width=\"476\" height=\"476\" style=\"border:none;overflow:hidden\" scrolling=\"no\" frameborder=\"0\" allowfullscreen=\"true\" allow=\"autoplay; clipboard-write; encrypted-media; picture-in-picture; web-share\" allowFullScreen=\"true\"><\/iframe>\n\n\n\n<p>&#8211; Iz Eurostatovih podataka mo\u017ee se vidjeti da je sport i u Hrvatskoj va\u017ena industrija jer je u prihodovnom kontekstu iznad mnogih klasi\u010dnih industrija bitnih za gospodarstvo jedne dr\u017eave, rekao je predsjednik Hrvatskog olimpijskog odbora&nbsp;<strong>Zlatko Mate\u0161a&nbsp;<\/strong>u tematskom izlaganju o 30 godina HOO-a i aktualnom trenutku hrvatskog sporta kroz prizmu Olimpijskih igara u Tokiju.&nbsp;<br><br>Glavni tajnik HOO-a&nbsp;<strong>Sini\u0161a Kraja\u010d<\/strong>&nbsp;ukazao je na iznimnu va\u017enost uloge sporta na lokalnoj razini u stvaranju cjelokupne slike o hrvatskom sportu.<br><br>&#8211; Imamo vrlo malu bazu, oko 38.000 djece u dobi od 12 do 19 godina, i ne smijemo izgubiti nijedno talentirano dijete. Znamo da su mnoge velike sportske karijere krenule iz malih sredina, \u0161to je i danas aktualno. Kroz svoje razvojne programe Hrvatski olimpijski odbor otvara mogu\u0107nost podr\u0161ke talentima, odnosno mladim sporta\u0161ima na njihovom sportskom putu, ka\u017ee Kraja\u010d.<\/p>\n\n\n\n<p>Hrvatski gimnasti\u010dki olimpijci&nbsp;<strong>Ana \u0110erek&nbsp;<\/strong>i&nbsp;<strong>Tin Srbi\u0107<\/strong>&nbsp;su u sklopu teme \u201eTokio na\u0161ih snova by Toyota\u201c prenijeli nazo\u010dnima spontani do\u017eivljaj nesvakida\u0161njih Olimpijskih igara u Tokiju, na kojima je Srbi\u0107 osvajanjem srebrnog odli\u010dja na pre\u010di ostvario svoj san dug gotovo 20 godina, dok je \u0110erek drugi put nastupila na Olimpijskim igrama.<br><br>\u0110erek i Srbi\u0107 koji propu\u0161taju Svjetsko prvenstvo koje u ponedjeljak po\u010dinje u Japanu.<\/p>\n\n\n\n<p>Izvor:hrt.hr<\/p>\n","protected":false},"excerpt":{"rendered":"<p>Prvi dan atraktivnog petog izdanja Sport Festa, regionalnog sajma sporta u Pore\u010du, u konferencijskom je dijelu uglavnom bio u znaku olimpizma. &#8211; Iz Eurostatovih podataka mo\u017ee se vidjeti da je sport i u Hrvatskoj va\u017ena industrija jer je u prihodovnom kontekstu iznad mnogih klasi\u010dnih industrija bitnih za gospodarstvo jedne dr\u017eave, rekao je predsjednik Hrvatskog olimpijskog [&hellip;]<\/p>\n","protected":false},"author":2,"featured_media":76311,"comment_status":"closed","ping_status":"closed","sticky":false,"template":"","format":"standard","meta":{"h5ap_radio_sources":[],"footnotes":""},"categories":[7],"tags":[],"class_list":["post-76310","post","type-post","status-publish","format-standard","has-post-thumbnail","hentry","category-sport"],"yoast_head":"<!-- This site is optimized with the Yoast SEO plugin v27.4 - https:\/\/yoast.com\/product\/yoast-seo-wordpress\/ -->\n<title>Prvi dan Sport Festa u Pore\u010du protekao u znaku olimpizma - RADIO LJUBU\u0160KI<\/title>\n<meta name=\"robots\" content=\"index, follow, max-snippet:-1, max-image-preview:large, max-video-preview:-1\" \/>\n<link rel=\"canonical\" href=\"https:\/\/radioljubuski.ba\/index.php\/2021\/10\/16\/prvi-dan-sport-festa-u-porecu-protekao-u-znaku-olimpizma\/\" \/>\n<meta property=\"og:locale\" content=\"hr_HR\" \/>\n<meta property=\"og:type\" content=\"article\" \/>\n<meta property=\"og:title\" content=\"Prvi dan Sport Festa u Pore\u010du protekao u znaku olimpizma - RADIO LJUBU\u0160KI\" \/>\n<meta property=\"og:description\" content=\"Prvi dan atraktivnog petog izdanja Sport Festa, regionalnog sajma sporta u Pore\u010du, u konferencijskom je dijelu uglavnom bio u znaku olimpizma. &#8211; Iz Eurostatovih podataka mo\u017ee se vidjeti da je sport i u Hrvatskoj va\u017ena industrija jer je u prihodovnom kontekstu iznad mnogih klasi\u010dnih industrija bitnih za gospodarstvo jedne dr\u017eave, rekao je predsjednik Hrvatskog olimpijskog [&hellip;]\" \/>\n<meta property=\"og:url\" content=\"https:\/\/radioljubuski.ba\/index.php\/2021\/10\/16\/prvi-dan-sport-festa-u-porecu-protekao-u-znaku-olimpizma\/\" \/>\n<meta property=\"og:site_name\" content=\"RADIO LJUBU\u0160KI\" \/>\n<meta property=\"article:publisher\" content=\"https:\/\/www.facebook.com\/Radiio-Ljubuski-1490835324566332\" \/>\n<meta property=\"article:published_time\" content=\"2021-10-15T23:06:35+00:00\" \/>\n<meta property=\"article:modified_time\" content=\"2021-10-15T23:06:37+00:00\" \/>\n<meta property=\"og:image\" content=\"https:\/\/radioljubuski.ba\/wp-content\/uploads\/2021\/10\/8a2ca3e9-e9e5-b376-21e2-d407fd920000-20211015194414.png\" \/>\n\t<meta property=\"og:image:width\" content=\"1200\" \/>\n\t<meta property=\"og:image:height\" content=\"722\" \/>\n\t<meta property=\"og:image:type\" content=\"image\/png\" \/>\n<meta name=\"author\" content=\"Radio Ljubu\u0161ki\" \/>\n<meta name=\"twitter:card\" content=\"summary_large_image\" \/>\n<meta name=\"twitter:creator\" content=\"@radioljubuski\" \/>\n<meta name=\"twitter:site\" content=\"@radioljubuski\" \/>\n<meta name=\"twitter:label1\" content=\"Napisao\/la\" \/>\n\t<meta name=\"twitter:data1\" content=\"Radio Ljubu\u0161ki\" \/>\n\t<meta name=\"twitter:label2\" content=\"Procijenjeno vrijeme \u010ditanja\" \/>\n\t<meta name=\"twitter:data2\" content=\"1 minuta\" \/>\n<script type=\"application\/ld+json\" class=\"yoast-schema-graph\">{\"@context\":\"https:\\\/\\\/schema.org\",\"@graph\":[{\"@type\":\"Article\",\"@id\":\"https:\\\/\\\/radioljubuski.ba\\\/index.php\\\/2021\\\/10\\\/16\\\/prvi-dan-sport-festa-u-porecu-protekao-u-znaku-olimpizma\\\/#article\",\"isPartOf\":{\"@id\":\"https:\\\/\\\/radioljubuski.ba\\\/index.php\\\/2021\\\/10\\\/16\\\/prvi-dan-sport-festa-u-porecu-protekao-u-znaku-olimpizma\\\/\"},\"author\":{\"name\":\"Radio Ljubu\u0161ki\",\"@id\":\"https:\\\/\\\/radioljubuski.ba\\\/#\\\/schema\\\/person\\\/19fc700381a780f69665d7956c469e3b\"},\"headline\":\"Prvi dan Sport Festa u Pore\u010du protekao u znaku olimpizma\",\"datePublished\":\"2021-10-15T23:06:35+00:00\",\"dateModified\":\"2021-10-15T23:06:37+00:00\",\"mainEntityOfPage\":{\"@id\":\"https:\\\/\\\/radioljubuski.ba\\\/index.php\\\/2021\\\/10\\\/16\\\/prvi-dan-sport-festa-u-porecu-protekao-u-znaku-olimpizma\\\/\"},\"wordCount\":259,\"publisher\":{\"@id\":\"https:\\\/\\\/radioljubuski.ba\\\/#organization\"},\"image\":{\"@id\":\"https:\\\/\\\/radioljubuski.ba\\\/index.php\\\/2021\\\/10\\\/16\\\/prvi-dan-sport-festa-u-porecu-protekao-u-znaku-olimpizma\\\/#primaryimage\"},\"thumbnailUrl\":\"https:\\\/\\\/radioljubuski.ba\\\/wp-content\\\/uploads\\\/2021\\\/10\\\/8a2ca3e9-e9e5-b376-21e2-d407fd920000-20211015194414.png\",\"articleSection\":[\"\u0160port\"],\"inLanguage\":\"hr\"},{\"@type\":\"WebPage\",\"@id\":\"https:\\\/\\\/radioljubuski.ba\\\/index.php\\\/2021\\\/10\\\/16\\\/prvi-dan-sport-festa-u-porecu-protekao-u-znaku-olimpizma\\\/\",\"url\":\"https:\\\/\\\/radioljubuski.ba\\\/index.php\\\/2021\\\/10\\\/16\\\/prvi-dan-sport-festa-u-porecu-protekao-u-znaku-olimpizma\\\/\",\"name\":\"Prvi dan Sport Festa u Pore\u010du protekao u znaku olimpizma - RADIO LJUBU\u0160KI\",\"isPartOf\":{\"@id\":\"https:\\\/\\\/radioljubuski.ba\\\/#website\"},\"primaryImageOfPage\":{\"@id\":\"https:\\\/\\\/radioljubuski.ba\\\/index.php\\\/2021\\\/10\\\/16\\\/prvi-dan-sport-festa-u-porecu-protekao-u-znaku-olimpizma\\\/#primaryimage\"},\"image\":{\"@id\":\"https:\\\/\\\/radioljubuski.ba\\\/index.php\\\/2021\\\/10\\\/16\\\/prvi-dan-sport-festa-u-porecu-protekao-u-znaku-olimpizma\\\/#primaryimage\"},\"thumbnailUrl\":\"https:\\\/\\\/radioljubuski.ba\\\/wp-content\\\/uploads\\\/2021\\\/10\\\/8a2ca3e9-e9e5-b376-21e2-d407fd920000-20211015194414.png\",\"datePublished\":\"2021-10-15T23:06:35+00:00\",\"dateModified\":\"2021-10-15T23:06:37+00:00\",\"breadcrumb\":{\"@id\":\"https:\\\/\\\/radioljubuski.ba\\\/index.php\\\/2021\\\/10\\\/16\\\/prvi-dan-sport-festa-u-porecu-protekao-u-znaku-olimpizma\\\/#breadcrumb\"},\"inLanguage\":\"hr\",\"potentialAction\":[{\"@type\":\"ReadAction\",\"target\":[\"https:\\\/\\\/radioljubuski.ba\\\/index.php\\\/2021\\\/10\\\/16\\\/prvi-dan-sport-festa-u-porecu-protekao-u-znaku-olimpizma\\\/\"]}]},{\"@type\":\"ImageObject\",\"inLanguage\":\"hr\",\"@id\":\"https:\\\/\\\/radioljubuski.ba\\\/index.php\\\/2021\\\/10\\\/16\\\/prvi-dan-sport-festa-u-porecu-protekao-u-znaku-olimpizma\\\/#primaryimage\",\"url\":\"https:\\\/\\\/radioljubuski.ba\\\/wp-content\\\/uploads\\\/2021\\\/10\\\/8a2ca3e9-e9e5-b376-21e2-d407fd920000-20211015194414.png\",\"contentUrl\":\"https:\\\/\\\/radioljubuski.ba\\\/wp-content\\\/uploads\\\/2021\\\/10\\\/8a2ca3e9-e9e5-b376-21e2-d407fd920000-20211015194414.png\",\"width\":1200,\"height\":722},{\"@type\":\"BreadcrumbList\",\"@id\":\"https:\\\/\\\/radioljubuski.ba\\\/index.php\\\/2021\\\/10\\\/16\\\/prvi-dan-sport-festa-u-porecu-protekao-u-znaku-olimpizma\\\/#breadcrumb\",\"itemListElement\":[{\"@type\":\"ListItem\",\"position\":1,\"name\":\"Po\u010detna stranica\",\"item\":\"https:\\\/\\\/radioljubuski.ba\\\/\"},{\"@type\":\"ListItem\",\"position\":2,\"name\":\"Prvi dan Sport Festa u Pore\u010du protekao u znaku olimpizma\"}]},{\"@type\":\"WebSite\",\"@id\":\"https:\\\/\\\/radioljubuski.ba\\\/#website\",\"url\":\"https:\\\/\\\/radioljubuski.ba\\\/\",\"name\":\"Radio Ljubu\u0161ki\",\"description\":\"Sun\u010dana frekvencija Hercegovine\",\"publisher\":{\"@id\":\"https:\\\/\\\/radioljubuski.ba\\\/#organization\"},\"potentialAction\":[{\"@type\":\"SearchAction\",\"target\":{\"@type\":\"EntryPoint\",\"urlTemplate\":\"https:\\\/\\\/radioljubuski.ba\\\/?s={search_term_string}\"},\"query-input\":{\"@type\":\"PropertyValueSpecification\",\"valueRequired\":true,\"valueName\":\"search_term_string\"}}],\"inLanguage\":\"hr\"},{\"@type\":\"Organization\",\"@id\":\"https:\\\/\\\/radioljubuski.ba\\\/#organization\",\"name\":\"Radio Ljubu\u0161ki\",\"url\":\"https:\\\/\\\/radioljubuski.ba\\\/\",\"logo\":{\"@type\":\"ImageObject\",\"inLanguage\":\"hr\",\"@id\":\"https:\\\/\\\/radioljubuski.ba\\\/#\\\/schema\\\/logo\\\/image\\\/\",\"url\":\"https:\\\/\\\/radioljubuski.ba\\\/wp-content\\\/uploads\\\/2021\\\/02\\\/cropped-Radio_Ljubuski_logo1.jpg\",\"contentUrl\":\"https:\\\/\\\/radioljubuski.ba\\\/wp-content\\\/uploads\\\/2021\\\/02\\\/cropped-Radio_Ljubuski_logo1.jpg\",\"width\":512,\"height\":512,\"caption\":\"Radio Ljubu\u0161ki\"},\"image\":{\"@id\":\"https:\\\/\\\/radioljubuski.ba\\\/#\\\/schema\\\/logo\\\/image\\\/\"},\"sameAs\":[\"https:\\\/\\\/www.facebook.com\\\/Radiio-Ljubuski-1490835324566332\",\"https:\\\/\\\/x.com\\\/radioljubuski\",\"https:\\\/\\\/hr.linkedin.com\\\/company\\\/radio-ljubuski\",\"https:\\\/\\\/www.youtube.com\\\/channel\\\/UCHYaeO_n0Db3tjNGudGpXyw\"]},{\"@type\":\"Person\",\"@id\":\"https:\\\/\\\/radioljubuski.ba\\\/#\\\/schema\\\/person\\\/19fc700381a780f69665d7956c469e3b\",\"name\":\"Radio Ljubu\u0161ki\"}]}<\/script>\n<!-- \/ Yoast SEO plugin. -->","yoast_head_json":{"title":"Prvi dan Sport Festa u Pore\u010du protekao u znaku olimpizma - RADIO LJUBU\u0160KI","robots":{"index":"index","follow":"follow","max-snippet":"max-snippet:-1","max-image-preview":"max-image-preview:large","max-video-preview":"max-video-preview:-1"},"canonical":"https:\/\/radioljubuski.ba\/index.php\/2021\/10\/16\/prvi-dan-sport-festa-u-porecu-protekao-u-znaku-olimpizma\/","og_locale":"hr_HR","og_type":"article","og_title":"Prvi dan Sport Festa u Pore\u010du protekao u znaku olimpizma - RADIO LJUBU\u0160KI","og_description":"Prvi dan atraktivnog petog izdanja Sport Festa, regionalnog sajma sporta u Pore\u010du, u konferencijskom je dijelu uglavnom bio u znaku olimpizma. &#8211; Iz Eurostatovih podataka mo\u017ee se vidjeti da je sport i u Hrvatskoj va\u017ena industrija jer je u prihodovnom kontekstu iznad mnogih klasi\u010dnih industrija bitnih za gospodarstvo jedne dr\u017eave, rekao je predsjednik Hrvatskog olimpijskog [&hellip;]","og_url":"https:\/\/radioljubuski.ba\/index.php\/2021\/10\/16\/prvi-dan-sport-festa-u-porecu-protekao-u-znaku-olimpizma\/","og_site_name":"RADIO LJUBU\u0160KI","article_publisher":"https:\/\/www.facebook.com\/Radiio-Ljubuski-1490835324566332","article_published_time":"2021-10-15T23:06:35+00:00","article_modified_time":"2021-10-15T23:06:37+00:00","og_image":[{"width":1200,"height":722,"url":"https:\/\/radioljubuski.ba\/wp-content\/uploads\/2021\/10\/8a2ca3e9-e9e5-b376-21e2-d407fd920000-20211015194414.png","type":"image\/png"}],"author":"Radio Ljubu\u0161ki","twitter_card":"summary_large_image","twitter_creator":"@radioljubuski","twitter_site":"@radioljubuski","twitter_misc":{"Napisao\/la":"Radio Ljubu\u0161ki","Procijenjeno vrijeme \u010ditanja":"1 minuta"},"schema":{"@context":"https:\/\/schema.org","@graph":[{"@type":"Article","@id":"https:\/\/radioljubuski.ba\/index.php\/2021\/10\/16\/prvi-dan-sport-festa-u-porecu-protekao-u-znaku-olimpizma\/#article","isPartOf":{"@id":"https:\/\/radioljubuski.ba\/index.php\/2021\/10\/16\/prvi-dan-sport-festa-u-porecu-protekao-u-znaku-olimpizma\/"},"author":{"name":"Radio Ljubu\u0161ki","@id":"https:\/\/radioljubuski.ba\/#\/schema\/person\/19fc700381a780f69665d7956c469e3b"},"headline":"Prvi dan Sport Festa u Pore\u010du protekao u znaku olimpizma","datePublished":"2021-10-15T23:06:35+00:00","dateModified":"2021-10-15T23:06:37+00:00","mainEntityOfPage":{"@id":"https:\/\/radioljubuski.ba\/index.php\/2021\/10\/16\/prvi-dan-sport-festa-u-porecu-protekao-u-znaku-olimpizma\/"},"wordCount":259,"publisher":{"@id":"https:\/\/radioljubuski.ba\/#organization"},"image":{"@id":"https:\/\/radioljubuski.ba\/index.php\/2021\/10\/16\/prvi-dan-sport-festa-u-porecu-protekao-u-znaku-olimpizma\/#primaryimage"},"thumbnailUrl":"https:\/\/radioljubuski.ba\/wp-content\/uploads\/2021\/10\/8a2ca3e9-e9e5-b376-21e2-d407fd920000-20211015194414.png","articleSection":["\u0160port"],"inLanguage":"hr"},{"@type":"WebPage","@id":"https:\/\/radioljubuski.ba\/index.php\/2021\/10\/16\/prvi-dan-sport-festa-u-porecu-protekao-u-znaku-olimpizma\/","url":"https:\/\/radioljubuski.ba\/index.php\/2021\/10\/16\/prvi-dan-sport-festa-u-porecu-protekao-u-znaku-olimpizma\/","name":"Prvi dan Sport Festa u Pore\u010du protekao u znaku olimpizma - RADIO LJUBU\u0160KI","isPartOf":{"@id":"https:\/\/radioljubuski.ba\/#website"},"primaryImageOfPage":{"@id":"https:\/\/radioljubuski.ba\/index.php\/2021\/10\/16\/prvi-dan-sport-festa-u-porecu-protekao-u-znaku-olimpizma\/#primaryimage"},"image":{"@id":"https:\/\/radioljubuski.ba\/index.php\/2021\/10\/16\/prvi-dan-sport-festa-u-porecu-protekao-u-znaku-olimpizma\/#primaryimage"},"thumbnailUrl":"https:\/\/radioljubuski.ba\/wp-content\/uploads\/2021\/10\/8a2ca3e9-e9e5-b376-21e2-d407fd920000-20211015194414.png","datePublished":"2021-10-15T23:06:35+00:00","dateModified":"2021-10-15T23:06:37+00:00","breadcrumb":{"@id":"https:\/\/radioljubuski.ba\/index.php\/2021\/10\/16\/prvi-dan-sport-festa-u-porecu-protekao-u-znaku-olimpizma\/#breadcrumb"},"inLanguage":"hr","potentialAction":[{"@type":"ReadAction","target":["https:\/\/radioljubuski.ba\/index.php\/2021\/10\/16\/prvi-dan-sport-festa-u-porecu-protekao-u-znaku-olimpizma\/"]}]},{"@type":"ImageObject","inLanguage":"hr","@id":"https:\/\/radioljubuski.ba\/index.php\/2021\/10\/16\/prvi-dan-sport-festa-u-porecu-protekao-u-znaku-olimpizma\/#primaryimage","url":"https:\/\/radioljubuski.ba\/wp-content\/uploads\/2021\/10\/8a2ca3e9-e9e5-b376-21e2-d407fd920000-20211015194414.png","contentUrl":"https:\/\/radioljubuski.ba\/wp-content\/uploads\/2021\/10\/8a2ca3e9-e9e5-b376-21e2-d407fd920000-20211015194414.png","width":1200,"height":722},{"@type":"BreadcrumbList","@id":"https:\/\/radioljubuski.ba\/index.php\/2021\/10\/16\/prvi-dan-sport-festa-u-porecu-protekao-u-znaku-olimpizma\/#breadcrumb","itemListElement":[{"@type":"ListItem","position":1,"name":"Po\u010detna stranica","item":"https:\/\/radioljubuski.ba\/"},{"@type":"ListItem","position":2,"name":"Prvi dan Sport Festa u Pore\u010du protekao u znaku olimpizma"}]},{"@type":"WebSite","@id":"https:\/\/radioljubuski.ba\/#website","url":"https:\/\/radioljubuski.ba\/","name":"Radio Ljubu\u0161ki","description":"Sun\u010dana frekvencija Hercegovine","publisher":{"@id":"https:\/\/radioljubuski.ba\/#organization"},"potentialAction":[{"@type":"SearchAction","target":{"@type":"EntryPoint","urlTemplate":"https:\/\/radioljubuski.ba\/?s={search_term_string}"},"query-input":{"@type":"PropertyValueSpecification","valueRequired":true,"valueName":"search_term_string"}}],"inLanguage":"hr"},{"@type":"Organization","@id":"https:\/\/radioljubuski.ba\/#organization","name":"Radio Ljubu\u0161ki","url":"https:\/\/radioljubuski.ba\/","logo":{"@type":"ImageObject","inLanguage":"hr","@id":"https:\/\/radioljubuski.ba\/#\/schema\/logo\/image\/","url":"https:\/\/radioljubuski.ba\/wp-content\/uploads\/2021\/02\/cropped-Radio_Ljubuski_logo1.jpg","contentUrl":"https:\/\/radioljubuski.ba\/wp-content\/uploads\/2021\/02\/cropped-Radio_Ljubuski_logo1.jpg","width":512,"height":512,"caption":"Radio Ljubu\u0161ki"},"image":{"@id":"https:\/\/radioljubuski.ba\/#\/schema\/logo\/image\/"},"sameAs":["https:\/\/www.facebook.com\/Radiio-Ljubuski-1490835324566332","https:\/\/x.com\/radioljubuski","https:\/\/hr.linkedin.com\/company\/radio-ljubuski","https:\/\/www.youtube.com\/channel\/UCHYaeO_n0Db3tjNGudGpXyw"]},{"@type":"Person","@id":"https:\/\/radioljubuski.ba\/#\/schema\/person\/19fc700381a780f69665d7956c469e3b","name":"Radio Ljubu\u0161ki"}]}},"_links":{"self":[{"href":"https:\/\/radioljubuski.ba\/index.php\/wp-json\/wp\/v2\/posts\/76310","targetHints":{"allow":["GET"]}}],"collection":[{"href":"https:\/\/radioljubuski.ba\/index.php\/wp-json\/wp\/v2\/posts"}],"about":[{"href":"https:\/\/radioljubuski.ba\/index.php\/wp-json\/wp\/v2\/types\/post"}],"author":[{"embeddable":true,"href":"https:\/\/radioljubuski.ba\/index.php\/wp-json\/wp\/v2\/users\/2"}],"replies":[{"embeddable":true,"href":"https:\/\/radioljubuski.ba\/index.php\/wp-json\/wp\/v2\/comments?post=76310"}],"version-history":[{"count":1,"href":"https:\/\/radioljubuski.ba\/index.php\/wp-json\/wp\/v2\/posts\/76310\/revisions"}],"predecessor-version":[{"id":76312,"href":"https:\/\/radioljubuski.ba\/index.php\/wp-json\/wp\/v2\/posts\/76310\/revisions\/76312"}],"wp:featuredmedia":[{"embeddable":true,"href":"https:\/\/radioljubuski.ba\/index.php\/wp-json\/wp\/v2\/media\/76311"}],"wp:attachment":[{"href":"https:\/\/radioljubuski.ba\/index.php\/wp-json\/wp\/v2\/media?parent=76310"}],"wp:term":[{"taxonomy":"category","embeddable":true,"href":"https:\/\/radioljubuski.ba\/index.php\/wp-json\/wp\/v2\/categories?post=76310"},{"taxonomy":"post_tag","embeddable":true,"href":"https:\/\/radioljubuski.ba\/index.php\/wp-json\/wp\/v2\/tags?post=76310"}],"curies":[{"name":"wp","href":"https:\/\/api.w.org\/{rel}","templated":true}]}}