{"id":76319,"date":"2021-10-16T00:09:43","date_gmt":"2021-10-15T23:09:43","guid":{"rendered":"https:\/\/radioljubuski.ba\/?p=76319"},"modified":"2021-10-16T00:09:44","modified_gmt":"2021-10-15T23:09:44","slug":"marcinkovic-moj-cin-nije-bio-usmjeren-ni-protiv-kluba-ni-protiv-grada","status":"publish","type":"post","link":"https:\/\/radioljubuski.ba\/index.php\/2021\/10\/16\/marcinkovic-moj-cin-nije-bio-usmjeren-ni-protiv-kluba-ni-protiv-grada\/","title":{"rendered":"Mar\u010dinkovi\u0107: &#8220;Moj \u010din nije bio usmjeren ni protiv kluba ni protiv grada&#8221;"},"content":{"rendered":"\n<p><strong>Pavle Mar\u010dinkovi\u0107 u nedjelju \u0107e odjenuti dres Ko\u0161arka\u0161kog kluba Zadar prvi put nakon punih 10 godina. S Vi\u0161njika je Pavle oti\u0161ao 2011. put Cibone, potom se jednu sezonu oku\u0161ao u inozemstvu, nakon \u010dega je po \u010detiri godine igrao za Zagreb i Split. Sezonu je po\u010deo u Sonik Puntamici.<\/strong><\/p>\n\n\n\n<p>&#8211; Jo\u0161 ljetos imao sam neke razgovore s trenerom Zadra<strong>&nbsp;Ivanom Perin\u010di\u0107em<\/strong>&nbsp;i sada se to ponovno aktualiziralo, a kako sam sa Sonikom imao otvoren ugovor, procijenio sam da je do\u0161lo vrijeme za povratak u mati\u010dni klub, ka\u017ee Pavle za Radio Zadar.<br><br>Kakav je osje\u0107aj ponovno odjenuti najdra\u017ei dres?<br><br>&nbsp;&#8211; Lijepo je vratiti se u svoj klub, iako jo\u0161 uvijek nisam obukao dres na slu\u017ebenoj utakmici. Znao sam da \u0107e ovaj trenutak kad-tad do\u0107i. U meni je cijelo vrijeme postojala velika \u017eelja za povratkom i drago mi je da se to dogodilo sada, dok jo\u0161 imam goriva i mogu\u0107nosti pomo\u0107i Zadru. Vjerujem da \u0107e i meni pomo\u0107i sezona u trenuta\u010dno najja\u010dem hrvatskom klubu.<br><br>Me\u0111u zadarskim navija\u010dima bilo je i odre\u0111enog prijepora po pitanju njegova povratka zbog pro\u0161losti u Ciboni. Najvi\u0161e se pri\u010dalo o tom famoznom rezanju mre\u017eice nakon osvojenog naslova prvaka s Cibonom 2013. ba\u0161 protiv Zadra.<br><br>&nbsp;&#8211; Sve znam, no bilo je i dosta podr\u0161ke oko mene. Javilo mi se doista mnogo ljudi koji su zadovoljni i po\u017eeljeli su mi svu sre\u0107u. S druge strane, razumijem oko \u010dega je nastao problem i jasno mi je da sam ja nekim svojim \u010dinovima dozvolio da se to tako razvije. U tom trenutku slavili smo taj naslov i ni\u0161ta vi\u0161e od toga. Taj \u010din nije bio usmjeren ni protiv kluba ni protiv grada. \u017dao mi je \u0161to je to tako ispalo. Razumijem situaciju, sve mi je jasno, ali doista s moje strane to nije bila provokacija niti sam to ikada tako do\u017eivljavao, ve\u0107 obi\u010dno slavlje zbog pobjede.<br><br>Cijeli razgovor s Pavlom Mar\u010dinkovi\u0107em pro\u010ditajte na stranicama&nbsp;<a href=\"https:\/\/radio.hrt.hr\/radio-zadar\/clanak\/p-marcinkovic-moj-cin-nije-bio-usmjeren-ni-protiv-kluba-ni-protiv-grada\/271688\/\" target=\"_blank\" rel=\"noreferrer noopener\"><strong>Radio Zadra<\/strong><\/a>.<\/p>\n\n\n\n<p>Izvor:hrt.hr<\/p>\n","protected":false},"excerpt":{"rendered":"<p>Pavle Mar\u010dinkovi\u0107 u nedjelju \u0107e odjenuti dres Ko\u0161arka\u0161kog kluba Zadar prvi put nakon punih 10 godina. S Vi\u0161njika je Pavle oti\u0161ao 2011. put Cibone, potom se jednu sezonu oku\u0161ao u inozemstvu, nakon \u010dega je po \u010detiri godine igrao za Zagreb i Split. Sezonu je po\u010deo u Sonik Puntamici. &#8211; Jo\u0161 ljetos imao sam neke razgovore [&hellip;]<\/p>\n","protected":false},"author":2,"featured_media":76320,"comment_status":"closed","ping_status":"closed","sticky":false,"template":"","format":"standard","meta":{"h5ap_radio_sources":[],"footnotes":""},"categories":[7],"tags":[],"class_list":["post-76319","post","type-post","status-publish","format-standard","has-post-thumbnail","hentry","category-sport"],"yoast_head":"<!-- This site is optimized with the Yoast SEO plugin v27.4 - https:\/\/yoast.com\/product\/yoast-seo-wordpress\/ -->\n<title>Mar\u010dinkovi\u0107: &quot;Moj \u010din nije bio usmjeren ni protiv kluba ni protiv grada&quot; - RADIO LJUBU\u0160KI<\/title>\n<meta name=\"robots\" content=\"index, follow, max-snippet:-1, max-image-preview:large, max-video-preview:-1\" \/>\n<link rel=\"canonical\" href=\"https:\/\/radioljubuski.ba\/index.php\/2021\/10\/16\/marcinkovic-moj-cin-nije-bio-usmjeren-ni-protiv-kluba-ni-protiv-grada\/\" \/>\n<meta property=\"og:locale\" content=\"hr_HR\" \/>\n<meta property=\"og:type\" content=\"article\" \/>\n<meta property=\"og:title\" content=\"Mar\u010dinkovi\u0107: &quot;Moj \u010din nije bio usmjeren ni protiv kluba ni protiv grada&quot; - RADIO LJUBU\u0160KI\" \/>\n<meta property=\"og:description\" content=\"Pavle Mar\u010dinkovi\u0107 u nedjelju \u0107e odjenuti dres Ko\u0161arka\u0161kog kluba Zadar prvi put nakon punih 10 godina. S Vi\u0161njika je Pavle oti\u0161ao 2011. put Cibone, potom se jednu sezonu oku\u0161ao u inozemstvu, nakon \u010dega je po \u010detiri godine igrao za Zagreb i Split. Sezonu je po\u010deo u Sonik Puntamici. &#8211; Jo\u0161 ljetos imao sam neke razgovore [&hellip;]\" \/>\n<meta property=\"og:url\" content=\"https:\/\/radioljubuski.ba\/index.php\/2021\/10\/16\/marcinkovic-moj-cin-nije-bio-usmjeren-ni-protiv-kluba-ni-protiv-grada\/\" \/>\n<meta property=\"og:site_name\" content=\"RADIO LJUBU\u0160KI\" \/>\n<meta property=\"article:publisher\" content=\"https:\/\/www.facebook.com\/Radiio-Ljubuski-1490835324566332\" \/>\n<meta property=\"article:published_time\" content=\"2021-10-15T23:09:43+00:00\" \/>\n<meta property=\"article:modified_time\" content=\"2021-10-15T23:09:44+00:00\" \/>\n<meta property=\"og:image\" content=\"https:\/\/radioljubuski.ba\/wp-content\/uploads\/2021\/10\/271688-722e3f2577f7d125d0d4-20211015152626.jpg\" \/>\n\t<meta property=\"og:image:width\" content=\"800\" \/>\n\t<meta property=\"og:image:height\" content=\"400\" \/>\n\t<meta property=\"og:image:type\" content=\"image\/jpeg\" \/>\n<meta name=\"author\" content=\"Radio Ljubu\u0161ki\" \/>\n<meta name=\"twitter:card\" content=\"summary_large_image\" \/>\n<meta name=\"twitter:creator\" content=\"@radioljubuski\" \/>\n<meta name=\"twitter:site\" content=\"@radioljubuski\" \/>\n<meta name=\"twitter:label1\" content=\"Napisao\/la\" \/>\n\t<meta name=\"twitter:data1\" content=\"Radio Ljubu\u0161ki\" \/>\n\t<meta name=\"twitter:label2\" content=\"Procijenjeno vrijeme \u010ditanja\" \/>\n\t<meta name=\"twitter:data2\" content=\"2 minute\" \/>\n<script type=\"application\/ld+json\" class=\"yoast-schema-graph\">{\"@context\":\"https:\\\/\\\/schema.org\",\"@graph\":[{\"@type\":\"Article\",\"@id\":\"https:\\\/\\\/radioljubuski.ba\\\/index.php\\\/2021\\\/10\\\/16\\\/marcinkovic-moj-cin-nije-bio-usmjeren-ni-protiv-kluba-ni-protiv-grada\\\/#article\",\"isPartOf\":{\"@id\":\"https:\\\/\\\/radioljubuski.ba\\\/index.php\\\/2021\\\/10\\\/16\\\/marcinkovic-moj-cin-nije-bio-usmjeren-ni-protiv-kluba-ni-protiv-grada\\\/\"},\"author\":{\"name\":\"Radio Ljubu\u0161ki\",\"@id\":\"https:\\\/\\\/radioljubuski.ba\\\/#\\\/schema\\\/person\\\/19fc700381a780f69665d7956c469e3b\"},\"headline\":\"Mar\u010dinkovi\u0107: &#8220;Moj \u010din nije bio usmjeren ni protiv kluba ni protiv grada&#8221;\",\"datePublished\":\"2021-10-15T23:09:43+00:00\",\"dateModified\":\"2021-10-15T23:09:44+00:00\",\"mainEntityOfPage\":{\"@id\":\"https:\\\/\\\/radioljubuski.ba\\\/index.php\\\/2021\\\/10\\\/16\\\/marcinkovic-moj-cin-nije-bio-usmjeren-ni-protiv-kluba-ni-protiv-grada\\\/\"},\"wordCount\":369,\"publisher\":{\"@id\":\"https:\\\/\\\/radioljubuski.ba\\\/#organization\"},\"image\":{\"@id\":\"https:\\\/\\\/radioljubuski.ba\\\/index.php\\\/2021\\\/10\\\/16\\\/marcinkovic-moj-cin-nije-bio-usmjeren-ni-protiv-kluba-ni-protiv-grada\\\/#primaryimage\"},\"thumbnailUrl\":\"https:\\\/\\\/radioljubuski.ba\\\/wp-content\\\/uploads\\\/2021\\\/10\\\/271688-722e3f2577f7d125d0d4-20211015152626.jpg\",\"articleSection\":[\"\u0160port\"],\"inLanguage\":\"hr\"},{\"@type\":\"WebPage\",\"@id\":\"https:\\\/\\\/radioljubuski.ba\\\/index.php\\\/2021\\\/10\\\/16\\\/marcinkovic-moj-cin-nije-bio-usmjeren-ni-protiv-kluba-ni-protiv-grada\\\/\",\"url\":\"https:\\\/\\\/radioljubuski.ba\\\/index.php\\\/2021\\\/10\\\/16\\\/marcinkovic-moj-cin-nije-bio-usmjeren-ni-protiv-kluba-ni-protiv-grada\\\/\",\"name\":\"Mar\u010dinkovi\u0107: \\\"Moj \u010din nije bio usmjeren ni protiv kluba ni protiv grada\\\" - RADIO LJUBU\u0160KI\",\"isPartOf\":{\"@id\":\"https:\\\/\\\/radioljubuski.ba\\\/#website\"},\"primaryImageOfPage\":{\"@id\":\"https:\\\/\\\/radioljubuski.ba\\\/index.php\\\/2021\\\/10\\\/16\\\/marcinkovic-moj-cin-nije-bio-usmjeren-ni-protiv-kluba-ni-protiv-grada\\\/#primaryimage\"},\"image\":{\"@id\":\"https:\\\/\\\/radioljubuski.ba\\\/index.php\\\/2021\\\/10\\\/16\\\/marcinkovic-moj-cin-nije-bio-usmjeren-ni-protiv-kluba-ni-protiv-grada\\\/#primaryimage\"},\"thumbnailUrl\":\"https:\\\/\\\/radioljubuski.ba\\\/wp-content\\\/uploads\\\/2021\\\/10\\\/271688-722e3f2577f7d125d0d4-20211015152626.jpg\",\"datePublished\":\"2021-10-15T23:09:43+00:00\",\"dateModified\":\"2021-10-15T23:09:44+00:00\",\"breadcrumb\":{\"@id\":\"https:\\\/\\\/radioljubuski.ba\\\/index.php\\\/2021\\\/10\\\/16\\\/marcinkovic-moj-cin-nije-bio-usmjeren-ni-protiv-kluba-ni-protiv-grada\\\/#breadcrumb\"},\"inLanguage\":\"hr\",\"potentialAction\":[{\"@type\":\"ReadAction\",\"target\":[\"https:\\\/\\\/radioljubuski.ba\\\/index.php\\\/2021\\\/10\\\/16\\\/marcinkovic-moj-cin-nije-bio-usmjeren-ni-protiv-kluba-ni-protiv-grada\\\/\"]}]},{\"@type\":\"ImageObject\",\"inLanguage\":\"hr\",\"@id\":\"https:\\\/\\\/radioljubuski.ba\\\/index.php\\\/2021\\\/10\\\/16\\\/marcinkovic-moj-cin-nije-bio-usmjeren-ni-protiv-kluba-ni-protiv-grada\\\/#primaryimage\",\"url\":\"https:\\\/\\\/radioljubuski.ba\\\/wp-content\\\/uploads\\\/2021\\\/10\\\/271688-722e3f2577f7d125d0d4-20211015152626.jpg\",\"contentUrl\":\"https:\\\/\\\/radioljubuski.ba\\\/wp-content\\\/uploads\\\/2021\\\/10\\\/271688-722e3f2577f7d125d0d4-20211015152626.jpg\",\"width\":800,\"height\":400},{\"@type\":\"BreadcrumbList\",\"@id\":\"https:\\\/\\\/radioljubuski.ba\\\/index.php\\\/2021\\\/10\\\/16\\\/marcinkovic-moj-cin-nije-bio-usmjeren-ni-protiv-kluba-ni-protiv-grada\\\/#breadcrumb\",\"itemListElement\":[{\"@type\":\"ListItem\",\"position\":1,\"name\":\"Po\u010detna stranica\",\"item\":\"https:\\\/\\\/radioljubuski.ba\\\/\"},{\"@type\":\"ListItem\",\"position\":2,\"name\":\"Mar\u010dinkovi\u0107: &#8220;Moj \u010din nije bio usmjeren ni protiv kluba ni protiv grada&#8221;\"}]},{\"@type\":\"WebSite\",\"@id\":\"https:\\\/\\\/radioljubuski.ba\\\/#website\",\"url\":\"https:\\\/\\\/radioljubuski.ba\\\/\",\"name\":\"Radio Ljubu\u0161ki\",\"description\":\"Sun\u010dana frekvencija Hercegovine\",\"publisher\":{\"@id\":\"https:\\\/\\\/radioljubuski.ba\\\/#organization\"},\"potentialAction\":[{\"@type\":\"SearchAction\",\"target\":{\"@type\":\"EntryPoint\",\"urlTemplate\":\"https:\\\/\\\/radioljubuski.ba\\\/?s={search_term_string}\"},\"query-input\":{\"@type\":\"PropertyValueSpecification\",\"valueRequired\":true,\"valueName\":\"search_term_string\"}}],\"inLanguage\":\"hr\"},{\"@type\":\"Organization\",\"@id\":\"https:\\\/\\\/radioljubuski.ba\\\/#organization\",\"name\":\"Radio Ljubu\u0161ki\",\"url\":\"https:\\\/\\\/radioljubuski.ba\\\/\",\"logo\":{\"@type\":\"ImageObject\",\"inLanguage\":\"hr\",\"@id\":\"https:\\\/\\\/radioljubuski.ba\\\/#\\\/schema\\\/logo\\\/image\\\/\",\"url\":\"https:\\\/\\\/radioljubuski.ba\\\/wp-content\\\/uploads\\\/2021\\\/02\\\/cropped-Radio_Ljubuski_logo1.jpg\",\"contentUrl\":\"https:\\\/\\\/radioljubuski.ba\\\/wp-content\\\/uploads\\\/2021\\\/02\\\/cropped-Radio_Ljubuski_logo1.jpg\",\"width\":512,\"height\":512,\"caption\":\"Radio Ljubu\u0161ki\"},\"image\":{\"@id\":\"https:\\\/\\\/radioljubuski.ba\\\/#\\\/schema\\\/logo\\\/image\\\/\"},\"sameAs\":[\"https:\\\/\\\/www.facebook.com\\\/Radiio-Ljubuski-1490835324566332\",\"https:\\\/\\\/x.com\\\/radioljubuski\",\"https:\\\/\\\/hr.linkedin.com\\\/company\\\/radio-ljubuski\",\"https:\\\/\\\/www.youtube.com\\\/channel\\\/UCHYaeO_n0Db3tjNGudGpXyw\"]},{\"@type\":\"Person\",\"@id\":\"https:\\\/\\\/radioljubuski.ba\\\/#\\\/schema\\\/person\\\/19fc700381a780f69665d7956c469e3b\",\"name\":\"Radio Ljubu\u0161ki\"}]}<\/script>\n<!-- \/ Yoast SEO plugin. -->","yoast_head_json":{"title":"Mar\u010dinkovi\u0107: \"Moj \u010din nije bio usmjeren ni protiv kluba ni protiv grada\" - RADIO LJUBU\u0160KI","robots":{"index":"index","follow":"follow","max-snippet":"max-snippet:-1","max-image-preview":"max-image-preview:large","max-video-preview":"max-video-preview:-1"},"canonical":"https:\/\/radioljubuski.ba\/index.php\/2021\/10\/16\/marcinkovic-moj-cin-nije-bio-usmjeren-ni-protiv-kluba-ni-protiv-grada\/","og_locale":"hr_HR","og_type":"article","og_title":"Mar\u010dinkovi\u0107: \"Moj \u010din nije bio usmjeren ni protiv kluba ni protiv grada\" - RADIO LJUBU\u0160KI","og_description":"Pavle Mar\u010dinkovi\u0107 u nedjelju \u0107e odjenuti dres Ko\u0161arka\u0161kog kluba Zadar prvi put nakon punih 10 godina. S Vi\u0161njika je Pavle oti\u0161ao 2011. put Cibone, potom se jednu sezonu oku\u0161ao u inozemstvu, nakon \u010dega je po \u010detiri godine igrao za Zagreb i Split. Sezonu je po\u010deo u Sonik Puntamici. &#8211; Jo\u0161 ljetos imao sam neke razgovore [&hellip;]","og_url":"https:\/\/radioljubuski.ba\/index.php\/2021\/10\/16\/marcinkovic-moj-cin-nije-bio-usmjeren-ni-protiv-kluba-ni-protiv-grada\/","og_site_name":"RADIO LJUBU\u0160KI","article_publisher":"https:\/\/www.facebook.com\/Radiio-Ljubuski-1490835324566332","article_published_time":"2021-10-15T23:09:43+00:00","article_modified_time":"2021-10-15T23:09:44+00:00","og_image":[{"width":800,"height":400,"url":"https:\/\/radioljubuski.ba\/wp-content\/uploads\/2021\/10\/271688-722e3f2577f7d125d0d4-20211015152626.jpg","type":"image\/jpeg"}],"author":"Radio Ljubu\u0161ki","twitter_card":"summary_large_image","twitter_creator":"@radioljubuski","twitter_site":"@radioljubuski","twitter_misc":{"Napisao\/la":"Radio Ljubu\u0161ki","Procijenjeno vrijeme \u010ditanja":"2 minute"},"schema":{"@context":"https:\/\/schema.org","@graph":[{"@type":"Article","@id":"https:\/\/radioljubuski.ba\/index.php\/2021\/10\/16\/marcinkovic-moj-cin-nije-bio-usmjeren-ni-protiv-kluba-ni-protiv-grada\/#article","isPartOf":{"@id":"https:\/\/radioljubuski.ba\/index.php\/2021\/10\/16\/marcinkovic-moj-cin-nije-bio-usmjeren-ni-protiv-kluba-ni-protiv-grada\/"},"author":{"name":"Radio Ljubu\u0161ki","@id":"https:\/\/radioljubuski.ba\/#\/schema\/person\/19fc700381a780f69665d7956c469e3b"},"headline":"Mar\u010dinkovi\u0107: &#8220;Moj \u010din nije bio usmjeren ni protiv kluba ni protiv grada&#8221;","datePublished":"2021-10-15T23:09:43+00:00","dateModified":"2021-10-15T23:09:44+00:00","mainEntityOfPage":{"@id":"https:\/\/radioljubuski.ba\/index.php\/2021\/10\/16\/marcinkovic-moj-cin-nije-bio-usmjeren-ni-protiv-kluba-ni-protiv-grada\/"},"wordCount":369,"publisher":{"@id":"https:\/\/radioljubuski.ba\/#organization"},"image":{"@id":"https:\/\/radioljubuski.ba\/index.php\/2021\/10\/16\/marcinkovic-moj-cin-nije-bio-usmjeren-ni-protiv-kluba-ni-protiv-grada\/#primaryimage"},"thumbnailUrl":"https:\/\/radioljubuski.ba\/wp-content\/uploads\/2021\/10\/271688-722e3f2577f7d125d0d4-20211015152626.jpg","articleSection":["\u0160port"],"inLanguage":"hr"},{"@type":"WebPage","@id":"https:\/\/radioljubuski.ba\/index.php\/2021\/10\/16\/marcinkovic-moj-cin-nije-bio-usmjeren-ni-protiv-kluba-ni-protiv-grada\/","url":"https:\/\/radioljubuski.ba\/index.php\/2021\/10\/16\/marcinkovic-moj-cin-nije-bio-usmjeren-ni-protiv-kluba-ni-protiv-grada\/","name":"Mar\u010dinkovi\u0107: \"Moj \u010din nije bio usmjeren ni protiv kluba ni protiv grada\" - RADIO LJUBU\u0160KI","isPartOf":{"@id":"https:\/\/radioljubuski.ba\/#website"},"primaryImageOfPage":{"@id":"https:\/\/radioljubuski.ba\/index.php\/2021\/10\/16\/marcinkovic-moj-cin-nije-bio-usmjeren-ni-protiv-kluba-ni-protiv-grada\/#primaryimage"},"image":{"@id":"https:\/\/radioljubuski.ba\/index.php\/2021\/10\/16\/marcinkovic-moj-cin-nije-bio-usmjeren-ni-protiv-kluba-ni-protiv-grada\/#primaryimage"},"thumbnailUrl":"https:\/\/radioljubuski.ba\/wp-content\/uploads\/2021\/10\/271688-722e3f2577f7d125d0d4-20211015152626.jpg","datePublished":"2021-10-15T23:09:43+00:00","dateModified":"2021-10-15T23:09:44+00:00","breadcrumb":{"@id":"https:\/\/radioljubuski.ba\/index.php\/2021\/10\/16\/marcinkovic-moj-cin-nije-bio-usmjeren-ni-protiv-kluba-ni-protiv-grada\/#breadcrumb"},"inLanguage":"hr","potentialAction":[{"@type":"ReadAction","target":["https:\/\/radioljubuski.ba\/index.php\/2021\/10\/16\/marcinkovic-moj-cin-nije-bio-usmjeren-ni-protiv-kluba-ni-protiv-grada\/"]}]},{"@type":"ImageObject","inLanguage":"hr","@id":"https:\/\/radioljubuski.ba\/index.php\/2021\/10\/16\/marcinkovic-moj-cin-nije-bio-usmjeren-ni-protiv-kluba-ni-protiv-grada\/#primaryimage","url":"https:\/\/radioljubuski.ba\/wp-content\/uploads\/2021\/10\/271688-722e3f2577f7d125d0d4-20211015152626.jpg","contentUrl":"https:\/\/radioljubuski.ba\/wp-content\/uploads\/2021\/10\/271688-722e3f2577f7d125d0d4-20211015152626.jpg","width":800,"height":400},{"@type":"BreadcrumbList","@id":"https:\/\/radioljubuski.ba\/index.php\/2021\/10\/16\/marcinkovic-moj-cin-nije-bio-usmjeren-ni-protiv-kluba-ni-protiv-grada\/#breadcrumb","itemListElement":[{"@type":"ListItem","position":1,"name":"Po\u010detna stranica","item":"https:\/\/radioljubuski.ba\/"},{"@type":"ListItem","position":2,"name":"Mar\u010dinkovi\u0107: &#8220;Moj \u010din nije bio usmjeren ni protiv kluba ni protiv grada&#8221;"}]},{"@type":"WebSite","@id":"https:\/\/radioljubuski.ba\/#website","url":"https:\/\/radioljubuski.ba\/","name":"Radio Ljubu\u0161ki","description":"Sun\u010dana frekvencija Hercegovine","publisher":{"@id":"https:\/\/radioljubuski.ba\/#organization"},"potentialAction":[{"@type":"SearchAction","target":{"@type":"EntryPoint","urlTemplate":"https:\/\/radioljubuski.ba\/?s={search_term_string}"},"query-input":{"@type":"PropertyValueSpecification","valueRequired":true,"valueName":"search_term_string"}}],"inLanguage":"hr"},{"@type":"Organization","@id":"https:\/\/radioljubuski.ba\/#organization","name":"Radio Ljubu\u0161ki","url":"https:\/\/radioljubuski.ba\/","logo":{"@type":"ImageObject","inLanguage":"hr","@id":"https:\/\/radioljubuski.ba\/#\/schema\/logo\/image\/","url":"https:\/\/radioljubuski.ba\/wp-content\/uploads\/2021\/02\/cropped-Radio_Ljubuski_logo1.jpg","contentUrl":"https:\/\/radioljubuski.ba\/wp-content\/uploads\/2021\/02\/cropped-Radio_Ljubuski_logo1.jpg","width":512,"height":512,"caption":"Radio Ljubu\u0161ki"},"image":{"@id":"https:\/\/radioljubuski.ba\/#\/schema\/logo\/image\/"},"sameAs":["https:\/\/www.facebook.com\/Radiio-Ljubuski-1490835324566332","https:\/\/x.com\/radioljubuski","https:\/\/hr.linkedin.com\/company\/radio-ljubuski","https:\/\/www.youtube.com\/channel\/UCHYaeO_n0Db3tjNGudGpXyw"]},{"@type":"Person","@id":"https:\/\/radioljubuski.ba\/#\/schema\/person\/19fc700381a780f69665d7956c469e3b","name":"Radio Ljubu\u0161ki"}]}},"_links":{"self":[{"href":"https:\/\/radioljubuski.ba\/index.php\/wp-json\/wp\/v2\/posts\/76319","targetHints":{"allow":["GET"]}}],"collection":[{"href":"https:\/\/radioljubuski.ba\/index.php\/wp-json\/wp\/v2\/posts"}],"about":[{"href":"https:\/\/radioljubuski.ba\/index.php\/wp-json\/wp\/v2\/types\/post"}],"author":[{"embeddable":true,"href":"https:\/\/radioljubuski.ba\/index.php\/wp-json\/wp\/v2\/users\/2"}],"replies":[{"embeddable":true,"href":"https:\/\/radioljubuski.ba\/index.php\/wp-json\/wp\/v2\/comments?post=76319"}],"version-history":[{"count":1,"href":"https:\/\/radioljubuski.ba\/index.php\/wp-json\/wp\/v2\/posts\/76319\/revisions"}],"predecessor-version":[{"id":76321,"href":"https:\/\/radioljubuski.ba\/index.php\/wp-json\/wp\/v2\/posts\/76319\/revisions\/76321"}],"wp:featuredmedia":[{"embeddable":true,"href":"https:\/\/radioljubuski.ba\/index.php\/wp-json\/wp\/v2\/media\/76320"}],"wp:attachment":[{"href":"https:\/\/radioljubuski.ba\/index.php\/wp-json\/wp\/v2\/media?parent=76319"}],"wp:term":[{"taxonomy":"category","embeddable":true,"href":"https:\/\/radioljubuski.ba\/index.php\/wp-json\/wp\/v2\/categories?post=76319"},{"taxonomy":"post_tag","embeddable":true,"href":"https:\/\/radioljubuski.ba\/index.php\/wp-json\/wp\/v2\/tags?post=76319"}],"curies":[{"name":"wp","href":"https:\/\/api.w.org\/{rel}","templated":true}]}}