{"id":76328,"date":"2021-10-16T00:14:21","date_gmt":"2021-10-15T23:14:21","guid":{"rendered":"https:\/\/radioljubuski.ba\/?p=76328"},"modified":"2021-10-16T00:14:22","modified_gmt":"2021-10-15T23:14:22","slug":"jovanovic-mlada-smo-ekipa-i-bit-ce-ovakvih-oscilacija","status":"publish","type":"post","link":"https:\/\/radioljubuski.ba\/index.php\/2021\/10\/16\/jovanovic-mlada-smo-ekipa-i-bit-ce-ovakvih-oscilacija\/","title":{"rendered":"Jovanovi\u0107: Mlada smo ekipa i bit \u0107e ovakvih oscilacija"},"content":{"rendered":"\n<p><strong>U utakmici 4. kola ABA lige Cibona je izgubila od Partizana 61-79 pred odli\u010dno raspolo\u017eenim Dra\u017eenovim domom.&nbsp;<\/strong><\/p>\n\n\n\n<p>Bila je to atraktivna utakmica u kojoj Vukove nije slu\u017eio \u0161ut te se to nije moglo nadoknaditi protiv raspolo\u017eenog protivnika.<br><br>Nakon utakmice trener Cibone&nbsp;<strong>Vladimir Jovanovi\u0107<\/strong>&nbsp;izrazio je podr\u0161ku svojoj ekipi.<br><br>&#8211; \u010cestitam Partizanu na pobjedi. Na\u0161a ekipa je energetski odigrala odli\u010dno i tu smo parirali suparniku \u0161to govori i aplauz publike na kraju utakmice. Da bi se uzeli veliki skalpovi ne smijemo igrati lo\u0161e \u0161uterske utakmice kao ovu danas gdje smo tricu ga\u0111ali samo 17 posto. To su bili neki otvoreni \u0161utevi i ziceri kao ona dva pri vodstvu Partizana 51-50 gdje se mogao okrenuti tijek utakmice, ali nismo uspjeli. Mi smo mlada ekipa i bit \u0107e ovakvih oscilacija, moramo dignuti glavu gledati naprijed i raditi dalje. \u017delim posebno pohvaliti publiku, bili su fantasti\u010dni, i nadam se da \u0107e i ubudu\u0107e dolaziti u ovakvom broju.<br><br>Trener gostiju&nbsp;<strong>\u017deljko Obradovi\u0107&nbsp;<\/strong>rekao je kako je utakmica bila te\u0161ka.<br><br>&#8211; Protiv jedne mlade Cibone koja radi dobar posao i sigurno da \u0107e napredovati. Mi u ovom trenutku moramo igrati pametno, \u0161to u nekim trenucima ne radimo i na tome \u0107u inzistirati. Odluke koje donosimo moraju biti bolje i lopta mora biti kod onih koji su u tom trenutku raspolo\u017eeni. Mi \u0107emo i nakon ove utakmice sjesti i proanalizirati sve i vidjeti gdje jo\u0161 mo\u017eemo napredovati.<\/p>\n\n\n\n<p>Izvor:hrt.hr<\/p>\n","protected":false},"excerpt":{"rendered":"<p>U utakmici 4. kola ABA lige Cibona je izgubila od Partizana 61-79 pred odli\u010dno raspolo\u017eenim Dra\u017eenovim domom.&nbsp; Bila je to atraktivna utakmica u kojoj Vukove nije slu\u017eio \u0161ut te se to nije moglo nadoknaditi protiv raspolo\u017eenog protivnika. Nakon utakmice trener Cibone&nbsp;Vladimir Jovanovi\u0107&nbsp;izrazio je podr\u0161ku svojoj ekipi. &#8211; \u010cestitam Partizanu na pobjedi. Na\u0161a ekipa je energetski [&hellip;]<\/p>\n","protected":false},"author":2,"featured_media":76329,"comment_status":"closed","ping_status":"closed","sticky":false,"template":"","format":"standard","meta":{"h5ap_radio_sources":[],"footnotes":""},"categories":[7],"tags":[],"class_list":["post-76328","post","type-post","status-publish","format-standard","has-post-thumbnail","hentry","category-sport"],"yoast_head":"<!-- This site is optimized with the Yoast SEO plugin v27.4 - https:\/\/yoast.com\/product\/yoast-seo-wordpress\/ -->\n<title>Jovanovi\u0107: Mlada smo ekipa i bit \u0107e ovakvih oscilacija - RADIO LJUBU\u0160KI<\/title>\n<meta name=\"robots\" content=\"index, follow, max-snippet:-1, max-image-preview:large, max-video-preview:-1\" \/>\n<link rel=\"canonical\" href=\"https:\/\/radioljubuski.ba\/index.php\/2021\/10\/16\/jovanovic-mlada-smo-ekipa-i-bit-ce-ovakvih-oscilacija\/\" \/>\n<meta property=\"og:locale\" content=\"hr_HR\" \/>\n<meta property=\"og:type\" content=\"article\" \/>\n<meta property=\"og:title\" content=\"Jovanovi\u0107: Mlada smo ekipa i bit \u0107e ovakvih oscilacija - RADIO LJUBU\u0160KI\" \/>\n<meta property=\"og:description\" content=\"U utakmici 4. kola ABA lige Cibona je izgubila od Partizana 61-79 pred odli\u010dno raspolo\u017eenim Dra\u017eenovim domom.&nbsp; Bila je to atraktivna utakmica u kojoj Vukove nije slu\u017eio \u0161ut te se to nije moglo nadoknaditi protiv raspolo\u017eenog protivnika. Nakon utakmice trener Cibone&nbsp;Vladimir Jovanovi\u0107&nbsp;izrazio je podr\u0161ku svojoj ekipi. &#8211; \u010cestitam Partizanu na pobjedi. Na\u0161a ekipa je energetski [&hellip;]\" \/>\n<meta property=\"og:url\" content=\"https:\/\/radioljubuski.ba\/index.php\/2021\/10\/16\/jovanovic-mlada-smo-ekipa-i-bit-ce-ovakvih-oscilacija\/\" \/>\n<meta property=\"og:site_name\" content=\"RADIO LJUBU\u0160KI\" \/>\n<meta property=\"article:publisher\" content=\"https:\/\/www.facebook.com\/Radiio-Ljubuski-1490835324566332\" \/>\n<meta property=\"article:published_time\" content=\"2021-10-15T23:14:21+00:00\" \/>\n<meta property=\"article:modified_time\" content=\"2021-10-15T23:14:22+00:00\" \/>\n<meta property=\"og:image\" content=\"https:\/\/radioljubuski.ba\/wp-content\/uploads\/2021\/10\/pxl-151021-90182267-20211015202934.jpg\" \/>\n\t<meta property=\"og:image:width\" content=\"1072\" \/>\n\t<meta property=\"og:image:height\" content=\"776\" \/>\n\t<meta property=\"og:image:type\" content=\"image\/jpeg\" \/>\n<meta name=\"author\" content=\"Radio Ljubu\u0161ki\" \/>\n<meta name=\"twitter:card\" content=\"summary_large_image\" \/>\n<meta name=\"twitter:creator\" content=\"@radioljubuski\" \/>\n<meta name=\"twitter:site\" content=\"@radioljubuski\" \/>\n<meta name=\"twitter:label1\" content=\"Napisao\/la\" \/>\n\t<meta name=\"twitter:data1\" content=\"Radio Ljubu\u0161ki\" \/>\n\t<meta name=\"twitter:label2\" content=\"Procijenjeno vrijeme \u010ditanja\" \/>\n\t<meta name=\"twitter:data2\" content=\"2 minute\" \/>\n<script type=\"application\/ld+json\" class=\"yoast-schema-graph\">{\"@context\":\"https:\\\/\\\/schema.org\",\"@graph\":[{\"@type\":\"Article\",\"@id\":\"https:\\\/\\\/radioljubuski.ba\\\/index.php\\\/2021\\\/10\\\/16\\\/jovanovic-mlada-smo-ekipa-i-bit-ce-ovakvih-oscilacija\\\/#article\",\"isPartOf\":{\"@id\":\"https:\\\/\\\/radioljubuski.ba\\\/index.php\\\/2021\\\/10\\\/16\\\/jovanovic-mlada-smo-ekipa-i-bit-ce-ovakvih-oscilacija\\\/\"},\"author\":{\"name\":\"Radio Ljubu\u0161ki\",\"@id\":\"https:\\\/\\\/radioljubuski.ba\\\/#\\\/schema\\\/person\\\/19fc700381a780f69665d7956c469e3b\"},\"headline\":\"Jovanovi\u0107: Mlada smo ekipa i bit \u0107e ovakvih oscilacija\",\"datePublished\":\"2021-10-15T23:14:21+00:00\",\"dateModified\":\"2021-10-15T23:14:22+00:00\",\"mainEntityOfPage\":{\"@id\":\"https:\\\/\\\/radioljubuski.ba\\\/index.php\\\/2021\\\/10\\\/16\\\/jovanovic-mlada-smo-ekipa-i-bit-ce-ovakvih-oscilacija\\\/\"},\"wordCount\":260,\"publisher\":{\"@id\":\"https:\\\/\\\/radioljubuski.ba\\\/#organization\"},\"image\":{\"@id\":\"https:\\\/\\\/radioljubuski.ba\\\/index.php\\\/2021\\\/10\\\/16\\\/jovanovic-mlada-smo-ekipa-i-bit-ce-ovakvih-oscilacija\\\/#primaryimage\"},\"thumbnailUrl\":\"https:\\\/\\\/radioljubuski.ba\\\/wp-content\\\/uploads\\\/2021\\\/10\\\/pxl-151021-90182267-20211015202934.jpg\",\"articleSection\":[\"\u0160port\"],\"inLanguage\":\"hr\"},{\"@type\":\"WebPage\",\"@id\":\"https:\\\/\\\/radioljubuski.ba\\\/index.php\\\/2021\\\/10\\\/16\\\/jovanovic-mlada-smo-ekipa-i-bit-ce-ovakvih-oscilacija\\\/\",\"url\":\"https:\\\/\\\/radioljubuski.ba\\\/index.php\\\/2021\\\/10\\\/16\\\/jovanovic-mlada-smo-ekipa-i-bit-ce-ovakvih-oscilacija\\\/\",\"name\":\"Jovanovi\u0107: Mlada smo ekipa i bit \u0107e ovakvih oscilacija - RADIO LJUBU\u0160KI\",\"isPartOf\":{\"@id\":\"https:\\\/\\\/radioljubuski.ba\\\/#website\"},\"primaryImageOfPage\":{\"@id\":\"https:\\\/\\\/radioljubuski.ba\\\/index.php\\\/2021\\\/10\\\/16\\\/jovanovic-mlada-smo-ekipa-i-bit-ce-ovakvih-oscilacija\\\/#primaryimage\"},\"image\":{\"@id\":\"https:\\\/\\\/radioljubuski.ba\\\/index.php\\\/2021\\\/10\\\/16\\\/jovanovic-mlada-smo-ekipa-i-bit-ce-ovakvih-oscilacija\\\/#primaryimage\"},\"thumbnailUrl\":\"https:\\\/\\\/radioljubuski.ba\\\/wp-content\\\/uploads\\\/2021\\\/10\\\/pxl-151021-90182267-20211015202934.jpg\",\"datePublished\":\"2021-10-15T23:14:21+00:00\",\"dateModified\":\"2021-10-15T23:14:22+00:00\",\"breadcrumb\":{\"@id\":\"https:\\\/\\\/radioljubuski.ba\\\/index.php\\\/2021\\\/10\\\/16\\\/jovanovic-mlada-smo-ekipa-i-bit-ce-ovakvih-oscilacija\\\/#breadcrumb\"},\"inLanguage\":\"hr\",\"potentialAction\":[{\"@type\":\"ReadAction\",\"target\":[\"https:\\\/\\\/radioljubuski.ba\\\/index.php\\\/2021\\\/10\\\/16\\\/jovanovic-mlada-smo-ekipa-i-bit-ce-ovakvih-oscilacija\\\/\"]}]},{\"@type\":\"ImageObject\",\"inLanguage\":\"hr\",\"@id\":\"https:\\\/\\\/radioljubuski.ba\\\/index.php\\\/2021\\\/10\\\/16\\\/jovanovic-mlada-smo-ekipa-i-bit-ce-ovakvih-oscilacija\\\/#primaryimage\",\"url\":\"https:\\\/\\\/radioljubuski.ba\\\/wp-content\\\/uploads\\\/2021\\\/10\\\/pxl-151021-90182267-20211015202934.jpg\",\"contentUrl\":\"https:\\\/\\\/radioljubuski.ba\\\/wp-content\\\/uploads\\\/2021\\\/10\\\/pxl-151021-90182267-20211015202934.jpg\",\"width\":1072,\"height\":776,\"caption\":\"15.10.2021., Zagreb - U KC Drazen Petrovic odigrana utakmica ABA lige izmedju Cibone i Partizana. Trener Cibone Vladimi Jovanovic. Photo: Slavko Midzor\\\/PIXSELL (15.10.2021., Zagreb - U KC Drazen Petrovic odigrana utakmica ABA lige izmedju Cibone i Par\"},{\"@type\":\"BreadcrumbList\",\"@id\":\"https:\\\/\\\/radioljubuski.ba\\\/index.php\\\/2021\\\/10\\\/16\\\/jovanovic-mlada-smo-ekipa-i-bit-ce-ovakvih-oscilacija\\\/#breadcrumb\",\"itemListElement\":[{\"@type\":\"ListItem\",\"position\":1,\"name\":\"Po\u010detna stranica\",\"item\":\"https:\\\/\\\/radioljubuski.ba\\\/\"},{\"@type\":\"ListItem\",\"position\":2,\"name\":\"Jovanovi\u0107: Mlada smo ekipa i bit \u0107e ovakvih oscilacija\"}]},{\"@type\":\"WebSite\",\"@id\":\"https:\\\/\\\/radioljubuski.ba\\\/#website\",\"url\":\"https:\\\/\\\/radioljubuski.ba\\\/\",\"name\":\"Radio Ljubu\u0161ki\",\"description\":\"Sun\u010dana frekvencija Hercegovine\",\"publisher\":{\"@id\":\"https:\\\/\\\/radioljubuski.ba\\\/#organization\"},\"potentialAction\":[{\"@type\":\"SearchAction\",\"target\":{\"@type\":\"EntryPoint\",\"urlTemplate\":\"https:\\\/\\\/radioljubuski.ba\\\/?s={search_term_string}\"},\"query-input\":{\"@type\":\"PropertyValueSpecification\",\"valueRequired\":true,\"valueName\":\"search_term_string\"}}],\"inLanguage\":\"hr\"},{\"@type\":\"Organization\",\"@id\":\"https:\\\/\\\/radioljubuski.ba\\\/#organization\",\"name\":\"Radio Ljubu\u0161ki\",\"url\":\"https:\\\/\\\/radioljubuski.ba\\\/\",\"logo\":{\"@type\":\"ImageObject\",\"inLanguage\":\"hr\",\"@id\":\"https:\\\/\\\/radioljubuski.ba\\\/#\\\/schema\\\/logo\\\/image\\\/\",\"url\":\"https:\\\/\\\/radioljubuski.ba\\\/wp-content\\\/uploads\\\/2021\\\/02\\\/cropped-Radio_Ljubuski_logo1.jpg\",\"contentUrl\":\"https:\\\/\\\/radioljubuski.ba\\\/wp-content\\\/uploads\\\/2021\\\/02\\\/cropped-Radio_Ljubuski_logo1.jpg\",\"width\":512,\"height\":512,\"caption\":\"Radio Ljubu\u0161ki\"},\"image\":{\"@id\":\"https:\\\/\\\/radioljubuski.ba\\\/#\\\/schema\\\/logo\\\/image\\\/\"},\"sameAs\":[\"https:\\\/\\\/www.facebook.com\\\/Radiio-Ljubuski-1490835324566332\",\"https:\\\/\\\/x.com\\\/radioljubuski\",\"https:\\\/\\\/hr.linkedin.com\\\/company\\\/radio-ljubuski\",\"https:\\\/\\\/www.youtube.com\\\/channel\\\/UCHYaeO_n0Db3tjNGudGpXyw\"]},{\"@type\":\"Person\",\"@id\":\"https:\\\/\\\/radioljubuski.ba\\\/#\\\/schema\\\/person\\\/19fc700381a780f69665d7956c469e3b\",\"name\":\"Radio Ljubu\u0161ki\"}]}<\/script>\n<!-- \/ Yoast SEO plugin. -->","yoast_head_json":{"title":"Jovanovi\u0107: Mlada smo ekipa i bit \u0107e ovakvih oscilacija - RADIO LJUBU\u0160KI","robots":{"index":"index","follow":"follow","max-snippet":"max-snippet:-1","max-image-preview":"max-image-preview:large","max-video-preview":"max-video-preview:-1"},"canonical":"https:\/\/radioljubuski.ba\/index.php\/2021\/10\/16\/jovanovic-mlada-smo-ekipa-i-bit-ce-ovakvih-oscilacija\/","og_locale":"hr_HR","og_type":"article","og_title":"Jovanovi\u0107: Mlada smo ekipa i bit \u0107e ovakvih oscilacija - RADIO LJUBU\u0160KI","og_description":"U utakmici 4. kola ABA lige Cibona je izgubila od Partizana 61-79 pred odli\u010dno raspolo\u017eenim Dra\u017eenovim domom.&nbsp; Bila je to atraktivna utakmica u kojoj Vukove nije slu\u017eio \u0161ut te se to nije moglo nadoknaditi protiv raspolo\u017eenog protivnika. Nakon utakmice trener Cibone&nbsp;Vladimir Jovanovi\u0107&nbsp;izrazio je podr\u0161ku svojoj ekipi. &#8211; \u010cestitam Partizanu na pobjedi. Na\u0161a ekipa je energetski [&hellip;]","og_url":"https:\/\/radioljubuski.ba\/index.php\/2021\/10\/16\/jovanovic-mlada-smo-ekipa-i-bit-ce-ovakvih-oscilacija\/","og_site_name":"RADIO LJUBU\u0160KI","article_publisher":"https:\/\/www.facebook.com\/Radiio-Ljubuski-1490835324566332","article_published_time":"2021-10-15T23:14:21+00:00","article_modified_time":"2021-10-15T23:14:22+00:00","og_image":[{"width":1072,"height":776,"url":"https:\/\/radioljubuski.ba\/wp-content\/uploads\/2021\/10\/pxl-151021-90182267-20211015202934.jpg","type":"image\/jpeg"}],"author":"Radio Ljubu\u0161ki","twitter_card":"summary_large_image","twitter_creator":"@radioljubuski","twitter_site":"@radioljubuski","twitter_misc":{"Napisao\/la":"Radio Ljubu\u0161ki","Procijenjeno vrijeme \u010ditanja":"2 minute"},"schema":{"@context":"https:\/\/schema.org","@graph":[{"@type":"Article","@id":"https:\/\/radioljubuski.ba\/index.php\/2021\/10\/16\/jovanovic-mlada-smo-ekipa-i-bit-ce-ovakvih-oscilacija\/#article","isPartOf":{"@id":"https:\/\/radioljubuski.ba\/index.php\/2021\/10\/16\/jovanovic-mlada-smo-ekipa-i-bit-ce-ovakvih-oscilacija\/"},"author":{"name":"Radio Ljubu\u0161ki","@id":"https:\/\/radioljubuski.ba\/#\/schema\/person\/19fc700381a780f69665d7956c469e3b"},"headline":"Jovanovi\u0107: Mlada smo ekipa i bit \u0107e ovakvih oscilacija","datePublished":"2021-10-15T23:14:21+00:00","dateModified":"2021-10-15T23:14:22+00:00","mainEntityOfPage":{"@id":"https:\/\/radioljubuski.ba\/index.php\/2021\/10\/16\/jovanovic-mlada-smo-ekipa-i-bit-ce-ovakvih-oscilacija\/"},"wordCount":260,"publisher":{"@id":"https:\/\/radioljubuski.ba\/#organization"},"image":{"@id":"https:\/\/radioljubuski.ba\/index.php\/2021\/10\/16\/jovanovic-mlada-smo-ekipa-i-bit-ce-ovakvih-oscilacija\/#primaryimage"},"thumbnailUrl":"https:\/\/radioljubuski.ba\/wp-content\/uploads\/2021\/10\/pxl-151021-90182267-20211015202934.jpg","articleSection":["\u0160port"],"inLanguage":"hr"},{"@type":"WebPage","@id":"https:\/\/radioljubuski.ba\/index.php\/2021\/10\/16\/jovanovic-mlada-smo-ekipa-i-bit-ce-ovakvih-oscilacija\/","url":"https:\/\/radioljubuski.ba\/index.php\/2021\/10\/16\/jovanovic-mlada-smo-ekipa-i-bit-ce-ovakvih-oscilacija\/","name":"Jovanovi\u0107: Mlada smo ekipa i bit \u0107e ovakvih oscilacija - RADIO LJUBU\u0160KI","isPartOf":{"@id":"https:\/\/radioljubuski.ba\/#website"},"primaryImageOfPage":{"@id":"https:\/\/radioljubuski.ba\/index.php\/2021\/10\/16\/jovanovic-mlada-smo-ekipa-i-bit-ce-ovakvih-oscilacija\/#primaryimage"},"image":{"@id":"https:\/\/radioljubuski.ba\/index.php\/2021\/10\/16\/jovanovic-mlada-smo-ekipa-i-bit-ce-ovakvih-oscilacija\/#primaryimage"},"thumbnailUrl":"https:\/\/radioljubuski.ba\/wp-content\/uploads\/2021\/10\/pxl-151021-90182267-20211015202934.jpg","datePublished":"2021-10-15T23:14:21+00:00","dateModified":"2021-10-15T23:14:22+00:00","breadcrumb":{"@id":"https:\/\/radioljubuski.ba\/index.php\/2021\/10\/16\/jovanovic-mlada-smo-ekipa-i-bit-ce-ovakvih-oscilacija\/#breadcrumb"},"inLanguage":"hr","potentialAction":[{"@type":"ReadAction","target":["https:\/\/radioljubuski.ba\/index.php\/2021\/10\/16\/jovanovic-mlada-smo-ekipa-i-bit-ce-ovakvih-oscilacija\/"]}]},{"@type":"ImageObject","inLanguage":"hr","@id":"https:\/\/radioljubuski.ba\/index.php\/2021\/10\/16\/jovanovic-mlada-smo-ekipa-i-bit-ce-ovakvih-oscilacija\/#primaryimage","url":"https:\/\/radioljubuski.ba\/wp-content\/uploads\/2021\/10\/pxl-151021-90182267-20211015202934.jpg","contentUrl":"https:\/\/radioljubuski.ba\/wp-content\/uploads\/2021\/10\/pxl-151021-90182267-20211015202934.jpg","width":1072,"height":776,"caption":"15.10.2021., Zagreb - U KC Drazen Petrovic odigrana utakmica ABA lige izmedju Cibone i Partizana. Trener Cibone Vladimi Jovanovic. Photo: Slavko Midzor\/PIXSELL (15.10.2021., Zagreb - U KC Drazen Petrovic odigrana utakmica ABA lige izmedju Cibone i Par"},{"@type":"BreadcrumbList","@id":"https:\/\/radioljubuski.ba\/index.php\/2021\/10\/16\/jovanovic-mlada-smo-ekipa-i-bit-ce-ovakvih-oscilacija\/#breadcrumb","itemListElement":[{"@type":"ListItem","position":1,"name":"Po\u010detna stranica","item":"https:\/\/radioljubuski.ba\/"},{"@type":"ListItem","position":2,"name":"Jovanovi\u0107: Mlada smo ekipa i bit \u0107e ovakvih oscilacija"}]},{"@type":"WebSite","@id":"https:\/\/radioljubuski.ba\/#website","url":"https:\/\/radioljubuski.ba\/","name":"Radio Ljubu\u0161ki","description":"Sun\u010dana frekvencija Hercegovine","publisher":{"@id":"https:\/\/radioljubuski.ba\/#organization"},"potentialAction":[{"@type":"SearchAction","target":{"@type":"EntryPoint","urlTemplate":"https:\/\/radioljubuski.ba\/?s={search_term_string}"},"query-input":{"@type":"PropertyValueSpecification","valueRequired":true,"valueName":"search_term_string"}}],"inLanguage":"hr"},{"@type":"Organization","@id":"https:\/\/radioljubuski.ba\/#organization","name":"Radio Ljubu\u0161ki","url":"https:\/\/radioljubuski.ba\/","logo":{"@type":"ImageObject","inLanguage":"hr","@id":"https:\/\/radioljubuski.ba\/#\/schema\/logo\/image\/","url":"https:\/\/radioljubuski.ba\/wp-content\/uploads\/2021\/02\/cropped-Radio_Ljubuski_logo1.jpg","contentUrl":"https:\/\/radioljubuski.ba\/wp-content\/uploads\/2021\/02\/cropped-Radio_Ljubuski_logo1.jpg","width":512,"height":512,"caption":"Radio Ljubu\u0161ki"},"image":{"@id":"https:\/\/radioljubuski.ba\/#\/schema\/logo\/image\/"},"sameAs":["https:\/\/www.facebook.com\/Radiio-Ljubuski-1490835324566332","https:\/\/x.com\/radioljubuski","https:\/\/hr.linkedin.com\/company\/radio-ljubuski","https:\/\/www.youtube.com\/channel\/UCHYaeO_n0Db3tjNGudGpXyw"]},{"@type":"Person","@id":"https:\/\/radioljubuski.ba\/#\/schema\/person\/19fc700381a780f69665d7956c469e3b","name":"Radio Ljubu\u0161ki"}]}},"_links":{"self":[{"href":"https:\/\/radioljubuski.ba\/index.php\/wp-json\/wp\/v2\/posts\/76328","targetHints":{"allow":["GET"]}}],"collection":[{"href":"https:\/\/radioljubuski.ba\/index.php\/wp-json\/wp\/v2\/posts"}],"about":[{"href":"https:\/\/radioljubuski.ba\/index.php\/wp-json\/wp\/v2\/types\/post"}],"author":[{"embeddable":true,"href":"https:\/\/radioljubuski.ba\/index.php\/wp-json\/wp\/v2\/users\/2"}],"replies":[{"embeddable":true,"href":"https:\/\/radioljubuski.ba\/index.php\/wp-json\/wp\/v2\/comments?post=76328"}],"version-history":[{"count":1,"href":"https:\/\/radioljubuski.ba\/index.php\/wp-json\/wp\/v2\/posts\/76328\/revisions"}],"predecessor-version":[{"id":76330,"href":"https:\/\/radioljubuski.ba\/index.php\/wp-json\/wp\/v2\/posts\/76328\/revisions\/76330"}],"wp:featuredmedia":[{"embeddable":true,"href":"https:\/\/radioljubuski.ba\/index.php\/wp-json\/wp\/v2\/media\/76329"}],"wp:attachment":[{"href":"https:\/\/radioljubuski.ba\/index.php\/wp-json\/wp\/v2\/media?parent=76328"}],"wp:term":[{"taxonomy":"category","embeddable":true,"href":"https:\/\/radioljubuski.ba\/index.php\/wp-json\/wp\/v2\/categories?post=76328"},{"taxonomy":"post_tag","embeddable":true,"href":"https:\/\/radioljubuski.ba\/index.php\/wp-json\/wp\/v2\/tags?post=76328"}],"curies":[{"name":"wp","href":"https:\/\/api.w.org\/{rel}","templated":true}]}}