{"id":76331,"date":"2021-10-16T00:15:38","date_gmt":"2021-10-15T23:15:38","guid":{"rendered":"https:\/\/radioljubuski.ba\/?p=76331"},"modified":"2021-10-16T00:15:39","modified_gmt":"2021-10-15T23:15:39","slug":"barcelona-drugi-put-u-nizu-slavila-nakon-produzetka","status":"publish","type":"post","link":"https:\/\/radioljubuski.ba\/index.php\/2021\/10\/16\/barcelona-drugi-put-u-nizu-slavila-nakon-produzetka\/","title":{"rendered":"Barcelona drugi put u nizu slavila nakon produ\u017eetka"},"content":{"rendered":"\n<p><strong>Ko\u0161arka\u0161i Barcelone ostali su savr\u0161eni i nakon 4. kola Eurolige, a zanimljivo je da su slavili drugi put u nizu nakon produ\u017eetka.<\/strong><\/p>\n\n\n\n<p>Nakon \u0161to su u dodanih pet minuta svladali Olympiakos u pro\u0161lom kolu, na doma\u0107em parketu, ovaj put su u gostima pobijedili Monaco, novu mom\u010dad u Euroligi, 85-81 iako su bili pred porazom. Naime, produ\u017eetak je Barceloni osigurao&nbsp;<strong>Davies&nbsp;<\/strong>ko\u0161em dvije sekunde prije kraja. U produ\u017eetku je Barcelona stalno bila u prednosti, a sve je zaklju\u010dio&nbsp;<strong>Higgins&nbsp;<\/strong>ko\u0161evima s linije slobodnih bacanja.<br><br>Spomenuti&nbsp;<strong>Brandon Davies&nbsp;<\/strong>je postigao \u010dak 27 poena za Barcelonu uz 10 skokova i \u010detiri asistencije, dok je&nbsp;<strong>Miroti\u0107&nbsp;<\/strong>dodao 14 uz pet skokova. Kod Monaca je opet najbolji igra\u010d bio<strong>&nbsp;Mike James<\/strong>&nbsp;(16 poena, pet skokova i \u010detiri asistencije).<br><br>Sve \u010detiri pobjede ima jo\u0161 i Armani Milano koji je u ovom kolu, kao doma\u0107in, nadja\u010dao aktualnog prvaka Europe Anadolu Efes 75-71. Talijanska mom\u010dad je relativno lako ostvarila novu pobjedu, a opustila se tek u zadnjoj \u010detvrtini koju su gosti dobili s +10 i tako ubla\u017eili poraz.<br><br><strong>Malcolm Delaney<\/strong>&nbsp;je bio prvi strijelac Armani Milana sa 16 poena (uz pet asistencija), dok je&nbsp;<strong>Devon Hall<\/strong>&nbsp;dodao 13.&nbsp;<strong>Vasilije Mici\u0107<\/strong>&nbsp;je sa 17 poena i pet asistencija bio najbolji igra\u010d gostuju\u0107eg sastava.<br><br>U izjedna\u010denoj utakmici od po\u010detka do kraja CSKA je u Moskvi ipak pobijedio Crvenu zvezdu 78-76 \u010dime je upisao tre\u0107u pobjedu u sezoni. Sastavu iz Beograda je ovo bio, pak, drugi poraz. Najvi\u0161e je poena kod Moskovljana ubacio<strong>&nbsp;Will Clyburn<\/strong>&nbsp;(18) uz \u010detiri skoka, dok je najve\u0107a enigma za goste bio&nbsp;<strong>Aleksej \u0160ved&nbsp;<\/strong>koji je uz 16 poena ima pet asistencija i \u010detiri skoka. Na drugoj strani izdvojimo&nbsp;<strong>Nate Woltersa<\/strong>&nbsp;(16 ko\u0161eva) te&nbsp;<strong>Ognjena Kuzmi\u0107a<\/strong>&nbsp;koji je ubacio 14 poena uz sedam skokova.<br><br>Euroliga, 4. kolo:<\/p>\n\n\n\n<p>CSKA Moskva &#8211; Crvena zvezda 78-76<\/p>\n\n\n\n<p>Monaco &#8211; Barcelona 81-85, 75-75<\/p>\n\n\n\n<p>Olympiakos &#8211; \u017dalgiris 83-68<\/p>\n\n\n\n<p>Armani &#8211; Anadolu Efes 75-71<\/p>\n\n\n\n<p>Real Madrid &#8211; Panathinaikos 88-65<\/p>\n\n\n\n<p>Ranije:<\/p>\n\n\n\n<p>Zenit &#8211; Bayern 79-71<\/p>\n\n\n\n<p>Fenerbah\u010de &#8211; Uniks Kazanj 80-41<\/p>\n\n\n\n<p>Asvel &#8211; Maccabi 85-93<\/p>\n\n\n\n<p>ALBA Berlin &#8211; Baskonia 76-80<br><br><\/p>\n\n\n\n<p>Ljestvica:<\/p>\n\n\n\n<p>1.Barcelona 4 4 0 +40<\/p>\n\n\n\n<p>2.Armani Milano 4 4 0 +39<\/p>\n\n\n\n<p>3.Olympiakos 4 3 1 +46<\/p>\n\n\n\n<p>4.Real Madrid 4 3 1 +38<\/p>\n\n\n\n<p>5.Asvel 4 3 1 +10<\/p>\n\n\n\n<p>6.CSKA Moskva 4 3 1 +6<\/p>\n\n\n\n<p>7.Zenit 4 3 1 +5<\/p>\n\n\n\n<p>8.Fenerbah\u010de 4 2 2 +25<\/p>\n\n\n\n<p>9.Crvena zvezda 4 2 2 +18<\/p>\n\n\n\n<p>10.Monaco 4 2 2 +4<\/p>\n\n\n\n<p>11.Maccabi 4 2 2 -14<\/p>\n\n\n\n<p>12.Baskonia 4 2 2 -33<\/p>\n\n\n\n<p>13.ALBA Berlin 4 1 3 -26<\/p>\n\n\n\n<p>14.Panathinaikos 4 1 3 -33<\/p>\n\n\n\n<p>15.Uniks Kazanj 4 1 3 -37<\/p>\n\n\n\n<p>16.Bayern M\u00fcnchen 4 0 4 -20<\/p>\n\n\n\n<p>17.Anadolu Efes 4 0 4 -23<\/p>\n\n\n\n<p>18.\u017dalgiris 4 0 4 -45<\/p>\n\n\n\n<p><strong>Izvor:hrt.hr<\/strong><\/p>\n","protected":false},"excerpt":{"rendered":"<p>Ko\u0161arka\u0161i Barcelone ostali su savr\u0161eni i nakon 4. kola Eurolige, a zanimljivo je da su slavili drugi put u nizu nakon produ\u017eetka. Nakon \u0161to su u dodanih pet minuta svladali Olympiakos u pro\u0161lom kolu, na doma\u0107em parketu, ovaj put su u gostima pobijedili Monaco, novu mom\u010dad u Euroligi, 85-81 iako su bili pred porazom. Naime, [&hellip;]<\/p>\n","protected":false},"author":2,"featured_media":76332,"comment_status":"closed","ping_status":"closed","sticky":false,"template":"","format":"standard","meta":{"h5ap_radio_sources":[],"footnotes":""},"categories":[7],"tags":[],"class_list":["post-76331","post","type-post","status-publish","format-standard","has-post-thumbnail","hentry","category-sport"],"yoast_head":"<!-- This site is optimized with the Yoast SEO plugin v27.4 - https:\/\/yoast.com\/product\/yoast-seo-wordpress\/ -->\n<title>Barcelona drugi put u nizu slavila nakon produ\u017eetka - RADIO LJUBU\u0160KI<\/title>\n<meta name=\"robots\" content=\"index, follow, max-snippet:-1, max-image-preview:large, max-video-preview:-1\" \/>\n<link rel=\"canonical\" href=\"https:\/\/radioljubuski.ba\/index.php\/2021\/10\/16\/barcelona-drugi-put-u-nizu-slavila-nakon-produzetka\/\" \/>\n<meta property=\"og:locale\" content=\"hr_HR\" \/>\n<meta property=\"og:type\" content=\"article\" \/>\n<meta property=\"og:title\" content=\"Barcelona drugi put u nizu slavila nakon produ\u017eetka - RADIO LJUBU\u0160KI\" \/>\n<meta property=\"og:description\" content=\"Ko\u0161arka\u0161i Barcelone ostali su savr\u0161eni i nakon 4. kola Eurolige, a zanimljivo je da su slavili drugi put u nizu nakon produ\u017eetka. Nakon \u0161to su u dodanih pet minuta svladali Olympiakos u pro\u0161lom kolu, na doma\u0107em parketu, ovaj put su u gostima pobijedili Monaco, novu mom\u010dad u Euroligi, 85-81 iako su bili pred porazom. Naime, [&hellip;]\" \/>\n<meta property=\"og:url\" content=\"https:\/\/radioljubuski.ba\/index.php\/2021\/10\/16\/barcelona-drugi-put-u-nizu-slavila-nakon-produzetka\/\" \/>\n<meta property=\"og:site_name\" content=\"RADIO LJUBU\u0160KI\" \/>\n<meta property=\"article:publisher\" content=\"https:\/\/www.facebook.com\/Radiio-Ljubuski-1490835324566332\" \/>\n<meta property=\"article:published_time\" content=\"2021-10-15T23:15:38+00:00\" \/>\n<meta property=\"article:modified_time\" content=\"2021-10-15T23:15:39+00:00\" \/>\n<meta property=\"og:image\" content=\"https:\/\/radioljubuski.ba\/wp-content\/uploads\/2021\/10\/291165.jpg\" \/>\n\t<meta property=\"og:image:width\" content=\"730\" \/>\n\t<meta property=\"og:image:height\" content=\"487\" \/>\n\t<meta property=\"og:image:type\" content=\"image\/jpeg\" \/>\n<meta name=\"author\" content=\"Radio Ljubu\u0161ki\" \/>\n<meta name=\"twitter:card\" content=\"summary_large_image\" \/>\n<meta name=\"twitter:creator\" content=\"@radioljubuski\" \/>\n<meta name=\"twitter:site\" content=\"@radioljubuski\" \/>\n<meta name=\"twitter:label1\" content=\"Napisao\/la\" \/>\n\t<meta name=\"twitter:data1\" content=\"Radio Ljubu\u0161ki\" \/>\n\t<meta name=\"twitter:label2\" content=\"Procijenjeno vrijeme \u010ditanja\" \/>\n\t<meta name=\"twitter:data2\" content=\"2 minute\" \/>\n<script type=\"application\/ld+json\" class=\"yoast-schema-graph\">{\"@context\":\"https:\\\/\\\/schema.org\",\"@graph\":[{\"@type\":\"Article\",\"@id\":\"https:\\\/\\\/radioljubuski.ba\\\/index.php\\\/2021\\\/10\\\/16\\\/barcelona-drugi-put-u-nizu-slavila-nakon-produzetka\\\/#article\",\"isPartOf\":{\"@id\":\"https:\\\/\\\/radioljubuski.ba\\\/index.php\\\/2021\\\/10\\\/16\\\/barcelona-drugi-put-u-nizu-slavila-nakon-produzetka\\\/\"},\"author\":{\"name\":\"Radio Ljubu\u0161ki\",\"@id\":\"https:\\\/\\\/radioljubuski.ba\\\/#\\\/schema\\\/person\\\/19fc700381a780f69665d7956c469e3b\"},\"headline\":\"Barcelona drugi put u nizu slavila nakon produ\u017eetka\",\"datePublished\":\"2021-10-15T23:15:38+00:00\",\"dateModified\":\"2021-10-15T23:15:39+00:00\",\"mainEntityOfPage\":{\"@id\":\"https:\\\/\\\/radioljubuski.ba\\\/index.php\\\/2021\\\/10\\\/16\\\/barcelona-drugi-put-u-nizu-slavila-nakon-produzetka\\\/\"},\"wordCount\":417,\"publisher\":{\"@id\":\"https:\\\/\\\/radioljubuski.ba\\\/#organization\"},\"image\":{\"@id\":\"https:\\\/\\\/radioljubuski.ba\\\/index.php\\\/2021\\\/10\\\/16\\\/barcelona-drugi-put-u-nizu-slavila-nakon-produzetka\\\/#primaryimage\"},\"thumbnailUrl\":\"https:\\\/\\\/radioljubuski.ba\\\/wp-content\\\/uploads\\\/2021\\\/10\\\/291165.jpg\",\"articleSection\":[\"\u0160port\"],\"inLanguage\":\"hr\"},{\"@type\":\"WebPage\",\"@id\":\"https:\\\/\\\/radioljubuski.ba\\\/index.php\\\/2021\\\/10\\\/16\\\/barcelona-drugi-put-u-nizu-slavila-nakon-produzetka\\\/\",\"url\":\"https:\\\/\\\/radioljubuski.ba\\\/index.php\\\/2021\\\/10\\\/16\\\/barcelona-drugi-put-u-nizu-slavila-nakon-produzetka\\\/\",\"name\":\"Barcelona drugi put u nizu slavila nakon produ\u017eetka - RADIO LJUBU\u0160KI\",\"isPartOf\":{\"@id\":\"https:\\\/\\\/radioljubuski.ba\\\/#website\"},\"primaryImageOfPage\":{\"@id\":\"https:\\\/\\\/radioljubuski.ba\\\/index.php\\\/2021\\\/10\\\/16\\\/barcelona-drugi-put-u-nizu-slavila-nakon-produzetka\\\/#primaryimage\"},\"image\":{\"@id\":\"https:\\\/\\\/radioljubuski.ba\\\/index.php\\\/2021\\\/10\\\/16\\\/barcelona-drugi-put-u-nizu-slavila-nakon-produzetka\\\/#primaryimage\"},\"thumbnailUrl\":\"https:\\\/\\\/radioljubuski.ba\\\/wp-content\\\/uploads\\\/2021\\\/10\\\/291165.jpg\",\"datePublished\":\"2021-10-15T23:15:38+00:00\",\"dateModified\":\"2021-10-15T23:15:39+00:00\",\"breadcrumb\":{\"@id\":\"https:\\\/\\\/radioljubuski.ba\\\/index.php\\\/2021\\\/10\\\/16\\\/barcelona-drugi-put-u-nizu-slavila-nakon-produzetka\\\/#breadcrumb\"},\"inLanguage\":\"hr\",\"potentialAction\":[{\"@type\":\"ReadAction\",\"target\":[\"https:\\\/\\\/radioljubuski.ba\\\/index.php\\\/2021\\\/10\\\/16\\\/barcelona-drugi-put-u-nizu-slavila-nakon-produzetka\\\/\"]}]},{\"@type\":\"ImageObject\",\"inLanguage\":\"hr\",\"@id\":\"https:\\\/\\\/radioljubuski.ba\\\/index.php\\\/2021\\\/10\\\/16\\\/barcelona-drugi-put-u-nizu-slavila-nakon-produzetka\\\/#primaryimage\",\"url\":\"https:\\\/\\\/radioljubuski.ba\\\/wp-content\\\/uploads\\\/2021\\\/10\\\/291165.jpg\",\"contentUrl\":\"https:\\\/\\\/radioljubuski.ba\\\/wp-content\\\/uploads\\\/2021\\\/10\\\/291165.jpg\",\"width\":730,\"height\":487},{\"@type\":\"BreadcrumbList\",\"@id\":\"https:\\\/\\\/radioljubuski.ba\\\/index.php\\\/2021\\\/10\\\/16\\\/barcelona-drugi-put-u-nizu-slavila-nakon-produzetka\\\/#breadcrumb\",\"itemListElement\":[{\"@type\":\"ListItem\",\"position\":1,\"name\":\"Po\u010detna stranica\",\"item\":\"https:\\\/\\\/radioljubuski.ba\\\/\"},{\"@type\":\"ListItem\",\"position\":2,\"name\":\"Barcelona drugi put u nizu slavila nakon produ\u017eetka\"}]},{\"@type\":\"WebSite\",\"@id\":\"https:\\\/\\\/radioljubuski.ba\\\/#website\",\"url\":\"https:\\\/\\\/radioljubuski.ba\\\/\",\"name\":\"Radio Ljubu\u0161ki\",\"description\":\"Sun\u010dana frekvencija Hercegovine\",\"publisher\":{\"@id\":\"https:\\\/\\\/radioljubuski.ba\\\/#organization\"},\"potentialAction\":[{\"@type\":\"SearchAction\",\"target\":{\"@type\":\"EntryPoint\",\"urlTemplate\":\"https:\\\/\\\/radioljubuski.ba\\\/?s={search_term_string}\"},\"query-input\":{\"@type\":\"PropertyValueSpecification\",\"valueRequired\":true,\"valueName\":\"search_term_string\"}}],\"inLanguage\":\"hr\"},{\"@type\":\"Organization\",\"@id\":\"https:\\\/\\\/radioljubuski.ba\\\/#organization\",\"name\":\"Radio Ljubu\u0161ki\",\"url\":\"https:\\\/\\\/radioljubuski.ba\\\/\",\"logo\":{\"@type\":\"ImageObject\",\"inLanguage\":\"hr\",\"@id\":\"https:\\\/\\\/radioljubuski.ba\\\/#\\\/schema\\\/logo\\\/image\\\/\",\"url\":\"https:\\\/\\\/radioljubuski.ba\\\/wp-content\\\/uploads\\\/2021\\\/02\\\/cropped-Radio_Ljubuski_logo1.jpg\",\"contentUrl\":\"https:\\\/\\\/radioljubuski.ba\\\/wp-content\\\/uploads\\\/2021\\\/02\\\/cropped-Radio_Ljubuski_logo1.jpg\",\"width\":512,\"height\":512,\"caption\":\"Radio Ljubu\u0161ki\"},\"image\":{\"@id\":\"https:\\\/\\\/radioljubuski.ba\\\/#\\\/schema\\\/logo\\\/image\\\/\"},\"sameAs\":[\"https:\\\/\\\/www.facebook.com\\\/Radiio-Ljubuski-1490835324566332\",\"https:\\\/\\\/x.com\\\/radioljubuski\",\"https:\\\/\\\/hr.linkedin.com\\\/company\\\/radio-ljubuski\",\"https:\\\/\\\/www.youtube.com\\\/channel\\\/UCHYaeO_n0Db3tjNGudGpXyw\"]},{\"@type\":\"Person\",\"@id\":\"https:\\\/\\\/radioljubuski.ba\\\/#\\\/schema\\\/person\\\/19fc700381a780f69665d7956c469e3b\",\"name\":\"Radio Ljubu\u0161ki\"}]}<\/script>\n<!-- \/ Yoast SEO plugin. -->","yoast_head_json":{"title":"Barcelona drugi put u nizu slavila nakon produ\u017eetka - RADIO LJUBU\u0160KI","robots":{"index":"index","follow":"follow","max-snippet":"max-snippet:-1","max-image-preview":"max-image-preview:large","max-video-preview":"max-video-preview:-1"},"canonical":"https:\/\/radioljubuski.ba\/index.php\/2021\/10\/16\/barcelona-drugi-put-u-nizu-slavila-nakon-produzetka\/","og_locale":"hr_HR","og_type":"article","og_title":"Barcelona drugi put u nizu slavila nakon produ\u017eetka - RADIO LJUBU\u0160KI","og_description":"Ko\u0161arka\u0161i Barcelone ostali su savr\u0161eni i nakon 4. kola Eurolige, a zanimljivo je da su slavili drugi put u nizu nakon produ\u017eetka. Nakon \u0161to su u dodanih pet minuta svladali Olympiakos u pro\u0161lom kolu, na doma\u0107em parketu, ovaj put su u gostima pobijedili Monaco, novu mom\u010dad u Euroligi, 85-81 iako su bili pred porazom. Naime, [&hellip;]","og_url":"https:\/\/radioljubuski.ba\/index.php\/2021\/10\/16\/barcelona-drugi-put-u-nizu-slavila-nakon-produzetka\/","og_site_name":"RADIO LJUBU\u0160KI","article_publisher":"https:\/\/www.facebook.com\/Radiio-Ljubuski-1490835324566332","article_published_time":"2021-10-15T23:15:38+00:00","article_modified_time":"2021-10-15T23:15:39+00:00","og_image":[{"width":730,"height":487,"url":"https:\/\/radioljubuski.ba\/wp-content\/uploads\/2021\/10\/291165.jpg","type":"image\/jpeg"}],"author":"Radio Ljubu\u0161ki","twitter_card":"summary_large_image","twitter_creator":"@radioljubuski","twitter_site":"@radioljubuski","twitter_misc":{"Napisao\/la":"Radio Ljubu\u0161ki","Procijenjeno vrijeme \u010ditanja":"2 minute"},"schema":{"@context":"https:\/\/schema.org","@graph":[{"@type":"Article","@id":"https:\/\/radioljubuski.ba\/index.php\/2021\/10\/16\/barcelona-drugi-put-u-nizu-slavila-nakon-produzetka\/#article","isPartOf":{"@id":"https:\/\/radioljubuski.ba\/index.php\/2021\/10\/16\/barcelona-drugi-put-u-nizu-slavila-nakon-produzetka\/"},"author":{"name":"Radio Ljubu\u0161ki","@id":"https:\/\/radioljubuski.ba\/#\/schema\/person\/19fc700381a780f69665d7956c469e3b"},"headline":"Barcelona drugi put u nizu slavila nakon produ\u017eetka","datePublished":"2021-10-15T23:15:38+00:00","dateModified":"2021-10-15T23:15:39+00:00","mainEntityOfPage":{"@id":"https:\/\/radioljubuski.ba\/index.php\/2021\/10\/16\/barcelona-drugi-put-u-nizu-slavila-nakon-produzetka\/"},"wordCount":417,"publisher":{"@id":"https:\/\/radioljubuski.ba\/#organization"},"image":{"@id":"https:\/\/radioljubuski.ba\/index.php\/2021\/10\/16\/barcelona-drugi-put-u-nizu-slavila-nakon-produzetka\/#primaryimage"},"thumbnailUrl":"https:\/\/radioljubuski.ba\/wp-content\/uploads\/2021\/10\/291165.jpg","articleSection":["\u0160port"],"inLanguage":"hr"},{"@type":"WebPage","@id":"https:\/\/radioljubuski.ba\/index.php\/2021\/10\/16\/barcelona-drugi-put-u-nizu-slavila-nakon-produzetka\/","url":"https:\/\/radioljubuski.ba\/index.php\/2021\/10\/16\/barcelona-drugi-put-u-nizu-slavila-nakon-produzetka\/","name":"Barcelona drugi put u nizu slavila nakon produ\u017eetka - RADIO LJUBU\u0160KI","isPartOf":{"@id":"https:\/\/radioljubuski.ba\/#website"},"primaryImageOfPage":{"@id":"https:\/\/radioljubuski.ba\/index.php\/2021\/10\/16\/barcelona-drugi-put-u-nizu-slavila-nakon-produzetka\/#primaryimage"},"image":{"@id":"https:\/\/radioljubuski.ba\/index.php\/2021\/10\/16\/barcelona-drugi-put-u-nizu-slavila-nakon-produzetka\/#primaryimage"},"thumbnailUrl":"https:\/\/radioljubuski.ba\/wp-content\/uploads\/2021\/10\/291165.jpg","datePublished":"2021-10-15T23:15:38+00:00","dateModified":"2021-10-15T23:15:39+00:00","breadcrumb":{"@id":"https:\/\/radioljubuski.ba\/index.php\/2021\/10\/16\/barcelona-drugi-put-u-nizu-slavila-nakon-produzetka\/#breadcrumb"},"inLanguage":"hr","potentialAction":[{"@type":"ReadAction","target":["https:\/\/radioljubuski.ba\/index.php\/2021\/10\/16\/barcelona-drugi-put-u-nizu-slavila-nakon-produzetka\/"]}]},{"@type":"ImageObject","inLanguage":"hr","@id":"https:\/\/radioljubuski.ba\/index.php\/2021\/10\/16\/barcelona-drugi-put-u-nizu-slavila-nakon-produzetka\/#primaryimage","url":"https:\/\/radioljubuski.ba\/wp-content\/uploads\/2021\/10\/291165.jpg","contentUrl":"https:\/\/radioljubuski.ba\/wp-content\/uploads\/2021\/10\/291165.jpg","width":730,"height":487},{"@type":"BreadcrumbList","@id":"https:\/\/radioljubuski.ba\/index.php\/2021\/10\/16\/barcelona-drugi-put-u-nizu-slavila-nakon-produzetka\/#breadcrumb","itemListElement":[{"@type":"ListItem","position":1,"name":"Po\u010detna stranica","item":"https:\/\/radioljubuski.ba\/"},{"@type":"ListItem","position":2,"name":"Barcelona drugi put u nizu slavila nakon produ\u017eetka"}]},{"@type":"WebSite","@id":"https:\/\/radioljubuski.ba\/#website","url":"https:\/\/radioljubuski.ba\/","name":"Radio Ljubu\u0161ki","description":"Sun\u010dana frekvencija Hercegovine","publisher":{"@id":"https:\/\/radioljubuski.ba\/#organization"},"potentialAction":[{"@type":"SearchAction","target":{"@type":"EntryPoint","urlTemplate":"https:\/\/radioljubuski.ba\/?s={search_term_string}"},"query-input":{"@type":"PropertyValueSpecification","valueRequired":true,"valueName":"search_term_string"}}],"inLanguage":"hr"},{"@type":"Organization","@id":"https:\/\/radioljubuski.ba\/#organization","name":"Radio Ljubu\u0161ki","url":"https:\/\/radioljubuski.ba\/","logo":{"@type":"ImageObject","inLanguage":"hr","@id":"https:\/\/radioljubuski.ba\/#\/schema\/logo\/image\/","url":"https:\/\/radioljubuski.ba\/wp-content\/uploads\/2021\/02\/cropped-Radio_Ljubuski_logo1.jpg","contentUrl":"https:\/\/radioljubuski.ba\/wp-content\/uploads\/2021\/02\/cropped-Radio_Ljubuski_logo1.jpg","width":512,"height":512,"caption":"Radio Ljubu\u0161ki"},"image":{"@id":"https:\/\/radioljubuski.ba\/#\/schema\/logo\/image\/"},"sameAs":["https:\/\/www.facebook.com\/Radiio-Ljubuski-1490835324566332","https:\/\/x.com\/radioljubuski","https:\/\/hr.linkedin.com\/company\/radio-ljubuski","https:\/\/www.youtube.com\/channel\/UCHYaeO_n0Db3tjNGudGpXyw"]},{"@type":"Person","@id":"https:\/\/radioljubuski.ba\/#\/schema\/person\/19fc700381a780f69665d7956c469e3b","name":"Radio Ljubu\u0161ki"}]}},"_links":{"self":[{"href":"https:\/\/radioljubuski.ba\/index.php\/wp-json\/wp\/v2\/posts\/76331","targetHints":{"allow":["GET"]}}],"collection":[{"href":"https:\/\/radioljubuski.ba\/index.php\/wp-json\/wp\/v2\/posts"}],"about":[{"href":"https:\/\/radioljubuski.ba\/index.php\/wp-json\/wp\/v2\/types\/post"}],"author":[{"embeddable":true,"href":"https:\/\/radioljubuski.ba\/index.php\/wp-json\/wp\/v2\/users\/2"}],"replies":[{"embeddable":true,"href":"https:\/\/radioljubuski.ba\/index.php\/wp-json\/wp\/v2\/comments?post=76331"}],"version-history":[{"count":1,"href":"https:\/\/radioljubuski.ba\/index.php\/wp-json\/wp\/v2\/posts\/76331\/revisions"}],"predecessor-version":[{"id":76333,"href":"https:\/\/radioljubuski.ba\/index.php\/wp-json\/wp\/v2\/posts\/76331\/revisions\/76333"}],"wp:featuredmedia":[{"embeddable":true,"href":"https:\/\/radioljubuski.ba\/index.php\/wp-json\/wp\/v2\/media\/76332"}],"wp:attachment":[{"href":"https:\/\/radioljubuski.ba\/index.php\/wp-json\/wp\/v2\/media?parent=76331"}],"wp:term":[{"taxonomy":"category","embeddable":true,"href":"https:\/\/radioljubuski.ba\/index.php\/wp-json\/wp\/v2\/categories?post=76331"},{"taxonomy":"post_tag","embeddable":true,"href":"https:\/\/radioljubuski.ba\/index.php\/wp-json\/wp\/v2\/tags?post=76331"}],"curies":[{"name":"wp","href":"https:\/\/api.w.org\/{rel}","templated":true}]}}