{"id":76337,"date":"2021-10-16T00:19:36","date_gmt":"2021-10-15T23:19:36","guid":{"rendered":"https:\/\/radioljubuski.ba\/?p=76337"},"modified":"2021-10-16T00:20:34","modified_gmt":"2021-10-15T23:20:34","slug":"dodik-o-preuzimanju-vojarni-u-rs-iskljucit-cemo-im-struju-i-vodu-zbog-neplacanja-racuna","status":"publish","type":"post","link":"https:\/\/radioljubuski.ba\/index.php\/2021\/10\/16\/dodik-o-preuzimanju-vojarni-u-rs-iskljucit-cemo-im-struju-i-vodu-zbog-neplacanja-racuna\/","title":{"rendered":"Dodik o preuzimanju vojarni u RS: \u201cIsklju\u010dit \u0107emo im struju i vodu zbog nepla\u0107anja ra\u010duna\u201d"},"content":{"rendered":"\n<p><strong>Bosna i Hercegovina sigurnosno je stabilna, ali nikada ne\u0107e biti jedinstvena, a do kraja mjeseca u Narodnu skup\u0161tinu Republike Srpske bit \u0107e dostavljeni prijedlozi izmjena i dopuna zakona kojima se vra\u0107aju nadle\u017enosti Republike Srpske, pi\u0161u \u201cNezavisne novine\u201d<\/strong><\/p>\n\n\n\n<p>Srpski \u010dlan Predsjedni\u0161tva BiH Milorad Dodik, i danas je nakon sastanka s Mihaelom Linartom, ministrom za europske i vanjske poslove Austrije, ponovio da \u0107e Srpska povu\u0107i svoju suglasnost s formiranja Oru\u017eanih snaga BiH te da \u0107e svi oni koji \u017eele pre\u0107i raditi u Republiku Srpsku. Tako\u0111er, ponovio je da \u0107e Srpska formirati svoju obavje\u0161tajnu agenciju te da \u0107e rad OSA-e do kraja mjeseca biti zabranjen na teritoriji RS.<\/p>\n\n\n\n<p>\u201cSve nametnute odluke visokih predstavnika bit \u0107e ukinute i ni\u0161ta ne radimo mimo Ustava BiH\u201d, rekao je Dodik istovremeno nagla\u0161avaju\u0107i da povod za rat ne postoji i da Srpska \u017eeli samo vratiti svoja ustavna prava.<\/p>\n\n\n\n<p>Dodik je rekao da \u0107e Srpska donijeti odluku kojom \u0107e staviti izvan snage neustavan zakon koji je donio Pady Ashdown, a koji se ti\u010de raspolaganja dr\u017eavnom imovinom, te da \u0107e ta imovina biti vlasni\u0161tvo Srpske.<\/p>\n\n\n\n<p>\u201cSrpska \u0107e vrlo lako osloboditi vojarne i upravljati tim vojnim objektima. Isklju\u010dit \u0107emo struju i vodu zbog nepla\u0107enih ra\u010duna i nikakvo oru\u017eje se ne\u0107e upotrebljavati\u201d, rekao je Dodik, isti\u010du\u0107i da \u0107e oru\u017eanim snagama dati razuman rok da se povuku te da je odluka Ustavnog suda BiH o \u0161umama kap koja je prelila \u010da\u0161u.<\/p>\n\n\n\n<p>Komentiraju\u0107i izjavu lidera SDS-a Mirka \u0160arovi\u0107a da je raspakivanje Daytonskog sporazuma opasno, Dodik je rekao da je taj sporazum ve\u0107 raspakiran i da Srpska nastoji vratiti ga u izvorne okvire, istovremeno isti\u010du\u0107i da je \u0160arovi\u0107 prodana du\u0161a.<\/p>\n\n\n\n<p>S obzirom na to da \u0107e do kraja mjeseca prijedlozi zakona o vra\u0107anju nadle\u017enosti Srpske sti\u0107i u Narodnu skup\u0161tinu RS, ubrzo nakon toga trebala bi biti odr\u017eana i posebna sjednica NS RS.<\/p>\n\n\n\n<p>\u201cRazmatranje ovih prijedloga zakona odr\u017eavanje posebne sjednice NS RS ne ovisi od nas, ve\u0107 od onih koji pripremaju izmjene i dopune tih zakonskih rje\u0161enja\u201d, rekao je Nedeljko \u010cubrilovi\u0107, predsjednik Narodne skup\u0161tine Republike Srpske.<\/p>\n\n\n\n<p>Komentiraju\u0107i sastanak najvi\u0161ih du\u017enosnika Republike Srpske s veleposlanicima europskih zemalja u BiH, \u010cubrilovi\u0107 je rekao da su veleposlanici pokazali razumijevanje za pitanja koja je vodstvo Srpske pred njih iznijelo.<\/p>\n\n\n\n<p>\u201cNije bila podr\u0161ka, ali nije bilo ni napada izuzev predstavnika EU, koji je na tom sastanku pokazao dosta nekorektnosti i nerazumijevanja mnogih stvari i politi\u010dkih procesa koji se ovdje doga\u0111aju\u201d, rekao je \u010cubrilovi\u0107.<\/p>\n\n\n\n<p>\/HMS\/<\/p>\n","protected":false},"excerpt":{"rendered":"<p>Bosna i Hercegovina sigurnosno je stabilna, ali nikada ne\u0107e biti jedinstvena, a do kraja mjeseca u Narodnu skup\u0161tinu Republike Srpske bit \u0107e dostavljeni prijedlozi izmjena i dopuna zakona kojima se vra\u0107aju nadle\u017enosti Republike Srpske, pi\u0161u \u201cNezavisne novine\u201d Srpski \u010dlan Predsjedni\u0161tva BiH Milorad Dodik, i danas je nakon sastanka s Mihaelom Linartom, ministrom za europske i [&hellip;]<\/p>\n","protected":false},"author":2,"featured_media":76338,"comment_status":"closed","ping_status":"closed","sticky":false,"template":"","format":"standard","meta":{"h5ap_radio_sources":[],"footnotes":""},"categories":[1],"tags":[],"class_list":["post-76337","post","type-post","status-publish","format-standard","has-post-thumbnail","hentry","category-bihiregija"],"yoast_head":"<!-- This site is optimized with the Yoast SEO plugin v27.4 - https:\/\/yoast.com\/product\/yoast-seo-wordpress\/ -->\n<title>Dodik o preuzimanju vojarni u RS: \u201cIsklju\u010dit \u0107emo im struju i vodu zbog nepla\u0107anja ra\u010duna\u201d - RADIO LJUBU\u0160KI<\/title>\n<meta name=\"robots\" content=\"index, follow, max-snippet:-1, max-image-preview:large, max-video-preview:-1\" \/>\n<link rel=\"canonical\" href=\"https:\/\/radioljubuski.ba\/index.php\/2021\/10\/16\/dodik-o-preuzimanju-vojarni-u-rs-iskljucit-cemo-im-struju-i-vodu-zbog-neplacanja-racuna\/\" \/>\n<meta property=\"og:locale\" content=\"hr_HR\" \/>\n<meta property=\"og:type\" content=\"article\" \/>\n<meta property=\"og:title\" content=\"Dodik o preuzimanju vojarni u RS: \u201cIsklju\u010dit \u0107emo im struju i vodu zbog nepla\u0107anja ra\u010duna\u201d - RADIO LJUBU\u0160KI\" \/>\n<meta property=\"og:description\" content=\"Bosna i Hercegovina sigurnosno je stabilna, ali nikada ne\u0107e biti jedinstvena, a do kraja mjeseca u Narodnu skup\u0161tinu Republike Srpske bit \u0107e dostavljeni prijedlozi izmjena i dopuna zakona kojima se vra\u0107aju nadle\u017enosti Republike Srpske, pi\u0161u \u201cNezavisne novine\u201d Srpski \u010dlan Predsjedni\u0161tva BiH Milorad Dodik, i danas je nakon sastanka s Mihaelom Linartom, ministrom za europske i [&hellip;]\" \/>\n<meta property=\"og:url\" content=\"https:\/\/radioljubuski.ba\/index.php\/2021\/10\/16\/dodik-o-preuzimanju-vojarni-u-rs-iskljucit-cemo-im-struju-i-vodu-zbog-neplacanja-racuna\/\" \/>\n<meta property=\"og:site_name\" content=\"RADIO LJUBU\u0160KI\" \/>\n<meta property=\"article:publisher\" content=\"https:\/\/www.facebook.com\/Radiio-Ljubuski-1490835324566332\" \/>\n<meta property=\"article:published_time\" content=\"2021-10-15T23:19:36+00:00\" \/>\n<meta property=\"article:modified_time\" content=\"2021-10-15T23:20:34+00:00\" \/>\n<meta property=\"og:image\" content=\"https:\/\/radioljubuski.ba\/wp-content\/uploads\/2021\/10\/vojarna-os-banja-luka.jpg\" \/>\n\t<meta property=\"og:image:width\" content=\"1024\" \/>\n\t<meta property=\"og:image:height\" content=\"691\" \/>\n\t<meta property=\"og:image:type\" content=\"image\/jpeg\" \/>\n<meta name=\"author\" content=\"Radio Ljubu\u0161ki\" \/>\n<meta name=\"twitter:card\" content=\"summary_large_image\" \/>\n<meta name=\"twitter:creator\" content=\"@radioljubuski\" \/>\n<meta name=\"twitter:site\" content=\"@radioljubuski\" \/>\n<meta name=\"twitter:label1\" content=\"Napisao\/la\" \/>\n\t<meta name=\"twitter:data1\" content=\"Radio Ljubu\u0161ki\" \/>\n\t<meta name=\"twitter:label2\" content=\"Procijenjeno vrijeme \u010ditanja\" \/>\n\t<meta name=\"twitter:data2\" content=\"2 minute\" \/>\n<script type=\"application\/ld+json\" class=\"yoast-schema-graph\">{\"@context\":\"https:\\\/\\\/schema.org\",\"@graph\":[{\"@type\":\"Article\",\"@id\":\"https:\\\/\\\/radioljubuski.ba\\\/index.php\\\/2021\\\/10\\\/16\\\/dodik-o-preuzimanju-vojarni-u-rs-iskljucit-cemo-im-struju-i-vodu-zbog-neplacanja-racuna\\\/#article\",\"isPartOf\":{\"@id\":\"https:\\\/\\\/radioljubuski.ba\\\/index.php\\\/2021\\\/10\\\/16\\\/dodik-o-preuzimanju-vojarni-u-rs-iskljucit-cemo-im-struju-i-vodu-zbog-neplacanja-racuna\\\/\"},\"author\":{\"name\":\"Radio Ljubu\u0161ki\",\"@id\":\"https:\\\/\\\/radioljubuski.ba\\\/#\\\/schema\\\/person\\\/19fc700381a780f69665d7956c469e3b\"},\"headline\":\"Dodik o preuzimanju vojarni u RS: \u201cIsklju\u010dit \u0107emo im struju i vodu zbog nepla\u0107anja ra\u010duna\u201d\",\"datePublished\":\"2021-10-15T23:19:36+00:00\",\"dateModified\":\"2021-10-15T23:20:34+00:00\",\"mainEntityOfPage\":{\"@id\":\"https:\\\/\\\/radioljubuski.ba\\\/index.php\\\/2021\\\/10\\\/16\\\/dodik-o-preuzimanju-vojarni-u-rs-iskljucit-cemo-im-struju-i-vodu-zbog-neplacanja-racuna\\\/\"},\"wordCount\":456,\"publisher\":{\"@id\":\"https:\\\/\\\/radioljubuski.ba\\\/#organization\"},\"image\":{\"@id\":\"https:\\\/\\\/radioljubuski.ba\\\/index.php\\\/2021\\\/10\\\/16\\\/dodik-o-preuzimanju-vojarni-u-rs-iskljucit-cemo-im-struju-i-vodu-zbog-neplacanja-racuna\\\/#primaryimage\"},\"thumbnailUrl\":\"https:\\\/\\\/radioljubuski.ba\\\/wp-content\\\/uploads\\\/2021\\\/10\\\/vojarna-os-banja-luka.jpg\",\"articleSection\":[\"BIH i regija\"],\"inLanguage\":\"hr\"},{\"@type\":\"WebPage\",\"@id\":\"https:\\\/\\\/radioljubuski.ba\\\/index.php\\\/2021\\\/10\\\/16\\\/dodik-o-preuzimanju-vojarni-u-rs-iskljucit-cemo-im-struju-i-vodu-zbog-neplacanja-racuna\\\/\",\"url\":\"https:\\\/\\\/radioljubuski.ba\\\/index.php\\\/2021\\\/10\\\/16\\\/dodik-o-preuzimanju-vojarni-u-rs-iskljucit-cemo-im-struju-i-vodu-zbog-neplacanja-racuna\\\/\",\"name\":\"Dodik o preuzimanju vojarni u RS: \u201cIsklju\u010dit \u0107emo im struju i vodu zbog nepla\u0107anja ra\u010duna\u201d - RADIO LJUBU\u0160KI\",\"isPartOf\":{\"@id\":\"https:\\\/\\\/radioljubuski.ba\\\/#website\"},\"primaryImageOfPage\":{\"@id\":\"https:\\\/\\\/radioljubuski.ba\\\/index.php\\\/2021\\\/10\\\/16\\\/dodik-o-preuzimanju-vojarni-u-rs-iskljucit-cemo-im-struju-i-vodu-zbog-neplacanja-racuna\\\/#primaryimage\"},\"image\":{\"@id\":\"https:\\\/\\\/radioljubuski.ba\\\/index.php\\\/2021\\\/10\\\/16\\\/dodik-o-preuzimanju-vojarni-u-rs-iskljucit-cemo-im-struju-i-vodu-zbog-neplacanja-racuna\\\/#primaryimage\"},\"thumbnailUrl\":\"https:\\\/\\\/radioljubuski.ba\\\/wp-content\\\/uploads\\\/2021\\\/10\\\/vojarna-os-banja-luka.jpg\",\"datePublished\":\"2021-10-15T23:19:36+00:00\",\"dateModified\":\"2021-10-15T23:20:34+00:00\",\"breadcrumb\":{\"@id\":\"https:\\\/\\\/radioljubuski.ba\\\/index.php\\\/2021\\\/10\\\/16\\\/dodik-o-preuzimanju-vojarni-u-rs-iskljucit-cemo-im-struju-i-vodu-zbog-neplacanja-racuna\\\/#breadcrumb\"},\"inLanguage\":\"hr\",\"potentialAction\":[{\"@type\":\"ReadAction\",\"target\":[\"https:\\\/\\\/radioljubuski.ba\\\/index.php\\\/2021\\\/10\\\/16\\\/dodik-o-preuzimanju-vojarni-u-rs-iskljucit-cemo-im-struju-i-vodu-zbog-neplacanja-racuna\\\/\"]}]},{\"@type\":\"ImageObject\",\"inLanguage\":\"hr\",\"@id\":\"https:\\\/\\\/radioljubuski.ba\\\/index.php\\\/2021\\\/10\\\/16\\\/dodik-o-preuzimanju-vojarni-u-rs-iskljucit-cemo-im-struju-i-vodu-zbog-neplacanja-racuna\\\/#primaryimage\",\"url\":\"https:\\\/\\\/radioljubuski.ba\\\/wp-content\\\/uploads\\\/2021\\\/10\\\/vojarna-os-banja-luka.jpg\",\"contentUrl\":\"https:\\\/\\\/radioljubuski.ba\\\/wp-content\\\/uploads\\\/2021\\\/10\\\/vojarna-os-banja-luka.jpg\",\"width\":1024,\"height\":691},{\"@type\":\"BreadcrumbList\",\"@id\":\"https:\\\/\\\/radioljubuski.ba\\\/index.php\\\/2021\\\/10\\\/16\\\/dodik-o-preuzimanju-vojarni-u-rs-iskljucit-cemo-im-struju-i-vodu-zbog-neplacanja-racuna\\\/#breadcrumb\",\"itemListElement\":[{\"@type\":\"ListItem\",\"position\":1,\"name\":\"Po\u010detna stranica\",\"item\":\"https:\\\/\\\/radioljubuski.ba\\\/\"},{\"@type\":\"ListItem\",\"position\":2,\"name\":\"Dodik o preuzimanju vojarni u RS: \u201cIsklju\u010dit \u0107emo im struju i vodu zbog nepla\u0107anja ra\u010duna\u201d\"}]},{\"@type\":\"WebSite\",\"@id\":\"https:\\\/\\\/radioljubuski.ba\\\/#website\",\"url\":\"https:\\\/\\\/radioljubuski.ba\\\/\",\"name\":\"Radio Ljubu\u0161ki\",\"description\":\"Sun\u010dana frekvencija Hercegovine\",\"publisher\":{\"@id\":\"https:\\\/\\\/radioljubuski.ba\\\/#organization\"},\"potentialAction\":[{\"@type\":\"SearchAction\",\"target\":{\"@type\":\"EntryPoint\",\"urlTemplate\":\"https:\\\/\\\/radioljubuski.ba\\\/?s={search_term_string}\"},\"query-input\":{\"@type\":\"PropertyValueSpecification\",\"valueRequired\":true,\"valueName\":\"search_term_string\"}}],\"inLanguage\":\"hr\"},{\"@type\":\"Organization\",\"@id\":\"https:\\\/\\\/radioljubuski.ba\\\/#organization\",\"name\":\"Radio Ljubu\u0161ki\",\"url\":\"https:\\\/\\\/radioljubuski.ba\\\/\",\"logo\":{\"@type\":\"ImageObject\",\"inLanguage\":\"hr\",\"@id\":\"https:\\\/\\\/radioljubuski.ba\\\/#\\\/schema\\\/logo\\\/image\\\/\",\"url\":\"https:\\\/\\\/radioljubuski.ba\\\/wp-content\\\/uploads\\\/2021\\\/02\\\/cropped-Radio_Ljubuski_logo1.jpg\",\"contentUrl\":\"https:\\\/\\\/radioljubuski.ba\\\/wp-content\\\/uploads\\\/2021\\\/02\\\/cropped-Radio_Ljubuski_logo1.jpg\",\"width\":512,\"height\":512,\"caption\":\"Radio Ljubu\u0161ki\"},\"image\":{\"@id\":\"https:\\\/\\\/radioljubuski.ba\\\/#\\\/schema\\\/logo\\\/image\\\/\"},\"sameAs\":[\"https:\\\/\\\/www.facebook.com\\\/Radiio-Ljubuski-1490835324566332\",\"https:\\\/\\\/x.com\\\/radioljubuski\",\"https:\\\/\\\/hr.linkedin.com\\\/company\\\/radio-ljubuski\",\"https:\\\/\\\/www.youtube.com\\\/channel\\\/UCHYaeO_n0Db3tjNGudGpXyw\"]},{\"@type\":\"Person\",\"@id\":\"https:\\\/\\\/radioljubuski.ba\\\/#\\\/schema\\\/person\\\/19fc700381a780f69665d7956c469e3b\",\"name\":\"Radio Ljubu\u0161ki\"}]}<\/script>\n<!-- \/ Yoast SEO plugin. -->","yoast_head_json":{"title":"Dodik o preuzimanju vojarni u RS: \u201cIsklju\u010dit \u0107emo im struju i vodu zbog nepla\u0107anja ra\u010duna\u201d - RADIO LJUBU\u0160KI","robots":{"index":"index","follow":"follow","max-snippet":"max-snippet:-1","max-image-preview":"max-image-preview:large","max-video-preview":"max-video-preview:-1"},"canonical":"https:\/\/radioljubuski.ba\/index.php\/2021\/10\/16\/dodik-o-preuzimanju-vojarni-u-rs-iskljucit-cemo-im-struju-i-vodu-zbog-neplacanja-racuna\/","og_locale":"hr_HR","og_type":"article","og_title":"Dodik o preuzimanju vojarni u RS: \u201cIsklju\u010dit \u0107emo im struju i vodu zbog nepla\u0107anja ra\u010duna\u201d - RADIO LJUBU\u0160KI","og_description":"Bosna i Hercegovina sigurnosno je stabilna, ali nikada ne\u0107e biti jedinstvena, a do kraja mjeseca u Narodnu skup\u0161tinu Republike Srpske bit \u0107e dostavljeni prijedlozi izmjena i dopuna zakona kojima se vra\u0107aju nadle\u017enosti Republike Srpske, pi\u0161u \u201cNezavisne novine\u201d Srpski \u010dlan Predsjedni\u0161tva BiH Milorad Dodik, i danas je nakon sastanka s Mihaelom Linartom, ministrom za europske i [&hellip;]","og_url":"https:\/\/radioljubuski.ba\/index.php\/2021\/10\/16\/dodik-o-preuzimanju-vojarni-u-rs-iskljucit-cemo-im-struju-i-vodu-zbog-neplacanja-racuna\/","og_site_name":"RADIO LJUBU\u0160KI","article_publisher":"https:\/\/www.facebook.com\/Radiio-Ljubuski-1490835324566332","article_published_time":"2021-10-15T23:19:36+00:00","article_modified_time":"2021-10-15T23:20:34+00:00","og_image":[{"width":1024,"height":691,"url":"https:\/\/radioljubuski.ba\/wp-content\/uploads\/2021\/10\/vojarna-os-banja-luka.jpg","type":"image\/jpeg"}],"author":"Radio Ljubu\u0161ki","twitter_card":"summary_large_image","twitter_creator":"@radioljubuski","twitter_site":"@radioljubuski","twitter_misc":{"Napisao\/la":"Radio Ljubu\u0161ki","Procijenjeno vrijeme \u010ditanja":"2 minute"},"schema":{"@context":"https:\/\/schema.org","@graph":[{"@type":"Article","@id":"https:\/\/radioljubuski.ba\/index.php\/2021\/10\/16\/dodik-o-preuzimanju-vojarni-u-rs-iskljucit-cemo-im-struju-i-vodu-zbog-neplacanja-racuna\/#article","isPartOf":{"@id":"https:\/\/radioljubuski.ba\/index.php\/2021\/10\/16\/dodik-o-preuzimanju-vojarni-u-rs-iskljucit-cemo-im-struju-i-vodu-zbog-neplacanja-racuna\/"},"author":{"name":"Radio Ljubu\u0161ki","@id":"https:\/\/radioljubuski.ba\/#\/schema\/person\/19fc700381a780f69665d7956c469e3b"},"headline":"Dodik o preuzimanju vojarni u RS: \u201cIsklju\u010dit \u0107emo im struju i vodu zbog nepla\u0107anja ra\u010duna\u201d","datePublished":"2021-10-15T23:19:36+00:00","dateModified":"2021-10-15T23:20:34+00:00","mainEntityOfPage":{"@id":"https:\/\/radioljubuski.ba\/index.php\/2021\/10\/16\/dodik-o-preuzimanju-vojarni-u-rs-iskljucit-cemo-im-struju-i-vodu-zbog-neplacanja-racuna\/"},"wordCount":456,"publisher":{"@id":"https:\/\/radioljubuski.ba\/#organization"},"image":{"@id":"https:\/\/radioljubuski.ba\/index.php\/2021\/10\/16\/dodik-o-preuzimanju-vojarni-u-rs-iskljucit-cemo-im-struju-i-vodu-zbog-neplacanja-racuna\/#primaryimage"},"thumbnailUrl":"https:\/\/radioljubuski.ba\/wp-content\/uploads\/2021\/10\/vojarna-os-banja-luka.jpg","articleSection":["BIH i regija"],"inLanguage":"hr"},{"@type":"WebPage","@id":"https:\/\/radioljubuski.ba\/index.php\/2021\/10\/16\/dodik-o-preuzimanju-vojarni-u-rs-iskljucit-cemo-im-struju-i-vodu-zbog-neplacanja-racuna\/","url":"https:\/\/radioljubuski.ba\/index.php\/2021\/10\/16\/dodik-o-preuzimanju-vojarni-u-rs-iskljucit-cemo-im-struju-i-vodu-zbog-neplacanja-racuna\/","name":"Dodik o preuzimanju vojarni u RS: \u201cIsklju\u010dit \u0107emo im struju i vodu zbog nepla\u0107anja ra\u010duna\u201d - RADIO LJUBU\u0160KI","isPartOf":{"@id":"https:\/\/radioljubuski.ba\/#website"},"primaryImageOfPage":{"@id":"https:\/\/radioljubuski.ba\/index.php\/2021\/10\/16\/dodik-o-preuzimanju-vojarni-u-rs-iskljucit-cemo-im-struju-i-vodu-zbog-neplacanja-racuna\/#primaryimage"},"image":{"@id":"https:\/\/radioljubuski.ba\/index.php\/2021\/10\/16\/dodik-o-preuzimanju-vojarni-u-rs-iskljucit-cemo-im-struju-i-vodu-zbog-neplacanja-racuna\/#primaryimage"},"thumbnailUrl":"https:\/\/radioljubuski.ba\/wp-content\/uploads\/2021\/10\/vojarna-os-banja-luka.jpg","datePublished":"2021-10-15T23:19:36+00:00","dateModified":"2021-10-15T23:20:34+00:00","breadcrumb":{"@id":"https:\/\/radioljubuski.ba\/index.php\/2021\/10\/16\/dodik-o-preuzimanju-vojarni-u-rs-iskljucit-cemo-im-struju-i-vodu-zbog-neplacanja-racuna\/#breadcrumb"},"inLanguage":"hr","potentialAction":[{"@type":"ReadAction","target":["https:\/\/radioljubuski.ba\/index.php\/2021\/10\/16\/dodik-o-preuzimanju-vojarni-u-rs-iskljucit-cemo-im-struju-i-vodu-zbog-neplacanja-racuna\/"]}]},{"@type":"ImageObject","inLanguage":"hr","@id":"https:\/\/radioljubuski.ba\/index.php\/2021\/10\/16\/dodik-o-preuzimanju-vojarni-u-rs-iskljucit-cemo-im-struju-i-vodu-zbog-neplacanja-racuna\/#primaryimage","url":"https:\/\/radioljubuski.ba\/wp-content\/uploads\/2021\/10\/vojarna-os-banja-luka.jpg","contentUrl":"https:\/\/radioljubuski.ba\/wp-content\/uploads\/2021\/10\/vojarna-os-banja-luka.jpg","width":1024,"height":691},{"@type":"BreadcrumbList","@id":"https:\/\/radioljubuski.ba\/index.php\/2021\/10\/16\/dodik-o-preuzimanju-vojarni-u-rs-iskljucit-cemo-im-struju-i-vodu-zbog-neplacanja-racuna\/#breadcrumb","itemListElement":[{"@type":"ListItem","position":1,"name":"Po\u010detna stranica","item":"https:\/\/radioljubuski.ba\/"},{"@type":"ListItem","position":2,"name":"Dodik o preuzimanju vojarni u RS: \u201cIsklju\u010dit \u0107emo im struju i vodu zbog nepla\u0107anja ra\u010duna\u201d"}]},{"@type":"WebSite","@id":"https:\/\/radioljubuski.ba\/#website","url":"https:\/\/radioljubuski.ba\/","name":"Radio Ljubu\u0161ki","description":"Sun\u010dana frekvencija Hercegovine","publisher":{"@id":"https:\/\/radioljubuski.ba\/#organization"},"potentialAction":[{"@type":"SearchAction","target":{"@type":"EntryPoint","urlTemplate":"https:\/\/radioljubuski.ba\/?s={search_term_string}"},"query-input":{"@type":"PropertyValueSpecification","valueRequired":true,"valueName":"search_term_string"}}],"inLanguage":"hr"},{"@type":"Organization","@id":"https:\/\/radioljubuski.ba\/#organization","name":"Radio Ljubu\u0161ki","url":"https:\/\/radioljubuski.ba\/","logo":{"@type":"ImageObject","inLanguage":"hr","@id":"https:\/\/radioljubuski.ba\/#\/schema\/logo\/image\/","url":"https:\/\/radioljubuski.ba\/wp-content\/uploads\/2021\/02\/cropped-Radio_Ljubuski_logo1.jpg","contentUrl":"https:\/\/radioljubuski.ba\/wp-content\/uploads\/2021\/02\/cropped-Radio_Ljubuski_logo1.jpg","width":512,"height":512,"caption":"Radio Ljubu\u0161ki"},"image":{"@id":"https:\/\/radioljubuski.ba\/#\/schema\/logo\/image\/"},"sameAs":["https:\/\/www.facebook.com\/Radiio-Ljubuski-1490835324566332","https:\/\/x.com\/radioljubuski","https:\/\/hr.linkedin.com\/company\/radio-ljubuski","https:\/\/www.youtube.com\/channel\/UCHYaeO_n0Db3tjNGudGpXyw"]},{"@type":"Person","@id":"https:\/\/radioljubuski.ba\/#\/schema\/person\/19fc700381a780f69665d7956c469e3b","name":"Radio Ljubu\u0161ki"}]}},"_links":{"self":[{"href":"https:\/\/radioljubuski.ba\/index.php\/wp-json\/wp\/v2\/posts\/76337","targetHints":{"allow":["GET"]}}],"collection":[{"href":"https:\/\/radioljubuski.ba\/index.php\/wp-json\/wp\/v2\/posts"}],"about":[{"href":"https:\/\/radioljubuski.ba\/index.php\/wp-json\/wp\/v2\/types\/post"}],"author":[{"embeddable":true,"href":"https:\/\/radioljubuski.ba\/index.php\/wp-json\/wp\/v2\/users\/2"}],"replies":[{"embeddable":true,"href":"https:\/\/radioljubuski.ba\/index.php\/wp-json\/wp\/v2\/comments?post=76337"}],"version-history":[{"count":1,"href":"https:\/\/radioljubuski.ba\/index.php\/wp-json\/wp\/v2\/posts\/76337\/revisions"}],"predecessor-version":[{"id":76339,"href":"https:\/\/radioljubuski.ba\/index.php\/wp-json\/wp\/v2\/posts\/76337\/revisions\/76339"}],"wp:featuredmedia":[{"embeddable":true,"href":"https:\/\/radioljubuski.ba\/index.php\/wp-json\/wp\/v2\/media\/76338"}],"wp:attachment":[{"href":"https:\/\/radioljubuski.ba\/index.php\/wp-json\/wp\/v2\/media?parent=76337"}],"wp:term":[{"taxonomy":"category","embeddable":true,"href":"https:\/\/radioljubuski.ba\/index.php\/wp-json\/wp\/v2\/categories?post=76337"},{"taxonomy":"post_tag","embeddable":true,"href":"https:\/\/radioljubuski.ba\/index.php\/wp-json\/wp\/v2\/tags?post=76337"}],"curies":[{"name":"wp","href":"https:\/\/api.w.org\/{rel}","templated":true}]}}