{"id":76344,"date":"2021-10-16T00:22:22","date_gmt":"2021-10-15T23:22:22","guid":{"rendered":"https:\/\/radioljubuski.ba\/?p=76344"},"modified":"2021-10-16T00:22:22","modified_gmt":"2021-10-15T23:22:22","slug":"herceg-u-neumu-s-pravom-ste-jedna-od-najvaznijih-turistickih-destinacija-u-bih","status":"publish","type":"post","link":"https:\/\/radioljubuski.ba\/index.php\/2021\/10\/16\/herceg-u-neumu-s-pravom-ste-jedna-od-najvaznijih-turistickih-destinacija-u-bih\/","title":{"rendered":"Herceg u Neumu: S pravom ste jedna od najva\u017enijih turisti\u010dkih destinacija u BiH"},"content":{"rendered":"\n<p><strong>Predsjednik Vlade Hercegova\u010dko-neretvanske \u017eupanije dr. Nevenko Herceg danas je boravio u radnom posjetu op\u0107ini Neum, javlja Hrvatski Medijski Servis.<\/strong><\/p>\n\n\n\n<p>Tijekom posjeta uprili\u010den je sastanak s Draganom Jurkovi\u0107em, na\u010delnikom i Danielom Mati\u0107, predsjednicom Op\u0107inskog vije\u0107a op\u0107ine Neum.<\/p>\n\n\n\n<p>Jurkovi\u0107 je upoznao Hercega o projektima koji su u tijeku, kao i budu\u0107im aktivnostima koje planiraju realizirati i za koje o\u010dekuju pomo\u0107 Vlade HN\u017d.<\/p>\n\n\n\n<p>Herceg je istaknuo kako Vlada HN\u017d razumije potrebe op\u0107ine Neum, i njenu ulogu u ukupnom turisti\u010dkom potencijalu HN\u017d. \u010cestitao je na\u010delniku Jurkovi\u0107u i njegovim suradnicima na dobro ura\u0111enim pripremama, koje su rezultirale odli\u010dnom turisti\u010dkom sezonom.<\/p>\n\n\n\n<p>\u201ePokazali ste kako s pravom nosite epitet jedne od glavnih turisti\u010dkih destinacija Bosne i Hercegovine, a upornim radom i promoviranjem Neuma uspjeli ste va\u0161u turisti\u010dku ponudu pribli\u017eiti i turistima izvan ove regije, \u0161to potvr\u0111uje struktura gostiju u protekloj uspje\u0161noj turisti\u010dkoj sezoni\u201c, zaklju\u010dio je Herceg istaknuv\u0161i i to kako \u0107e Vlada i dalje nastaviti podupirati sve projekte kako bi Neum bio ugodno mjesto \u017eivljenja, ne samo u turisti\u010dkoj sezoni nego i tijekom cijele godine.<\/p>\n\n\n\n<p>Jurkovi\u0107 i Mati\u0107 i u ovoj su prigodi zahvalili Hercegu, kao i cijeloj Vladi, na potpori istaknuv\u0161i kako ne sumnjaju u nastavak dobre suradnje, priop\u0107eno je iz Vlade HN\u017d.<\/p>\n\n\n\n<p>\/HMS\/<\/p>\n","protected":false},"excerpt":{"rendered":"<p>Predsjednik Vlade Hercegova\u010dko-neretvanske \u017eupanije dr. Nevenko Herceg danas je boravio u radnom posjetu op\u0107ini Neum, javlja Hrvatski Medijski Servis. Tijekom posjeta uprili\u010den je sastanak s Draganom Jurkovi\u0107em, na\u010delnikom i Danielom Mati\u0107, predsjednicom Op\u0107inskog vije\u0107a op\u0107ine Neum. Jurkovi\u0107 je upoznao Hercega o projektima koji su u tijeku, kao i budu\u0107im aktivnostima koje planiraju realizirati i za [&hellip;]<\/p>\n","protected":false},"author":2,"featured_media":76345,"comment_status":"closed","ping_status":"closed","sticky":false,"template":"","format":"standard","meta":{"h5ap_radio_sources":[],"footnotes":""},"categories":[1],"tags":[],"class_list":["post-76344","post","type-post","status-publish","format-standard","has-post-thumbnail","hentry","category-bihiregija"],"yoast_head":"<!-- This site is optimized with the Yoast SEO plugin v27.4 - https:\/\/yoast.com\/product\/yoast-seo-wordpress\/ -->\n<title>Herceg u Neumu: S pravom ste jedna od najva\u017enijih turisti\u010dkih destinacija u BiH - RADIO LJUBU\u0160KI<\/title>\n<meta name=\"robots\" content=\"index, follow, max-snippet:-1, max-image-preview:large, max-video-preview:-1\" \/>\n<link rel=\"canonical\" href=\"https:\/\/radioljubuski.ba\/index.php\/2021\/10\/16\/herceg-u-neumu-s-pravom-ste-jedna-od-najvaznijih-turistickih-destinacija-u-bih\/\" \/>\n<meta property=\"og:locale\" content=\"hr_HR\" \/>\n<meta property=\"og:type\" content=\"article\" \/>\n<meta property=\"og:title\" content=\"Herceg u Neumu: S pravom ste jedna od najva\u017enijih turisti\u010dkih destinacija u BiH - RADIO LJUBU\u0160KI\" \/>\n<meta property=\"og:description\" content=\"Predsjednik Vlade Hercegova\u010dko-neretvanske \u017eupanije dr. Nevenko Herceg danas je boravio u radnom posjetu op\u0107ini Neum, javlja Hrvatski Medijski Servis. Tijekom posjeta uprili\u010den je sastanak s Draganom Jurkovi\u0107em, na\u010delnikom i Danielom Mati\u0107, predsjednicom Op\u0107inskog vije\u0107a op\u0107ine Neum. Jurkovi\u0107 je upoznao Hercega o projektima koji su u tijeku, kao i budu\u0107im aktivnostima koje planiraju realizirati i za [&hellip;]\" \/>\n<meta property=\"og:url\" content=\"https:\/\/radioljubuski.ba\/index.php\/2021\/10\/16\/herceg-u-neumu-s-pravom-ste-jedna-od-najvaznijih-turistickih-destinacija-u-bih\/\" \/>\n<meta property=\"og:site_name\" content=\"RADIO LJUBU\u0160KI\" \/>\n<meta property=\"article:publisher\" content=\"https:\/\/www.facebook.com\/Radiio-Ljubuski-1490835324566332\" \/>\n<meta property=\"article:published_time\" content=\"2021-10-15T23:22:22+00:00\" \/>\n<meta property=\"og:image\" content=\"https:\/\/radioljubuski.ba\/wp-content\/uploads\/2021\/10\/premijer-hnz.jpg\" \/>\n\t<meta property=\"og:image:width\" content=\"1024\" \/>\n\t<meta property=\"og:image:height\" content=\"683\" \/>\n\t<meta property=\"og:image:type\" content=\"image\/jpeg\" \/>\n<meta name=\"author\" content=\"Radio Ljubu\u0161ki\" \/>\n<meta name=\"twitter:card\" content=\"summary_large_image\" \/>\n<meta name=\"twitter:creator\" content=\"@radioljubuski\" \/>\n<meta name=\"twitter:site\" content=\"@radioljubuski\" \/>\n<meta name=\"twitter:label1\" content=\"Napisao\/la\" \/>\n\t<meta name=\"twitter:data1\" content=\"Radio Ljubu\u0161ki\" \/>\n\t<meta name=\"twitter:label2\" content=\"Procijenjeno vrijeme \u010ditanja\" \/>\n\t<meta name=\"twitter:data2\" content=\"1 minuta\" \/>\n<script type=\"application\/ld+json\" class=\"yoast-schema-graph\">{\"@context\":\"https:\\\/\\\/schema.org\",\"@graph\":[{\"@type\":\"Article\",\"@id\":\"https:\\\/\\\/radioljubuski.ba\\\/index.php\\\/2021\\\/10\\\/16\\\/herceg-u-neumu-s-pravom-ste-jedna-od-najvaznijih-turistickih-destinacija-u-bih\\\/#article\",\"isPartOf\":{\"@id\":\"https:\\\/\\\/radioljubuski.ba\\\/index.php\\\/2021\\\/10\\\/16\\\/herceg-u-neumu-s-pravom-ste-jedna-od-najvaznijih-turistickih-destinacija-u-bih\\\/\"},\"author\":{\"name\":\"Radio Ljubu\u0161ki\",\"@id\":\"https:\\\/\\\/radioljubuski.ba\\\/#\\\/schema\\\/person\\\/19fc700381a780f69665d7956c469e3b\"},\"headline\":\"Herceg u Neumu: S pravom ste jedna od najva\u017enijih turisti\u010dkih destinacija u BiH\",\"datePublished\":\"2021-10-15T23:22:22+00:00\",\"mainEntityOfPage\":{\"@id\":\"https:\\\/\\\/radioljubuski.ba\\\/index.php\\\/2021\\\/10\\\/16\\\/herceg-u-neumu-s-pravom-ste-jedna-od-najvaznijih-turistickih-destinacija-u-bih\\\/\"},\"wordCount\":242,\"publisher\":{\"@id\":\"https:\\\/\\\/radioljubuski.ba\\\/#organization\"},\"image\":{\"@id\":\"https:\\\/\\\/radioljubuski.ba\\\/index.php\\\/2021\\\/10\\\/16\\\/herceg-u-neumu-s-pravom-ste-jedna-od-najvaznijih-turistickih-destinacija-u-bih\\\/#primaryimage\"},\"thumbnailUrl\":\"https:\\\/\\\/radioljubuski.ba\\\/wp-content\\\/uploads\\\/2021\\\/10\\\/premijer-hnz.jpg\",\"articleSection\":[\"BIH i regija\"],\"inLanguage\":\"hr\"},{\"@type\":\"WebPage\",\"@id\":\"https:\\\/\\\/radioljubuski.ba\\\/index.php\\\/2021\\\/10\\\/16\\\/herceg-u-neumu-s-pravom-ste-jedna-od-najvaznijih-turistickih-destinacija-u-bih\\\/\",\"url\":\"https:\\\/\\\/radioljubuski.ba\\\/index.php\\\/2021\\\/10\\\/16\\\/herceg-u-neumu-s-pravom-ste-jedna-od-najvaznijih-turistickih-destinacija-u-bih\\\/\",\"name\":\"Herceg u Neumu: S pravom ste jedna od najva\u017enijih turisti\u010dkih destinacija u BiH - RADIO LJUBU\u0160KI\",\"isPartOf\":{\"@id\":\"https:\\\/\\\/radioljubuski.ba\\\/#website\"},\"primaryImageOfPage\":{\"@id\":\"https:\\\/\\\/radioljubuski.ba\\\/index.php\\\/2021\\\/10\\\/16\\\/herceg-u-neumu-s-pravom-ste-jedna-od-najvaznijih-turistickih-destinacija-u-bih\\\/#primaryimage\"},\"image\":{\"@id\":\"https:\\\/\\\/radioljubuski.ba\\\/index.php\\\/2021\\\/10\\\/16\\\/herceg-u-neumu-s-pravom-ste-jedna-od-najvaznijih-turistickih-destinacija-u-bih\\\/#primaryimage\"},\"thumbnailUrl\":\"https:\\\/\\\/radioljubuski.ba\\\/wp-content\\\/uploads\\\/2021\\\/10\\\/premijer-hnz.jpg\",\"datePublished\":\"2021-10-15T23:22:22+00:00\",\"breadcrumb\":{\"@id\":\"https:\\\/\\\/radioljubuski.ba\\\/index.php\\\/2021\\\/10\\\/16\\\/herceg-u-neumu-s-pravom-ste-jedna-od-najvaznijih-turistickih-destinacija-u-bih\\\/#breadcrumb\"},\"inLanguage\":\"hr\",\"potentialAction\":[{\"@type\":\"ReadAction\",\"target\":[\"https:\\\/\\\/radioljubuski.ba\\\/index.php\\\/2021\\\/10\\\/16\\\/herceg-u-neumu-s-pravom-ste-jedna-od-najvaznijih-turistickih-destinacija-u-bih\\\/\"]}]},{\"@type\":\"ImageObject\",\"inLanguage\":\"hr\",\"@id\":\"https:\\\/\\\/radioljubuski.ba\\\/index.php\\\/2021\\\/10\\\/16\\\/herceg-u-neumu-s-pravom-ste-jedna-od-najvaznijih-turistickih-destinacija-u-bih\\\/#primaryimage\",\"url\":\"https:\\\/\\\/radioljubuski.ba\\\/wp-content\\\/uploads\\\/2021\\\/10\\\/premijer-hnz.jpg\",\"contentUrl\":\"https:\\\/\\\/radioljubuski.ba\\\/wp-content\\\/uploads\\\/2021\\\/10\\\/premijer-hnz.jpg\",\"width\":1024,\"height\":683},{\"@type\":\"BreadcrumbList\",\"@id\":\"https:\\\/\\\/radioljubuski.ba\\\/index.php\\\/2021\\\/10\\\/16\\\/herceg-u-neumu-s-pravom-ste-jedna-od-najvaznijih-turistickih-destinacija-u-bih\\\/#breadcrumb\",\"itemListElement\":[{\"@type\":\"ListItem\",\"position\":1,\"name\":\"Po\u010detna stranica\",\"item\":\"https:\\\/\\\/radioljubuski.ba\\\/\"},{\"@type\":\"ListItem\",\"position\":2,\"name\":\"Herceg u Neumu: S pravom ste jedna od najva\u017enijih turisti\u010dkih destinacija u BiH\"}]},{\"@type\":\"WebSite\",\"@id\":\"https:\\\/\\\/radioljubuski.ba\\\/#website\",\"url\":\"https:\\\/\\\/radioljubuski.ba\\\/\",\"name\":\"Radio Ljubu\u0161ki\",\"description\":\"Sun\u010dana frekvencija Hercegovine\",\"publisher\":{\"@id\":\"https:\\\/\\\/radioljubuski.ba\\\/#organization\"},\"potentialAction\":[{\"@type\":\"SearchAction\",\"target\":{\"@type\":\"EntryPoint\",\"urlTemplate\":\"https:\\\/\\\/radioljubuski.ba\\\/?s={search_term_string}\"},\"query-input\":{\"@type\":\"PropertyValueSpecification\",\"valueRequired\":true,\"valueName\":\"search_term_string\"}}],\"inLanguage\":\"hr\"},{\"@type\":\"Organization\",\"@id\":\"https:\\\/\\\/radioljubuski.ba\\\/#organization\",\"name\":\"Radio Ljubu\u0161ki\",\"url\":\"https:\\\/\\\/radioljubuski.ba\\\/\",\"logo\":{\"@type\":\"ImageObject\",\"inLanguage\":\"hr\",\"@id\":\"https:\\\/\\\/radioljubuski.ba\\\/#\\\/schema\\\/logo\\\/image\\\/\",\"url\":\"https:\\\/\\\/radioljubuski.ba\\\/wp-content\\\/uploads\\\/2021\\\/02\\\/cropped-Radio_Ljubuski_logo1.jpg\",\"contentUrl\":\"https:\\\/\\\/radioljubuski.ba\\\/wp-content\\\/uploads\\\/2021\\\/02\\\/cropped-Radio_Ljubuski_logo1.jpg\",\"width\":512,\"height\":512,\"caption\":\"Radio Ljubu\u0161ki\"},\"image\":{\"@id\":\"https:\\\/\\\/radioljubuski.ba\\\/#\\\/schema\\\/logo\\\/image\\\/\"},\"sameAs\":[\"https:\\\/\\\/www.facebook.com\\\/Radiio-Ljubuski-1490835324566332\",\"https:\\\/\\\/x.com\\\/radioljubuski\",\"https:\\\/\\\/hr.linkedin.com\\\/company\\\/radio-ljubuski\",\"https:\\\/\\\/www.youtube.com\\\/channel\\\/UCHYaeO_n0Db3tjNGudGpXyw\"]},{\"@type\":\"Person\",\"@id\":\"https:\\\/\\\/radioljubuski.ba\\\/#\\\/schema\\\/person\\\/19fc700381a780f69665d7956c469e3b\",\"name\":\"Radio Ljubu\u0161ki\"}]}<\/script>\n<!-- \/ Yoast SEO plugin. -->","yoast_head_json":{"title":"Herceg u Neumu: S pravom ste jedna od najva\u017enijih turisti\u010dkih destinacija u BiH - RADIO LJUBU\u0160KI","robots":{"index":"index","follow":"follow","max-snippet":"max-snippet:-1","max-image-preview":"max-image-preview:large","max-video-preview":"max-video-preview:-1"},"canonical":"https:\/\/radioljubuski.ba\/index.php\/2021\/10\/16\/herceg-u-neumu-s-pravom-ste-jedna-od-najvaznijih-turistickih-destinacija-u-bih\/","og_locale":"hr_HR","og_type":"article","og_title":"Herceg u Neumu: S pravom ste jedna od najva\u017enijih turisti\u010dkih destinacija u BiH - RADIO LJUBU\u0160KI","og_description":"Predsjednik Vlade Hercegova\u010dko-neretvanske \u017eupanije dr. Nevenko Herceg danas je boravio u radnom posjetu op\u0107ini Neum, javlja Hrvatski Medijski Servis. Tijekom posjeta uprili\u010den je sastanak s Draganom Jurkovi\u0107em, na\u010delnikom i Danielom Mati\u0107, predsjednicom Op\u0107inskog vije\u0107a op\u0107ine Neum. Jurkovi\u0107 je upoznao Hercega o projektima koji su u tijeku, kao i budu\u0107im aktivnostima koje planiraju realizirati i za [&hellip;]","og_url":"https:\/\/radioljubuski.ba\/index.php\/2021\/10\/16\/herceg-u-neumu-s-pravom-ste-jedna-od-najvaznijih-turistickih-destinacija-u-bih\/","og_site_name":"RADIO LJUBU\u0160KI","article_publisher":"https:\/\/www.facebook.com\/Radiio-Ljubuski-1490835324566332","article_published_time":"2021-10-15T23:22:22+00:00","og_image":[{"width":1024,"height":683,"url":"https:\/\/radioljubuski.ba\/wp-content\/uploads\/2021\/10\/premijer-hnz.jpg","type":"image\/jpeg"}],"author":"Radio Ljubu\u0161ki","twitter_card":"summary_large_image","twitter_creator":"@radioljubuski","twitter_site":"@radioljubuski","twitter_misc":{"Napisao\/la":"Radio Ljubu\u0161ki","Procijenjeno vrijeme \u010ditanja":"1 minuta"},"schema":{"@context":"https:\/\/schema.org","@graph":[{"@type":"Article","@id":"https:\/\/radioljubuski.ba\/index.php\/2021\/10\/16\/herceg-u-neumu-s-pravom-ste-jedna-od-najvaznijih-turistickih-destinacija-u-bih\/#article","isPartOf":{"@id":"https:\/\/radioljubuski.ba\/index.php\/2021\/10\/16\/herceg-u-neumu-s-pravom-ste-jedna-od-najvaznijih-turistickih-destinacija-u-bih\/"},"author":{"name":"Radio Ljubu\u0161ki","@id":"https:\/\/radioljubuski.ba\/#\/schema\/person\/19fc700381a780f69665d7956c469e3b"},"headline":"Herceg u Neumu: S pravom ste jedna od najva\u017enijih turisti\u010dkih destinacija u BiH","datePublished":"2021-10-15T23:22:22+00:00","mainEntityOfPage":{"@id":"https:\/\/radioljubuski.ba\/index.php\/2021\/10\/16\/herceg-u-neumu-s-pravom-ste-jedna-od-najvaznijih-turistickih-destinacija-u-bih\/"},"wordCount":242,"publisher":{"@id":"https:\/\/radioljubuski.ba\/#organization"},"image":{"@id":"https:\/\/radioljubuski.ba\/index.php\/2021\/10\/16\/herceg-u-neumu-s-pravom-ste-jedna-od-najvaznijih-turistickih-destinacija-u-bih\/#primaryimage"},"thumbnailUrl":"https:\/\/radioljubuski.ba\/wp-content\/uploads\/2021\/10\/premijer-hnz.jpg","articleSection":["BIH i regija"],"inLanguage":"hr"},{"@type":"WebPage","@id":"https:\/\/radioljubuski.ba\/index.php\/2021\/10\/16\/herceg-u-neumu-s-pravom-ste-jedna-od-najvaznijih-turistickih-destinacija-u-bih\/","url":"https:\/\/radioljubuski.ba\/index.php\/2021\/10\/16\/herceg-u-neumu-s-pravom-ste-jedna-od-najvaznijih-turistickih-destinacija-u-bih\/","name":"Herceg u Neumu: S pravom ste jedna od najva\u017enijih turisti\u010dkih destinacija u BiH - RADIO LJUBU\u0160KI","isPartOf":{"@id":"https:\/\/radioljubuski.ba\/#website"},"primaryImageOfPage":{"@id":"https:\/\/radioljubuski.ba\/index.php\/2021\/10\/16\/herceg-u-neumu-s-pravom-ste-jedna-od-najvaznijih-turistickih-destinacija-u-bih\/#primaryimage"},"image":{"@id":"https:\/\/radioljubuski.ba\/index.php\/2021\/10\/16\/herceg-u-neumu-s-pravom-ste-jedna-od-najvaznijih-turistickih-destinacija-u-bih\/#primaryimage"},"thumbnailUrl":"https:\/\/radioljubuski.ba\/wp-content\/uploads\/2021\/10\/premijer-hnz.jpg","datePublished":"2021-10-15T23:22:22+00:00","breadcrumb":{"@id":"https:\/\/radioljubuski.ba\/index.php\/2021\/10\/16\/herceg-u-neumu-s-pravom-ste-jedna-od-najvaznijih-turistickih-destinacija-u-bih\/#breadcrumb"},"inLanguage":"hr","potentialAction":[{"@type":"ReadAction","target":["https:\/\/radioljubuski.ba\/index.php\/2021\/10\/16\/herceg-u-neumu-s-pravom-ste-jedna-od-najvaznijih-turistickih-destinacija-u-bih\/"]}]},{"@type":"ImageObject","inLanguage":"hr","@id":"https:\/\/radioljubuski.ba\/index.php\/2021\/10\/16\/herceg-u-neumu-s-pravom-ste-jedna-od-najvaznijih-turistickih-destinacija-u-bih\/#primaryimage","url":"https:\/\/radioljubuski.ba\/wp-content\/uploads\/2021\/10\/premijer-hnz.jpg","contentUrl":"https:\/\/radioljubuski.ba\/wp-content\/uploads\/2021\/10\/premijer-hnz.jpg","width":1024,"height":683},{"@type":"BreadcrumbList","@id":"https:\/\/radioljubuski.ba\/index.php\/2021\/10\/16\/herceg-u-neumu-s-pravom-ste-jedna-od-najvaznijih-turistickih-destinacija-u-bih\/#breadcrumb","itemListElement":[{"@type":"ListItem","position":1,"name":"Po\u010detna stranica","item":"https:\/\/radioljubuski.ba\/"},{"@type":"ListItem","position":2,"name":"Herceg u Neumu: S pravom ste jedna od najva\u017enijih turisti\u010dkih destinacija u BiH"}]},{"@type":"WebSite","@id":"https:\/\/radioljubuski.ba\/#website","url":"https:\/\/radioljubuski.ba\/","name":"Radio Ljubu\u0161ki","description":"Sun\u010dana frekvencija Hercegovine","publisher":{"@id":"https:\/\/radioljubuski.ba\/#organization"},"potentialAction":[{"@type":"SearchAction","target":{"@type":"EntryPoint","urlTemplate":"https:\/\/radioljubuski.ba\/?s={search_term_string}"},"query-input":{"@type":"PropertyValueSpecification","valueRequired":true,"valueName":"search_term_string"}}],"inLanguage":"hr"},{"@type":"Organization","@id":"https:\/\/radioljubuski.ba\/#organization","name":"Radio Ljubu\u0161ki","url":"https:\/\/radioljubuski.ba\/","logo":{"@type":"ImageObject","inLanguage":"hr","@id":"https:\/\/radioljubuski.ba\/#\/schema\/logo\/image\/","url":"https:\/\/radioljubuski.ba\/wp-content\/uploads\/2021\/02\/cropped-Radio_Ljubuski_logo1.jpg","contentUrl":"https:\/\/radioljubuski.ba\/wp-content\/uploads\/2021\/02\/cropped-Radio_Ljubuski_logo1.jpg","width":512,"height":512,"caption":"Radio Ljubu\u0161ki"},"image":{"@id":"https:\/\/radioljubuski.ba\/#\/schema\/logo\/image\/"},"sameAs":["https:\/\/www.facebook.com\/Radiio-Ljubuski-1490835324566332","https:\/\/x.com\/radioljubuski","https:\/\/hr.linkedin.com\/company\/radio-ljubuski","https:\/\/www.youtube.com\/channel\/UCHYaeO_n0Db3tjNGudGpXyw"]},{"@type":"Person","@id":"https:\/\/radioljubuski.ba\/#\/schema\/person\/19fc700381a780f69665d7956c469e3b","name":"Radio Ljubu\u0161ki"}]}},"_links":{"self":[{"href":"https:\/\/radioljubuski.ba\/index.php\/wp-json\/wp\/v2\/posts\/76344","targetHints":{"allow":["GET"]}}],"collection":[{"href":"https:\/\/radioljubuski.ba\/index.php\/wp-json\/wp\/v2\/posts"}],"about":[{"href":"https:\/\/radioljubuski.ba\/index.php\/wp-json\/wp\/v2\/types\/post"}],"author":[{"embeddable":true,"href":"https:\/\/radioljubuski.ba\/index.php\/wp-json\/wp\/v2\/users\/2"}],"replies":[{"embeddable":true,"href":"https:\/\/radioljubuski.ba\/index.php\/wp-json\/wp\/v2\/comments?post=76344"}],"version-history":[{"count":1,"href":"https:\/\/radioljubuski.ba\/index.php\/wp-json\/wp\/v2\/posts\/76344\/revisions"}],"predecessor-version":[{"id":76346,"href":"https:\/\/radioljubuski.ba\/index.php\/wp-json\/wp\/v2\/posts\/76344\/revisions\/76346"}],"wp:featuredmedia":[{"embeddable":true,"href":"https:\/\/radioljubuski.ba\/index.php\/wp-json\/wp\/v2\/media\/76345"}],"wp:attachment":[{"href":"https:\/\/radioljubuski.ba\/index.php\/wp-json\/wp\/v2\/media?parent=76344"}],"wp:term":[{"taxonomy":"category","embeddable":true,"href":"https:\/\/radioljubuski.ba\/index.php\/wp-json\/wp\/v2\/categories?post=76344"},{"taxonomy":"post_tag","embeddable":true,"href":"https:\/\/radioljubuski.ba\/index.php\/wp-json\/wp\/v2\/tags?post=76344"}],"curies":[{"name":"wp","href":"https:\/\/api.w.org\/{rel}","templated":true}]}}