{"id":76347,"date":"2021-10-16T00:23:20","date_gmt":"2021-10-15T23:23:20","guid":{"rendered":"https:\/\/radioljubuski.ba\/?p=76347"},"modified":"2021-10-16T00:23:21","modified_gmt":"2021-10-15T23:23:21","slug":"svjedok-enver-sivro-rekao-da-je-cilj-akcije-bio-proboj-u-vitez","status":"publish","type":"post","link":"https:\/\/radioljubuski.ba\/index.php\/2021\/10\/16\/svjedok-enver-sivro-rekao-da-je-cilj-akcije-bio-proboj-u-vitez\/","title":{"rendered":"Svjedok Enver Sivro rekao da je cilj akcije bio proboj u Vitez"},"content":{"rendered":"\n<p><strong>Na su\u0111enju za zlo\u010dine tzv Armije RBiH po\u010dinjene na podru\u010dju Viteza, svjedok Tu\u017eiteljstva BiH kazao je da je ranjen u akciji koja se dogodila u prosincu 1993. godine, te da je tom prilikom bilo ubijenih i na strani Armije Bosne i Hercegovine (ABiH), kao i na strani Hrvatskog vije\u0107a obrane (HVO).<\/strong><\/p>\n\n\n\n<p>Zikret Osman\u010devi\u0107 je izjavio da je u prosincu 1993. godine bio pripadnik 325. brdske brigade ABiH, te je sudjelovao u akciji u kojoj je \u010duvao liniju na teritoriji pod kontrolom HVO-a, pi\u0161e Detektor.ba.<\/p>\n\n\n\n<p>Osman\u010devi\u0107 je objasnio da je bio mrak, te nije bila dobra vidljivost, ali da se sje\u0107a kako je nai\u0161la \u017eena koja je po\u010dela vikati. Objasnio je da je grupa vojnika, pripadnika ABiH, pro\u0161la pored \u017eene i nakon \u0161to su se odmaknuli, \u010duo se pucanj.<\/p>\n\n\n\n<p>\u201c\u010cuo sam pucanj, e sad je liumrla, ne znam\u201d, rekao je Osman\u010devi\u0107, dodav\u0161i da je kasnije \u010duo da je \u017eena ubijena tom prilikom, ali da ne zna tko ju je ubio.<\/p>\n\n\n\n<p>Svjedok je ispri\u010dao da je tada ranjen u kuk, dok je Behrudin Sivro ubijen. Dodao je da je vidio i mrtvog vojnika HVO-a, a da je \u010duo da ih je jo\u0161 nekoliko ubijeno.<\/p>\n\n\n\n<p>Tu\u017eitelj Ivan Mate\u0161i\u0107 je podsjetio na raniji iskaz u kojem je svjedok naveo da je \u010duo da su vojnici HVO-a strijeljani blizu ku\u0107e Almira Sarajli\u0107a Rokija, a da su to u\u010dinili Sarajli\u0107 te \u0160a\u0107ir i Sadik Omanovi\u0107, na \u0161to je Osman\u010devi\u0107 kazao da on to nije rekao, te da uop\u0107e ne zna koja je Rokijeva ku\u0107a.<\/p>\n\n\n\n<p>\u201cNit mogu znati gdje je tko bio na liniji, ni je li bio\u201d, kazao je svjedok.<\/p>\n\n\n\n<p>Ibrahim Puri\u0107, Ibrahim Tarahija, Nijaz Sivro, Ru\u0161it Nurkovi\u0107, Almir Sarajli\u0107 zvani Roki, Sadik i \u0160a\u0107ir Omanovi\u0107 te Kasim Kavazovi\u0107 optu\u017eeni su za ubojstva najmanje 12 vojnika HVO-a koji su se predali, kao i dvije \u017eene hrvatske nacionalnosti, prilikom napada na Kri\u017ean\u010devo Selo, \u0160afradine i Dubravicu kod Viteza 22. prosinca 1993. godine.<\/p>\n\n\n\n<p>Prema optu\u017enici, Puri\u0107 je bio zapovjednik 325. brdske brigade ABiH, Tarahija zapovjednik Tre\u0107eg bataljuna ove postrojbe, Sivro i Nurkovi\u0107 pomo\u0107nici zapovjednika, a ostala \u010detvorica pripadnici ove brigade.<\/p>\n\n\n\n<p>Drugi svjedok Enver Sivro je rekao da je cilj akcije 22. prosinca 1993. bio proboj u Vitez.<\/p>\n\n\n\n<p>On je objasnio da su se vojnici nalazili u potoku, te da je tom prilikom \u010duo \u017eenski glas, a nakon toga pucanj. Kako je kazao, \u017eena je bila u vojni\u010dkom prsluku i nije odmah umrla.<\/p>\n\n\n\n<p>\u201cVidjelo se malo kao da di\u0161e\u201d, rekao je Sivro, objasniv\u0161i da je bio mrak, ali da, s pozicije na kojoj se nalazio, mogao je vidjeti kako di\u0161e. Dodao je da ne zna odakle se pucalo, ni tko je ubio ovu \u017eenu.<\/p>\n\n\n\n<p>Objasnio je da se, nakon nekog vremena od tog pucnja, po\u010delo dosta pucati, te da se i pucalo s obli\u017enje ku\u0107e u kojoj su se nalazili vojnici HVO-a.<\/p>\n\n\n\n<p>Enver Ba\u017edar, branitelj prvooptu\u017eenog Puri\u0107a, upitao je svjedoka jesu li imali naredbu da ubijaju civile, na \u0161to je svjedok odgovorio da nisu.<\/p>\n\n\n\n<p>Tre\u0107i svjedok Namir \u0160ip\u010di\u0107 je izjavio da je bio pripadnik probojne \u010dete, te je dodao kako je \u010duo da ima nekoliko zarobljenih vojnika HVO-a, ali s obzirom da on nije bio u blizini doga\u0111anja, ne zna \u0161to se dogodilo.<\/p>\n\n\n\n<p>Tu\u017eitelj Mate\u0161i\u0107 pro\u010ditao je iskaz preminulog za\u0161ti\u0107enog svjedoka K-1, koji je u iskazu naveo da je bio anga\u017eiran na \u010duvanju linija. Kako je pro\u010ditano u iskazu, svjedok K-1 vidio je kako je zarobljeno 11 vojnika HVO-a, te je vidio kako su \u201cRoki Sarajli\u0107 i mladi Kavazovi\u0107 poveli ovu grupu vojnika prema Rokijevoj ku\u0107i i nakon toga je \u010duo rafal\u201d.<\/p>\n\n\n\n<p>\u201c\u010cuo sam da je Roki pucao\u201d, izjavio je svjedok u iskazu, dodav\u0161i da je zajedno s ovom dvojicom bilo jo\u0161 vojnika koji su odveli pripadnike HVO-a, a da mu je poznato da su tijela ubijenih bila jedan period u nekoj gara\u017ei, nakon \u010dega su razmijenjena.<\/p>\n\n\n\n<p>Nastavak su\u0111enja je zakazan za 22. listopada.<\/p>\n\n\n\n<p>U Kri\u017ean\u010devu selu pobijeno 64 Hrvata<\/p>\n\n\n\n<p>Podsjetimo, Prema prvim podatcima, u napadu tzv. Armije RBiH 22. prosinca 1993. na Kri\u017ean\u010devo Selo ubijena su 34 vojnika HVO-a.Prema kasnije dostupnim podacima, na dan borbi su na hrvatskoj strani stradale 44 \u017ertve (prema vrstama rana, naga\u0111a se da su neki ubijeni nakon zarobljavanja), da bi u to\u010dno neutvr\u0111eno vrijeme i okolnostima vi\u0161e dana nakon borbi snage Armije BiH pobile 30 zarobljenika iz redova HVO. Selo je oplja\u010dkano i spaljeno. Poslije se ustanovilo da su muslimansko-bo\u0161nja\u010dke snage pobile 64 Hrvata, jer se otkrilo da je jo\u0161 30 Hrvata iz ovog mjesta odvedeno u pravcu sela Po\u010dulice pod bo\u0161nja\u010dko-muslimanskom kontrolom gdje je bio mud\u017eahedinski logor i potom ubijeni.<\/p>\n\n\n\n<p>\/HMS\/<\/p>\n","protected":false},"excerpt":{"rendered":"<p>Na su\u0111enju za zlo\u010dine tzv Armije RBiH po\u010dinjene na podru\u010dju Viteza, svjedok Tu\u017eiteljstva BiH kazao je da je ranjen u akciji koja se dogodila u prosincu 1993. godine, te da je tom prilikom bilo ubijenih i na strani Armije Bosne i Hercegovine (ABiH), kao i na strani Hrvatskog vije\u0107a obrane (HVO). Zikret Osman\u010devi\u0107 je izjavio [&hellip;]<\/p>\n","protected":false},"author":2,"featured_media":76348,"comment_status":"closed","ping_status":"closed","sticky":false,"template":"","format":"standard","meta":{"h5ap_radio_sources":[],"footnotes":""},"categories":[1],"tags":[],"class_list":["post-76347","post","type-post","status-publish","format-standard","has-post-thumbnail","hentry","category-bihiregija"],"yoast_head":"<!-- This site is optimized with the Yoast SEO plugin v27.4 - https:\/\/yoast.com\/product\/yoast-seo-wordpress\/ -->\n<title>Svjedok Enver Sivro rekao da je cilj akcije bio proboj u Vitez - RADIO LJUBU\u0160KI<\/title>\n<meta name=\"robots\" content=\"index, follow, max-snippet:-1, max-image-preview:large, max-video-preview:-1\" \/>\n<link rel=\"canonical\" href=\"https:\/\/radioljubuski.ba\/index.php\/2021\/10\/16\/svjedok-enver-sivro-rekao-da-je-cilj-akcije-bio-proboj-u-vitez\/\" \/>\n<meta property=\"og:locale\" content=\"hr_HR\" \/>\n<meta property=\"og:type\" content=\"article\" \/>\n<meta property=\"og:title\" content=\"Svjedok Enver Sivro rekao da je cilj akcije bio proboj u Vitez - RADIO LJUBU\u0160KI\" \/>\n<meta property=\"og:description\" content=\"Na su\u0111enju za zlo\u010dine tzv Armije RBiH po\u010dinjene na podru\u010dju Viteza, svjedok Tu\u017eiteljstva BiH kazao je da je ranjen u akciji koja se dogodila u prosincu 1993. godine, te da je tom prilikom bilo ubijenih i na strani Armije Bosne i Hercegovine (ABiH), kao i na strani Hrvatskog vije\u0107a obrane (HVO). Zikret Osman\u010devi\u0107 je izjavio [&hellip;]\" \/>\n<meta property=\"og:url\" content=\"https:\/\/radioljubuski.ba\/index.php\/2021\/10\/16\/svjedok-enver-sivro-rekao-da-je-cilj-akcije-bio-proboj-u-vitez\/\" \/>\n<meta property=\"og:site_name\" content=\"RADIO LJUBU\u0160KI\" \/>\n<meta property=\"article:publisher\" content=\"https:\/\/www.facebook.com\/Radiio-Ljubuski-1490835324566332\" \/>\n<meta property=\"article:published_time\" content=\"2021-10-15T23:23:20+00:00\" \/>\n<meta property=\"article:modified_time\" content=\"2021-10-15T23:23:21+00:00\" \/>\n<meta property=\"og:image\" content=\"https:\/\/radioljubuski.ba\/wp-content\/uploads\/2021\/10\/krizancevo-selo-spomenik.jpg\" \/>\n\t<meta property=\"og:image:width\" content=\"1024\" \/>\n\t<meta property=\"og:image:height\" content=\"572\" \/>\n\t<meta property=\"og:image:type\" content=\"image\/jpeg\" \/>\n<meta name=\"author\" content=\"Radio Ljubu\u0161ki\" \/>\n<meta name=\"twitter:card\" content=\"summary_large_image\" \/>\n<meta name=\"twitter:creator\" content=\"@radioljubuski\" \/>\n<meta name=\"twitter:site\" content=\"@radioljubuski\" \/>\n<meta name=\"twitter:label1\" content=\"Napisao\/la\" \/>\n\t<meta name=\"twitter:data1\" content=\"Radio Ljubu\u0161ki\" \/>\n\t<meta name=\"twitter:label2\" content=\"Procijenjeno vrijeme \u010ditanja\" \/>\n\t<meta name=\"twitter:data2\" content=\"4 minute\" \/>\n<script type=\"application\/ld+json\" class=\"yoast-schema-graph\">{\"@context\":\"https:\\\/\\\/schema.org\",\"@graph\":[{\"@type\":\"Article\",\"@id\":\"https:\\\/\\\/radioljubuski.ba\\\/index.php\\\/2021\\\/10\\\/16\\\/svjedok-enver-sivro-rekao-da-je-cilj-akcije-bio-proboj-u-vitez\\\/#article\",\"isPartOf\":{\"@id\":\"https:\\\/\\\/radioljubuski.ba\\\/index.php\\\/2021\\\/10\\\/16\\\/svjedok-enver-sivro-rekao-da-je-cilj-akcije-bio-proboj-u-vitez\\\/\"},\"author\":{\"name\":\"Radio Ljubu\u0161ki\",\"@id\":\"https:\\\/\\\/radioljubuski.ba\\\/#\\\/schema\\\/person\\\/19fc700381a780f69665d7956c469e3b\"},\"headline\":\"Svjedok Enver Sivro rekao da je cilj akcije bio proboj u Vitez\",\"datePublished\":\"2021-10-15T23:23:20+00:00\",\"dateModified\":\"2021-10-15T23:23:21+00:00\",\"mainEntityOfPage\":{\"@id\":\"https:\\\/\\\/radioljubuski.ba\\\/index.php\\\/2021\\\/10\\\/16\\\/svjedok-enver-sivro-rekao-da-je-cilj-akcije-bio-proboj-u-vitez\\\/\"},\"wordCount\":816,\"publisher\":{\"@id\":\"https:\\\/\\\/radioljubuski.ba\\\/#organization\"},\"image\":{\"@id\":\"https:\\\/\\\/radioljubuski.ba\\\/index.php\\\/2021\\\/10\\\/16\\\/svjedok-enver-sivro-rekao-da-je-cilj-akcije-bio-proboj-u-vitez\\\/#primaryimage\"},\"thumbnailUrl\":\"https:\\\/\\\/radioljubuski.ba\\\/wp-content\\\/uploads\\\/2021\\\/10\\\/krizancevo-selo-spomenik.jpg\",\"articleSection\":[\"BIH i regija\"],\"inLanguage\":\"hr\"},{\"@type\":\"WebPage\",\"@id\":\"https:\\\/\\\/radioljubuski.ba\\\/index.php\\\/2021\\\/10\\\/16\\\/svjedok-enver-sivro-rekao-da-je-cilj-akcije-bio-proboj-u-vitez\\\/\",\"url\":\"https:\\\/\\\/radioljubuski.ba\\\/index.php\\\/2021\\\/10\\\/16\\\/svjedok-enver-sivro-rekao-da-je-cilj-akcije-bio-proboj-u-vitez\\\/\",\"name\":\"Svjedok Enver Sivro rekao da je cilj akcije bio proboj u Vitez - RADIO LJUBU\u0160KI\",\"isPartOf\":{\"@id\":\"https:\\\/\\\/radioljubuski.ba\\\/#website\"},\"primaryImageOfPage\":{\"@id\":\"https:\\\/\\\/radioljubuski.ba\\\/index.php\\\/2021\\\/10\\\/16\\\/svjedok-enver-sivro-rekao-da-je-cilj-akcije-bio-proboj-u-vitez\\\/#primaryimage\"},\"image\":{\"@id\":\"https:\\\/\\\/radioljubuski.ba\\\/index.php\\\/2021\\\/10\\\/16\\\/svjedok-enver-sivro-rekao-da-je-cilj-akcije-bio-proboj-u-vitez\\\/#primaryimage\"},\"thumbnailUrl\":\"https:\\\/\\\/radioljubuski.ba\\\/wp-content\\\/uploads\\\/2021\\\/10\\\/krizancevo-selo-spomenik.jpg\",\"datePublished\":\"2021-10-15T23:23:20+00:00\",\"dateModified\":\"2021-10-15T23:23:21+00:00\",\"breadcrumb\":{\"@id\":\"https:\\\/\\\/radioljubuski.ba\\\/index.php\\\/2021\\\/10\\\/16\\\/svjedok-enver-sivro-rekao-da-je-cilj-akcije-bio-proboj-u-vitez\\\/#breadcrumb\"},\"inLanguage\":\"hr\",\"potentialAction\":[{\"@type\":\"ReadAction\",\"target\":[\"https:\\\/\\\/radioljubuski.ba\\\/index.php\\\/2021\\\/10\\\/16\\\/svjedok-enver-sivro-rekao-da-je-cilj-akcije-bio-proboj-u-vitez\\\/\"]}]},{\"@type\":\"ImageObject\",\"inLanguage\":\"hr\",\"@id\":\"https:\\\/\\\/radioljubuski.ba\\\/index.php\\\/2021\\\/10\\\/16\\\/svjedok-enver-sivro-rekao-da-je-cilj-akcije-bio-proboj-u-vitez\\\/#primaryimage\",\"url\":\"https:\\\/\\\/radioljubuski.ba\\\/wp-content\\\/uploads\\\/2021\\\/10\\\/krizancevo-selo-spomenik.jpg\",\"contentUrl\":\"https:\\\/\\\/radioljubuski.ba\\\/wp-content\\\/uploads\\\/2021\\\/10\\\/krizancevo-selo-spomenik.jpg\",\"width\":1024,\"height\":572},{\"@type\":\"BreadcrumbList\",\"@id\":\"https:\\\/\\\/radioljubuski.ba\\\/index.php\\\/2021\\\/10\\\/16\\\/svjedok-enver-sivro-rekao-da-je-cilj-akcije-bio-proboj-u-vitez\\\/#breadcrumb\",\"itemListElement\":[{\"@type\":\"ListItem\",\"position\":1,\"name\":\"Po\u010detna stranica\",\"item\":\"https:\\\/\\\/radioljubuski.ba\\\/\"},{\"@type\":\"ListItem\",\"position\":2,\"name\":\"Svjedok Enver Sivro rekao da je cilj akcije bio proboj u Vitez\"}]},{\"@type\":\"WebSite\",\"@id\":\"https:\\\/\\\/radioljubuski.ba\\\/#website\",\"url\":\"https:\\\/\\\/radioljubuski.ba\\\/\",\"name\":\"Radio Ljubu\u0161ki\",\"description\":\"Sun\u010dana frekvencija Hercegovine\",\"publisher\":{\"@id\":\"https:\\\/\\\/radioljubuski.ba\\\/#organization\"},\"potentialAction\":[{\"@type\":\"SearchAction\",\"target\":{\"@type\":\"EntryPoint\",\"urlTemplate\":\"https:\\\/\\\/radioljubuski.ba\\\/?s={search_term_string}\"},\"query-input\":{\"@type\":\"PropertyValueSpecification\",\"valueRequired\":true,\"valueName\":\"search_term_string\"}}],\"inLanguage\":\"hr\"},{\"@type\":\"Organization\",\"@id\":\"https:\\\/\\\/radioljubuski.ba\\\/#organization\",\"name\":\"Radio Ljubu\u0161ki\",\"url\":\"https:\\\/\\\/radioljubuski.ba\\\/\",\"logo\":{\"@type\":\"ImageObject\",\"inLanguage\":\"hr\",\"@id\":\"https:\\\/\\\/radioljubuski.ba\\\/#\\\/schema\\\/logo\\\/image\\\/\",\"url\":\"https:\\\/\\\/radioljubuski.ba\\\/wp-content\\\/uploads\\\/2021\\\/02\\\/cropped-Radio_Ljubuski_logo1.jpg\",\"contentUrl\":\"https:\\\/\\\/radioljubuski.ba\\\/wp-content\\\/uploads\\\/2021\\\/02\\\/cropped-Radio_Ljubuski_logo1.jpg\",\"width\":512,\"height\":512,\"caption\":\"Radio Ljubu\u0161ki\"},\"image\":{\"@id\":\"https:\\\/\\\/radioljubuski.ba\\\/#\\\/schema\\\/logo\\\/image\\\/\"},\"sameAs\":[\"https:\\\/\\\/www.facebook.com\\\/Radiio-Ljubuski-1490835324566332\",\"https:\\\/\\\/x.com\\\/radioljubuski\",\"https:\\\/\\\/hr.linkedin.com\\\/company\\\/radio-ljubuski\",\"https:\\\/\\\/www.youtube.com\\\/channel\\\/UCHYaeO_n0Db3tjNGudGpXyw\"]},{\"@type\":\"Person\",\"@id\":\"https:\\\/\\\/radioljubuski.ba\\\/#\\\/schema\\\/person\\\/19fc700381a780f69665d7956c469e3b\",\"name\":\"Radio Ljubu\u0161ki\"}]}<\/script>\n<!-- \/ Yoast SEO plugin. -->","yoast_head_json":{"title":"Svjedok Enver Sivro rekao da je cilj akcije bio proboj u Vitez - RADIO LJUBU\u0160KI","robots":{"index":"index","follow":"follow","max-snippet":"max-snippet:-1","max-image-preview":"max-image-preview:large","max-video-preview":"max-video-preview:-1"},"canonical":"https:\/\/radioljubuski.ba\/index.php\/2021\/10\/16\/svjedok-enver-sivro-rekao-da-je-cilj-akcije-bio-proboj-u-vitez\/","og_locale":"hr_HR","og_type":"article","og_title":"Svjedok Enver Sivro rekao da je cilj akcije bio proboj u Vitez - RADIO LJUBU\u0160KI","og_description":"Na su\u0111enju za zlo\u010dine tzv Armije RBiH po\u010dinjene na podru\u010dju Viteza, svjedok Tu\u017eiteljstva BiH kazao je da je ranjen u akciji koja se dogodila u prosincu 1993. godine, te da je tom prilikom bilo ubijenih i na strani Armije Bosne i Hercegovine (ABiH), kao i na strani Hrvatskog vije\u0107a obrane (HVO). Zikret Osman\u010devi\u0107 je izjavio [&hellip;]","og_url":"https:\/\/radioljubuski.ba\/index.php\/2021\/10\/16\/svjedok-enver-sivro-rekao-da-je-cilj-akcije-bio-proboj-u-vitez\/","og_site_name":"RADIO LJUBU\u0160KI","article_publisher":"https:\/\/www.facebook.com\/Radiio-Ljubuski-1490835324566332","article_published_time":"2021-10-15T23:23:20+00:00","article_modified_time":"2021-10-15T23:23:21+00:00","og_image":[{"width":1024,"height":572,"url":"https:\/\/radioljubuski.ba\/wp-content\/uploads\/2021\/10\/krizancevo-selo-spomenik.jpg","type":"image\/jpeg"}],"author":"Radio Ljubu\u0161ki","twitter_card":"summary_large_image","twitter_creator":"@radioljubuski","twitter_site":"@radioljubuski","twitter_misc":{"Napisao\/la":"Radio Ljubu\u0161ki","Procijenjeno vrijeme \u010ditanja":"4 minute"},"schema":{"@context":"https:\/\/schema.org","@graph":[{"@type":"Article","@id":"https:\/\/radioljubuski.ba\/index.php\/2021\/10\/16\/svjedok-enver-sivro-rekao-da-je-cilj-akcije-bio-proboj-u-vitez\/#article","isPartOf":{"@id":"https:\/\/radioljubuski.ba\/index.php\/2021\/10\/16\/svjedok-enver-sivro-rekao-da-je-cilj-akcije-bio-proboj-u-vitez\/"},"author":{"name":"Radio Ljubu\u0161ki","@id":"https:\/\/radioljubuski.ba\/#\/schema\/person\/19fc700381a780f69665d7956c469e3b"},"headline":"Svjedok Enver Sivro rekao da je cilj akcije bio proboj u Vitez","datePublished":"2021-10-15T23:23:20+00:00","dateModified":"2021-10-15T23:23:21+00:00","mainEntityOfPage":{"@id":"https:\/\/radioljubuski.ba\/index.php\/2021\/10\/16\/svjedok-enver-sivro-rekao-da-je-cilj-akcije-bio-proboj-u-vitez\/"},"wordCount":816,"publisher":{"@id":"https:\/\/radioljubuski.ba\/#organization"},"image":{"@id":"https:\/\/radioljubuski.ba\/index.php\/2021\/10\/16\/svjedok-enver-sivro-rekao-da-je-cilj-akcije-bio-proboj-u-vitez\/#primaryimage"},"thumbnailUrl":"https:\/\/radioljubuski.ba\/wp-content\/uploads\/2021\/10\/krizancevo-selo-spomenik.jpg","articleSection":["BIH i regija"],"inLanguage":"hr"},{"@type":"WebPage","@id":"https:\/\/radioljubuski.ba\/index.php\/2021\/10\/16\/svjedok-enver-sivro-rekao-da-je-cilj-akcije-bio-proboj-u-vitez\/","url":"https:\/\/radioljubuski.ba\/index.php\/2021\/10\/16\/svjedok-enver-sivro-rekao-da-je-cilj-akcije-bio-proboj-u-vitez\/","name":"Svjedok Enver Sivro rekao da je cilj akcije bio proboj u Vitez - RADIO LJUBU\u0160KI","isPartOf":{"@id":"https:\/\/radioljubuski.ba\/#website"},"primaryImageOfPage":{"@id":"https:\/\/radioljubuski.ba\/index.php\/2021\/10\/16\/svjedok-enver-sivro-rekao-da-je-cilj-akcije-bio-proboj-u-vitez\/#primaryimage"},"image":{"@id":"https:\/\/radioljubuski.ba\/index.php\/2021\/10\/16\/svjedok-enver-sivro-rekao-da-je-cilj-akcije-bio-proboj-u-vitez\/#primaryimage"},"thumbnailUrl":"https:\/\/radioljubuski.ba\/wp-content\/uploads\/2021\/10\/krizancevo-selo-spomenik.jpg","datePublished":"2021-10-15T23:23:20+00:00","dateModified":"2021-10-15T23:23:21+00:00","breadcrumb":{"@id":"https:\/\/radioljubuski.ba\/index.php\/2021\/10\/16\/svjedok-enver-sivro-rekao-da-je-cilj-akcije-bio-proboj-u-vitez\/#breadcrumb"},"inLanguage":"hr","potentialAction":[{"@type":"ReadAction","target":["https:\/\/radioljubuski.ba\/index.php\/2021\/10\/16\/svjedok-enver-sivro-rekao-da-je-cilj-akcije-bio-proboj-u-vitez\/"]}]},{"@type":"ImageObject","inLanguage":"hr","@id":"https:\/\/radioljubuski.ba\/index.php\/2021\/10\/16\/svjedok-enver-sivro-rekao-da-je-cilj-akcije-bio-proboj-u-vitez\/#primaryimage","url":"https:\/\/radioljubuski.ba\/wp-content\/uploads\/2021\/10\/krizancevo-selo-spomenik.jpg","contentUrl":"https:\/\/radioljubuski.ba\/wp-content\/uploads\/2021\/10\/krizancevo-selo-spomenik.jpg","width":1024,"height":572},{"@type":"BreadcrumbList","@id":"https:\/\/radioljubuski.ba\/index.php\/2021\/10\/16\/svjedok-enver-sivro-rekao-da-je-cilj-akcije-bio-proboj-u-vitez\/#breadcrumb","itemListElement":[{"@type":"ListItem","position":1,"name":"Po\u010detna stranica","item":"https:\/\/radioljubuski.ba\/"},{"@type":"ListItem","position":2,"name":"Svjedok Enver Sivro rekao da je cilj akcije bio proboj u Vitez"}]},{"@type":"WebSite","@id":"https:\/\/radioljubuski.ba\/#website","url":"https:\/\/radioljubuski.ba\/","name":"Radio Ljubu\u0161ki","description":"Sun\u010dana frekvencija Hercegovine","publisher":{"@id":"https:\/\/radioljubuski.ba\/#organization"},"potentialAction":[{"@type":"SearchAction","target":{"@type":"EntryPoint","urlTemplate":"https:\/\/radioljubuski.ba\/?s={search_term_string}"},"query-input":{"@type":"PropertyValueSpecification","valueRequired":true,"valueName":"search_term_string"}}],"inLanguage":"hr"},{"@type":"Organization","@id":"https:\/\/radioljubuski.ba\/#organization","name":"Radio Ljubu\u0161ki","url":"https:\/\/radioljubuski.ba\/","logo":{"@type":"ImageObject","inLanguage":"hr","@id":"https:\/\/radioljubuski.ba\/#\/schema\/logo\/image\/","url":"https:\/\/radioljubuski.ba\/wp-content\/uploads\/2021\/02\/cropped-Radio_Ljubuski_logo1.jpg","contentUrl":"https:\/\/radioljubuski.ba\/wp-content\/uploads\/2021\/02\/cropped-Radio_Ljubuski_logo1.jpg","width":512,"height":512,"caption":"Radio Ljubu\u0161ki"},"image":{"@id":"https:\/\/radioljubuski.ba\/#\/schema\/logo\/image\/"},"sameAs":["https:\/\/www.facebook.com\/Radiio-Ljubuski-1490835324566332","https:\/\/x.com\/radioljubuski","https:\/\/hr.linkedin.com\/company\/radio-ljubuski","https:\/\/www.youtube.com\/channel\/UCHYaeO_n0Db3tjNGudGpXyw"]},{"@type":"Person","@id":"https:\/\/radioljubuski.ba\/#\/schema\/person\/19fc700381a780f69665d7956c469e3b","name":"Radio Ljubu\u0161ki"}]}},"_links":{"self":[{"href":"https:\/\/radioljubuski.ba\/index.php\/wp-json\/wp\/v2\/posts\/76347","targetHints":{"allow":["GET"]}}],"collection":[{"href":"https:\/\/radioljubuski.ba\/index.php\/wp-json\/wp\/v2\/posts"}],"about":[{"href":"https:\/\/radioljubuski.ba\/index.php\/wp-json\/wp\/v2\/types\/post"}],"author":[{"embeddable":true,"href":"https:\/\/radioljubuski.ba\/index.php\/wp-json\/wp\/v2\/users\/2"}],"replies":[{"embeddable":true,"href":"https:\/\/radioljubuski.ba\/index.php\/wp-json\/wp\/v2\/comments?post=76347"}],"version-history":[{"count":1,"href":"https:\/\/radioljubuski.ba\/index.php\/wp-json\/wp\/v2\/posts\/76347\/revisions"}],"predecessor-version":[{"id":76349,"href":"https:\/\/radioljubuski.ba\/index.php\/wp-json\/wp\/v2\/posts\/76347\/revisions\/76349"}],"wp:featuredmedia":[{"embeddable":true,"href":"https:\/\/radioljubuski.ba\/index.php\/wp-json\/wp\/v2\/media\/76348"}],"wp:attachment":[{"href":"https:\/\/radioljubuski.ba\/index.php\/wp-json\/wp\/v2\/media?parent=76347"}],"wp:term":[{"taxonomy":"category","embeddable":true,"href":"https:\/\/radioljubuski.ba\/index.php\/wp-json\/wp\/v2\/categories?post=76347"},{"taxonomy":"post_tag","embeddable":true,"href":"https:\/\/radioljubuski.ba\/index.php\/wp-json\/wp\/v2\/tags?post=76347"}],"curies":[{"name":"wp","href":"https:\/\/api.w.org\/{rel}","templated":true}]}}