{"id":76353,"date":"2021-10-16T00:25:18","date_gmt":"2021-10-15T23:25:18","guid":{"rendered":"https:\/\/radioljubuski.ba\/?p=76353"},"modified":"2021-10-16T00:25:18","modified_gmt":"2021-10-15T23:25:18","slug":"vucic-svaki-dan-traze-ukidanje-rs-nije-to-neka-novost","status":"publish","type":"post","link":"https:\/\/radioljubuski.ba\/index.php\/2021\/10\/16\/vucic-svaki-dan-traze-ukidanje-rs-nije-to-neka-novost\/","title":{"rendered":"Vu\u010di\u0107: Svaki dan tra\u017ee ukidanje RS, nije to neka novost"},"content":{"rendered":"\n<p><strong>Predsjednik Srbije Aleksandar Vu\u010di\u0107 sino\u0107 je gostuju\u0107i na Televiziji Prva govorio i o situaciji u BiH.<\/strong><\/p>\n\n\n\n<p>Na pitanje da je najavio da \u0107e do prolje\u0107a tra\u017eiti ukidanje Republike Srpske, Vu\u010di\u0107 je odgovorio \u2013 Naravno.<\/p>\n\n\n\n<p>\u2013 Nije to neka velika novost. To tra\u017ee svaki dan. To je SDA iznjela u svojoj Deklaraciji, rekao je Vu\u010di\u0107.<\/p>\n\n\n\n<p>On je prije toga iznio niz optu\u017ebi na ra\u010dun Kvinte (SAD,V. Britanija, Njema\u010dka, Fracuska, Italija), a posebno na ra\u010dun Velike Britanije zbog situacije na Kosovu.<\/p>\n\n\n\n<p>\u2013 Misle da smo debili i da mogu da nam prodaju tu pri\u010du o borbi protiv korupcije i kriminala, a Meka su i Medina za proizvodnju narkotika. Jedino ih je briga da Srbija nema nikakvog prisustva na Kosovu i Metohiji. Oni misle da smo mi debili. Nemojte da nas pravite budalama\u201d rekao je Vu\u010di\u0107.<\/p>\n\n\n\n<p>Rekao je i da Velika Britanija stoji iza napada ROSU.<\/p>\n\n\n\n<p>\u2013 Imam odli\u010dne odnose s Velikom Britanijom i uvijek \u0107u ih \u017eeljeti, ali ne dam da me prave budalom, rekao je Vu\u010di\u0107 i dodao:<\/p>\n\n\n\n<p>\u2013 Na\u0161li smo im 58 \u010daura, NATO kalibra 5,56. Iz istog je ubijen Oliver Ivanovi\u0107. Srbi s Kosova i Metohije to nemaju, rekao je Vu\u010di\u0107.<\/p>\n\n\n\n<p>\/HMS\/<\/p>\n","protected":false},"excerpt":{"rendered":"<p>Predsjednik Srbije Aleksandar Vu\u010di\u0107 sino\u0107 je gostuju\u0107i na Televiziji Prva govorio i o situaciji u BiH. Na pitanje da je najavio da \u0107e do prolje\u0107a tra\u017eiti ukidanje Republike Srpske, Vu\u010di\u0107 je odgovorio \u2013 Naravno. \u2013 Nije to neka velika novost. To tra\u017ee svaki dan. To je SDA iznjela u svojoj Deklaraciji, rekao je Vu\u010di\u0107. On [&hellip;]<\/p>\n","protected":false},"author":2,"featured_media":76354,"comment_status":"closed","ping_status":"closed","sticky":false,"template":"","format":"standard","meta":{"h5ap_radio_sources":[],"footnotes":""},"categories":[1],"tags":[],"class_list":["post-76353","post","type-post","status-publish","format-standard","has-post-thumbnail","hentry","category-bihiregija"],"yoast_head":"<!-- This site is optimized with the Yoast SEO plugin v27.4 - https:\/\/yoast.com\/product\/yoast-seo-wordpress\/ -->\n<title>Vu\u010di\u0107: Svaki dan tra\u017ee ukidanje RS, nije to neka novost - RADIO LJUBU\u0160KI<\/title>\n<meta name=\"robots\" content=\"index, follow, max-snippet:-1, max-image-preview:large, max-video-preview:-1\" \/>\n<link rel=\"canonical\" href=\"https:\/\/radioljubuski.ba\/index.php\/2021\/10\/16\/vucic-svaki-dan-traze-ukidanje-rs-nije-to-neka-novost\/\" \/>\n<meta property=\"og:locale\" content=\"hr_HR\" \/>\n<meta property=\"og:type\" content=\"article\" \/>\n<meta property=\"og:title\" content=\"Vu\u010di\u0107: Svaki dan tra\u017ee ukidanje RS, nije to neka novost - RADIO LJUBU\u0160KI\" \/>\n<meta property=\"og:description\" content=\"Predsjednik Srbije Aleksandar Vu\u010di\u0107 sino\u0107 je gostuju\u0107i na Televiziji Prva govorio i o situaciji u BiH. Na pitanje da je najavio da \u0107e do prolje\u0107a tra\u017eiti ukidanje Republike Srpske, Vu\u010di\u0107 je odgovorio \u2013 Naravno. \u2013 Nije to neka velika novost. To tra\u017ee svaki dan. To je SDA iznjela u svojoj Deklaraciji, rekao je Vu\u010di\u0107. On [&hellip;]\" \/>\n<meta property=\"og:url\" content=\"https:\/\/radioljubuski.ba\/index.php\/2021\/10\/16\/vucic-svaki-dan-traze-ukidanje-rs-nije-to-neka-novost\/\" \/>\n<meta property=\"og:site_name\" content=\"RADIO LJUBU\u0160KI\" \/>\n<meta property=\"article:publisher\" content=\"https:\/\/www.facebook.com\/Radiio-Ljubuski-1490835324566332\" \/>\n<meta property=\"article:published_time\" content=\"2021-10-15T23:25:18+00:00\" \/>\n<meta property=\"og:image\" content=\"https:\/\/radioljubuski.ba\/wp-content\/uploads\/2021\/10\/vucic.jpg\" \/>\n\t<meta property=\"og:image:width\" content=\"604\" \/>\n\t<meta property=\"og:image:height\" content=\"345\" \/>\n\t<meta property=\"og:image:type\" content=\"image\/jpeg\" \/>\n<meta name=\"author\" content=\"Radio Ljubu\u0161ki\" \/>\n<meta name=\"twitter:card\" content=\"summary_large_image\" \/>\n<meta name=\"twitter:creator\" content=\"@radioljubuski\" \/>\n<meta name=\"twitter:site\" content=\"@radioljubuski\" \/>\n<meta name=\"twitter:label1\" content=\"Napisao\/la\" \/>\n\t<meta name=\"twitter:data1\" content=\"Radio Ljubu\u0161ki\" \/>\n\t<meta name=\"twitter:label2\" content=\"Procijenjeno vrijeme \u010ditanja\" \/>\n\t<meta name=\"twitter:data2\" content=\"1 minuta\" \/>\n<script type=\"application\/ld+json\" class=\"yoast-schema-graph\">{\"@context\":\"https:\\\/\\\/schema.org\",\"@graph\":[{\"@type\":\"Article\",\"@id\":\"https:\\\/\\\/radioljubuski.ba\\\/index.php\\\/2021\\\/10\\\/16\\\/vucic-svaki-dan-traze-ukidanje-rs-nije-to-neka-novost\\\/#article\",\"isPartOf\":{\"@id\":\"https:\\\/\\\/radioljubuski.ba\\\/index.php\\\/2021\\\/10\\\/16\\\/vucic-svaki-dan-traze-ukidanje-rs-nije-to-neka-novost\\\/\"},\"author\":{\"name\":\"Radio Ljubu\u0161ki\",\"@id\":\"https:\\\/\\\/radioljubuski.ba\\\/#\\\/schema\\\/person\\\/19fc700381a780f69665d7956c469e3b\"},\"headline\":\"Vu\u010di\u0107: Svaki dan tra\u017ee ukidanje RS, nije to neka novost\",\"datePublished\":\"2021-10-15T23:25:18+00:00\",\"mainEntityOfPage\":{\"@id\":\"https:\\\/\\\/radioljubuski.ba\\\/index.php\\\/2021\\\/10\\\/16\\\/vucic-svaki-dan-traze-ukidanje-rs-nije-to-neka-novost\\\/\"},\"wordCount\":216,\"publisher\":{\"@id\":\"https:\\\/\\\/radioljubuski.ba\\\/#organization\"},\"image\":{\"@id\":\"https:\\\/\\\/radioljubuski.ba\\\/index.php\\\/2021\\\/10\\\/16\\\/vucic-svaki-dan-traze-ukidanje-rs-nije-to-neka-novost\\\/#primaryimage\"},\"thumbnailUrl\":\"https:\\\/\\\/radioljubuski.ba\\\/wp-content\\\/uploads\\\/2021\\\/10\\\/vucic.jpg\",\"articleSection\":[\"BIH i regija\"],\"inLanguage\":\"hr\"},{\"@type\":\"WebPage\",\"@id\":\"https:\\\/\\\/radioljubuski.ba\\\/index.php\\\/2021\\\/10\\\/16\\\/vucic-svaki-dan-traze-ukidanje-rs-nije-to-neka-novost\\\/\",\"url\":\"https:\\\/\\\/radioljubuski.ba\\\/index.php\\\/2021\\\/10\\\/16\\\/vucic-svaki-dan-traze-ukidanje-rs-nije-to-neka-novost\\\/\",\"name\":\"Vu\u010di\u0107: Svaki dan tra\u017ee ukidanje RS, nije to neka novost - RADIO LJUBU\u0160KI\",\"isPartOf\":{\"@id\":\"https:\\\/\\\/radioljubuski.ba\\\/#website\"},\"primaryImageOfPage\":{\"@id\":\"https:\\\/\\\/radioljubuski.ba\\\/index.php\\\/2021\\\/10\\\/16\\\/vucic-svaki-dan-traze-ukidanje-rs-nije-to-neka-novost\\\/#primaryimage\"},\"image\":{\"@id\":\"https:\\\/\\\/radioljubuski.ba\\\/index.php\\\/2021\\\/10\\\/16\\\/vucic-svaki-dan-traze-ukidanje-rs-nije-to-neka-novost\\\/#primaryimage\"},\"thumbnailUrl\":\"https:\\\/\\\/radioljubuski.ba\\\/wp-content\\\/uploads\\\/2021\\\/10\\\/vucic.jpg\",\"datePublished\":\"2021-10-15T23:25:18+00:00\",\"breadcrumb\":{\"@id\":\"https:\\\/\\\/radioljubuski.ba\\\/index.php\\\/2021\\\/10\\\/16\\\/vucic-svaki-dan-traze-ukidanje-rs-nije-to-neka-novost\\\/#breadcrumb\"},\"inLanguage\":\"hr\",\"potentialAction\":[{\"@type\":\"ReadAction\",\"target\":[\"https:\\\/\\\/radioljubuski.ba\\\/index.php\\\/2021\\\/10\\\/16\\\/vucic-svaki-dan-traze-ukidanje-rs-nije-to-neka-novost\\\/\"]}]},{\"@type\":\"ImageObject\",\"inLanguage\":\"hr\",\"@id\":\"https:\\\/\\\/radioljubuski.ba\\\/index.php\\\/2021\\\/10\\\/16\\\/vucic-svaki-dan-traze-ukidanje-rs-nije-to-neka-novost\\\/#primaryimage\",\"url\":\"https:\\\/\\\/radioljubuski.ba\\\/wp-content\\\/uploads\\\/2021\\\/10\\\/vucic.jpg\",\"contentUrl\":\"https:\\\/\\\/radioljubuski.ba\\\/wp-content\\\/uploads\\\/2021\\\/10\\\/vucic.jpg\",\"width\":604,\"height\":345},{\"@type\":\"BreadcrumbList\",\"@id\":\"https:\\\/\\\/radioljubuski.ba\\\/index.php\\\/2021\\\/10\\\/16\\\/vucic-svaki-dan-traze-ukidanje-rs-nije-to-neka-novost\\\/#breadcrumb\",\"itemListElement\":[{\"@type\":\"ListItem\",\"position\":1,\"name\":\"Po\u010detna stranica\",\"item\":\"https:\\\/\\\/radioljubuski.ba\\\/\"},{\"@type\":\"ListItem\",\"position\":2,\"name\":\"Vu\u010di\u0107: Svaki dan tra\u017ee ukidanje RS, nije to neka novost\"}]},{\"@type\":\"WebSite\",\"@id\":\"https:\\\/\\\/radioljubuski.ba\\\/#website\",\"url\":\"https:\\\/\\\/radioljubuski.ba\\\/\",\"name\":\"Radio Ljubu\u0161ki\",\"description\":\"Sun\u010dana frekvencija Hercegovine\",\"publisher\":{\"@id\":\"https:\\\/\\\/radioljubuski.ba\\\/#organization\"},\"potentialAction\":[{\"@type\":\"SearchAction\",\"target\":{\"@type\":\"EntryPoint\",\"urlTemplate\":\"https:\\\/\\\/radioljubuski.ba\\\/?s={search_term_string}\"},\"query-input\":{\"@type\":\"PropertyValueSpecification\",\"valueRequired\":true,\"valueName\":\"search_term_string\"}}],\"inLanguage\":\"hr\"},{\"@type\":\"Organization\",\"@id\":\"https:\\\/\\\/radioljubuski.ba\\\/#organization\",\"name\":\"Radio Ljubu\u0161ki\",\"url\":\"https:\\\/\\\/radioljubuski.ba\\\/\",\"logo\":{\"@type\":\"ImageObject\",\"inLanguage\":\"hr\",\"@id\":\"https:\\\/\\\/radioljubuski.ba\\\/#\\\/schema\\\/logo\\\/image\\\/\",\"url\":\"https:\\\/\\\/radioljubuski.ba\\\/wp-content\\\/uploads\\\/2021\\\/02\\\/cropped-Radio_Ljubuski_logo1.jpg\",\"contentUrl\":\"https:\\\/\\\/radioljubuski.ba\\\/wp-content\\\/uploads\\\/2021\\\/02\\\/cropped-Radio_Ljubuski_logo1.jpg\",\"width\":512,\"height\":512,\"caption\":\"Radio Ljubu\u0161ki\"},\"image\":{\"@id\":\"https:\\\/\\\/radioljubuski.ba\\\/#\\\/schema\\\/logo\\\/image\\\/\"},\"sameAs\":[\"https:\\\/\\\/www.facebook.com\\\/Radiio-Ljubuski-1490835324566332\",\"https:\\\/\\\/x.com\\\/radioljubuski\",\"https:\\\/\\\/hr.linkedin.com\\\/company\\\/radio-ljubuski\",\"https:\\\/\\\/www.youtube.com\\\/channel\\\/UCHYaeO_n0Db3tjNGudGpXyw\"]},{\"@type\":\"Person\",\"@id\":\"https:\\\/\\\/radioljubuski.ba\\\/#\\\/schema\\\/person\\\/19fc700381a780f69665d7956c469e3b\",\"name\":\"Radio Ljubu\u0161ki\"}]}<\/script>\n<!-- \/ Yoast SEO plugin. -->","yoast_head_json":{"title":"Vu\u010di\u0107: Svaki dan tra\u017ee ukidanje RS, nije to neka novost - RADIO LJUBU\u0160KI","robots":{"index":"index","follow":"follow","max-snippet":"max-snippet:-1","max-image-preview":"max-image-preview:large","max-video-preview":"max-video-preview:-1"},"canonical":"https:\/\/radioljubuski.ba\/index.php\/2021\/10\/16\/vucic-svaki-dan-traze-ukidanje-rs-nije-to-neka-novost\/","og_locale":"hr_HR","og_type":"article","og_title":"Vu\u010di\u0107: Svaki dan tra\u017ee ukidanje RS, nije to neka novost - RADIO LJUBU\u0160KI","og_description":"Predsjednik Srbije Aleksandar Vu\u010di\u0107 sino\u0107 je gostuju\u0107i na Televiziji Prva govorio i o situaciji u BiH. Na pitanje da je najavio da \u0107e do prolje\u0107a tra\u017eiti ukidanje Republike Srpske, Vu\u010di\u0107 je odgovorio \u2013 Naravno. \u2013 Nije to neka velika novost. To tra\u017ee svaki dan. To je SDA iznjela u svojoj Deklaraciji, rekao je Vu\u010di\u0107. On [&hellip;]","og_url":"https:\/\/radioljubuski.ba\/index.php\/2021\/10\/16\/vucic-svaki-dan-traze-ukidanje-rs-nije-to-neka-novost\/","og_site_name":"RADIO LJUBU\u0160KI","article_publisher":"https:\/\/www.facebook.com\/Radiio-Ljubuski-1490835324566332","article_published_time":"2021-10-15T23:25:18+00:00","og_image":[{"width":604,"height":345,"url":"https:\/\/radioljubuski.ba\/wp-content\/uploads\/2021\/10\/vucic.jpg","type":"image\/jpeg"}],"author":"Radio Ljubu\u0161ki","twitter_card":"summary_large_image","twitter_creator":"@radioljubuski","twitter_site":"@radioljubuski","twitter_misc":{"Napisao\/la":"Radio Ljubu\u0161ki","Procijenjeno vrijeme \u010ditanja":"1 minuta"},"schema":{"@context":"https:\/\/schema.org","@graph":[{"@type":"Article","@id":"https:\/\/radioljubuski.ba\/index.php\/2021\/10\/16\/vucic-svaki-dan-traze-ukidanje-rs-nije-to-neka-novost\/#article","isPartOf":{"@id":"https:\/\/radioljubuski.ba\/index.php\/2021\/10\/16\/vucic-svaki-dan-traze-ukidanje-rs-nije-to-neka-novost\/"},"author":{"name":"Radio Ljubu\u0161ki","@id":"https:\/\/radioljubuski.ba\/#\/schema\/person\/19fc700381a780f69665d7956c469e3b"},"headline":"Vu\u010di\u0107: Svaki dan tra\u017ee ukidanje RS, nije to neka novost","datePublished":"2021-10-15T23:25:18+00:00","mainEntityOfPage":{"@id":"https:\/\/radioljubuski.ba\/index.php\/2021\/10\/16\/vucic-svaki-dan-traze-ukidanje-rs-nije-to-neka-novost\/"},"wordCount":216,"publisher":{"@id":"https:\/\/radioljubuski.ba\/#organization"},"image":{"@id":"https:\/\/radioljubuski.ba\/index.php\/2021\/10\/16\/vucic-svaki-dan-traze-ukidanje-rs-nije-to-neka-novost\/#primaryimage"},"thumbnailUrl":"https:\/\/radioljubuski.ba\/wp-content\/uploads\/2021\/10\/vucic.jpg","articleSection":["BIH i regija"],"inLanguage":"hr"},{"@type":"WebPage","@id":"https:\/\/radioljubuski.ba\/index.php\/2021\/10\/16\/vucic-svaki-dan-traze-ukidanje-rs-nije-to-neka-novost\/","url":"https:\/\/radioljubuski.ba\/index.php\/2021\/10\/16\/vucic-svaki-dan-traze-ukidanje-rs-nije-to-neka-novost\/","name":"Vu\u010di\u0107: Svaki dan tra\u017ee ukidanje RS, nije to neka novost - RADIO LJUBU\u0160KI","isPartOf":{"@id":"https:\/\/radioljubuski.ba\/#website"},"primaryImageOfPage":{"@id":"https:\/\/radioljubuski.ba\/index.php\/2021\/10\/16\/vucic-svaki-dan-traze-ukidanje-rs-nije-to-neka-novost\/#primaryimage"},"image":{"@id":"https:\/\/radioljubuski.ba\/index.php\/2021\/10\/16\/vucic-svaki-dan-traze-ukidanje-rs-nije-to-neka-novost\/#primaryimage"},"thumbnailUrl":"https:\/\/radioljubuski.ba\/wp-content\/uploads\/2021\/10\/vucic.jpg","datePublished":"2021-10-15T23:25:18+00:00","breadcrumb":{"@id":"https:\/\/radioljubuski.ba\/index.php\/2021\/10\/16\/vucic-svaki-dan-traze-ukidanje-rs-nije-to-neka-novost\/#breadcrumb"},"inLanguage":"hr","potentialAction":[{"@type":"ReadAction","target":["https:\/\/radioljubuski.ba\/index.php\/2021\/10\/16\/vucic-svaki-dan-traze-ukidanje-rs-nije-to-neka-novost\/"]}]},{"@type":"ImageObject","inLanguage":"hr","@id":"https:\/\/radioljubuski.ba\/index.php\/2021\/10\/16\/vucic-svaki-dan-traze-ukidanje-rs-nije-to-neka-novost\/#primaryimage","url":"https:\/\/radioljubuski.ba\/wp-content\/uploads\/2021\/10\/vucic.jpg","contentUrl":"https:\/\/radioljubuski.ba\/wp-content\/uploads\/2021\/10\/vucic.jpg","width":604,"height":345},{"@type":"BreadcrumbList","@id":"https:\/\/radioljubuski.ba\/index.php\/2021\/10\/16\/vucic-svaki-dan-traze-ukidanje-rs-nije-to-neka-novost\/#breadcrumb","itemListElement":[{"@type":"ListItem","position":1,"name":"Po\u010detna stranica","item":"https:\/\/radioljubuski.ba\/"},{"@type":"ListItem","position":2,"name":"Vu\u010di\u0107: Svaki dan tra\u017ee ukidanje RS, nije to neka novost"}]},{"@type":"WebSite","@id":"https:\/\/radioljubuski.ba\/#website","url":"https:\/\/radioljubuski.ba\/","name":"Radio Ljubu\u0161ki","description":"Sun\u010dana frekvencija Hercegovine","publisher":{"@id":"https:\/\/radioljubuski.ba\/#organization"},"potentialAction":[{"@type":"SearchAction","target":{"@type":"EntryPoint","urlTemplate":"https:\/\/radioljubuski.ba\/?s={search_term_string}"},"query-input":{"@type":"PropertyValueSpecification","valueRequired":true,"valueName":"search_term_string"}}],"inLanguage":"hr"},{"@type":"Organization","@id":"https:\/\/radioljubuski.ba\/#organization","name":"Radio Ljubu\u0161ki","url":"https:\/\/radioljubuski.ba\/","logo":{"@type":"ImageObject","inLanguage":"hr","@id":"https:\/\/radioljubuski.ba\/#\/schema\/logo\/image\/","url":"https:\/\/radioljubuski.ba\/wp-content\/uploads\/2021\/02\/cropped-Radio_Ljubuski_logo1.jpg","contentUrl":"https:\/\/radioljubuski.ba\/wp-content\/uploads\/2021\/02\/cropped-Radio_Ljubuski_logo1.jpg","width":512,"height":512,"caption":"Radio Ljubu\u0161ki"},"image":{"@id":"https:\/\/radioljubuski.ba\/#\/schema\/logo\/image\/"},"sameAs":["https:\/\/www.facebook.com\/Radiio-Ljubuski-1490835324566332","https:\/\/x.com\/radioljubuski","https:\/\/hr.linkedin.com\/company\/radio-ljubuski","https:\/\/www.youtube.com\/channel\/UCHYaeO_n0Db3tjNGudGpXyw"]},{"@type":"Person","@id":"https:\/\/radioljubuski.ba\/#\/schema\/person\/19fc700381a780f69665d7956c469e3b","name":"Radio Ljubu\u0161ki"}]}},"_links":{"self":[{"href":"https:\/\/radioljubuski.ba\/index.php\/wp-json\/wp\/v2\/posts\/76353","targetHints":{"allow":["GET"]}}],"collection":[{"href":"https:\/\/radioljubuski.ba\/index.php\/wp-json\/wp\/v2\/posts"}],"about":[{"href":"https:\/\/radioljubuski.ba\/index.php\/wp-json\/wp\/v2\/types\/post"}],"author":[{"embeddable":true,"href":"https:\/\/radioljubuski.ba\/index.php\/wp-json\/wp\/v2\/users\/2"}],"replies":[{"embeddable":true,"href":"https:\/\/radioljubuski.ba\/index.php\/wp-json\/wp\/v2\/comments?post=76353"}],"version-history":[{"count":1,"href":"https:\/\/radioljubuski.ba\/index.php\/wp-json\/wp\/v2\/posts\/76353\/revisions"}],"predecessor-version":[{"id":76355,"href":"https:\/\/radioljubuski.ba\/index.php\/wp-json\/wp\/v2\/posts\/76353\/revisions\/76355"}],"wp:featuredmedia":[{"embeddable":true,"href":"https:\/\/radioljubuski.ba\/index.php\/wp-json\/wp\/v2\/media\/76354"}],"wp:attachment":[{"href":"https:\/\/radioljubuski.ba\/index.php\/wp-json\/wp\/v2\/media?parent=76353"}],"wp:term":[{"taxonomy":"category","embeddable":true,"href":"https:\/\/radioljubuski.ba\/index.php\/wp-json\/wp\/v2\/categories?post=76353"},{"taxonomy":"post_tag","embeddable":true,"href":"https:\/\/radioljubuski.ba\/index.php\/wp-json\/wp\/v2\/tags?post=76353"}],"curies":[{"name":"wp","href":"https:\/\/api.w.org\/{rel}","templated":true}]}}