{"id":76356,"date":"2021-10-16T00:27:13","date_gmt":"2021-10-15T23:27:13","guid":{"rendered":"https:\/\/radioljubuski.ba\/?p=76356"},"modified":"2021-10-16T00:27:14","modified_gmt":"2021-10-15T23:27:14","slug":"najava-tribina-ja-jesam-i-hocu-o-prevenciji-i-lijecenju-raka-dojke","status":"publish","type":"post","link":"https:\/\/radioljubuski.ba\/index.php\/2021\/10\/16\/najava-tribina-ja-jesam-i-hocu-o-prevenciji-i-lijecenju-raka-dojke\/","title":{"rendered":"Najava: Tribina \u201eJa jesam i ho\u0107u\u201c o prevenciji i lije\u010denju raka dojke"},"content":{"rendered":"\n<p><strong>Javna tribina pod nazivom \u201eJa jesam i ho\u0107u\u201c \u2013 Podi\u017eimo zajedno svijet o prevenciji i lije\u010denju raka dojke, odr\u017eat \u0107e se u Hotelu Brotnjo u \u010citluku, dana 20.listopada 2021. godine (srijeda), s po\u010detkom u 19 sati.<\/strong><\/p>\n\n\n\n<p>Op\u0107inski odbor Zajednice \u017eena HDZ BiH \u201eKraljica Katarina Kosa\u010da\u201c \u010citluk tribinu organizira povodom mjeseca posve\u0107enog ja\u010danju svijesti o problemu raka dojke.<\/p>\n\n\n\n<p>Go\u0161\u0107e predava\u010di tribine su:<\/p>\n\n\n\n<ul class=\"wp-block-list\"><li>dr. med. Dragana Mileti\u0107, specijalist radiologije i onkologije \u2013 Sveu\u010dili\u0161na klini\u010dka bolnica Mostar,<\/li><li>Marijana Zubac, mag. ing. techn. aliment \u2013 NutriCENTAR Mostar,<\/li><li>Radica Lasi\u0107, predsjednica Udruge \u017eena lije\u010denih od raka dojke \u201eNarcis\u201c.<\/li><\/ul>\n\n\n\n<p>\u201eMjesec listopad posve\u0107en je podizanju svijesti o raku dojke u cijelome svijetu. Poseban naglasak stavlja se na njegovo rano otkrivanje koje predstavlja uspje\u0161an na\u010din borbe protiv ove zlo\u0107udne bolesti. Redovitim pregledima, rak se mo\u017ee prevenirati \u0161to je po\u017eeljno za smanjenje trenda porasta oboljelih od raka. Iz tog razloga odlu\u010dili smo sagledati ovu bolest sa \u0161ireg aspekta: sa stru\u010dne strane -podru\u010dja radiologije i onkologije, s podru\u010dja zdrave prehrane i zdravog stila \u017eiva te \u017eivotnih iskustava i savjeta dragih \u017eena koje su se (iz)borile s rakom\u201c, poru\u010dili su organizatori.<\/p>\n\n\n\n<p>Naziv tribine \u201eJa jesam i ho\u0107u\u201c slogan je Svjetskog dana borbe protiv raka od 2019. do 2021. godine, a odnosi se na ulogu svakog pojedinca koji mo\u017ee utjecati na \u0161tetne odluke za zdravlje i okrenuti se zdravijem \u017eivotnom stilu, pi\u0161e Brotnjo.info.<\/p>\n\n\n\n<p>\u201eZadnjih godina u podizanju svijesti o raku dojke u samih \u017eena i cijele javnosti napravljeno je puno. U tom pozitivnom procesu sudjelujemo i mi kao Zajednica \u017eena HDZ-a BiH. Pozvani smo se svi zajedno uklju\u010diti u borbu protiv ove bolesti\u201c, stoji u priop\u0107enju Op\u0107inskog odbora Zajednice \u017eena HDZ BiH \u201eKraljica Katarina Kosa\u010da\u201c \u010citluk.<\/p>\n\n\n\n<p>\/HMS\/<\/p>\n","protected":false},"excerpt":{"rendered":"<p>Javna tribina pod nazivom \u201eJa jesam i ho\u0107u\u201c \u2013 Podi\u017eimo zajedno svijet o prevenciji i lije\u010denju raka dojke, odr\u017eat \u0107e se u Hotelu Brotnjo u \u010citluku, dana 20.listopada 2021. godine (srijeda), s po\u010detkom u 19 sati. Op\u0107inski odbor Zajednice \u017eena HDZ BiH \u201eKraljica Katarina Kosa\u010da\u201c \u010citluk tribinu organizira povodom mjeseca posve\u0107enog ja\u010danju svijesti o problemu [&hellip;]<\/p>\n","protected":false},"author":2,"featured_media":76357,"comment_status":"closed","ping_status":"closed","sticky":false,"template":"","format":"standard","meta":{"h5ap_radio_sources":[],"footnotes":""},"categories":[1],"tags":[],"class_list":["post-76356","post","type-post","status-publish","format-standard","has-post-thumbnail","hentry","category-bihiregija"],"yoast_head":"<!-- This site is optimized with the Yoast SEO plugin v27.4 - https:\/\/yoast.com\/product\/yoast-seo-wordpress\/ -->\n<title>Najava: Tribina \u201eJa jesam i ho\u0107u\u201c o prevenciji i lije\u010denju raka dojke - RADIO LJUBU\u0160KI<\/title>\n<meta name=\"robots\" content=\"index, follow, max-snippet:-1, max-image-preview:large, max-video-preview:-1\" \/>\n<link rel=\"canonical\" href=\"https:\/\/radioljubuski.ba\/index.php\/2021\/10\/16\/najava-tribina-ja-jesam-i-hocu-o-prevenciji-i-lijecenju-raka-dojke\/\" \/>\n<meta property=\"og:locale\" content=\"hr_HR\" \/>\n<meta property=\"og:type\" content=\"article\" \/>\n<meta property=\"og:title\" content=\"Najava: Tribina \u201eJa jesam i ho\u0107u\u201c o prevenciji i lije\u010denju raka dojke - RADIO LJUBU\u0160KI\" \/>\n<meta property=\"og:description\" content=\"Javna tribina pod nazivom \u201eJa jesam i ho\u0107u\u201c \u2013 Podi\u017eimo zajedno svijet o prevenciji i lije\u010denju raka dojke, odr\u017eat \u0107e se u Hotelu Brotnjo u \u010citluku, dana 20.listopada 2021. godine (srijeda), s po\u010detkom u 19 sati. Op\u0107inski odbor Zajednice \u017eena HDZ BiH \u201eKraljica Katarina Kosa\u010da\u201c \u010citluk tribinu organizira povodom mjeseca posve\u0107enog ja\u010danju svijesti o problemu [&hellip;]\" \/>\n<meta property=\"og:url\" content=\"https:\/\/radioljubuski.ba\/index.php\/2021\/10\/16\/najava-tribina-ja-jesam-i-hocu-o-prevenciji-i-lijecenju-raka-dojke\/\" \/>\n<meta property=\"og:site_name\" content=\"RADIO LJUBU\u0160KI\" \/>\n<meta property=\"article:publisher\" content=\"https:\/\/www.facebook.com\/Radiio-Ljubuski-1490835324566332\" \/>\n<meta property=\"article:published_time\" content=\"2021-10-15T23:27:13+00:00\" \/>\n<meta property=\"article:modified_time\" content=\"2021-10-15T23:27:14+00:00\" \/>\n<meta property=\"og:image\" content=\"https:\/\/radioljubuski.ba\/wp-content\/uploads\/2021\/10\/IMG_20211014_124744-640x467-1.jpg\" \/>\n\t<meta property=\"og:image:width\" content=\"640\" \/>\n\t<meta property=\"og:image:height\" content=\"467\" \/>\n\t<meta property=\"og:image:type\" content=\"image\/jpeg\" \/>\n<meta name=\"author\" content=\"Radio Ljubu\u0161ki\" \/>\n<meta name=\"twitter:card\" content=\"summary_large_image\" \/>\n<meta name=\"twitter:creator\" content=\"@radioljubuski\" \/>\n<meta name=\"twitter:site\" content=\"@radioljubuski\" \/>\n<meta name=\"twitter:label1\" content=\"Napisao\/la\" \/>\n\t<meta name=\"twitter:data1\" content=\"Radio Ljubu\u0161ki\" \/>\n\t<meta name=\"twitter:label2\" content=\"Procijenjeno vrijeme \u010ditanja\" \/>\n\t<meta name=\"twitter:data2\" content=\"2 minute\" \/>\n<script type=\"application\/ld+json\" class=\"yoast-schema-graph\">{\"@context\":\"https:\\\/\\\/schema.org\",\"@graph\":[{\"@type\":\"Article\",\"@id\":\"https:\\\/\\\/radioljubuski.ba\\\/index.php\\\/2021\\\/10\\\/16\\\/najava-tribina-ja-jesam-i-hocu-o-prevenciji-i-lijecenju-raka-dojke\\\/#article\",\"isPartOf\":{\"@id\":\"https:\\\/\\\/radioljubuski.ba\\\/index.php\\\/2021\\\/10\\\/16\\\/najava-tribina-ja-jesam-i-hocu-o-prevenciji-i-lijecenju-raka-dojke\\\/\"},\"author\":{\"name\":\"Radio Ljubu\u0161ki\",\"@id\":\"https:\\\/\\\/radioljubuski.ba\\\/#\\\/schema\\\/person\\\/19fc700381a780f69665d7956c469e3b\"},\"headline\":\"Najava: Tribina \u201eJa jesam i ho\u0107u\u201c o prevenciji i lije\u010denju raka dojke\",\"datePublished\":\"2021-10-15T23:27:13+00:00\",\"dateModified\":\"2021-10-15T23:27:14+00:00\",\"mainEntityOfPage\":{\"@id\":\"https:\\\/\\\/radioljubuski.ba\\\/index.php\\\/2021\\\/10\\\/16\\\/najava-tribina-ja-jesam-i-hocu-o-prevenciji-i-lijecenju-raka-dojke\\\/\"},\"wordCount\":317,\"publisher\":{\"@id\":\"https:\\\/\\\/radioljubuski.ba\\\/#organization\"},\"image\":{\"@id\":\"https:\\\/\\\/radioljubuski.ba\\\/index.php\\\/2021\\\/10\\\/16\\\/najava-tribina-ja-jesam-i-hocu-o-prevenciji-i-lijecenju-raka-dojke\\\/#primaryimage\"},\"thumbnailUrl\":\"https:\\\/\\\/radioljubuski.ba\\\/wp-content\\\/uploads\\\/2021\\\/10\\\/IMG_20211014_124744-640x467-1.jpg\",\"articleSection\":[\"BIH i regija\"],\"inLanguage\":\"hr\"},{\"@type\":\"WebPage\",\"@id\":\"https:\\\/\\\/radioljubuski.ba\\\/index.php\\\/2021\\\/10\\\/16\\\/najava-tribina-ja-jesam-i-hocu-o-prevenciji-i-lijecenju-raka-dojke\\\/\",\"url\":\"https:\\\/\\\/radioljubuski.ba\\\/index.php\\\/2021\\\/10\\\/16\\\/najava-tribina-ja-jesam-i-hocu-o-prevenciji-i-lijecenju-raka-dojke\\\/\",\"name\":\"Najava: Tribina \u201eJa jesam i ho\u0107u\u201c o prevenciji i lije\u010denju raka dojke - RADIO LJUBU\u0160KI\",\"isPartOf\":{\"@id\":\"https:\\\/\\\/radioljubuski.ba\\\/#website\"},\"primaryImageOfPage\":{\"@id\":\"https:\\\/\\\/radioljubuski.ba\\\/index.php\\\/2021\\\/10\\\/16\\\/najava-tribina-ja-jesam-i-hocu-o-prevenciji-i-lijecenju-raka-dojke\\\/#primaryimage\"},\"image\":{\"@id\":\"https:\\\/\\\/radioljubuski.ba\\\/index.php\\\/2021\\\/10\\\/16\\\/najava-tribina-ja-jesam-i-hocu-o-prevenciji-i-lijecenju-raka-dojke\\\/#primaryimage\"},\"thumbnailUrl\":\"https:\\\/\\\/radioljubuski.ba\\\/wp-content\\\/uploads\\\/2021\\\/10\\\/IMG_20211014_124744-640x467-1.jpg\",\"datePublished\":\"2021-10-15T23:27:13+00:00\",\"dateModified\":\"2021-10-15T23:27:14+00:00\",\"breadcrumb\":{\"@id\":\"https:\\\/\\\/radioljubuski.ba\\\/index.php\\\/2021\\\/10\\\/16\\\/najava-tribina-ja-jesam-i-hocu-o-prevenciji-i-lijecenju-raka-dojke\\\/#breadcrumb\"},\"inLanguage\":\"hr\",\"potentialAction\":[{\"@type\":\"ReadAction\",\"target\":[\"https:\\\/\\\/radioljubuski.ba\\\/index.php\\\/2021\\\/10\\\/16\\\/najava-tribina-ja-jesam-i-hocu-o-prevenciji-i-lijecenju-raka-dojke\\\/\"]}]},{\"@type\":\"ImageObject\",\"inLanguage\":\"hr\",\"@id\":\"https:\\\/\\\/radioljubuski.ba\\\/index.php\\\/2021\\\/10\\\/16\\\/najava-tribina-ja-jesam-i-hocu-o-prevenciji-i-lijecenju-raka-dojke\\\/#primaryimage\",\"url\":\"https:\\\/\\\/radioljubuski.ba\\\/wp-content\\\/uploads\\\/2021\\\/10\\\/IMG_20211014_124744-640x467-1.jpg\",\"contentUrl\":\"https:\\\/\\\/radioljubuski.ba\\\/wp-content\\\/uploads\\\/2021\\\/10\\\/IMG_20211014_124744-640x467-1.jpg\",\"width\":640,\"height\":467},{\"@type\":\"BreadcrumbList\",\"@id\":\"https:\\\/\\\/radioljubuski.ba\\\/index.php\\\/2021\\\/10\\\/16\\\/najava-tribina-ja-jesam-i-hocu-o-prevenciji-i-lijecenju-raka-dojke\\\/#breadcrumb\",\"itemListElement\":[{\"@type\":\"ListItem\",\"position\":1,\"name\":\"Po\u010detna stranica\",\"item\":\"https:\\\/\\\/radioljubuski.ba\\\/\"},{\"@type\":\"ListItem\",\"position\":2,\"name\":\"Najava: Tribina \u201eJa jesam i ho\u0107u\u201c o prevenciji i lije\u010denju raka dojke\"}]},{\"@type\":\"WebSite\",\"@id\":\"https:\\\/\\\/radioljubuski.ba\\\/#website\",\"url\":\"https:\\\/\\\/radioljubuski.ba\\\/\",\"name\":\"Radio Ljubu\u0161ki\",\"description\":\"Sun\u010dana frekvencija Hercegovine\",\"publisher\":{\"@id\":\"https:\\\/\\\/radioljubuski.ba\\\/#organization\"},\"potentialAction\":[{\"@type\":\"SearchAction\",\"target\":{\"@type\":\"EntryPoint\",\"urlTemplate\":\"https:\\\/\\\/radioljubuski.ba\\\/?s={search_term_string}\"},\"query-input\":{\"@type\":\"PropertyValueSpecification\",\"valueRequired\":true,\"valueName\":\"search_term_string\"}}],\"inLanguage\":\"hr\"},{\"@type\":\"Organization\",\"@id\":\"https:\\\/\\\/radioljubuski.ba\\\/#organization\",\"name\":\"Radio Ljubu\u0161ki\",\"url\":\"https:\\\/\\\/radioljubuski.ba\\\/\",\"logo\":{\"@type\":\"ImageObject\",\"inLanguage\":\"hr\",\"@id\":\"https:\\\/\\\/radioljubuski.ba\\\/#\\\/schema\\\/logo\\\/image\\\/\",\"url\":\"https:\\\/\\\/radioljubuski.ba\\\/wp-content\\\/uploads\\\/2021\\\/02\\\/cropped-Radio_Ljubuski_logo1.jpg\",\"contentUrl\":\"https:\\\/\\\/radioljubuski.ba\\\/wp-content\\\/uploads\\\/2021\\\/02\\\/cropped-Radio_Ljubuski_logo1.jpg\",\"width\":512,\"height\":512,\"caption\":\"Radio Ljubu\u0161ki\"},\"image\":{\"@id\":\"https:\\\/\\\/radioljubuski.ba\\\/#\\\/schema\\\/logo\\\/image\\\/\"},\"sameAs\":[\"https:\\\/\\\/www.facebook.com\\\/Radiio-Ljubuski-1490835324566332\",\"https:\\\/\\\/x.com\\\/radioljubuski\",\"https:\\\/\\\/hr.linkedin.com\\\/company\\\/radio-ljubuski\",\"https:\\\/\\\/www.youtube.com\\\/channel\\\/UCHYaeO_n0Db3tjNGudGpXyw\"]},{\"@type\":\"Person\",\"@id\":\"https:\\\/\\\/radioljubuski.ba\\\/#\\\/schema\\\/person\\\/19fc700381a780f69665d7956c469e3b\",\"name\":\"Radio Ljubu\u0161ki\"}]}<\/script>\n<!-- \/ Yoast SEO plugin. -->","yoast_head_json":{"title":"Najava: Tribina \u201eJa jesam i ho\u0107u\u201c o prevenciji i lije\u010denju raka dojke - RADIO LJUBU\u0160KI","robots":{"index":"index","follow":"follow","max-snippet":"max-snippet:-1","max-image-preview":"max-image-preview:large","max-video-preview":"max-video-preview:-1"},"canonical":"https:\/\/radioljubuski.ba\/index.php\/2021\/10\/16\/najava-tribina-ja-jesam-i-hocu-o-prevenciji-i-lijecenju-raka-dojke\/","og_locale":"hr_HR","og_type":"article","og_title":"Najava: Tribina \u201eJa jesam i ho\u0107u\u201c o prevenciji i lije\u010denju raka dojke - RADIO LJUBU\u0160KI","og_description":"Javna tribina pod nazivom \u201eJa jesam i ho\u0107u\u201c \u2013 Podi\u017eimo zajedno svijet o prevenciji i lije\u010denju raka dojke, odr\u017eat \u0107e se u Hotelu Brotnjo u \u010citluku, dana 20.listopada 2021. godine (srijeda), s po\u010detkom u 19 sati. Op\u0107inski odbor Zajednice \u017eena HDZ BiH \u201eKraljica Katarina Kosa\u010da\u201c \u010citluk tribinu organizira povodom mjeseca posve\u0107enog ja\u010danju svijesti o problemu [&hellip;]","og_url":"https:\/\/radioljubuski.ba\/index.php\/2021\/10\/16\/najava-tribina-ja-jesam-i-hocu-o-prevenciji-i-lijecenju-raka-dojke\/","og_site_name":"RADIO LJUBU\u0160KI","article_publisher":"https:\/\/www.facebook.com\/Radiio-Ljubuski-1490835324566332","article_published_time":"2021-10-15T23:27:13+00:00","article_modified_time":"2021-10-15T23:27:14+00:00","og_image":[{"width":640,"height":467,"url":"https:\/\/radioljubuski.ba\/wp-content\/uploads\/2021\/10\/IMG_20211014_124744-640x467-1.jpg","type":"image\/jpeg"}],"author":"Radio Ljubu\u0161ki","twitter_card":"summary_large_image","twitter_creator":"@radioljubuski","twitter_site":"@radioljubuski","twitter_misc":{"Napisao\/la":"Radio Ljubu\u0161ki","Procijenjeno vrijeme \u010ditanja":"2 minute"},"schema":{"@context":"https:\/\/schema.org","@graph":[{"@type":"Article","@id":"https:\/\/radioljubuski.ba\/index.php\/2021\/10\/16\/najava-tribina-ja-jesam-i-hocu-o-prevenciji-i-lijecenju-raka-dojke\/#article","isPartOf":{"@id":"https:\/\/radioljubuski.ba\/index.php\/2021\/10\/16\/najava-tribina-ja-jesam-i-hocu-o-prevenciji-i-lijecenju-raka-dojke\/"},"author":{"name":"Radio Ljubu\u0161ki","@id":"https:\/\/radioljubuski.ba\/#\/schema\/person\/19fc700381a780f69665d7956c469e3b"},"headline":"Najava: Tribina \u201eJa jesam i ho\u0107u\u201c o prevenciji i lije\u010denju raka dojke","datePublished":"2021-10-15T23:27:13+00:00","dateModified":"2021-10-15T23:27:14+00:00","mainEntityOfPage":{"@id":"https:\/\/radioljubuski.ba\/index.php\/2021\/10\/16\/najava-tribina-ja-jesam-i-hocu-o-prevenciji-i-lijecenju-raka-dojke\/"},"wordCount":317,"publisher":{"@id":"https:\/\/radioljubuski.ba\/#organization"},"image":{"@id":"https:\/\/radioljubuski.ba\/index.php\/2021\/10\/16\/najava-tribina-ja-jesam-i-hocu-o-prevenciji-i-lijecenju-raka-dojke\/#primaryimage"},"thumbnailUrl":"https:\/\/radioljubuski.ba\/wp-content\/uploads\/2021\/10\/IMG_20211014_124744-640x467-1.jpg","articleSection":["BIH i regija"],"inLanguage":"hr"},{"@type":"WebPage","@id":"https:\/\/radioljubuski.ba\/index.php\/2021\/10\/16\/najava-tribina-ja-jesam-i-hocu-o-prevenciji-i-lijecenju-raka-dojke\/","url":"https:\/\/radioljubuski.ba\/index.php\/2021\/10\/16\/najava-tribina-ja-jesam-i-hocu-o-prevenciji-i-lijecenju-raka-dojke\/","name":"Najava: Tribina \u201eJa jesam i ho\u0107u\u201c o prevenciji i lije\u010denju raka dojke - RADIO LJUBU\u0160KI","isPartOf":{"@id":"https:\/\/radioljubuski.ba\/#website"},"primaryImageOfPage":{"@id":"https:\/\/radioljubuski.ba\/index.php\/2021\/10\/16\/najava-tribina-ja-jesam-i-hocu-o-prevenciji-i-lijecenju-raka-dojke\/#primaryimage"},"image":{"@id":"https:\/\/radioljubuski.ba\/index.php\/2021\/10\/16\/najava-tribina-ja-jesam-i-hocu-o-prevenciji-i-lijecenju-raka-dojke\/#primaryimage"},"thumbnailUrl":"https:\/\/radioljubuski.ba\/wp-content\/uploads\/2021\/10\/IMG_20211014_124744-640x467-1.jpg","datePublished":"2021-10-15T23:27:13+00:00","dateModified":"2021-10-15T23:27:14+00:00","breadcrumb":{"@id":"https:\/\/radioljubuski.ba\/index.php\/2021\/10\/16\/najava-tribina-ja-jesam-i-hocu-o-prevenciji-i-lijecenju-raka-dojke\/#breadcrumb"},"inLanguage":"hr","potentialAction":[{"@type":"ReadAction","target":["https:\/\/radioljubuski.ba\/index.php\/2021\/10\/16\/najava-tribina-ja-jesam-i-hocu-o-prevenciji-i-lijecenju-raka-dojke\/"]}]},{"@type":"ImageObject","inLanguage":"hr","@id":"https:\/\/radioljubuski.ba\/index.php\/2021\/10\/16\/najava-tribina-ja-jesam-i-hocu-o-prevenciji-i-lijecenju-raka-dojke\/#primaryimage","url":"https:\/\/radioljubuski.ba\/wp-content\/uploads\/2021\/10\/IMG_20211014_124744-640x467-1.jpg","contentUrl":"https:\/\/radioljubuski.ba\/wp-content\/uploads\/2021\/10\/IMG_20211014_124744-640x467-1.jpg","width":640,"height":467},{"@type":"BreadcrumbList","@id":"https:\/\/radioljubuski.ba\/index.php\/2021\/10\/16\/najava-tribina-ja-jesam-i-hocu-o-prevenciji-i-lijecenju-raka-dojke\/#breadcrumb","itemListElement":[{"@type":"ListItem","position":1,"name":"Po\u010detna stranica","item":"https:\/\/radioljubuski.ba\/"},{"@type":"ListItem","position":2,"name":"Najava: Tribina \u201eJa jesam i ho\u0107u\u201c o prevenciji i lije\u010denju raka dojke"}]},{"@type":"WebSite","@id":"https:\/\/radioljubuski.ba\/#website","url":"https:\/\/radioljubuski.ba\/","name":"Radio Ljubu\u0161ki","description":"Sun\u010dana frekvencija Hercegovine","publisher":{"@id":"https:\/\/radioljubuski.ba\/#organization"},"potentialAction":[{"@type":"SearchAction","target":{"@type":"EntryPoint","urlTemplate":"https:\/\/radioljubuski.ba\/?s={search_term_string}"},"query-input":{"@type":"PropertyValueSpecification","valueRequired":true,"valueName":"search_term_string"}}],"inLanguage":"hr"},{"@type":"Organization","@id":"https:\/\/radioljubuski.ba\/#organization","name":"Radio Ljubu\u0161ki","url":"https:\/\/radioljubuski.ba\/","logo":{"@type":"ImageObject","inLanguage":"hr","@id":"https:\/\/radioljubuski.ba\/#\/schema\/logo\/image\/","url":"https:\/\/radioljubuski.ba\/wp-content\/uploads\/2021\/02\/cropped-Radio_Ljubuski_logo1.jpg","contentUrl":"https:\/\/radioljubuski.ba\/wp-content\/uploads\/2021\/02\/cropped-Radio_Ljubuski_logo1.jpg","width":512,"height":512,"caption":"Radio Ljubu\u0161ki"},"image":{"@id":"https:\/\/radioljubuski.ba\/#\/schema\/logo\/image\/"},"sameAs":["https:\/\/www.facebook.com\/Radiio-Ljubuski-1490835324566332","https:\/\/x.com\/radioljubuski","https:\/\/hr.linkedin.com\/company\/radio-ljubuski","https:\/\/www.youtube.com\/channel\/UCHYaeO_n0Db3tjNGudGpXyw"]},{"@type":"Person","@id":"https:\/\/radioljubuski.ba\/#\/schema\/person\/19fc700381a780f69665d7956c469e3b","name":"Radio Ljubu\u0161ki"}]}},"_links":{"self":[{"href":"https:\/\/radioljubuski.ba\/index.php\/wp-json\/wp\/v2\/posts\/76356","targetHints":{"allow":["GET"]}}],"collection":[{"href":"https:\/\/radioljubuski.ba\/index.php\/wp-json\/wp\/v2\/posts"}],"about":[{"href":"https:\/\/radioljubuski.ba\/index.php\/wp-json\/wp\/v2\/types\/post"}],"author":[{"embeddable":true,"href":"https:\/\/radioljubuski.ba\/index.php\/wp-json\/wp\/v2\/users\/2"}],"replies":[{"embeddable":true,"href":"https:\/\/radioljubuski.ba\/index.php\/wp-json\/wp\/v2\/comments?post=76356"}],"version-history":[{"count":1,"href":"https:\/\/radioljubuski.ba\/index.php\/wp-json\/wp\/v2\/posts\/76356\/revisions"}],"predecessor-version":[{"id":76358,"href":"https:\/\/radioljubuski.ba\/index.php\/wp-json\/wp\/v2\/posts\/76356\/revisions\/76358"}],"wp:featuredmedia":[{"embeddable":true,"href":"https:\/\/radioljubuski.ba\/index.php\/wp-json\/wp\/v2\/media\/76357"}],"wp:attachment":[{"href":"https:\/\/radioljubuski.ba\/index.php\/wp-json\/wp\/v2\/media?parent=76356"}],"wp:term":[{"taxonomy":"category","embeddable":true,"href":"https:\/\/radioljubuski.ba\/index.php\/wp-json\/wp\/v2\/categories?post=76356"},{"taxonomy":"post_tag","embeddable":true,"href":"https:\/\/radioljubuski.ba\/index.php\/wp-json\/wp\/v2\/tags?post=76356"}],"curies":[{"name":"wp","href":"https:\/\/api.w.org\/{rel}","templated":true}]}}