{"id":76362,"date":"2021-10-16T00:30:23","date_gmt":"2021-10-15T23:30:23","guid":{"rendered":"https:\/\/radioljubuski.ba\/?p=76362"},"modified":"2021-10-16T00:30:24","modified_gmt":"2021-10-15T23:30:24","slug":"escobar-na-summitu-nato-a-izrazen-stav-da-je-opasno-dijeliti-sve-informacije-s-novom-vladom-crne-gore","status":"publish","type":"post","link":"https:\/\/radioljubuski.ba\/index.php\/2021\/10\/16\/escobar-na-summitu-nato-a-izrazen-stav-da-je-opasno-dijeliti-sve-informacije-s-novom-vladom-crne-gore\/","title":{"rendered":"Escobar: Na summitu NATO-a izra\u017een stav da je opasno dijeliti sve informacije s novom Vladom Crne Gore"},"content":{"rendered":"\n<p><strong>Zamjenik pomo\u0107nika dr\u017eavnog tajnika i specijalni izaslanik SAD za zapadni Balkan, Gabrijel Escobar kazao je da je na posljednjem summitu NATO-a, iako neformalno, izra\u017eena bojazan da je opasno dijeliti sve informacije s novom Vladom u Podgorici, dodaju\u0107i da je ta zabrinutost realna i da ljudi u Crnoj Gori trebaju biti svjesni da NATO ima mnogo na\u010dina da zadr\u017ei infromacije, ali svaka Vlada treba biti svjesna da je to ne\u0161to \u0161to slabi i nju i zemlju, prenosi podgori\u010dka Pobjeda.<\/strong><\/p>\n\n\n\n<p>\u2013 Prospske snage u Crnoj Gori trebaju shvatiti da Crna Gora treba biti suverena, demokratska, zapadno orijentirana \u010dlanica NATO-a, rekao je Escobar na 2BS Forumu, dodaju\u0107i da za one snage koje podrivaju napredak zemlje koja je skoro 25 godina bila uspje\u0161na pri\u010da, SAD imaju odgovor u vidu sankcija, politi\u010dkog pritiska, a u samoj Crnoj Gori izolaciju snaga koje imaju takva nastojanja.<\/p>\n\n\n\n<p>Klju\u010d stabilnosti<\/p>\n\n\n\n<p>\u2013 Uvijek smo vjerovali da je klju\u010d stabilnosti ove regije njezino \u010dlanstvo u EU. Smatram da se ameri\u010dka politika prema regiji nije mijenjala u ovisnosti od administracija i da im je svima cilj da se uspostavi vladavina prava, borba protiv korupcije i razvoj demokratskih institucija \u2013 rekao je Escobar uz najavu intenzivnijeg prisustva i posve\u0107enosti SAD u regiji, uklju\u010duju\u0107i i jasan fokus samog predsjednika Bidena na ovo podru\u010dje.<\/p>\n\n\n\n<p>Odgovaraju\u0107i na pitanje kako SAD mogu pomo\u0107i zemljama Balkana da dosegnu stabinost, on je kazao da SAD raspola\u017eu velikim prora\u010dunom koji im mo\u017ee pomo\u0107i da postignu zacrtane rezulatate.<\/p>\n\n\n\n<p>\u2013 Na vi\u0161oj razini koristimo svaku priliku da potaknemo na\u0161e europske partnere da ubrzaju proces integracijana Balkanu koji je regija izutetnih potencijala \u2013 kazao je Escobar.<\/p>\n\n\n\n<p>Potencijal Balkana<\/p>\n\n\n\n<p>Komenatri\u0161u\u0107i mije\u0161anje Rusije u unutarnje stvari Crne Gore, Escobar je rekao da SAD imaju i diplomatski i politi\u010dki odgovor kako bi se izolirale snage koje ne \u017eele suverenu i demokratsku Crnu Goru.<\/p>\n\n\n\n<p>Escobar se sla\u017ee da sada\u0161nja situacija na Blakanu ima mnogo sli\u010dnosti s 90-im godinama pro\u0161log stolje\u0107a kada su etni\u010dke tenzije nabujale i kada je bilo mnogo onih koji su te tenzije htjeli iskoristiti.<\/p>\n\n\n\n<p>\u2013 Od Daytona naovamo, ipak se dogodilo mnogo pozitivnih stvari i kada ih analizirate vidjet \u0107ete da su sve one bile plod euroatlanskih integracija. Zato, na\u0161im europskim partnerima spominjemo potrebu da se integracije ubrzaju i zato je Balkan uvijek visoko na na\u0161oj agendi kada s njima razgovaramo \u2013 rekao je Escobar koji je uvjeren da \u0107e Europa shavatiti ogromni potencijal Balkana i da \u0107e za tri godine ovo podru\u010dje biti prosperitetna regija.<\/p>\n\n\n\n<p>\/HMS\/<\/p>\n","protected":false},"excerpt":{"rendered":"<p>Zamjenik pomo\u0107nika dr\u017eavnog tajnika i specijalni izaslanik SAD za zapadni Balkan, Gabrijel Escobar kazao je da je na posljednjem summitu NATO-a, iako neformalno, izra\u017eena bojazan da je opasno dijeliti sve informacije s novom Vladom u Podgorici, dodaju\u0107i da je ta zabrinutost realna i da ljudi u Crnoj Gori trebaju biti svjesni da NATO ima mnogo [&hellip;]<\/p>\n","protected":false},"author":2,"featured_media":76363,"comment_status":"closed","ping_status":"closed","sticky":false,"template":"","format":"standard","meta":{"h5ap_radio_sources":[],"footnotes":""},"categories":[1],"tags":[],"class_list":["post-76362","post","type-post","status-publish","format-standard","has-post-thumbnail","hentry","category-bihiregija"],"yoast_head":"<!-- This site is optimized with the Yoast SEO plugin v27.4 - https:\/\/yoast.com\/product\/yoast-seo-wordpress\/ -->\n<title>Escobar: Na summitu NATO-a izra\u017een stav da je opasno dijeliti sve informacije s novom Vladom Crne Gore - RADIO LJUBU\u0160KI<\/title>\n<meta name=\"robots\" content=\"index, follow, max-snippet:-1, max-image-preview:large, max-video-preview:-1\" \/>\n<link rel=\"canonical\" href=\"https:\/\/radioljubuski.ba\/index.php\/2021\/10\/16\/escobar-na-summitu-nato-a-izrazen-stav-da-je-opasno-dijeliti-sve-informacije-s-novom-vladom-crne-gore\/\" \/>\n<meta property=\"og:locale\" content=\"hr_HR\" \/>\n<meta property=\"og:type\" content=\"article\" \/>\n<meta property=\"og:title\" content=\"Escobar: Na summitu NATO-a izra\u017een stav da je opasno dijeliti sve informacije s novom Vladom Crne Gore - RADIO LJUBU\u0160KI\" \/>\n<meta property=\"og:description\" content=\"Zamjenik pomo\u0107nika dr\u017eavnog tajnika i specijalni izaslanik SAD za zapadni Balkan, Gabrijel Escobar kazao je da je na posljednjem summitu NATO-a, iako neformalno, izra\u017eena bojazan da je opasno dijeliti sve informacije s novom Vladom u Podgorici, dodaju\u0107i da je ta zabrinutost realna i da ljudi u Crnoj Gori trebaju biti svjesni da NATO ima mnogo [&hellip;]\" \/>\n<meta property=\"og:url\" content=\"https:\/\/radioljubuski.ba\/index.php\/2021\/10\/16\/escobar-na-summitu-nato-a-izrazen-stav-da-je-opasno-dijeliti-sve-informacije-s-novom-vladom-crne-gore\/\" \/>\n<meta property=\"og:site_name\" content=\"RADIO LJUBU\u0160KI\" \/>\n<meta property=\"article:publisher\" content=\"https:\/\/www.facebook.com\/Radiio-Ljubuski-1490835324566332\" \/>\n<meta property=\"article:published_time\" content=\"2021-10-15T23:30:23+00:00\" \/>\n<meta property=\"article:modified_time\" content=\"2021-10-15T23:30:24+00:00\" \/>\n<meta property=\"og:image\" content=\"https:\/\/radioljubuski.ba\/wp-content\/uploads\/2021\/10\/escobar.jpg\" \/>\n\t<meta property=\"og:image:width\" content=\"960\" \/>\n\t<meta property=\"og:image:height\" content=\"600\" \/>\n\t<meta property=\"og:image:type\" content=\"image\/jpeg\" \/>\n<meta name=\"author\" content=\"Radio Ljubu\u0161ki\" \/>\n<meta name=\"twitter:card\" content=\"summary_large_image\" \/>\n<meta name=\"twitter:creator\" content=\"@radioljubuski\" \/>\n<meta name=\"twitter:site\" content=\"@radioljubuski\" \/>\n<meta name=\"twitter:label1\" content=\"Napisao\/la\" \/>\n\t<meta name=\"twitter:data1\" content=\"Radio Ljubu\u0161ki\" \/>\n\t<meta name=\"twitter:label2\" content=\"Procijenjeno vrijeme \u010ditanja\" \/>\n\t<meta name=\"twitter:data2\" content=\"2 minute\" \/>\n<script type=\"application\/ld+json\" class=\"yoast-schema-graph\">{\"@context\":\"https:\\\/\\\/schema.org\",\"@graph\":[{\"@type\":\"Article\",\"@id\":\"https:\\\/\\\/radioljubuski.ba\\\/index.php\\\/2021\\\/10\\\/16\\\/escobar-na-summitu-nato-a-izrazen-stav-da-je-opasno-dijeliti-sve-informacije-s-novom-vladom-crne-gore\\\/#article\",\"isPartOf\":{\"@id\":\"https:\\\/\\\/radioljubuski.ba\\\/index.php\\\/2021\\\/10\\\/16\\\/escobar-na-summitu-nato-a-izrazen-stav-da-je-opasno-dijeliti-sve-informacije-s-novom-vladom-crne-gore\\\/\"},\"author\":{\"name\":\"Radio Ljubu\u0161ki\",\"@id\":\"https:\\\/\\\/radioljubuski.ba\\\/#\\\/schema\\\/person\\\/19fc700381a780f69665d7956c469e3b\"},\"headline\":\"Escobar: Na summitu NATO-a izra\u017een stav da je opasno dijeliti sve informacije s novom Vladom Crne Gore\",\"datePublished\":\"2021-10-15T23:30:23+00:00\",\"dateModified\":\"2021-10-15T23:30:24+00:00\",\"mainEntityOfPage\":{\"@id\":\"https:\\\/\\\/radioljubuski.ba\\\/index.php\\\/2021\\\/10\\\/16\\\/escobar-na-summitu-nato-a-izrazen-stav-da-je-opasno-dijeliti-sve-informacije-s-novom-vladom-crne-gore\\\/\"},\"wordCount\":451,\"publisher\":{\"@id\":\"https:\\\/\\\/radioljubuski.ba\\\/#organization\"},\"image\":{\"@id\":\"https:\\\/\\\/radioljubuski.ba\\\/index.php\\\/2021\\\/10\\\/16\\\/escobar-na-summitu-nato-a-izrazen-stav-da-je-opasno-dijeliti-sve-informacije-s-novom-vladom-crne-gore\\\/#primaryimage\"},\"thumbnailUrl\":\"https:\\\/\\\/radioljubuski.ba\\\/wp-content\\\/uploads\\\/2021\\\/10\\\/escobar.jpg\",\"articleSection\":[\"BIH i regija\"],\"inLanguage\":\"hr\"},{\"@type\":\"WebPage\",\"@id\":\"https:\\\/\\\/radioljubuski.ba\\\/index.php\\\/2021\\\/10\\\/16\\\/escobar-na-summitu-nato-a-izrazen-stav-da-je-opasno-dijeliti-sve-informacije-s-novom-vladom-crne-gore\\\/\",\"url\":\"https:\\\/\\\/radioljubuski.ba\\\/index.php\\\/2021\\\/10\\\/16\\\/escobar-na-summitu-nato-a-izrazen-stav-da-je-opasno-dijeliti-sve-informacije-s-novom-vladom-crne-gore\\\/\",\"name\":\"Escobar: Na summitu NATO-a izra\u017een stav da je opasno dijeliti sve informacije s novom Vladom Crne Gore - RADIO LJUBU\u0160KI\",\"isPartOf\":{\"@id\":\"https:\\\/\\\/radioljubuski.ba\\\/#website\"},\"primaryImageOfPage\":{\"@id\":\"https:\\\/\\\/radioljubuski.ba\\\/index.php\\\/2021\\\/10\\\/16\\\/escobar-na-summitu-nato-a-izrazen-stav-da-je-opasno-dijeliti-sve-informacije-s-novom-vladom-crne-gore\\\/#primaryimage\"},\"image\":{\"@id\":\"https:\\\/\\\/radioljubuski.ba\\\/index.php\\\/2021\\\/10\\\/16\\\/escobar-na-summitu-nato-a-izrazen-stav-da-je-opasno-dijeliti-sve-informacije-s-novom-vladom-crne-gore\\\/#primaryimage\"},\"thumbnailUrl\":\"https:\\\/\\\/radioljubuski.ba\\\/wp-content\\\/uploads\\\/2021\\\/10\\\/escobar.jpg\",\"datePublished\":\"2021-10-15T23:30:23+00:00\",\"dateModified\":\"2021-10-15T23:30:24+00:00\",\"breadcrumb\":{\"@id\":\"https:\\\/\\\/radioljubuski.ba\\\/index.php\\\/2021\\\/10\\\/16\\\/escobar-na-summitu-nato-a-izrazen-stav-da-je-opasno-dijeliti-sve-informacije-s-novom-vladom-crne-gore\\\/#breadcrumb\"},\"inLanguage\":\"hr\",\"potentialAction\":[{\"@type\":\"ReadAction\",\"target\":[\"https:\\\/\\\/radioljubuski.ba\\\/index.php\\\/2021\\\/10\\\/16\\\/escobar-na-summitu-nato-a-izrazen-stav-da-je-opasno-dijeliti-sve-informacije-s-novom-vladom-crne-gore\\\/\"]}]},{\"@type\":\"ImageObject\",\"inLanguage\":\"hr\",\"@id\":\"https:\\\/\\\/radioljubuski.ba\\\/index.php\\\/2021\\\/10\\\/16\\\/escobar-na-summitu-nato-a-izrazen-stav-da-je-opasno-dijeliti-sve-informacije-s-novom-vladom-crne-gore\\\/#primaryimage\",\"url\":\"https:\\\/\\\/radioljubuski.ba\\\/wp-content\\\/uploads\\\/2021\\\/10\\\/escobar.jpg\",\"contentUrl\":\"https:\\\/\\\/radioljubuski.ba\\\/wp-content\\\/uploads\\\/2021\\\/10\\\/escobar.jpg\",\"width\":960,\"height\":600},{\"@type\":\"BreadcrumbList\",\"@id\":\"https:\\\/\\\/radioljubuski.ba\\\/index.php\\\/2021\\\/10\\\/16\\\/escobar-na-summitu-nato-a-izrazen-stav-da-je-opasno-dijeliti-sve-informacije-s-novom-vladom-crne-gore\\\/#breadcrumb\",\"itemListElement\":[{\"@type\":\"ListItem\",\"position\":1,\"name\":\"Po\u010detna stranica\",\"item\":\"https:\\\/\\\/radioljubuski.ba\\\/\"},{\"@type\":\"ListItem\",\"position\":2,\"name\":\"Escobar: Na summitu NATO-a izra\u017een stav da je opasno dijeliti sve informacije s novom Vladom Crne Gore\"}]},{\"@type\":\"WebSite\",\"@id\":\"https:\\\/\\\/radioljubuski.ba\\\/#website\",\"url\":\"https:\\\/\\\/radioljubuski.ba\\\/\",\"name\":\"Radio Ljubu\u0161ki\",\"description\":\"Sun\u010dana frekvencija Hercegovine\",\"publisher\":{\"@id\":\"https:\\\/\\\/radioljubuski.ba\\\/#organization\"},\"potentialAction\":[{\"@type\":\"SearchAction\",\"target\":{\"@type\":\"EntryPoint\",\"urlTemplate\":\"https:\\\/\\\/radioljubuski.ba\\\/?s={search_term_string}\"},\"query-input\":{\"@type\":\"PropertyValueSpecification\",\"valueRequired\":true,\"valueName\":\"search_term_string\"}}],\"inLanguage\":\"hr\"},{\"@type\":\"Organization\",\"@id\":\"https:\\\/\\\/radioljubuski.ba\\\/#organization\",\"name\":\"Radio Ljubu\u0161ki\",\"url\":\"https:\\\/\\\/radioljubuski.ba\\\/\",\"logo\":{\"@type\":\"ImageObject\",\"inLanguage\":\"hr\",\"@id\":\"https:\\\/\\\/radioljubuski.ba\\\/#\\\/schema\\\/logo\\\/image\\\/\",\"url\":\"https:\\\/\\\/radioljubuski.ba\\\/wp-content\\\/uploads\\\/2021\\\/02\\\/cropped-Radio_Ljubuski_logo1.jpg\",\"contentUrl\":\"https:\\\/\\\/radioljubuski.ba\\\/wp-content\\\/uploads\\\/2021\\\/02\\\/cropped-Radio_Ljubuski_logo1.jpg\",\"width\":512,\"height\":512,\"caption\":\"Radio Ljubu\u0161ki\"},\"image\":{\"@id\":\"https:\\\/\\\/radioljubuski.ba\\\/#\\\/schema\\\/logo\\\/image\\\/\"},\"sameAs\":[\"https:\\\/\\\/www.facebook.com\\\/Radiio-Ljubuski-1490835324566332\",\"https:\\\/\\\/x.com\\\/radioljubuski\",\"https:\\\/\\\/hr.linkedin.com\\\/company\\\/radio-ljubuski\",\"https:\\\/\\\/www.youtube.com\\\/channel\\\/UCHYaeO_n0Db3tjNGudGpXyw\"]},{\"@type\":\"Person\",\"@id\":\"https:\\\/\\\/radioljubuski.ba\\\/#\\\/schema\\\/person\\\/19fc700381a780f69665d7956c469e3b\",\"name\":\"Radio Ljubu\u0161ki\"}]}<\/script>\n<!-- \/ Yoast SEO plugin. -->","yoast_head_json":{"title":"Escobar: Na summitu NATO-a izra\u017een stav da je opasno dijeliti sve informacije s novom Vladom Crne Gore - RADIO LJUBU\u0160KI","robots":{"index":"index","follow":"follow","max-snippet":"max-snippet:-1","max-image-preview":"max-image-preview:large","max-video-preview":"max-video-preview:-1"},"canonical":"https:\/\/radioljubuski.ba\/index.php\/2021\/10\/16\/escobar-na-summitu-nato-a-izrazen-stav-da-je-opasno-dijeliti-sve-informacije-s-novom-vladom-crne-gore\/","og_locale":"hr_HR","og_type":"article","og_title":"Escobar: Na summitu NATO-a izra\u017een stav da je opasno dijeliti sve informacije s novom Vladom Crne Gore - RADIO LJUBU\u0160KI","og_description":"Zamjenik pomo\u0107nika dr\u017eavnog tajnika i specijalni izaslanik SAD za zapadni Balkan, Gabrijel Escobar kazao je da je na posljednjem summitu NATO-a, iako neformalno, izra\u017eena bojazan da je opasno dijeliti sve informacije s novom Vladom u Podgorici, dodaju\u0107i da je ta zabrinutost realna i da ljudi u Crnoj Gori trebaju biti svjesni da NATO ima mnogo [&hellip;]","og_url":"https:\/\/radioljubuski.ba\/index.php\/2021\/10\/16\/escobar-na-summitu-nato-a-izrazen-stav-da-je-opasno-dijeliti-sve-informacije-s-novom-vladom-crne-gore\/","og_site_name":"RADIO LJUBU\u0160KI","article_publisher":"https:\/\/www.facebook.com\/Radiio-Ljubuski-1490835324566332","article_published_time":"2021-10-15T23:30:23+00:00","article_modified_time":"2021-10-15T23:30:24+00:00","og_image":[{"width":960,"height":600,"url":"https:\/\/radioljubuski.ba\/wp-content\/uploads\/2021\/10\/escobar.jpg","type":"image\/jpeg"}],"author":"Radio Ljubu\u0161ki","twitter_card":"summary_large_image","twitter_creator":"@radioljubuski","twitter_site":"@radioljubuski","twitter_misc":{"Napisao\/la":"Radio Ljubu\u0161ki","Procijenjeno vrijeme \u010ditanja":"2 minute"},"schema":{"@context":"https:\/\/schema.org","@graph":[{"@type":"Article","@id":"https:\/\/radioljubuski.ba\/index.php\/2021\/10\/16\/escobar-na-summitu-nato-a-izrazen-stav-da-je-opasno-dijeliti-sve-informacije-s-novom-vladom-crne-gore\/#article","isPartOf":{"@id":"https:\/\/radioljubuski.ba\/index.php\/2021\/10\/16\/escobar-na-summitu-nato-a-izrazen-stav-da-je-opasno-dijeliti-sve-informacije-s-novom-vladom-crne-gore\/"},"author":{"name":"Radio Ljubu\u0161ki","@id":"https:\/\/radioljubuski.ba\/#\/schema\/person\/19fc700381a780f69665d7956c469e3b"},"headline":"Escobar: Na summitu NATO-a izra\u017een stav da je opasno dijeliti sve informacije s novom Vladom Crne Gore","datePublished":"2021-10-15T23:30:23+00:00","dateModified":"2021-10-15T23:30:24+00:00","mainEntityOfPage":{"@id":"https:\/\/radioljubuski.ba\/index.php\/2021\/10\/16\/escobar-na-summitu-nato-a-izrazen-stav-da-je-opasno-dijeliti-sve-informacije-s-novom-vladom-crne-gore\/"},"wordCount":451,"publisher":{"@id":"https:\/\/radioljubuski.ba\/#organization"},"image":{"@id":"https:\/\/radioljubuski.ba\/index.php\/2021\/10\/16\/escobar-na-summitu-nato-a-izrazen-stav-da-je-opasno-dijeliti-sve-informacije-s-novom-vladom-crne-gore\/#primaryimage"},"thumbnailUrl":"https:\/\/radioljubuski.ba\/wp-content\/uploads\/2021\/10\/escobar.jpg","articleSection":["BIH i regija"],"inLanguage":"hr"},{"@type":"WebPage","@id":"https:\/\/radioljubuski.ba\/index.php\/2021\/10\/16\/escobar-na-summitu-nato-a-izrazen-stav-da-je-opasno-dijeliti-sve-informacije-s-novom-vladom-crne-gore\/","url":"https:\/\/radioljubuski.ba\/index.php\/2021\/10\/16\/escobar-na-summitu-nato-a-izrazen-stav-da-je-opasno-dijeliti-sve-informacije-s-novom-vladom-crne-gore\/","name":"Escobar: Na summitu NATO-a izra\u017een stav da je opasno dijeliti sve informacije s novom Vladom Crne Gore - RADIO LJUBU\u0160KI","isPartOf":{"@id":"https:\/\/radioljubuski.ba\/#website"},"primaryImageOfPage":{"@id":"https:\/\/radioljubuski.ba\/index.php\/2021\/10\/16\/escobar-na-summitu-nato-a-izrazen-stav-da-je-opasno-dijeliti-sve-informacije-s-novom-vladom-crne-gore\/#primaryimage"},"image":{"@id":"https:\/\/radioljubuski.ba\/index.php\/2021\/10\/16\/escobar-na-summitu-nato-a-izrazen-stav-da-je-opasno-dijeliti-sve-informacije-s-novom-vladom-crne-gore\/#primaryimage"},"thumbnailUrl":"https:\/\/radioljubuski.ba\/wp-content\/uploads\/2021\/10\/escobar.jpg","datePublished":"2021-10-15T23:30:23+00:00","dateModified":"2021-10-15T23:30:24+00:00","breadcrumb":{"@id":"https:\/\/radioljubuski.ba\/index.php\/2021\/10\/16\/escobar-na-summitu-nato-a-izrazen-stav-da-je-opasno-dijeliti-sve-informacije-s-novom-vladom-crne-gore\/#breadcrumb"},"inLanguage":"hr","potentialAction":[{"@type":"ReadAction","target":["https:\/\/radioljubuski.ba\/index.php\/2021\/10\/16\/escobar-na-summitu-nato-a-izrazen-stav-da-je-opasno-dijeliti-sve-informacije-s-novom-vladom-crne-gore\/"]}]},{"@type":"ImageObject","inLanguage":"hr","@id":"https:\/\/radioljubuski.ba\/index.php\/2021\/10\/16\/escobar-na-summitu-nato-a-izrazen-stav-da-je-opasno-dijeliti-sve-informacije-s-novom-vladom-crne-gore\/#primaryimage","url":"https:\/\/radioljubuski.ba\/wp-content\/uploads\/2021\/10\/escobar.jpg","contentUrl":"https:\/\/radioljubuski.ba\/wp-content\/uploads\/2021\/10\/escobar.jpg","width":960,"height":600},{"@type":"BreadcrumbList","@id":"https:\/\/radioljubuski.ba\/index.php\/2021\/10\/16\/escobar-na-summitu-nato-a-izrazen-stav-da-je-opasno-dijeliti-sve-informacije-s-novom-vladom-crne-gore\/#breadcrumb","itemListElement":[{"@type":"ListItem","position":1,"name":"Po\u010detna stranica","item":"https:\/\/radioljubuski.ba\/"},{"@type":"ListItem","position":2,"name":"Escobar: Na summitu NATO-a izra\u017een stav da je opasno dijeliti sve informacije s novom Vladom Crne Gore"}]},{"@type":"WebSite","@id":"https:\/\/radioljubuski.ba\/#website","url":"https:\/\/radioljubuski.ba\/","name":"Radio Ljubu\u0161ki","description":"Sun\u010dana frekvencija Hercegovine","publisher":{"@id":"https:\/\/radioljubuski.ba\/#organization"},"potentialAction":[{"@type":"SearchAction","target":{"@type":"EntryPoint","urlTemplate":"https:\/\/radioljubuski.ba\/?s={search_term_string}"},"query-input":{"@type":"PropertyValueSpecification","valueRequired":true,"valueName":"search_term_string"}}],"inLanguage":"hr"},{"@type":"Organization","@id":"https:\/\/radioljubuski.ba\/#organization","name":"Radio Ljubu\u0161ki","url":"https:\/\/radioljubuski.ba\/","logo":{"@type":"ImageObject","inLanguage":"hr","@id":"https:\/\/radioljubuski.ba\/#\/schema\/logo\/image\/","url":"https:\/\/radioljubuski.ba\/wp-content\/uploads\/2021\/02\/cropped-Radio_Ljubuski_logo1.jpg","contentUrl":"https:\/\/radioljubuski.ba\/wp-content\/uploads\/2021\/02\/cropped-Radio_Ljubuski_logo1.jpg","width":512,"height":512,"caption":"Radio Ljubu\u0161ki"},"image":{"@id":"https:\/\/radioljubuski.ba\/#\/schema\/logo\/image\/"},"sameAs":["https:\/\/www.facebook.com\/Radiio-Ljubuski-1490835324566332","https:\/\/x.com\/radioljubuski","https:\/\/hr.linkedin.com\/company\/radio-ljubuski","https:\/\/www.youtube.com\/channel\/UCHYaeO_n0Db3tjNGudGpXyw"]},{"@type":"Person","@id":"https:\/\/radioljubuski.ba\/#\/schema\/person\/19fc700381a780f69665d7956c469e3b","name":"Radio Ljubu\u0161ki"}]}},"_links":{"self":[{"href":"https:\/\/radioljubuski.ba\/index.php\/wp-json\/wp\/v2\/posts\/76362","targetHints":{"allow":["GET"]}}],"collection":[{"href":"https:\/\/radioljubuski.ba\/index.php\/wp-json\/wp\/v2\/posts"}],"about":[{"href":"https:\/\/radioljubuski.ba\/index.php\/wp-json\/wp\/v2\/types\/post"}],"author":[{"embeddable":true,"href":"https:\/\/radioljubuski.ba\/index.php\/wp-json\/wp\/v2\/users\/2"}],"replies":[{"embeddable":true,"href":"https:\/\/radioljubuski.ba\/index.php\/wp-json\/wp\/v2\/comments?post=76362"}],"version-history":[{"count":1,"href":"https:\/\/radioljubuski.ba\/index.php\/wp-json\/wp\/v2\/posts\/76362\/revisions"}],"predecessor-version":[{"id":76364,"href":"https:\/\/radioljubuski.ba\/index.php\/wp-json\/wp\/v2\/posts\/76362\/revisions\/76364"}],"wp:featuredmedia":[{"embeddable":true,"href":"https:\/\/radioljubuski.ba\/index.php\/wp-json\/wp\/v2\/media\/76363"}],"wp:attachment":[{"href":"https:\/\/radioljubuski.ba\/index.php\/wp-json\/wp\/v2\/media?parent=76362"}],"wp:term":[{"taxonomy":"category","embeddable":true,"href":"https:\/\/radioljubuski.ba\/index.php\/wp-json\/wp\/v2\/categories?post=76362"},{"taxonomy":"post_tag","embeddable":true,"href":"https:\/\/radioljubuski.ba\/index.php\/wp-json\/wp\/v2\/tags?post=76362"}],"curies":[{"name":"wp","href":"https:\/\/api.w.org\/{rel}","templated":true}]}}