{"id":76371,"date":"2021-10-16T00:34:14","date_gmt":"2021-10-15T23:34:14","guid":{"rendered":"https:\/\/radioljubuski.ba\/?p=76371"},"modified":"2021-10-16T00:34:15","modified_gmt":"2021-10-15T23:34:15","slug":"evo-tko-bi-trebao-zamijeniti-pepa-guardiolu-na-klupi-manchester-cityja","status":"publish","type":"post","link":"https:\/\/radioljubuski.ba\/index.php\/2021\/10\/16\/evo-tko-bi-trebao-zamijeniti-pepa-guardiolu-na-klupi-manchester-cityja\/","title":{"rendered":"Evo tko bi trebao zamijeniti Pepa Guardiolu na klupi Manchester Cityja"},"content":{"rendered":"\n<p><strong>Newcastle je odabrao novog trenera i spreman je platiti da ga dovede, objavio je ju\u010der ugledni talijanski novinar Gianluca Di Marzio za Sky, tvrde\u0107i da \u0107e novi vlasnici kluba na klupu mom\u010dadi dovesti Brendana Rodgersa. Engleski mediji danas tvrde da \u0107e on ponudu odbiti.<\/strong><\/p>\n\n\n\n<p>Kao razlog za to navode da je favorit u utrci za klupu Manchester Cityja, koji bi za 18 mjeseci trebao napustiti Pep Guardiola. Za nju je Rodgers kandidat bio i kad je odlazio Roberto Mancini 2013. godine, spominjao se ondje i prije toga, a u klubu i dalje smatraju da je on izvanredan trener koji bi mogao ubla\u017eiti udarac koji \u0107e sti\u0107i s Guardiolinim odlaskom, pi\u0161e Index.hr.<\/p>\n\n\n\n<p>Daily Mail&nbsp;dijeli mi\u0161ljenje koje prevladava u Manchester Cityju, tvrde\u0107i da je Rodgers s Leicester Cityjem napravio sjajan posao i mimo osvojenih trofeja (FA kup, Community Shield). Ipak, nakon pro\u0161le sezone i osvojenog petog mjesta ljestvice&nbsp;mom\u010dad je u ovu sezonu u\u0161la ne\u0161to slabije, trude\u0107i se rasporediti snage za englesko prvenstvo i Europa ligu. Trenutno dr\u017ei 13. mjesto ljestvice Premiershipa.<\/p>\n\n\n\n<p>Podsjetimo, Newcastle je pro\u0161log tjedna prodan Saudijcima. Novi predsjednik kluba je Yasir Al-Rumayyan, a 80 posto vlasni\u0161tva ima saudijski javni investicijski fond, koji raspola\u017ee s 320 milijardi funti. To Newcastle \u010dini, bez konkurencije, najbogatijim klubom na svijetu, a ni do koljena mu nisu ni Manchester City ni PSG.<\/p>\n\n\n\n<p>\/HMS\/<\/p>\n","protected":false},"excerpt":{"rendered":"<p>Newcastle je odabrao novog trenera i spreman je platiti da ga dovede, objavio je ju\u010der ugledni talijanski novinar Gianluca Di Marzio za Sky, tvrde\u0107i da \u0107e novi vlasnici kluba na klupu mom\u010dadi dovesti Brendana Rodgersa. Engleski mediji danas tvrde da \u0107e on ponudu odbiti. Kao razlog za to navode da je favorit u utrci za [&hellip;]<\/p>\n","protected":false},"author":2,"featured_media":76372,"comment_status":"closed","ping_status":"closed","sticky":false,"template":"","format":"standard","meta":{"h5ap_radio_sources":[],"footnotes":""},"categories":[7],"tags":[],"class_list":["post-76371","post","type-post","status-publish","format-standard","has-post-thumbnail","hentry","category-sport"],"yoast_head":"<!-- This site is optimized with the Yoast SEO plugin v27.4 - https:\/\/yoast.com\/product\/yoast-seo-wordpress\/ -->\n<title>Evo tko bi trebao zamijeniti Pepa Guardiolu na klupi Manchester Cityja - RADIO LJUBU\u0160KI<\/title>\n<meta name=\"robots\" content=\"index, follow, max-snippet:-1, max-image-preview:large, max-video-preview:-1\" \/>\n<link rel=\"canonical\" href=\"https:\/\/radioljubuski.ba\/index.php\/2021\/10\/16\/evo-tko-bi-trebao-zamijeniti-pepa-guardiolu-na-klupi-manchester-cityja\/\" \/>\n<meta property=\"og:locale\" content=\"hr_HR\" \/>\n<meta property=\"og:type\" content=\"article\" \/>\n<meta property=\"og:title\" content=\"Evo tko bi trebao zamijeniti Pepa Guardiolu na klupi Manchester Cityja - RADIO LJUBU\u0160KI\" \/>\n<meta property=\"og:description\" content=\"Newcastle je odabrao novog trenera i spreman je platiti da ga dovede, objavio je ju\u010der ugledni talijanski novinar Gianluca Di Marzio za Sky, tvrde\u0107i da \u0107e novi vlasnici kluba na klupu mom\u010dadi dovesti Brendana Rodgersa. Engleski mediji danas tvrde da \u0107e on ponudu odbiti. Kao razlog za to navode da je favorit u utrci za [&hellip;]\" \/>\n<meta property=\"og:url\" content=\"https:\/\/radioljubuski.ba\/index.php\/2021\/10\/16\/evo-tko-bi-trebao-zamijeniti-pepa-guardiolu-na-klupi-manchester-cityja\/\" \/>\n<meta property=\"og:site_name\" content=\"RADIO LJUBU\u0160KI\" \/>\n<meta property=\"article:publisher\" content=\"https:\/\/www.facebook.com\/Radiio-Ljubuski-1490835324566332\" \/>\n<meta property=\"article:published_time\" content=\"2021-10-15T23:34:14+00:00\" \/>\n<meta property=\"article:modified_time\" content=\"2021-10-15T23:34:15+00:00\" \/>\n<meta property=\"og:image\" content=\"https:\/\/radioljubuski.ba\/wp-content\/uploads\/2021\/10\/guardiola.jpg\" \/>\n\t<meta property=\"og:image:width\" content=\"765\" \/>\n\t<meta property=\"og:image:height\" content=\"402\" \/>\n\t<meta property=\"og:image:type\" content=\"image\/jpeg\" \/>\n<meta name=\"author\" content=\"Radio Ljubu\u0161ki\" \/>\n<meta name=\"twitter:card\" content=\"summary_large_image\" \/>\n<meta name=\"twitter:creator\" content=\"@radioljubuski\" \/>\n<meta name=\"twitter:site\" content=\"@radioljubuski\" \/>\n<meta name=\"twitter:label1\" content=\"Napisao\/la\" \/>\n\t<meta name=\"twitter:data1\" content=\"Radio Ljubu\u0161ki\" \/>\n\t<meta name=\"twitter:label2\" content=\"Procijenjeno vrijeme \u010ditanja\" \/>\n\t<meta name=\"twitter:data2\" content=\"1 minuta\" \/>\n<script type=\"application\/ld+json\" class=\"yoast-schema-graph\">{\"@context\":\"https:\\\/\\\/schema.org\",\"@graph\":[{\"@type\":\"Article\",\"@id\":\"https:\\\/\\\/radioljubuski.ba\\\/index.php\\\/2021\\\/10\\\/16\\\/evo-tko-bi-trebao-zamijeniti-pepa-guardiolu-na-klupi-manchester-cityja\\\/#article\",\"isPartOf\":{\"@id\":\"https:\\\/\\\/radioljubuski.ba\\\/index.php\\\/2021\\\/10\\\/16\\\/evo-tko-bi-trebao-zamijeniti-pepa-guardiolu-na-klupi-manchester-cityja\\\/\"},\"author\":{\"name\":\"Radio Ljubu\u0161ki\",\"@id\":\"https:\\\/\\\/radioljubuski.ba\\\/#\\\/schema\\\/person\\\/19fc700381a780f69665d7956c469e3b\"},\"headline\":\"Evo tko bi trebao zamijeniti Pepa Guardiolu na klupi Manchester Cityja\",\"datePublished\":\"2021-10-15T23:34:14+00:00\",\"dateModified\":\"2021-10-15T23:34:15+00:00\",\"mainEntityOfPage\":{\"@id\":\"https:\\\/\\\/radioljubuski.ba\\\/index.php\\\/2021\\\/10\\\/16\\\/evo-tko-bi-trebao-zamijeniti-pepa-guardiolu-na-klupi-manchester-cityja\\\/\"},\"wordCount\":246,\"publisher\":{\"@id\":\"https:\\\/\\\/radioljubuski.ba\\\/#organization\"},\"image\":{\"@id\":\"https:\\\/\\\/radioljubuski.ba\\\/index.php\\\/2021\\\/10\\\/16\\\/evo-tko-bi-trebao-zamijeniti-pepa-guardiolu-na-klupi-manchester-cityja\\\/#primaryimage\"},\"thumbnailUrl\":\"https:\\\/\\\/radioljubuski.ba\\\/wp-content\\\/uploads\\\/2021\\\/10\\\/guardiola.jpg\",\"articleSection\":[\"\u0160port\"],\"inLanguage\":\"hr\"},{\"@type\":\"WebPage\",\"@id\":\"https:\\\/\\\/radioljubuski.ba\\\/index.php\\\/2021\\\/10\\\/16\\\/evo-tko-bi-trebao-zamijeniti-pepa-guardiolu-na-klupi-manchester-cityja\\\/\",\"url\":\"https:\\\/\\\/radioljubuski.ba\\\/index.php\\\/2021\\\/10\\\/16\\\/evo-tko-bi-trebao-zamijeniti-pepa-guardiolu-na-klupi-manchester-cityja\\\/\",\"name\":\"Evo tko bi trebao zamijeniti Pepa Guardiolu na klupi Manchester Cityja - RADIO LJUBU\u0160KI\",\"isPartOf\":{\"@id\":\"https:\\\/\\\/radioljubuski.ba\\\/#website\"},\"primaryImageOfPage\":{\"@id\":\"https:\\\/\\\/radioljubuski.ba\\\/index.php\\\/2021\\\/10\\\/16\\\/evo-tko-bi-trebao-zamijeniti-pepa-guardiolu-na-klupi-manchester-cityja\\\/#primaryimage\"},\"image\":{\"@id\":\"https:\\\/\\\/radioljubuski.ba\\\/index.php\\\/2021\\\/10\\\/16\\\/evo-tko-bi-trebao-zamijeniti-pepa-guardiolu-na-klupi-manchester-cityja\\\/#primaryimage\"},\"thumbnailUrl\":\"https:\\\/\\\/radioljubuski.ba\\\/wp-content\\\/uploads\\\/2021\\\/10\\\/guardiola.jpg\",\"datePublished\":\"2021-10-15T23:34:14+00:00\",\"dateModified\":\"2021-10-15T23:34:15+00:00\",\"breadcrumb\":{\"@id\":\"https:\\\/\\\/radioljubuski.ba\\\/index.php\\\/2021\\\/10\\\/16\\\/evo-tko-bi-trebao-zamijeniti-pepa-guardiolu-na-klupi-manchester-cityja\\\/#breadcrumb\"},\"inLanguage\":\"hr\",\"potentialAction\":[{\"@type\":\"ReadAction\",\"target\":[\"https:\\\/\\\/radioljubuski.ba\\\/index.php\\\/2021\\\/10\\\/16\\\/evo-tko-bi-trebao-zamijeniti-pepa-guardiolu-na-klupi-manchester-cityja\\\/\"]}]},{\"@type\":\"ImageObject\",\"inLanguage\":\"hr\",\"@id\":\"https:\\\/\\\/radioljubuski.ba\\\/index.php\\\/2021\\\/10\\\/16\\\/evo-tko-bi-trebao-zamijeniti-pepa-guardiolu-na-klupi-manchester-cityja\\\/#primaryimage\",\"url\":\"https:\\\/\\\/radioljubuski.ba\\\/wp-content\\\/uploads\\\/2021\\\/10\\\/guardiola.jpg\",\"contentUrl\":\"https:\\\/\\\/radioljubuski.ba\\\/wp-content\\\/uploads\\\/2021\\\/10\\\/guardiola.jpg\",\"width\":765,\"height\":402},{\"@type\":\"BreadcrumbList\",\"@id\":\"https:\\\/\\\/radioljubuski.ba\\\/index.php\\\/2021\\\/10\\\/16\\\/evo-tko-bi-trebao-zamijeniti-pepa-guardiolu-na-klupi-manchester-cityja\\\/#breadcrumb\",\"itemListElement\":[{\"@type\":\"ListItem\",\"position\":1,\"name\":\"Po\u010detna stranica\",\"item\":\"https:\\\/\\\/radioljubuski.ba\\\/\"},{\"@type\":\"ListItem\",\"position\":2,\"name\":\"Evo tko bi trebao zamijeniti Pepa Guardiolu na klupi Manchester Cityja\"}]},{\"@type\":\"WebSite\",\"@id\":\"https:\\\/\\\/radioljubuski.ba\\\/#website\",\"url\":\"https:\\\/\\\/radioljubuski.ba\\\/\",\"name\":\"Radio Ljubu\u0161ki\",\"description\":\"Sun\u010dana frekvencija Hercegovine\",\"publisher\":{\"@id\":\"https:\\\/\\\/radioljubuski.ba\\\/#organization\"},\"potentialAction\":[{\"@type\":\"SearchAction\",\"target\":{\"@type\":\"EntryPoint\",\"urlTemplate\":\"https:\\\/\\\/radioljubuski.ba\\\/?s={search_term_string}\"},\"query-input\":{\"@type\":\"PropertyValueSpecification\",\"valueRequired\":true,\"valueName\":\"search_term_string\"}}],\"inLanguage\":\"hr\"},{\"@type\":\"Organization\",\"@id\":\"https:\\\/\\\/radioljubuski.ba\\\/#organization\",\"name\":\"Radio Ljubu\u0161ki\",\"url\":\"https:\\\/\\\/radioljubuski.ba\\\/\",\"logo\":{\"@type\":\"ImageObject\",\"inLanguage\":\"hr\",\"@id\":\"https:\\\/\\\/radioljubuski.ba\\\/#\\\/schema\\\/logo\\\/image\\\/\",\"url\":\"https:\\\/\\\/radioljubuski.ba\\\/wp-content\\\/uploads\\\/2021\\\/02\\\/cropped-Radio_Ljubuski_logo1.jpg\",\"contentUrl\":\"https:\\\/\\\/radioljubuski.ba\\\/wp-content\\\/uploads\\\/2021\\\/02\\\/cropped-Radio_Ljubuski_logo1.jpg\",\"width\":512,\"height\":512,\"caption\":\"Radio Ljubu\u0161ki\"},\"image\":{\"@id\":\"https:\\\/\\\/radioljubuski.ba\\\/#\\\/schema\\\/logo\\\/image\\\/\"},\"sameAs\":[\"https:\\\/\\\/www.facebook.com\\\/Radiio-Ljubuski-1490835324566332\",\"https:\\\/\\\/x.com\\\/radioljubuski\",\"https:\\\/\\\/hr.linkedin.com\\\/company\\\/radio-ljubuski\",\"https:\\\/\\\/www.youtube.com\\\/channel\\\/UCHYaeO_n0Db3tjNGudGpXyw\"]},{\"@type\":\"Person\",\"@id\":\"https:\\\/\\\/radioljubuski.ba\\\/#\\\/schema\\\/person\\\/19fc700381a780f69665d7956c469e3b\",\"name\":\"Radio Ljubu\u0161ki\"}]}<\/script>\n<!-- \/ Yoast SEO plugin. -->","yoast_head_json":{"title":"Evo tko bi trebao zamijeniti Pepa Guardiolu na klupi Manchester Cityja - RADIO LJUBU\u0160KI","robots":{"index":"index","follow":"follow","max-snippet":"max-snippet:-1","max-image-preview":"max-image-preview:large","max-video-preview":"max-video-preview:-1"},"canonical":"https:\/\/radioljubuski.ba\/index.php\/2021\/10\/16\/evo-tko-bi-trebao-zamijeniti-pepa-guardiolu-na-klupi-manchester-cityja\/","og_locale":"hr_HR","og_type":"article","og_title":"Evo tko bi trebao zamijeniti Pepa Guardiolu na klupi Manchester Cityja - RADIO LJUBU\u0160KI","og_description":"Newcastle je odabrao novog trenera i spreman je platiti da ga dovede, objavio je ju\u010der ugledni talijanski novinar Gianluca Di Marzio za Sky, tvrde\u0107i da \u0107e novi vlasnici kluba na klupu mom\u010dadi dovesti Brendana Rodgersa. Engleski mediji danas tvrde da \u0107e on ponudu odbiti. Kao razlog za to navode da je favorit u utrci za [&hellip;]","og_url":"https:\/\/radioljubuski.ba\/index.php\/2021\/10\/16\/evo-tko-bi-trebao-zamijeniti-pepa-guardiolu-na-klupi-manchester-cityja\/","og_site_name":"RADIO LJUBU\u0160KI","article_publisher":"https:\/\/www.facebook.com\/Radiio-Ljubuski-1490835324566332","article_published_time":"2021-10-15T23:34:14+00:00","article_modified_time":"2021-10-15T23:34:15+00:00","og_image":[{"width":765,"height":402,"url":"https:\/\/radioljubuski.ba\/wp-content\/uploads\/2021\/10\/guardiola.jpg","type":"image\/jpeg"}],"author":"Radio Ljubu\u0161ki","twitter_card":"summary_large_image","twitter_creator":"@radioljubuski","twitter_site":"@radioljubuski","twitter_misc":{"Napisao\/la":"Radio Ljubu\u0161ki","Procijenjeno vrijeme \u010ditanja":"1 minuta"},"schema":{"@context":"https:\/\/schema.org","@graph":[{"@type":"Article","@id":"https:\/\/radioljubuski.ba\/index.php\/2021\/10\/16\/evo-tko-bi-trebao-zamijeniti-pepa-guardiolu-na-klupi-manchester-cityja\/#article","isPartOf":{"@id":"https:\/\/radioljubuski.ba\/index.php\/2021\/10\/16\/evo-tko-bi-trebao-zamijeniti-pepa-guardiolu-na-klupi-manchester-cityja\/"},"author":{"name":"Radio Ljubu\u0161ki","@id":"https:\/\/radioljubuski.ba\/#\/schema\/person\/19fc700381a780f69665d7956c469e3b"},"headline":"Evo tko bi trebao zamijeniti Pepa Guardiolu na klupi Manchester Cityja","datePublished":"2021-10-15T23:34:14+00:00","dateModified":"2021-10-15T23:34:15+00:00","mainEntityOfPage":{"@id":"https:\/\/radioljubuski.ba\/index.php\/2021\/10\/16\/evo-tko-bi-trebao-zamijeniti-pepa-guardiolu-na-klupi-manchester-cityja\/"},"wordCount":246,"publisher":{"@id":"https:\/\/radioljubuski.ba\/#organization"},"image":{"@id":"https:\/\/radioljubuski.ba\/index.php\/2021\/10\/16\/evo-tko-bi-trebao-zamijeniti-pepa-guardiolu-na-klupi-manchester-cityja\/#primaryimage"},"thumbnailUrl":"https:\/\/radioljubuski.ba\/wp-content\/uploads\/2021\/10\/guardiola.jpg","articleSection":["\u0160port"],"inLanguage":"hr"},{"@type":"WebPage","@id":"https:\/\/radioljubuski.ba\/index.php\/2021\/10\/16\/evo-tko-bi-trebao-zamijeniti-pepa-guardiolu-na-klupi-manchester-cityja\/","url":"https:\/\/radioljubuski.ba\/index.php\/2021\/10\/16\/evo-tko-bi-trebao-zamijeniti-pepa-guardiolu-na-klupi-manchester-cityja\/","name":"Evo tko bi trebao zamijeniti Pepa Guardiolu na klupi Manchester Cityja - RADIO LJUBU\u0160KI","isPartOf":{"@id":"https:\/\/radioljubuski.ba\/#website"},"primaryImageOfPage":{"@id":"https:\/\/radioljubuski.ba\/index.php\/2021\/10\/16\/evo-tko-bi-trebao-zamijeniti-pepa-guardiolu-na-klupi-manchester-cityja\/#primaryimage"},"image":{"@id":"https:\/\/radioljubuski.ba\/index.php\/2021\/10\/16\/evo-tko-bi-trebao-zamijeniti-pepa-guardiolu-na-klupi-manchester-cityja\/#primaryimage"},"thumbnailUrl":"https:\/\/radioljubuski.ba\/wp-content\/uploads\/2021\/10\/guardiola.jpg","datePublished":"2021-10-15T23:34:14+00:00","dateModified":"2021-10-15T23:34:15+00:00","breadcrumb":{"@id":"https:\/\/radioljubuski.ba\/index.php\/2021\/10\/16\/evo-tko-bi-trebao-zamijeniti-pepa-guardiolu-na-klupi-manchester-cityja\/#breadcrumb"},"inLanguage":"hr","potentialAction":[{"@type":"ReadAction","target":["https:\/\/radioljubuski.ba\/index.php\/2021\/10\/16\/evo-tko-bi-trebao-zamijeniti-pepa-guardiolu-na-klupi-manchester-cityja\/"]}]},{"@type":"ImageObject","inLanguage":"hr","@id":"https:\/\/radioljubuski.ba\/index.php\/2021\/10\/16\/evo-tko-bi-trebao-zamijeniti-pepa-guardiolu-na-klupi-manchester-cityja\/#primaryimage","url":"https:\/\/radioljubuski.ba\/wp-content\/uploads\/2021\/10\/guardiola.jpg","contentUrl":"https:\/\/radioljubuski.ba\/wp-content\/uploads\/2021\/10\/guardiola.jpg","width":765,"height":402},{"@type":"BreadcrumbList","@id":"https:\/\/radioljubuski.ba\/index.php\/2021\/10\/16\/evo-tko-bi-trebao-zamijeniti-pepa-guardiolu-na-klupi-manchester-cityja\/#breadcrumb","itemListElement":[{"@type":"ListItem","position":1,"name":"Po\u010detna stranica","item":"https:\/\/radioljubuski.ba\/"},{"@type":"ListItem","position":2,"name":"Evo tko bi trebao zamijeniti Pepa Guardiolu na klupi Manchester Cityja"}]},{"@type":"WebSite","@id":"https:\/\/radioljubuski.ba\/#website","url":"https:\/\/radioljubuski.ba\/","name":"Radio Ljubu\u0161ki","description":"Sun\u010dana frekvencija Hercegovine","publisher":{"@id":"https:\/\/radioljubuski.ba\/#organization"},"potentialAction":[{"@type":"SearchAction","target":{"@type":"EntryPoint","urlTemplate":"https:\/\/radioljubuski.ba\/?s={search_term_string}"},"query-input":{"@type":"PropertyValueSpecification","valueRequired":true,"valueName":"search_term_string"}}],"inLanguage":"hr"},{"@type":"Organization","@id":"https:\/\/radioljubuski.ba\/#organization","name":"Radio Ljubu\u0161ki","url":"https:\/\/radioljubuski.ba\/","logo":{"@type":"ImageObject","inLanguage":"hr","@id":"https:\/\/radioljubuski.ba\/#\/schema\/logo\/image\/","url":"https:\/\/radioljubuski.ba\/wp-content\/uploads\/2021\/02\/cropped-Radio_Ljubuski_logo1.jpg","contentUrl":"https:\/\/radioljubuski.ba\/wp-content\/uploads\/2021\/02\/cropped-Radio_Ljubuski_logo1.jpg","width":512,"height":512,"caption":"Radio Ljubu\u0161ki"},"image":{"@id":"https:\/\/radioljubuski.ba\/#\/schema\/logo\/image\/"},"sameAs":["https:\/\/www.facebook.com\/Radiio-Ljubuski-1490835324566332","https:\/\/x.com\/radioljubuski","https:\/\/hr.linkedin.com\/company\/radio-ljubuski","https:\/\/www.youtube.com\/channel\/UCHYaeO_n0Db3tjNGudGpXyw"]},{"@type":"Person","@id":"https:\/\/radioljubuski.ba\/#\/schema\/person\/19fc700381a780f69665d7956c469e3b","name":"Radio Ljubu\u0161ki"}]}},"_links":{"self":[{"href":"https:\/\/radioljubuski.ba\/index.php\/wp-json\/wp\/v2\/posts\/76371","targetHints":{"allow":["GET"]}}],"collection":[{"href":"https:\/\/radioljubuski.ba\/index.php\/wp-json\/wp\/v2\/posts"}],"about":[{"href":"https:\/\/radioljubuski.ba\/index.php\/wp-json\/wp\/v2\/types\/post"}],"author":[{"embeddable":true,"href":"https:\/\/radioljubuski.ba\/index.php\/wp-json\/wp\/v2\/users\/2"}],"replies":[{"embeddable":true,"href":"https:\/\/radioljubuski.ba\/index.php\/wp-json\/wp\/v2\/comments?post=76371"}],"version-history":[{"count":1,"href":"https:\/\/radioljubuski.ba\/index.php\/wp-json\/wp\/v2\/posts\/76371\/revisions"}],"predecessor-version":[{"id":76373,"href":"https:\/\/radioljubuski.ba\/index.php\/wp-json\/wp\/v2\/posts\/76371\/revisions\/76373"}],"wp:featuredmedia":[{"embeddable":true,"href":"https:\/\/radioljubuski.ba\/index.php\/wp-json\/wp\/v2\/media\/76372"}],"wp:attachment":[{"href":"https:\/\/radioljubuski.ba\/index.php\/wp-json\/wp\/v2\/media?parent=76371"}],"wp:term":[{"taxonomy":"category","embeddable":true,"href":"https:\/\/radioljubuski.ba\/index.php\/wp-json\/wp\/v2\/categories?post=76371"},{"taxonomy":"post_tag","embeddable":true,"href":"https:\/\/radioljubuski.ba\/index.php\/wp-json\/wp\/v2\/tags?post=76371"}],"curies":[{"name":"wp","href":"https:\/\/api.w.org\/{rel}","templated":true}]}}