{"id":76391,"date":"2021-10-16T08:48:18","date_gmt":"2021-10-16T07:48:18","guid":{"rendered":"https:\/\/radioljubuski.ba\/?p=76391"},"modified":"2021-10-16T08:48:19","modified_gmt":"2021-10-16T07:48:19","slug":"u-zzh-situacija-s-koronom-stabilna-i-zadovoljavajuca","status":"publish","type":"post","link":"https:\/\/radioljubuski.ba\/index.php\/2021\/10\/16\/u-zzh-situacija-s-koronom-stabilna-i-zadovoljavajuca\/","title":{"rendered":"U \u017dZH situacija s koronom stabilna i zadovoljavaju\u0107a"},"content":{"rendered":"\n<h5 class=\"wp-block-heading\">Situacija s koronavirusom u \u017dZH je stabilna i zadovoljavaju\u0107a, potvrdili su pomo\u0107nik ravnatelja \u017eupanijske Uprave Civilne za\u0161tite Mladen Bo\u0161njak i ravnateljica Zavoda za javno zdravstvo \u017dZH Andrea Juri\u0107.<\/h5>\n\n\n\n<p><em>Situacija u na\u0161oj \u017eupaniji, \u0161to se ti\u010de pandemije koronavirusa, je zadovoljavaju\u0107a i stabilna.&nbsp;<strong>Trenutno imamo 103 pozitivna slu\u010daja<\/strong>&nbsp;zaraze virusom&nbsp;<strong>uz konstantan pad<\/strong>&nbsp;zadnjih mjesec dana. Hladnije vrijeme za sada nije uticalo na pove\u0107anje broja zara\u017eenih u na\u0161oj \u017eupaniji tako da za sada&nbsp;<strong>nema potrebe za uvo\u0111enjem novih mjera<\/strong>&nbsp;i nadamo se da i ne\u0107e biti<\/em>, istaknuo je Bo\u0161njak i dodao da se situacija s koronavirusom u \u017dZH prati i da mjere dolaze shodno pove\u0107anju broja novozara\u017eenih.<\/p>\n\n\n\n<p>Osvrnuo se i na\u00a0<strong>razdoblje ljetnih vru\u0107ina<\/strong>\u00a0u kojem je \u017dupanija Zapadnohercegova\u010dka imala\u00a0<strong>veliki broj po\u017eara.<\/strong><\/p>\n\n\n\n<p><em>U po\u017earnoj sezoni, koja je<strong>&nbsp;trajala od 1. lipnja do 30. rujna 2021. godine,<\/strong>&nbsp;bilo je 438 po\u017eara na otvorenom prostoru (po\u017eari suhe trave i niskog raslinja, koji su se prenosili na \u0161umsko zemlji\u0161te i \u0161ume), a opo\u017earena povr\u0161ina je iznosila&nbsp;<strong>1.305 hektara, \u0161to je najvi\u0161e otkada mi to pratimo<\/strong>, te je nanijeta velika \u0161teta na vegetaciji i \u0161umama. Ukupno opo\u017earena povr\u0161ina u 2020. godini je bila 1.133 hektara.<\/em><\/p>\n\n\n\n<p><em>Imali smo nekoliko velikih po\u017eara, kao \u0161to su,<strong>&nbsp;Ra\u0161ko Polje-Tomilje-Vrani\u0107-Podvrani\u0107<\/strong>&nbsp;gdje je bilo zahva\u0107eno 340 hektara \u0161ume, trave i niskog raslinja, zatim Crna\u010dka Ladina, 165 hektara \u0161ume, trave i niskog raslinja i tu su&nbsp;<strong>intervenirali kanaderi iz Republike Hrvatske<\/strong>, te Ko\u010derin (Budim-Rujan), 240 ha \u0161ume trave i niskog raslinja, gdje su tako\u0111er intervenirali kanaderi iz RH<\/em>, naveo je Bo\u0161njak.<\/p>\n\n\n\n<p>Otkrio je da&nbsp;<strong>Uprava civilne za\u0161tite \u017dZH<\/strong>&nbsp;stalno planira i izvodi edukacije iz podru\u010dja za\u0161tite i spa\u0161avanja ljudi i materijalnih dobara od prirodnih i drugih nesre\u0107a.<\/p>\n\n\n\n<p><em>Ove godine smo radili<strong>&nbsp;edukaciju povjerenika civilne za\u0161tite<\/strong>. U planu smo imali i edukaciju po \u0161kolama, ali zbog situacije s pandemijom covida-19 nismo je bili u mogu\u0107nosti odr\u017eati<\/em>, kazao je.<\/p>\n\n\n\n<p>Dodao je da je pro\u0161lu godinu obilje\u017eila pandemija koronavirusa i da je zbog toga \u017dupanija Zapadnohercegova\u010dka&nbsp;<strong>poduzela brojne korake u za\u0161titi zdravlja stanovni\u0161tva.<\/strong><\/p>\n\n\n\n<p><em>Proteklu je godinu, na\u017ealost i ovu, obilje\u017eila pandemija koronavirusa i na\u0161a \u017eupanija je proglasila stanje nesre\u0107e \u0161to je jo\u0161 uvijek na snazi. Ova godina je&nbsp;<strong>zapo\u010dela velikom tragedijom na Tribistovu (Posu\u0161je)<\/strong>, gdje je od trovanja uglji\u010dnim monoksidom izgubljeno osam mladih \u017eivota<\/em>, naglasio je pomo\u0107nik ravnatelja \u017eupanijske Uprave Civilne za\u0161tite.<\/p>\n\n\n\n<p>Ravnateljica Zavoda za javno zdravstvo \u017dZH&nbsp;<strong>Andrea Juri\u0107<\/strong>&nbsp;otkrila je koliko su u ovoj \u017eupaniji dosad domovi zdravlja utro\u0161ili doza cjepiva i kakve mjere planiraju poduzimati u sljede\u0107em razdoblju.<\/p>\n\n\n\n<p><em>U \u017dZH je&nbsp;<strong>utro\u0161eno oko 15 tisu\u0107a doza cjepiva.<\/strong>&nbsp;Me\u0111utim, prosjek potro\u0161nje cjepiva se prepolovio. Ranije smo imali od 500 do 700 utro\u0161enih doza na tjednoj razini, a u ovom trenutku imamo prosjek potro\u0161nje&nbsp;<strong>oko 300 doza.<\/strong>&nbsp;Mjere za sada ostaju iste, a one \u0107e se mijenjati ako do\u0111e do preoptere\u0107enja SKB Mostar, tj. ako klini\u010dka bolnica ne bude mogla odgovoriti kapacitetima i potrebama.<\/em><\/p>\n\n\n\n<p><em>Samo u slu\u010daju takvog scenarija razmatrat \u0107emo uvo\u0111enje rigoroznijih mjera.<strong>\u00a0Sve ostaje na tome da se izbjegavaju masovna okupljanja,<\/strong>\u00a0posebice u zatvorenim prostorima, a ako se boravi u takvim prostorima potrebno je dr\u017eati distancu, nositi masku i prati ruke<\/em>, istaknula je Juri\u0107.<\/p>\n\n\n\n<p><strong>Izvor: Fena \/ Jabuka.tv<\/strong><\/p>\n","protected":false},"excerpt":{"rendered":"<p>Situacija s koronavirusom u \u017dZH je stabilna i zadovoljavaju\u0107a, potvrdili su pomo\u0107nik ravnatelja \u017eupanijske Uprave Civilne za\u0161tite Mladen Bo\u0161njak i ravnateljica Zavoda za javno zdravstvo \u017dZH Andrea Juri\u0107. Situacija u na\u0161oj \u017eupaniji, \u0161to se ti\u010de pandemije koronavirusa, je zadovoljavaju\u0107a i stabilna.&nbsp;Trenutno imamo 103 pozitivna slu\u010daja&nbsp;zaraze virusom&nbsp;uz konstantan pad&nbsp;zadnjih mjesec dana. Hladnije vrijeme za sada nije [&hellip;]<\/p>\n","protected":false},"author":2,"featured_media":22187,"comment_status":"closed","ping_status":"closed","sticky":false,"template":"","format":"standard","meta":{"h5ap_radio_sources":[],"footnotes":""},"categories":[1],"tags":[],"class_list":["post-76391","post","type-post","status-publish","format-standard","has-post-thumbnail","hentry","category-bihiregija"],"yoast_head":"<!-- This site is optimized with the Yoast SEO plugin v27.4 - https:\/\/yoast.com\/product\/yoast-seo-wordpress\/ -->\n<title>U \u017dZH situacija s koronom stabilna i zadovoljavaju\u0107a - RADIO LJUBU\u0160KI<\/title>\n<meta name=\"robots\" content=\"index, follow, max-snippet:-1, max-image-preview:large, max-video-preview:-1\" \/>\n<link rel=\"canonical\" href=\"https:\/\/radioljubuski.ba\/index.php\/2021\/10\/16\/u-zzh-situacija-s-koronom-stabilna-i-zadovoljavajuca\/\" \/>\n<meta property=\"og:locale\" content=\"hr_HR\" \/>\n<meta property=\"og:type\" content=\"article\" \/>\n<meta property=\"og:title\" content=\"U \u017dZH situacija s koronom stabilna i zadovoljavaju\u0107a - RADIO LJUBU\u0160KI\" \/>\n<meta property=\"og:description\" content=\"Situacija s koronavirusom u \u017dZH je stabilna i zadovoljavaju\u0107a, potvrdili su pomo\u0107nik ravnatelja \u017eupanijske Uprave Civilne za\u0161tite Mladen Bo\u0161njak i ravnateljica Zavoda za javno zdravstvo \u017dZH Andrea Juri\u0107. Situacija u na\u0161oj \u017eupaniji, \u0161to se ti\u010de pandemije koronavirusa, je zadovoljavaju\u0107a i stabilna.&nbsp;Trenutno imamo 103 pozitivna slu\u010daja&nbsp;zaraze virusom&nbsp;uz konstantan pad&nbsp;zadnjih mjesec dana. Hladnije vrijeme za sada nije [&hellip;]\" \/>\n<meta property=\"og:url\" content=\"https:\/\/radioljubuski.ba\/index.php\/2021\/10\/16\/u-zzh-situacija-s-koronom-stabilna-i-zadovoljavajuca\/\" \/>\n<meta property=\"og:site_name\" content=\"RADIO LJUBU\u0160KI\" \/>\n<meta property=\"article:publisher\" content=\"https:\/\/www.facebook.com\/Radiio-Ljubuski-1490835324566332\" \/>\n<meta property=\"article:published_time\" content=\"2021-10-16T07:48:18+00:00\" \/>\n<meta property=\"article:modified_time\" content=\"2021-10-16T07:48:19+00:00\" \/>\n<meta property=\"og:image\" content=\"https:\/\/radioljubuski.ba\/wp-content\/uploads\/2021\/05\/andrea_juric2.jpg\" \/>\n\t<meta property=\"og:image:width\" content=\"1181\" \/>\n\t<meta property=\"og:image:height\" content=\"660\" \/>\n\t<meta property=\"og:image:type\" content=\"image\/jpeg\" \/>\n<meta name=\"author\" content=\"Radio Ljubu\u0161ki\" \/>\n<meta name=\"twitter:card\" content=\"summary_large_image\" \/>\n<meta name=\"twitter:creator\" content=\"@radioljubuski\" \/>\n<meta name=\"twitter:site\" content=\"@radioljubuski\" \/>\n<meta name=\"twitter:label1\" content=\"Napisao\/la\" \/>\n\t<meta name=\"twitter:data1\" content=\"Radio Ljubu\u0161ki\" \/>\n\t<meta name=\"twitter:label2\" content=\"Procijenjeno vrijeme \u010ditanja\" \/>\n\t<meta name=\"twitter:data2\" content=\"3 minute\" \/>\n<script type=\"application\/ld+json\" class=\"yoast-schema-graph\">{\"@context\":\"https:\\\/\\\/schema.org\",\"@graph\":[{\"@type\":\"Article\",\"@id\":\"https:\\\/\\\/radioljubuski.ba\\\/index.php\\\/2021\\\/10\\\/16\\\/u-zzh-situacija-s-koronom-stabilna-i-zadovoljavajuca\\\/#article\",\"isPartOf\":{\"@id\":\"https:\\\/\\\/radioljubuski.ba\\\/index.php\\\/2021\\\/10\\\/16\\\/u-zzh-situacija-s-koronom-stabilna-i-zadovoljavajuca\\\/\"},\"author\":{\"name\":\"Radio Ljubu\u0161ki\",\"@id\":\"https:\\\/\\\/radioljubuski.ba\\\/#\\\/schema\\\/person\\\/19fc700381a780f69665d7956c469e3b\"},\"headline\":\"U \u017dZH situacija s koronom stabilna i zadovoljavaju\u0107a\",\"datePublished\":\"2021-10-16T07:48:18+00:00\",\"dateModified\":\"2021-10-16T07:48:19+00:00\",\"mainEntityOfPage\":{\"@id\":\"https:\\\/\\\/radioljubuski.ba\\\/index.php\\\/2021\\\/10\\\/16\\\/u-zzh-situacija-s-koronom-stabilna-i-zadovoljavajuca\\\/\"},\"wordCount\":605,\"publisher\":{\"@id\":\"https:\\\/\\\/radioljubuski.ba\\\/#organization\"},\"image\":{\"@id\":\"https:\\\/\\\/radioljubuski.ba\\\/index.php\\\/2021\\\/10\\\/16\\\/u-zzh-situacija-s-koronom-stabilna-i-zadovoljavajuca\\\/#primaryimage\"},\"thumbnailUrl\":\"https:\\\/\\\/radioljubuski.ba\\\/wp-content\\\/uploads\\\/2021\\\/05\\\/andrea_juric2.jpg\",\"articleSection\":[\"BIH i regija\"],\"inLanguage\":\"hr\"},{\"@type\":\"WebPage\",\"@id\":\"https:\\\/\\\/radioljubuski.ba\\\/index.php\\\/2021\\\/10\\\/16\\\/u-zzh-situacija-s-koronom-stabilna-i-zadovoljavajuca\\\/\",\"url\":\"https:\\\/\\\/radioljubuski.ba\\\/index.php\\\/2021\\\/10\\\/16\\\/u-zzh-situacija-s-koronom-stabilna-i-zadovoljavajuca\\\/\",\"name\":\"U \u017dZH situacija s koronom stabilna i zadovoljavaju\u0107a - RADIO LJUBU\u0160KI\",\"isPartOf\":{\"@id\":\"https:\\\/\\\/radioljubuski.ba\\\/#website\"},\"primaryImageOfPage\":{\"@id\":\"https:\\\/\\\/radioljubuski.ba\\\/index.php\\\/2021\\\/10\\\/16\\\/u-zzh-situacija-s-koronom-stabilna-i-zadovoljavajuca\\\/#primaryimage\"},\"image\":{\"@id\":\"https:\\\/\\\/radioljubuski.ba\\\/index.php\\\/2021\\\/10\\\/16\\\/u-zzh-situacija-s-koronom-stabilna-i-zadovoljavajuca\\\/#primaryimage\"},\"thumbnailUrl\":\"https:\\\/\\\/radioljubuski.ba\\\/wp-content\\\/uploads\\\/2021\\\/05\\\/andrea_juric2.jpg\",\"datePublished\":\"2021-10-16T07:48:18+00:00\",\"dateModified\":\"2021-10-16T07:48:19+00:00\",\"breadcrumb\":{\"@id\":\"https:\\\/\\\/radioljubuski.ba\\\/index.php\\\/2021\\\/10\\\/16\\\/u-zzh-situacija-s-koronom-stabilna-i-zadovoljavajuca\\\/#breadcrumb\"},\"inLanguage\":\"hr\",\"potentialAction\":[{\"@type\":\"ReadAction\",\"target\":[\"https:\\\/\\\/radioljubuski.ba\\\/index.php\\\/2021\\\/10\\\/16\\\/u-zzh-situacija-s-koronom-stabilna-i-zadovoljavajuca\\\/\"]}]},{\"@type\":\"ImageObject\",\"inLanguage\":\"hr\",\"@id\":\"https:\\\/\\\/radioljubuski.ba\\\/index.php\\\/2021\\\/10\\\/16\\\/u-zzh-situacija-s-koronom-stabilna-i-zadovoljavajuca\\\/#primaryimage\",\"url\":\"https:\\\/\\\/radioljubuski.ba\\\/wp-content\\\/uploads\\\/2021\\\/05\\\/andrea_juric2.jpg\",\"contentUrl\":\"https:\\\/\\\/radioljubuski.ba\\\/wp-content\\\/uploads\\\/2021\\\/05\\\/andrea_juric2.jpg\",\"width\":1181,\"height\":660},{\"@type\":\"BreadcrumbList\",\"@id\":\"https:\\\/\\\/radioljubuski.ba\\\/index.php\\\/2021\\\/10\\\/16\\\/u-zzh-situacija-s-koronom-stabilna-i-zadovoljavajuca\\\/#breadcrumb\",\"itemListElement\":[{\"@type\":\"ListItem\",\"position\":1,\"name\":\"Po\u010detna stranica\",\"item\":\"https:\\\/\\\/radioljubuski.ba\\\/\"},{\"@type\":\"ListItem\",\"position\":2,\"name\":\"U \u017dZH situacija s koronom stabilna i zadovoljavaju\u0107a\"}]},{\"@type\":\"WebSite\",\"@id\":\"https:\\\/\\\/radioljubuski.ba\\\/#website\",\"url\":\"https:\\\/\\\/radioljubuski.ba\\\/\",\"name\":\"Radio Ljubu\u0161ki\",\"description\":\"Sun\u010dana frekvencija Hercegovine\",\"publisher\":{\"@id\":\"https:\\\/\\\/radioljubuski.ba\\\/#organization\"},\"potentialAction\":[{\"@type\":\"SearchAction\",\"target\":{\"@type\":\"EntryPoint\",\"urlTemplate\":\"https:\\\/\\\/radioljubuski.ba\\\/?s={search_term_string}\"},\"query-input\":{\"@type\":\"PropertyValueSpecification\",\"valueRequired\":true,\"valueName\":\"search_term_string\"}}],\"inLanguage\":\"hr\"},{\"@type\":\"Organization\",\"@id\":\"https:\\\/\\\/radioljubuski.ba\\\/#organization\",\"name\":\"Radio Ljubu\u0161ki\",\"url\":\"https:\\\/\\\/radioljubuski.ba\\\/\",\"logo\":{\"@type\":\"ImageObject\",\"inLanguage\":\"hr\",\"@id\":\"https:\\\/\\\/radioljubuski.ba\\\/#\\\/schema\\\/logo\\\/image\\\/\",\"url\":\"https:\\\/\\\/radioljubuski.ba\\\/wp-content\\\/uploads\\\/2021\\\/02\\\/cropped-Radio_Ljubuski_logo1.jpg\",\"contentUrl\":\"https:\\\/\\\/radioljubuski.ba\\\/wp-content\\\/uploads\\\/2021\\\/02\\\/cropped-Radio_Ljubuski_logo1.jpg\",\"width\":512,\"height\":512,\"caption\":\"Radio Ljubu\u0161ki\"},\"image\":{\"@id\":\"https:\\\/\\\/radioljubuski.ba\\\/#\\\/schema\\\/logo\\\/image\\\/\"},\"sameAs\":[\"https:\\\/\\\/www.facebook.com\\\/Radiio-Ljubuski-1490835324566332\",\"https:\\\/\\\/x.com\\\/radioljubuski\",\"https:\\\/\\\/hr.linkedin.com\\\/company\\\/radio-ljubuski\",\"https:\\\/\\\/www.youtube.com\\\/channel\\\/UCHYaeO_n0Db3tjNGudGpXyw\"]},{\"@type\":\"Person\",\"@id\":\"https:\\\/\\\/radioljubuski.ba\\\/#\\\/schema\\\/person\\\/19fc700381a780f69665d7956c469e3b\",\"name\":\"Radio Ljubu\u0161ki\"}]}<\/script>\n<!-- \/ Yoast SEO plugin. -->","yoast_head_json":{"title":"U \u017dZH situacija s koronom stabilna i zadovoljavaju\u0107a - RADIO LJUBU\u0160KI","robots":{"index":"index","follow":"follow","max-snippet":"max-snippet:-1","max-image-preview":"max-image-preview:large","max-video-preview":"max-video-preview:-1"},"canonical":"https:\/\/radioljubuski.ba\/index.php\/2021\/10\/16\/u-zzh-situacija-s-koronom-stabilna-i-zadovoljavajuca\/","og_locale":"hr_HR","og_type":"article","og_title":"U \u017dZH situacija s koronom stabilna i zadovoljavaju\u0107a - RADIO LJUBU\u0160KI","og_description":"Situacija s koronavirusom u \u017dZH je stabilna i zadovoljavaju\u0107a, potvrdili su pomo\u0107nik ravnatelja \u017eupanijske Uprave Civilne za\u0161tite Mladen Bo\u0161njak i ravnateljica Zavoda za javno zdravstvo \u017dZH Andrea Juri\u0107. Situacija u na\u0161oj \u017eupaniji, \u0161to se ti\u010de pandemije koronavirusa, je zadovoljavaju\u0107a i stabilna.&nbsp;Trenutno imamo 103 pozitivna slu\u010daja&nbsp;zaraze virusom&nbsp;uz konstantan pad&nbsp;zadnjih mjesec dana. Hladnije vrijeme za sada nije [&hellip;]","og_url":"https:\/\/radioljubuski.ba\/index.php\/2021\/10\/16\/u-zzh-situacija-s-koronom-stabilna-i-zadovoljavajuca\/","og_site_name":"RADIO LJUBU\u0160KI","article_publisher":"https:\/\/www.facebook.com\/Radiio-Ljubuski-1490835324566332","article_published_time":"2021-10-16T07:48:18+00:00","article_modified_time":"2021-10-16T07:48:19+00:00","og_image":[{"width":1181,"height":660,"url":"https:\/\/radioljubuski.ba\/wp-content\/uploads\/2021\/05\/andrea_juric2.jpg","type":"image\/jpeg"}],"author":"Radio Ljubu\u0161ki","twitter_card":"summary_large_image","twitter_creator":"@radioljubuski","twitter_site":"@radioljubuski","twitter_misc":{"Napisao\/la":"Radio Ljubu\u0161ki","Procijenjeno vrijeme \u010ditanja":"3 minute"},"schema":{"@context":"https:\/\/schema.org","@graph":[{"@type":"Article","@id":"https:\/\/radioljubuski.ba\/index.php\/2021\/10\/16\/u-zzh-situacija-s-koronom-stabilna-i-zadovoljavajuca\/#article","isPartOf":{"@id":"https:\/\/radioljubuski.ba\/index.php\/2021\/10\/16\/u-zzh-situacija-s-koronom-stabilna-i-zadovoljavajuca\/"},"author":{"name":"Radio Ljubu\u0161ki","@id":"https:\/\/radioljubuski.ba\/#\/schema\/person\/19fc700381a780f69665d7956c469e3b"},"headline":"U \u017dZH situacija s koronom stabilna i zadovoljavaju\u0107a","datePublished":"2021-10-16T07:48:18+00:00","dateModified":"2021-10-16T07:48:19+00:00","mainEntityOfPage":{"@id":"https:\/\/radioljubuski.ba\/index.php\/2021\/10\/16\/u-zzh-situacija-s-koronom-stabilna-i-zadovoljavajuca\/"},"wordCount":605,"publisher":{"@id":"https:\/\/radioljubuski.ba\/#organization"},"image":{"@id":"https:\/\/radioljubuski.ba\/index.php\/2021\/10\/16\/u-zzh-situacija-s-koronom-stabilna-i-zadovoljavajuca\/#primaryimage"},"thumbnailUrl":"https:\/\/radioljubuski.ba\/wp-content\/uploads\/2021\/05\/andrea_juric2.jpg","articleSection":["BIH i regija"],"inLanguage":"hr"},{"@type":"WebPage","@id":"https:\/\/radioljubuski.ba\/index.php\/2021\/10\/16\/u-zzh-situacija-s-koronom-stabilna-i-zadovoljavajuca\/","url":"https:\/\/radioljubuski.ba\/index.php\/2021\/10\/16\/u-zzh-situacija-s-koronom-stabilna-i-zadovoljavajuca\/","name":"U \u017dZH situacija s koronom stabilna i zadovoljavaju\u0107a - RADIO LJUBU\u0160KI","isPartOf":{"@id":"https:\/\/radioljubuski.ba\/#website"},"primaryImageOfPage":{"@id":"https:\/\/radioljubuski.ba\/index.php\/2021\/10\/16\/u-zzh-situacija-s-koronom-stabilna-i-zadovoljavajuca\/#primaryimage"},"image":{"@id":"https:\/\/radioljubuski.ba\/index.php\/2021\/10\/16\/u-zzh-situacija-s-koronom-stabilna-i-zadovoljavajuca\/#primaryimage"},"thumbnailUrl":"https:\/\/radioljubuski.ba\/wp-content\/uploads\/2021\/05\/andrea_juric2.jpg","datePublished":"2021-10-16T07:48:18+00:00","dateModified":"2021-10-16T07:48:19+00:00","breadcrumb":{"@id":"https:\/\/radioljubuski.ba\/index.php\/2021\/10\/16\/u-zzh-situacija-s-koronom-stabilna-i-zadovoljavajuca\/#breadcrumb"},"inLanguage":"hr","potentialAction":[{"@type":"ReadAction","target":["https:\/\/radioljubuski.ba\/index.php\/2021\/10\/16\/u-zzh-situacija-s-koronom-stabilna-i-zadovoljavajuca\/"]}]},{"@type":"ImageObject","inLanguage":"hr","@id":"https:\/\/radioljubuski.ba\/index.php\/2021\/10\/16\/u-zzh-situacija-s-koronom-stabilna-i-zadovoljavajuca\/#primaryimage","url":"https:\/\/radioljubuski.ba\/wp-content\/uploads\/2021\/05\/andrea_juric2.jpg","contentUrl":"https:\/\/radioljubuski.ba\/wp-content\/uploads\/2021\/05\/andrea_juric2.jpg","width":1181,"height":660},{"@type":"BreadcrumbList","@id":"https:\/\/radioljubuski.ba\/index.php\/2021\/10\/16\/u-zzh-situacija-s-koronom-stabilna-i-zadovoljavajuca\/#breadcrumb","itemListElement":[{"@type":"ListItem","position":1,"name":"Po\u010detna stranica","item":"https:\/\/radioljubuski.ba\/"},{"@type":"ListItem","position":2,"name":"U \u017dZH situacija s koronom stabilna i zadovoljavaju\u0107a"}]},{"@type":"WebSite","@id":"https:\/\/radioljubuski.ba\/#website","url":"https:\/\/radioljubuski.ba\/","name":"Radio Ljubu\u0161ki","description":"Sun\u010dana frekvencija Hercegovine","publisher":{"@id":"https:\/\/radioljubuski.ba\/#organization"},"potentialAction":[{"@type":"SearchAction","target":{"@type":"EntryPoint","urlTemplate":"https:\/\/radioljubuski.ba\/?s={search_term_string}"},"query-input":{"@type":"PropertyValueSpecification","valueRequired":true,"valueName":"search_term_string"}}],"inLanguage":"hr"},{"@type":"Organization","@id":"https:\/\/radioljubuski.ba\/#organization","name":"Radio Ljubu\u0161ki","url":"https:\/\/radioljubuski.ba\/","logo":{"@type":"ImageObject","inLanguage":"hr","@id":"https:\/\/radioljubuski.ba\/#\/schema\/logo\/image\/","url":"https:\/\/radioljubuski.ba\/wp-content\/uploads\/2021\/02\/cropped-Radio_Ljubuski_logo1.jpg","contentUrl":"https:\/\/radioljubuski.ba\/wp-content\/uploads\/2021\/02\/cropped-Radio_Ljubuski_logo1.jpg","width":512,"height":512,"caption":"Radio Ljubu\u0161ki"},"image":{"@id":"https:\/\/radioljubuski.ba\/#\/schema\/logo\/image\/"},"sameAs":["https:\/\/www.facebook.com\/Radiio-Ljubuski-1490835324566332","https:\/\/x.com\/radioljubuski","https:\/\/hr.linkedin.com\/company\/radio-ljubuski","https:\/\/www.youtube.com\/channel\/UCHYaeO_n0Db3tjNGudGpXyw"]},{"@type":"Person","@id":"https:\/\/radioljubuski.ba\/#\/schema\/person\/19fc700381a780f69665d7956c469e3b","name":"Radio Ljubu\u0161ki"}]}},"_links":{"self":[{"href":"https:\/\/radioljubuski.ba\/index.php\/wp-json\/wp\/v2\/posts\/76391","targetHints":{"allow":["GET"]}}],"collection":[{"href":"https:\/\/radioljubuski.ba\/index.php\/wp-json\/wp\/v2\/posts"}],"about":[{"href":"https:\/\/radioljubuski.ba\/index.php\/wp-json\/wp\/v2\/types\/post"}],"author":[{"embeddable":true,"href":"https:\/\/radioljubuski.ba\/index.php\/wp-json\/wp\/v2\/users\/2"}],"replies":[{"embeddable":true,"href":"https:\/\/radioljubuski.ba\/index.php\/wp-json\/wp\/v2\/comments?post=76391"}],"version-history":[{"count":1,"href":"https:\/\/radioljubuski.ba\/index.php\/wp-json\/wp\/v2\/posts\/76391\/revisions"}],"predecessor-version":[{"id":76392,"href":"https:\/\/radioljubuski.ba\/index.php\/wp-json\/wp\/v2\/posts\/76391\/revisions\/76392"}],"wp:featuredmedia":[{"embeddable":true,"href":"https:\/\/radioljubuski.ba\/index.php\/wp-json\/wp\/v2\/media\/22187"}],"wp:attachment":[{"href":"https:\/\/radioljubuski.ba\/index.php\/wp-json\/wp\/v2\/media?parent=76391"}],"wp:term":[{"taxonomy":"category","embeddable":true,"href":"https:\/\/radioljubuski.ba\/index.php\/wp-json\/wp\/v2\/categories?post=76391"},{"taxonomy":"post_tag","embeddable":true,"href":"https:\/\/radioljubuski.ba\/index.php\/wp-json\/wp\/v2\/tags?post=76391"}],"curies":[{"name":"wp","href":"https:\/\/api.w.org\/{rel}","templated":true}]}}