{"id":76396,"date":"2021-10-16T11:50:06","date_gmt":"2021-10-16T10:50:06","guid":{"rendered":"https:\/\/radioljubuski.ba\/?p=76396"},"modified":"2021-10-16T11:50:07","modified_gmt":"2021-10-16T10:50:07","slug":"navrsilo-se-30-godina-od-smrti-blage-zadre-heroja-obrane-vukovara","status":"publish","type":"post","link":"https:\/\/radioljubuski.ba\/index.php\/2021\/10\/16\/navrsilo-se-30-godina-od-smrti-blage-zadre-heroja-obrane-vukovara\/","title":{"rendered":"Navr\u0161ilo se 30 godina od smrti Blage Zadre, heroja obrane Vukovara"},"content":{"rendered":"\n<p>Na dana\u0161nji dan prije 30 godina poginuo je Blago Zadro, heroj Vukovara i jedan od najve\u0107ih heroja Domovinskog rata.<\/p>\n\n\n\n<p>Zadro je poginuo nedaleko od Trpinjske ceste, koja je postala simbolom vukovarskog otpora, jer su na njoj zaustavljeni i uni\u0161teni desetci srpskih tenkova.<\/p>\n\n\n\n<p>Taj 16. listopad 1991. godine bio je jedan od najte\u017eih udaraca braniteljima i stanovnicima grada heroja.<\/p>\n\n\n\n<p>Blago Zadro je ro\u0111en u Donjim Mami\u0107ima \u2013 Ledinac kraj Gruda 31. o\u017eujka 1944. godine, a kao desetogodi\u0161njak doselio se iz rodne Hercegovine zajedno s obitelji u Borovo Naselje.<\/p>\n\n\n\n<p>Tu je zavr\u0161io \u0161kolu, zaposlio se u tvornici \u201cBorovo\u201d i osnovao obitelj. Po\u010detkom demokratskih promjena, aktivno se uklju\u010dio u politi\u010dki \u017eivot toga kraja i postao prvi dopredsjednik HDZ-a u Vukovaru te se aktivno uklju\u010duje u organiziranje obrane pred nastupaju\u0107om velikosrpskom agresijom.<\/p>\n\n\n\n<p>Po izbijanju krvave Bitke za Vukovar zbog svojih izuzetnih organizacijskih sposobnosti i hrabrosti preuzima zapovijedanje obranom \u010ditavog Borova Naselja. Iako nije bio vojno \u0161kolovan, kao zapovjednik 3. bojne legendarne 204. vukovarske brigade pokazao se izvrsnim organizatorom obrane Borova Naselja.<\/p>\n\n\n\n<p>Pod njegovim vodstvom na Trpinjskoj cesti, koja je zbog toga i prozvana \u201cGroblje tenkova\u201d, zaustavljena je oklopna sila JNA i uni\u0161teno na desetke srpskih tenkova i oklopnih transportera. Bio je hrabar i odlu\u010dan, zapovjednik koji je u borbu kretao prvi, no iz jedne se nije vratio.<\/p>\n\n\n\n<p>Poginuo je 16. listopada 1991. godine blizu Trpinjske ceste, poko\u0161en rafalom iz pu\u0161kostrojnice dok je juna\u010dki vodio svoje suborce u akciju.<\/p>\n\n\n\n<iframe loading=\"lazy\" width=\"560\" height=\"315\" src=\"https:\/\/www.youtube.com\/embed\/n1b_coo2Pk0\" title=\"YouTube video player\" frameborder=\"0\" allow=\"accelerometer; autoplay; clipboard-write; encrypted-media; gyroscope; picture-in-picture\" allowfullscreen><\/iframe>\n\n\n\n<p>Od trojice sinova dvojica najstarijih tako\u0111er su se uklju\u010dili u obranu, najstariji Robert (1969.) kasnije je poginuo u borbama kod Kupresa, upav\u0161i sa suborcima u tenkovsku zamku. Kasnije je kod Kupresa podignut spomenik \u201cpetorici Vukovaraca\u201d.<\/p>\n\n\n\n<p>Blago Zadro pokopan je na vukovarskom Novom groblju 16. listopada 1998. nakon \u0161to su njegovi posmrtni ostaci ekshumirani u ljeto \u201998. zajedno s 937 \u017ertava iz masovne grobnice na vukovarskome Novom groblju.<\/p>\n\n\n\n<p>Njegov sin Robert godinu dana poslije, identificiran je iz zajedni\u010dke grobnice u Zagrebu nakon \u0161to je godinama njegova sudbina bila nepoznata. Otac i sin Zadro po\u010divaju na vukovarskom Memorijalnom groblju \u017ertava iz Domovinskog rata, u Aleji hrvatskih branitelja.<\/p>\n\n\n\n<p>Ime Blage Zadre nosi Zapovjedno sto\u017eerna \u0161kola \u2018Blago Zadro\u2019 te Osnovna \u0161kola \u2018Blago Zadro\u2019 u Borovom naselju.<\/p>\n\n\n\n<p>Zbog svoje uloge u Domovinskom ratu, juna\u010dke pogibije i velike karizme koju je stekao jo\u0161 za vrijeme bitke za Vukovar, po zavr\u0161etku Domovinskog rata postao je jedna od najve\u0107ih i najpo\u0161tovanijih ikona hrvatskog rata za nezavisnost.<\/p>\n\n\n\n<p>Po njemu je imenovana i jedna ulica u Grudama, Splitu i Zagrebu. Posmrtno je promaknut u \u010din general bojnika.<\/p>\n\n\n\n<p><strong>Vrisak.info<\/strong><\/p>\n","protected":false},"excerpt":{"rendered":"<p>Na dana\u0161nji dan prije 30 godina poginuo je Blago Zadro, heroj Vukovara i jedan od najve\u0107ih heroja Domovinskog rata. Zadro je poginuo nedaleko od Trpinjske ceste, koja je postala simbolom vukovarskog otpora, jer su na njoj zaustavljeni i uni\u0161teni desetci srpskih tenkova. Taj 16. listopad 1991. godine bio je jedan od najte\u017eih udaraca braniteljima i [&hellip;]<\/p>\n","protected":false},"author":2,"featured_media":76397,"comment_status":"closed","ping_status":"closed","sticky":false,"template":"","format":"standard","meta":{"h5ap_radio_sources":[],"footnotes":""},"categories":[1],"tags":[],"class_list":["post-76396","post","type-post","status-publish","format-standard","has-post-thumbnail","hentry","category-bihiregija"],"yoast_head":"<!-- This site is optimized with the Yoast SEO plugin v27.4 - https:\/\/yoast.com\/product\/yoast-seo-wordpress\/ -->\n<title>Navr\u0161ilo se 30 godina od smrti Blage Zadre, heroja obrane Vukovara - RADIO LJUBU\u0160KI<\/title>\n<meta name=\"robots\" content=\"index, follow, max-snippet:-1, max-image-preview:large, max-video-preview:-1\" \/>\n<link rel=\"canonical\" href=\"https:\/\/radioljubuski.ba\/index.php\/2021\/10\/16\/navrsilo-se-30-godina-od-smrti-blage-zadre-heroja-obrane-vukovara\/\" \/>\n<meta property=\"og:locale\" content=\"hr_HR\" \/>\n<meta property=\"og:type\" content=\"article\" \/>\n<meta property=\"og:title\" content=\"Navr\u0161ilo se 30 godina od smrti Blage Zadre, heroja obrane Vukovara - RADIO LJUBU\u0160KI\" \/>\n<meta property=\"og:description\" content=\"Na dana\u0161nji dan prije 30 godina poginuo je Blago Zadro, heroj Vukovara i jedan od najve\u0107ih heroja Domovinskog rata. Zadro je poginuo nedaleko od Trpinjske ceste, koja je postala simbolom vukovarskog otpora, jer su na njoj zaustavljeni i uni\u0161teni desetci srpskih tenkova. Taj 16. listopad 1991. godine bio je jedan od najte\u017eih udaraca braniteljima i [&hellip;]\" \/>\n<meta property=\"og:url\" content=\"https:\/\/radioljubuski.ba\/index.php\/2021\/10\/16\/navrsilo-se-30-godina-od-smrti-blage-zadre-heroja-obrane-vukovara\/\" \/>\n<meta property=\"og:site_name\" content=\"RADIO LJUBU\u0160KI\" \/>\n<meta property=\"article:publisher\" content=\"https:\/\/www.facebook.com\/Radiio-Ljubuski-1490835324566332\" \/>\n<meta property=\"article:published_time\" content=\"2021-10-16T10:50:06+00:00\" \/>\n<meta property=\"article:modified_time\" content=\"2021-10-16T10:50:07+00:00\" \/>\n<meta property=\"og:image\" content=\"https:\/\/radioljubuski.ba\/wp-content\/uploads\/2021\/10\/blago-zadro.jpg\" \/>\n\t<meta property=\"og:image:width\" content=\"800\" \/>\n\t<meta property=\"og:image:height\" content=\"600\" \/>\n\t<meta property=\"og:image:type\" content=\"image\/jpeg\" \/>\n<meta name=\"author\" content=\"Radio Ljubu\u0161ki\" \/>\n<meta name=\"twitter:card\" content=\"summary_large_image\" \/>\n<meta name=\"twitter:creator\" content=\"@radioljubuski\" \/>\n<meta name=\"twitter:site\" content=\"@radioljubuski\" \/>\n<meta name=\"twitter:label1\" content=\"Napisao\/la\" \/>\n\t<meta name=\"twitter:data1\" content=\"Radio Ljubu\u0161ki\" \/>\n\t<meta name=\"twitter:label2\" content=\"Procijenjeno vrijeme \u010ditanja\" \/>\n\t<meta name=\"twitter:data2\" content=\"2 minute\" \/>\n<script type=\"application\/ld+json\" class=\"yoast-schema-graph\">{\"@context\":\"https:\\\/\\\/schema.org\",\"@graph\":[{\"@type\":\"Article\",\"@id\":\"https:\\\/\\\/radioljubuski.ba\\\/index.php\\\/2021\\\/10\\\/16\\\/navrsilo-se-30-godina-od-smrti-blage-zadre-heroja-obrane-vukovara\\\/#article\",\"isPartOf\":{\"@id\":\"https:\\\/\\\/radioljubuski.ba\\\/index.php\\\/2021\\\/10\\\/16\\\/navrsilo-se-30-godina-od-smrti-blage-zadre-heroja-obrane-vukovara\\\/\"},\"author\":{\"name\":\"Radio Ljubu\u0161ki\",\"@id\":\"https:\\\/\\\/radioljubuski.ba\\\/#\\\/schema\\\/person\\\/19fc700381a780f69665d7956c469e3b\"},\"headline\":\"Navr\u0161ilo se 30 godina od smrti Blage Zadre, heroja obrane Vukovara\",\"datePublished\":\"2021-10-16T10:50:06+00:00\",\"dateModified\":\"2021-10-16T10:50:07+00:00\",\"mainEntityOfPage\":{\"@id\":\"https:\\\/\\\/radioljubuski.ba\\\/index.php\\\/2021\\\/10\\\/16\\\/navrsilo-se-30-godina-od-smrti-blage-zadre-heroja-obrane-vukovara\\\/\"},\"wordCount\":438,\"publisher\":{\"@id\":\"https:\\\/\\\/radioljubuski.ba\\\/#organization\"},\"image\":{\"@id\":\"https:\\\/\\\/radioljubuski.ba\\\/index.php\\\/2021\\\/10\\\/16\\\/navrsilo-se-30-godina-od-smrti-blage-zadre-heroja-obrane-vukovara\\\/#primaryimage\"},\"thumbnailUrl\":\"https:\\\/\\\/radioljubuski.ba\\\/wp-content\\\/uploads\\\/2021\\\/10\\\/blago-zadro.jpg\",\"articleSection\":[\"BIH i regija\"],\"inLanguage\":\"hr\"},{\"@type\":\"WebPage\",\"@id\":\"https:\\\/\\\/radioljubuski.ba\\\/index.php\\\/2021\\\/10\\\/16\\\/navrsilo-se-30-godina-od-smrti-blage-zadre-heroja-obrane-vukovara\\\/\",\"url\":\"https:\\\/\\\/radioljubuski.ba\\\/index.php\\\/2021\\\/10\\\/16\\\/navrsilo-se-30-godina-od-smrti-blage-zadre-heroja-obrane-vukovara\\\/\",\"name\":\"Navr\u0161ilo se 30 godina od smrti Blage Zadre, heroja obrane Vukovara - RADIO LJUBU\u0160KI\",\"isPartOf\":{\"@id\":\"https:\\\/\\\/radioljubuski.ba\\\/#website\"},\"primaryImageOfPage\":{\"@id\":\"https:\\\/\\\/radioljubuski.ba\\\/index.php\\\/2021\\\/10\\\/16\\\/navrsilo-se-30-godina-od-smrti-blage-zadre-heroja-obrane-vukovara\\\/#primaryimage\"},\"image\":{\"@id\":\"https:\\\/\\\/radioljubuski.ba\\\/index.php\\\/2021\\\/10\\\/16\\\/navrsilo-se-30-godina-od-smrti-blage-zadre-heroja-obrane-vukovara\\\/#primaryimage\"},\"thumbnailUrl\":\"https:\\\/\\\/radioljubuski.ba\\\/wp-content\\\/uploads\\\/2021\\\/10\\\/blago-zadro.jpg\",\"datePublished\":\"2021-10-16T10:50:06+00:00\",\"dateModified\":\"2021-10-16T10:50:07+00:00\",\"breadcrumb\":{\"@id\":\"https:\\\/\\\/radioljubuski.ba\\\/index.php\\\/2021\\\/10\\\/16\\\/navrsilo-se-30-godina-od-smrti-blage-zadre-heroja-obrane-vukovara\\\/#breadcrumb\"},\"inLanguage\":\"hr\",\"potentialAction\":[{\"@type\":\"ReadAction\",\"target\":[\"https:\\\/\\\/radioljubuski.ba\\\/index.php\\\/2021\\\/10\\\/16\\\/navrsilo-se-30-godina-od-smrti-blage-zadre-heroja-obrane-vukovara\\\/\"]}]},{\"@type\":\"ImageObject\",\"inLanguage\":\"hr\",\"@id\":\"https:\\\/\\\/radioljubuski.ba\\\/index.php\\\/2021\\\/10\\\/16\\\/navrsilo-se-30-godina-od-smrti-blage-zadre-heroja-obrane-vukovara\\\/#primaryimage\",\"url\":\"https:\\\/\\\/radioljubuski.ba\\\/wp-content\\\/uploads\\\/2021\\\/10\\\/blago-zadro.jpg\",\"contentUrl\":\"https:\\\/\\\/radioljubuski.ba\\\/wp-content\\\/uploads\\\/2021\\\/10\\\/blago-zadro.jpg\",\"width\":800,\"height\":600},{\"@type\":\"BreadcrumbList\",\"@id\":\"https:\\\/\\\/radioljubuski.ba\\\/index.php\\\/2021\\\/10\\\/16\\\/navrsilo-se-30-godina-od-smrti-blage-zadre-heroja-obrane-vukovara\\\/#breadcrumb\",\"itemListElement\":[{\"@type\":\"ListItem\",\"position\":1,\"name\":\"Po\u010detna stranica\",\"item\":\"https:\\\/\\\/radioljubuski.ba\\\/\"},{\"@type\":\"ListItem\",\"position\":2,\"name\":\"Navr\u0161ilo se 30 godina od smrti Blage Zadre, heroja obrane Vukovara\"}]},{\"@type\":\"WebSite\",\"@id\":\"https:\\\/\\\/radioljubuski.ba\\\/#website\",\"url\":\"https:\\\/\\\/radioljubuski.ba\\\/\",\"name\":\"Radio Ljubu\u0161ki\",\"description\":\"Sun\u010dana frekvencija Hercegovine\",\"publisher\":{\"@id\":\"https:\\\/\\\/radioljubuski.ba\\\/#organization\"},\"potentialAction\":[{\"@type\":\"SearchAction\",\"target\":{\"@type\":\"EntryPoint\",\"urlTemplate\":\"https:\\\/\\\/radioljubuski.ba\\\/?s={search_term_string}\"},\"query-input\":{\"@type\":\"PropertyValueSpecification\",\"valueRequired\":true,\"valueName\":\"search_term_string\"}}],\"inLanguage\":\"hr\"},{\"@type\":\"Organization\",\"@id\":\"https:\\\/\\\/radioljubuski.ba\\\/#organization\",\"name\":\"Radio Ljubu\u0161ki\",\"url\":\"https:\\\/\\\/radioljubuski.ba\\\/\",\"logo\":{\"@type\":\"ImageObject\",\"inLanguage\":\"hr\",\"@id\":\"https:\\\/\\\/radioljubuski.ba\\\/#\\\/schema\\\/logo\\\/image\\\/\",\"url\":\"https:\\\/\\\/radioljubuski.ba\\\/wp-content\\\/uploads\\\/2021\\\/02\\\/cropped-Radio_Ljubuski_logo1.jpg\",\"contentUrl\":\"https:\\\/\\\/radioljubuski.ba\\\/wp-content\\\/uploads\\\/2021\\\/02\\\/cropped-Radio_Ljubuski_logo1.jpg\",\"width\":512,\"height\":512,\"caption\":\"Radio Ljubu\u0161ki\"},\"image\":{\"@id\":\"https:\\\/\\\/radioljubuski.ba\\\/#\\\/schema\\\/logo\\\/image\\\/\"},\"sameAs\":[\"https:\\\/\\\/www.facebook.com\\\/Radiio-Ljubuski-1490835324566332\",\"https:\\\/\\\/x.com\\\/radioljubuski\",\"https:\\\/\\\/hr.linkedin.com\\\/company\\\/radio-ljubuski\",\"https:\\\/\\\/www.youtube.com\\\/channel\\\/UCHYaeO_n0Db3tjNGudGpXyw\"]},{\"@type\":\"Person\",\"@id\":\"https:\\\/\\\/radioljubuski.ba\\\/#\\\/schema\\\/person\\\/19fc700381a780f69665d7956c469e3b\",\"name\":\"Radio Ljubu\u0161ki\"}]}<\/script>\n<!-- \/ Yoast SEO plugin. -->","yoast_head_json":{"title":"Navr\u0161ilo se 30 godina od smrti Blage Zadre, heroja obrane Vukovara - RADIO LJUBU\u0160KI","robots":{"index":"index","follow":"follow","max-snippet":"max-snippet:-1","max-image-preview":"max-image-preview:large","max-video-preview":"max-video-preview:-1"},"canonical":"https:\/\/radioljubuski.ba\/index.php\/2021\/10\/16\/navrsilo-se-30-godina-od-smrti-blage-zadre-heroja-obrane-vukovara\/","og_locale":"hr_HR","og_type":"article","og_title":"Navr\u0161ilo se 30 godina od smrti Blage Zadre, heroja obrane Vukovara - RADIO LJUBU\u0160KI","og_description":"Na dana\u0161nji dan prije 30 godina poginuo je Blago Zadro, heroj Vukovara i jedan od najve\u0107ih heroja Domovinskog rata. Zadro je poginuo nedaleko od Trpinjske ceste, koja je postala simbolom vukovarskog otpora, jer su na njoj zaustavljeni i uni\u0161teni desetci srpskih tenkova. Taj 16. listopad 1991. godine bio je jedan od najte\u017eih udaraca braniteljima i [&hellip;]","og_url":"https:\/\/radioljubuski.ba\/index.php\/2021\/10\/16\/navrsilo-se-30-godina-od-smrti-blage-zadre-heroja-obrane-vukovara\/","og_site_name":"RADIO LJUBU\u0160KI","article_publisher":"https:\/\/www.facebook.com\/Radiio-Ljubuski-1490835324566332","article_published_time":"2021-10-16T10:50:06+00:00","article_modified_time":"2021-10-16T10:50:07+00:00","og_image":[{"width":800,"height":600,"url":"https:\/\/radioljubuski.ba\/wp-content\/uploads\/2021\/10\/blago-zadro.jpg","type":"image\/jpeg"}],"author":"Radio Ljubu\u0161ki","twitter_card":"summary_large_image","twitter_creator":"@radioljubuski","twitter_site":"@radioljubuski","twitter_misc":{"Napisao\/la":"Radio Ljubu\u0161ki","Procijenjeno vrijeme \u010ditanja":"2 minute"},"schema":{"@context":"https:\/\/schema.org","@graph":[{"@type":"Article","@id":"https:\/\/radioljubuski.ba\/index.php\/2021\/10\/16\/navrsilo-se-30-godina-od-smrti-blage-zadre-heroja-obrane-vukovara\/#article","isPartOf":{"@id":"https:\/\/radioljubuski.ba\/index.php\/2021\/10\/16\/navrsilo-se-30-godina-od-smrti-blage-zadre-heroja-obrane-vukovara\/"},"author":{"name":"Radio Ljubu\u0161ki","@id":"https:\/\/radioljubuski.ba\/#\/schema\/person\/19fc700381a780f69665d7956c469e3b"},"headline":"Navr\u0161ilo se 30 godina od smrti Blage Zadre, heroja obrane Vukovara","datePublished":"2021-10-16T10:50:06+00:00","dateModified":"2021-10-16T10:50:07+00:00","mainEntityOfPage":{"@id":"https:\/\/radioljubuski.ba\/index.php\/2021\/10\/16\/navrsilo-se-30-godina-od-smrti-blage-zadre-heroja-obrane-vukovara\/"},"wordCount":438,"publisher":{"@id":"https:\/\/radioljubuski.ba\/#organization"},"image":{"@id":"https:\/\/radioljubuski.ba\/index.php\/2021\/10\/16\/navrsilo-se-30-godina-od-smrti-blage-zadre-heroja-obrane-vukovara\/#primaryimage"},"thumbnailUrl":"https:\/\/radioljubuski.ba\/wp-content\/uploads\/2021\/10\/blago-zadro.jpg","articleSection":["BIH i regija"],"inLanguage":"hr"},{"@type":"WebPage","@id":"https:\/\/radioljubuski.ba\/index.php\/2021\/10\/16\/navrsilo-se-30-godina-od-smrti-blage-zadre-heroja-obrane-vukovara\/","url":"https:\/\/radioljubuski.ba\/index.php\/2021\/10\/16\/navrsilo-se-30-godina-od-smrti-blage-zadre-heroja-obrane-vukovara\/","name":"Navr\u0161ilo se 30 godina od smrti Blage Zadre, heroja obrane Vukovara - RADIO LJUBU\u0160KI","isPartOf":{"@id":"https:\/\/radioljubuski.ba\/#website"},"primaryImageOfPage":{"@id":"https:\/\/radioljubuski.ba\/index.php\/2021\/10\/16\/navrsilo-se-30-godina-od-smrti-blage-zadre-heroja-obrane-vukovara\/#primaryimage"},"image":{"@id":"https:\/\/radioljubuski.ba\/index.php\/2021\/10\/16\/navrsilo-se-30-godina-od-smrti-blage-zadre-heroja-obrane-vukovara\/#primaryimage"},"thumbnailUrl":"https:\/\/radioljubuski.ba\/wp-content\/uploads\/2021\/10\/blago-zadro.jpg","datePublished":"2021-10-16T10:50:06+00:00","dateModified":"2021-10-16T10:50:07+00:00","breadcrumb":{"@id":"https:\/\/radioljubuski.ba\/index.php\/2021\/10\/16\/navrsilo-se-30-godina-od-smrti-blage-zadre-heroja-obrane-vukovara\/#breadcrumb"},"inLanguage":"hr","potentialAction":[{"@type":"ReadAction","target":["https:\/\/radioljubuski.ba\/index.php\/2021\/10\/16\/navrsilo-se-30-godina-od-smrti-blage-zadre-heroja-obrane-vukovara\/"]}]},{"@type":"ImageObject","inLanguage":"hr","@id":"https:\/\/radioljubuski.ba\/index.php\/2021\/10\/16\/navrsilo-se-30-godina-od-smrti-blage-zadre-heroja-obrane-vukovara\/#primaryimage","url":"https:\/\/radioljubuski.ba\/wp-content\/uploads\/2021\/10\/blago-zadro.jpg","contentUrl":"https:\/\/radioljubuski.ba\/wp-content\/uploads\/2021\/10\/blago-zadro.jpg","width":800,"height":600},{"@type":"BreadcrumbList","@id":"https:\/\/radioljubuski.ba\/index.php\/2021\/10\/16\/navrsilo-se-30-godina-od-smrti-blage-zadre-heroja-obrane-vukovara\/#breadcrumb","itemListElement":[{"@type":"ListItem","position":1,"name":"Po\u010detna stranica","item":"https:\/\/radioljubuski.ba\/"},{"@type":"ListItem","position":2,"name":"Navr\u0161ilo se 30 godina od smrti Blage Zadre, heroja obrane Vukovara"}]},{"@type":"WebSite","@id":"https:\/\/radioljubuski.ba\/#website","url":"https:\/\/radioljubuski.ba\/","name":"Radio Ljubu\u0161ki","description":"Sun\u010dana frekvencija Hercegovine","publisher":{"@id":"https:\/\/radioljubuski.ba\/#organization"},"potentialAction":[{"@type":"SearchAction","target":{"@type":"EntryPoint","urlTemplate":"https:\/\/radioljubuski.ba\/?s={search_term_string}"},"query-input":{"@type":"PropertyValueSpecification","valueRequired":true,"valueName":"search_term_string"}}],"inLanguage":"hr"},{"@type":"Organization","@id":"https:\/\/radioljubuski.ba\/#organization","name":"Radio Ljubu\u0161ki","url":"https:\/\/radioljubuski.ba\/","logo":{"@type":"ImageObject","inLanguage":"hr","@id":"https:\/\/radioljubuski.ba\/#\/schema\/logo\/image\/","url":"https:\/\/radioljubuski.ba\/wp-content\/uploads\/2021\/02\/cropped-Radio_Ljubuski_logo1.jpg","contentUrl":"https:\/\/radioljubuski.ba\/wp-content\/uploads\/2021\/02\/cropped-Radio_Ljubuski_logo1.jpg","width":512,"height":512,"caption":"Radio Ljubu\u0161ki"},"image":{"@id":"https:\/\/radioljubuski.ba\/#\/schema\/logo\/image\/"},"sameAs":["https:\/\/www.facebook.com\/Radiio-Ljubuski-1490835324566332","https:\/\/x.com\/radioljubuski","https:\/\/hr.linkedin.com\/company\/radio-ljubuski","https:\/\/www.youtube.com\/channel\/UCHYaeO_n0Db3tjNGudGpXyw"]},{"@type":"Person","@id":"https:\/\/radioljubuski.ba\/#\/schema\/person\/19fc700381a780f69665d7956c469e3b","name":"Radio Ljubu\u0161ki"}]}},"_links":{"self":[{"href":"https:\/\/radioljubuski.ba\/index.php\/wp-json\/wp\/v2\/posts\/76396","targetHints":{"allow":["GET"]}}],"collection":[{"href":"https:\/\/radioljubuski.ba\/index.php\/wp-json\/wp\/v2\/posts"}],"about":[{"href":"https:\/\/radioljubuski.ba\/index.php\/wp-json\/wp\/v2\/types\/post"}],"author":[{"embeddable":true,"href":"https:\/\/radioljubuski.ba\/index.php\/wp-json\/wp\/v2\/users\/2"}],"replies":[{"embeddable":true,"href":"https:\/\/radioljubuski.ba\/index.php\/wp-json\/wp\/v2\/comments?post=76396"}],"version-history":[{"count":1,"href":"https:\/\/radioljubuski.ba\/index.php\/wp-json\/wp\/v2\/posts\/76396\/revisions"}],"predecessor-version":[{"id":76398,"href":"https:\/\/radioljubuski.ba\/index.php\/wp-json\/wp\/v2\/posts\/76396\/revisions\/76398"}],"wp:featuredmedia":[{"embeddable":true,"href":"https:\/\/radioljubuski.ba\/index.php\/wp-json\/wp\/v2\/media\/76397"}],"wp:attachment":[{"href":"https:\/\/radioljubuski.ba\/index.php\/wp-json\/wp\/v2\/media?parent=76396"}],"wp:term":[{"taxonomy":"category","embeddable":true,"href":"https:\/\/radioljubuski.ba\/index.php\/wp-json\/wp\/v2\/categories?post=76396"},{"taxonomy":"post_tag","embeddable":true,"href":"https:\/\/radioljubuski.ba\/index.php\/wp-json\/wp\/v2\/tags?post=76396"}],"curies":[{"name":"wp","href":"https:\/\/api.w.org\/{rel}","templated":true}]}}