{"id":76424,"date":"2021-10-16T13:24:08","date_gmt":"2021-10-16T12:24:08","guid":{"rendered":"https:\/\/radioljubuski.ba\/?p=76424"},"modified":"2021-10-16T13:24:09","modified_gmt":"2021-10-16T12:24:09","slug":"nikolina-cutura-diplomirala-na-farmaceutskom-fakultetu-i-potpisala-za-najbolji-klub-u-svicarskoj","status":"publish","type":"post","link":"https:\/\/radioljubuski.ba\/index.php\/2021\/10\/16\/nikolina-cutura-diplomirala-na-farmaceutskom-fakultetu-i-potpisala-za-najbolji-klub-u-svicarskoj\/","title":{"rendered":"Nikolina \u010cutura diplomirala na Farmaceutskom fakultetu i potpisala za najbolji klub u \u0160vicarskoj"},"content":{"rendered":"\n<p>Mostarska rukometa\u0161ica, Nikolina \u010cutura ovog je ljeta napustila ekipu Gruda i karijeru nastavila u \u0161vicarskoj ekipi LC Br\u00fchl.<\/p>\n\n\n\n<p>Rije\u010d je o timu koji dolazi iz St G\u00fclena i ima \u010dak 31 titulu prvaka \u0160vicarske. Za Nikolinu \u0107e ovo biti svakako iskorak u karijeri nakon sjajnih nastupa u dresu Gruda s kojima je bila vi\u0161estruka prvakinja Bosne i Hercegovine, te osvaja\u010dica Kupa na\u0161e zemlje.<\/p>\n\n\n\n<p>U dresu Gruda ponijela je epitet za jednu od najboljih rukometa\u0161ica u Bosni i Hercegovini, a ova djevojka ro\u0111ena 1998. godine pokazala je da ima mnogo toga pokazati i na europskoj sceni. Nikolinu smo &#8216;uhvatili&#8217; u rodnom Mostaru, gdje je do\u0161la obraniti magistarski rad na Farmaceutskom fakultetu.&nbsp; <strong><em>S njom je razgovarao na\u0161 novinar Mateo Marinovi\u0107.&nbsp;<\/em><\/strong><\/p>\n\n\n\n<p><strong><em>Nikolina, prije svega \u010destitke na zavr\u0161enom fakultetu. Prije otprilike mjesec dana karijeru ste nastavili u \u0161vicarskoj ekipi LC Br\u00fchl. Kakvi su Va\u0161i prvi dojmovi?<\/em><\/strong><\/p>\n\n\n\n<p>-Hvala na \u010destitkama. Pro\u0161lo je ve\u0107 vi\u0161e od mjesec dana, dosta toga se nakupilo. Bilo je tu dosta nekog sadr\u017eaja, no sve u svemu prvi dojmovi su odli\u010dni i nadam se da \u0107e tako i ostati.<\/p>\n\n\n\n<p><strong><em>Prelazak u \u0160vicarsku svakako je velik iskorak u Va\u0161oj karijeri. Je li Vam se bilo te\u0161ko prilagoditi na nove suigra\u010dice i ligu?<\/em><\/strong><\/p>\n\n\n\n<p>Odlu\u010dila sam se za tu stepenicu vi\u0161e. Naravno, svaki po\u010detak je te\u017eak, ali polako se navikavam. Dosta su mi pomogle nove suigra\u010dice na \u010demu sam im zahvalna, te se nadam da \u0107e tako i ostati.<\/p>\n\n\n\n<p><strong><em>Slijedi neizbje\u017eno pitanje, mo\u017eete li usporediti kvalitetu i na\u010din igre na na\u0161im prostorima i u \u0160vicarskoj? U \u010demu je najve\u0107a razlika?<\/em><\/strong><\/p>\n\n\n\n<p>Sigurno da je u \u0160vicarskoj razina vi\u0161e. Ono \u0161to bih navela kao najve\u0107u prednost je organiziranost. U Bosni i Hercegovini najve\u0107i je problem nedostatak termina za treninge i nemogu\u0107nost da klubovi svaki dan treniraju vi\u0161e puta dnevno. Mo\u017eda je to klju\u010dni razlog.<br>&nbsp;<br><strong><em>U dresu Gruda bili ste jedna od boljih igra\u010dica u dr\u017eavi i dugogodi\u0161nja kapetanica. Koliko Vam je to iskustvo \u201cvo\u0111enja\u201c drugih igra\u010dica na terenu pomoglo prilikom prilagodbe u novom klubu?<\/em><\/strong><\/p>\n\n\n\n<p>Jo\u0161 se prilago\u0111avam na novu sredinu. No, sigurno mi je iskustvo iz Gruda dosta pomoglo, ali vjerujem da \u0107e s vremenom sve do\u0107i na svoje.<\/p>\n\n\n\n<p><strong><em>Jeste li nastavili pratiti doma\u0107u ligu, \u0161to prognozirate ove sezone za svoj biv\u0161i klub? Grude su u sezonu u\u0161le s pomla\u0111enom ekipom.<\/em><\/strong><\/p>\n\n\n\n<p>Naravno, na\u017ealost liga je slabija s godine na godinu. Moj favorit su Grude i vidim ih u samom vrhu.<\/p>\n\n\n\n<p><strong><em>Nedavno se i magistrirali na Farmaceutskom fakultetu u Mostaru i tako pokazali da se sve mo\u017ee sti\u0107i.<\/em><\/strong><\/p>\n\n\n\n<p>Zvu\u010di nezamislivo to dvoje. To je bila moja \u010dvrsta \u017eelja.&nbsp; KIad ste uporni sve se mo\u017ee sti\u0107i.<\/p>\n\n\n\n<p>Izvor:pogled.ba<\/p>\n","protected":false},"excerpt":{"rendered":"<p>Mostarska rukometa\u0161ica, Nikolina \u010cutura ovog je ljeta napustila ekipu Gruda i karijeru nastavila u \u0161vicarskoj ekipi LC Br\u00fchl. Rije\u010d je o timu koji dolazi iz St G\u00fclena i ima \u010dak 31 titulu prvaka \u0160vicarske. Za Nikolinu \u0107e ovo biti svakako iskorak u karijeri nakon sjajnih nastupa u dresu Gruda s kojima je bila vi\u0161estruka prvakinja [&hellip;]<\/p>\n","protected":false},"author":2,"featured_media":76425,"comment_status":"closed","ping_status":"closed","sticky":false,"template":"","format":"standard","meta":{"h5ap_radio_sources":[],"footnotes":""},"categories":[7],"tags":[],"class_list":["post-76424","post","type-post","status-publish","format-standard","has-post-thumbnail","hentry","category-sport"],"yoast_head":"<!-- This site is optimized with the Yoast SEO plugin v27.4 - https:\/\/yoast.com\/product\/yoast-seo-wordpress\/ -->\n<title>Nikolina \u010cutura diplomirala na Farmaceutskom fakultetu i potpisala za najbolji klub u \u0160vicarskoj - RADIO LJUBU\u0160KI<\/title>\n<meta name=\"robots\" content=\"index, follow, max-snippet:-1, max-image-preview:large, max-video-preview:-1\" \/>\n<link rel=\"canonical\" href=\"https:\/\/radioljubuski.ba\/index.php\/2021\/10\/16\/nikolina-cutura-diplomirala-na-farmaceutskom-fakultetu-i-potpisala-za-najbolji-klub-u-svicarskoj\/\" \/>\n<meta property=\"og:locale\" content=\"hr_HR\" \/>\n<meta property=\"og:type\" content=\"article\" \/>\n<meta property=\"og:title\" content=\"Nikolina \u010cutura diplomirala na Farmaceutskom fakultetu i potpisala za najbolji klub u \u0160vicarskoj - RADIO LJUBU\u0160KI\" \/>\n<meta property=\"og:description\" content=\"Mostarska rukometa\u0161ica, Nikolina \u010cutura ovog je ljeta napustila ekipu Gruda i karijeru nastavila u \u0161vicarskoj ekipi LC Br\u00fchl. Rije\u010d je o timu koji dolazi iz St G\u00fclena i ima \u010dak 31 titulu prvaka \u0160vicarske. Za Nikolinu \u0107e ovo biti svakako iskorak u karijeri nakon sjajnih nastupa u dresu Gruda s kojima je bila vi\u0161estruka prvakinja [&hellip;]\" \/>\n<meta property=\"og:url\" content=\"https:\/\/radioljubuski.ba\/index.php\/2021\/10\/16\/nikolina-cutura-diplomirala-na-farmaceutskom-fakultetu-i-potpisala-za-najbolji-klub-u-svicarskoj\/\" \/>\n<meta property=\"og:site_name\" content=\"RADIO LJUBU\u0160KI\" \/>\n<meta property=\"article:publisher\" content=\"https:\/\/www.facebook.com\/Radiio-Ljubuski-1490835324566332\" \/>\n<meta property=\"article:published_time\" content=\"2021-10-16T12:24:08+00:00\" \/>\n<meta property=\"article:modified_time\" content=\"2021-10-16T12:24:09+00:00\" \/>\n<meta property=\"og:image\" content=\"https:\/\/radioljubuski.ba\/wp-content\/uploads\/2021\/10\/2-2021-10-16-08-18-11-243806111_4755038124520769_2026302008939407916_n.jpg\" \/>\n\t<meta property=\"og:image:width\" content=\"1000\" \/>\n\t<meta property=\"og:image:height\" content=\"625\" \/>\n\t<meta property=\"og:image:type\" content=\"image\/jpeg\" \/>\n<meta name=\"author\" content=\"Radio Ljubu\u0161ki\" \/>\n<meta name=\"twitter:card\" content=\"summary_large_image\" \/>\n<meta name=\"twitter:creator\" content=\"@radioljubuski\" \/>\n<meta name=\"twitter:site\" content=\"@radioljubuski\" \/>\n<meta name=\"twitter:label1\" content=\"Napisao\/la\" \/>\n\t<meta name=\"twitter:data1\" content=\"Radio Ljubu\u0161ki\" \/>\n\t<meta name=\"twitter:label2\" content=\"Procijenjeno vrijeme \u010ditanja\" \/>\n\t<meta name=\"twitter:data2\" content=\"2 minute\" \/>\n<script type=\"application\/ld+json\" class=\"yoast-schema-graph\">{\"@context\":\"https:\\\/\\\/schema.org\",\"@graph\":[{\"@type\":\"Article\",\"@id\":\"https:\\\/\\\/radioljubuski.ba\\\/index.php\\\/2021\\\/10\\\/16\\\/nikolina-cutura-diplomirala-na-farmaceutskom-fakultetu-i-potpisala-za-najbolji-klub-u-svicarskoj\\\/#article\",\"isPartOf\":{\"@id\":\"https:\\\/\\\/radioljubuski.ba\\\/index.php\\\/2021\\\/10\\\/16\\\/nikolina-cutura-diplomirala-na-farmaceutskom-fakultetu-i-potpisala-za-najbolji-klub-u-svicarskoj\\\/\"},\"author\":{\"name\":\"Radio Ljubu\u0161ki\",\"@id\":\"https:\\\/\\\/radioljubuski.ba\\\/#\\\/schema\\\/person\\\/19fc700381a780f69665d7956c469e3b\"},\"headline\":\"Nikolina \u010cutura diplomirala na Farmaceutskom fakultetu i potpisala za najbolji klub u \u0160vicarskoj\",\"datePublished\":\"2021-10-16T12:24:08+00:00\",\"dateModified\":\"2021-10-16T12:24:09+00:00\",\"mainEntityOfPage\":{\"@id\":\"https:\\\/\\\/radioljubuski.ba\\\/index.php\\\/2021\\\/10\\\/16\\\/nikolina-cutura-diplomirala-na-farmaceutskom-fakultetu-i-potpisala-za-najbolji-klub-u-svicarskoj\\\/\"},\"wordCount\":499,\"publisher\":{\"@id\":\"https:\\\/\\\/radioljubuski.ba\\\/#organization\"},\"image\":{\"@id\":\"https:\\\/\\\/radioljubuski.ba\\\/index.php\\\/2021\\\/10\\\/16\\\/nikolina-cutura-diplomirala-na-farmaceutskom-fakultetu-i-potpisala-za-najbolji-klub-u-svicarskoj\\\/#primaryimage\"},\"thumbnailUrl\":\"https:\\\/\\\/radioljubuski.ba\\\/wp-content\\\/uploads\\\/2021\\\/10\\\/2-2021-10-16-08-18-11-243806111_4755038124520769_2026302008939407916_n.jpg\",\"articleSection\":[\"\u0160port\"],\"inLanguage\":\"hr\"},{\"@type\":\"WebPage\",\"@id\":\"https:\\\/\\\/radioljubuski.ba\\\/index.php\\\/2021\\\/10\\\/16\\\/nikolina-cutura-diplomirala-na-farmaceutskom-fakultetu-i-potpisala-za-najbolji-klub-u-svicarskoj\\\/\",\"url\":\"https:\\\/\\\/radioljubuski.ba\\\/index.php\\\/2021\\\/10\\\/16\\\/nikolina-cutura-diplomirala-na-farmaceutskom-fakultetu-i-potpisala-za-najbolji-klub-u-svicarskoj\\\/\",\"name\":\"Nikolina \u010cutura diplomirala na Farmaceutskom fakultetu i potpisala za najbolji klub u \u0160vicarskoj - RADIO LJUBU\u0160KI\",\"isPartOf\":{\"@id\":\"https:\\\/\\\/radioljubuski.ba\\\/#website\"},\"primaryImageOfPage\":{\"@id\":\"https:\\\/\\\/radioljubuski.ba\\\/index.php\\\/2021\\\/10\\\/16\\\/nikolina-cutura-diplomirala-na-farmaceutskom-fakultetu-i-potpisala-za-najbolji-klub-u-svicarskoj\\\/#primaryimage\"},\"image\":{\"@id\":\"https:\\\/\\\/radioljubuski.ba\\\/index.php\\\/2021\\\/10\\\/16\\\/nikolina-cutura-diplomirala-na-farmaceutskom-fakultetu-i-potpisala-za-najbolji-klub-u-svicarskoj\\\/#primaryimage\"},\"thumbnailUrl\":\"https:\\\/\\\/radioljubuski.ba\\\/wp-content\\\/uploads\\\/2021\\\/10\\\/2-2021-10-16-08-18-11-243806111_4755038124520769_2026302008939407916_n.jpg\",\"datePublished\":\"2021-10-16T12:24:08+00:00\",\"dateModified\":\"2021-10-16T12:24:09+00:00\",\"breadcrumb\":{\"@id\":\"https:\\\/\\\/radioljubuski.ba\\\/index.php\\\/2021\\\/10\\\/16\\\/nikolina-cutura-diplomirala-na-farmaceutskom-fakultetu-i-potpisala-za-najbolji-klub-u-svicarskoj\\\/#breadcrumb\"},\"inLanguage\":\"hr\",\"potentialAction\":[{\"@type\":\"ReadAction\",\"target\":[\"https:\\\/\\\/radioljubuski.ba\\\/index.php\\\/2021\\\/10\\\/16\\\/nikolina-cutura-diplomirala-na-farmaceutskom-fakultetu-i-potpisala-za-najbolji-klub-u-svicarskoj\\\/\"]}]},{\"@type\":\"ImageObject\",\"inLanguage\":\"hr\",\"@id\":\"https:\\\/\\\/radioljubuski.ba\\\/index.php\\\/2021\\\/10\\\/16\\\/nikolina-cutura-diplomirala-na-farmaceutskom-fakultetu-i-potpisala-za-najbolji-klub-u-svicarskoj\\\/#primaryimage\",\"url\":\"https:\\\/\\\/radioljubuski.ba\\\/wp-content\\\/uploads\\\/2021\\\/10\\\/2-2021-10-16-08-18-11-243806111_4755038124520769_2026302008939407916_n.jpg\",\"contentUrl\":\"https:\\\/\\\/radioljubuski.ba\\\/wp-content\\\/uploads\\\/2021\\\/10\\\/2-2021-10-16-08-18-11-243806111_4755038124520769_2026302008939407916_n.jpg\",\"width\":1000,\"height\":625},{\"@type\":\"BreadcrumbList\",\"@id\":\"https:\\\/\\\/radioljubuski.ba\\\/index.php\\\/2021\\\/10\\\/16\\\/nikolina-cutura-diplomirala-na-farmaceutskom-fakultetu-i-potpisala-za-najbolji-klub-u-svicarskoj\\\/#breadcrumb\",\"itemListElement\":[{\"@type\":\"ListItem\",\"position\":1,\"name\":\"Po\u010detna stranica\",\"item\":\"https:\\\/\\\/radioljubuski.ba\\\/\"},{\"@type\":\"ListItem\",\"position\":2,\"name\":\"Nikolina \u010cutura diplomirala na Farmaceutskom fakultetu i potpisala za najbolji klub u \u0160vicarskoj\"}]},{\"@type\":\"WebSite\",\"@id\":\"https:\\\/\\\/radioljubuski.ba\\\/#website\",\"url\":\"https:\\\/\\\/radioljubuski.ba\\\/\",\"name\":\"Radio Ljubu\u0161ki\",\"description\":\"Sun\u010dana frekvencija Hercegovine\",\"publisher\":{\"@id\":\"https:\\\/\\\/radioljubuski.ba\\\/#organization\"},\"potentialAction\":[{\"@type\":\"SearchAction\",\"target\":{\"@type\":\"EntryPoint\",\"urlTemplate\":\"https:\\\/\\\/radioljubuski.ba\\\/?s={search_term_string}\"},\"query-input\":{\"@type\":\"PropertyValueSpecification\",\"valueRequired\":true,\"valueName\":\"search_term_string\"}}],\"inLanguage\":\"hr\"},{\"@type\":\"Organization\",\"@id\":\"https:\\\/\\\/radioljubuski.ba\\\/#organization\",\"name\":\"Radio Ljubu\u0161ki\",\"url\":\"https:\\\/\\\/radioljubuski.ba\\\/\",\"logo\":{\"@type\":\"ImageObject\",\"inLanguage\":\"hr\",\"@id\":\"https:\\\/\\\/radioljubuski.ba\\\/#\\\/schema\\\/logo\\\/image\\\/\",\"url\":\"https:\\\/\\\/radioljubuski.ba\\\/wp-content\\\/uploads\\\/2021\\\/02\\\/cropped-Radio_Ljubuski_logo1.jpg\",\"contentUrl\":\"https:\\\/\\\/radioljubuski.ba\\\/wp-content\\\/uploads\\\/2021\\\/02\\\/cropped-Radio_Ljubuski_logo1.jpg\",\"width\":512,\"height\":512,\"caption\":\"Radio Ljubu\u0161ki\"},\"image\":{\"@id\":\"https:\\\/\\\/radioljubuski.ba\\\/#\\\/schema\\\/logo\\\/image\\\/\"},\"sameAs\":[\"https:\\\/\\\/www.facebook.com\\\/Radiio-Ljubuski-1490835324566332\",\"https:\\\/\\\/x.com\\\/radioljubuski\",\"https:\\\/\\\/hr.linkedin.com\\\/company\\\/radio-ljubuski\",\"https:\\\/\\\/www.youtube.com\\\/channel\\\/UCHYaeO_n0Db3tjNGudGpXyw\"]},{\"@type\":\"Person\",\"@id\":\"https:\\\/\\\/radioljubuski.ba\\\/#\\\/schema\\\/person\\\/19fc700381a780f69665d7956c469e3b\",\"name\":\"Radio Ljubu\u0161ki\"}]}<\/script>\n<!-- \/ Yoast SEO plugin. -->","yoast_head_json":{"title":"Nikolina \u010cutura diplomirala na Farmaceutskom fakultetu i potpisala za najbolji klub u \u0160vicarskoj - RADIO LJUBU\u0160KI","robots":{"index":"index","follow":"follow","max-snippet":"max-snippet:-1","max-image-preview":"max-image-preview:large","max-video-preview":"max-video-preview:-1"},"canonical":"https:\/\/radioljubuski.ba\/index.php\/2021\/10\/16\/nikolina-cutura-diplomirala-na-farmaceutskom-fakultetu-i-potpisala-za-najbolji-klub-u-svicarskoj\/","og_locale":"hr_HR","og_type":"article","og_title":"Nikolina \u010cutura diplomirala na Farmaceutskom fakultetu i potpisala za najbolji klub u \u0160vicarskoj - RADIO LJUBU\u0160KI","og_description":"Mostarska rukometa\u0161ica, Nikolina \u010cutura ovog je ljeta napustila ekipu Gruda i karijeru nastavila u \u0161vicarskoj ekipi LC Br\u00fchl. Rije\u010d je o timu koji dolazi iz St G\u00fclena i ima \u010dak 31 titulu prvaka \u0160vicarske. Za Nikolinu \u0107e ovo biti svakako iskorak u karijeri nakon sjajnih nastupa u dresu Gruda s kojima je bila vi\u0161estruka prvakinja [&hellip;]","og_url":"https:\/\/radioljubuski.ba\/index.php\/2021\/10\/16\/nikolina-cutura-diplomirala-na-farmaceutskom-fakultetu-i-potpisala-za-najbolji-klub-u-svicarskoj\/","og_site_name":"RADIO LJUBU\u0160KI","article_publisher":"https:\/\/www.facebook.com\/Radiio-Ljubuski-1490835324566332","article_published_time":"2021-10-16T12:24:08+00:00","article_modified_time":"2021-10-16T12:24:09+00:00","og_image":[{"width":1000,"height":625,"url":"https:\/\/radioljubuski.ba\/wp-content\/uploads\/2021\/10\/2-2021-10-16-08-18-11-243806111_4755038124520769_2026302008939407916_n.jpg","type":"image\/jpeg"}],"author":"Radio Ljubu\u0161ki","twitter_card":"summary_large_image","twitter_creator":"@radioljubuski","twitter_site":"@radioljubuski","twitter_misc":{"Napisao\/la":"Radio Ljubu\u0161ki","Procijenjeno vrijeme \u010ditanja":"2 minute"},"schema":{"@context":"https:\/\/schema.org","@graph":[{"@type":"Article","@id":"https:\/\/radioljubuski.ba\/index.php\/2021\/10\/16\/nikolina-cutura-diplomirala-na-farmaceutskom-fakultetu-i-potpisala-za-najbolji-klub-u-svicarskoj\/#article","isPartOf":{"@id":"https:\/\/radioljubuski.ba\/index.php\/2021\/10\/16\/nikolina-cutura-diplomirala-na-farmaceutskom-fakultetu-i-potpisala-za-najbolji-klub-u-svicarskoj\/"},"author":{"name":"Radio Ljubu\u0161ki","@id":"https:\/\/radioljubuski.ba\/#\/schema\/person\/19fc700381a780f69665d7956c469e3b"},"headline":"Nikolina \u010cutura diplomirala na Farmaceutskom fakultetu i potpisala za najbolji klub u \u0160vicarskoj","datePublished":"2021-10-16T12:24:08+00:00","dateModified":"2021-10-16T12:24:09+00:00","mainEntityOfPage":{"@id":"https:\/\/radioljubuski.ba\/index.php\/2021\/10\/16\/nikolina-cutura-diplomirala-na-farmaceutskom-fakultetu-i-potpisala-za-najbolji-klub-u-svicarskoj\/"},"wordCount":499,"publisher":{"@id":"https:\/\/radioljubuski.ba\/#organization"},"image":{"@id":"https:\/\/radioljubuski.ba\/index.php\/2021\/10\/16\/nikolina-cutura-diplomirala-na-farmaceutskom-fakultetu-i-potpisala-za-najbolji-klub-u-svicarskoj\/#primaryimage"},"thumbnailUrl":"https:\/\/radioljubuski.ba\/wp-content\/uploads\/2021\/10\/2-2021-10-16-08-18-11-243806111_4755038124520769_2026302008939407916_n.jpg","articleSection":["\u0160port"],"inLanguage":"hr"},{"@type":"WebPage","@id":"https:\/\/radioljubuski.ba\/index.php\/2021\/10\/16\/nikolina-cutura-diplomirala-na-farmaceutskom-fakultetu-i-potpisala-za-najbolji-klub-u-svicarskoj\/","url":"https:\/\/radioljubuski.ba\/index.php\/2021\/10\/16\/nikolina-cutura-diplomirala-na-farmaceutskom-fakultetu-i-potpisala-za-najbolji-klub-u-svicarskoj\/","name":"Nikolina \u010cutura diplomirala na Farmaceutskom fakultetu i potpisala za najbolji klub u \u0160vicarskoj - RADIO LJUBU\u0160KI","isPartOf":{"@id":"https:\/\/radioljubuski.ba\/#website"},"primaryImageOfPage":{"@id":"https:\/\/radioljubuski.ba\/index.php\/2021\/10\/16\/nikolina-cutura-diplomirala-na-farmaceutskom-fakultetu-i-potpisala-za-najbolji-klub-u-svicarskoj\/#primaryimage"},"image":{"@id":"https:\/\/radioljubuski.ba\/index.php\/2021\/10\/16\/nikolina-cutura-diplomirala-na-farmaceutskom-fakultetu-i-potpisala-za-najbolji-klub-u-svicarskoj\/#primaryimage"},"thumbnailUrl":"https:\/\/radioljubuski.ba\/wp-content\/uploads\/2021\/10\/2-2021-10-16-08-18-11-243806111_4755038124520769_2026302008939407916_n.jpg","datePublished":"2021-10-16T12:24:08+00:00","dateModified":"2021-10-16T12:24:09+00:00","breadcrumb":{"@id":"https:\/\/radioljubuski.ba\/index.php\/2021\/10\/16\/nikolina-cutura-diplomirala-na-farmaceutskom-fakultetu-i-potpisala-za-najbolji-klub-u-svicarskoj\/#breadcrumb"},"inLanguage":"hr","potentialAction":[{"@type":"ReadAction","target":["https:\/\/radioljubuski.ba\/index.php\/2021\/10\/16\/nikolina-cutura-diplomirala-na-farmaceutskom-fakultetu-i-potpisala-za-najbolji-klub-u-svicarskoj\/"]}]},{"@type":"ImageObject","inLanguage":"hr","@id":"https:\/\/radioljubuski.ba\/index.php\/2021\/10\/16\/nikolina-cutura-diplomirala-na-farmaceutskom-fakultetu-i-potpisala-za-najbolji-klub-u-svicarskoj\/#primaryimage","url":"https:\/\/radioljubuski.ba\/wp-content\/uploads\/2021\/10\/2-2021-10-16-08-18-11-243806111_4755038124520769_2026302008939407916_n.jpg","contentUrl":"https:\/\/radioljubuski.ba\/wp-content\/uploads\/2021\/10\/2-2021-10-16-08-18-11-243806111_4755038124520769_2026302008939407916_n.jpg","width":1000,"height":625},{"@type":"BreadcrumbList","@id":"https:\/\/radioljubuski.ba\/index.php\/2021\/10\/16\/nikolina-cutura-diplomirala-na-farmaceutskom-fakultetu-i-potpisala-za-najbolji-klub-u-svicarskoj\/#breadcrumb","itemListElement":[{"@type":"ListItem","position":1,"name":"Po\u010detna stranica","item":"https:\/\/radioljubuski.ba\/"},{"@type":"ListItem","position":2,"name":"Nikolina \u010cutura diplomirala na Farmaceutskom fakultetu i potpisala za najbolji klub u \u0160vicarskoj"}]},{"@type":"WebSite","@id":"https:\/\/radioljubuski.ba\/#website","url":"https:\/\/radioljubuski.ba\/","name":"Radio Ljubu\u0161ki","description":"Sun\u010dana frekvencija Hercegovine","publisher":{"@id":"https:\/\/radioljubuski.ba\/#organization"},"potentialAction":[{"@type":"SearchAction","target":{"@type":"EntryPoint","urlTemplate":"https:\/\/radioljubuski.ba\/?s={search_term_string}"},"query-input":{"@type":"PropertyValueSpecification","valueRequired":true,"valueName":"search_term_string"}}],"inLanguage":"hr"},{"@type":"Organization","@id":"https:\/\/radioljubuski.ba\/#organization","name":"Radio Ljubu\u0161ki","url":"https:\/\/radioljubuski.ba\/","logo":{"@type":"ImageObject","inLanguage":"hr","@id":"https:\/\/radioljubuski.ba\/#\/schema\/logo\/image\/","url":"https:\/\/radioljubuski.ba\/wp-content\/uploads\/2021\/02\/cropped-Radio_Ljubuski_logo1.jpg","contentUrl":"https:\/\/radioljubuski.ba\/wp-content\/uploads\/2021\/02\/cropped-Radio_Ljubuski_logo1.jpg","width":512,"height":512,"caption":"Radio Ljubu\u0161ki"},"image":{"@id":"https:\/\/radioljubuski.ba\/#\/schema\/logo\/image\/"},"sameAs":["https:\/\/www.facebook.com\/Radiio-Ljubuski-1490835324566332","https:\/\/x.com\/radioljubuski","https:\/\/hr.linkedin.com\/company\/radio-ljubuski","https:\/\/www.youtube.com\/channel\/UCHYaeO_n0Db3tjNGudGpXyw"]},{"@type":"Person","@id":"https:\/\/radioljubuski.ba\/#\/schema\/person\/19fc700381a780f69665d7956c469e3b","name":"Radio Ljubu\u0161ki"}]}},"_links":{"self":[{"href":"https:\/\/radioljubuski.ba\/index.php\/wp-json\/wp\/v2\/posts\/76424","targetHints":{"allow":["GET"]}}],"collection":[{"href":"https:\/\/radioljubuski.ba\/index.php\/wp-json\/wp\/v2\/posts"}],"about":[{"href":"https:\/\/radioljubuski.ba\/index.php\/wp-json\/wp\/v2\/types\/post"}],"author":[{"embeddable":true,"href":"https:\/\/radioljubuski.ba\/index.php\/wp-json\/wp\/v2\/users\/2"}],"replies":[{"embeddable":true,"href":"https:\/\/radioljubuski.ba\/index.php\/wp-json\/wp\/v2\/comments?post=76424"}],"version-history":[{"count":1,"href":"https:\/\/radioljubuski.ba\/index.php\/wp-json\/wp\/v2\/posts\/76424\/revisions"}],"predecessor-version":[{"id":76426,"href":"https:\/\/radioljubuski.ba\/index.php\/wp-json\/wp\/v2\/posts\/76424\/revisions\/76426"}],"wp:featuredmedia":[{"embeddable":true,"href":"https:\/\/radioljubuski.ba\/index.php\/wp-json\/wp\/v2\/media\/76425"}],"wp:attachment":[{"href":"https:\/\/radioljubuski.ba\/index.php\/wp-json\/wp\/v2\/media?parent=76424"}],"wp:term":[{"taxonomy":"category","embeddable":true,"href":"https:\/\/radioljubuski.ba\/index.php\/wp-json\/wp\/v2\/categories?post=76424"},{"taxonomy":"post_tag","embeddable":true,"href":"https:\/\/radioljubuski.ba\/index.php\/wp-json\/wp\/v2\/tags?post=76424"}],"curies":[{"name":"wp","href":"https:\/\/api.w.org\/{rel}","templated":true}]}}