{"id":76430,"date":"2021-10-16T13:26:31","date_gmt":"2021-10-16T12:26:31","guid":{"rendered":"https:\/\/radioljubuski.ba\/?p=76430"},"modified":"2021-10-16T13:26:32","modified_gmt":"2021-10-16T12:26:32","slug":"povecava-se-prag-za-ulazak-u-pdv-sustav","status":"publish","type":"post","link":"https:\/\/radioljubuski.ba\/index.php\/2021\/10\/16\/povecava-se-prag-za-ulazak-u-pdv-sustav\/","title":{"rendered":"Pove\u0107ava se prag za ulazak u PDV sustav"},"content":{"rendered":"\n<p>Nakon dugogodi\u0161nje pri\u010de, novi zakon o porezu na dodanu vrijednost u formi nacrta upu\u0107en je na javnu raspravu, koje \u0107e trajati do polovice prosinca, a jedna od najzna\u010dajnijih novina je da prag za ulazak u sustav PDV-a ne\u0107e biti 50.000, ve\u0107 75.000 KM, a za poljoprivrednike 100.000 KM.<\/p>\n\n\n\n<p>Ipak, jedan od osnovnih zahtjeva poslovne zajednice u BiH da se PDV pla\u0107a po realizaciji naplate nije usvojen. Tako\u0111er, zahtjev da se rok za pla\u0107anje PDV-a pomjeri na kraj mjeseca nije dobio podr\u0161ku Upravnog odbora Uprave za neizravno oporezivanje (UO UNO) BiH tako da \u0107e, ukoliko sve ostane kao u nacrtu, PDV biti pla\u0107an kao i do sada, odnosno do 10. u mjesecu.<\/p>\n\n\n\n<p>U UNO BiH ka\u017eu da je jedna od zna\u010dajnijih novina ta da su osloba\u0111anja od PDV-a u potpunosti usugla\u0161ena sa onima u Europskoj uniji, a preciznije su odre\u0111ena osloba\u0111anja koja se ti\u010du uvoza robe u BiH.<\/p>\n\n\n\n<p>&#8220;Olak\u0161an je postupak za osloba\u0111anje po osnovu me\u0111unarodnih ugovora te diplomatskim i konzularnim predstavni\u0161tvima i me\u0111unarodnim organizacijama&#8221;, rekli su za Nezavisne iz UNO BIH.<\/p>\n\n\n\n<p>Tako\u0111er, naglasili su da je jedna od zna\u010dajnijih izmjena i oporezivanje nekretnina, a posebno sa stanovi\u0161ta upotrebljivanih i nedovr\u0161enih nekretnina, tako da \u0107e i dalje od pla\u0107anja PDV-a biti oslobo\u0111en promet objekata ili njihovih dijelova i zemlje na kojoj se objekti nalaze, ali samo ako je promet izvr\u0161en poslije prve upotrebe objekata ili njihovih dijelova.<\/p>\n\n\n\n<p>&#8220;Za objekte ili njihove dijelove koji nisu upotrebljavani, oporezivanje \u0107e se vr\u0161iti za promet izvr\u0161en u roku od \u010detiri godine od zavr\u0161etka izgradnje objekta ili njihovih dijelova do dana prve upotrebe&#8221;, rekli su u UNO BiH.<\/p>\n\n\n\n<p>Izvor:pogled.ba<\/p>\n","protected":false},"excerpt":{"rendered":"<p>Nakon dugogodi\u0161nje pri\u010de, novi zakon o porezu na dodanu vrijednost u formi nacrta upu\u0107en je na javnu raspravu, koje \u0107e trajati do polovice prosinca, a jedna od najzna\u010dajnijih novina je da prag za ulazak u sustav PDV-a ne\u0107e biti 50.000, ve\u0107 75.000 KM, a za poljoprivrednike 100.000 KM. Ipak, jedan od osnovnih zahtjeva poslovne zajednice [&hellip;]<\/p>\n","protected":false},"author":2,"featured_media":76431,"comment_status":"closed","ping_status":"closed","sticky":false,"template":"","format":"standard","meta":{"h5ap_radio_sources":[],"footnotes":""},"categories":[1],"tags":[],"class_list":["post-76430","post","type-post","status-publish","format-standard","has-post-thumbnail","hentry","category-bihiregija"],"yoast_head":"<!-- This site is optimized with the Yoast SEO plugin v27.4 - https:\/\/yoast.com\/product\/yoast-seo-wordpress\/ -->\n<title>Pove\u0107ava se prag za ulazak u PDV sustav - RADIO LJUBU\u0160KI<\/title>\n<meta name=\"robots\" content=\"index, follow, max-snippet:-1, max-image-preview:large, max-video-preview:-1\" \/>\n<link rel=\"canonical\" href=\"https:\/\/radioljubuski.ba\/index.php\/2021\/10\/16\/povecava-se-prag-za-ulazak-u-pdv-sustav\/\" \/>\n<meta property=\"og:locale\" content=\"hr_HR\" \/>\n<meta property=\"og:type\" content=\"article\" \/>\n<meta property=\"og:title\" content=\"Pove\u0107ava se prag za ulazak u PDV sustav - RADIO LJUBU\u0160KI\" \/>\n<meta property=\"og:description\" content=\"Nakon dugogodi\u0161nje pri\u010de, novi zakon o porezu na dodanu vrijednost u formi nacrta upu\u0107en je na javnu raspravu, koje \u0107e trajati do polovice prosinca, a jedna od najzna\u010dajnijih novina je da prag za ulazak u sustav PDV-a ne\u0107e biti 50.000, ve\u0107 75.000 KM, a za poljoprivrednike 100.000 KM. Ipak, jedan od osnovnih zahtjeva poslovne zajednice [&hellip;]\" \/>\n<meta property=\"og:url\" content=\"https:\/\/radioljubuski.ba\/index.php\/2021\/10\/16\/povecava-se-prag-za-ulazak-u-pdv-sustav\/\" \/>\n<meta property=\"og:site_name\" content=\"RADIO LJUBU\u0160KI\" \/>\n<meta property=\"article:publisher\" content=\"https:\/\/www.facebook.com\/Radiio-Ljubuski-1490835324566332\" \/>\n<meta property=\"article:published_time\" content=\"2021-10-16T12:26:31+00:00\" \/>\n<meta property=\"article:modified_time\" content=\"2021-10-16T12:26:32+00:00\" \/>\n<meta property=\"og:image\" content=\"https:\/\/radioljubuski.ba\/wp-content\/uploads\/2021\/10\/UgQGM0Nt_pdv.jpg\" \/>\n\t<meta property=\"og:image:width\" content=\"1000\" \/>\n\t<meta property=\"og:image:height\" content=\"625\" \/>\n\t<meta property=\"og:image:type\" content=\"image\/jpeg\" \/>\n<meta name=\"author\" content=\"Radio Ljubu\u0161ki\" \/>\n<meta name=\"twitter:card\" content=\"summary_large_image\" \/>\n<meta name=\"twitter:creator\" content=\"@radioljubuski\" \/>\n<meta name=\"twitter:site\" content=\"@radioljubuski\" \/>\n<meta name=\"twitter:label1\" content=\"Napisao\/la\" \/>\n\t<meta name=\"twitter:data1\" content=\"Radio Ljubu\u0161ki\" \/>\n\t<meta name=\"twitter:label2\" content=\"Procijenjeno vrijeme \u010ditanja\" \/>\n\t<meta name=\"twitter:data2\" content=\"2 minute\" \/>\n<script type=\"application\/ld+json\" class=\"yoast-schema-graph\">{\"@context\":\"https:\\\/\\\/schema.org\",\"@graph\":[{\"@type\":\"Article\",\"@id\":\"https:\\\/\\\/radioljubuski.ba\\\/index.php\\\/2021\\\/10\\\/16\\\/povecava-se-prag-za-ulazak-u-pdv-sustav\\\/#article\",\"isPartOf\":{\"@id\":\"https:\\\/\\\/radioljubuski.ba\\\/index.php\\\/2021\\\/10\\\/16\\\/povecava-se-prag-za-ulazak-u-pdv-sustav\\\/\"},\"author\":{\"name\":\"Radio Ljubu\u0161ki\",\"@id\":\"https:\\\/\\\/radioljubuski.ba\\\/#\\\/schema\\\/person\\\/19fc700381a780f69665d7956c469e3b\"},\"headline\":\"Pove\u0107ava se prag za ulazak u PDV sustav\",\"datePublished\":\"2021-10-16T12:26:31+00:00\",\"dateModified\":\"2021-10-16T12:26:32+00:00\",\"mainEntityOfPage\":{\"@id\":\"https:\\\/\\\/radioljubuski.ba\\\/index.php\\\/2021\\\/10\\\/16\\\/povecava-se-prag-za-ulazak-u-pdv-sustav\\\/\"},\"wordCount\":302,\"publisher\":{\"@id\":\"https:\\\/\\\/radioljubuski.ba\\\/#organization\"},\"image\":{\"@id\":\"https:\\\/\\\/radioljubuski.ba\\\/index.php\\\/2021\\\/10\\\/16\\\/povecava-se-prag-za-ulazak-u-pdv-sustav\\\/#primaryimage\"},\"thumbnailUrl\":\"https:\\\/\\\/radioljubuski.ba\\\/wp-content\\\/uploads\\\/2021\\\/10\\\/UgQGM0Nt_pdv.jpg\",\"articleSection\":[\"BIH i regija\"],\"inLanguage\":\"hr\"},{\"@type\":\"WebPage\",\"@id\":\"https:\\\/\\\/radioljubuski.ba\\\/index.php\\\/2021\\\/10\\\/16\\\/povecava-se-prag-za-ulazak-u-pdv-sustav\\\/\",\"url\":\"https:\\\/\\\/radioljubuski.ba\\\/index.php\\\/2021\\\/10\\\/16\\\/povecava-se-prag-za-ulazak-u-pdv-sustav\\\/\",\"name\":\"Pove\u0107ava se prag za ulazak u PDV sustav - RADIO LJUBU\u0160KI\",\"isPartOf\":{\"@id\":\"https:\\\/\\\/radioljubuski.ba\\\/#website\"},\"primaryImageOfPage\":{\"@id\":\"https:\\\/\\\/radioljubuski.ba\\\/index.php\\\/2021\\\/10\\\/16\\\/povecava-se-prag-za-ulazak-u-pdv-sustav\\\/#primaryimage\"},\"image\":{\"@id\":\"https:\\\/\\\/radioljubuski.ba\\\/index.php\\\/2021\\\/10\\\/16\\\/povecava-se-prag-za-ulazak-u-pdv-sustav\\\/#primaryimage\"},\"thumbnailUrl\":\"https:\\\/\\\/radioljubuski.ba\\\/wp-content\\\/uploads\\\/2021\\\/10\\\/UgQGM0Nt_pdv.jpg\",\"datePublished\":\"2021-10-16T12:26:31+00:00\",\"dateModified\":\"2021-10-16T12:26:32+00:00\",\"breadcrumb\":{\"@id\":\"https:\\\/\\\/radioljubuski.ba\\\/index.php\\\/2021\\\/10\\\/16\\\/povecava-se-prag-za-ulazak-u-pdv-sustav\\\/#breadcrumb\"},\"inLanguage\":\"hr\",\"potentialAction\":[{\"@type\":\"ReadAction\",\"target\":[\"https:\\\/\\\/radioljubuski.ba\\\/index.php\\\/2021\\\/10\\\/16\\\/povecava-se-prag-za-ulazak-u-pdv-sustav\\\/\"]}]},{\"@type\":\"ImageObject\",\"inLanguage\":\"hr\",\"@id\":\"https:\\\/\\\/radioljubuski.ba\\\/index.php\\\/2021\\\/10\\\/16\\\/povecava-se-prag-za-ulazak-u-pdv-sustav\\\/#primaryimage\",\"url\":\"https:\\\/\\\/radioljubuski.ba\\\/wp-content\\\/uploads\\\/2021\\\/10\\\/UgQGM0Nt_pdv.jpg\",\"contentUrl\":\"https:\\\/\\\/radioljubuski.ba\\\/wp-content\\\/uploads\\\/2021\\\/10\\\/UgQGM0Nt_pdv.jpg\",\"width\":1000,\"height\":625},{\"@type\":\"BreadcrumbList\",\"@id\":\"https:\\\/\\\/radioljubuski.ba\\\/index.php\\\/2021\\\/10\\\/16\\\/povecava-se-prag-za-ulazak-u-pdv-sustav\\\/#breadcrumb\",\"itemListElement\":[{\"@type\":\"ListItem\",\"position\":1,\"name\":\"Po\u010detna stranica\",\"item\":\"https:\\\/\\\/radioljubuski.ba\\\/\"},{\"@type\":\"ListItem\",\"position\":2,\"name\":\"Pove\u0107ava se prag za ulazak u PDV sustav\"}]},{\"@type\":\"WebSite\",\"@id\":\"https:\\\/\\\/radioljubuski.ba\\\/#website\",\"url\":\"https:\\\/\\\/radioljubuski.ba\\\/\",\"name\":\"Radio Ljubu\u0161ki\",\"description\":\"Sun\u010dana frekvencija Hercegovine\",\"publisher\":{\"@id\":\"https:\\\/\\\/radioljubuski.ba\\\/#organization\"},\"potentialAction\":[{\"@type\":\"SearchAction\",\"target\":{\"@type\":\"EntryPoint\",\"urlTemplate\":\"https:\\\/\\\/radioljubuski.ba\\\/?s={search_term_string}\"},\"query-input\":{\"@type\":\"PropertyValueSpecification\",\"valueRequired\":true,\"valueName\":\"search_term_string\"}}],\"inLanguage\":\"hr\"},{\"@type\":\"Organization\",\"@id\":\"https:\\\/\\\/radioljubuski.ba\\\/#organization\",\"name\":\"Radio Ljubu\u0161ki\",\"url\":\"https:\\\/\\\/radioljubuski.ba\\\/\",\"logo\":{\"@type\":\"ImageObject\",\"inLanguage\":\"hr\",\"@id\":\"https:\\\/\\\/radioljubuski.ba\\\/#\\\/schema\\\/logo\\\/image\\\/\",\"url\":\"https:\\\/\\\/radioljubuski.ba\\\/wp-content\\\/uploads\\\/2021\\\/02\\\/cropped-Radio_Ljubuski_logo1.jpg\",\"contentUrl\":\"https:\\\/\\\/radioljubuski.ba\\\/wp-content\\\/uploads\\\/2021\\\/02\\\/cropped-Radio_Ljubuski_logo1.jpg\",\"width\":512,\"height\":512,\"caption\":\"Radio Ljubu\u0161ki\"},\"image\":{\"@id\":\"https:\\\/\\\/radioljubuski.ba\\\/#\\\/schema\\\/logo\\\/image\\\/\"},\"sameAs\":[\"https:\\\/\\\/www.facebook.com\\\/Radiio-Ljubuski-1490835324566332\",\"https:\\\/\\\/x.com\\\/radioljubuski\",\"https:\\\/\\\/hr.linkedin.com\\\/company\\\/radio-ljubuski\",\"https:\\\/\\\/www.youtube.com\\\/channel\\\/UCHYaeO_n0Db3tjNGudGpXyw\"]},{\"@type\":\"Person\",\"@id\":\"https:\\\/\\\/radioljubuski.ba\\\/#\\\/schema\\\/person\\\/19fc700381a780f69665d7956c469e3b\",\"name\":\"Radio Ljubu\u0161ki\"}]}<\/script>\n<!-- \/ Yoast SEO plugin. -->","yoast_head_json":{"title":"Pove\u0107ava se prag za ulazak u PDV sustav - RADIO LJUBU\u0160KI","robots":{"index":"index","follow":"follow","max-snippet":"max-snippet:-1","max-image-preview":"max-image-preview:large","max-video-preview":"max-video-preview:-1"},"canonical":"https:\/\/radioljubuski.ba\/index.php\/2021\/10\/16\/povecava-se-prag-za-ulazak-u-pdv-sustav\/","og_locale":"hr_HR","og_type":"article","og_title":"Pove\u0107ava se prag za ulazak u PDV sustav - RADIO LJUBU\u0160KI","og_description":"Nakon dugogodi\u0161nje pri\u010de, novi zakon o porezu na dodanu vrijednost u formi nacrta upu\u0107en je na javnu raspravu, koje \u0107e trajati do polovice prosinca, a jedna od najzna\u010dajnijih novina je da prag za ulazak u sustav PDV-a ne\u0107e biti 50.000, ve\u0107 75.000 KM, a za poljoprivrednike 100.000 KM. Ipak, jedan od osnovnih zahtjeva poslovne zajednice [&hellip;]","og_url":"https:\/\/radioljubuski.ba\/index.php\/2021\/10\/16\/povecava-se-prag-za-ulazak-u-pdv-sustav\/","og_site_name":"RADIO LJUBU\u0160KI","article_publisher":"https:\/\/www.facebook.com\/Radiio-Ljubuski-1490835324566332","article_published_time":"2021-10-16T12:26:31+00:00","article_modified_time":"2021-10-16T12:26:32+00:00","og_image":[{"width":1000,"height":625,"url":"https:\/\/radioljubuski.ba\/wp-content\/uploads\/2021\/10\/UgQGM0Nt_pdv.jpg","type":"image\/jpeg"}],"author":"Radio Ljubu\u0161ki","twitter_card":"summary_large_image","twitter_creator":"@radioljubuski","twitter_site":"@radioljubuski","twitter_misc":{"Napisao\/la":"Radio Ljubu\u0161ki","Procijenjeno vrijeme \u010ditanja":"2 minute"},"schema":{"@context":"https:\/\/schema.org","@graph":[{"@type":"Article","@id":"https:\/\/radioljubuski.ba\/index.php\/2021\/10\/16\/povecava-se-prag-za-ulazak-u-pdv-sustav\/#article","isPartOf":{"@id":"https:\/\/radioljubuski.ba\/index.php\/2021\/10\/16\/povecava-se-prag-za-ulazak-u-pdv-sustav\/"},"author":{"name":"Radio Ljubu\u0161ki","@id":"https:\/\/radioljubuski.ba\/#\/schema\/person\/19fc700381a780f69665d7956c469e3b"},"headline":"Pove\u0107ava se prag za ulazak u PDV sustav","datePublished":"2021-10-16T12:26:31+00:00","dateModified":"2021-10-16T12:26:32+00:00","mainEntityOfPage":{"@id":"https:\/\/radioljubuski.ba\/index.php\/2021\/10\/16\/povecava-se-prag-za-ulazak-u-pdv-sustav\/"},"wordCount":302,"publisher":{"@id":"https:\/\/radioljubuski.ba\/#organization"},"image":{"@id":"https:\/\/radioljubuski.ba\/index.php\/2021\/10\/16\/povecava-se-prag-za-ulazak-u-pdv-sustav\/#primaryimage"},"thumbnailUrl":"https:\/\/radioljubuski.ba\/wp-content\/uploads\/2021\/10\/UgQGM0Nt_pdv.jpg","articleSection":["BIH i regija"],"inLanguage":"hr"},{"@type":"WebPage","@id":"https:\/\/radioljubuski.ba\/index.php\/2021\/10\/16\/povecava-se-prag-za-ulazak-u-pdv-sustav\/","url":"https:\/\/radioljubuski.ba\/index.php\/2021\/10\/16\/povecava-se-prag-za-ulazak-u-pdv-sustav\/","name":"Pove\u0107ava se prag za ulazak u PDV sustav - RADIO LJUBU\u0160KI","isPartOf":{"@id":"https:\/\/radioljubuski.ba\/#website"},"primaryImageOfPage":{"@id":"https:\/\/radioljubuski.ba\/index.php\/2021\/10\/16\/povecava-se-prag-za-ulazak-u-pdv-sustav\/#primaryimage"},"image":{"@id":"https:\/\/radioljubuski.ba\/index.php\/2021\/10\/16\/povecava-se-prag-za-ulazak-u-pdv-sustav\/#primaryimage"},"thumbnailUrl":"https:\/\/radioljubuski.ba\/wp-content\/uploads\/2021\/10\/UgQGM0Nt_pdv.jpg","datePublished":"2021-10-16T12:26:31+00:00","dateModified":"2021-10-16T12:26:32+00:00","breadcrumb":{"@id":"https:\/\/radioljubuski.ba\/index.php\/2021\/10\/16\/povecava-se-prag-za-ulazak-u-pdv-sustav\/#breadcrumb"},"inLanguage":"hr","potentialAction":[{"@type":"ReadAction","target":["https:\/\/radioljubuski.ba\/index.php\/2021\/10\/16\/povecava-se-prag-za-ulazak-u-pdv-sustav\/"]}]},{"@type":"ImageObject","inLanguage":"hr","@id":"https:\/\/radioljubuski.ba\/index.php\/2021\/10\/16\/povecava-se-prag-za-ulazak-u-pdv-sustav\/#primaryimage","url":"https:\/\/radioljubuski.ba\/wp-content\/uploads\/2021\/10\/UgQGM0Nt_pdv.jpg","contentUrl":"https:\/\/radioljubuski.ba\/wp-content\/uploads\/2021\/10\/UgQGM0Nt_pdv.jpg","width":1000,"height":625},{"@type":"BreadcrumbList","@id":"https:\/\/radioljubuski.ba\/index.php\/2021\/10\/16\/povecava-se-prag-za-ulazak-u-pdv-sustav\/#breadcrumb","itemListElement":[{"@type":"ListItem","position":1,"name":"Po\u010detna stranica","item":"https:\/\/radioljubuski.ba\/"},{"@type":"ListItem","position":2,"name":"Pove\u0107ava se prag za ulazak u PDV sustav"}]},{"@type":"WebSite","@id":"https:\/\/radioljubuski.ba\/#website","url":"https:\/\/radioljubuski.ba\/","name":"Radio Ljubu\u0161ki","description":"Sun\u010dana frekvencija Hercegovine","publisher":{"@id":"https:\/\/radioljubuski.ba\/#organization"},"potentialAction":[{"@type":"SearchAction","target":{"@type":"EntryPoint","urlTemplate":"https:\/\/radioljubuski.ba\/?s={search_term_string}"},"query-input":{"@type":"PropertyValueSpecification","valueRequired":true,"valueName":"search_term_string"}}],"inLanguage":"hr"},{"@type":"Organization","@id":"https:\/\/radioljubuski.ba\/#organization","name":"Radio Ljubu\u0161ki","url":"https:\/\/radioljubuski.ba\/","logo":{"@type":"ImageObject","inLanguage":"hr","@id":"https:\/\/radioljubuski.ba\/#\/schema\/logo\/image\/","url":"https:\/\/radioljubuski.ba\/wp-content\/uploads\/2021\/02\/cropped-Radio_Ljubuski_logo1.jpg","contentUrl":"https:\/\/radioljubuski.ba\/wp-content\/uploads\/2021\/02\/cropped-Radio_Ljubuski_logo1.jpg","width":512,"height":512,"caption":"Radio Ljubu\u0161ki"},"image":{"@id":"https:\/\/radioljubuski.ba\/#\/schema\/logo\/image\/"},"sameAs":["https:\/\/www.facebook.com\/Radiio-Ljubuski-1490835324566332","https:\/\/x.com\/radioljubuski","https:\/\/hr.linkedin.com\/company\/radio-ljubuski","https:\/\/www.youtube.com\/channel\/UCHYaeO_n0Db3tjNGudGpXyw"]},{"@type":"Person","@id":"https:\/\/radioljubuski.ba\/#\/schema\/person\/19fc700381a780f69665d7956c469e3b","name":"Radio Ljubu\u0161ki"}]}},"_links":{"self":[{"href":"https:\/\/radioljubuski.ba\/index.php\/wp-json\/wp\/v2\/posts\/76430","targetHints":{"allow":["GET"]}}],"collection":[{"href":"https:\/\/radioljubuski.ba\/index.php\/wp-json\/wp\/v2\/posts"}],"about":[{"href":"https:\/\/radioljubuski.ba\/index.php\/wp-json\/wp\/v2\/types\/post"}],"author":[{"embeddable":true,"href":"https:\/\/radioljubuski.ba\/index.php\/wp-json\/wp\/v2\/users\/2"}],"replies":[{"embeddable":true,"href":"https:\/\/radioljubuski.ba\/index.php\/wp-json\/wp\/v2\/comments?post=76430"}],"version-history":[{"count":1,"href":"https:\/\/radioljubuski.ba\/index.php\/wp-json\/wp\/v2\/posts\/76430\/revisions"}],"predecessor-version":[{"id":76432,"href":"https:\/\/radioljubuski.ba\/index.php\/wp-json\/wp\/v2\/posts\/76430\/revisions\/76432"}],"wp:featuredmedia":[{"embeddable":true,"href":"https:\/\/radioljubuski.ba\/index.php\/wp-json\/wp\/v2\/media\/76431"}],"wp:attachment":[{"href":"https:\/\/radioljubuski.ba\/index.php\/wp-json\/wp\/v2\/media?parent=76430"}],"wp:term":[{"taxonomy":"category","embeddable":true,"href":"https:\/\/radioljubuski.ba\/index.php\/wp-json\/wp\/v2\/categories?post=76430"},{"taxonomy":"post_tag","embeddable":true,"href":"https:\/\/radioljubuski.ba\/index.php\/wp-json\/wp\/v2\/tags?post=76430"}],"curies":[{"name":"wp","href":"https:\/\/api.w.org\/{rel}","templated":true}]}}