{"id":76439,"date":"2021-10-16T13:31:30","date_gmt":"2021-10-16T12:31:30","guid":{"rendered":"https:\/\/radioljubuski.ba\/?p=76439"},"modified":"2021-10-16T13:31:31","modified_gmt":"2021-10-16T12:31:31","slug":"uzeli-su-od-vozaca-milijarde-maraka-ne-cine-nista-da-bi-smanjili-cijenu-goriva-u-bih","status":"publish","type":"post","link":"https:\/\/radioljubuski.ba\/index.php\/2021\/10\/16\/uzeli-su-od-vozaca-milijarde-maraka-ne-cine-nista-da-bi-smanjili-cijenu-goriva-u-bih\/","title":{"rendered":"Uzeli su od voza\u010da milijarde maraka, ne \u010dine ni\u0161ta da bi smanjili cijenu goriva u BIH"},"content":{"rendered":"\n<p>Skoro svakodnevno divljanje cijena goriva u BiH postalo je nepodno\u0161ljivo, te ogromnu \u0161tetu trpe i gra\u0111ani i bh. gospodarstvo, a na potezu je dr\u017eava, koja mora smanjiti svoje namete.<\/p>\n\n\n\n<p>Stav je to brojnih sugovornika &#8220;Nezavisnih novina&#8221;, koji isti\u010du da su male \u0161anse da \u0107e se prometnici naftnim derivatima odre\u0107i dijela svoje zarade, te smanjiti mar\u017ee, tako da je ostalo jedino da se vlast kona\u010dno uhvati u ko\u0161tac s ovim problemom.<\/p>\n\n\n\n<p>Zanimljivo, unato\u010d brojnim negodovanjima gra\u0111ana i prevoznika, od Upravnog odbora UNO BIH jo\u0161 uop\u0107e nitko nije ni zatra\u017eio da dr\u017eava smanji vlastite apetite.<\/p>\n\n\n\n<p>&#8220;UO UNO nije primio niti jednu inicijativu za smanjenje akciza na naftu i naftne derivate&#8221;, rekli su za &#8220;Nezavisne&#8221; iz Kabineta predsjedavaju\u0107eg UO UNO BiH.<\/p>\n\n\n\n<p>Me\u0111utim, kako je potvr\u0111eno, inicijativa da se nameti sre\u017eu ve\u0107 za nekoliko dana \u0107e oti\u0107i ka nadle\u017enim institucijama, od kojih se o\u010dekuje brza reakcija.<\/p>\n\n\n\n<p>&#8220;Hitna sjednica Odbora za me\u0111unarodni putni\u010dki promet pri Vanjskotrgovinskoj komori BiH biti \u0107e odr\u017eana u srijedu u Sarajevu. Jedna od to\u010daka dnevnog reda odnosi se na skupo gorivo. Na\u0161 prijedlog biti \u0107e da se dr\u017eava odrekne pristojbi koje je nametnula. To je jedini na\u010din da se ubla\u017ei ovaj udar&#8221;, isti\u010de za &#8220;Nezavisne novine&#8221; Dejan Miji\u0107, predsjednik Udru\u017eenja za me\u0111unarodni prevoz putnika BiH.<\/p>\n\n\n\n<p>Da dr\u017eava ima mehanizme da se odupre poskupljenjima goriva smatra i Mom\u010dilo Komljenovi\u0107, direktor Sektora za makroekonomski sustav u Vanjskotrgovinskoj komori BiH. On isti\u010de kako je to i uloga dr\u017eave &#8211; da pomogne u ovakvim situacijama.<\/p>\n\n\n\n<p>&#8220;Dr\u017eava treba reagirati preko robnih rezervi, ali toga nema. Dakle, u toj situaciji distributeri bi trebali imati razumijevanja i raditi sa manjim profitom. A, jedna od mjera bi trebalo da bude smanjenje akciza ili pristojbi&#8221;, rekao je Komljenovi\u0107 za &#8220;Nezavisne novine&#8221;.<\/p>\n\n\n\n<p>Potrebno je, prvo, poraditi na kontroli, isti\u010de Marin Bago, predsjednik Udru\u017eenja potro\u0161a\u010da &#8220;Futura&#8221; iz Mostara, te dodaje da nikad nismo vidjeli primjere da se prometniku ka\u017ee: &#8220;Vrati cijene, gorivo si kupio kada je nabavna cijena bila niska&#8221;.<\/p>\n\n\n\n<p>&#8220;S druge strane, kad uspemo 50 maraka u rezervoar, 24 marke damo dr\u017eavi. Tu smo prevareni, jer nismo dobili ono \u0161to smo platili &#8211; mogli smo bez kredita izgraditi tri auto-puta i da se po njima vozimo besplatno&#8221;, rekao je Bago za &#8220;Nezavisne novine&#8221;, koji tako\u0111er dodaje kako bi jedna od mjera trebala biti i smanjenje nameta.<\/p>\n\n\n\n<p>I zaista, apetiti dr\u017eave nisu mali&#8230; Po svakoj litri goriva koje se proda u BiH trenutno se, ovisno od naftnog derivata, pla\u0107a akciza od 0,30 do 0,45 KM. Tu su i dvije putarine: prva za odr\u017eavanje puteva, na koju izdvajamo 0,15 KM, a druga za izgradnju auto-puteva i rekonstrukciju drugih puteva &#8211; 0,25 KM po litri.<\/p>\n\n\n\n<p>I to nije sve&#8230; U osnovicu za obra\u010dun PDV-a ulaze i tro\u0161kovi proizvodnje i ostali zavisni tro\u0161kovi, kao \u0161to su transport i skladi\u0161tenje. Sve skupa predstavlja osnovicu za obra\u010dun PDV-a, koji u BiH iznosi 17 posto, \u0161to tako\u0111er ide na teret potro\u0161a\u010da.<\/p>\n\n\n\n<p>U praksi to zna\u010di da, ako je cijena po litri dizela u BiH ovih dana u prosjeku 2,40 KM, od tog iznosa dr\u017eavi ide 1,05 KM (akciza 0,30 KM, putarina 0,15 KM, putarina za auto-puteve 0,25 KM i PDV 0,35 KM).<\/p>\n\n\n\n<p>Dr\u017eava se jo\u0161 vi\u0161e &#8220;omasti&#8221; po litru benzina 95. Naime, ako je cijena po litru ovih dana 2,40 KM, tu su ura\u010dunate pristojbe u ukupnom iznosu od 1,10 KM (akciza 0,35 KM, putarina 0,15 KM, putarina za auto-puteve 0,25 KM i PDV 0,35 KM).<\/p>\n\n\n\n<p>Kada se podvu\u010de crta, vrtoglave su cifre koje je dr\u017eava do sada uzela od voza\u010da, a koji se voze po prometnicama punim pukotina, klizi\u0161ta, neravnina&#8230;<\/p>\n\n\n\n<p>&#8220;Ukupan iznos prikupljene putarine za odr\u017eavanje puteva od 2006. do 30. rujnaa ove godine je 2,960 milijardi KM. Putarina za izgradnju auto-puteva napla\u0107uje se od 2009. godine, a po tom osnovu su do 30. rujna 2021. prikupljene 2,542 milijarde KM&#8221;, ka\u017ee za &#8220;Nezavisne novine&#8221; Ratko Kova\u010devi\u0107, na\u010delnik Odjela za komunikacije i me\u0111unarodnu suradnju UNO BiH.<\/p>\n\n\n\n<p>Ili, prostom ra\u010dunicom, voza\u010di su dr\u017eavi samo po osnovu putarine dali vi\u0161e od 5,5 milijardi KM. Ali, platili su voza\u010di i akcize &#8211; od 2006. do 30. rujna ove godine je po tom osnovu ukupno prikupljeno dodatnih 7,248 milijardi KM. Naravno, ni to nije dovoljno dr\u017eavi pa je uzela dodatnih 17 posto na PDV.<\/p>\n\n\n\n<p>Ovih dana, dakle, svjedoci smo dodatnih poskupljenja iako su i u FBiH i u RS na snazi ograni\u010dene mar\u017ee, a da li Ministarstvo trgovine i turizma Srpske planira uvo\u0111enje i drugih mjera &#8211; pitanje je na koje nema odgovora.<\/p>\n\n\n\n<p>Isto je i u Federaciji.&nbsp;<\/p>\n\n\n\n<p>Izvor.pogled.ba<\/p>\n","protected":false},"excerpt":{"rendered":"<p>Skoro svakodnevno divljanje cijena goriva u BiH postalo je nepodno\u0161ljivo, te ogromnu \u0161tetu trpe i gra\u0111ani i bh. gospodarstvo, a na potezu je dr\u017eava, koja mora smanjiti svoje namete. Stav je to brojnih sugovornika &#8220;Nezavisnih novina&#8221;, koji isti\u010du da su male \u0161anse da \u0107e se prometnici naftnim derivatima odre\u0107i dijela svoje zarade, te smanjiti mar\u017ee, [&hellip;]<\/p>\n","protected":false},"author":2,"featured_media":0,"comment_status":"closed","ping_status":"closed","sticky":false,"template":"","format":"standard","meta":{"h5ap_radio_sources":[],"footnotes":""},"categories":[1],"tags":[],"class_list":["post-76439","post","type-post","status-publish","format-standard","hentry","category-bihiregija"],"yoast_head":"<!-- This site is optimized with the Yoast SEO plugin v27.4 - https:\/\/yoast.com\/product\/yoast-seo-wordpress\/ -->\n<title>Uzeli su od voza\u010da milijarde maraka, ne \u010dine ni\u0161ta da bi smanjili cijenu goriva u BIH - RADIO LJUBU\u0160KI<\/title>\n<meta name=\"robots\" content=\"index, follow, max-snippet:-1, max-image-preview:large, max-video-preview:-1\" \/>\n<link rel=\"canonical\" href=\"https:\/\/radioljubuski.ba\/index.php\/2021\/10\/16\/uzeli-su-od-vozaca-milijarde-maraka-ne-cine-nista-da-bi-smanjili-cijenu-goriva-u-bih\/\" \/>\n<meta property=\"og:locale\" content=\"hr_HR\" \/>\n<meta property=\"og:type\" content=\"article\" \/>\n<meta property=\"og:title\" content=\"Uzeli su od voza\u010da milijarde maraka, ne \u010dine ni\u0161ta da bi smanjili cijenu goriva u BIH - RADIO LJUBU\u0160KI\" \/>\n<meta property=\"og:description\" content=\"Skoro svakodnevno divljanje cijena goriva u BiH postalo je nepodno\u0161ljivo, te ogromnu \u0161tetu trpe i gra\u0111ani i bh. gospodarstvo, a na potezu je dr\u017eava, koja mora smanjiti svoje namete. Stav je to brojnih sugovornika &#8220;Nezavisnih novina&#8221;, koji isti\u010du da su male \u0161anse da \u0107e se prometnici naftnim derivatima odre\u0107i dijela svoje zarade, te smanjiti mar\u017ee, [&hellip;]\" \/>\n<meta property=\"og:url\" content=\"https:\/\/radioljubuski.ba\/index.php\/2021\/10\/16\/uzeli-su-od-vozaca-milijarde-maraka-ne-cine-nista-da-bi-smanjili-cijenu-goriva-u-bih\/\" \/>\n<meta property=\"og:site_name\" content=\"RADIO LJUBU\u0160KI\" \/>\n<meta property=\"article:publisher\" content=\"https:\/\/www.facebook.com\/Radiio-Ljubuski-1490835324566332\" \/>\n<meta property=\"article:published_time\" content=\"2021-10-16T12:31:30+00:00\" \/>\n<meta property=\"article:modified_time\" content=\"2021-10-16T12:31:31+00:00\" \/>\n<meta property=\"og:image\" content=\"https:\/\/radioljubuski.ba\/wp-content\/uploads\/2021\/10\/YhbZ8Dnx_trosarine_gorivo_1_0.jpg\" \/>\n\t<meta property=\"og:image:width\" content=\"1000\" \/>\n\t<meta property=\"og:image:height\" content=\"625\" \/>\n\t<meta property=\"og:image:type\" content=\"image\/jpeg\" \/>\n<meta name=\"author\" content=\"Radio Ljubu\u0161ki\" \/>\n<meta name=\"twitter:card\" content=\"summary_large_image\" \/>\n<meta name=\"twitter:creator\" content=\"@radioljubuski\" \/>\n<meta name=\"twitter:site\" content=\"@radioljubuski\" \/>\n<meta name=\"twitter:label1\" content=\"Napisao\/la\" \/>\n\t<meta name=\"twitter:data1\" content=\"Radio Ljubu\u0161ki\" \/>\n\t<meta name=\"twitter:label2\" content=\"Procijenjeno vrijeme \u010ditanja\" \/>\n\t<meta name=\"twitter:data2\" content=\"4 minute\" \/>\n<script type=\"application\/ld+json\" class=\"yoast-schema-graph\">{\"@context\":\"https:\\\/\\\/schema.org\",\"@graph\":[{\"@type\":\"Article\",\"@id\":\"https:\\\/\\\/radioljubuski.ba\\\/index.php\\\/2021\\\/10\\\/16\\\/uzeli-su-od-vozaca-milijarde-maraka-ne-cine-nista-da-bi-smanjili-cijenu-goriva-u-bih\\\/#article\",\"isPartOf\":{\"@id\":\"https:\\\/\\\/radioljubuski.ba\\\/index.php\\\/2021\\\/10\\\/16\\\/uzeli-su-od-vozaca-milijarde-maraka-ne-cine-nista-da-bi-smanjili-cijenu-goriva-u-bih\\\/\"},\"author\":{\"name\":\"Radio Ljubu\u0161ki\",\"@id\":\"https:\\\/\\\/radioljubuski.ba\\\/#\\\/schema\\\/person\\\/19fc700381a780f69665d7956c469e3b\"},\"headline\":\"Uzeli su od voza\u010da milijarde maraka, ne \u010dine ni\u0161ta da bi smanjili cijenu goriva u BIH\",\"datePublished\":\"2021-10-16T12:31:30+00:00\",\"dateModified\":\"2021-10-16T12:31:31+00:00\",\"mainEntityOfPage\":{\"@id\":\"https:\\\/\\\/radioljubuski.ba\\\/index.php\\\/2021\\\/10\\\/16\\\/uzeli-su-od-vozaca-milijarde-maraka-ne-cine-nista-da-bi-smanjili-cijenu-goriva-u-bih\\\/\"},\"wordCount\":802,\"publisher\":{\"@id\":\"https:\\\/\\\/radioljubuski.ba\\\/#organization\"},\"articleSection\":[\"BIH i regija\"],\"inLanguage\":\"hr\"},{\"@type\":\"WebPage\",\"@id\":\"https:\\\/\\\/radioljubuski.ba\\\/index.php\\\/2021\\\/10\\\/16\\\/uzeli-su-od-vozaca-milijarde-maraka-ne-cine-nista-da-bi-smanjili-cijenu-goriva-u-bih\\\/\",\"url\":\"https:\\\/\\\/radioljubuski.ba\\\/index.php\\\/2021\\\/10\\\/16\\\/uzeli-su-od-vozaca-milijarde-maraka-ne-cine-nista-da-bi-smanjili-cijenu-goriva-u-bih\\\/\",\"name\":\"Uzeli su od voza\u010da milijarde maraka, ne \u010dine ni\u0161ta da bi smanjili cijenu goriva u BIH - RADIO LJUBU\u0160KI\",\"isPartOf\":{\"@id\":\"https:\\\/\\\/radioljubuski.ba\\\/#website\"},\"datePublished\":\"2021-10-16T12:31:30+00:00\",\"dateModified\":\"2021-10-16T12:31:31+00:00\",\"breadcrumb\":{\"@id\":\"https:\\\/\\\/radioljubuski.ba\\\/index.php\\\/2021\\\/10\\\/16\\\/uzeli-su-od-vozaca-milijarde-maraka-ne-cine-nista-da-bi-smanjili-cijenu-goriva-u-bih\\\/#breadcrumb\"},\"inLanguage\":\"hr\",\"potentialAction\":[{\"@type\":\"ReadAction\",\"target\":[\"https:\\\/\\\/radioljubuski.ba\\\/index.php\\\/2021\\\/10\\\/16\\\/uzeli-su-od-vozaca-milijarde-maraka-ne-cine-nista-da-bi-smanjili-cijenu-goriva-u-bih\\\/\"]}]},{\"@type\":\"BreadcrumbList\",\"@id\":\"https:\\\/\\\/radioljubuski.ba\\\/index.php\\\/2021\\\/10\\\/16\\\/uzeli-su-od-vozaca-milijarde-maraka-ne-cine-nista-da-bi-smanjili-cijenu-goriva-u-bih\\\/#breadcrumb\",\"itemListElement\":[{\"@type\":\"ListItem\",\"position\":1,\"name\":\"Po\u010detna stranica\",\"item\":\"https:\\\/\\\/radioljubuski.ba\\\/\"},{\"@type\":\"ListItem\",\"position\":2,\"name\":\"Uzeli su od voza\u010da milijarde maraka, ne \u010dine ni\u0161ta da bi smanjili cijenu goriva u BIH\"}]},{\"@type\":\"WebSite\",\"@id\":\"https:\\\/\\\/radioljubuski.ba\\\/#website\",\"url\":\"https:\\\/\\\/radioljubuski.ba\\\/\",\"name\":\"Radio Ljubu\u0161ki\",\"description\":\"Sun\u010dana frekvencija Hercegovine\",\"publisher\":{\"@id\":\"https:\\\/\\\/radioljubuski.ba\\\/#organization\"},\"potentialAction\":[{\"@type\":\"SearchAction\",\"target\":{\"@type\":\"EntryPoint\",\"urlTemplate\":\"https:\\\/\\\/radioljubuski.ba\\\/?s={search_term_string}\"},\"query-input\":{\"@type\":\"PropertyValueSpecification\",\"valueRequired\":true,\"valueName\":\"search_term_string\"}}],\"inLanguage\":\"hr\"},{\"@type\":\"Organization\",\"@id\":\"https:\\\/\\\/radioljubuski.ba\\\/#organization\",\"name\":\"Radio Ljubu\u0161ki\",\"url\":\"https:\\\/\\\/radioljubuski.ba\\\/\",\"logo\":{\"@type\":\"ImageObject\",\"inLanguage\":\"hr\",\"@id\":\"https:\\\/\\\/radioljubuski.ba\\\/#\\\/schema\\\/logo\\\/image\\\/\",\"url\":\"https:\\\/\\\/radioljubuski.ba\\\/wp-content\\\/uploads\\\/2021\\\/02\\\/cropped-Radio_Ljubuski_logo1.jpg\",\"contentUrl\":\"https:\\\/\\\/radioljubuski.ba\\\/wp-content\\\/uploads\\\/2021\\\/02\\\/cropped-Radio_Ljubuski_logo1.jpg\",\"width\":512,\"height\":512,\"caption\":\"Radio Ljubu\u0161ki\"},\"image\":{\"@id\":\"https:\\\/\\\/radioljubuski.ba\\\/#\\\/schema\\\/logo\\\/image\\\/\"},\"sameAs\":[\"https:\\\/\\\/www.facebook.com\\\/Radiio-Ljubuski-1490835324566332\",\"https:\\\/\\\/x.com\\\/radioljubuski\",\"https:\\\/\\\/hr.linkedin.com\\\/company\\\/radio-ljubuski\",\"https:\\\/\\\/www.youtube.com\\\/channel\\\/UCHYaeO_n0Db3tjNGudGpXyw\"]},{\"@type\":\"Person\",\"@id\":\"https:\\\/\\\/radioljubuski.ba\\\/#\\\/schema\\\/person\\\/19fc700381a780f69665d7956c469e3b\",\"name\":\"Radio Ljubu\u0161ki\"}]}<\/script>\n<!-- \/ Yoast SEO plugin. -->","yoast_head_json":{"title":"Uzeli su od voza\u010da milijarde maraka, ne \u010dine ni\u0161ta da bi smanjili cijenu goriva u BIH - RADIO LJUBU\u0160KI","robots":{"index":"index","follow":"follow","max-snippet":"max-snippet:-1","max-image-preview":"max-image-preview:large","max-video-preview":"max-video-preview:-1"},"canonical":"https:\/\/radioljubuski.ba\/index.php\/2021\/10\/16\/uzeli-su-od-vozaca-milijarde-maraka-ne-cine-nista-da-bi-smanjili-cijenu-goriva-u-bih\/","og_locale":"hr_HR","og_type":"article","og_title":"Uzeli su od voza\u010da milijarde maraka, ne \u010dine ni\u0161ta da bi smanjili cijenu goriva u BIH - RADIO LJUBU\u0160KI","og_description":"Skoro svakodnevno divljanje cijena goriva u BiH postalo je nepodno\u0161ljivo, te ogromnu \u0161tetu trpe i gra\u0111ani i bh. gospodarstvo, a na potezu je dr\u017eava, koja mora smanjiti svoje namete. Stav je to brojnih sugovornika &#8220;Nezavisnih novina&#8221;, koji isti\u010du da su male \u0161anse da \u0107e se prometnici naftnim derivatima odre\u0107i dijela svoje zarade, te smanjiti mar\u017ee, [&hellip;]","og_url":"https:\/\/radioljubuski.ba\/index.php\/2021\/10\/16\/uzeli-su-od-vozaca-milijarde-maraka-ne-cine-nista-da-bi-smanjili-cijenu-goriva-u-bih\/","og_site_name":"RADIO LJUBU\u0160KI","article_publisher":"https:\/\/www.facebook.com\/Radiio-Ljubuski-1490835324566332","article_published_time":"2021-10-16T12:31:30+00:00","article_modified_time":"2021-10-16T12:31:31+00:00","og_image":[{"width":1000,"height":625,"url":"https:\/\/radioljubuski.ba\/wp-content\/uploads\/2021\/10\/YhbZ8Dnx_trosarine_gorivo_1_0.jpg","type":"image\/jpeg"}],"author":"Radio Ljubu\u0161ki","twitter_card":"summary_large_image","twitter_creator":"@radioljubuski","twitter_site":"@radioljubuski","twitter_misc":{"Napisao\/la":"Radio Ljubu\u0161ki","Procijenjeno vrijeme \u010ditanja":"4 minute"},"schema":{"@context":"https:\/\/schema.org","@graph":[{"@type":"Article","@id":"https:\/\/radioljubuski.ba\/index.php\/2021\/10\/16\/uzeli-su-od-vozaca-milijarde-maraka-ne-cine-nista-da-bi-smanjili-cijenu-goriva-u-bih\/#article","isPartOf":{"@id":"https:\/\/radioljubuski.ba\/index.php\/2021\/10\/16\/uzeli-su-od-vozaca-milijarde-maraka-ne-cine-nista-da-bi-smanjili-cijenu-goriva-u-bih\/"},"author":{"name":"Radio Ljubu\u0161ki","@id":"https:\/\/radioljubuski.ba\/#\/schema\/person\/19fc700381a780f69665d7956c469e3b"},"headline":"Uzeli su od voza\u010da milijarde maraka, ne \u010dine ni\u0161ta da bi smanjili cijenu goriva u BIH","datePublished":"2021-10-16T12:31:30+00:00","dateModified":"2021-10-16T12:31:31+00:00","mainEntityOfPage":{"@id":"https:\/\/radioljubuski.ba\/index.php\/2021\/10\/16\/uzeli-su-od-vozaca-milijarde-maraka-ne-cine-nista-da-bi-smanjili-cijenu-goriva-u-bih\/"},"wordCount":802,"publisher":{"@id":"https:\/\/radioljubuski.ba\/#organization"},"articleSection":["BIH i regija"],"inLanguage":"hr"},{"@type":"WebPage","@id":"https:\/\/radioljubuski.ba\/index.php\/2021\/10\/16\/uzeli-su-od-vozaca-milijarde-maraka-ne-cine-nista-da-bi-smanjili-cijenu-goriva-u-bih\/","url":"https:\/\/radioljubuski.ba\/index.php\/2021\/10\/16\/uzeli-su-od-vozaca-milijarde-maraka-ne-cine-nista-da-bi-smanjili-cijenu-goriva-u-bih\/","name":"Uzeli su od voza\u010da milijarde maraka, ne \u010dine ni\u0161ta da bi smanjili cijenu goriva u BIH - RADIO LJUBU\u0160KI","isPartOf":{"@id":"https:\/\/radioljubuski.ba\/#website"},"datePublished":"2021-10-16T12:31:30+00:00","dateModified":"2021-10-16T12:31:31+00:00","breadcrumb":{"@id":"https:\/\/radioljubuski.ba\/index.php\/2021\/10\/16\/uzeli-su-od-vozaca-milijarde-maraka-ne-cine-nista-da-bi-smanjili-cijenu-goriva-u-bih\/#breadcrumb"},"inLanguage":"hr","potentialAction":[{"@type":"ReadAction","target":["https:\/\/radioljubuski.ba\/index.php\/2021\/10\/16\/uzeli-su-od-vozaca-milijarde-maraka-ne-cine-nista-da-bi-smanjili-cijenu-goriva-u-bih\/"]}]},{"@type":"BreadcrumbList","@id":"https:\/\/radioljubuski.ba\/index.php\/2021\/10\/16\/uzeli-su-od-vozaca-milijarde-maraka-ne-cine-nista-da-bi-smanjili-cijenu-goriva-u-bih\/#breadcrumb","itemListElement":[{"@type":"ListItem","position":1,"name":"Po\u010detna stranica","item":"https:\/\/radioljubuski.ba\/"},{"@type":"ListItem","position":2,"name":"Uzeli su od voza\u010da milijarde maraka, ne \u010dine ni\u0161ta da bi smanjili cijenu goriva u BIH"}]},{"@type":"WebSite","@id":"https:\/\/radioljubuski.ba\/#website","url":"https:\/\/radioljubuski.ba\/","name":"Radio Ljubu\u0161ki","description":"Sun\u010dana frekvencija Hercegovine","publisher":{"@id":"https:\/\/radioljubuski.ba\/#organization"},"potentialAction":[{"@type":"SearchAction","target":{"@type":"EntryPoint","urlTemplate":"https:\/\/radioljubuski.ba\/?s={search_term_string}"},"query-input":{"@type":"PropertyValueSpecification","valueRequired":true,"valueName":"search_term_string"}}],"inLanguage":"hr"},{"@type":"Organization","@id":"https:\/\/radioljubuski.ba\/#organization","name":"Radio Ljubu\u0161ki","url":"https:\/\/radioljubuski.ba\/","logo":{"@type":"ImageObject","inLanguage":"hr","@id":"https:\/\/radioljubuski.ba\/#\/schema\/logo\/image\/","url":"https:\/\/radioljubuski.ba\/wp-content\/uploads\/2021\/02\/cropped-Radio_Ljubuski_logo1.jpg","contentUrl":"https:\/\/radioljubuski.ba\/wp-content\/uploads\/2021\/02\/cropped-Radio_Ljubuski_logo1.jpg","width":512,"height":512,"caption":"Radio Ljubu\u0161ki"},"image":{"@id":"https:\/\/radioljubuski.ba\/#\/schema\/logo\/image\/"},"sameAs":["https:\/\/www.facebook.com\/Radiio-Ljubuski-1490835324566332","https:\/\/x.com\/radioljubuski","https:\/\/hr.linkedin.com\/company\/radio-ljubuski","https:\/\/www.youtube.com\/channel\/UCHYaeO_n0Db3tjNGudGpXyw"]},{"@type":"Person","@id":"https:\/\/radioljubuski.ba\/#\/schema\/person\/19fc700381a780f69665d7956c469e3b","name":"Radio Ljubu\u0161ki"}]}},"_links":{"self":[{"href":"https:\/\/radioljubuski.ba\/index.php\/wp-json\/wp\/v2\/posts\/76439","targetHints":{"allow":["GET"]}}],"collection":[{"href":"https:\/\/radioljubuski.ba\/index.php\/wp-json\/wp\/v2\/posts"}],"about":[{"href":"https:\/\/radioljubuski.ba\/index.php\/wp-json\/wp\/v2\/types\/post"}],"author":[{"embeddable":true,"href":"https:\/\/radioljubuski.ba\/index.php\/wp-json\/wp\/v2\/users\/2"}],"replies":[{"embeddable":true,"href":"https:\/\/radioljubuski.ba\/index.php\/wp-json\/wp\/v2\/comments?post=76439"}],"version-history":[{"count":1,"href":"https:\/\/radioljubuski.ba\/index.php\/wp-json\/wp\/v2\/posts\/76439\/revisions"}],"predecessor-version":[{"id":76441,"href":"https:\/\/radioljubuski.ba\/index.php\/wp-json\/wp\/v2\/posts\/76439\/revisions\/76441"}],"wp:attachment":[{"href":"https:\/\/radioljubuski.ba\/index.php\/wp-json\/wp\/v2\/media?parent=76439"}],"wp:term":[{"taxonomy":"category","embeddable":true,"href":"https:\/\/radioljubuski.ba\/index.php\/wp-json\/wp\/v2\/categories?post=76439"},{"taxonomy":"post_tag","embeddable":true,"href":"https:\/\/radioljubuski.ba\/index.php\/wp-json\/wp\/v2\/tags?post=76439"}],"curies":[{"name":"wp","href":"https:\/\/api.w.org\/{rel}","templated":true}]}}