{"id":76452,"date":"2021-10-16T13:38:52","date_gmt":"2021-10-16T12:38:52","guid":{"rendered":"https:\/\/radioljubuski.ba\/?p=76452"},"modified":"2021-10-16T13:38:53","modified_gmt":"2021-10-16T12:38:53","slug":"cak-dvije-trecine-ljudi-sada-ne-moze-darovati-krv-zbog-koronavirusa-ili-cijepljenja","status":"publish","type":"post","link":"https:\/\/radioljubuski.ba\/index.php\/2021\/10\/16\/cak-dvije-trecine-ljudi-sada-ne-moze-darovati-krv-zbog-koronavirusa-ili-cijepljenja\/","title":{"rendered":"\u010cak dvije tre\u0107ine ljudi sada ne mo\u017ee darovati krv zbog koronavirusa ili cijepljenja"},"content":{"rendered":"\n<p>Direktorica Zavoda za transfuzijsku medicinu FBiH prim.dr. Aida \u0110ozo rekla je u izjavi za Federalnu novinsku agenciju da krv nije mogu\u0107e proizvesti na umjetan na\u010din. Jedini izvor toga jest \u010dovjek \u2013 darivatelj krvi. Kako bi se osiguralo brzo, kvalitetno i sigurno lije\u010denje bolesnika, potrebno je uvijek imati dovoljan broj darivatelja krvi, a time i dovoljne koli\u010dine krvi u pri\u010duvi.<\/p>\n\n\n\n<p>Naglasila je da krv uvijek mora \u010dekati pacijenta, jer pacijent ne mo\u017ee \u010dekati krv i to bi bilo pogubno za njega.<\/p>\n\n\n\n<p>-Pandemija se odr\u017eava na sve, pa tako i na nas. Situacija je mo\u017eda najte\u017ea od po\u010detka pandemije. Trenutno imamo situaciju da moramo odbiti mnoge koji bi htjeli darovati krv, jer spadaju u skupine rekonvalescenata, osoba koje su primile cjepiva, hematolo\u0161ke pacijente, zara\u017eene COVID-19 i sli\u010dno &#8211; tvrdi \u0110ozo.<\/p>\n\n\n\n<p>Isti\u010de kako je na dnevnoj razini potrebno 250 jedinica doza krvi.<\/p>\n\n\n\n<p>-Rizi\u010dno je provoditi akcije darivanja krvi u vremenu pandemije. U prosjeku od prijavljenih 30 ljudi na dobrovoljno darivanje krvi, 20 ne mo\u017ee dati krv. Tako\u0111er, ne mo\u017ee se primijeniti neki naro\u010dit metod, osim apela gra\u0111anima koji su zdravi, nemaju oboljenja niti su zara\u017eeni COVID-19 da se jave na test i dobrovoljno daruju krv &#8211; &nbsp;poru\u010duje \u0110ozo.<\/p>\n\n\n\n<p>Isti\u010de da krv mo\u017ee darivati svaki \u010dovjek dobrog op\u0107eg zdravstvenog stanja nakon pregleda i odluke lije\u010dnika specijaliste transfuzijske medicine, tjelesne te\u017eine proporcionalne visini, te tjelesne temperature do 37 stupnjeva.<\/p>\n\n\n\n<p>-Tako\u0111er, svaka zdrava osoba izme\u0111u 18 i 65 (70) godina starosti mo\u017ee bez opasnosti za svoje zdravlje darovati krv, tri do \u010detiri puta tijekom jedne godine. Krv se uzima samo kada je darivatelj zdrav i ima dovoljno \u017eeljeza. Zdrav organizam darivatelja krvi vrlo brzo u potpunosti nadokna\u0111uje koli\u010dinu i sve sastavne dijelove darovane krvi ve\u0107 unutar 24 sata. Organizam nadoknadi teku\u0107i dio krvi &#8211; plazmu i njene sastojke, broj trombocita i leukocita \u2013 naglasila je.<\/p>\n\n\n\n<p>Dr. \u0110ozo ka\u017ee &nbsp;da najvi\u0161e darivatelja krvi ima sa O i A krvnom grupom.<\/p>\n\n\n\n<p>-Kada govorim o nedostatku krvne grupe tu je AB, jer njih zapravo ima i najmanje u populaciji, pa tako i u davaocima krvi, zatim rh negativni darivatelji \u2013 kazala je \u0110ozo.<\/p>\n\n\n\n<p>Po njenim rije\u010dima, veliki problem u ovoj oblasti predstavlja to \u0161to kod nas nije dovoljno razvijena svijest gra\u0111ana \u0161to zapravo dobrovoljno darivanje krvi zna\u010di za jednog \u010dovjeka kome zatreba ova dragocjena te\u010dnost.<\/p>\n\n\n\n<p>Izvor:pogled.ba<\/p>\n","protected":false},"excerpt":{"rendered":"<p>Direktorica Zavoda za transfuzijsku medicinu FBiH prim.dr. Aida \u0110ozo rekla je u izjavi za Federalnu novinsku agenciju da krv nije mogu\u0107e proizvesti na umjetan na\u010din. Jedini izvor toga jest \u010dovjek \u2013 darivatelj krvi. Kako bi se osiguralo brzo, kvalitetno i sigurno lije\u010denje bolesnika, potrebno je uvijek imati dovoljan broj darivatelja krvi, a time i dovoljne [&hellip;]<\/p>\n","protected":false},"author":2,"featured_media":76453,"comment_status":"closed","ping_status":"closed","sticky":false,"template":"","format":"standard","meta":{"h5ap_radio_sources":[],"footnotes":""},"categories":[1],"tags":[],"class_list":["post-76452","post","type-post","status-publish","format-standard","has-post-thumbnail","hentry","category-bihiregija"],"yoast_head":"<!-- This site is optimized with the Yoast SEO plugin v27.4 - https:\/\/yoast.com\/product\/yoast-seo-wordpress\/ -->\n<title>\u010cak dvije tre\u0107ine ljudi sada ne mo\u017ee darovati krv zbog koronavirusa ili cijepljenja - RADIO LJUBU\u0160KI<\/title>\n<meta name=\"robots\" content=\"index, follow, max-snippet:-1, max-image-preview:large, max-video-preview:-1\" \/>\n<link rel=\"canonical\" href=\"https:\/\/radioljubuski.ba\/index.php\/2021\/10\/16\/cak-dvije-trecine-ljudi-sada-ne-moze-darovati-krv-zbog-koronavirusa-ili-cijepljenja\/\" \/>\n<meta property=\"og:locale\" content=\"hr_HR\" \/>\n<meta property=\"og:type\" content=\"article\" \/>\n<meta property=\"og:title\" content=\"\u010cak dvije tre\u0107ine ljudi sada ne mo\u017ee darovati krv zbog koronavirusa ili cijepljenja - RADIO LJUBU\u0160KI\" \/>\n<meta property=\"og:description\" content=\"Direktorica Zavoda za transfuzijsku medicinu FBiH prim.dr. Aida \u0110ozo rekla je u izjavi za Federalnu novinsku agenciju da krv nije mogu\u0107e proizvesti na umjetan na\u010din. Jedini izvor toga jest \u010dovjek \u2013 darivatelj krvi. Kako bi se osiguralo brzo, kvalitetno i sigurno lije\u010denje bolesnika, potrebno je uvijek imati dovoljan broj darivatelja krvi, a time i dovoljne [&hellip;]\" \/>\n<meta property=\"og:url\" content=\"https:\/\/radioljubuski.ba\/index.php\/2021\/10\/16\/cak-dvije-trecine-ljudi-sada-ne-moze-darovati-krv-zbog-koronavirusa-ili-cijepljenja\/\" \/>\n<meta property=\"og:site_name\" content=\"RADIO LJUBU\u0160KI\" \/>\n<meta property=\"article:publisher\" content=\"https:\/\/www.facebook.com\/Radiio-Ljubuski-1490835324566332\" \/>\n<meta property=\"article:published_time\" content=\"2021-10-16T12:38:52+00:00\" \/>\n<meta property=\"article:modified_time\" content=\"2021-10-16T12:38:53+00:00\" \/>\n<meta property=\"og:image\" content=\"https:\/\/radioljubuski.ba\/wp-content\/uploads\/2021\/10\/2-2021-10-16-09-43-37-krv.jpg\" \/>\n\t<meta property=\"og:image:width\" content=\"1000\" \/>\n\t<meta property=\"og:image:height\" content=\"625\" \/>\n\t<meta property=\"og:image:type\" content=\"image\/jpeg\" \/>\n<meta name=\"author\" content=\"Radio Ljubu\u0161ki\" \/>\n<meta name=\"twitter:card\" content=\"summary_large_image\" \/>\n<meta name=\"twitter:creator\" content=\"@radioljubuski\" \/>\n<meta name=\"twitter:site\" content=\"@radioljubuski\" \/>\n<meta name=\"twitter:label1\" content=\"Napisao\/la\" \/>\n\t<meta name=\"twitter:data1\" content=\"Radio Ljubu\u0161ki\" \/>\n\t<meta name=\"twitter:label2\" content=\"Procijenjeno vrijeme \u010ditanja\" \/>\n\t<meta name=\"twitter:data2\" content=\"2 minute\" \/>\n<script type=\"application\/ld+json\" class=\"yoast-schema-graph\">{\"@context\":\"https:\\\/\\\/schema.org\",\"@graph\":[{\"@type\":\"Article\",\"@id\":\"https:\\\/\\\/radioljubuski.ba\\\/index.php\\\/2021\\\/10\\\/16\\\/cak-dvije-trecine-ljudi-sada-ne-moze-darovati-krv-zbog-koronavirusa-ili-cijepljenja\\\/#article\",\"isPartOf\":{\"@id\":\"https:\\\/\\\/radioljubuski.ba\\\/index.php\\\/2021\\\/10\\\/16\\\/cak-dvije-trecine-ljudi-sada-ne-moze-darovati-krv-zbog-koronavirusa-ili-cijepljenja\\\/\"},\"author\":{\"name\":\"Radio Ljubu\u0161ki\",\"@id\":\"https:\\\/\\\/radioljubuski.ba\\\/#\\\/schema\\\/person\\\/19fc700381a780f69665d7956c469e3b\"},\"headline\":\"\u010cak dvije tre\u0107ine ljudi sada ne mo\u017ee darovati krv zbog koronavirusa ili cijepljenja\",\"datePublished\":\"2021-10-16T12:38:52+00:00\",\"dateModified\":\"2021-10-16T12:38:53+00:00\",\"mainEntityOfPage\":{\"@id\":\"https:\\\/\\\/radioljubuski.ba\\\/index.php\\\/2021\\\/10\\\/16\\\/cak-dvije-trecine-ljudi-sada-ne-moze-darovati-krv-zbog-koronavirusa-ili-cijepljenja\\\/\"},\"wordCount\":425,\"publisher\":{\"@id\":\"https:\\\/\\\/radioljubuski.ba\\\/#organization\"},\"image\":{\"@id\":\"https:\\\/\\\/radioljubuski.ba\\\/index.php\\\/2021\\\/10\\\/16\\\/cak-dvije-trecine-ljudi-sada-ne-moze-darovati-krv-zbog-koronavirusa-ili-cijepljenja\\\/#primaryimage\"},\"thumbnailUrl\":\"https:\\\/\\\/radioljubuski.ba\\\/wp-content\\\/uploads\\\/2021\\\/10\\\/2-2021-10-16-09-43-37-krv.jpg\",\"articleSection\":[\"BIH i regija\"],\"inLanguage\":\"hr\"},{\"@type\":\"WebPage\",\"@id\":\"https:\\\/\\\/radioljubuski.ba\\\/index.php\\\/2021\\\/10\\\/16\\\/cak-dvije-trecine-ljudi-sada-ne-moze-darovati-krv-zbog-koronavirusa-ili-cijepljenja\\\/\",\"url\":\"https:\\\/\\\/radioljubuski.ba\\\/index.php\\\/2021\\\/10\\\/16\\\/cak-dvije-trecine-ljudi-sada-ne-moze-darovati-krv-zbog-koronavirusa-ili-cijepljenja\\\/\",\"name\":\"\u010cak dvije tre\u0107ine ljudi sada ne mo\u017ee darovati krv zbog koronavirusa ili cijepljenja - RADIO LJUBU\u0160KI\",\"isPartOf\":{\"@id\":\"https:\\\/\\\/radioljubuski.ba\\\/#website\"},\"primaryImageOfPage\":{\"@id\":\"https:\\\/\\\/radioljubuski.ba\\\/index.php\\\/2021\\\/10\\\/16\\\/cak-dvije-trecine-ljudi-sada-ne-moze-darovati-krv-zbog-koronavirusa-ili-cijepljenja\\\/#primaryimage\"},\"image\":{\"@id\":\"https:\\\/\\\/radioljubuski.ba\\\/index.php\\\/2021\\\/10\\\/16\\\/cak-dvije-trecine-ljudi-sada-ne-moze-darovati-krv-zbog-koronavirusa-ili-cijepljenja\\\/#primaryimage\"},\"thumbnailUrl\":\"https:\\\/\\\/radioljubuski.ba\\\/wp-content\\\/uploads\\\/2021\\\/10\\\/2-2021-10-16-09-43-37-krv.jpg\",\"datePublished\":\"2021-10-16T12:38:52+00:00\",\"dateModified\":\"2021-10-16T12:38:53+00:00\",\"breadcrumb\":{\"@id\":\"https:\\\/\\\/radioljubuski.ba\\\/index.php\\\/2021\\\/10\\\/16\\\/cak-dvije-trecine-ljudi-sada-ne-moze-darovati-krv-zbog-koronavirusa-ili-cijepljenja\\\/#breadcrumb\"},\"inLanguage\":\"hr\",\"potentialAction\":[{\"@type\":\"ReadAction\",\"target\":[\"https:\\\/\\\/radioljubuski.ba\\\/index.php\\\/2021\\\/10\\\/16\\\/cak-dvije-trecine-ljudi-sada-ne-moze-darovati-krv-zbog-koronavirusa-ili-cijepljenja\\\/\"]}]},{\"@type\":\"ImageObject\",\"inLanguage\":\"hr\",\"@id\":\"https:\\\/\\\/radioljubuski.ba\\\/index.php\\\/2021\\\/10\\\/16\\\/cak-dvije-trecine-ljudi-sada-ne-moze-darovati-krv-zbog-koronavirusa-ili-cijepljenja\\\/#primaryimage\",\"url\":\"https:\\\/\\\/radioljubuski.ba\\\/wp-content\\\/uploads\\\/2021\\\/10\\\/2-2021-10-16-09-43-37-krv.jpg\",\"contentUrl\":\"https:\\\/\\\/radioljubuski.ba\\\/wp-content\\\/uploads\\\/2021\\\/10\\\/2-2021-10-16-09-43-37-krv.jpg\",\"width\":1000,\"height\":625},{\"@type\":\"BreadcrumbList\",\"@id\":\"https:\\\/\\\/radioljubuski.ba\\\/index.php\\\/2021\\\/10\\\/16\\\/cak-dvije-trecine-ljudi-sada-ne-moze-darovati-krv-zbog-koronavirusa-ili-cijepljenja\\\/#breadcrumb\",\"itemListElement\":[{\"@type\":\"ListItem\",\"position\":1,\"name\":\"Po\u010detna stranica\",\"item\":\"https:\\\/\\\/radioljubuski.ba\\\/\"},{\"@type\":\"ListItem\",\"position\":2,\"name\":\"\u010cak dvije tre\u0107ine ljudi sada ne mo\u017ee darovati krv zbog koronavirusa ili cijepljenja\"}]},{\"@type\":\"WebSite\",\"@id\":\"https:\\\/\\\/radioljubuski.ba\\\/#website\",\"url\":\"https:\\\/\\\/radioljubuski.ba\\\/\",\"name\":\"Radio Ljubu\u0161ki\",\"description\":\"Sun\u010dana frekvencija Hercegovine\",\"publisher\":{\"@id\":\"https:\\\/\\\/radioljubuski.ba\\\/#organization\"},\"potentialAction\":[{\"@type\":\"SearchAction\",\"target\":{\"@type\":\"EntryPoint\",\"urlTemplate\":\"https:\\\/\\\/radioljubuski.ba\\\/?s={search_term_string}\"},\"query-input\":{\"@type\":\"PropertyValueSpecification\",\"valueRequired\":true,\"valueName\":\"search_term_string\"}}],\"inLanguage\":\"hr\"},{\"@type\":\"Organization\",\"@id\":\"https:\\\/\\\/radioljubuski.ba\\\/#organization\",\"name\":\"Radio Ljubu\u0161ki\",\"url\":\"https:\\\/\\\/radioljubuski.ba\\\/\",\"logo\":{\"@type\":\"ImageObject\",\"inLanguage\":\"hr\",\"@id\":\"https:\\\/\\\/radioljubuski.ba\\\/#\\\/schema\\\/logo\\\/image\\\/\",\"url\":\"https:\\\/\\\/radioljubuski.ba\\\/wp-content\\\/uploads\\\/2021\\\/02\\\/cropped-Radio_Ljubuski_logo1.jpg\",\"contentUrl\":\"https:\\\/\\\/radioljubuski.ba\\\/wp-content\\\/uploads\\\/2021\\\/02\\\/cropped-Radio_Ljubuski_logo1.jpg\",\"width\":512,\"height\":512,\"caption\":\"Radio Ljubu\u0161ki\"},\"image\":{\"@id\":\"https:\\\/\\\/radioljubuski.ba\\\/#\\\/schema\\\/logo\\\/image\\\/\"},\"sameAs\":[\"https:\\\/\\\/www.facebook.com\\\/Radiio-Ljubuski-1490835324566332\",\"https:\\\/\\\/x.com\\\/radioljubuski\",\"https:\\\/\\\/hr.linkedin.com\\\/company\\\/radio-ljubuski\",\"https:\\\/\\\/www.youtube.com\\\/channel\\\/UCHYaeO_n0Db3tjNGudGpXyw\"]},{\"@type\":\"Person\",\"@id\":\"https:\\\/\\\/radioljubuski.ba\\\/#\\\/schema\\\/person\\\/19fc700381a780f69665d7956c469e3b\",\"name\":\"Radio Ljubu\u0161ki\"}]}<\/script>\n<!-- \/ Yoast SEO plugin. -->","yoast_head_json":{"title":"\u010cak dvije tre\u0107ine ljudi sada ne mo\u017ee darovati krv zbog koronavirusa ili cijepljenja - RADIO LJUBU\u0160KI","robots":{"index":"index","follow":"follow","max-snippet":"max-snippet:-1","max-image-preview":"max-image-preview:large","max-video-preview":"max-video-preview:-1"},"canonical":"https:\/\/radioljubuski.ba\/index.php\/2021\/10\/16\/cak-dvije-trecine-ljudi-sada-ne-moze-darovati-krv-zbog-koronavirusa-ili-cijepljenja\/","og_locale":"hr_HR","og_type":"article","og_title":"\u010cak dvije tre\u0107ine ljudi sada ne mo\u017ee darovati krv zbog koronavirusa ili cijepljenja - RADIO LJUBU\u0160KI","og_description":"Direktorica Zavoda za transfuzijsku medicinu FBiH prim.dr. Aida \u0110ozo rekla je u izjavi za Federalnu novinsku agenciju da krv nije mogu\u0107e proizvesti na umjetan na\u010din. Jedini izvor toga jest \u010dovjek \u2013 darivatelj krvi. Kako bi se osiguralo brzo, kvalitetno i sigurno lije\u010denje bolesnika, potrebno je uvijek imati dovoljan broj darivatelja krvi, a time i dovoljne [&hellip;]","og_url":"https:\/\/radioljubuski.ba\/index.php\/2021\/10\/16\/cak-dvije-trecine-ljudi-sada-ne-moze-darovati-krv-zbog-koronavirusa-ili-cijepljenja\/","og_site_name":"RADIO LJUBU\u0160KI","article_publisher":"https:\/\/www.facebook.com\/Radiio-Ljubuski-1490835324566332","article_published_time":"2021-10-16T12:38:52+00:00","article_modified_time":"2021-10-16T12:38:53+00:00","og_image":[{"width":1000,"height":625,"url":"https:\/\/radioljubuski.ba\/wp-content\/uploads\/2021\/10\/2-2021-10-16-09-43-37-krv.jpg","type":"image\/jpeg"}],"author":"Radio Ljubu\u0161ki","twitter_card":"summary_large_image","twitter_creator":"@radioljubuski","twitter_site":"@radioljubuski","twitter_misc":{"Napisao\/la":"Radio Ljubu\u0161ki","Procijenjeno vrijeme \u010ditanja":"2 minute"},"schema":{"@context":"https:\/\/schema.org","@graph":[{"@type":"Article","@id":"https:\/\/radioljubuski.ba\/index.php\/2021\/10\/16\/cak-dvije-trecine-ljudi-sada-ne-moze-darovati-krv-zbog-koronavirusa-ili-cijepljenja\/#article","isPartOf":{"@id":"https:\/\/radioljubuski.ba\/index.php\/2021\/10\/16\/cak-dvije-trecine-ljudi-sada-ne-moze-darovati-krv-zbog-koronavirusa-ili-cijepljenja\/"},"author":{"name":"Radio Ljubu\u0161ki","@id":"https:\/\/radioljubuski.ba\/#\/schema\/person\/19fc700381a780f69665d7956c469e3b"},"headline":"\u010cak dvije tre\u0107ine ljudi sada ne mo\u017ee darovati krv zbog koronavirusa ili cijepljenja","datePublished":"2021-10-16T12:38:52+00:00","dateModified":"2021-10-16T12:38:53+00:00","mainEntityOfPage":{"@id":"https:\/\/radioljubuski.ba\/index.php\/2021\/10\/16\/cak-dvije-trecine-ljudi-sada-ne-moze-darovati-krv-zbog-koronavirusa-ili-cijepljenja\/"},"wordCount":425,"publisher":{"@id":"https:\/\/radioljubuski.ba\/#organization"},"image":{"@id":"https:\/\/radioljubuski.ba\/index.php\/2021\/10\/16\/cak-dvije-trecine-ljudi-sada-ne-moze-darovati-krv-zbog-koronavirusa-ili-cijepljenja\/#primaryimage"},"thumbnailUrl":"https:\/\/radioljubuski.ba\/wp-content\/uploads\/2021\/10\/2-2021-10-16-09-43-37-krv.jpg","articleSection":["BIH i regija"],"inLanguage":"hr"},{"@type":"WebPage","@id":"https:\/\/radioljubuski.ba\/index.php\/2021\/10\/16\/cak-dvije-trecine-ljudi-sada-ne-moze-darovati-krv-zbog-koronavirusa-ili-cijepljenja\/","url":"https:\/\/radioljubuski.ba\/index.php\/2021\/10\/16\/cak-dvije-trecine-ljudi-sada-ne-moze-darovati-krv-zbog-koronavirusa-ili-cijepljenja\/","name":"\u010cak dvije tre\u0107ine ljudi sada ne mo\u017ee darovati krv zbog koronavirusa ili cijepljenja - RADIO LJUBU\u0160KI","isPartOf":{"@id":"https:\/\/radioljubuski.ba\/#website"},"primaryImageOfPage":{"@id":"https:\/\/radioljubuski.ba\/index.php\/2021\/10\/16\/cak-dvije-trecine-ljudi-sada-ne-moze-darovati-krv-zbog-koronavirusa-ili-cijepljenja\/#primaryimage"},"image":{"@id":"https:\/\/radioljubuski.ba\/index.php\/2021\/10\/16\/cak-dvije-trecine-ljudi-sada-ne-moze-darovati-krv-zbog-koronavirusa-ili-cijepljenja\/#primaryimage"},"thumbnailUrl":"https:\/\/radioljubuski.ba\/wp-content\/uploads\/2021\/10\/2-2021-10-16-09-43-37-krv.jpg","datePublished":"2021-10-16T12:38:52+00:00","dateModified":"2021-10-16T12:38:53+00:00","breadcrumb":{"@id":"https:\/\/radioljubuski.ba\/index.php\/2021\/10\/16\/cak-dvije-trecine-ljudi-sada-ne-moze-darovati-krv-zbog-koronavirusa-ili-cijepljenja\/#breadcrumb"},"inLanguage":"hr","potentialAction":[{"@type":"ReadAction","target":["https:\/\/radioljubuski.ba\/index.php\/2021\/10\/16\/cak-dvije-trecine-ljudi-sada-ne-moze-darovati-krv-zbog-koronavirusa-ili-cijepljenja\/"]}]},{"@type":"ImageObject","inLanguage":"hr","@id":"https:\/\/radioljubuski.ba\/index.php\/2021\/10\/16\/cak-dvije-trecine-ljudi-sada-ne-moze-darovati-krv-zbog-koronavirusa-ili-cijepljenja\/#primaryimage","url":"https:\/\/radioljubuski.ba\/wp-content\/uploads\/2021\/10\/2-2021-10-16-09-43-37-krv.jpg","contentUrl":"https:\/\/radioljubuski.ba\/wp-content\/uploads\/2021\/10\/2-2021-10-16-09-43-37-krv.jpg","width":1000,"height":625},{"@type":"BreadcrumbList","@id":"https:\/\/radioljubuski.ba\/index.php\/2021\/10\/16\/cak-dvije-trecine-ljudi-sada-ne-moze-darovati-krv-zbog-koronavirusa-ili-cijepljenja\/#breadcrumb","itemListElement":[{"@type":"ListItem","position":1,"name":"Po\u010detna stranica","item":"https:\/\/radioljubuski.ba\/"},{"@type":"ListItem","position":2,"name":"\u010cak dvije tre\u0107ine ljudi sada ne mo\u017ee darovati krv zbog koronavirusa ili cijepljenja"}]},{"@type":"WebSite","@id":"https:\/\/radioljubuski.ba\/#website","url":"https:\/\/radioljubuski.ba\/","name":"Radio Ljubu\u0161ki","description":"Sun\u010dana frekvencija Hercegovine","publisher":{"@id":"https:\/\/radioljubuski.ba\/#organization"},"potentialAction":[{"@type":"SearchAction","target":{"@type":"EntryPoint","urlTemplate":"https:\/\/radioljubuski.ba\/?s={search_term_string}"},"query-input":{"@type":"PropertyValueSpecification","valueRequired":true,"valueName":"search_term_string"}}],"inLanguage":"hr"},{"@type":"Organization","@id":"https:\/\/radioljubuski.ba\/#organization","name":"Radio Ljubu\u0161ki","url":"https:\/\/radioljubuski.ba\/","logo":{"@type":"ImageObject","inLanguage":"hr","@id":"https:\/\/radioljubuski.ba\/#\/schema\/logo\/image\/","url":"https:\/\/radioljubuski.ba\/wp-content\/uploads\/2021\/02\/cropped-Radio_Ljubuski_logo1.jpg","contentUrl":"https:\/\/radioljubuski.ba\/wp-content\/uploads\/2021\/02\/cropped-Radio_Ljubuski_logo1.jpg","width":512,"height":512,"caption":"Radio Ljubu\u0161ki"},"image":{"@id":"https:\/\/radioljubuski.ba\/#\/schema\/logo\/image\/"},"sameAs":["https:\/\/www.facebook.com\/Radiio-Ljubuski-1490835324566332","https:\/\/x.com\/radioljubuski","https:\/\/hr.linkedin.com\/company\/radio-ljubuski","https:\/\/www.youtube.com\/channel\/UCHYaeO_n0Db3tjNGudGpXyw"]},{"@type":"Person","@id":"https:\/\/radioljubuski.ba\/#\/schema\/person\/19fc700381a780f69665d7956c469e3b","name":"Radio Ljubu\u0161ki"}]}},"_links":{"self":[{"href":"https:\/\/radioljubuski.ba\/index.php\/wp-json\/wp\/v2\/posts\/76452","targetHints":{"allow":["GET"]}}],"collection":[{"href":"https:\/\/radioljubuski.ba\/index.php\/wp-json\/wp\/v2\/posts"}],"about":[{"href":"https:\/\/radioljubuski.ba\/index.php\/wp-json\/wp\/v2\/types\/post"}],"author":[{"embeddable":true,"href":"https:\/\/radioljubuski.ba\/index.php\/wp-json\/wp\/v2\/users\/2"}],"replies":[{"embeddable":true,"href":"https:\/\/radioljubuski.ba\/index.php\/wp-json\/wp\/v2\/comments?post=76452"}],"version-history":[{"count":1,"href":"https:\/\/radioljubuski.ba\/index.php\/wp-json\/wp\/v2\/posts\/76452\/revisions"}],"predecessor-version":[{"id":76454,"href":"https:\/\/radioljubuski.ba\/index.php\/wp-json\/wp\/v2\/posts\/76452\/revisions\/76454"}],"wp:featuredmedia":[{"embeddable":true,"href":"https:\/\/radioljubuski.ba\/index.php\/wp-json\/wp\/v2\/media\/76453"}],"wp:attachment":[{"href":"https:\/\/radioljubuski.ba\/index.php\/wp-json\/wp\/v2\/media?parent=76452"}],"wp:term":[{"taxonomy":"category","embeddable":true,"href":"https:\/\/radioljubuski.ba\/index.php\/wp-json\/wp\/v2\/categories?post=76452"},{"taxonomy":"post_tag","embeddable":true,"href":"https:\/\/radioljubuski.ba\/index.php\/wp-json\/wp\/v2\/tags?post=76452"}],"curies":[{"name":"wp","href":"https:\/\/api.w.org\/{rel}","templated":true}]}}