{"id":76460,"date":"2021-10-16T15:51:45","date_gmt":"2021-10-16T14:51:45","guid":{"rendered":"https:\/\/radioljubuski.ba\/?p=76460"},"modified":"2021-10-16T15:51:46","modified_gmt":"2021-10-16T14:51:46","slug":"nakon-debija-za-vatrene-produljio-ugovor-s-bayernom","status":"publish","type":"post","link":"https:\/\/radioljubuski.ba\/index.php\/2021\/10\/16\/nakon-debija-za-vatrene-produljio-ugovor-s-bayernom\/","title":{"rendered":"Nakon debija za Vatrene produljio ugovor s Bayernom"},"content":{"rendered":"\n<p><strong>Josip Stani\u0161i\u0107, odnedavno novo lice u hrvatskoj reprezentaciji, potpisao je produljenje ugovora sa svojim klubom, minhenskim Bayernom.<\/strong><\/p>\n\n\n\n<p>Prija\u0161nji ugovor Stani\u0161i\u0107a i njema\u010dkog prvaka je trajao do 2023., a sada ga je Stani\u0161i\u0107 produljio do 2025. godine. U Bayernu je 21-godi\u0161nji Stani\u0161i\u0107 od 2017. godine. Nakon \u0161to je pro\u0161ao mla\u0111e uzraste kluba iz Bavarske, od 2019. do ove godine je igrao za tamo\u0161nju drugu mom\u010dad.<\/p>\n\n\n\n<p>Od po\u010detka aktualne sezone krenuo je streloviti uspon ovog desnog bo\u010dnog igra\u010da. Ukupno je za Bayern ove sezone upisao osam nastupa (sva natjecanja), od \u010dega je \u010detiri puta startao od prve minute. U Bundesligi gdje je Bayern trenuta\u010dno vode\u0107i Stani\u0161i\u0107 ima \u0161est nastupa.<\/p>\n\n\n\n<blockquote class=\"twitter-tweet\"><p lang=\"de\" dir=\"ltr\">Die Stimmen zu <a href=\"https:\/\/twitter.com\/hashtag\/Stani%C5%A1i%C4%872025?src=hash&amp;ref_src=twsrc%5Etfw\">#Stani\u0161i\u01072025<\/a>! \ud83c\udfa5 <a href=\"https:\/\/twitter.com\/hashtag\/FCBayern?src=hash&amp;ref_src=twsrc%5Etfw\">#FCBayern<\/a> <a href=\"https:\/\/t.co\/dWstfWMkMO\">pic.twitter.com\/dWstfWMkMO<\/a><\/p>&mdash; FC Bayern M\u00fcnchen (@FCBayern) <a href=\"https:\/\/twitter.com\/FCBayern\/status\/1449028519829417984?ref_src=twsrc%5Etfw\">October 15, 2021<\/a><\/blockquote> <script async src=\"https:\/\/platform.twitter.com\/widgets.js\" charset=\"utf-8\"><\/script>\n\n\n\n<p>&#8211; Moji su ciljevi u Bayernu jasni. \u017delim pomo\u0107i mom\u010dadi u najve\u0107oj mogu\u0107oj mjeri te \u017eelim da moje igre doprinesu osvajanju \u0161to ve\u0107eg broja titula. Uslijed ovog produljenja ugovora \u017eelim zahvaliti svima u klubu \u0161to vjeruju u mene, a ja \u0107u se nastaviti truditi kako sam i proteklih mjeseci. U tom razdoblju sam u\u017eivao u svakoj sekundi u Bayernu, rekao je Stani\u0161i\u0107.<br><br><\/p>\n\n\n\n<p>Ovog igra\u010da je krenulo i na reprezentativnom planu te je nedavno debitirao za hrvatsku reprezentaciju. Odigrao je cijelu kvalifikacijsku utakmicu protiv Cipra, a potom ne\u0161to vi\u0161e od sat vremena protiv Slova\u010dke.<\/p>\n\n\n\n<p>Izvor:hrt.hr<\/p>\n","protected":false},"excerpt":{"rendered":"<p>Josip Stani\u0161i\u0107, odnedavno novo lice u hrvatskoj reprezentaciji, potpisao je produljenje ugovora sa svojim klubom, minhenskim Bayernom. Prija\u0161nji ugovor Stani\u0161i\u0107a i njema\u010dkog prvaka je trajao do 2023., a sada ga je Stani\u0161i\u0107 produljio do 2025. godine. U Bayernu je 21-godi\u0161nji Stani\u0161i\u0107 od 2017. godine. Nakon \u0161to je pro\u0161ao mla\u0111e uzraste kluba iz Bavarske, od 2019. [&hellip;]<\/p>\n","protected":false},"author":2,"featured_media":76461,"comment_status":"closed","ping_status":"closed","sticky":false,"template":"","format":"standard","meta":{"h5ap_radio_sources":[],"footnotes":""},"categories":[7],"tags":[],"class_list":["post-76460","post","type-post","status-publish","format-standard","has-post-thumbnail","hentry","category-sport"],"yoast_head":"<!-- This site is optimized with the Yoast SEO plugin v27.4 - https:\/\/yoast.com\/product\/yoast-seo-wordpress\/ -->\n<title>Nakon debija za Vatrene produljio ugovor s Bayernom - RADIO LJUBU\u0160KI<\/title>\n<meta name=\"robots\" content=\"index, follow, max-snippet:-1, max-image-preview:large, max-video-preview:-1\" \/>\n<link rel=\"canonical\" href=\"https:\/\/radioljubuski.ba\/index.php\/2021\/10\/16\/nakon-debija-za-vatrene-produljio-ugovor-s-bayernom\/\" \/>\n<meta property=\"og:locale\" content=\"hr_HR\" \/>\n<meta property=\"og:type\" content=\"article\" \/>\n<meta property=\"og:title\" content=\"Nakon debija za Vatrene produljio ugovor s Bayernom - RADIO LJUBU\u0160KI\" \/>\n<meta property=\"og:description\" content=\"Josip Stani\u0161i\u0107, odnedavno novo lice u hrvatskoj reprezentaciji, potpisao je produljenje ugovora sa svojim klubom, minhenskim Bayernom. Prija\u0161nji ugovor Stani\u0161i\u0107a i njema\u010dkog prvaka je trajao do 2023., a sada ga je Stani\u0161i\u0107 produljio do 2025. godine. U Bayernu je 21-godi\u0161nji Stani\u0161i\u0107 od 2017. godine. Nakon \u0161to je pro\u0161ao mla\u0111e uzraste kluba iz Bavarske, od 2019. [&hellip;]\" \/>\n<meta property=\"og:url\" content=\"https:\/\/radioljubuski.ba\/index.php\/2021\/10\/16\/nakon-debija-za-vatrene-produljio-ugovor-s-bayernom\/\" \/>\n<meta property=\"og:site_name\" content=\"RADIO LJUBU\u0160KI\" \/>\n<meta property=\"article:publisher\" content=\"https:\/\/www.facebook.com\/Radiio-Ljubuski-1490835324566332\" \/>\n<meta property=\"article:published_time\" content=\"2021-10-16T14:51:45+00:00\" \/>\n<meta property=\"article:modified_time\" content=\"2021-10-16T14:51:46+00:00\" \/>\n<meta property=\"og:image\" content=\"https:\/\/radioljubuski.ba\/wp-content\/uploads\/2021\/10\/hn20211011228789cropres-6167f8a07f56cres_6169b29861132_970xr.jpg\" \/>\n\t<meta property=\"og:image:width\" content=\"970\" \/>\n\t<meta property=\"og:image:height\" content=\"696\" \/>\n\t<meta property=\"og:image:type\" content=\"image\/jpeg\" \/>\n<meta name=\"author\" content=\"Radio Ljubu\u0161ki\" \/>\n<meta name=\"twitter:card\" content=\"summary_large_image\" \/>\n<meta name=\"twitter:creator\" content=\"@radioljubuski\" \/>\n<meta name=\"twitter:site\" content=\"@radioljubuski\" \/>\n<meta name=\"twitter:label1\" content=\"Napisao\/la\" \/>\n\t<meta name=\"twitter:data1\" content=\"Radio Ljubu\u0161ki\" \/>\n\t<meta name=\"twitter:label2\" content=\"Procijenjeno vrijeme \u010ditanja\" \/>\n\t<meta name=\"twitter:data2\" content=\"1 minuta\" \/>\n<script type=\"application\/ld+json\" class=\"yoast-schema-graph\">{\"@context\":\"https:\\\/\\\/schema.org\",\"@graph\":[{\"@type\":\"Article\",\"@id\":\"https:\\\/\\\/radioljubuski.ba\\\/index.php\\\/2021\\\/10\\\/16\\\/nakon-debija-za-vatrene-produljio-ugovor-s-bayernom\\\/#article\",\"isPartOf\":{\"@id\":\"https:\\\/\\\/radioljubuski.ba\\\/index.php\\\/2021\\\/10\\\/16\\\/nakon-debija-za-vatrene-produljio-ugovor-s-bayernom\\\/\"},\"author\":{\"name\":\"Radio Ljubu\u0161ki\",\"@id\":\"https:\\\/\\\/radioljubuski.ba\\\/#\\\/schema\\\/person\\\/19fc700381a780f69665d7956c469e3b\"},\"headline\":\"Nakon debija za Vatrene produljio ugovor s Bayernom\",\"datePublished\":\"2021-10-16T14:51:45+00:00\",\"dateModified\":\"2021-10-16T14:51:46+00:00\",\"mainEntityOfPage\":{\"@id\":\"https:\\\/\\\/radioljubuski.ba\\\/index.php\\\/2021\\\/10\\\/16\\\/nakon-debija-za-vatrene-produljio-ugovor-s-bayernom\\\/\"},\"wordCount\":253,\"publisher\":{\"@id\":\"https:\\\/\\\/radioljubuski.ba\\\/#organization\"},\"image\":{\"@id\":\"https:\\\/\\\/radioljubuski.ba\\\/index.php\\\/2021\\\/10\\\/16\\\/nakon-debija-za-vatrene-produljio-ugovor-s-bayernom\\\/#primaryimage\"},\"thumbnailUrl\":\"https:\\\/\\\/radioljubuski.ba\\\/wp-content\\\/uploads\\\/2021\\\/10\\\/hn20211011228789cropres-6167f8a07f56cres_6169b29861132_970xr.jpg\",\"articleSection\":[\"\u0160port\"],\"inLanguage\":\"hr\"},{\"@type\":\"WebPage\",\"@id\":\"https:\\\/\\\/radioljubuski.ba\\\/index.php\\\/2021\\\/10\\\/16\\\/nakon-debija-za-vatrene-produljio-ugovor-s-bayernom\\\/\",\"url\":\"https:\\\/\\\/radioljubuski.ba\\\/index.php\\\/2021\\\/10\\\/16\\\/nakon-debija-za-vatrene-produljio-ugovor-s-bayernom\\\/\",\"name\":\"Nakon debija za Vatrene produljio ugovor s Bayernom - RADIO LJUBU\u0160KI\",\"isPartOf\":{\"@id\":\"https:\\\/\\\/radioljubuski.ba\\\/#website\"},\"primaryImageOfPage\":{\"@id\":\"https:\\\/\\\/radioljubuski.ba\\\/index.php\\\/2021\\\/10\\\/16\\\/nakon-debija-za-vatrene-produljio-ugovor-s-bayernom\\\/#primaryimage\"},\"image\":{\"@id\":\"https:\\\/\\\/radioljubuski.ba\\\/index.php\\\/2021\\\/10\\\/16\\\/nakon-debija-za-vatrene-produljio-ugovor-s-bayernom\\\/#primaryimage\"},\"thumbnailUrl\":\"https:\\\/\\\/radioljubuski.ba\\\/wp-content\\\/uploads\\\/2021\\\/10\\\/hn20211011228789cropres-6167f8a07f56cres_6169b29861132_970xr.jpg\",\"datePublished\":\"2021-10-16T14:51:45+00:00\",\"dateModified\":\"2021-10-16T14:51:46+00:00\",\"breadcrumb\":{\"@id\":\"https:\\\/\\\/radioljubuski.ba\\\/index.php\\\/2021\\\/10\\\/16\\\/nakon-debija-za-vatrene-produljio-ugovor-s-bayernom\\\/#breadcrumb\"},\"inLanguage\":\"hr\",\"potentialAction\":[{\"@type\":\"ReadAction\",\"target\":[\"https:\\\/\\\/radioljubuski.ba\\\/index.php\\\/2021\\\/10\\\/16\\\/nakon-debija-za-vatrene-produljio-ugovor-s-bayernom\\\/\"]}]},{\"@type\":\"ImageObject\",\"inLanguage\":\"hr\",\"@id\":\"https:\\\/\\\/radioljubuski.ba\\\/index.php\\\/2021\\\/10\\\/16\\\/nakon-debija-za-vatrene-produljio-ugovor-s-bayernom\\\/#primaryimage\",\"url\":\"https:\\\/\\\/radioljubuski.ba\\\/wp-content\\\/uploads\\\/2021\\\/10\\\/hn20211011228789cropres-6167f8a07f56cres_6169b29861132_970xr.jpg\",\"contentUrl\":\"https:\\\/\\\/radioljubuski.ba\\\/wp-content\\\/uploads\\\/2021\\\/10\\\/hn20211011228789cropres-6167f8a07f56cres_6169b29861132_970xr.jpg\",\"width\":970,\"height\":696},{\"@type\":\"BreadcrumbList\",\"@id\":\"https:\\\/\\\/radioljubuski.ba\\\/index.php\\\/2021\\\/10\\\/16\\\/nakon-debija-za-vatrene-produljio-ugovor-s-bayernom\\\/#breadcrumb\",\"itemListElement\":[{\"@type\":\"ListItem\",\"position\":1,\"name\":\"Po\u010detna stranica\",\"item\":\"https:\\\/\\\/radioljubuski.ba\\\/\"},{\"@type\":\"ListItem\",\"position\":2,\"name\":\"Nakon debija za Vatrene produljio ugovor s Bayernom\"}]},{\"@type\":\"WebSite\",\"@id\":\"https:\\\/\\\/radioljubuski.ba\\\/#website\",\"url\":\"https:\\\/\\\/radioljubuski.ba\\\/\",\"name\":\"Radio Ljubu\u0161ki\",\"description\":\"Sun\u010dana frekvencija Hercegovine\",\"publisher\":{\"@id\":\"https:\\\/\\\/radioljubuski.ba\\\/#organization\"},\"potentialAction\":[{\"@type\":\"SearchAction\",\"target\":{\"@type\":\"EntryPoint\",\"urlTemplate\":\"https:\\\/\\\/radioljubuski.ba\\\/?s={search_term_string}\"},\"query-input\":{\"@type\":\"PropertyValueSpecification\",\"valueRequired\":true,\"valueName\":\"search_term_string\"}}],\"inLanguage\":\"hr\"},{\"@type\":\"Organization\",\"@id\":\"https:\\\/\\\/radioljubuski.ba\\\/#organization\",\"name\":\"Radio Ljubu\u0161ki\",\"url\":\"https:\\\/\\\/radioljubuski.ba\\\/\",\"logo\":{\"@type\":\"ImageObject\",\"inLanguage\":\"hr\",\"@id\":\"https:\\\/\\\/radioljubuski.ba\\\/#\\\/schema\\\/logo\\\/image\\\/\",\"url\":\"https:\\\/\\\/radioljubuski.ba\\\/wp-content\\\/uploads\\\/2021\\\/02\\\/cropped-Radio_Ljubuski_logo1.jpg\",\"contentUrl\":\"https:\\\/\\\/radioljubuski.ba\\\/wp-content\\\/uploads\\\/2021\\\/02\\\/cropped-Radio_Ljubuski_logo1.jpg\",\"width\":512,\"height\":512,\"caption\":\"Radio Ljubu\u0161ki\"},\"image\":{\"@id\":\"https:\\\/\\\/radioljubuski.ba\\\/#\\\/schema\\\/logo\\\/image\\\/\"},\"sameAs\":[\"https:\\\/\\\/www.facebook.com\\\/Radiio-Ljubuski-1490835324566332\",\"https:\\\/\\\/x.com\\\/radioljubuski\",\"https:\\\/\\\/hr.linkedin.com\\\/company\\\/radio-ljubuski\",\"https:\\\/\\\/www.youtube.com\\\/channel\\\/UCHYaeO_n0Db3tjNGudGpXyw\"]},{\"@type\":\"Person\",\"@id\":\"https:\\\/\\\/radioljubuski.ba\\\/#\\\/schema\\\/person\\\/19fc700381a780f69665d7956c469e3b\",\"name\":\"Radio Ljubu\u0161ki\"}]}<\/script>\n<!-- \/ Yoast SEO plugin. -->","yoast_head_json":{"title":"Nakon debija za Vatrene produljio ugovor s Bayernom - RADIO LJUBU\u0160KI","robots":{"index":"index","follow":"follow","max-snippet":"max-snippet:-1","max-image-preview":"max-image-preview:large","max-video-preview":"max-video-preview:-1"},"canonical":"https:\/\/radioljubuski.ba\/index.php\/2021\/10\/16\/nakon-debija-za-vatrene-produljio-ugovor-s-bayernom\/","og_locale":"hr_HR","og_type":"article","og_title":"Nakon debija za Vatrene produljio ugovor s Bayernom - RADIO LJUBU\u0160KI","og_description":"Josip Stani\u0161i\u0107, odnedavno novo lice u hrvatskoj reprezentaciji, potpisao je produljenje ugovora sa svojim klubom, minhenskim Bayernom. Prija\u0161nji ugovor Stani\u0161i\u0107a i njema\u010dkog prvaka je trajao do 2023., a sada ga je Stani\u0161i\u0107 produljio do 2025. godine. U Bayernu je 21-godi\u0161nji Stani\u0161i\u0107 od 2017. godine. Nakon \u0161to je pro\u0161ao mla\u0111e uzraste kluba iz Bavarske, od 2019. [&hellip;]","og_url":"https:\/\/radioljubuski.ba\/index.php\/2021\/10\/16\/nakon-debija-za-vatrene-produljio-ugovor-s-bayernom\/","og_site_name":"RADIO LJUBU\u0160KI","article_publisher":"https:\/\/www.facebook.com\/Radiio-Ljubuski-1490835324566332","article_published_time":"2021-10-16T14:51:45+00:00","article_modified_time":"2021-10-16T14:51:46+00:00","og_image":[{"width":970,"height":696,"url":"https:\/\/radioljubuski.ba\/wp-content\/uploads\/2021\/10\/hn20211011228789cropres-6167f8a07f56cres_6169b29861132_970xr.jpg","type":"image\/jpeg"}],"author":"Radio Ljubu\u0161ki","twitter_card":"summary_large_image","twitter_creator":"@radioljubuski","twitter_site":"@radioljubuski","twitter_misc":{"Napisao\/la":"Radio Ljubu\u0161ki","Procijenjeno vrijeme \u010ditanja":"1 minuta"},"schema":{"@context":"https:\/\/schema.org","@graph":[{"@type":"Article","@id":"https:\/\/radioljubuski.ba\/index.php\/2021\/10\/16\/nakon-debija-za-vatrene-produljio-ugovor-s-bayernom\/#article","isPartOf":{"@id":"https:\/\/radioljubuski.ba\/index.php\/2021\/10\/16\/nakon-debija-za-vatrene-produljio-ugovor-s-bayernom\/"},"author":{"name":"Radio Ljubu\u0161ki","@id":"https:\/\/radioljubuski.ba\/#\/schema\/person\/19fc700381a780f69665d7956c469e3b"},"headline":"Nakon debija za Vatrene produljio ugovor s Bayernom","datePublished":"2021-10-16T14:51:45+00:00","dateModified":"2021-10-16T14:51:46+00:00","mainEntityOfPage":{"@id":"https:\/\/radioljubuski.ba\/index.php\/2021\/10\/16\/nakon-debija-za-vatrene-produljio-ugovor-s-bayernom\/"},"wordCount":253,"publisher":{"@id":"https:\/\/radioljubuski.ba\/#organization"},"image":{"@id":"https:\/\/radioljubuski.ba\/index.php\/2021\/10\/16\/nakon-debija-za-vatrene-produljio-ugovor-s-bayernom\/#primaryimage"},"thumbnailUrl":"https:\/\/radioljubuski.ba\/wp-content\/uploads\/2021\/10\/hn20211011228789cropres-6167f8a07f56cres_6169b29861132_970xr.jpg","articleSection":["\u0160port"],"inLanguage":"hr"},{"@type":"WebPage","@id":"https:\/\/radioljubuski.ba\/index.php\/2021\/10\/16\/nakon-debija-za-vatrene-produljio-ugovor-s-bayernom\/","url":"https:\/\/radioljubuski.ba\/index.php\/2021\/10\/16\/nakon-debija-za-vatrene-produljio-ugovor-s-bayernom\/","name":"Nakon debija za Vatrene produljio ugovor s Bayernom - RADIO LJUBU\u0160KI","isPartOf":{"@id":"https:\/\/radioljubuski.ba\/#website"},"primaryImageOfPage":{"@id":"https:\/\/radioljubuski.ba\/index.php\/2021\/10\/16\/nakon-debija-za-vatrene-produljio-ugovor-s-bayernom\/#primaryimage"},"image":{"@id":"https:\/\/radioljubuski.ba\/index.php\/2021\/10\/16\/nakon-debija-za-vatrene-produljio-ugovor-s-bayernom\/#primaryimage"},"thumbnailUrl":"https:\/\/radioljubuski.ba\/wp-content\/uploads\/2021\/10\/hn20211011228789cropres-6167f8a07f56cres_6169b29861132_970xr.jpg","datePublished":"2021-10-16T14:51:45+00:00","dateModified":"2021-10-16T14:51:46+00:00","breadcrumb":{"@id":"https:\/\/radioljubuski.ba\/index.php\/2021\/10\/16\/nakon-debija-za-vatrene-produljio-ugovor-s-bayernom\/#breadcrumb"},"inLanguage":"hr","potentialAction":[{"@type":"ReadAction","target":["https:\/\/radioljubuski.ba\/index.php\/2021\/10\/16\/nakon-debija-za-vatrene-produljio-ugovor-s-bayernom\/"]}]},{"@type":"ImageObject","inLanguage":"hr","@id":"https:\/\/radioljubuski.ba\/index.php\/2021\/10\/16\/nakon-debija-za-vatrene-produljio-ugovor-s-bayernom\/#primaryimage","url":"https:\/\/radioljubuski.ba\/wp-content\/uploads\/2021\/10\/hn20211011228789cropres-6167f8a07f56cres_6169b29861132_970xr.jpg","contentUrl":"https:\/\/radioljubuski.ba\/wp-content\/uploads\/2021\/10\/hn20211011228789cropres-6167f8a07f56cres_6169b29861132_970xr.jpg","width":970,"height":696},{"@type":"BreadcrumbList","@id":"https:\/\/radioljubuski.ba\/index.php\/2021\/10\/16\/nakon-debija-za-vatrene-produljio-ugovor-s-bayernom\/#breadcrumb","itemListElement":[{"@type":"ListItem","position":1,"name":"Po\u010detna stranica","item":"https:\/\/radioljubuski.ba\/"},{"@type":"ListItem","position":2,"name":"Nakon debija za Vatrene produljio ugovor s Bayernom"}]},{"@type":"WebSite","@id":"https:\/\/radioljubuski.ba\/#website","url":"https:\/\/radioljubuski.ba\/","name":"Radio Ljubu\u0161ki","description":"Sun\u010dana frekvencija Hercegovine","publisher":{"@id":"https:\/\/radioljubuski.ba\/#organization"},"potentialAction":[{"@type":"SearchAction","target":{"@type":"EntryPoint","urlTemplate":"https:\/\/radioljubuski.ba\/?s={search_term_string}"},"query-input":{"@type":"PropertyValueSpecification","valueRequired":true,"valueName":"search_term_string"}}],"inLanguage":"hr"},{"@type":"Organization","@id":"https:\/\/radioljubuski.ba\/#organization","name":"Radio Ljubu\u0161ki","url":"https:\/\/radioljubuski.ba\/","logo":{"@type":"ImageObject","inLanguage":"hr","@id":"https:\/\/radioljubuski.ba\/#\/schema\/logo\/image\/","url":"https:\/\/radioljubuski.ba\/wp-content\/uploads\/2021\/02\/cropped-Radio_Ljubuski_logo1.jpg","contentUrl":"https:\/\/radioljubuski.ba\/wp-content\/uploads\/2021\/02\/cropped-Radio_Ljubuski_logo1.jpg","width":512,"height":512,"caption":"Radio Ljubu\u0161ki"},"image":{"@id":"https:\/\/radioljubuski.ba\/#\/schema\/logo\/image\/"},"sameAs":["https:\/\/www.facebook.com\/Radiio-Ljubuski-1490835324566332","https:\/\/x.com\/radioljubuski","https:\/\/hr.linkedin.com\/company\/radio-ljubuski","https:\/\/www.youtube.com\/channel\/UCHYaeO_n0Db3tjNGudGpXyw"]},{"@type":"Person","@id":"https:\/\/radioljubuski.ba\/#\/schema\/person\/19fc700381a780f69665d7956c469e3b","name":"Radio Ljubu\u0161ki"}]}},"_links":{"self":[{"href":"https:\/\/radioljubuski.ba\/index.php\/wp-json\/wp\/v2\/posts\/76460","targetHints":{"allow":["GET"]}}],"collection":[{"href":"https:\/\/radioljubuski.ba\/index.php\/wp-json\/wp\/v2\/posts"}],"about":[{"href":"https:\/\/radioljubuski.ba\/index.php\/wp-json\/wp\/v2\/types\/post"}],"author":[{"embeddable":true,"href":"https:\/\/radioljubuski.ba\/index.php\/wp-json\/wp\/v2\/users\/2"}],"replies":[{"embeddable":true,"href":"https:\/\/radioljubuski.ba\/index.php\/wp-json\/wp\/v2\/comments?post=76460"}],"version-history":[{"count":1,"href":"https:\/\/radioljubuski.ba\/index.php\/wp-json\/wp\/v2\/posts\/76460\/revisions"}],"predecessor-version":[{"id":76462,"href":"https:\/\/radioljubuski.ba\/index.php\/wp-json\/wp\/v2\/posts\/76460\/revisions\/76462"}],"wp:featuredmedia":[{"embeddable":true,"href":"https:\/\/radioljubuski.ba\/index.php\/wp-json\/wp\/v2\/media\/76461"}],"wp:attachment":[{"href":"https:\/\/radioljubuski.ba\/index.php\/wp-json\/wp\/v2\/media?parent=76460"}],"wp:term":[{"taxonomy":"category","embeddable":true,"href":"https:\/\/radioljubuski.ba\/index.php\/wp-json\/wp\/v2\/categories?post=76460"},{"taxonomy":"post_tag","embeddable":true,"href":"https:\/\/radioljubuski.ba\/index.php\/wp-json\/wp\/v2\/tags?post=76460"}],"curies":[{"name":"wp","href":"https:\/\/api.w.org\/{rel}","templated":true}]}}