{"id":76463,"date":"2021-10-16T15:53:06","date_gmt":"2021-10-16T14:53:06","guid":{"rendered":"https:\/\/radioljubuski.ba\/?p=76463"},"modified":"2021-10-16T15:53:07","modified_gmt":"2021-10-16T14:53:07","slug":"pedri-nakon-potpisa-najveci-smo-klub-rijesit-cemo-probleme","status":"publish","type":"post","link":"https:\/\/radioljubuski.ba\/index.php\/2021\/10\/16\/pedri-nakon-potpisa-najveci-smo-klub-rijesit-cemo-probleme\/","title":{"rendered":"Pedri nakon potpisa: Najve\u0107i smo klub, rije\u0161it \u0107emo probleme"},"content":{"rendered":"\n<p><strong>U petak je 18-godi\u0161nji Pedri, najve\u0107a nada Barcelone, slu\u017ebeno potpisao novi ugovor koji ga za Barcelonu vezuje do 2026. godine.<\/strong><\/p>\n\n\n\n<p>Tim povodom je ovaj mladi nogometa\u0161 izjavio kako se nada da \u0107e u Barceloni ostati mnogo du\u017ee od te 2026. te uz to naglasio.<br><br>&#8211; Zahvaljujem se svima u klubu. Jako sam sretan iako se klub ne nalazi u lijepom razdoblju. No, mi smo najve\u0107i na svijetu, prolazimo kroz te\u0161ke trenutke, ali rije\u0161it \u0107emo sve to na najbolji na\u010din, poru\u010dio je Pedri.<br><br>Prije samog potpisivanja ugovora svi \u0161panjolski mediji su pisali kako je otpusna klauzula u slu\u010daju Pedrija \u010dak milijardu eura. Ina\u010de, podsjetimo kako je u Barcelonu Pedri do\u0161ao prije ne\u0161to vi\u0161e od godinu dana iz Las Palmasa u transferu vrijednom tek pet milijuna eura.<\/p>\n\n\n\n<p>&#8211; Va\u017enija je Barcelona i njeni planovi od moje klauzule, kratko je na tu temu rekao Pedri koji je u debitantskoj sezoni imao 53 nastupa, vi\u0161e nego bilo koji drugi igra\u010d Barcelone, a pomogao je mom\u010dadi u osvajanju Kupa kralja.<\/p>\n\n\n\n<p>Tako\u0111er, Pedri je bio dio \u0161panjolske reprezentacije koja je osvojila srebrnu medalju na nedavnim Olimpijskim igrama u Tokiju, a sezonu je zavr\u0161io s \u010dak 74 nastupa.<\/p>\n\n\n\n<p>Izvor:hrt.hr<\/p>\n","protected":false},"excerpt":{"rendered":"<p>U petak je 18-godi\u0161nji Pedri, najve\u0107a nada Barcelone, slu\u017ebeno potpisao novi ugovor koji ga za Barcelonu vezuje do 2026. godine. Tim povodom je ovaj mladi nogometa\u0161 izjavio kako se nada da \u0107e u Barceloni ostati mnogo du\u017ee od te 2026. te uz to naglasio. &#8211; Zahvaljujem se svima u klubu. Jako sam sretan iako se [&hellip;]<\/p>\n","protected":false},"author":2,"featured_media":76464,"comment_status":"closed","ping_status":"closed","sticky":false,"template":"","format":"standard","meta":{"h5ap_radio_sources":[],"footnotes":""},"categories":[7],"tags":[],"class_list":["post-76463","post","type-post","status-publish","format-standard","has-post-thumbnail","hentry","category-sport"],"yoast_head":"<!-- This site is optimized with the Yoast SEO plugin v27.4 - https:\/\/yoast.com\/product\/yoast-seo-wordpress\/ -->\n<title>Pedri nakon potpisa: Najve\u0107i smo klub, rije\u0161it \u0107emo probleme - RADIO LJUBU\u0160KI<\/title>\n<meta name=\"robots\" content=\"index, follow, max-snippet:-1, max-image-preview:large, max-video-preview:-1\" \/>\n<link rel=\"canonical\" href=\"https:\/\/radioljubuski.ba\/index.php\/2021\/10\/16\/pedri-nakon-potpisa-najveci-smo-klub-rijesit-cemo-probleme\/\" \/>\n<meta property=\"og:locale\" content=\"hr_HR\" \/>\n<meta property=\"og:type\" content=\"article\" \/>\n<meta property=\"og:title\" content=\"Pedri nakon potpisa: Najve\u0107i smo klub, rije\u0161it \u0107emo probleme - RADIO LJUBU\u0160KI\" \/>\n<meta property=\"og:description\" content=\"U petak je 18-godi\u0161nji Pedri, najve\u0107a nada Barcelone, slu\u017ebeno potpisao novi ugovor koji ga za Barcelonu vezuje do 2026. godine. Tim povodom je ovaj mladi nogometa\u0161 izjavio kako se nada da \u0107e u Barceloni ostati mnogo du\u017ee od te 2026. te uz to naglasio. &#8211; Zahvaljujem se svima u klubu. Jako sam sretan iako se [&hellip;]\" \/>\n<meta property=\"og:url\" content=\"https:\/\/radioljubuski.ba\/index.php\/2021\/10\/16\/pedri-nakon-potpisa-najveci-smo-klub-rijesit-cemo-probleme\/\" \/>\n<meta property=\"og:site_name\" content=\"RADIO LJUBU\u0160KI\" \/>\n<meta property=\"article:publisher\" content=\"https:\/\/www.facebook.com\/Radiio-Ljubuski-1490835324566332\" \/>\n<meta property=\"article:published_time\" content=\"2021-10-16T14:53:06+00:00\" \/>\n<meta property=\"article:modified_time\" content=\"2021-10-16T14:53:07+00:00\" \/>\n<meta property=\"og:image\" content=\"https:\/\/radioljubuski.ba\/wp-content\/uploads\/2021\/10\/o_19672768_1024.jpg\" \/>\n\t<meta property=\"og:image:width\" content=\"1024\" \/>\n\t<meta property=\"og:image:height\" content=\"682\" \/>\n\t<meta property=\"og:image:type\" content=\"image\/jpeg\" \/>\n<meta name=\"author\" content=\"Radio Ljubu\u0161ki\" \/>\n<meta name=\"twitter:card\" content=\"summary_large_image\" \/>\n<meta name=\"twitter:creator\" content=\"@radioljubuski\" \/>\n<meta name=\"twitter:site\" content=\"@radioljubuski\" \/>\n<meta name=\"twitter:label1\" content=\"Napisao\/la\" \/>\n\t<meta name=\"twitter:data1\" content=\"Radio Ljubu\u0161ki\" \/>\n\t<meta name=\"twitter:label2\" content=\"Procijenjeno vrijeme \u010ditanja\" \/>\n\t<meta name=\"twitter:data2\" content=\"1 minuta\" \/>\n<script type=\"application\/ld+json\" class=\"yoast-schema-graph\">{\"@context\":\"https:\\\/\\\/schema.org\",\"@graph\":[{\"@type\":\"Article\",\"@id\":\"https:\\\/\\\/radioljubuski.ba\\\/index.php\\\/2021\\\/10\\\/16\\\/pedri-nakon-potpisa-najveci-smo-klub-rijesit-cemo-probleme\\\/#article\",\"isPartOf\":{\"@id\":\"https:\\\/\\\/radioljubuski.ba\\\/index.php\\\/2021\\\/10\\\/16\\\/pedri-nakon-potpisa-najveci-smo-klub-rijesit-cemo-probleme\\\/\"},\"author\":{\"name\":\"Radio Ljubu\u0161ki\",\"@id\":\"https:\\\/\\\/radioljubuski.ba\\\/#\\\/schema\\\/person\\\/19fc700381a780f69665d7956c469e3b\"},\"headline\":\"Pedri nakon potpisa: Najve\u0107i smo klub, rije\u0161it \u0107emo probleme\",\"datePublished\":\"2021-10-16T14:53:06+00:00\",\"dateModified\":\"2021-10-16T14:53:07+00:00\",\"mainEntityOfPage\":{\"@id\":\"https:\\\/\\\/radioljubuski.ba\\\/index.php\\\/2021\\\/10\\\/16\\\/pedri-nakon-potpisa-najveci-smo-klub-rijesit-cemo-probleme\\\/\"},\"wordCount\":220,\"publisher\":{\"@id\":\"https:\\\/\\\/radioljubuski.ba\\\/#organization\"},\"image\":{\"@id\":\"https:\\\/\\\/radioljubuski.ba\\\/index.php\\\/2021\\\/10\\\/16\\\/pedri-nakon-potpisa-najveci-smo-klub-rijesit-cemo-probleme\\\/#primaryimage\"},\"thumbnailUrl\":\"https:\\\/\\\/radioljubuski.ba\\\/wp-content\\\/uploads\\\/2021\\\/10\\\/o_19672768_1024.jpg\",\"articleSection\":[\"\u0160port\"],\"inLanguage\":\"hr\"},{\"@type\":\"WebPage\",\"@id\":\"https:\\\/\\\/radioljubuski.ba\\\/index.php\\\/2021\\\/10\\\/16\\\/pedri-nakon-potpisa-najveci-smo-klub-rijesit-cemo-probleme\\\/\",\"url\":\"https:\\\/\\\/radioljubuski.ba\\\/index.php\\\/2021\\\/10\\\/16\\\/pedri-nakon-potpisa-najveci-smo-klub-rijesit-cemo-probleme\\\/\",\"name\":\"Pedri nakon potpisa: Najve\u0107i smo klub, rije\u0161it \u0107emo probleme - RADIO LJUBU\u0160KI\",\"isPartOf\":{\"@id\":\"https:\\\/\\\/radioljubuski.ba\\\/#website\"},\"primaryImageOfPage\":{\"@id\":\"https:\\\/\\\/radioljubuski.ba\\\/index.php\\\/2021\\\/10\\\/16\\\/pedri-nakon-potpisa-najveci-smo-klub-rijesit-cemo-probleme\\\/#primaryimage\"},\"image\":{\"@id\":\"https:\\\/\\\/radioljubuski.ba\\\/index.php\\\/2021\\\/10\\\/16\\\/pedri-nakon-potpisa-najveci-smo-klub-rijesit-cemo-probleme\\\/#primaryimage\"},\"thumbnailUrl\":\"https:\\\/\\\/radioljubuski.ba\\\/wp-content\\\/uploads\\\/2021\\\/10\\\/o_19672768_1024.jpg\",\"datePublished\":\"2021-10-16T14:53:06+00:00\",\"dateModified\":\"2021-10-16T14:53:07+00:00\",\"breadcrumb\":{\"@id\":\"https:\\\/\\\/radioljubuski.ba\\\/index.php\\\/2021\\\/10\\\/16\\\/pedri-nakon-potpisa-najveci-smo-klub-rijesit-cemo-probleme\\\/#breadcrumb\"},\"inLanguage\":\"hr\",\"potentialAction\":[{\"@type\":\"ReadAction\",\"target\":[\"https:\\\/\\\/radioljubuski.ba\\\/index.php\\\/2021\\\/10\\\/16\\\/pedri-nakon-potpisa-najveci-smo-klub-rijesit-cemo-probleme\\\/\"]}]},{\"@type\":\"ImageObject\",\"inLanguage\":\"hr\",\"@id\":\"https:\\\/\\\/radioljubuski.ba\\\/index.php\\\/2021\\\/10\\\/16\\\/pedri-nakon-potpisa-najveci-smo-klub-rijesit-cemo-probleme\\\/#primaryimage\",\"url\":\"https:\\\/\\\/radioljubuski.ba\\\/wp-content\\\/uploads\\\/2021\\\/10\\\/o_19672768_1024.jpg\",\"contentUrl\":\"https:\\\/\\\/radioljubuski.ba\\\/wp-content\\\/uploads\\\/2021\\\/10\\\/o_19672768_1024.jpg\",\"width\":1024,\"height\":682},{\"@type\":\"BreadcrumbList\",\"@id\":\"https:\\\/\\\/radioljubuski.ba\\\/index.php\\\/2021\\\/10\\\/16\\\/pedri-nakon-potpisa-najveci-smo-klub-rijesit-cemo-probleme\\\/#breadcrumb\",\"itemListElement\":[{\"@type\":\"ListItem\",\"position\":1,\"name\":\"Po\u010detna stranica\",\"item\":\"https:\\\/\\\/radioljubuski.ba\\\/\"},{\"@type\":\"ListItem\",\"position\":2,\"name\":\"Pedri nakon potpisa: Najve\u0107i smo klub, rije\u0161it \u0107emo probleme\"}]},{\"@type\":\"WebSite\",\"@id\":\"https:\\\/\\\/radioljubuski.ba\\\/#website\",\"url\":\"https:\\\/\\\/radioljubuski.ba\\\/\",\"name\":\"Radio Ljubu\u0161ki\",\"description\":\"Sun\u010dana frekvencija Hercegovine\",\"publisher\":{\"@id\":\"https:\\\/\\\/radioljubuski.ba\\\/#organization\"},\"potentialAction\":[{\"@type\":\"SearchAction\",\"target\":{\"@type\":\"EntryPoint\",\"urlTemplate\":\"https:\\\/\\\/radioljubuski.ba\\\/?s={search_term_string}\"},\"query-input\":{\"@type\":\"PropertyValueSpecification\",\"valueRequired\":true,\"valueName\":\"search_term_string\"}}],\"inLanguage\":\"hr\"},{\"@type\":\"Organization\",\"@id\":\"https:\\\/\\\/radioljubuski.ba\\\/#organization\",\"name\":\"Radio Ljubu\u0161ki\",\"url\":\"https:\\\/\\\/radioljubuski.ba\\\/\",\"logo\":{\"@type\":\"ImageObject\",\"inLanguage\":\"hr\",\"@id\":\"https:\\\/\\\/radioljubuski.ba\\\/#\\\/schema\\\/logo\\\/image\\\/\",\"url\":\"https:\\\/\\\/radioljubuski.ba\\\/wp-content\\\/uploads\\\/2021\\\/02\\\/cropped-Radio_Ljubuski_logo1.jpg\",\"contentUrl\":\"https:\\\/\\\/radioljubuski.ba\\\/wp-content\\\/uploads\\\/2021\\\/02\\\/cropped-Radio_Ljubuski_logo1.jpg\",\"width\":512,\"height\":512,\"caption\":\"Radio Ljubu\u0161ki\"},\"image\":{\"@id\":\"https:\\\/\\\/radioljubuski.ba\\\/#\\\/schema\\\/logo\\\/image\\\/\"},\"sameAs\":[\"https:\\\/\\\/www.facebook.com\\\/Radiio-Ljubuski-1490835324566332\",\"https:\\\/\\\/x.com\\\/radioljubuski\",\"https:\\\/\\\/hr.linkedin.com\\\/company\\\/radio-ljubuski\",\"https:\\\/\\\/www.youtube.com\\\/channel\\\/UCHYaeO_n0Db3tjNGudGpXyw\"]},{\"@type\":\"Person\",\"@id\":\"https:\\\/\\\/radioljubuski.ba\\\/#\\\/schema\\\/person\\\/19fc700381a780f69665d7956c469e3b\",\"name\":\"Radio Ljubu\u0161ki\"}]}<\/script>\n<!-- \/ Yoast SEO plugin. -->","yoast_head_json":{"title":"Pedri nakon potpisa: Najve\u0107i smo klub, rije\u0161it \u0107emo probleme - RADIO LJUBU\u0160KI","robots":{"index":"index","follow":"follow","max-snippet":"max-snippet:-1","max-image-preview":"max-image-preview:large","max-video-preview":"max-video-preview:-1"},"canonical":"https:\/\/radioljubuski.ba\/index.php\/2021\/10\/16\/pedri-nakon-potpisa-najveci-smo-klub-rijesit-cemo-probleme\/","og_locale":"hr_HR","og_type":"article","og_title":"Pedri nakon potpisa: Najve\u0107i smo klub, rije\u0161it \u0107emo probleme - RADIO LJUBU\u0160KI","og_description":"U petak je 18-godi\u0161nji Pedri, najve\u0107a nada Barcelone, slu\u017ebeno potpisao novi ugovor koji ga za Barcelonu vezuje do 2026. godine. Tim povodom je ovaj mladi nogometa\u0161 izjavio kako se nada da \u0107e u Barceloni ostati mnogo du\u017ee od te 2026. te uz to naglasio. &#8211; Zahvaljujem se svima u klubu. Jako sam sretan iako se [&hellip;]","og_url":"https:\/\/radioljubuski.ba\/index.php\/2021\/10\/16\/pedri-nakon-potpisa-najveci-smo-klub-rijesit-cemo-probleme\/","og_site_name":"RADIO LJUBU\u0160KI","article_publisher":"https:\/\/www.facebook.com\/Radiio-Ljubuski-1490835324566332","article_published_time":"2021-10-16T14:53:06+00:00","article_modified_time":"2021-10-16T14:53:07+00:00","og_image":[{"width":1024,"height":682,"url":"https:\/\/radioljubuski.ba\/wp-content\/uploads\/2021\/10\/o_19672768_1024.jpg","type":"image\/jpeg"}],"author":"Radio Ljubu\u0161ki","twitter_card":"summary_large_image","twitter_creator":"@radioljubuski","twitter_site":"@radioljubuski","twitter_misc":{"Napisao\/la":"Radio Ljubu\u0161ki","Procijenjeno vrijeme \u010ditanja":"1 minuta"},"schema":{"@context":"https:\/\/schema.org","@graph":[{"@type":"Article","@id":"https:\/\/radioljubuski.ba\/index.php\/2021\/10\/16\/pedri-nakon-potpisa-najveci-smo-klub-rijesit-cemo-probleme\/#article","isPartOf":{"@id":"https:\/\/radioljubuski.ba\/index.php\/2021\/10\/16\/pedri-nakon-potpisa-najveci-smo-klub-rijesit-cemo-probleme\/"},"author":{"name":"Radio Ljubu\u0161ki","@id":"https:\/\/radioljubuski.ba\/#\/schema\/person\/19fc700381a780f69665d7956c469e3b"},"headline":"Pedri nakon potpisa: Najve\u0107i smo klub, rije\u0161it \u0107emo probleme","datePublished":"2021-10-16T14:53:06+00:00","dateModified":"2021-10-16T14:53:07+00:00","mainEntityOfPage":{"@id":"https:\/\/radioljubuski.ba\/index.php\/2021\/10\/16\/pedri-nakon-potpisa-najveci-smo-klub-rijesit-cemo-probleme\/"},"wordCount":220,"publisher":{"@id":"https:\/\/radioljubuski.ba\/#organization"},"image":{"@id":"https:\/\/radioljubuski.ba\/index.php\/2021\/10\/16\/pedri-nakon-potpisa-najveci-smo-klub-rijesit-cemo-probleme\/#primaryimage"},"thumbnailUrl":"https:\/\/radioljubuski.ba\/wp-content\/uploads\/2021\/10\/o_19672768_1024.jpg","articleSection":["\u0160port"],"inLanguage":"hr"},{"@type":"WebPage","@id":"https:\/\/radioljubuski.ba\/index.php\/2021\/10\/16\/pedri-nakon-potpisa-najveci-smo-klub-rijesit-cemo-probleme\/","url":"https:\/\/radioljubuski.ba\/index.php\/2021\/10\/16\/pedri-nakon-potpisa-najveci-smo-klub-rijesit-cemo-probleme\/","name":"Pedri nakon potpisa: Najve\u0107i smo klub, rije\u0161it \u0107emo probleme - RADIO LJUBU\u0160KI","isPartOf":{"@id":"https:\/\/radioljubuski.ba\/#website"},"primaryImageOfPage":{"@id":"https:\/\/radioljubuski.ba\/index.php\/2021\/10\/16\/pedri-nakon-potpisa-najveci-smo-klub-rijesit-cemo-probleme\/#primaryimage"},"image":{"@id":"https:\/\/radioljubuski.ba\/index.php\/2021\/10\/16\/pedri-nakon-potpisa-najveci-smo-klub-rijesit-cemo-probleme\/#primaryimage"},"thumbnailUrl":"https:\/\/radioljubuski.ba\/wp-content\/uploads\/2021\/10\/o_19672768_1024.jpg","datePublished":"2021-10-16T14:53:06+00:00","dateModified":"2021-10-16T14:53:07+00:00","breadcrumb":{"@id":"https:\/\/radioljubuski.ba\/index.php\/2021\/10\/16\/pedri-nakon-potpisa-najveci-smo-klub-rijesit-cemo-probleme\/#breadcrumb"},"inLanguage":"hr","potentialAction":[{"@type":"ReadAction","target":["https:\/\/radioljubuski.ba\/index.php\/2021\/10\/16\/pedri-nakon-potpisa-najveci-smo-klub-rijesit-cemo-probleme\/"]}]},{"@type":"ImageObject","inLanguage":"hr","@id":"https:\/\/radioljubuski.ba\/index.php\/2021\/10\/16\/pedri-nakon-potpisa-najveci-smo-klub-rijesit-cemo-probleme\/#primaryimage","url":"https:\/\/radioljubuski.ba\/wp-content\/uploads\/2021\/10\/o_19672768_1024.jpg","contentUrl":"https:\/\/radioljubuski.ba\/wp-content\/uploads\/2021\/10\/o_19672768_1024.jpg","width":1024,"height":682},{"@type":"BreadcrumbList","@id":"https:\/\/radioljubuski.ba\/index.php\/2021\/10\/16\/pedri-nakon-potpisa-najveci-smo-klub-rijesit-cemo-probleme\/#breadcrumb","itemListElement":[{"@type":"ListItem","position":1,"name":"Po\u010detna stranica","item":"https:\/\/radioljubuski.ba\/"},{"@type":"ListItem","position":2,"name":"Pedri nakon potpisa: Najve\u0107i smo klub, rije\u0161it \u0107emo probleme"}]},{"@type":"WebSite","@id":"https:\/\/radioljubuski.ba\/#website","url":"https:\/\/radioljubuski.ba\/","name":"Radio Ljubu\u0161ki","description":"Sun\u010dana frekvencija Hercegovine","publisher":{"@id":"https:\/\/radioljubuski.ba\/#organization"},"potentialAction":[{"@type":"SearchAction","target":{"@type":"EntryPoint","urlTemplate":"https:\/\/radioljubuski.ba\/?s={search_term_string}"},"query-input":{"@type":"PropertyValueSpecification","valueRequired":true,"valueName":"search_term_string"}}],"inLanguage":"hr"},{"@type":"Organization","@id":"https:\/\/radioljubuski.ba\/#organization","name":"Radio Ljubu\u0161ki","url":"https:\/\/radioljubuski.ba\/","logo":{"@type":"ImageObject","inLanguage":"hr","@id":"https:\/\/radioljubuski.ba\/#\/schema\/logo\/image\/","url":"https:\/\/radioljubuski.ba\/wp-content\/uploads\/2021\/02\/cropped-Radio_Ljubuski_logo1.jpg","contentUrl":"https:\/\/radioljubuski.ba\/wp-content\/uploads\/2021\/02\/cropped-Radio_Ljubuski_logo1.jpg","width":512,"height":512,"caption":"Radio Ljubu\u0161ki"},"image":{"@id":"https:\/\/radioljubuski.ba\/#\/schema\/logo\/image\/"},"sameAs":["https:\/\/www.facebook.com\/Radiio-Ljubuski-1490835324566332","https:\/\/x.com\/radioljubuski","https:\/\/hr.linkedin.com\/company\/radio-ljubuski","https:\/\/www.youtube.com\/channel\/UCHYaeO_n0Db3tjNGudGpXyw"]},{"@type":"Person","@id":"https:\/\/radioljubuski.ba\/#\/schema\/person\/19fc700381a780f69665d7956c469e3b","name":"Radio Ljubu\u0161ki"}]}},"_links":{"self":[{"href":"https:\/\/radioljubuski.ba\/index.php\/wp-json\/wp\/v2\/posts\/76463","targetHints":{"allow":["GET"]}}],"collection":[{"href":"https:\/\/radioljubuski.ba\/index.php\/wp-json\/wp\/v2\/posts"}],"about":[{"href":"https:\/\/radioljubuski.ba\/index.php\/wp-json\/wp\/v2\/types\/post"}],"author":[{"embeddable":true,"href":"https:\/\/radioljubuski.ba\/index.php\/wp-json\/wp\/v2\/users\/2"}],"replies":[{"embeddable":true,"href":"https:\/\/radioljubuski.ba\/index.php\/wp-json\/wp\/v2\/comments?post=76463"}],"version-history":[{"count":1,"href":"https:\/\/radioljubuski.ba\/index.php\/wp-json\/wp\/v2\/posts\/76463\/revisions"}],"predecessor-version":[{"id":76465,"href":"https:\/\/radioljubuski.ba\/index.php\/wp-json\/wp\/v2\/posts\/76463\/revisions\/76465"}],"wp:featuredmedia":[{"embeddable":true,"href":"https:\/\/radioljubuski.ba\/index.php\/wp-json\/wp\/v2\/media\/76464"}],"wp:attachment":[{"href":"https:\/\/radioljubuski.ba\/index.php\/wp-json\/wp\/v2\/media?parent=76463"}],"wp:term":[{"taxonomy":"category","embeddable":true,"href":"https:\/\/radioljubuski.ba\/index.php\/wp-json\/wp\/v2\/categories?post=76463"},{"taxonomy":"post_tag","embeddable":true,"href":"https:\/\/radioljubuski.ba\/index.php\/wp-json\/wp\/v2\/tags?post=76463"}],"curies":[{"name":"wp","href":"https:\/\/api.w.org\/{rel}","templated":true}]}}