{"id":76466,"date":"2021-10-16T15:54:37","date_gmt":"2021-10-16T14:54:37","guid":{"rendered":"https:\/\/radioljubuski.ba\/?p=76466"},"modified":"2021-10-16T15:54:38","modified_gmt":"2021-10-16T14:54:38","slug":"derbi-rijeke-i-dinama-unatoc-problemima-obecava-spektakl","status":"publish","type":"post","link":"https:\/\/radioljubuski.ba\/index.php\/2021\/10\/16\/derbi-rijeke-i-dinama-unatoc-problemima-obecava-spektakl\/","title":{"rendered":"Derbi Rijeke i Dinama unato\u010d problemima obe\u0107ava spektakl"},"content":{"rendered":"\n<p><strong>Nakon \u0161to su 12. kolo HNL-a u petak otvorili Hrvatski dragovoljac i Lokomotiva, danas od 17.05 nas na Rujevici o\u010dekuje veliki derbi Rijeke i Dinama.<\/strong><\/p>\n\n\n\n<p><strong>Tomi\u0107eva<\/strong>&nbsp;Rijeka je s 23 boda vode\u0107a na ljestvici, dok je Dinamo drugi s bodom i utakmicom manje. Oba sastava su nevjerojatno efikasna, zabili su po 25 golova, s tim da je Dinamo primio puno manje, samo \u0161est, za razliku od Rijekinih 15 primljenih pogodaka.<\/p>\n\n\n\n<p>Ove dvije mom\u010dadi igrale su ve\u0107 u tre\u0107em kolu u Maksimiru, kada je u izvrsnoj utamici bilo 3:3.<\/p>\n\n\n\n<p>Oba trenera imaju problema uo\u010di ovog dvoboja. Goranu Tomi\u0107u nedostaju&nbsp;<strong>Kre\u0161i\u0107<\/strong>,<strong>&nbsp;Galovi\u0107<\/strong>,&nbsp;<strong>Tome\u010dak<\/strong>,&nbsp;<strong>Gale\u0161i\u0107<\/strong>,&nbsp;<strong>Braut<\/strong>&nbsp;i&nbsp;<strong>Bu\u0161nje<\/strong>, a upitan je i&nbsp;<strong>Smol\u010di\u0107<\/strong>, dok su se<strong>&nbsp;Damiru Krznaru<\/strong>&nbsp;s reprezentativnih akcija ozlije\u0111eni vratili<strong>&nbsp;Ademi<\/strong>&nbsp;i<strong>&nbsp;Or\u0161i\u0107<\/strong>, a nedostaju mu od ranije&nbsp;<strong>Juri\u0107<\/strong>&nbsp;i&nbsp;<strong>Franji\u0107<\/strong>.<\/p>\n\n\n\n<p>&#8211; Velika i bitna utakmica je pred nama, ali sigurno da nije klju\u010dna jer je puno utakmica do kraja. Atmosfera u ekipi je jako dobra, pogotovo nakon zadnjih rezultata, rekao je na konferenciji za medije uo\u010di derbija trener Rijeke Goran Tomi\u0107.<\/p>\n\n\n\n<p>&#8211; Na\u017ealost, imamo dosta problema u sastavljanju ekipe, pogotovo u zadnjem redu zbog ozljeda i viroza, to je najve\u0107i problem s kojim se susre\u0107emo. Sve ostalo je u redu, smislit \u0107emo neku formaciju da budemo jako dobri i da pru\u017eimo jako kvalitetnu utakmicu, dodao je rije\u010dki strateg.<\/p>\n\n\n\n<p>Prije reprezentativne pauze, uvjerljive pobjede upisali su i Rijeka i Dinamo. Modri su sa \u010dak 8:0 nadvisili Hrvatski dragovoljac, a Rijeka je u utakmici u kojoj su gledatelji na Aldo Drosini vidjeli devet pogodaka, slavila 6:3 protiv Istre 1961. Rije\u010dani su u u zadnje \u010detiri utakmice u svim natjecanjima (dvije u prvenstvu, jedna u Kupu i jedna prijateljska) zabili \u010dak &#8211; 23 gola!<\/p>\n\n\n\n<p>&#8211; Rijeka je u ovom trenutku na\u0161 najve\u0107i takmac i to je fantasti\u010dan trenutak za provjeru na\u0161ih sposobnosti. Vjerujem da smo ostali na nivou na kojem smo bili prije stanke, a tada nam nema ravnih. Rijeka je fantasti\u010dno izvukla dvije-tri utakmice u kojima je bila u rezultatskoj negativi do samog kraja, imaju \u017eelju, volji i htijenje, najavio je trener Dinama Krznar.<\/p>\n\n\n\n<p>Ljestvica:<\/p>\n\n\n\n<p>1.Rijeka 10 7 2 1 25-15 23<\/p>\n\n\n\n<p>2.Dinamo 9 7 1 1 25-6 22<\/p>\n\n\n\n<p>3.Osijek 11 6 3 2 15-10 21<\/p>\n\n\n\n<p>4.Hajduk 10 6 2 2 16-9 20<\/p>\n\n\n\n<p>5.Gorica 11 5 1 5 16-17 16<\/p>\n\n\n\n<p>6.Lokomotiva 11 4 3 4 18-13 15<\/p>\n\n\n\n<p>7.\u0160ibenik 11 3 1 7 15-20 10<\/p>\n\n\n\n<p>8.Istra 1961 10 3 1 6 13-22 10<\/p>\n\n\n\n<p>9.Slaven B. 11 1 3 7 7-17 6<\/p>\n\n\n\n<p>10.H. dragovoljac 12 1 3 8 12-33 6<\/p>\n","protected":false},"excerpt":{"rendered":"<p>Nakon \u0161to su 12. kolo HNL-a u petak otvorili Hrvatski dragovoljac i Lokomotiva, danas od 17.05 nas na Rujevici o\u010dekuje veliki derbi Rijeke i Dinama. Tomi\u0107eva&nbsp;Rijeka je s 23 boda vode\u0107a na ljestvici, dok je Dinamo drugi s bodom i utakmicom manje. Oba sastava su nevjerojatno efikasna, zabili su po 25 golova, s tim da [&hellip;]<\/p>\n","protected":false},"author":2,"featured_media":76467,"comment_status":"closed","ping_status":"closed","sticky":false,"template":"","format":"standard","meta":{"h5ap_radio_sources":[],"footnotes":""},"categories":[7],"tags":[],"class_list":["post-76466","post","type-post","status-publish","format-standard","has-post-thumbnail","hentry","category-sport"],"yoast_head":"<!-- This site is optimized with the Yoast SEO plugin v27.4 - https:\/\/yoast.com\/product\/yoast-seo-wordpress\/ -->\n<title>Derbi Rijeke i Dinama unato\u010d problemima obe\u0107ava spektakl - RADIO LJUBU\u0160KI<\/title>\n<meta name=\"robots\" content=\"index, follow, max-snippet:-1, max-image-preview:large, max-video-preview:-1\" \/>\n<link rel=\"canonical\" href=\"https:\/\/radioljubuski.ba\/index.php\/2021\/10\/16\/derbi-rijeke-i-dinama-unatoc-problemima-obecava-spektakl\/\" \/>\n<meta property=\"og:locale\" content=\"hr_HR\" \/>\n<meta property=\"og:type\" content=\"article\" \/>\n<meta property=\"og:title\" content=\"Derbi Rijeke i Dinama unato\u010d problemima obe\u0107ava spektakl - RADIO LJUBU\u0160KI\" \/>\n<meta property=\"og:description\" content=\"Nakon \u0161to su 12. kolo HNL-a u petak otvorili Hrvatski dragovoljac i Lokomotiva, danas od 17.05 nas na Rujevici o\u010dekuje veliki derbi Rijeke i Dinama. Tomi\u0107eva&nbsp;Rijeka je s 23 boda vode\u0107a na ljestvici, dok je Dinamo drugi s bodom i utakmicom manje. Oba sastava su nevjerojatno efikasna, zabili su po 25 golova, s tim da [&hellip;]\" \/>\n<meta property=\"og:url\" content=\"https:\/\/radioljubuski.ba\/index.php\/2021\/10\/16\/derbi-rijeke-i-dinama-unatoc-problemima-obecava-spektakl\/\" \/>\n<meta property=\"og:site_name\" content=\"RADIO LJUBU\u0160KI\" \/>\n<meta property=\"article:publisher\" content=\"https:\/\/www.facebook.com\/Radiio-Ljubuski-1490835324566332\" \/>\n<meta property=\"article:published_time\" content=\"2021-10-16T14:54:37+00:00\" \/>\n<meta property=\"article:modified_time\" content=\"2021-10-16T14:54:38+00:00\" \/>\n<meta property=\"og:image\" content=\"https:\/\/radioljubuski.ba\/wp-content\/uploads\/2021\/10\/cop-i-velkovski-20211016074039.jpg\" \/>\n\t<meta property=\"og:image:width\" content=\"1600\" \/>\n\t<meta property=\"og:image:height\" content=\"1067\" \/>\n\t<meta property=\"og:image:type\" content=\"image\/jpeg\" \/>\n<meta name=\"author\" content=\"Radio Ljubu\u0161ki\" \/>\n<meta name=\"twitter:card\" content=\"summary_large_image\" \/>\n<meta name=\"twitter:creator\" content=\"@radioljubuski\" \/>\n<meta name=\"twitter:site\" content=\"@radioljubuski\" \/>\n<meta name=\"twitter:label1\" content=\"Napisao\/la\" \/>\n\t<meta name=\"twitter:data1\" content=\"Radio Ljubu\u0161ki\" \/>\n\t<meta name=\"twitter:label2\" content=\"Procijenjeno vrijeme \u010ditanja\" \/>\n\t<meta name=\"twitter:data2\" content=\"2 minute\" \/>\n<script type=\"application\/ld+json\" class=\"yoast-schema-graph\">{\"@context\":\"https:\\\/\\\/schema.org\",\"@graph\":[{\"@type\":\"Article\",\"@id\":\"https:\\\/\\\/radioljubuski.ba\\\/index.php\\\/2021\\\/10\\\/16\\\/derbi-rijeke-i-dinama-unatoc-problemima-obecava-spektakl\\\/#article\",\"isPartOf\":{\"@id\":\"https:\\\/\\\/radioljubuski.ba\\\/index.php\\\/2021\\\/10\\\/16\\\/derbi-rijeke-i-dinama-unatoc-problemima-obecava-spektakl\\\/\"},\"author\":{\"name\":\"Radio Ljubu\u0161ki\",\"@id\":\"https:\\\/\\\/radioljubuski.ba\\\/#\\\/schema\\\/person\\\/19fc700381a780f69665d7956c469e3b\"},\"headline\":\"Derbi Rijeke i Dinama unato\u010d problemima obe\u0107ava spektakl\",\"datePublished\":\"2021-10-16T14:54:37+00:00\",\"dateModified\":\"2021-10-16T14:54:38+00:00\",\"mainEntityOfPage\":{\"@id\":\"https:\\\/\\\/radioljubuski.ba\\\/index.php\\\/2021\\\/10\\\/16\\\/derbi-rijeke-i-dinama-unatoc-problemima-obecava-spektakl\\\/\"},\"wordCount\":408,\"publisher\":{\"@id\":\"https:\\\/\\\/radioljubuski.ba\\\/#organization\"},\"image\":{\"@id\":\"https:\\\/\\\/radioljubuski.ba\\\/index.php\\\/2021\\\/10\\\/16\\\/derbi-rijeke-i-dinama-unatoc-problemima-obecava-spektakl\\\/#primaryimage\"},\"thumbnailUrl\":\"https:\\\/\\\/radioljubuski.ba\\\/wp-content\\\/uploads\\\/2021\\\/10\\\/cop-i-velkovski-20211016074039.jpg\",\"articleSection\":[\"\u0160port\"],\"inLanguage\":\"hr\"},{\"@type\":\"WebPage\",\"@id\":\"https:\\\/\\\/radioljubuski.ba\\\/index.php\\\/2021\\\/10\\\/16\\\/derbi-rijeke-i-dinama-unatoc-problemima-obecava-spektakl\\\/\",\"url\":\"https:\\\/\\\/radioljubuski.ba\\\/index.php\\\/2021\\\/10\\\/16\\\/derbi-rijeke-i-dinama-unatoc-problemima-obecava-spektakl\\\/\",\"name\":\"Derbi Rijeke i Dinama unato\u010d problemima obe\u0107ava spektakl - RADIO LJUBU\u0160KI\",\"isPartOf\":{\"@id\":\"https:\\\/\\\/radioljubuski.ba\\\/#website\"},\"primaryImageOfPage\":{\"@id\":\"https:\\\/\\\/radioljubuski.ba\\\/index.php\\\/2021\\\/10\\\/16\\\/derbi-rijeke-i-dinama-unatoc-problemima-obecava-spektakl\\\/#primaryimage\"},\"image\":{\"@id\":\"https:\\\/\\\/radioljubuski.ba\\\/index.php\\\/2021\\\/10\\\/16\\\/derbi-rijeke-i-dinama-unatoc-problemima-obecava-spektakl\\\/#primaryimage\"},\"thumbnailUrl\":\"https:\\\/\\\/radioljubuski.ba\\\/wp-content\\\/uploads\\\/2021\\\/10\\\/cop-i-velkovski-20211016074039.jpg\",\"datePublished\":\"2021-10-16T14:54:37+00:00\",\"dateModified\":\"2021-10-16T14:54:38+00:00\",\"breadcrumb\":{\"@id\":\"https:\\\/\\\/radioljubuski.ba\\\/index.php\\\/2021\\\/10\\\/16\\\/derbi-rijeke-i-dinama-unatoc-problemima-obecava-spektakl\\\/#breadcrumb\"},\"inLanguage\":\"hr\",\"potentialAction\":[{\"@type\":\"ReadAction\",\"target\":[\"https:\\\/\\\/radioljubuski.ba\\\/index.php\\\/2021\\\/10\\\/16\\\/derbi-rijeke-i-dinama-unatoc-problemima-obecava-spektakl\\\/\"]}]},{\"@type\":\"ImageObject\",\"inLanguage\":\"hr\",\"@id\":\"https:\\\/\\\/radioljubuski.ba\\\/index.php\\\/2021\\\/10\\\/16\\\/derbi-rijeke-i-dinama-unatoc-problemima-obecava-spektakl\\\/#primaryimage\",\"url\":\"https:\\\/\\\/radioljubuski.ba\\\/wp-content\\\/uploads\\\/2021\\\/10\\\/cop-i-velkovski-20211016074039.jpg\",\"contentUrl\":\"https:\\\/\\\/radioljubuski.ba\\\/wp-content\\\/uploads\\\/2021\\\/10\\\/cop-i-velkovski-20211016074039.jpg\",\"width\":1600,\"height\":1067,\"caption\":\"01.08.2021., stadion Maksimir, Zagreb - Hrvatski Telekom Prva liga, 03. kolo, GNK Dinamo - HNK Rijeka. Duje Cop, Darko Velkovski Photo: Igor Soban\\\/PIXSELL\"},{\"@type\":\"BreadcrumbList\",\"@id\":\"https:\\\/\\\/radioljubuski.ba\\\/index.php\\\/2021\\\/10\\\/16\\\/derbi-rijeke-i-dinama-unatoc-problemima-obecava-spektakl\\\/#breadcrumb\",\"itemListElement\":[{\"@type\":\"ListItem\",\"position\":1,\"name\":\"Po\u010detna stranica\",\"item\":\"https:\\\/\\\/radioljubuski.ba\\\/\"},{\"@type\":\"ListItem\",\"position\":2,\"name\":\"Derbi Rijeke i Dinama unato\u010d problemima obe\u0107ava spektakl\"}]},{\"@type\":\"WebSite\",\"@id\":\"https:\\\/\\\/radioljubuski.ba\\\/#website\",\"url\":\"https:\\\/\\\/radioljubuski.ba\\\/\",\"name\":\"Radio Ljubu\u0161ki\",\"description\":\"Sun\u010dana frekvencija Hercegovine\",\"publisher\":{\"@id\":\"https:\\\/\\\/radioljubuski.ba\\\/#organization\"},\"potentialAction\":[{\"@type\":\"SearchAction\",\"target\":{\"@type\":\"EntryPoint\",\"urlTemplate\":\"https:\\\/\\\/radioljubuski.ba\\\/?s={search_term_string}\"},\"query-input\":{\"@type\":\"PropertyValueSpecification\",\"valueRequired\":true,\"valueName\":\"search_term_string\"}}],\"inLanguage\":\"hr\"},{\"@type\":\"Organization\",\"@id\":\"https:\\\/\\\/radioljubuski.ba\\\/#organization\",\"name\":\"Radio Ljubu\u0161ki\",\"url\":\"https:\\\/\\\/radioljubuski.ba\\\/\",\"logo\":{\"@type\":\"ImageObject\",\"inLanguage\":\"hr\",\"@id\":\"https:\\\/\\\/radioljubuski.ba\\\/#\\\/schema\\\/logo\\\/image\\\/\",\"url\":\"https:\\\/\\\/radioljubuski.ba\\\/wp-content\\\/uploads\\\/2021\\\/02\\\/cropped-Radio_Ljubuski_logo1.jpg\",\"contentUrl\":\"https:\\\/\\\/radioljubuski.ba\\\/wp-content\\\/uploads\\\/2021\\\/02\\\/cropped-Radio_Ljubuski_logo1.jpg\",\"width\":512,\"height\":512,\"caption\":\"Radio Ljubu\u0161ki\"},\"image\":{\"@id\":\"https:\\\/\\\/radioljubuski.ba\\\/#\\\/schema\\\/logo\\\/image\\\/\"},\"sameAs\":[\"https:\\\/\\\/www.facebook.com\\\/Radiio-Ljubuski-1490835324566332\",\"https:\\\/\\\/x.com\\\/radioljubuski\",\"https:\\\/\\\/hr.linkedin.com\\\/company\\\/radio-ljubuski\",\"https:\\\/\\\/www.youtube.com\\\/channel\\\/UCHYaeO_n0Db3tjNGudGpXyw\"]},{\"@type\":\"Person\",\"@id\":\"https:\\\/\\\/radioljubuski.ba\\\/#\\\/schema\\\/person\\\/19fc700381a780f69665d7956c469e3b\",\"name\":\"Radio Ljubu\u0161ki\"}]}<\/script>\n<!-- \/ Yoast SEO plugin. -->","yoast_head_json":{"title":"Derbi Rijeke i Dinama unato\u010d problemima obe\u0107ava spektakl - RADIO LJUBU\u0160KI","robots":{"index":"index","follow":"follow","max-snippet":"max-snippet:-1","max-image-preview":"max-image-preview:large","max-video-preview":"max-video-preview:-1"},"canonical":"https:\/\/radioljubuski.ba\/index.php\/2021\/10\/16\/derbi-rijeke-i-dinama-unatoc-problemima-obecava-spektakl\/","og_locale":"hr_HR","og_type":"article","og_title":"Derbi Rijeke i Dinama unato\u010d problemima obe\u0107ava spektakl - RADIO LJUBU\u0160KI","og_description":"Nakon \u0161to su 12. kolo HNL-a u petak otvorili Hrvatski dragovoljac i Lokomotiva, danas od 17.05 nas na Rujevici o\u010dekuje veliki derbi Rijeke i Dinama. Tomi\u0107eva&nbsp;Rijeka je s 23 boda vode\u0107a na ljestvici, dok je Dinamo drugi s bodom i utakmicom manje. Oba sastava su nevjerojatno efikasna, zabili su po 25 golova, s tim da [&hellip;]","og_url":"https:\/\/radioljubuski.ba\/index.php\/2021\/10\/16\/derbi-rijeke-i-dinama-unatoc-problemima-obecava-spektakl\/","og_site_name":"RADIO LJUBU\u0160KI","article_publisher":"https:\/\/www.facebook.com\/Radiio-Ljubuski-1490835324566332","article_published_time":"2021-10-16T14:54:37+00:00","article_modified_time":"2021-10-16T14:54:38+00:00","og_image":[{"width":1600,"height":1067,"url":"https:\/\/radioljubuski.ba\/wp-content\/uploads\/2021\/10\/cop-i-velkovski-20211016074039.jpg","type":"image\/jpeg"}],"author":"Radio Ljubu\u0161ki","twitter_card":"summary_large_image","twitter_creator":"@radioljubuski","twitter_site":"@radioljubuski","twitter_misc":{"Napisao\/la":"Radio Ljubu\u0161ki","Procijenjeno vrijeme \u010ditanja":"2 minute"},"schema":{"@context":"https:\/\/schema.org","@graph":[{"@type":"Article","@id":"https:\/\/radioljubuski.ba\/index.php\/2021\/10\/16\/derbi-rijeke-i-dinama-unatoc-problemima-obecava-spektakl\/#article","isPartOf":{"@id":"https:\/\/radioljubuski.ba\/index.php\/2021\/10\/16\/derbi-rijeke-i-dinama-unatoc-problemima-obecava-spektakl\/"},"author":{"name":"Radio Ljubu\u0161ki","@id":"https:\/\/radioljubuski.ba\/#\/schema\/person\/19fc700381a780f69665d7956c469e3b"},"headline":"Derbi Rijeke i Dinama unato\u010d problemima obe\u0107ava spektakl","datePublished":"2021-10-16T14:54:37+00:00","dateModified":"2021-10-16T14:54:38+00:00","mainEntityOfPage":{"@id":"https:\/\/radioljubuski.ba\/index.php\/2021\/10\/16\/derbi-rijeke-i-dinama-unatoc-problemima-obecava-spektakl\/"},"wordCount":408,"publisher":{"@id":"https:\/\/radioljubuski.ba\/#organization"},"image":{"@id":"https:\/\/radioljubuski.ba\/index.php\/2021\/10\/16\/derbi-rijeke-i-dinama-unatoc-problemima-obecava-spektakl\/#primaryimage"},"thumbnailUrl":"https:\/\/radioljubuski.ba\/wp-content\/uploads\/2021\/10\/cop-i-velkovski-20211016074039.jpg","articleSection":["\u0160port"],"inLanguage":"hr"},{"@type":"WebPage","@id":"https:\/\/radioljubuski.ba\/index.php\/2021\/10\/16\/derbi-rijeke-i-dinama-unatoc-problemima-obecava-spektakl\/","url":"https:\/\/radioljubuski.ba\/index.php\/2021\/10\/16\/derbi-rijeke-i-dinama-unatoc-problemima-obecava-spektakl\/","name":"Derbi Rijeke i Dinama unato\u010d problemima obe\u0107ava spektakl - RADIO LJUBU\u0160KI","isPartOf":{"@id":"https:\/\/radioljubuski.ba\/#website"},"primaryImageOfPage":{"@id":"https:\/\/radioljubuski.ba\/index.php\/2021\/10\/16\/derbi-rijeke-i-dinama-unatoc-problemima-obecava-spektakl\/#primaryimage"},"image":{"@id":"https:\/\/radioljubuski.ba\/index.php\/2021\/10\/16\/derbi-rijeke-i-dinama-unatoc-problemima-obecava-spektakl\/#primaryimage"},"thumbnailUrl":"https:\/\/radioljubuski.ba\/wp-content\/uploads\/2021\/10\/cop-i-velkovski-20211016074039.jpg","datePublished":"2021-10-16T14:54:37+00:00","dateModified":"2021-10-16T14:54:38+00:00","breadcrumb":{"@id":"https:\/\/radioljubuski.ba\/index.php\/2021\/10\/16\/derbi-rijeke-i-dinama-unatoc-problemima-obecava-spektakl\/#breadcrumb"},"inLanguage":"hr","potentialAction":[{"@type":"ReadAction","target":["https:\/\/radioljubuski.ba\/index.php\/2021\/10\/16\/derbi-rijeke-i-dinama-unatoc-problemima-obecava-spektakl\/"]}]},{"@type":"ImageObject","inLanguage":"hr","@id":"https:\/\/radioljubuski.ba\/index.php\/2021\/10\/16\/derbi-rijeke-i-dinama-unatoc-problemima-obecava-spektakl\/#primaryimage","url":"https:\/\/radioljubuski.ba\/wp-content\/uploads\/2021\/10\/cop-i-velkovski-20211016074039.jpg","contentUrl":"https:\/\/radioljubuski.ba\/wp-content\/uploads\/2021\/10\/cop-i-velkovski-20211016074039.jpg","width":1600,"height":1067,"caption":"01.08.2021., stadion Maksimir, Zagreb - Hrvatski Telekom Prva liga, 03. kolo, GNK Dinamo - HNK Rijeka. Duje Cop, Darko Velkovski Photo: Igor Soban\/PIXSELL"},{"@type":"BreadcrumbList","@id":"https:\/\/radioljubuski.ba\/index.php\/2021\/10\/16\/derbi-rijeke-i-dinama-unatoc-problemima-obecava-spektakl\/#breadcrumb","itemListElement":[{"@type":"ListItem","position":1,"name":"Po\u010detna stranica","item":"https:\/\/radioljubuski.ba\/"},{"@type":"ListItem","position":2,"name":"Derbi Rijeke i Dinama unato\u010d problemima obe\u0107ava spektakl"}]},{"@type":"WebSite","@id":"https:\/\/radioljubuski.ba\/#website","url":"https:\/\/radioljubuski.ba\/","name":"Radio Ljubu\u0161ki","description":"Sun\u010dana frekvencija Hercegovine","publisher":{"@id":"https:\/\/radioljubuski.ba\/#organization"},"potentialAction":[{"@type":"SearchAction","target":{"@type":"EntryPoint","urlTemplate":"https:\/\/radioljubuski.ba\/?s={search_term_string}"},"query-input":{"@type":"PropertyValueSpecification","valueRequired":true,"valueName":"search_term_string"}}],"inLanguage":"hr"},{"@type":"Organization","@id":"https:\/\/radioljubuski.ba\/#organization","name":"Radio Ljubu\u0161ki","url":"https:\/\/radioljubuski.ba\/","logo":{"@type":"ImageObject","inLanguage":"hr","@id":"https:\/\/radioljubuski.ba\/#\/schema\/logo\/image\/","url":"https:\/\/radioljubuski.ba\/wp-content\/uploads\/2021\/02\/cropped-Radio_Ljubuski_logo1.jpg","contentUrl":"https:\/\/radioljubuski.ba\/wp-content\/uploads\/2021\/02\/cropped-Radio_Ljubuski_logo1.jpg","width":512,"height":512,"caption":"Radio Ljubu\u0161ki"},"image":{"@id":"https:\/\/radioljubuski.ba\/#\/schema\/logo\/image\/"},"sameAs":["https:\/\/www.facebook.com\/Radiio-Ljubuski-1490835324566332","https:\/\/x.com\/radioljubuski","https:\/\/hr.linkedin.com\/company\/radio-ljubuski","https:\/\/www.youtube.com\/channel\/UCHYaeO_n0Db3tjNGudGpXyw"]},{"@type":"Person","@id":"https:\/\/radioljubuski.ba\/#\/schema\/person\/19fc700381a780f69665d7956c469e3b","name":"Radio Ljubu\u0161ki"}]}},"_links":{"self":[{"href":"https:\/\/radioljubuski.ba\/index.php\/wp-json\/wp\/v2\/posts\/76466","targetHints":{"allow":["GET"]}}],"collection":[{"href":"https:\/\/radioljubuski.ba\/index.php\/wp-json\/wp\/v2\/posts"}],"about":[{"href":"https:\/\/radioljubuski.ba\/index.php\/wp-json\/wp\/v2\/types\/post"}],"author":[{"embeddable":true,"href":"https:\/\/radioljubuski.ba\/index.php\/wp-json\/wp\/v2\/users\/2"}],"replies":[{"embeddable":true,"href":"https:\/\/radioljubuski.ba\/index.php\/wp-json\/wp\/v2\/comments?post=76466"}],"version-history":[{"count":1,"href":"https:\/\/radioljubuski.ba\/index.php\/wp-json\/wp\/v2\/posts\/76466\/revisions"}],"predecessor-version":[{"id":76468,"href":"https:\/\/radioljubuski.ba\/index.php\/wp-json\/wp\/v2\/posts\/76466\/revisions\/76468"}],"wp:featuredmedia":[{"embeddable":true,"href":"https:\/\/radioljubuski.ba\/index.php\/wp-json\/wp\/v2\/media\/76467"}],"wp:attachment":[{"href":"https:\/\/radioljubuski.ba\/index.php\/wp-json\/wp\/v2\/media?parent=76466"}],"wp:term":[{"taxonomy":"category","embeddable":true,"href":"https:\/\/radioljubuski.ba\/index.php\/wp-json\/wp\/v2\/categories?post=76466"},{"taxonomy":"post_tag","embeddable":true,"href":"https:\/\/radioljubuski.ba\/index.php\/wp-json\/wp\/v2\/tags?post=76466"}],"curies":[{"name":"wp","href":"https:\/\/api.w.org\/{rel}","templated":true}]}}