{"id":76472,"date":"2021-10-16T16:02:28","date_gmt":"2021-10-16T15:02:28","guid":{"rendered":"https:\/\/radioljubuski.ba\/?p=76472"},"modified":"2021-10-16T16:02:29","modified_gmt":"2021-10-16T15:02:29","slug":"cak-sedam-igracica-dinama-na-reprezentativnom-popisu","status":"publish","type":"post","link":"https:\/\/radioljubuski.ba\/index.php\/2021\/10\/16\/cak-sedam-igracica-dinama-na-reprezentativnom-popisu\/","title":{"rendered":"\u010cak sedam igra\u010dica Dinama na reprezentativnom popisu"},"content":{"rendered":"\n<p><strong>U ponedjeljak 18. listopada u Velikoj Gorici \u0107e se okupiti hrvatske nogometne reprezentativke kojima uskoro slijede nova dva kvalifikacijska ogleda za odlazak na Svjetsko prvenstvo 2023. godine.<\/strong><\/p>\n\n\n\n<p>Hrvatske nogometa\u0161ice \u0107e gostovati kod dvije najja\u010de ekipe u skupini G gdje se nalaze. Prvo \u0107e protiv Talijanki igrati 22. listopada u Castel di Sangru, a \u010detiri dana kasnije gostuju u Z\u00fcrichu kod \u0160vicarske.<br><br>Podsjetimo kako je Hrvatska upisala dva startna poraza u skupini. Prvo je pora\u017eena kod Rumunjske s 0-2, a potom je Italija u Karlovcu s uvjerljivih 5-0 nadigrala hrvatske igra\u010dice.<br><br>Na reprezentativnom popisu najve\u0107i je broj igra\u010dica iz Dinama (njih sedam) iako je ta ekipa godinama prili\u010dno iza dvojca koji dominira hrvatskim prvenstvom (Split i Osijek). Iz Splita je pozvano \u0161est igra\u010dica, a iz aktualnog prvaka Osijeka tek tri.<br><br>Popis hrvatskih reprezentativki za dvoboje kod Italije i \u0160vicarske:&nbsp;<strong>Doris Ba\u010di\u0107<\/strong>&nbsp;(Sporting),<strong>&nbsp;Ivana Kirilenko&nbsp;<\/strong>(Split),&nbsp;<strong>Janja \u010canjevac&nbsp;<\/strong>(Split),&nbsp;<strong>Antonia Dul\u010di\u0107<\/strong>&nbsp;(Split),&nbsp;<strong>Fatjesa Gegollaj<\/strong>&nbsp;(Split),&nbsp;<strong>Petra Pezelj<\/strong>&nbsp;(Split),&nbsp;<strong>Katarina Pranje\u0161&nbsp;<\/strong>(Split),&nbsp;<strong>Martina Tarita\u0161&nbsp;<\/strong>(Dinamo),&nbsp;<strong>Maria Kun\u0161tek<\/strong>&nbsp;(Osijek),&nbsp;<strong>Izabela Lojna&nbsp;<\/strong>(Osijek),&nbsp;<strong>Anela Lubina&nbsp;<\/strong>(Osijek),&nbsp;<strong>Andrea Glibo<\/strong>&nbsp;(Sturm),&nbsp;<strong>Leonarda Balog<\/strong>&nbsp;(St. P\u00f6lten),&nbsp;<strong>Nika Petari\u0107<\/strong>&nbsp;(Dinamo),&nbsp;<strong>Petra Bra\u010devi\u0107&nbsp;<\/strong>(Dinamo),&nbsp;<strong>Karla Jedvaj<\/strong>&nbsp;(Dinamo),&nbsp;<strong>Helena Spaji\u0107<\/strong>&nbsp;(Dinamo),&nbsp;<strong>Ana Filipovi\u0107<\/strong>&nbsp;(Dinamo),&nbsp;<strong>Lea Zduni\u0107<\/strong>&nbsp;(Dinamo) i&nbsp;<strong>Ana Jelen\u010di\u0107<\/strong>&nbsp;(Verona).<\/p>\n\n\n\n<p>Izvor:hrt.hr<\/p>\n","protected":false},"excerpt":{"rendered":"<p>U ponedjeljak 18. listopada u Velikoj Gorici \u0107e se okupiti hrvatske nogometne reprezentativke kojima uskoro slijede nova dva kvalifikacijska ogleda za odlazak na Svjetsko prvenstvo 2023. godine. Hrvatske nogometa\u0161ice \u0107e gostovati kod dvije najja\u010de ekipe u skupini G gdje se nalaze. Prvo \u0107e protiv Talijanki igrati 22. listopada u Castel di Sangru, a \u010detiri dana [&hellip;]<\/p>\n","protected":false},"author":2,"featured_media":76473,"comment_status":"closed","ping_status":"closed","sticky":false,"template":"","format":"standard","meta":{"h5ap_radio_sources":[],"footnotes":""},"categories":[7],"tags":[],"class_list":["post-76472","post","type-post","status-publish","format-standard","has-post-thumbnail","hentry","category-sport"],"yoast_head":"<!-- This site is optimized with the Yoast SEO plugin v27.4 - https:\/\/yoast.com\/product\/yoast-seo-wordpress\/ -->\n<title>\u010cak sedam igra\u010dica Dinama na reprezentativnom popisu - RADIO LJUBU\u0160KI<\/title>\n<meta name=\"robots\" content=\"index, follow, max-snippet:-1, max-image-preview:large, max-video-preview:-1\" \/>\n<link rel=\"canonical\" href=\"https:\/\/radioljubuski.ba\/index.php\/2021\/10\/16\/cak-sedam-igracica-dinama-na-reprezentativnom-popisu\/\" \/>\n<meta property=\"og:locale\" content=\"hr_HR\" \/>\n<meta property=\"og:type\" content=\"article\" \/>\n<meta property=\"og:title\" content=\"\u010cak sedam igra\u010dica Dinama na reprezentativnom popisu - RADIO LJUBU\u0160KI\" \/>\n<meta property=\"og:description\" content=\"U ponedjeljak 18. listopada u Velikoj Gorici \u0107e se okupiti hrvatske nogometne reprezentativke kojima uskoro slijede nova dva kvalifikacijska ogleda za odlazak na Svjetsko prvenstvo 2023. godine. Hrvatske nogometa\u0161ice \u0107e gostovati kod dvije najja\u010de ekipe u skupini G gdje se nalaze. Prvo \u0107e protiv Talijanki igrati 22. listopada u Castel di Sangru, a \u010detiri dana [&hellip;]\" \/>\n<meta property=\"og:url\" content=\"https:\/\/radioljubuski.ba\/index.php\/2021\/10\/16\/cak-sedam-igracica-dinama-na-reprezentativnom-popisu\/\" \/>\n<meta property=\"og:site_name\" content=\"RADIO LJUBU\u0160KI\" \/>\n<meta property=\"article:publisher\" content=\"https:\/\/www.facebook.com\/Radiio-Ljubuski-1490835324566332\" \/>\n<meta property=\"article:published_time\" content=\"2021-10-16T15:02:28+00:00\" \/>\n<meta property=\"article:modified_time\" content=\"2021-10-16T15:02:29+00:00\" \/>\n<meta property=\"og:image\" content=\"https:\/\/radioljubuski.ba\/wp-content\/uploads\/2021\/10\/DSC_3006-375x195-1.jpg\" \/>\n\t<meta property=\"og:image:width\" content=\"375\" \/>\n\t<meta property=\"og:image:height\" content=\"195\" \/>\n\t<meta property=\"og:image:type\" content=\"image\/jpeg\" \/>\n<meta name=\"author\" content=\"Radio Ljubu\u0161ki\" \/>\n<meta name=\"twitter:card\" content=\"summary_large_image\" \/>\n<meta name=\"twitter:creator\" content=\"@radioljubuski\" \/>\n<meta name=\"twitter:site\" content=\"@radioljubuski\" \/>\n<meta name=\"twitter:label1\" content=\"Napisao\/la\" \/>\n\t<meta name=\"twitter:data1\" content=\"Radio Ljubu\u0161ki\" \/>\n\t<meta name=\"twitter:label2\" content=\"Procijenjeno vrijeme \u010ditanja\" \/>\n\t<meta name=\"twitter:data2\" content=\"1 minuta\" \/>\n<script type=\"application\/ld+json\" class=\"yoast-schema-graph\">{\"@context\":\"https:\\\/\\\/schema.org\",\"@graph\":[{\"@type\":\"Article\",\"@id\":\"https:\\\/\\\/radioljubuski.ba\\\/index.php\\\/2021\\\/10\\\/16\\\/cak-sedam-igracica-dinama-na-reprezentativnom-popisu\\\/#article\",\"isPartOf\":{\"@id\":\"https:\\\/\\\/radioljubuski.ba\\\/index.php\\\/2021\\\/10\\\/16\\\/cak-sedam-igracica-dinama-na-reprezentativnom-popisu\\\/\"},\"author\":{\"name\":\"Radio Ljubu\u0161ki\",\"@id\":\"https:\\\/\\\/radioljubuski.ba\\\/#\\\/schema\\\/person\\\/19fc700381a780f69665d7956c469e3b\"},\"headline\":\"\u010cak sedam igra\u010dica Dinama na reprezentativnom popisu\",\"datePublished\":\"2021-10-16T15:02:28+00:00\",\"dateModified\":\"2021-10-16T15:02:29+00:00\",\"mainEntityOfPage\":{\"@id\":\"https:\\\/\\\/radioljubuski.ba\\\/index.php\\\/2021\\\/10\\\/16\\\/cak-sedam-igracica-dinama-na-reprezentativnom-popisu\\\/\"},\"wordCount\":263,\"publisher\":{\"@id\":\"https:\\\/\\\/radioljubuski.ba\\\/#organization\"},\"image\":{\"@id\":\"https:\\\/\\\/radioljubuski.ba\\\/index.php\\\/2021\\\/10\\\/16\\\/cak-sedam-igracica-dinama-na-reprezentativnom-popisu\\\/#primaryimage\"},\"thumbnailUrl\":\"https:\\\/\\\/radioljubuski.ba\\\/wp-content\\\/uploads\\\/2021\\\/10\\\/DSC_3006-375x195-1.jpg\",\"articleSection\":[\"\u0160port\"],\"inLanguage\":\"hr\"},{\"@type\":\"WebPage\",\"@id\":\"https:\\\/\\\/radioljubuski.ba\\\/index.php\\\/2021\\\/10\\\/16\\\/cak-sedam-igracica-dinama-na-reprezentativnom-popisu\\\/\",\"url\":\"https:\\\/\\\/radioljubuski.ba\\\/index.php\\\/2021\\\/10\\\/16\\\/cak-sedam-igracica-dinama-na-reprezentativnom-popisu\\\/\",\"name\":\"\u010cak sedam igra\u010dica Dinama na reprezentativnom popisu - RADIO LJUBU\u0160KI\",\"isPartOf\":{\"@id\":\"https:\\\/\\\/radioljubuski.ba\\\/#website\"},\"primaryImageOfPage\":{\"@id\":\"https:\\\/\\\/radioljubuski.ba\\\/index.php\\\/2021\\\/10\\\/16\\\/cak-sedam-igracica-dinama-na-reprezentativnom-popisu\\\/#primaryimage\"},\"image\":{\"@id\":\"https:\\\/\\\/radioljubuski.ba\\\/index.php\\\/2021\\\/10\\\/16\\\/cak-sedam-igracica-dinama-na-reprezentativnom-popisu\\\/#primaryimage\"},\"thumbnailUrl\":\"https:\\\/\\\/radioljubuski.ba\\\/wp-content\\\/uploads\\\/2021\\\/10\\\/DSC_3006-375x195-1.jpg\",\"datePublished\":\"2021-10-16T15:02:28+00:00\",\"dateModified\":\"2021-10-16T15:02:29+00:00\",\"breadcrumb\":{\"@id\":\"https:\\\/\\\/radioljubuski.ba\\\/index.php\\\/2021\\\/10\\\/16\\\/cak-sedam-igracica-dinama-na-reprezentativnom-popisu\\\/#breadcrumb\"},\"inLanguage\":\"hr\",\"potentialAction\":[{\"@type\":\"ReadAction\",\"target\":[\"https:\\\/\\\/radioljubuski.ba\\\/index.php\\\/2021\\\/10\\\/16\\\/cak-sedam-igracica-dinama-na-reprezentativnom-popisu\\\/\"]}]},{\"@type\":\"ImageObject\",\"inLanguage\":\"hr\",\"@id\":\"https:\\\/\\\/radioljubuski.ba\\\/index.php\\\/2021\\\/10\\\/16\\\/cak-sedam-igracica-dinama-na-reprezentativnom-popisu\\\/#primaryimage\",\"url\":\"https:\\\/\\\/radioljubuski.ba\\\/wp-content\\\/uploads\\\/2021\\\/10\\\/DSC_3006-375x195-1.jpg\",\"contentUrl\":\"https:\\\/\\\/radioljubuski.ba\\\/wp-content\\\/uploads\\\/2021\\\/10\\\/DSC_3006-375x195-1.jpg\",\"width\":375,\"height\":195},{\"@type\":\"BreadcrumbList\",\"@id\":\"https:\\\/\\\/radioljubuski.ba\\\/index.php\\\/2021\\\/10\\\/16\\\/cak-sedam-igracica-dinama-na-reprezentativnom-popisu\\\/#breadcrumb\",\"itemListElement\":[{\"@type\":\"ListItem\",\"position\":1,\"name\":\"Po\u010detna stranica\",\"item\":\"https:\\\/\\\/radioljubuski.ba\\\/\"},{\"@type\":\"ListItem\",\"position\":2,\"name\":\"\u010cak sedam igra\u010dica Dinama na reprezentativnom popisu\"}]},{\"@type\":\"WebSite\",\"@id\":\"https:\\\/\\\/radioljubuski.ba\\\/#website\",\"url\":\"https:\\\/\\\/radioljubuski.ba\\\/\",\"name\":\"Radio Ljubu\u0161ki\",\"description\":\"Sun\u010dana frekvencija Hercegovine\",\"publisher\":{\"@id\":\"https:\\\/\\\/radioljubuski.ba\\\/#organization\"},\"potentialAction\":[{\"@type\":\"SearchAction\",\"target\":{\"@type\":\"EntryPoint\",\"urlTemplate\":\"https:\\\/\\\/radioljubuski.ba\\\/?s={search_term_string}\"},\"query-input\":{\"@type\":\"PropertyValueSpecification\",\"valueRequired\":true,\"valueName\":\"search_term_string\"}}],\"inLanguage\":\"hr\"},{\"@type\":\"Organization\",\"@id\":\"https:\\\/\\\/radioljubuski.ba\\\/#organization\",\"name\":\"Radio Ljubu\u0161ki\",\"url\":\"https:\\\/\\\/radioljubuski.ba\\\/\",\"logo\":{\"@type\":\"ImageObject\",\"inLanguage\":\"hr\",\"@id\":\"https:\\\/\\\/radioljubuski.ba\\\/#\\\/schema\\\/logo\\\/image\\\/\",\"url\":\"https:\\\/\\\/radioljubuski.ba\\\/wp-content\\\/uploads\\\/2021\\\/02\\\/cropped-Radio_Ljubuski_logo1.jpg\",\"contentUrl\":\"https:\\\/\\\/radioljubuski.ba\\\/wp-content\\\/uploads\\\/2021\\\/02\\\/cropped-Radio_Ljubuski_logo1.jpg\",\"width\":512,\"height\":512,\"caption\":\"Radio Ljubu\u0161ki\"},\"image\":{\"@id\":\"https:\\\/\\\/radioljubuski.ba\\\/#\\\/schema\\\/logo\\\/image\\\/\"},\"sameAs\":[\"https:\\\/\\\/www.facebook.com\\\/Radiio-Ljubuski-1490835324566332\",\"https:\\\/\\\/x.com\\\/radioljubuski\",\"https:\\\/\\\/hr.linkedin.com\\\/company\\\/radio-ljubuski\",\"https:\\\/\\\/www.youtube.com\\\/channel\\\/UCHYaeO_n0Db3tjNGudGpXyw\"]},{\"@type\":\"Person\",\"@id\":\"https:\\\/\\\/radioljubuski.ba\\\/#\\\/schema\\\/person\\\/19fc700381a780f69665d7956c469e3b\",\"name\":\"Radio Ljubu\u0161ki\"}]}<\/script>\n<!-- \/ Yoast SEO plugin. -->","yoast_head_json":{"title":"\u010cak sedam igra\u010dica Dinama na reprezentativnom popisu - RADIO LJUBU\u0160KI","robots":{"index":"index","follow":"follow","max-snippet":"max-snippet:-1","max-image-preview":"max-image-preview:large","max-video-preview":"max-video-preview:-1"},"canonical":"https:\/\/radioljubuski.ba\/index.php\/2021\/10\/16\/cak-sedam-igracica-dinama-na-reprezentativnom-popisu\/","og_locale":"hr_HR","og_type":"article","og_title":"\u010cak sedam igra\u010dica Dinama na reprezentativnom popisu - RADIO LJUBU\u0160KI","og_description":"U ponedjeljak 18. listopada u Velikoj Gorici \u0107e se okupiti hrvatske nogometne reprezentativke kojima uskoro slijede nova dva kvalifikacijska ogleda za odlazak na Svjetsko prvenstvo 2023. godine. Hrvatske nogometa\u0161ice \u0107e gostovati kod dvije najja\u010de ekipe u skupini G gdje se nalaze. Prvo \u0107e protiv Talijanki igrati 22. listopada u Castel di Sangru, a \u010detiri dana [&hellip;]","og_url":"https:\/\/radioljubuski.ba\/index.php\/2021\/10\/16\/cak-sedam-igracica-dinama-na-reprezentativnom-popisu\/","og_site_name":"RADIO LJUBU\u0160KI","article_publisher":"https:\/\/www.facebook.com\/Radiio-Ljubuski-1490835324566332","article_published_time":"2021-10-16T15:02:28+00:00","article_modified_time":"2021-10-16T15:02:29+00:00","og_image":[{"width":375,"height":195,"url":"https:\/\/radioljubuski.ba\/wp-content\/uploads\/2021\/10\/DSC_3006-375x195-1.jpg","type":"image\/jpeg"}],"author":"Radio Ljubu\u0161ki","twitter_card":"summary_large_image","twitter_creator":"@radioljubuski","twitter_site":"@radioljubuski","twitter_misc":{"Napisao\/la":"Radio Ljubu\u0161ki","Procijenjeno vrijeme \u010ditanja":"1 minuta"},"schema":{"@context":"https:\/\/schema.org","@graph":[{"@type":"Article","@id":"https:\/\/radioljubuski.ba\/index.php\/2021\/10\/16\/cak-sedam-igracica-dinama-na-reprezentativnom-popisu\/#article","isPartOf":{"@id":"https:\/\/radioljubuski.ba\/index.php\/2021\/10\/16\/cak-sedam-igracica-dinama-na-reprezentativnom-popisu\/"},"author":{"name":"Radio Ljubu\u0161ki","@id":"https:\/\/radioljubuski.ba\/#\/schema\/person\/19fc700381a780f69665d7956c469e3b"},"headline":"\u010cak sedam igra\u010dica Dinama na reprezentativnom popisu","datePublished":"2021-10-16T15:02:28+00:00","dateModified":"2021-10-16T15:02:29+00:00","mainEntityOfPage":{"@id":"https:\/\/radioljubuski.ba\/index.php\/2021\/10\/16\/cak-sedam-igracica-dinama-na-reprezentativnom-popisu\/"},"wordCount":263,"publisher":{"@id":"https:\/\/radioljubuski.ba\/#organization"},"image":{"@id":"https:\/\/radioljubuski.ba\/index.php\/2021\/10\/16\/cak-sedam-igracica-dinama-na-reprezentativnom-popisu\/#primaryimage"},"thumbnailUrl":"https:\/\/radioljubuski.ba\/wp-content\/uploads\/2021\/10\/DSC_3006-375x195-1.jpg","articleSection":["\u0160port"],"inLanguage":"hr"},{"@type":"WebPage","@id":"https:\/\/radioljubuski.ba\/index.php\/2021\/10\/16\/cak-sedam-igracica-dinama-na-reprezentativnom-popisu\/","url":"https:\/\/radioljubuski.ba\/index.php\/2021\/10\/16\/cak-sedam-igracica-dinama-na-reprezentativnom-popisu\/","name":"\u010cak sedam igra\u010dica Dinama na reprezentativnom popisu - RADIO LJUBU\u0160KI","isPartOf":{"@id":"https:\/\/radioljubuski.ba\/#website"},"primaryImageOfPage":{"@id":"https:\/\/radioljubuski.ba\/index.php\/2021\/10\/16\/cak-sedam-igracica-dinama-na-reprezentativnom-popisu\/#primaryimage"},"image":{"@id":"https:\/\/radioljubuski.ba\/index.php\/2021\/10\/16\/cak-sedam-igracica-dinama-na-reprezentativnom-popisu\/#primaryimage"},"thumbnailUrl":"https:\/\/radioljubuski.ba\/wp-content\/uploads\/2021\/10\/DSC_3006-375x195-1.jpg","datePublished":"2021-10-16T15:02:28+00:00","dateModified":"2021-10-16T15:02:29+00:00","breadcrumb":{"@id":"https:\/\/radioljubuski.ba\/index.php\/2021\/10\/16\/cak-sedam-igracica-dinama-na-reprezentativnom-popisu\/#breadcrumb"},"inLanguage":"hr","potentialAction":[{"@type":"ReadAction","target":["https:\/\/radioljubuski.ba\/index.php\/2021\/10\/16\/cak-sedam-igracica-dinama-na-reprezentativnom-popisu\/"]}]},{"@type":"ImageObject","inLanguage":"hr","@id":"https:\/\/radioljubuski.ba\/index.php\/2021\/10\/16\/cak-sedam-igracica-dinama-na-reprezentativnom-popisu\/#primaryimage","url":"https:\/\/radioljubuski.ba\/wp-content\/uploads\/2021\/10\/DSC_3006-375x195-1.jpg","contentUrl":"https:\/\/radioljubuski.ba\/wp-content\/uploads\/2021\/10\/DSC_3006-375x195-1.jpg","width":375,"height":195},{"@type":"BreadcrumbList","@id":"https:\/\/radioljubuski.ba\/index.php\/2021\/10\/16\/cak-sedam-igracica-dinama-na-reprezentativnom-popisu\/#breadcrumb","itemListElement":[{"@type":"ListItem","position":1,"name":"Po\u010detna stranica","item":"https:\/\/radioljubuski.ba\/"},{"@type":"ListItem","position":2,"name":"\u010cak sedam igra\u010dica Dinama na reprezentativnom popisu"}]},{"@type":"WebSite","@id":"https:\/\/radioljubuski.ba\/#website","url":"https:\/\/radioljubuski.ba\/","name":"Radio Ljubu\u0161ki","description":"Sun\u010dana frekvencija Hercegovine","publisher":{"@id":"https:\/\/radioljubuski.ba\/#organization"},"potentialAction":[{"@type":"SearchAction","target":{"@type":"EntryPoint","urlTemplate":"https:\/\/radioljubuski.ba\/?s={search_term_string}"},"query-input":{"@type":"PropertyValueSpecification","valueRequired":true,"valueName":"search_term_string"}}],"inLanguage":"hr"},{"@type":"Organization","@id":"https:\/\/radioljubuski.ba\/#organization","name":"Radio Ljubu\u0161ki","url":"https:\/\/radioljubuski.ba\/","logo":{"@type":"ImageObject","inLanguage":"hr","@id":"https:\/\/radioljubuski.ba\/#\/schema\/logo\/image\/","url":"https:\/\/radioljubuski.ba\/wp-content\/uploads\/2021\/02\/cropped-Radio_Ljubuski_logo1.jpg","contentUrl":"https:\/\/radioljubuski.ba\/wp-content\/uploads\/2021\/02\/cropped-Radio_Ljubuski_logo1.jpg","width":512,"height":512,"caption":"Radio Ljubu\u0161ki"},"image":{"@id":"https:\/\/radioljubuski.ba\/#\/schema\/logo\/image\/"},"sameAs":["https:\/\/www.facebook.com\/Radiio-Ljubuski-1490835324566332","https:\/\/x.com\/radioljubuski","https:\/\/hr.linkedin.com\/company\/radio-ljubuski","https:\/\/www.youtube.com\/channel\/UCHYaeO_n0Db3tjNGudGpXyw"]},{"@type":"Person","@id":"https:\/\/radioljubuski.ba\/#\/schema\/person\/19fc700381a780f69665d7956c469e3b","name":"Radio Ljubu\u0161ki"}]}},"_links":{"self":[{"href":"https:\/\/radioljubuski.ba\/index.php\/wp-json\/wp\/v2\/posts\/76472","targetHints":{"allow":["GET"]}}],"collection":[{"href":"https:\/\/radioljubuski.ba\/index.php\/wp-json\/wp\/v2\/posts"}],"about":[{"href":"https:\/\/radioljubuski.ba\/index.php\/wp-json\/wp\/v2\/types\/post"}],"author":[{"embeddable":true,"href":"https:\/\/radioljubuski.ba\/index.php\/wp-json\/wp\/v2\/users\/2"}],"replies":[{"embeddable":true,"href":"https:\/\/radioljubuski.ba\/index.php\/wp-json\/wp\/v2\/comments?post=76472"}],"version-history":[{"count":1,"href":"https:\/\/radioljubuski.ba\/index.php\/wp-json\/wp\/v2\/posts\/76472\/revisions"}],"predecessor-version":[{"id":76474,"href":"https:\/\/radioljubuski.ba\/index.php\/wp-json\/wp\/v2\/posts\/76472\/revisions\/76474"}],"wp:featuredmedia":[{"embeddable":true,"href":"https:\/\/radioljubuski.ba\/index.php\/wp-json\/wp\/v2\/media\/76473"}],"wp:attachment":[{"href":"https:\/\/radioljubuski.ba\/index.php\/wp-json\/wp\/v2\/media?parent=76472"}],"wp:term":[{"taxonomy":"category","embeddable":true,"href":"https:\/\/radioljubuski.ba\/index.php\/wp-json\/wp\/v2\/categories?post=76472"},{"taxonomy":"post_tag","embeddable":true,"href":"https:\/\/radioljubuski.ba\/index.php\/wp-json\/wp\/v2\/tags?post=76472"}],"curies":[{"name":"wp","href":"https:\/\/api.w.org\/{rel}","templated":true}]}}