{"id":76475,"date":"2021-10-16T16:03:29","date_gmt":"2021-10-16T15:03:29","guid":{"rendered":"https:\/\/radioljubuski.ba\/?p=76475"},"modified":"2021-10-16T16:03:30","modified_gmt":"2021-10-16T15:03:30","slug":"gvardiol-vise-ne-konkurira-za-nagradu","status":"publish","type":"post","link":"https:\/\/radioljubuski.ba\/index.php\/2021\/10\/16\/gvardiol-vise-ne-konkurira-za-nagradu\/","title":{"rendered":"Gvardiol vi\u0161e ne konkurira za nagradu"},"content":{"rendered":"\n<p><strong>Hrvatski nogometni reprezentativac Jo\u0161ko Gvardiol otpao je iz utrke za ovogodi\u0161nju nagradu Golden Boy, koju talijanski Tuttosport dodjeljuje najboljem mladom nogometa\u0161u (do 21 godine).<\/strong><\/p>\n\n\n\n<p>Prvotno je ugledni talijanski \u010dasopis odabrao sto najboljih mladih nogometa\u0161a, a na tom popisu su bila trojica hrvatskih igra\u010da: Jo\u0161ko Gvardiol te&nbsp;<strong>Antonio Marin&nbsp;<\/strong>(igra\u010d Dinama na posudbi u \u0160ibeniku) i&nbsp;<strong>Stipe Biuk<\/strong>&nbsp;(igra\u010d Hajduka).<br><br>Popis je potom skra\u0107en na 40 najboljih, a od Hrvata je u igri tada ostao jedino hrvatski reprezentativac Gvardiol, donedavni \u010dlan Dinama, a danas igra\u010d njema\u010dkog Leipziga.<br><br>Nakon toga je uslijedio novi filter, a me\u0111u preostalih dvadeset nogometa\u0161a koji konkuriraju za nagradu vi\u0161e nema ni Gvardiola.<br><br>Od preostalih igra\u010da kao glavni favoriti za kona\u010dnu pobjedu se spominju&nbsp;<strong>Pedri&nbsp;<\/strong>iz Barcelone,&nbsp;<strong>Bellingham&nbsp;<\/strong>iz dortmundske Borussije te&nbsp;<strong>Camavinga&nbsp;<\/strong>iz madridskog Reala.<br><br>Posljednji osvaja\u010d nagrade Golden Boy je bio Norve\u017eanin&nbsp;<strong>Erling Haaland<\/strong>, a slu\u017ebena dodjela nagrade odr\u017eat \u0107e se u Torinu 13. prosinca.<\/p>\n\n\n\n<p>Izvor:hrt.hr<\/p>\n","protected":false},"excerpt":{"rendered":"<p>Hrvatski nogometni reprezentativac Jo\u0161ko Gvardiol otpao je iz utrke za ovogodi\u0161nju nagradu Golden Boy, koju talijanski Tuttosport dodjeljuje najboljem mladom nogometa\u0161u (do 21 godine). Prvotno je ugledni talijanski \u010dasopis odabrao sto najboljih mladih nogometa\u0161a, a na tom popisu su bila trojica hrvatskih igra\u010da: Jo\u0161ko Gvardiol te&nbsp;Antonio Marin&nbsp;(igra\u010d Dinama na posudbi u \u0160ibeniku) i&nbsp;Stipe Biuk&nbsp;(igra\u010d Hajduka). [&hellip;]<\/p>\n","protected":false},"author":2,"featured_media":76476,"comment_status":"closed","ping_status":"closed","sticky":false,"template":"","format":"standard","meta":{"h5ap_radio_sources":[],"footnotes":""},"categories":[7],"tags":[],"class_list":["post-76475","post","type-post","status-publish","format-standard","has-post-thumbnail","hentry","category-sport"],"yoast_head":"<!-- This site is optimized with the Yoast SEO plugin v27.4 - https:\/\/yoast.com\/product\/yoast-seo-wordpress\/ -->\n<title>Gvardiol vi\u0161e ne konkurira za nagradu - RADIO LJUBU\u0160KI<\/title>\n<meta name=\"robots\" content=\"index, follow, max-snippet:-1, max-image-preview:large, max-video-preview:-1\" \/>\n<link rel=\"canonical\" href=\"https:\/\/radioljubuski.ba\/index.php\/2021\/10\/16\/gvardiol-vise-ne-konkurira-za-nagradu\/\" \/>\n<meta property=\"og:locale\" content=\"hr_HR\" \/>\n<meta property=\"og:type\" content=\"article\" \/>\n<meta property=\"og:title\" content=\"Gvardiol vi\u0161e ne konkurira za nagradu - RADIO LJUBU\u0160KI\" \/>\n<meta property=\"og:description\" content=\"Hrvatski nogometni reprezentativac Jo\u0161ko Gvardiol otpao je iz utrke za ovogodi\u0161nju nagradu Golden Boy, koju talijanski Tuttosport dodjeljuje najboljem mladom nogometa\u0161u (do 21 godine). Prvotno je ugledni talijanski \u010dasopis odabrao sto najboljih mladih nogometa\u0161a, a na tom popisu su bila trojica hrvatskih igra\u010da: Jo\u0161ko Gvardiol te&nbsp;Antonio Marin&nbsp;(igra\u010d Dinama na posudbi u \u0160ibeniku) i&nbsp;Stipe Biuk&nbsp;(igra\u010d Hajduka). [&hellip;]\" \/>\n<meta property=\"og:url\" content=\"https:\/\/radioljubuski.ba\/index.php\/2021\/10\/16\/gvardiol-vise-ne-konkurira-za-nagradu\/\" \/>\n<meta property=\"og:site_name\" content=\"RADIO LJUBU\u0160KI\" \/>\n<meta property=\"article:publisher\" content=\"https:\/\/www.facebook.com\/Radiio-Ljubuski-1490835324566332\" \/>\n<meta property=\"article:published_time\" content=\"2021-10-16T15:03:29+00:00\" \/>\n<meta property=\"article:modified_time\" content=\"2021-10-16T15:03:30+00:00\" \/>\n<meta property=\"og:image\" content=\"https:\/\/radioljubuski.ba\/wp-content\/uploads\/2021\/10\/preuzmi-36.jpg\" \/>\n\t<meta property=\"og:image:width\" content=\"263\" \/>\n\t<meta property=\"og:image:height\" content=\"192\" \/>\n\t<meta property=\"og:image:type\" content=\"image\/jpeg\" \/>\n<meta name=\"author\" content=\"Radio Ljubu\u0161ki\" \/>\n<meta name=\"twitter:card\" content=\"summary_large_image\" \/>\n<meta name=\"twitter:creator\" content=\"@radioljubuski\" \/>\n<meta name=\"twitter:site\" content=\"@radioljubuski\" \/>\n<meta name=\"twitter:label1\" content=\"Napisao\/la\" \/>\n\t<meta name=\"twitter:data1\" content=\"Radio Ljubu\u0161ki\" \/>\n\t<meta name=\"twitter:label2\" content=\"Procijenjeno vrijeme \u010ditanja\" \/>\n\t<meta name=\"twitter:data2\" content=\"1 minuta\" \/>\n<script type=\"application\/ld+json\" class=\"yoast-schema-graph\">{\"@context\":\"https:\\\/\\\/schema.org\",\"@graph\":[{\"@type\":\"Article\",\"@id\":\"https:\\\/\\\/radioljubuski.ba\\\/index.php\\\/2021\\\/10\\\/16\\\/gvardiol-vise-ne-konkurira-za-nagradu\\\/#article\",\"isPartOf\":{\"@id\":\"https:\\\/\\\/radioljubuski.ba\\\/index.php\\\/2021\\\/10\\\/16\\\/gvardiol-vise-ne-konkurira-za-nagradu\\\/\"},\"author\":{\"name\":\"Radio Ljubu\u0161ki\",\"@id\":\"https:\\\/\\\/radioljubuski.ba\\\/#\\\/schema\\\/person\\\/19fc700381a780f69665d7956c469e3b\"},\"headline\":\"Gvardiol vi\u0161e ne konkurira za nagradu\",\"datePublished\":\"2021-10-16T15:03:29+00:00\",\"dateModified\":\"2021-10-16T15:03:30+00:00\",\"mainEntityOfPage\":{\"@id\":\"https:\\\/\\\/radioljubuski.ba\\\/index.php\\\/2021\\\/10\\\/16\\\/gvardiol-vise-ne-konkurira-za-nagradu\\\/\"},\"wordCount\":183,\"publisher\":{\"@id\":\"https:\\\/\\\/radioljubuski.ba\\\/#organization\"},\"image\":{\"@id\":\"https:\\\/\\\/radioljubuski.ba\\\/index.php\\\/2021\\\/10\\\/16\\\/gvardiol-vise-ne-konkurira-za-nagradu\\\/#primaryimage\"},\"thumbnailUrl\":\"https:\\\/\\\/radioljubuski.ba\\\/wp-content\\\/uploads\\\/2021\\\/10\\\/preuzmi-36.jpg\",\"articleSection\":[\"\u0160port\"],\"inLanguage\":\"hr\"},{\"@type\":\"WebPage\",\"@id\":\"https:\\\/\\\/radioljubuski.ba\\\/index.php\\\/2021\\\/10\\\/16\\\/gvardiol-vise-ne-konkurira-za-nagradu\\\/\",\"url\":\"https:\\\/\\\/radioljubuski.ba\\\/index.php\\\/2021\\\/10\\\/16\\\/gvardiol-vise-ne-konkurira-za-nagradu\\\/\",\"name\":\"Gvardiol vi\u0161e ne konkurira za nagradu - RADIO LJUBU\u0160KI\",\"isPartOf\":{\"@id\":\"https:\\\/\\\/radioljubuski.ba\\\/#website\"},\"primaryImageOfPage\":{\"@id\":\"https:\\\/\\\/radioljubuski.ba\\\/index.php\\\/2021\\\/10\\\/16\\\/gvardiol-vise-ne-konkurira-za-nagradu\\\/#primaryimage\"},\"image\":{\"@id\":\"https:\\\/\\\/radioljubuski.ba\\\/index.php\\\/2021\\\/10\\\/16\\\/gvardiol-vise-ne-konkurira-za-nagradu\\\/#primaryimage\"},\"thumbnailUrl\":\"https:\\\/\\\/radioljubuski.ba\\\/wp-content\\\/uploads\\\/2021\\\/10\\\/preuzmi-36.jpg\",\"datePublished\":\"2021-10-16T15:03:29+00:00\",\"dateModified\":\"2021-10-16T15:03:30+00:00\",\"breadcrumb\":{\"@id\":\"https:\\\/\\\/radioljubuski.ba\\\/index.php\\\/2021\\\/10\\\/16\\\/gvardiol-vise-ne-konkurira-za-nagradu\\\/#breadcrumb\"},\"inLanguage\":\"hr\",\"potentialAction\":[{\"@type\":\"ReadAction\",\"target\":[\"https:\\\/\\\/radioljubuski.ba\\\/index.php\\\/2021\\\/10\\\/16\\\/gvardiol-vise-ne-konkurira-za-nagradu\\\/\"]}]},{\"@type\":\"ImageObject\",\"inLanguage\":\"hr\",\"@id\":\"https:\\\/\\\/radioljubuski.ba\\\/index.php\\\/2021\\\/10\\\/16\\\/gvardiol-vise-ne-konkurira-za-nagradu\\\/#primaryimage\",\"url\":\"https:\\\/\\\/radioljubuski.ba\\\/wp-content\\\/uploads\\\/2021\\\/10\\\/preuzmi-36.jpg\",\"contentUrl\":\"https:\\\/\\\/radioljubuski.ba\\\/wp-content\\\/uploads\\\/2021\\\/10\\\/preuzmi-36.jpg\",\"width\":263,\"height\":192},{\"@type\":\"BreadcrumbList\",\"@id\":\"https:\\\/\\\/radioljubuski.ba\\\/index.php\\\/2021\\\/10\\\/16\\\/gvardiol-vise-ne-konkurira-za-nagradu\\\/#breadcrumb\",\"itemListElement\":[{\"@type\":\"ListItem\",\"position\":1,\"name\":\"Po\u010detna stranica\",\"item\":\"https:\\\/\\\/radioljubuski.ba\\\/\"},{\"@type\":\"ListItem\",\"position\":2,\"name\":\"Gvardiol vi\u0161e ne konkurira za nagradu\"}]},{\"@type\":\"WebSite\",\"@id\":\"https:\\\/\\\/radioljubuski.ba\\\/#website\",\"url\":\"https:\\\/\\\/radioljubuski.ba\\\/\",\"name\":\"Radio Ljubu\u0161ki\",\"description\":\"Sun\u010dana frekvencija Hercegovine\",\"publisher\":{\"@id\":\"https:\\\/\\\/radioljubuski.ba\\\/#organization\"},\"potentialAction\":[{\"@type\":\"SearchAction\",\"target\":{\"@type\":\"EntryPoint\",\"urlTemplate\":\"https:\\\/\\\/radioljubuski.ba\\\/?s={search_term_string}\"},\"query-input\":{\"@type\":\"PropertyValueSpecification\",\"valueRequired\":true,\"valueName\":\"search_term_string\"}}],\"inLanguage\":\"hr\"},{\"@type\":\"Organization\",\"@id\":\"https:\\\/\\\/radioljubuski.ba\\\/#organization\",\"name\":\"Radio Ljubu\u0161ki\",\"url\":\"https:\\\/\\\/radioljubuski.ba\\\/\",\"logo\":{\"@type\":\"ImageObject\",\"inLanguage\":\"hr\",\"@id\":\"https:\\\/\\\/radioljubuski.ba\\\/#\\\/schema\\\/logo\\\/image\\\/\",\"url\":\"https:\\\/\\\/radioljubuski.ba\\\/wp-content\\\/uploads\\\/2021\\\/02\\\/cropped-Radio_Ljubuski_logo1.jpg\",\"contentUrl\":\"https:\\\/\\\/radioljubuski.ba\\\/wp-content\\\/uploads\\\/2021\\\/02\\\/cropped-Radio_Ljubuski_logo1.jpg\",\"width\":512,\"height\":512,\"caption\":\"Radio Ljubu\u0161ki\"},\"image\":{\"@id\":\"https:\\\/\\\/radioljubuski.ba\\\/#\\\/schema\\\/logo\\\/image\\\/\"},\"sameAs\":[\"https:\\\/\\\/www.facebook.com\\\/Radiio-Ljubuski-1490835324566332\",\"https:\\\/\\\/x.com\\\/radioljubuski\",\"https:\\\/\\\/hr.linkedin.com\\\/company\\\/radio-ljubuski\",\"https:\\\/\\\/www.youtube.com\\\/channel\\\/UCHYaeO_n0Db3tjNGudGpXyw\"]},{\"@type\":\"Person\",\"@id\":\"https:\\\/\\\/radioljubuski.ba\\\/#\\\/schema\\\/person\\\/19fc700381a780f69665d7956c469e3b\",\"name\":\"Radio Ljubu\u0161ki\"}]}<\/script>\n<!-- \/ Yoast SEO plugin. -->","yoast_head_json":{"title":"Gvardiol vi\u0161e ne konkurira za nagradu - RADIO LJUBU\u0160KI","robots":{"index":"index","follow":"follow","max-snippet":"max-snippet:-1","max-image-preview":"max-image-preview:large","max-video-preview":"max-video-preview:-1"},"canonical":"https:\/\/radioljubuski.ba\/index.php\/2021\/10\/16\/gvardiol-vise-ne-konkurira-za-nagradu\/","og_locale":"hr_HR","og_type":"article","og_title":"Gvardiol vi\u0161e ne konkurira za nagradu - RADIO LJUBU\u0160KI","og_description":"Hrvatski nogometni reprezentativac Jo\u0161ko Gvardiol otpao je iz utrke za ovogodi\u0161nju nagradu Golden Boy, koju talijanski Tuttosport dodjeljuje najboljem mladom nogometa\u0161u (do 21 godine). Prvotno je ugledni talijanski \u010dasopis odabrao sto najboljih mladih nogometa\u0161a, a na tom popisu su bila trojica hrvatskih igra\u010da: Jo\u0161ko Gvardiol te&nbsp;Antonio Marin&nbsp;(igra\u010d Dinama na posudbi u \u0160ibeniku) i&nbsp;Stipe Biuk&nbsp;(igra\u010d Hajduka). [&hellip;]","og_url":"https:\/\/radioljubuski.ba\/index.php\/2021\/10\/16\/gvardiol-vise-ne-konkurira-za-nagradu\/","og_site_name":"RADIO LJUBU\u0160KI","article_publisher":"https:\/\/www.facebook.com\/Radiio-Ljubuski-1490835324566332","article_published_time":"2021-10-16T15:03:29+00:00","article_modified_time":"2021-10-16T15:03:30+00:00","og_image":[{"width":263,"height":192,"url":"https:\/\/radioljubuski.ba\/wp-content\/uploads\/2021\/10\/preuzmi-36.jpg","type":"image\/jpeg"}],"author":"Radio Ljubu\u0161ki","twitter_card":"summary_large_image","twitter_creator":"@radioljubuski","twitter_site":"@radioljubuski","twitter_misc":{"Napisao\/la":"Radio Ljubu\u0161ki","Procijenjeno vrijeme \u010ditanja":"1 minuta"},"schema":{"@context":"https:\/\/schema.org","@graph":[{"@type":"Article","@id":"https:\/\/radioljubuski.ba\/index.php\/2021\/10\/16\/gvardiol-vise-ne-konkurira-za-nagradu\/#article","isPartOf":{"@id":"https:\/\/radioljubuski.ba\/index.php\/2021\/10\/16\/gvardiol-vise-ne-konkurira-za-nagradu\/"},"author":{"name":"Radio Ljubu\u0161ki","@id":"https:\/\/radioljubuski.ba\/#\/schema\/person\/19fc700381a780f69665d7956c469e3b"},"headline":"Gvardiol vi\u0161e ne konkurira za nagradu","datePublished":"2021-10-16T15:03:29+00:00","dateModified":"2021-10-16T15:03:30+00:00","mainEntityOfPage":{"@id":"https:\/\/radioljubuski.ba\/index.php\/2021\/10\/16\/gvardiol-vise-ne-konkurira-za-nagradu\/"},"wordCount":183,"publisher":{"@id":"https:\/\/radioljubuski.ba\/#organization"},"image":{"@id":"https:\/\/radioljubuski.ba\/index.php\/2021\/10\/16\/gvardiol-vise-ne-konkurira-za-nagradu\/#primaryimage"},"thumbnailUrl":"https:\/\/radioljubuski.ba\/wp-content\/uploads\/2021\/10\/preuzmi-36.jpg","articleSection":["\u0160port"],"inLanguage":"hr"},{"@type":"WebPage","@id":"https:\/\/radioljubuski.ba\/index.php\/2021\/10\/16\/gvardiol-vise-ne-konkurira-za-nagradu\/","url":"https:\/\/radioljubuski.ba\/index.php\/2021\/10\/16\/gvardiol-vise-ne-konkurira-za-nagradu\/","name":"Gvardiol vi\u0161e ne konkurira za nagradu - RADIO LJUBU\u0160KI","isPartOf":{"@id":"https:\/\/radioljubuski.ba\/#website"},"primaryImageOfPage":{"@id":"https:\/\/radioljubuski.ba\/index.php\/2021\/10\/16\/gvardiol-vise-ne-konkurira-za-nagradu\/#primaryimage"},"image":{"@id":"https:\/\/radioljubuski.ba\/index.php\/2021\/10\/16\/gvardiol-vise-ne-konkurira-za-nagradu\/#primaryimage"},"thumbnailUrl":"https:\/\/radioljubuski.ba\/wp-content\/uploads\/2021\/10\/preuzmi-36.jpg","datePublished":"2021-10-16T15:03:29+00:00","dateModified":"2021-10-16T15:03:30+00:00","breadcrumb":{"@id":"https:\/\/radioljubuski.ba\/index.php\/2021\/10\/16\/gvardiol-vise-ne-konkurira-za-nagradu\/#breadcrumb"},"inLanguage":"hr","potentialAction":[{"@type":"ReadAction","target":["https:\/\/radioljubuski.ba\/index.php\/2021\/10\/16\/gvardiol-vise-ne-konkurira-za-nagradu\/"]}]},{"@type":"ImageObject","inLanguage":"hr","@id":"https:\/\/radioljubuski.ba\/index.php\/2021\/10\/16\/gvardiol-vise-ne-konkurira-za-nagradu\/#primaryimage","url":"https:\/\/radioljubuski.ba\/wp-content\/uploads\/2021\/10\/preuzmi-36.jpg","contentUrl":"https:\/\/radioljubuski.ba\/wp-content\/uploads\/2021\/10\/preuzmi-36.jpg","width":263,"height":192},{"@type":"BreadcrumbList","@id":"https:\/\/radioljubuski.ba\/index.php\/2021\/10\/16\/gvardiol-vise-ne-konkurira-za-nagradu\/#breadcrumb","itemListElement":[{"@type":"ListItem","position":1,"name":"Po\u010detna stranica","item":"https:\/\/radioljubuski.ba\/"},{"@type":"ListItem","position":2,"name":"Gvardiol vi\u0161e ne konkurira za nagradu"}]},{"@type":"WebSite","@id":"https:\/\/radioljubuski.ba\/#website","url":"https:\/\/radioljubuski.ba\/","name":"Radio Ljubu\u0161ki","description":"Sun\u010dana frekvencija Hercegovine","publisher":{"@id":"https:\/\/radioljubuski.ba\/#organization"},"potentialAction":[{"@type":"SearchAction","target":{"@type":"EntryPoint","urlTemplate":"https:\/\/radioljubuski.ba\/?s={search_term_string}"},"query-input":{"@type":"PropertyValueSpecification","valueRequired":true,"valueName":"search_term_string"}}],"inLanguage":"hr"},{"@type":"Organization","@id":"https:\/\/radioljubuski.ba\/#organization","name":"Radio Ljubu\u0161ki","url":"https:\/\/radioljubuski.ba\/","logo":{"@type":"ImageObject","inLanguage":"hr","@id":"https:\/\/radioljubuski.ba\/#\/schema\/logo\/image\/","url":"https:\/\/radioljubuski.ba\/wp-content\/uploads\/2021\/02\/cropped-Radio_Ljubuski_logo1.jpg","contentUrl":"https:\/\/radioljubuski.ba\/wp-content\/uploads\/2021\/02\/cropped-Radio_Ljubuski_logo1.jpg","width":512,"height":512,"caption":"Radio Ljubu\u0161ki"},"image":{"@id":"https:\/\/radioljubuski.ba\/#\/schema\/logo\/image\/"},"sameAs":["https:\/\/www.facebook.com\/Radiio-Ljubuski-1490835324566332","https:\/\/x.com\/radioljubuski","https:\/\/hr.linkedin.com\/company\/radio-ljubuski","https:\/\/www.youtube.com\/channel\/UCHYaeO_n0Db3tjNGudGpXyw"]},{"@type":"Person","@id":"https:\/\/radioljubuski.ba\/#\/schema\/person\/19fc700381a780f69665d7956c469e3b","name":"Radio Ljubu\u0161ki"}]}},"_links":{"self":[{"href":"https:\/\/radioljubuski.ba\/index.php\/wp-json\/wp\/v2\/posts\/76475","targetHints":{"allow":["GET"]}}],"collection":[{"href":"https:\/\/radioljubuski.ba\/index.php\/wp-json\/wp\/v2\/posts"}],"about":[{"href":"https:\/\/radioljubuski.ba\/index.php\/wp-json\/wp\/v2\/types\/post"}],"author":[{"embeddable":true,"href":"https:\/\/radioljubuski.ba\/index.php\/wp-json\/wp\/v2\/users\/2"}],"replies":[{"embeddable":true,"href":"https:\/\/radioljubuski.ba\/index.php\/wp-json\/wp\/v2\/comments?post=76475"}],"version-history":[{"count":1,"href":"https:\/\/radioljubuski.ba\/index.php\/wp-json\/wp\/v2\/posts\/76475\/revisions"}],"predecessor-version":[{"id":76477,"href":"https:\/\/radioljubuski.ba\/index.php\/wp-json\/wp\/v2\/posts\/76475\/revisions\/76477"}],"wp:featuredmedia":[{"embeddable":true,"href":"https:\/\/radioljubuski.ba\/index.php\/wp-json\/wp\/v2\/media\/76476"}],"wp:attachment":[{"href":"https:\/\/radioljubuski.ba\/index.php\/wp-json\/wp\/v2\/media?parent=76475"}],"wp:term":[{"taxonomy":"category","embeddable":true,"href":"https:\/\/radioljubuski.ba\/index.php\/wp-json\/wp\/v2\/categories?post=76475"},{"taxonomy":"post_tag","embeddable":true,"href":"https:\/\/radioljubuski.ba\/index.php\/wp-json\/wp\/v2\/tags?post=76475"}],"curies":[{"name":"wp","href":"https:\/\/api.w.org\/{rel}","templated":true}]}}