{"id":76490,"date":"2021-10-16T16:10:27","date_gmt":"2021-10-16T15:10:27","guid":{"rendered":"https:\/\/radioljubuski.ba\/?p=76490"},"modified":"2021-10-16T16:11:56","modified_gmt":"2021-10-16T15:11:56","slug":"dvije-asistencije-kramarica-prvog-asistenta-bundeslige","status":"publish","type":"post","link":"https:\/\/radioljubuski.ba\/index.php\/2021\/10\/16\/dvije-asistencije-kramarica-prvog-asistenta-bundeslige\/","title":{"rendered":"Dvije asistencije Kramari\u0107a, prvog asistenta Bundeslige"},"content":{"rendered":"\n<p><strong>U prvom susretu 8. kola Bundeslige nogometa\u0161i Hoffenheima su kao doma\u0107ini bili vrlo uvjerljivi protiv K\u00f6lna te su slavili s 5-0.<\/strong><\/p>\n\n\n\n<p>Hrvatski reprezentativac&nbsp;<strong>Andrej Kramari\u0107&nbsp;<\/strong>odigrao je cijelu utakmicu za Hoffenheim, a istaknuo se asistencijama pa je tako dodavao za prvi i posljednji pogodak na susretu. Time je Kramari\u0107 ostvario petu i \u0161estu liga\u0161ku asistenciju u sezoni te je trenuta\u010dno prvi asistent Bundeslige.<br><br>U 31. minuti je Kramari\u0107 lijepo asistirao&nbsp;<strong>Bebou&nbsp;<\/strong>za prvi pogodak na ogledu, s tim da je Bebou zabio i drugi gol za Hoffenheim. Potom su se u nastavku dvoboja u strijelce upisivali&nbsp;<strong>Baumgartner&nbsp;<\/strong>(51. minuta),&nbsp;<strong>Geiger&nbsp;<\/strong>(74.) i&nbsp;<strong>Posch&nbsp;<\/strong>(87.), kojem je pogodak tako\u0111er namjestio hrvatski nogometa\u0161.<br><br>Bila je ovo tre\u0107a pobjeda Hoffenheima u sezoni s kojom je sko\u010dio na osmo mjesto ljestvice. Hoffenheim sada ima 11 bodova, a mjesto ispred njega je upravo K\u00f6ln s 12 bodova.<br><br>Sve ostale utakmice ovog kola se igraju tijekom vikenda.<\/p>\n\n\n\n<p>Izvor:hrt.hr<\/p>\n","protected":false},"excerpt":{"rendered":"<p>U prvom susretu 8. kola Bundeslige nogometa\u0161i Hoffenheima su kao doma\u0107ini bili vrlo uvjerljivi protiv K\u00f6lna te su slavili s 5-0. Hrvatski reprezentativac&nbsp;Andrej Kramari\u0107&nbsp;odigrao je cijelu utakmicu za Hoffenheim, a istaknuo se asistencijama pa je tako dodavao za prvi i posljednji pogodak na susretu. Time je Kramari\u0107 ostvario petu i \u0161estu liga\u0161ku asistenciju u sezoni [&hellip;]<\/p>\n","protected":false},"author":2,"featured_media":66947,"comment_status":"closed","ping_status":"closed","sticky":false,"template":"","format":"standard","meta":{"h5ap_radio_sources":[],"footnotes":""},"categories":[7],"tags":[],"class_list":["post-76490","post","type-post","status-publish","format-standard","has-post-thumbnail","hentry","category-sport"],"yoast_head":"<!-- This site is optimized with the Yoast SEO plugin v27.4 - https:\/\/yoast.com\/product\/yoast-seo-wordpress\/ -->\n<title>Dvije asistencije Kramari\u0107a, prvog asistenta Bundeslige - RADIO LJUBU\u0160KI<\/title>\n<meta name=\"robots\" content=\"index, follow, max-snippet:-1, max-image-preview:large, max-video-preview:-1\" \/>\n<link rel=\"canonical\" href=\"https:\/\/radioljubuski.ba\/index.php\/2021\/10\/16\/dvije-asistencije-kramarica-prvog-asistenta-bundeslige\/\" \/>\n<meta property=\"og:locale\" content=\"hr_HR\" \/>\n<meta property=\"og:type\" content=\"article\" \/>\n<meta property=\"og:title\" content=\"Dvije asistencije Kramari\u0107a, prvog asistenta Bundeslige - RADIO LJUBU\u0160KI\" \/>\n<meta property=\"og:description\" content=\"U prvom susretu 8. kola Bundeslige nogometa\u0161i Hoffenheima su kao doma\u0107ini bili vrlo uvjerljivi protiv K\u00f6lna te su slavili s 5-0. Hrvatski reprezentativac&nbsp;Andrej Kramari\u0107&nbsp;odigrao je cijelu utakmicu za Hoffenheim, a istaknuo se asistencijama pa je tako dodavao za prvi i posljednji pogodak na susretu. Time je Kramari\u0107 ostvario petu i \u0161estu liga\u0161ku asistenciju u sezoni [&hellip;]\" \/>\n<meta property=\"og:url\" content=\"https:\/\/radioljubuski.ba\/index.php\/2021\/10\/16\/dvije-asistencije-kramarica-prvog-asistenta-bundeslige\/\" \/>\n<meta property=\"og:site_name\" content=\"RADIO LJUBU\u0160KI\" \/>\n<meta property=\"article:publisher\" content=\"https:\/\/www.facebook.com\/Radiio-Ljubuski-1490835324566332\" \/>\n<meta property=\"article:published_time\" content=\"2021-10-16T15:10:27+00:00\" \/>\n<meta property=\"article:modified_time\" content=\"2021-10-16T15:11:56+00:00\" \/>\n<meta property=\"og:image\" content=\"https:\/\/radioljubuski.ba\/wp-content\/uploads\/2021\/09\/kramaric-shutterstock-1193217898-20210923105505.jpg\" \/>\n\t<meta property=\"og:image:width\" content=\"1200\" \/>\n\t<meta property=\"og:image:height\" content=\"656\" \/>\n\t<meta property=\"og:image:type\" content=\"image\/jpeg\" \/>\n<meta name=\"author\" content=\"Radio Ljubu\u0161ki\" \/>\n<meta name=\"twitter:card\" content=\"summary_large_image\" \/>\n<meta name=\"twitter:creator\" content=\"@radioljubuski\" \/>\n<meta name=\"twitter:site\" content=\"@radioljubuski\" \/>\n<meta name=\"twitter:label1\" content=\"Napisao\/la\" \/>\n\t<meta name=\"twitter:data1\" content=\"Radio Ljubu\u0161ki\" \/>\n\t<meta name=\"twitter:label2\" content=\"Procijenjeno vrijeme \u010ditanja\" \/>\n\t<meta name=\"twitter:data2\" content=\"1 minuta\" \/>\n<script type=\"application\/ld+json\" class=\"yoast-schema-graph\">{\"@context\":\"https:\\\/\\\/schema.org\",\"@graph\":[{\"@type\":\"Article\",\"@id\":\"https:\\\/\\\/radioljubuski.ba\\\/index.php\\\/2021\\\/10\\\/16\\\/dvije-asistencije-kramarica-prvog-asistenta-bundeslige\\\/#article\",\"isPartOf\":{\"@id\":\"https:\\\/\\\/radioljubuski.ba\\\/index.php\\\/2021\\\/10\\\/16\\\/dvije-asistencije-kramarica-prvog-asistenta-bundeslige\\\/\"},\"author\":{\"name\":\"Radio Ljubu\u0161ki\",\"@id\":\"https:\\\/\\\/radioljubuski.ba\\\/#\\\/schema\\\/person\\\/19fc700381a780f69665d7956c469e3b\"},\"headline\":\"Dvije asistencije Kramari\u0107a, prvog asistenta Bundeslige\",\"datePublished\":\"2021-10-16T15:10:27+00:00\",\"dateModified\":\"2021-10-16T15:11:56+00:00\",\"mainEntityOfPage\":{\"@id\":\"https:\\\/\\\/radioljubuski.ba\\\/index.php\\\/2021\\\/10\\\/16\\\/dvije-asistencije-kramarica-prvog-asistenta-bundeslige\\\/\"},\"wordCount\":173,\"publisher\":{\"@id\":\"https:\\\/\\\/radioljubuski.ba\\\/#organization\"},\"image\":{\"@id\":\"https:\\\/\\\/radioljubuski.ba\\\/index.php\\\/2021\\\/10\\\/16\\\/dvije-asistencije-kramarica-prvog-asistenta-bundeslige\\\/#primaryimage\"},\"thumbnailUrl\":\"https:\\\/\\\/radioljubuski.ba\\\/wp-content\\\/uploads\\\/2021\\\/09\\\/kramaric-shutterstock-1193217898-20210923105505.jpg\",\"articleSection\":[\"\u0160port\"],\"inLanguage\":\"hr\"},{\"@type\":\"WebPage\",\"@id\":\"https:\\\/\\\/radioljubuski.ba\\\/index.php\\\/2021\\\/10\\\/16\\\/dvije-asistencije-kramarica-prvog-asistenta-bundeslige\\\/\",\"url\":\"https:\\\/\\\/radioljubuski.ba\\\/index.php\\\/2021\\\/10\\\/16\\\/dvije-asistencije-kramarica-prvog-asistenta-bundeslige\\\/\",\"name\":\"Dvije asistencije Kramari\u0107a, prvog asistenta Bundeslige - RADIO LJUBU\u0160KI\",\"isPartOf\":{\"@id\":\"https:\\\/\\\/radioljubuski.ba\\\/#website\"},\"primaryImageOfPage\":{\"@id\":\"https:\\\/\\\/radioljubuski.ba\\\/index.php\\\/2021\\\/10\\\/16\\\/dvije-asistencije-kramarica-prvog-asistenta-bundeslige\\\/#primaryimage\"},\"image\":{\"@id\":\"https:\\\/\\\/radioljubuski.ba\\\/index.php\\\/2021\\\/10\\\/16\\\/dvije-asistencije-kramarica-prvog-asistenta-bundeslige\\\/#primaryimage\"},\"thumbnailUrl\":\"https:\\\/\\\/radioljubuski.ba\\\/wp-content\\\/uploads\\\/2021\\\/09\\\/kramaric-shutterstock-1193217898-20210923105505.jpg\",\"datePublished\":\"2021-10-16T15:10:27+00:00\",\"dateModified\":\"2021-10-16T15:11:56+00:00\",\"breadcrumb\":{\"@id\":\"https:\\\/\\\/radioljubuski.ba\\\/index.php\\\/2021\\\/10\\\/16\\\/dvije-asistencije-kramarica-prvog-asistenta-bundeslige\\\/#breadcrumb\"},\"inLanguage\":\"hr\",\"potentialAction\":[{\"@type\":\"ReadAction\",\"target\":[\"https:\\\/\\\/radioljubuski.ba\\\/index.php\\\/2021\\\/10\\\/16\\\/dvije-asistencije-kramarica-prvog-asistenta-bundeslige\\\/\"]}]},{\"@type\":\"ImageObject\",\"inLanguage\":\"hr\",\"@id\":\"https:\\\/\\\/radioljubuski.ba\\\/index.php\\\/2021\\\/10\\\/16\\\/dvije-asistencije-kramarica-prvog-asistenta-bundeslige\\\/#primaryimage\",\"url\":\"https:\\\/\\\/radioljubuski.ba\\\/wp-content\\\/uploads\\\/2021\\\/09\\\/kramaric-shutterstock-1193217898-20210923105505.jpg\",\"contentUrl\":\"https:\\\/\\\/radioljubuski.ba\\\/wp-content\\\/uploads\\\/2021\\\/09\\\/kramaric-shutterstock-1193217898-20210923105505.jpg\",\"width\":1200,\"height\":656},{\"@type\":\"BreadcrumbList\",\"@id\":\"https:\\\/\\\/radioljubuski.ba\\\/index.php\\\/2021\\\/10\\\/16\\\/dvije-asistencije-kramarica-prvog-asistenta-bundeslige\\\/#breadcrumb\",\"itemListElement\":[{\"@type\":\"ListItem\",\"position\":1,\"name\":\"Po\u010detna stranica\",\"item\":\"https:\\\/\\\/radioljubuski.ba\\\/\"},{\"@type\":\"ListItem\",\"position\":2,\"name\":\"Dvije asistencije Kramari\u0107a, prvog asistenta Bundeslige\"}]},{\"@type\":\"WebSite\",\"@id\":\"https:\\\/\\\/radioljubuski.ba\\\/#website\",\"url\":\"https:\\\/\\\/radioljubuski.ba\\\/\",\"name\":\"Radio Ljubu\u0161ki\",\"description\":\"Sun\u010dana frekvencija Hercegovine\",\"publisher\":{\"@id\":\"https:\\\/\\\/radioljubuski.ba\\\/#organization\"},\"potentialAction\":[{\"@type\":\"SearchAction\",\"target\":{\"@type\":\"EntryPoint\",\"urlTemplate\":\"https:\\\/\\\/radioljubuski.ba\\\/?s={search_term_string}\"},\"query-input\":{\"@type\":\"PropertyValueSpecification\",\"valueRequired\":true,\"valueName\":\"search_term_string\"}}],\"inLanguage\":\"hr\"},{\"@type\":\"Organization\",\"@id\":\"https:\\\/\\\/radioljubuski.ba\\\/#organization\",\"name\":\"Radio Ljubu\u0161ki\",\"url\":\"https:\\\/\\\/radioljubuski.ba\\\/\",\"logo\":{\"@type\":\"ImageObject\",\"inLanguage\":\"hr\",\"@id\":\"https:\\\/\\\/radioljubuski.ba\\\/#\\\/schema\\\/logo\\\/image\\\/\",\"url\":\"https:\\\/\\\/radioljubuski.ba\\\/wp-content\\\/uploads\\\/2021\\\/02\\\/cropped-Radio_Ljubuski_logo1.jpg\",\"contentUrl\":\"https:\\\/\\\/radioljubuski.ba\\\/wp-content\\\/uploads\\\/2021\\\/02\\\/cropped-Radio_Ljubuski_logo1.jpg\",\"width\":512,\"height\":512,\"caption\":\"Radio Ljubu\u0161ki\"},\"image\":{\"@id\":\"https:\\\/\\\/radioljubuski.ba\\\/#\\\/schema\\\/logo\\\/image\\\/\"},\"sameAs\":[\"https:\\\/\\\/www.facebook.com\\\/Radiio-Ljubuski-1490835324566332\",\"https:\\\/\\\/x.com\\\/radioljubuski\",\"https:\\\/\\\/hr.linkedin.com\\\/company\\\/radio-ljubuski\",\"https:\\\/\\\/www.youtube.com\\\/channel\\\/UCHYaeO_n0Db3tjNGudGpXyw\"]},{\"@type\":\"Person\",\"@id\":\"https:\\\/\\\/radioljubuski.ba\\\/#\\\/schema\\\/person\\\/19fc700381a780f69665d7956c469e3b\",\"name\":\"Radio Ljubu\u0161ki\"}]}<\/script>\n<!-- \/ Yoast SEO plugin. -->","yoast_head_json":{"title":"Dvije asistencije Kramari\u0107a, prvog asistenta Bundeslige - RADIO LJUBU\u0160KI","robots":{"index":"index","follow":"follow","max-snippet":"max-snippet:-1","max-image-preview":"max-image-preview:large","max-video-preview":"max-video-preview:-1"},"canonical":"https:\/\/radioljubuski.ba\/index.php\/2021\/10\/16\/dvije-asistencije-kramarica-prvog-asistenta-bundeslige\/","og_locale":"hr_HR","og_type":"article","og_title":"Dvije asistencije Kramari\u0107a, prvog asistenta Bundeslige - RADIO LJUBU\u0160KI","og_description":"U prvom susretu 8. kola Bundeslige nogometa\u0161i Hoffenheima su kao doma\u0107ini bili vrlo uvjerljivi protiv K\u00f6lna te su slavili s 5-0. Hrvatski reprezentativac&nbsp;Andrej Kramari\u0107&nbsp;odigrao je cijelu utakmicu za Hoffenheim, a istaknuo se asistencijama pa je tako dodavao za prvi i posljednji pogodak na susretu. Time je Kramari\u0107 ostvario petu i \u0161estu liga\u0161ku asistenciju u sezoni [&hellip;]","og_url":"https:\/\/radioljubuski.ba\/index.php\/2021\/10\/16\/dvije-asistencije-kramarica-prvog-asistenta-bundeslige\/","og_site_name":"RADIO LJUBU\u0160KI","article_publisher":"https:\/\/www.facebook.com\/Radiio-Ljubuski-1490835324566332","article_published_time":"2021-10-16T15:10:27+00:00","article_modified_time":"2021-10-16T15:11:56+00:00","og_image":[{"width":1200,"height":656,"url":"https:\/\/radioljubuski.ba\/wp-content\/uploads\/2021\/09\/kramaric-shutterstock-1193217898-20210923105505.jpg","type":"image\/jpeg"}],"author":"Radio Ljubu\u0161ki","twitter_card":"summary_large_image","twitter_creator":"@radioljubuski","twitter_site":"@radioljubuski","twitter_misc":{"Napisao\/la":"Radio Ljubu\u0161ki","Procijenjeno vrijeme \u010ditanja":"1 minuta"},"schema":{"@context":"https:\/\/schema.org","@graph":[{"@type":"Article","@id":"https:\/\/radioljubuski.ba\/index.php\/2021\/10\/16\/dvije-asistencije-kramarica-prvog-asistenta-bundeslige\/#article","isPartOf":{"@id":"https:\/\/radioljubuski.ba\/index.php\/2021\/10\/16\/dvije-asistencije-kramarica-prvog-asistenta-bundeslige\/"},"author":{"name":"Radio Ljubu\u0161ki","@id":"https:\/\/radioljubuski.ba\/#\/schema\/person\/19fc700381a780f69665d7956c469e3b"},"headline":"Dvije asistencije Kramari\u0107a, prvog asistenta Bundeslige","datePublished":"2021-10-16T15:10:27+00:00","dateModified":"2021-10-16T15:11:56+00:00","mainEntityOfPage":{"@id":"https:\/\/radioljubuski.ba\/index.php\/2021\/10\/16\/dvije-asistencije-kramarica-prvog-asistenta-bundeslige\/"},"wordCount":173,"publisher":{"@id":"https:\/\/radioljubuski.ba\/#organization"},"image":{"@id":"https:\/\/radioljubuski.ba\/index.php\/2021\/10\/16\/dvije-asistencije-kramarica-prvog-asistenta-bundeslige\/#primaryimage"},"thumbnailUrl":"https:\/\/radioljubuski.ba\/wp-content\/uploads\/2021\/09\/kramaric-shutterstock-1193217898-20210923105505.jpg","articleSection":["\u0160port"],"inLanguage":"hr"},{"@type":"WebPage","@id":"https:\/\/radioljubuski.ba\/index.php\/2021\/10\/16\/dvije-asistencije-kramarica-prvog-asistenta-bundeslige\/","url":"https:\/\/radioljubuski.ba\/index.php\/2021\/10\/16\/dvije-asistencije-kramarica-prvog-asistenta-bundeslige\/","name":"Dvije asistencije Kramari\u0107a, prvog asistenta Bundeslige - RADIO LJUBU\u0160KI","isPartOf":{"@id":"https:\/\/radioljubuski.ba\/#website"},"primaryImageOfPage":{"@id":"https:\/\/radioljubuski.ba\/index.php\/2021\/10\/16\/dvije-asistencije-kramarica-prvog-asistenta-bundeslige\/#primaryimage"},"image":{"@id":"https:\/\/radioljubuski.ba\/index.php\/2021\/10\/16\/dvije-asistencije-kramarica-prvog-asistenta-bundeslige\/#primaryimage"},"thumbnailUrl":"https:\/\/radioljubuski.ba\/wp-content\/uploads\/2021\/09\/kramaric-shutterstock-1193217898-20210923105505.jpg","datePublished":"2021-10-16T15:10:27+00:00","dateModified":"2021-10-16T15:11:56+00:00","breadcrumb":{"@id":"https:\/\/radioljubuski.ba\/index.php\/2021\/10\/16\/dvije-asistencije-kramarica-prvog-asistenta-bundeslige\/#breadcrumb"},"inLanguage":"hr","potentialAction":[{"@type":"ReadAction","target":["https:\/\/radioljubuski.ba\/index.php\/2021\/10\/16\/dvije-asistencije-kramarica-prvog-asistenta-bundeslige\/"]}]},{"@type":"ImageObject","inLanguage":"hr","@id":"https:\/\/radioljubuski.ba\/index.php\/2021\/10\/16\/dvije-asistencije-kramarica-prvog-asistenta-bundeslige\/#primaryimage","url":"https:\/\/radioljubuski.ba\/wp-content\/uploads\/2021\/09\/kramaric-shutterstock-1193217898-20210923105505.jpg","contentUrl":"https:\/\/radioljubuski.ba\/wp-content\/uploads\/2021\/09\/kramaric-shutterstock-1193217898-20210923105505.jpg","width":1200,"height":656},{"@type":"BreadcrumbList","@id":"https:\/\/radioljubuski.ba\/index.php\/2021\/10\/16\/dvije-asistencije-kramarica-prvog-asistenta-bundeslige\/#breadcrumb","itemListElement":[{"@type":"ListItem","position":1,"name":"Po\u010detna stranica","item":"https:\/\/radioljubuski.ba\/"},{"@type":"ListItem","position":2,"name":"Dvije asistencije Kramari\u0107a, prvog asistenta Bundeslige"}]},{"@type":"WebSite","@id":"https:\/\/radioljubuski.ba\/#website","url":"https:\/\/radioljubuski.ba\/","name":"Radio Ljubu\u0161ki","description":"Sun\u010dana frekvencija Hercegovine","publisher":{"@id":"https:\/\/radioljubuski.ba\/#organization"},"potentialAction":[{"@type":"SearchAction","target":{"@type":"EntryPoint","urlTemplate":"https:\/\/radioljubuski.ba\/?s={search_term_string}"},"query-input":{"@type":"PropertyValueSpecification","valueRequired":true,"valueName":"search_term_string"}}],"inLanguage":"hr"},{"@type":"Organization","@id":"https:\/\/radioljubuski.ba\/#organization","name":"Radio Ljubu\u0161ki","url":"https:\/\/radioljubuski.ba\/","logo":{"@type":"ImageObject","inLanguage":"hr","@id":"https:\/\/radioljubuski.ba\/#\/schema\/logo\/image\/","url":"https:\/\/radioljubuski.ba\/wp-content\/uploads\/2021\/02\/cropped-Radio_Ljubuski_logo1.jpg","contentUrl":"https:\/\/radioljubuski.ba\/wp-content\/uploads\/2021\/02\/cropped-Radio_Ljubuski_logo1.jpg","width":512,"height":512,"caption":"Radio Ljubu\u0161ki"},"image":{"@id":"https:\/\/radioljubuski.ba\/#\/schema\/logo\/image\/"},"sameAs":["https:\/\/www.facebook.com\/Radiio-Ljubuski-1490835324566332","https:\/\/x.com\/radioljubuski","https:\/\/hr.linkedin.com\/company\/radio-ljubuski","https:\/\/www.youtube.com\/channel\/UCHYaeO_n0Db3tjNGudGpXyw"]},{"@type":"Person","@id":"https:\/\/radioljubuski.ba\/#\/schema\/person\/19fc700381a780f69665d7956c469e3b","name":"Radio Ljubu\u0161ki"}]}},"_links":{"self":[{"href":"https:\/\/radioljubuski.ba\/index.php\/wp-json\/wp\/v2\/posts\/76490","targetHints":{"allow":["GET"]}}],"collection":[{"href":"https:\/\/radioljubuski.ba\/index.php\/wp-json\/wp\/v2\/posts"}],"about":[{"href":"https:\/\/radioljubuski.ba\/index.php\/wp-json\/wp\/v2\/types\/post"}],"author":[{"embeddable":true,"href":"https:\/\/radioljubuski.ba\/index.php\/wp-json\/wp\/v2\/users\/2"}],"replies":[{"embeddable":true,"href":"https:\/\/radioljubuski.ba\/index.php\/wp-json\/wp\/v2\/comments?post=76490"}],"version-history":[{"count":1,"href":"https:\/\/radioljubuski.ba\/index.php\/wp-json\/wp\/v2\/posts\/76490\/revisions"}],"predecessor-version":[{"id":76491,"href":"https:\/\/radioljubuski.ba\/index.php\/wp-json\/wp\/v2\/posts\/76490\/revisions\/76491"}],"wp:featuredmedia":[{"embeddable":true,"href":"https:\/\/radioljubuski.ba\/index.php\/wp-json\/wp\/v2\/media\/66947"}],"wp:attachment":[{"href":"https:\/\/radioljubuski.ba\/index.php\/wp-json\/wp\/v2\/media?parent=76490"}],"wp:term":[{"taxonomy":"category","embeddable":true,"href":"https:\/\/radioljubuski.ba\/index.php\/wp-json\/wp\/v2\/categories?post=76490"},{"taxonomy":"post_tag","embeddable":true,"href":"https:\/\/radioljubuski.ba\/index.php\/wp-json\/wp\/v2\/tags?post=76490"}],"curies":[{"name":"wp","href":"https:\/\/api.w.org\/{rel}","templated":true}]}}